{"id":85810,"date":"2021-11-06T13:51:06","date_gmt":"2021-11-06T12:51:06","guid":{"rendered":"https:\/\/radioljubuski.ba\/?p=85810"},"modified":"2021-11-06T13:51:06","modified_gmt":"2021-11-06T12:51:06","slug":"postupna-normalizacija-ali-ocekuju-se-nove-kise-vazno-je-da-nema-ljudskih-zrtava","status":"publish","type":"post","link":"https:\/\/radioljubuski.ba\/index.php\/2021\/11\/06\/postupna-normalizacija-ali-ocekuju-se-nove-kise-vazno-je-da-nema-ljudskih-zrtava\/","title":{"rendered":"Postupna normalizacija, ali o\u010dekuju se nove ki\u0161e. Va\u017eno je da nema ljudskih \u017ertava"},"content":{"rendered":"\n<p>Stanje na poplavljenim podru\u010djima u Bosni i Hercegovini danas je ne\u0161to bolje nego ju\u010der kad je voda ugrozila brojna naselja u okolici Sarajeva te u Konjicu i Jablanici. I za danas je izdan crveni meteoalarm jer se o\u010dekuje obilna ki\u0161a pra\u0107ena grmljavinom i povremenim pljuskovima, a plavni val se \u0161iri ka sjeveru zemlje rijekama koje su pritoke Save.<\/p>\n\n\n\n<p>U mnogim dijelovima zemlje promet je potpuno prekinut, otvorila su se brojna klizi\u0161ta, poplavljene su stotine ku\u0107a. Pod vodom su i veliki dijelovi Sarajeva. Op\u0107ina Trnovo potpuno je odsje\u010dena. Najdramati\u010dnije je u sarajevskom naselju Otes, gdje se izlila rijeka \u017deljeznica. Poplavljeno je gotovo cijelo naselje.<\/p>\n\n\n\n<p>Timovi civilne za\u0161tite cijele su no\u0107i izme\u0111u petka i subote iz ku\u0107a evakuirali ugro\u017eene stanovnike rubnih sarajevskih naselja koja gravitiraju rijeci Bosni na dijelu gdje se ona izlila iz korita. Onima koji su ipak odlu\u010dili ostati u ku\u0107ama na gornjim katovima dostavljali su hranu, vodu i lijekove.<\/p>\n\n\n\n<p>Prema informacijama koje su objavili iz \u017eupanijskog sto\u017eera civilne za\u0161tite, samo na podru\u010dju op\u0107ine Ilid\u017ea koja je bila najvi\u0161e ugro\u017eena poplavljeno je najmanje 80 stambenih objekata. Dijelovi Sarajeva bili su bez elektri\u010dne energije cijele no\u0107i jer je voda poplavila neke od trafo stanica.<\/p>\n\n\n\n<p>Tijekom no\u0107i plavni se val \u0161irio rijekom Bosnom \u010diji je vodostaj naglo pove\u0107an pa je prijetilo izlijevanje u Zenici no to se ipak nije dogodilo ali su pripadnici civilne za\u0161tite bili anga\u017eirani na izgradnji dodatnih nasipa i barijera kako bi za\u0161titili naselja. U Doboju je u jutarnjim satima vodostaj Bosne bio ve\u0107i od dva metra dok je u petak bio ispod 30 centimetara.<\/p>\n\n\n\n<p>Agencija za vodno podru\u010dje rijeke Save objavila je kako je vodostaj u jutarnjim satima po\u010deo stagnirati pa ipak ne o\u010dekuju ve\u0107a izlijevanja rijeka iz korita. Materijalne \u0161tete koje su prouzro\u010dile obilne ki\u0161e su velike no nije bilo ljudskih \u017ertava.<\/p>\n\n\n\n<p>Izvor:pogled.ba<\/p>\n","protected":false},"excerpt":{"rendered":"<p>Stanje na poplavljenim podru\u010djima u Bosni i Hercegovini danas je ne\u0161to bolje nego ju\u010der kad je voda ugrozila brojna naselja u okolici Sarajeva te u Konjicu i Jablanici. I za danas je izdan crveni meteoalarm jer se o\u010dekuje obilna ki\u0161a pra\u0107ena grmljavinom i povremenim pljuskovima, a plavni val se \u0161iri ka sjeveru zemlje rijekama koje [&hellip;]<\/p>\n","protected":false},"author":2,"featured_media":85811,"comment_status":"closed","ping_status":"closed","sticky":false,"template":"","format":"standard","meta":{"h5ap_radio_sources":[],"footnotes":""},"categories":[1],"tags":[],"class_list":["post-85810","post","type-post","status-publish","format-standard","has-post-thumbnail","hentry","category-bihiregija"],"yoast_head":"<!-- This site is optimized with the Yoast SEO plugin v27.5 - https:\/\/yoast.com\/product\/yoast-seo-wordpress\/ -->\n<title>Postupna normalizacija, ali o\u010dekuju se nove ki\u0161e. Va\u017eno je da nema ljudskih \u017ertava - RADIO LJUBU\u0160KI<\/title>\n<meta name=\"robots\" content=\"index, follow, max-snippet:-1, max-image-preview:large, max-video-preview:-1\" \/>\n<link rel=\"canonical\" href=\"https:\/\/radioljubuski.ba\/index.php\/2021\/11\/06\/postupna-normalizacija-ali-ocekuju-se-nove-kise-vazno-je-da-nema-ljudskih-zrtava\/\" \/>\n<meta property=\"og:locale\" content=\"hr_HR\" \/>\n<meta property=\"og:type\" content=\"article\" \/>\n<meta property=\"og:title\" content=\"Postupna normalizacija, ali o\u010dekuju se nove ki\u0161e. Va\u017eno je da nema ljudskih \u017ertava - RADIO LJUBU\u0160KI\" \/>\n<meta property=\"og:description\" content=\"Stanje na poplavljenim podru\u010djima u Bosni i Hercegovini danas je ne\u0161to bolje nego ju\u010der kad je voda ugrozila brojna naselja u okolici Sarajeva te u Konjicu i Jablanici. I za danas je izdan crveni meteoalarm jer se o\u010dekuje obilna ki\u0161a pra\u0107ena grmljavinom i povremenim pljuskovima, a plavni val se \u0161iri ka sjeveru zemlje rijekama koje [&hellip;]\" \/>\n<meta property=\"og:url\" content=\"https:\/\/radioljubuski.ba\/index.php\/2021\/11\/06\/postupna-normalizacija-ali-ocekuju-se-nove-kise-vazno-je-da-nema-ljudskih-zrtava\/\" \/>\n<meta property=\"og:site_name\" content=\"RADIO LJUBU\u0160KI\" \/>\n<meta property=\"article:publisher\" content=\"https:\/\/www.facebook.com\/Radiio-Ljubuski-1490835324566332\" \/>\n<meta property=\"article:published_time\" content=\"2021-11-06T12:51:06+00:00\" \/>\n<meta property=\"og:image\" content=\"https:\/\/radioljubuski.ba\/wp-content\/uploads\/2021\/11\/2-2021-07-20-21-08-00-KINA-POPLAVE.jpg\" \/>\n\t<meta property=\"og:image:width\" content=\"1000\" \/>\n\t<meta property=\"og:image:height\" content=\"625\" \/>\n\t<meta property=\"og:image:type\" content=\"image\/jpeg\" \/>\n<meta name=\"author\" content=\"Radio Ljubu\u0161ki\" \/>\n<meta name=\"twitter:card\" content=\"summary_large_image\" \/>\n<meta name=\"twitter:creator\" content=\"@radioljubuski\" \/>\n<meta name=\"twitter:site\" content=\"@radioljubuski\" \/>\n<meta name=\"twitter:label1\" content=\"Napisao\/la\" \/>\n\t<meta name=\"twitter:data1\" content=\"Radio Ljubu\u0161ki\" \/>\n\t<meta name=\"twitter:label2\" content=\"Procijenjeno vrijeme \u010ditanja\" \/>\n\t<meta name=\"twitter:data2\" content=\"2 minute\" \/>\n<script type=\"application\/ld+json\" class=\"yoast-schema-graph\">{\"@context\":\"https:\\\/\\\/schema.org\",\"@graph\":[{\"@type\":\"Article\",\"@id\":\"https:\\\/\\\/radioljubuski.ba\\\/index.php\\\/2021\\\/11\\\/06\\\/postupna-normalizacija-ali-ocekuju-se-nove-kise-vazno-je-da-nema-ljudskih-zrtava\\\/#article\",\"isPartOf\":{\"@id\":\"https:\\\/\\\/radioljubuski.ba\\\/index.php\\\/2021\\\/11\\\/06\\\/postupna-normalizacija-ali-ocekuju-se-nove-kise-vazno-je-da-nema-ljudskih-zrtava\\\/\"},\"author\":{\"name\":\"Radio Ljubu\u0161ki\",\"@id\":\"https:\\\/\\\/radioljubuski.ba\\\/#\\\/schema\\\/person\\\/19fc700381a780f69665d7956c469e3b\"},\"headline\":\"Postupna normalizacija, ali o\u010dekuju se nove ki\u0161e. Va\u017eno je da nema ljudskih \u017ertava\",\"datePublished\":\"2021-11-06T12:51:06+00:00\",\"mainEntityOfPage\":{\"@id\":\"https:\\\/\\\/radioljubuski.ba\\\/index.php\\\/2021\\\/11\\\/06\\\/postupna-normalizacija-ali-ocekuju-se-nove-kise-vazno-je-da-nema-ljudskih-zrtava\\\/\"},\"wordCount\":351,\"publisher\":{\"@id\":\"https:\\\/\\\/radioljubuski.ba\\\/#organization\"},\"image\":{\"@id\":\"https:\\\/\\\/radioljubuski.ba\\\/index.php\\\/2021\\\/11\\\/06\\\/postupna-normalizacija-ali-ocekuju-se-nove-kise-vazno-je-da-nema-ljudskih-zrtava\\\/#primaryimage\"},\"thumbnailUrl\":\"https:\\\/\\\/radioljubuski.ba\\\/wp-content\\\/uploads\\\/2021\\\/11\\\/2-2021-07-20-21-08-00-KINA-POPLAVE.jpg\",\"articleSection\":[\"BIH i regija\"],\"inLanguage\":\"hr\"},{\"@type\":\"WebPage\",\"@id\":\"https:\\\/\\\/radioljubuski.ba\\\/index.php\\\/2021\\\/11\\\/06\\\/postupna-normalizacija-ali-ocekuju-se-nove-kise-vazno-je-da-nema-ljudskih-zrtava\\\/\",\"url\":\"https:\\\/\\\/radioljubuski.ba\\\/index.php\\\/2021\\\/11\\\/06\\\/postupna-normalizacija-ali-ocekuju-se-nove-kise-vazno-je-da-nema-ljudskih-zrtava\\\/\",\"name\":\"Postupna normalizacija, ali o\u010dekuju se nove ki\u0161e. Va\u017eno je da nema ljudskih \u017ertava - RADIO LJUBU\u0160KI\",\"isPartOf\":{\"@id\":\"https:\\\/\\\/radioljubuski.ba\\\/#website\"},\"primaryImageOfPage\":{\"@id\":\"https:\\\/\\\/radioljubuski.ba\\\/index.php\\\/2021\\\/11\\\/06\\\/postupna-normalizacija-ali-ocekuju-se-nove-kise-vazno-je-da-nema-ljudskih-zrtava\\\/#primaryimage\"},\"image\":{\"@id\":\"https:\\\/\\\/radioljubuski.ba\\\/index.php\\\/2021\\\/11\\\/06\\\/postupna-normalizacija-ali-ocekuju-se-nove-kise-vazno-je-da-nema-ljudskih-zrtava\\\/#primaryimage\"},\"thumbnailUrl\":\"https:\\\/\\\/radioljubuski.ba\\\/wp-content\\\/uploads\\\/2021\\\/11\\\/2-2021-07-20-21-08-00-KINA-POPLAVE.jpg\",\"datePublished\":\"2021-11-06T12:51:06+00:00\",\"breadcrumb\":{\"@id\":\"https:\\\/\\\/radioljubuski.ba\\\/index.php\\\/2021\\\/11\\\/06\\\/postupna-normalizacija-ali-ocekuju-se-nove-kise-vazno-je-da-nema-ljudskih-zrtava\\\/#breadcrumb\"},\"inLanguage\":\"hr\",\"potentialAction\":[{\"@type\":\"ReadAction\",\"target\":[\"https:\\\/\\\/radioljubuski.ba\\\/index.php\\\/2021\\\/11\\\/06\\\/postupna-normalizacija-ali-ocekuju-se-nove-kise-vazno-je-da-nema-ljudskih-zrtava\\\/\"]}]},{\"@type\":\"ImageObject\",\"inLanguage\":\"hr\",\"@id\":\"https:\\\/\\\/radioljubuski.ba\\\/index.php\\\/2021\\\/11\\\/06\\\/postupna-normalizacija-ali-ocekuju-se-nove-kise-vazno-je-da-nema-ljudskih-zrtava\\\/#primaryimage\",\"url\":\"https:\\\/\\\/radioljubuski.ba\\\/wp-content\\\/uploads\\\/2021\\\/11\\\/2-2021-07-20-21-08-00-KINA-POPLAVE.jpg\",\"contentUrl\":\"https:\\\/\\\/radioljubuski.ba\\\/wp-content\\\/uploads\\\/2021\\\/11\\\/2-2021-07-20-21-08-00-KINA-POPLAVE.jpg\",\"width\":1000,\"height\":625},{\"@type\":\"BreadcrumbList\",\"@id\":\"https:\\\/\\\/radioljubuski.ba\\\/index.php\\\/2021\\\/11\\\/06\\\/postupna-normalizacija-ali-ocekuju-se-nove-kise-vazno-je-da-nema-ljudskih-zrtava\\\/#breadcrumb\",\"itemListElement\":[{\"@type\":\"ListItem\",\"position\":1,\"name\":\"Po\u010detna stranica\",\"item\":\"https:\\\/\\\/radioljubuski.ba\\\/\"},{\"@type\":\"ListItem\",\"position\":2,\"name\":\"Postupna normalizacija, ali o\u010dekuju se nove ki\u0161e. Va\u017eno je da nema ljudskih \u017ertava\"}]},{\"@type\":\"WebSite\",\"@id\":\"https:\\\/\\\/radioljubuski.ba\\\/#website\",\"url\":\"https:\\\/\\\/radioljubuski.ba\\\/\",\"name\":\"Radio Ljubu\u0161ki\",\"description\":\"Sun\u010dana frekvencija Hercegovine\",\"publisher\":{\"@id\":\"https:\\\/\\\/radioljubuski.ba\\\/#organization\"},\"potentialAction\":[{\"@type\":\"SearchAction\",\"target\":{\"@type\":\"EntryPoint\",\"urlTemplate\":\"https:\\\/\\\/radioljubuski.ba\\\/?s={search_term_string}\"},\"query-input\":{\"@type\":\"PropertyValueSpecification\",\"valueRequired\":true,\"valueName\":\"search_term_string\"}}],\"inLanguage\":\"hr\"},{\"@type\":\"Organization\",\"@id\":\"https:\\\/\\\/radioljubuski.ba\\\/#organization\",\"name\":\"Radio Ljubu\u0161ki\",\"url\":\"https:\\\/\\\/radioljubuski.ba\\\/\",\"logo\":{\"@type\":\"ImageObject\",\"inLanguage\":\"hr\",\"@id\":\"https:\\\/\\\/radioljubuski.ba\\\/#\\\/schema\\\/logo\\\/image\\\/\",\"url\":\"https:\\\/\\\/radioljubuski.ba\\\/wp-content\\\/uploads\\\/2021\\\/02\\\/cropped-Radio_Ljubuski_logo1.jpg\",\"contentUrl\":\"https:\\\/\\\/radioljubuski.ba\\\/wp-content\\\/uploads\\\/2021\\\/02\\\/cropped-Radio_Ljubuski_logo1.jpg\",\"width\":512,\"height\":512,\"caption\":\"Radio Ljubu\u0161ki\"},\"image\":{\"@id\":\"https:\\\/\\\/radioljubuski.ba\\\/#\\\/schema\\\/logo\\\/image\\\/\"},\"sameAs\":[\"https:\\\/\\\/www.facebook.com\\\/Radiio-Ljubuski-1490835324566332\",\"https:\\\/\\\/x.com\\\/radioljubuski\",\"https:\\\/\\\/hr.linkedin.com\\\/company\\\/radio-ljubuski\",\"https:\\\/\\\/www.youtube.com\\\/channel\\\/UCHYaeO_n0Db3tjNGudGpXyw\"]},{\"@type\":\"Person\",\"@id\":\"https:\\\/\\\/radioljubuski.ba\\\/#\\\/schema\\\/person\\\/19fc700381a780f69665d7956c469e3b\",\"name\":\"Radio Ljubu\u0161ki\"}]}<\/script>\n<!-- \/ Yoast SEO plugin. -->","yoast_head_json":{"title":"Postupna normalizacija, ali o\u010dekuju se nove ki\u0161e. Va\u017eno je da nema ljudskih \u017ertava - RADIO LJUBU\u0160KI","robots":{"index":"index","follow":"follow","max-snippet":"max-snippet:-1","max-image-preview":"max-image-preview:large","max-video-preview":"max-video-preview:-1"},"canonical":"https:\/\/radioljubuski.ba\/index.php\/2021\/11\/06\/postupna-normalizacija-ali-ocekuju-se-nove-kise-vazno-je-da-nema-ljudskih-zrtava\/","og_locale":"hr_HR","og_type":"article","og_title":"Postupna normalizacija, ali o\u010dekuju se nove ki\u0161e. Va\u017eno je da nema ljudskih \u017ertava - RADIO LJUBU\u0160KI","og_description":"Stanje na poplavljenim podru\u010djima u Bosni i Hercegovini danas je ne\u0161to bolje nego ju\u010der kad je voda ugrozila brojna naselja u okolici Sarajeva te u Konjicu i Jablanici. I za danas je izdan crveni meteoalarm jer se o\u010dekuje obilna ki\u0161a pra\u0107ena grmljavinom i povremenim pljuskovima, a plavni val se \u0161iri ka sjeveru zemlje rijekama koje [&hellip;]","og_url":"https:\/\/radioljubuski.ba\/index.php\/2021\/11\/06\/postupna-normalizacija-ali-ocekuju-se-nove-kise-vazno-je-da-nema-ljudskih-zrtava\/","og_site_name":"RADIO LJUBU\u0160KI","article_publisher":"https:\/\/www.facebook.com\/Radiio-Ljubuski-1490835324566332","article_published_time":"2021-11-06T12:51:06+00:00","og_image":[{"width":1000,"height":625,"url":"https:\/\/radioljubuski.ba\/wp-content\/uploads\/2021\/11\/2-2021-07-20-21-08-00-KINA-POPLAVE.jpg","type":"image\/jpeg"}],"author":"Radio Ljubu\u0161ki","twitter_card":"summary_large_image","twitter_creator":"@radioljubuski","twitter_site":"@radioljubuski","twitter_misc":{"Napisao\/la":"Radio Ljubu\u0161ki","Procijenjeno vrijeme \u010ditanja":"2 minute"},"schema":{"@context":"https:\/\/schema.org","@graph":[{"@type":"Article","@id":"https:\/\/radioljubuski.ba\/index.php\/2021\/11\/06\/postupna-normalizacija-ali-ocekuju-se-nove-kise-vazno-je-da-nema-ljudskih-zrtava\/#article","isPartOf":{"@id":"https:\/\/radioljubuski.ba\/index.php\/2021\/11\/06\/postupna-normalizacija-ali-ocekuju-se-nove-kise-vazno-je-da-nema-ljudskih-zrtava\/"},"author":{"name":"Radio Ljubu\u0161ki","@id":"https:\/\/radioljubuski.ba\/#\/schema\/person\/19fc700381a780f69665d7956c469e3b"},"headline":"Postupna normalizacija, ali o\u010dekuju se nove ki\u0161e. Va\u017eno je da nema ljudskih \u017ertava","datePublished":"2021-11-06T12:51:06+00:00","mainEntityOfPage":{"@id":"https:\/\/radioljubuski.ba\/index.php\/2021\/11\/06\/postupna-normalizacija-ali-ocekuju-se-nove-kise-vazno-je-da-nema-ljudskih-zrtava\/"},"wordCount":351,"publisher":{"@id":"https:\/\/radioljubuski.ba\/#organization"},"image":{"@id":"https:\/\/radioljubuski.ba\/index.php\/2021\/11\/06\/postupna-normalizacija-ali-ocekuju-se-nove-kise-vazno-je-da-nema-ljudskih-zrtava\/#primaryimage"},"thumbnailUrl":"https:\/\/radioljubuski.ba\/wp-content\/uploads\/2021\/11\/2-2021-07-20-21-08-00-KINA-POPLAVE.jpg","articleSection":["BIH i regija"],"inLanguage":"hr"},{"@type":"WebPage","@id":"https:\/\/radioljubuski.ba\/index.php\/2021\/11\/06\/postupna-normalizacija-ali-ocekuju-se-nove-kise-vazno-je-da-nema-ljudskih-zrtava\/","url":"https:\/\/radioljubuski.ba\/index.php\/2021\/11\/06\/postupna-normalizacija-ali-ocekuju-se-nove-kise-vazno-je-da-nema-ljudskih-zrtava\/","name":"Postupna normalizacija, ali o\u010dekuju se nove ki\u0161e. Va\u017eno je da nema ljudskih \u017ertava - RADIO LJUBU\u0160KI","isPartOf":{"@id":"https:\/\/radioljubuski.ba\/#website"},"primaryImageOfPage":{"@id":"https:\/\/radioljubuski.ba\/index.php\/2021\/11\/06\/postupna-normalizacija-ali-ocekuju-se-nove-kise-vazno-je-da-nema-ljudskih-zrtava\/#primaryimage"},"image":{"@id":"https:\/\/radioljubuski.ba\/index.php\/2021\/11\/06\/postupna-normalizacija-ali-ocekuju-se-nove-kise-vazno-je-da-nema-ljudskih-zrtava\/#primaryimage"},"thumbnailUrl":"https:\/\/radioljubuski.ba\/wp-content\/uploads\/2021\/11\/2-2021-07-20-21-08-00-KINA-POPLAVE.jpg","datePublished":"2021-11-06T12:51:06+00:00","breadcrumb":{"@id":"https:\/\/radioljubuski.ba\/index.php\/2021\/11\/06\/postupna-normalizacija-ali-ocekuju-se-nove-kise-vazno-je-da-nema-ljudskih-zrtava\/#breadcrumb"},"inLanguage":"hr","potentialAction":[{"@type":"ReadAction","target":["https:\/\/radioljubuski.ba\/index.php\/2021\/11\/06\/postupna-normalizacija-ali-ocekuju-se-nove-kise-vazno-je-da-nema-ljudskih-zrtava\/"]}]},{"@type":"ImageObject","inLanguage":"hr","@id":"https:\/\/radioljubuski.ba\/index.php\/2021\/11\/06\/postupna-normalizacija-ali-ocekuju-se-nove-kise-vazno-je-da-nema-ljudskih-zrtava\/#primaryimage","url":"https:\/\/radioljubuski.ba\/wp-content\/uploads\/2021\/11\/2-2021-07-20-21-08-00-KINA-POPLAVE.jpg","contentUrl":"https:\/\/radioljubuski.ba\/wp-content\/uploads\/2021\/11\/2-2021-07-20-21-08-00-KINA-POPLAVE.jpg","width":1000,"height":625},{"@type":"BreadcrumbList","@id":"https:\/\/radioljubuski.ba\/index.php\/2021\/11\/06\/postupna-normalizacija-ali-ocekuju-se-nove-kise-vazno-je-da-nema-ljudskih-zrtava\/#breadcrumb","itemListElement":[{"@type":"ListItem","position":1,"name":"Po\u010detna stranica","item":"https:\/\/radioljubuski.ba\/"},{"@type":"ListItem","position":2,"name":"Postupna normalizacija, ali o\u010dekuju se nove ki\u0161e. Va\u017eno je da nema ljudskih \u017ertava"}]},{"@type":"WebSite","@id":"https:\/\/radioljubuski.ba\/#website","url":"https:\/\/radioljubuski.ba\/","name":"Radio Ljubu\u0161ki","description":"Sun\u010dana frekvencija Hercegovine","publisher":{"@id":"https:\/\/radioljubuski.ba\/#organization"},"potentialAction":[{"@type":"SearchAction","target":{"@type":"EntryPoint","urlTemplate":"https:\/\/radioljubuski.ba\/?s={search_term_string}"},"query-input":{"@type":"PropertyValueSpecification","valueRequired":true,"valueName":"search_term_string"}}],"inLanguage":"hr"},{"@type":"Organization","@id":"https:\/\/radioljubuski.ba\/#organization","name":"Radio Ljubu\u0161ki","url":"https:\/\/radioljubuski.ba\/","logo":{"@type":"ImageObject","inLanguage":"hr","@id":"https:\/\/radioljubuski.ba\/#\/schema\/logo\/image\/","url":"https:\/\/radioljubuski.ba\/wp-content\/uploads\/2021\/02\/cropped-Radio_Ljubuski_logo1.jpg","contentUrl":"https:\/\/radioljubuski.ba\/wp-content\/uploads\/2021\/02\/cropped-Radio_Ljubuski_logo1.jpg","width":512,"height":512,"caption":"Radio Ljubu\u0161ki"},"image":{"@id":"https:\/\/radioljubuski.ba\/#\/schema\/logo\/image\/"},"sameAs":["https:\/\/www.facebook.com\/Radiio-Ljubuski-1490835324566332","https:\/\/x.com\/radioljubuski","https:\/\/hr.linkedin.com\/company\/radio-ljubuski","https:\/\/www.youtube.com\/channel\/UCHYaeO_n0Db3tjNGudGpXyw"]},{"@type":"Person","@id":"https:\/\/radioljubuski.ba\/#\/schema\/person\/19fc700381a780f69665d7956c469e3b","name":"Radio Ljubu\u0161ki"}]}},"_links":{"self":[{"href":"https:\/\/radioljubuski.ba\/index.php\/wp-json\/wp\/v2\/posts\/85810","targetHints":{"allow":["GET"]}}],"collection":[{"href":"https:\/\/radioljubuski.ba\/index.php\/wp-json\/wp\/v2\/posts"}],"about":[{"href":"https:\/\/radioljubuski.ba\/index.php\/wp-json\/wp\/v2\/types\/post"}],"author":[{"embeddable":true,"href":"https:\/\/radioljubuski.ba\/index.php\/wp-json\/wp\/v2\/users\/2"}],"replies":[{"embeddable":true,"href":"https:\/\/radioljubuski.ba\/index.php\/wp-json\/wp\/v2\/comments?post=85810"}],"version-history":[{"count":1,"href":"https:\/\/radioljubuski.ba\/index.php\/wp-json\/wp\/v2\/posts\/85810\/revisions"}],"predecessor-version":[{"id":85812,"href":"https:\/\/radioljubuski.ba\/index.php\/wp-json\/wp\/v2\/posts\/85810\/revisions\/85812"}],"wp:featuredmedia":[{"embeddable":true,"href":"https:\/\/radioljubuski.ba\/index.php\/wp-json\/wp\/v2\/media\/85811"}],"wp:attachment":[{"href":"https:\/\/radioljubuski.ba\/index.php\/wp-json\/wp\/v2\/media?parent=85810"}],"wp:term":[{"taxonomy":"category","embeddable":true,"href":"https:\/\/radioljubuski.ba\/index.php\/wp-json\/wp\/v2\/categories?post=85810"},{"taxonomy":"post_tag","embeddable":true,"href":"https:\/\/radioljubuski.ba\/index.php\/wp-json\/wp\/v2\/tags?post=85810"}],"curies":[{"name":"wp","href":"https:\/\/api.w.org\/{rel}","templated":true}]}}