{"id":85844,"date":"2021-11-06T17:36:56","date_gmt":"2021-11-06T16:36:56","guid":{"rendered":"https:\/\/radioljubuski.ba\/?p=85844"},"modified":"2021-11-06T17:36:57","modified_gmt":"2021-11-06T16:36:57","slug":"upozorenje-fucz-voda-nakon-poplava-u-naselja-donijela-mine-i-bombe","status":"publish","type":"post","link":"https:\/\/radioljubuski.ba\/index.php\/2021\/11\/06\/upozorenje-fucz-voda-nakon-poplava-u-naselja-donijela-mine-i-bombe\/","title":{"rendered":"Upozorenje FUCZ: Voda nakon poplava u naselja donijela mine i bombe"},"content":{"rendered":"\n<p>Poslije povla\u010denja vode sa poplavljenih povr\u0161ina pove\u0107an je rizik od pronalaska neeksplodiranih ubojnih sredstava koje su bujice donijele u naseljena podru\u010dja.<\/p>\n\n\n\n<p>Ju\u010der su timovi za uklanjanje eksplozivnih sredstava Federalne uprave civilne za\u0161tite intervenirali u tri navrata nakon pronalaska neeksplodiranih ubojnih sredstava koja je voda donijela u naselja, a o\u010dekuje se da \u0107e ih u narednim danima biti jo\u0161. Zbog toga upozoravamo gra\u0111ane da ukoliko uo\u010de sumnjiv predmet koji bi mogao biti neeksplodirano ubojno sredstvo isti ne diraju ili pomjeraju ve\u0107 da ga vidljivo obilje\u017ee i obavijeste Operativni centar civilne za\u0161tite na broj 121 ili nadle\u017enu policijsku stanicu putem telefona broj 122, priop\u0107eno je danas iz FUCZ-a.<\/p>\n\n\n\n<p>Nakon povla\u010denja vode sa poplavljenih povr\u0161ina pove\u0107an je rizik od pronalaska neeksplodiranih ubojnih sredstava koje su bujice donijele u naseljena podru\u010dja. Ova sredstva mogu\u0107e je prona\u0107i ne samo na obalama i u blizini rijeka i potoka, ve\u0107 i u slivnicima, \u0161ahtovima, podrumskim prostorijama poplavljenih objekata i sli\u010dno.<\/p>\n\n\n\n<p>Timovi za uklanjenje eksplozivnih sredstava Federalne uprave civilne za\u0161tite su u pripravnosti i spremni su da uklone opasnost koju na poplavljenim podru\u010djuma mogu predstavljati neeksplodirana ubojna sredstva, navode iz FUCZ-a danas.<\/p>\n\n\n\n<p>Izvor:pogled.ba<\/p>\n","protected":false},"excerpt":{"rendered":"<p>Poslije povla\u010denja vode sa poplavljenih povr\u0161ina pove\u0107an je rizik od pronalaska neeksplodiranih ubojnih sredstava koje su bujice donijele u naseljena podru\u010dja. Ju\u010der su timovi za uklanjanje eksplozivnih sredstava Federalne uprave civilne za\u0161tite intervenirali u tri navrata nakon pronalaska neeksplodiranih ubojnih sredstava koja je voda donijela u naselja, a o\u010dekuje se da \u0107e ih u narednim [&hellip;]<\/p>\n","protected":false},"author":2,"featured_media":85845,"comment_status":"closed","ping_status":"closed","sticky":false,"template":"","format":"standard","meta":{"h5ap_radio_sources":[],"footnotes":""},"categories":[1],"tags":[],"class_list":["post-85844","post","type-post","status-publish","format-standard","has-post-thumbnail","hentry","category-bihiregija"],"yoast_head":"<!-- This site is optimized with the Yoast SEO plugin v27.5 - https:\/\/yoast.com\/product\/yoast-seo-wordpress\/ -->\n<title>Upozorenje FUCZ: Voda nakon poplava u naselja donijela mine i bombe - RADIO LJUBU\u0160KI<\/title>\n<meta name=\"robots\" content=\"index, follow, max-snippet:-1, max-image-preview:large, max-video-preview:-1\" \/>\n<link rel=\"canonical\" href=\"https:\/\/radioljubuski.ba\/index.php\/2021\/11\/06\/upozorenje-fucz-voda-nakon-poplava-u-naselja-donijela-mine-i-bombe\/\" \/>\n<meta property=\"og:locale\" content=\"hr_HR\" \/>\n<meta property=\"og:type\" content=\"article\" \/>\n<meta property=\"og:title\" content=\"Upozorenje FUCZ: Voda nakon poplava u naselja donijela mine i bombe - RADIO LJUBU\u0160KI\" \/>\n<meta property=\"og:description\" content=\"Poslije povla\u010denja vode sa poplavljenih povr\u0161ina pove\u0107an je rizik od pronalaska neeksplodiranih ubojnih sredstava koje su bujice donijele u naseljena podru\u010dja. Ju\u010der su timovi za uklanjanje eksplozivnih sredstava Federalne uprave civilne za\u0161tite intervenirali u tri navrata nakon pronalaska neeksplodiranih ubojnih sredstava koja je voda donijela u naselja, a o\u010dekuje se da \u0107e ih u narednim [&hellip;]\" \/>\n<meta property=\"og:url\" content=\"https:\/\/radioljubuski.ba\/index.php\/2021\/11\/06\/upozorenje-fucz-voda-nakon-poplava-u-naselja-donijela-mine-i-bombe\/\" \/>\n<meta property=\"og:site_name\" content=\"RADIO LJUBU\u0160KI\" \/>\n<meta property=\"article:publisher\" content=\"https:\/\/www.facebook.com\/Radiio-Ljubuski-1490835324566332\" \/>\n<meta property=\"article:published_time\" content=\"2021-11-06T16:36:56+00:00\" \/>\n<meta property=\"article:modified_time\" content=\"2021-11-06T16:36:57+00:00\" \/>\n<meta property=\"og:image\" content=\"https:\/\/radioljubuski.ba\/wp-content\/uploads\/2021\/11\/8-2021-11-06-15-46-47-FUCZ.jpg\" \/>\n\t<meta property=\"og:image:width\" content=\"1000\" \/>\n\t<meta property=\"og:image:height\" content=\"625\" \/>\n\t<meta property=\"og:image:type\" content=\"image\/jpeg\" \/>\n<meta name=\"author\" content=\"Radio Ljubu\u0161ki\" \/>\n<meta name=\"twitter:card\" content=\"summary_large_image\" \/>\n<meta name=\"twitter:creator\" content=\"@radioljubuski\" \/>\n<meta name=\"twitter:site\" content=\"@radioljubuski\" \/>\n<meta name=\"twitter:label1\" content=\"Napisao\/la\" \/>\n\t<meta name=\"twitter:data1\" content=\"Radio Ljubu\u0161ki\" \/>\n\t<meta name=\"twitter:label2\" content=\"Procijenjeno vrijeme \u010ditanja\" \/>\n\t<meta name=\"twitter:data2\" content=\"1 minuta\" \/>\n<script type=\"application\/ld+json\" class=\"yoast-schema-graph\">{\"@context\":\"https:\\\/\\\/schema.org\",\"@graph\":[{\"@type\":\"Article\",\"@id\":\"https:\\\/\\\/radioljubuski.ba\\\/index.php\\\/2021\\\/11\\\/06\\\/upozorenje-fucz-voda-nakon-poplava-u-naselja-donijela-mine-i-bombe\\\/#article\",\"isPartOf\":{\"@id\":\"https:\\\/\\\/radioljubuski.ba\\\/index.php\\\/2021\\\/11\\\/06\\\/upozorenje-fucz-voda-nakon-poplava-u-naselja-donijela-mine-i-bombe\\\/\"},\"author\":{\"name\":\"Radio Ljubu\u0161ki\",\"@id\":\"https:\\\/\\\/radioljubuski.ba\\\/#\\\/schema\\\/person\\\/19fc700381a780f69665d7956c469e3b\"},\"headline\":\"Upozorenje FUCZ: Voda nakon poplava u naselja donijela mine i bombe\",\"datePublished\":\"2021-11-06T16:36:56+00:00\",\"dateModified\":\"2021-11-06T16:36:57+00:00\",\"mainEntityOfPage\":{\"@id\":\"https:\\\/\\\/radioljubuski.ba\\\/index.php\\\/2021\\\/11\\\/06\\\/upozorenje-fucz-voda-nakon-poplava-u-naselja-donijela-mine-i-bombe\\\/\"},\"wordCount\":218,\"publisher\":{\"@id\":\"https:\\\/\\\/radioljubuski.ba\\\/#organization\"},\"image\":{\"@id\":\"https:\\\/\\\/radioljubuski.ba\\\/index.php\\\/2021\\\/11\\\/06\\\/upozorenje-fucz-voda-nakon-poplava-u-naselja-donijela-mine-i-bombe\\\/#primaryimage\"},\"thumbnailUrl\":\"https:\\\/\\\/radioljubuski.ba\\\/wp-content\\\/uploads\\\/2021\\\/11\\\/8-2021-11-06-15-46-47-FUCZ.jpg\",\"articleSection\":[\"BIH i regija\"],\"inLanguage\":\"hr\"},{\"@type\":\"WebPage\",\"@id\":\"https:\\\/\\\/radioljubuski.ba\\\/index.php\\\/2021\\\/11\\\/06\\\/upozorenje-fucz-voda-nakon-poplava-u-naselja-donijela-mine-i-bombe\\\/\",\"url\":\"https:\\\/\\\/radioljubuski.ba\\\/index.php\\\/2021\\\/11\\\/06\\\/upozorenje-fucz-voda-nakon-poplava-u-naselja-donijela-mine-i-bombe\\\/\",\"name\":\"Upozorenje FUCZ: Voda nakon poplava u naselja donijela mine i bombe - RADIO LJUBU\u0160KI\",\"isPartOf\":{\"@id\":\"https:\\\/\\\/radioljubuski.ba\\\/#website\"},\"primaryImageOfPage\":{\"@id\":\"https:\\\/\\\/radioljubuski.ba\\\/index.php\\\/2021\\\/11\\\/06\\\/upozorenje-fucz-voda-nakon-poplava-u-naselja-donijela-mine-i-bombe\\\/#primaryimage\"},\"image\":{\"@id\":\"https:\\\/\\\/radioljubuski.ba\\\/index.php\\\/2021\\\/11\\\/06\\\/upozorenje-fucz-voda-nakon-poplava-u-naselja-donijela-mine-i-bombe\\\/#primaryimage\"},\"thumbnailUrl\":\"https:\\\/\\\/radioljubuski.ba\\\/wp-content\\\/uploads\\\/2021\\\/11\\\/8-2021-11-06-15-46-47-FUCZ.jpg\",\"datePublished\":\"2021-11-06T16:36:56+00:00\",\"dateModified\":\"2021-11-06T16:36:57+00:00\",\"breadcrumb\":{\"@id\":\"https:\\\/\\\/radioljubuski.ba\\\/index.php\\\/2021\\\/11\\\/06\\\/upozorenje-fucz-voda-nakon-poplava-u-naselja-donijela-mine-i-bombe\\\/#breadcrumb\"},\"inLanguage\":\"hr\",\"potentialAction\":[{\"@type\":\"ReadAction\",\"target\":[\"https:\\\/\\\/radioljubuski.ba\\\/index.php\\\/2021\\\/11\\\/06\\\/upozorenje-fucz-voda-nakon-poplava-u-naselja-donijela-mine-i-bombe\\\/\"]}]},{\"@type\":\"ImageObject\",\"inLanguage\":\"hr\",\"@id\":\"https:\\\/\\\/radioljubuski.ba\\\/index.php\\\/2021\\\/11\\\/06\\\/upozorenje-fucz-voda-nakon-poplava-u-naselja-donijela-mine-i-bombe\\\/#primaryimage\",\"url\":\"https:\\\/\\\/radioljubuski.ba\\\/wp-content\\\/uploads\\\/2021\\\/11\\\/8-2021-11-06-15-46-47-FUCZ.jpg\",\"contentUrl\":\"https:\\\/\\\/radioljubuski.ba\\\/wp-content\\\/uploads\\\/2021\\\/11\\\/8-2021-11-06-15-46-47-FUCZ.jpg\",\"width\":1000,\"height\":625},{\"@type\":\"BreadcrumbList\",\"@id\":\"https:\\\/\\\/radioljubuski.ba\\\/index.php\\\/2021\\\/11\\\/06\\\/upozorenje-fucz-voda-nakon-poplava-u-naselja-donijela-mine-i-bombe\\\/#breadcrumb\",\"itemListElement\":[{\"@type\":\"ListItem\",\"position\":1,\"name\":\"Po\u010detna stranica\",\"item\":\"https:\\\/\\\/radioljubuski.ba\\\/\"},{\"@type\":\"ListItem\",\"position\":2,\"name\":\"Upozorenje FUCZ: Voda nakon poplava u naselja donijela mine i bombe\"}]},{\"@type\":\"WebSite\",\"@id\":\"https:\\\/\\\/radioljubuski.ba\\\/#website\",\"url\":\"https:\\\/\\\/radioljubuski.ba\\\/\",\"name\":\"Radio Ljubu\u0161ki\",\"description\":\"Sun\u010dana frekvencija Hercegovine\",\"publisher\":{\"@id\":\"https:\\\/\\\/radioljubuski.ba\\\/#organization\"},\"potentialAction\":[{\"@type\":\"SearchAction\",\"target\":{\"@type\":\"EntryPoint\",\"urlTemplate\":\"https:\\\/\\\/radioljubuski.ba\\\/?s={search_term_string}\"},\"query-input\":{\"@type\":\"PropertyValueSpecification\",\"valueRequired\":true,\"valueName\":\"search_term_string\"}}],\"inLanguage\":\"hr\"},{\"@type\":\"Organization\",\"@id\":\"https:\\\/\\\/radioljubuski.ba\\\/#organization\",\"name\":\"Radio Ljubu\u0161ki\",\"url\":\"https:\\\/\\\/radioljubuski.ba\\\/\",\"logo\":{\"@type\":\"ImageObject\",\"inLanguage\":\"hr\",\"@id\":\"https:\\\/\\\/radioljubuski.ba\\\/#\\\/schema\\\/logo\\\/image\\\/\",\"url\":\"https:\\\/\\\/radioljubuski.ba\\\/wp-content\\\/uploads\\\/2021\\\/02\\\/cropped-Radio_Ljubuski_logo1.jpg\",\"contentUrl\":\"https:\\\/\\\/radioljubuski.ba\\\/wp-content\\\/uploads\\\/2021\\\/02\\\/cropped-Radio_Ljubuski_logo1.jpg\",\"width\":512,\"height\":512,\"caption\":\"Radio Ljubu\u0161ki\"},\"image\":{\"@id\":\"https:\\\/\\\/radioljubuski.ba\\\/#\\\/schema\\\/logo\\\/image\\\/\"},\"sameAs\":[\"https:\\\/\\\/www.facebook.com\\\/Radiio-Ljubuski-1490835324566332\",\"https:\\\/\\\/x.com\\\/radioljubuski\",\"https:\\\/\\\/hr.linkedin.com\\\/company\\\/radio-ljubuski\",\"https:\\\/\\\/www.youtube.com\\\/channel\\\/UCHYaeO_n0Db3tjNGudGpXyw\"]},{\"@type\":\"Person\",\"@id\":\"https:\\\/\\\/radioljubuski.ba\\\/#\\\/schema\\\/person\\\/19fc700381a780f69665d7956c469e3b\",\"name\":\"Radio Ljubu\u0161ki\"}]}<\/script>\n<!-- \/ Yoast SEO plugin. -->","yoast_head_json":{"title":"Upozorenje FUCZ: Voda nakon poplava u naselja donijela mine i bombe - RADIO LJUBU\u0160KI","robots":{"index":"index","follow":"follow","max-snippet":"max-snippet:-1","max-image-preview":"max-image-preview:large","max-video-preview":"max-video-preview:-1"},"canonical":"https:\/\/radioljubuski.ba\/index.php\/2021\/11\/06\/upozorenje-fucz-voda-nakon-poplava-u-naselja-donijela-mine-i-bombe\/","og_locale":"hr_HR","og_type":"article","og_title":"Upozorenje FUCZ: Voda nakon poplava u naselja donijela mine i bombe - RADIO LJUBU\u0160KI","og_description":"Poslije povla\u010denja vode sa poplavljenih povr\u0161ina pove\u0107an je rizik od pronalaska neeksplodiranih ubojnih sredstava koje su bujice donijele u naseljena podru\u010dja. Ju\u010der su timovi za uklanjanje eksplozivnih sredstava Federalne uprave civilne za\u0161tite intervenirali u tri navrata nakon pronalaska neeksplodiranih ubojnih sredstava koja je voda donijela u naselja, a o\u010dekuje se da \u0107e ih u narednim [&hellip;]","og_url":"https:\/\/radioljubuski.ba\/index.php\/2021\/11\/06\/upozorenje-fucz-voda-nakon-poplava-u-naselja-donijela-mine-i-bombe\/","og_site_name":"RADIO LJUBU\u0160KI","article_publisher":"https:\/\/www.facebook.com\/Radiio-Ljubuski-1490835324566332","article_published_time":"2021-11-06T16:36:56+00:00","article_modified_time":"2021-11-06T16:36:57+00:00","og_image":[{"width":1000,"height":625,"url":"https:\/\/radioljubuski.ba\/wp-content\/uploads\/2021\/11\/8-2021-11-06-15-46-47-FUCZ.jpg","type":"image\/jpeg"}],"author":"Radio Ljubu\u0161ki","twitter_card":"summary_large_image","twitter_creator":"@radioljubuski","twitter_site":"@radioljubuski","twitter_misc":{"Napisao\/la":"Radio Ljubu\u0161ki","Procijenjeno vrijeme \u010ditanja":"1 minuta"},"schema":{"@context":"https:\/\/schema.org","@graph":[{"@type":"Article","@id":"https:\/\/radioljubuski.ba\/index.php\/2021\/11\/06\/upozorenje-fucz-voda-nakon-poplava-u-naselja-donijela-mine-i-bombe\/#article","isPartOf":{"@id":"https:\/\/radioljubuski.ba\/index.php\/2021\/11\/06\/upozorenje-fucz-voda-nakon-poplava-u-naselja-donijela-mine-i-bombe\/"},"author":{"name":"Radio Ljubu\u0161ki","@id":"https:\/\/radioljubuski.ba\/#\/schema\/person\/19fc700381a780f69665d7956c469e3b"},"headline":"Upozorenje FUCZ: Voda nakon poplava u naselja donijela mine i bombe","datePublished":"2021-11-06T16:36:56+00:00","dateModified":"2021-11-06T16:36:57+00:00","mainEntityOfPage":{"@id":"https:\/\/radioljubuski.ba\/index.php\/2021\/11\/06\/upozorenje-fucz-voda-nakon-poplava-u-naselja-donijela-mine-i-bombe\/"},"wordCount":218,"publisher":{"@id":"https:\/\/radioljubuski.ba\/#organization"},"image":{"@id":"https:\/\/radioljubuski.ba\/index.php\/2021\/11\/06\/upozorenje-fucz-voda-nakon-poplava-u-naselja-donijela-mine-i-bombe\/#primaryimage"},"thumbnailUrl":"https:\/\/radioljubuski.ba\/wp-content\/uploads\/2021\/11\/8-2021-11-06-15-46-47-FUCZ.jpg","articleSection":["BIH i regija"],"inLanguage":"hr"},{"@type":"WebPage","@id":"https:\/\/radioljubuski.ba\/index.php\/2021\/11\/06\/upozorenje-fucz-voda-nakon-poplava-u-naselja-donijela-mine-i-bombe\/","url":"https:\/\/radioljubuski.ba\/index.php\/2021\/11\/06\/upozorenje-fucz-voda-nakon-poplava-u-naselja-donijela-mine-i-bombe\/","name":"Upozorenje FUCZ: Voda nakon poplava u naselja donijela mine i bombe - RADIO LJUBU\u0160KI","isPartOf":{"@id":"https:\/\/radioljubuski.ba\/#website"},"primaryImageOfPage":{"@id":"https:\/\/radioljubuski.ba\/index.php\/2021\/11\/06\/upozorenje-fucz-voda-nakon-poplava-u-naselja-donijela-mine-i-bombe\/#primaryimage"},"image":{"@id":"https:\/\/radioljubuski.ba\/index.php\/2021\/11\/06\/upozorenje-fucz-voda-nakon-poplava-u-naselja-donijela-mine-i-bombe\/#primaryimage"},"thumbnailUrl":"https:\/\/radioljubuski.ba\/wp-content\/uploads\/2021\/11\/8-2021-11-06-15-46-47-FUCZ.jpg","datePublished":"2021-11-06T16:36:56+00:00","dateModified":"2021-11-06T16:36:57+00:00","breadcrumb":{"@id":"https:\/\/radioljubuski.ba\/index.php\/2021\/11\/06\/upozorenje-fucz-voda-nakon-poplava-u-naselja-donijela-mine-i-bombe\/#breadcrumb"},"inLanguage":"hr","potentialAction":[{"@type":"ReadAction","target":["https:\/\/radioljubuski.ba\/index.php\/2021\/11\/06\/upozorenje-fucz-voda-nakon-poplava-u-naselja-donijela-mine-i-bombe\/"]}]},{"@type":"ImageObject","inLanguage":"hr","@id":"https:\/\/radioljubuski.ba\/index.php\/2021\/11\/06\/upozorenje-fucz-voda-nakon-poplava-u-naselja-donijela-mine-i-bombe\/#primaryimage","url":"https:\/\/radioljubuski.ba\/wp-content\/uploads\/2021\/11\/8-2021-11-06-15-46-47-FUCZ.jpg","contentUrl":"https:\/\/radioljubuski.ba\/wp-content\/uploads\/2021\/11\/8-2021-11-06-15-46-47-FUCZ.jpg","width":1000,"height":625},{"@type":"BreadcrumbList","@id":"https:\/\/radioljubuski.ba\/index.php\/2021\/11\/06\/upozorenje-fucz-voda-nakon-poplava-u-naselja-donijela-mine-i-bombe\/#breadcrumb","itemListElement":[{"@type":"ListItem","position":1,"name":"Po\u010detna stranica","item":"https:\/\/radioljubuski.ba\/"},{"@type":"ListItem","position":2,"name":"Upozorenje FUCZ: Voda nakon poplava u naselja donijela mine i bombe"}]},{"@type":"WebSite","@id":"https:\/\/radioljubuski.ba\/#website","url":"https:\/\/radioljubuski.ba\/","name":"Radio Ljubu\u0161ki","description":"Sun\u010dana frekvencija Hercegovine","publisher":{"@id":"https:\/\/radioljubuski.ba\/#organization"},"potentialAction":[{"@type":"SearchAction","target":{"@type":"EntryPoint","urlTemplate":"https:\/\/radioljubuski.ba\/?s={search_term_string}"},"query-input":{"@type":"PropertyValueSpecification","valueRequired":true,"valueName":"search_term_string"}}],"inLanguage":"hr"},{"@type":"Organization","@id":"https:\/\/radioljubuski.ba\/#organization","name":"Radio Ljubu\u0161ki","url":"https:\/\/radioljubuski.ba\/","logo":{"@type":"ImageObject","inLanguage":"hr","@id":"https:\/\/radioljubuski.ba\/#\/schema\/logo\/image\/","url":"https:\/\/radioljubuski.ba\/wp-content\/uploads\/2021\/02\/cropped-Radio_Ljubuski_logo1.jpg","contentUrl":"https:\/\/radioljubuski.ba\/wp-content\/uploads\/2021\/02\/cropped-Radio_Ljubuski_logo1.jpg","width":512,"height":512,"caption":"Radio Ljubu\u0161ki"},"image":{"@id":"https:\/\/radioljubuski.ba\/#\/schema\/logo\/image\/"},"sameAs":["https:\/\/www.facebook.com\/Radiio-Ljubuski-1490835324566332","https:\/\/x.com\/radioljubuski","https:\/\/hr.linkedin.com\/company\/radio-ljubuski","https:\/\/www.youtube.com\/channel\/UCHYaeO_n0Db3tjNGudGpXyw"]},{"@type":"Person","@id":"https:\/\/radioljubuski.ba\/#\/schema\/person\/19fc700381a780f69665d7956c469e3b","name":"Radio Ljubu\u0161ki"}]}},"_links":{"self":[{"href":"https:\/\/radioljubuski.ba\/index.php\/wp-json\/wp\/v2\/posts\/85844","targetHints":{"allow":["GET"]}}],"collection":[{"href":"https:\/\/radioljubuski.ba\/index.php\/wp-json\/wp\/v2\/posts"}],"about":[{"href":"https:\/\/radioljubuski.ba\/index.php\/wp-json\/wp\/v2\/types\/post"}],"author":[{"embeddable":true,"href":"https:\/\/radioljubuski.ba\/index.php\/wp-json\/wp\/v2\/users\/2"}],"replies":[{"embeddable":true,"href":"https:\/\/radioljubuski.ba\/index.php\/wp-json\/wp\/v2\/comments?post=85844"}],"version-history":[{"count":1,"href":"https:\/\/radioljubuski.ba\/index.php\/wp-json\/wp\/v2\/posts\/85844\/revisions"}],"predecessor-version":[{"id":85846,"href":"https:\/\/radioljubuski.ba\/index.php\/wp-json\/wp\/v2\/posts\/85844\/revisions\/85846"}],"wp:featuredmedia":[{"embeddable":true,"href":"https:\/\/radioljubuski.ba\/index.php\/wp-json\/wp\/v2\/media\/85845"}],"wp:attachment":[{"href":"https:\/\/radioljubuski.ba\/index.php\/wp-json\/wp\/v2\/media?parent=85844"}],"wp:term":[{"taxonomy":"category","embeddable":true,"href":"https:\/\/radioljubuski.ba\/index.php\/wp-json\/wp\/v2\/categories?post=85844"},{"taxonomy":"post_tag","embeddable":true,"href":"https:\/\/radioljubuski.ba\/index.php\/wp-json\/wp\/v2\/tags?post=85844"}],"curies":[{"name":"wp","href":"https:\/\/api.w.org\/{rel}","templated":true}]}}