{"id":85853,"date":"2021-11-06T17:41:08","date_gmt":"2021-11-06T16:41:08","guid":{"rendered":"https:\/\/radioljubuski.ba\/?p=85853"},"modified":"2021-11-06T17:41:09","modified_gmt":"2021-11-06T16:41:09","slug":"njemacka-treba-jos-tisuce-stranih-radnika-evo-sto-se-najvise-trazi","status":"publish","type":"post","link":"https:\/\/radioljubuski.ba\/index.php\/2021\/11\/06\/njemacka-treba-jos-tisuce-stranih-radnika-evo-sto-se-najvise-trazi\/","title":{"rendered":"Njema\u010dka treba jo\u0161 tisu\u0107e stranih radnika. Evo \u0161to se najvi\u0161e tra\u017ei"},"content":{"rendered":"\n<p>Skoro 34 milijuna ljudi u Njema\u010dkoj je u regularnom radnom odnosu. To je novi rekord. No istodobno i dalje raste broj nepopunjenih radnih mjesta. Godi\u0161ta s visokim natalitetom odlaze u mirovinu, a zbog negativnog demografskog razvoja sve je manji broj novih radnika. Sve vi\u0161e tvrtki se \u017eali na nedostatak stru\u010dne radne snage. Za njema\u010dko gospodarstvo to je postalo jedan od najve\u0107ih poslovnih rizika, pi\u0161e&nbsp;<a href=\"https:\/\/www.dw.com\/hr\/njema%C4%8Dka-treba-jo%C5%A1-vi%C5%A1e-stranih-radnika\/a-59729808\" target=\"_blank\" rel=\"noreferrer noopener\">Deutsche Welle.<\/a><\/p>\n\n\n\n<p>Koliko je situacija ozbiljna, pokazuje najnovije ispitivanje javnog mnijenja koje je po narud\u017ebi zaklade Bertelsmann proveo institut Civey. Od 7500 ispitanih poduzetnika njih 66 posto je navelo da ne mogu prona\u0107i dovoljno stru\u010dnih radnika. Pro\u0161le godine je njih 55 posto izjavilo da ra\u010dunaju s problemima u popunjavanju radnih mjesta.<\/p>\n\n\n\n<p><strong>Iz godine u godinu sve je te\u017ee<\/strong><\/p>\n\n\n\n<p>Stanje nije isto u svim bran\u0161ama, regijama, zanimanjima i kvalifikacijama. Ako se tvrtke koje imaju manjak radne snage pita \u0161to im to\u010dno nedostaje, skoro svaka druga navodi osobe sa zavr\u0161enim srednjo\u0161kolskim stru\u010dnim osposobljavanjem. Akademski obrazovanih nedostaje u svakom \u010detvrtom poduze\u0107u. S obzirom na bran\u0161u, manjak stru\u010dne radne snage posebno poga\u0111a njegu starijih i nemo\u0107nih i zdravstvo.<\/p>\n\n\n\n<p>&#8220;\u010cinjenica je: u Njema\u010dkoj nestaje radna snaga&#8221;, upozorio je u kolovozu Detlef Scheele, predsjednik upravnog odbora Savezne agencije za rad. &#8220;Od njege preko odr\u017eavanja klimatizacije do logistike i fakultetski obrazovanih. Posvuda \u0107e nedostajati stru\u010dne radne snage.&#8221; Prema njegovim podacima, Njema\u010dka treba 400.000 doseljenika godi\u0161nje kako bi zadovoljila potrebe na tr\u017ei\u0161tu rada.<\/p>\n\n\n\n<p>No u praksi je do sada doseljavanje strane radne snage igralo malu ulogu. Samo 16 posto ispitanika iz Bertelsmannove studije je navelo da radnu snagu tra\u017ei u inozemstvu. Ve\u0107ina ih posebno atraktivnim ponudama poku\u0161ava privu\u0107i doma\u0107e zaposlenike.<\/p>\n\n\n\n<p><strong>Jezik je najve\u0107a prepreka<\/strong><\/p>\n\n\n\n<p>Od 1. o\u017eujka 2020. u Njema\u010dkoj je na snazi zakon koji bi trebao olak\u0161ati dolazak stru\u010dne radne snage iz zemalja koje nisu \u010dlanice Europske unije. Unato\u010d tome, mnogi poduzetnici se ustru\u010davaju od tra\u017eenja radnika u inozemstvu. Razlozi su razli\u010diti. Kao glavni razlog tvrtke navode strah od pote\u0161ko\u0107a u sporazumijevanju i problem procjene kvalifikacije radnika sa stranom svjedod\u017ebom.<\/p>\n\n\n\n<p>Sli\u010dni su odgovori i onih tvrtki koje su ve\u0107 zaposlile strane radnike. To pokazuje da neke bojazni i nisu ba\u0161 neopravdane, recimo \u0161to se ti\u010de sporazumijevanja sa strancima. S druge strane, birokratske prepreke su u praksi o\u010dito manji problem nego \u0161to se to na prvi pogled \u010dini.<br>Prepreke su sve manje<\/p>\n\n\n\n<p>Zaklada Bertelsmann pretpostavlja da su politi\u010dki napori oko doseljavanja stru\u010dne radne snage urodili plodom. Primjerice ubrzani birokratski postupci, poticaji za u\u010denje njema\u010dkog jezika i bolja ponuda informacija za priznanje stranih kvalifikacija. Ali: &#8220;Prepreke za pridobivanje strane stru\u010dne radne snage i dalje postoje, unato\u010d znatnim naprecima&#8221;, upozorava Matthias Mayer, stru\u010dnjak za migracije iz zaklade Bertelsmann.<\/p>\n\n\n\n<p>67 posto sudionika studije polazi od toga da \u0107e idu\u0107ih godina imati manje stru\u010dne radne snage nego \u0161to im je potrebno. &#8220;Manjak stru\u010dne radne snage je sve ve\u0107i problem, a rje\u0161enje nije na vidiku. Mi kao dru\u0161tvo trebamo odr\u017eiva rje\u0161enja kako bismo iza\u0161li na kraj s demografskim promjenama i socijalno-ekolo\u0161kom transformacijom&#8221;, smatra Mayer.<\/p>\n\n\n\n<p><strong>Po\u017eeljna su transnacionalna partnerstva<\/strong><\/p>\n\n\n\n<p>On isti\u010de da je presudna dosljedna primjena Zakona o doseljavanju stru\u010dne radne snage. Po Mayerovom mi\u0161ljenju, tu spada i jednostavniji postupak priznavanja stranih svjedod\u017ebi i diploma.<\/p>\n\n\n\n<p>On smatra da bi tu od pomo\u0107i mogla biti partnerstva u obrazovanju izme\u0111u Njema\u010dke i drugih zemalja, koja bi mogla doprinijeti boljem uzajamnom razumijevanju poduzetnika i potencijalnih stranih zaposlenika. \u010cak 57 posto ispitanih tvrtki ocjenjuje da bi bilo korisno sklapanje vi\u0161e transnacionalnih sporazuma o posredovanju u zapo\u0161ljavanju ili obrazovanju stru\u010dne radne snage.<\/p>\n\n\n\n<p>Izvor:DW<\/p>\n","protected":false},"excerpt":{"rendered":"<p>Skoro 34 milijuna ljudi u Njema\u010dkoj je u regularnom radnom odnosu. To je novi rekord. No istodobno i dalje raste broj nepopunjenih radnih mjesta. Godi\u0161ta s visokim natalitetom odlaze u mirovinu, a zbog negativnog demografskog razvoja sve je manji broj novih radnika. Sve vi\u0161e tvrtki se \u017eali na nedostatak stru\u010dne radne snage. Za njema\u010dko gospodarstvo [&hellip;]<\/p>\n","protected":false},"author":2,"featured_media":43891,"comment_status":"closed","ping_status":"closed","sticky":false,"template":"","format":"standard","meta":{"h5ap_radio_sources":[],"footnotes":""},"categories":[1],"tags":[],"class_list":["post-85853","post","type-post","status-publish","format-standard","has-post-thumbnail","hentry","category-bihiregija"],"yoast_head":"<!-- This site is optimized with the Yoast SEO plugin v27.5 - https:\/\/yoast.com\/product\/yoast-seo-wordpress\/ -->\n<title>Njema\u010dka treba jo\u0161 tisu\u0107e stranih radnika. Evo \u0161to se najvi\u0161e tra\u017ei - RADIO LJUBU\u0160KI<\/title>\n<meta name=\"robots\" content=\"index, follow, max-snippet:-1, max-image-preview:large, max-video-preview:-1\" \/>\n<link rel=\"canonical\" href=\"https:\/\/radioljubuski.ba\/index.php\/2021\/11\/06\/njemacka-treba-jos-tisuce-stranih-radnika-evo-sto-se-najvise-trazi\/\" \/>\n<meta property=\"og:locale\" content=\"hr_HR\" \/>\n<meta property=\"og:type\" content=\"article\" \/>\n<meta property=\"og:title\" content=\"Njema\u010dka treba jo\u0161 tisu\u0107e stranih radnika. Evo \u0161to se najvi\u0161e tra\u017ei - RADIO LJUBU\u0160KI\" \/>\n<meta property=\"og:description\" content=\"Skoro 34 milijuna ljudi u Njema\u010dkoj je u regularnom radnom odnosu. To je novi rekord. No istodobno i dalje raste broj nepopunjenih radnih mjesta. Godi\u0161ta s visokim natalitetom odlaze u mirovinu, a zbog negativnog demografskog razvoja sve je manji broj novih radnika. Sve vi\u0161e tvrtki se \u017eali na nedostatak stru\u010dne radne snage. Za njema\u010dko gospodarstvo [&hellip;]\" \/>\n<meta property=\"og:url\" content=\"https:\/\/radioljubuski.ba\/index.php\/2021\/11\/06\/njemacka-treba-jos-tisuce-stranih-radnika-evo-sto-se-najvise-trazi\/\" \/>\n<meta property=\"og:site_name\" content=\"RADIO LJUBU\u0160KI\" \/>\n<meta property=\"article:publisher\" content=\"https:\/\/www.facebook.com\/Radiio-Ljubuski-1490835324566332\" \/>\n<meta property=\"article:published_time\" content=\"2021-11-06T16:41:08+00:00\" \/>\n<meta property=\"article:modified_time\" content=\"2021-11-06T16:41:09+00:00\" \/>\n<meta property=\"og:image\" content=\"https:\/\/radioljubuski.ba\/wp-content\/uploads\/2021\/07\/nR5H19Mj_radnici.jpg\" \/>\n\t<meta property=\"og:image:width\" content=\"1000\" \/>\n\t<meta property=\"og:image:height\" content=\"625\" \/>\n\t<meta property=\"og:image:type\" content=\"image\/jpeg\" \/>\n<meta name=\"author\" content=\"Radio Ljubu\u0161ki\" \/>\n<meta name=\"twitter:card\" content=\"summary_large_image\" \/>\n<meta name=\"twitter:creator\" content=\"@radioljubuski\" \/>\n<meta name=\"twitter:site\" content=\"@radioljubuski\" \/>\n<meta name=\"twitter:label1\" content=\"Napisao\/la\" \/>\n\t<meta name=\"twitter:data1\" content=\"Radio Ljubu\u0161ki\" \/>\n\t<meta name=\"twitter:label2\" content=\"Procijenjeno vrijeme \u010ditanja\" \/>\n\t<meta name=\"twitter:data2\" content=\"3 minute\" \/>\n<script type=\"application\/ld+json\" class=\"yoast-schema-graph\">{\"@context\":\"https:\\\/\\\/schema.org\",\"@graph\":[{\"@type\":\"Article\",\"@id\":\"https:\\\/\\\/radioljubuski.ba\\\/index.php\\\/2021\\\/11\\\/06\\\/njemacka-treba-jos-tisuce-stranih-radnika-evo-sto-se-najvise-trazi\\\/#article\",\"isPartOf\":{\"@id\":\"https:\\\/\\\/radioljubuski.ba\\\/index.php\\\/2021\\\/11\\\/06\\\/njemacka-treba-jos-tisuce-stranih-radnika-evo-sto-se-najvise-trazi\\\/\"},\"author\":{\"name\":\"Radio Ljubu\u0161ki\",\"@id\":\"https:\\\/\\\/radioljubuski.ba\\\/#\\\/schema\\\/person\\\/19fc700381a780f69665d7956c469e3b\"},\"headline\":\"Njema\u010dka treba jo\u0161 tisu\u0107e stranih radnika. Evo \u0161to se najvi\u0161e tra\u017ei\",\"datePublished\":\"2021-11-06T16:41:08+00:00\",\"dateModified\":\"2021-11-06T16:41:09+00:00\",\"mainEntityOfPage\":{\"@id\":\"https:\\\/\\\/radioljubuski.ba\\\/index.php\\\/2021\\\/11\\\/06\\\/njemacka-treba-jos-tisuce-stranih-radnika-evo-sto-se-najvise-trazi\\\/\"},\"wordCount\":651,\"publisher\":{\"@id\":\"https:\\\/\\\/radioljubuski.ba\\\/#organization\"},\"image\":{\"@id\":\"https:\\\/\\\/radioljubuski.ba\\\/index.php\\\/2021\\\/11\\\/06\\\/njemacka-treba-jos-tisuce-stranih-radnika-evo-sto-se-najvise-trazi\\\/#primaryimage\"},\"thumbnailUrl\":\"https:\\\/\\\/radioljubuski.ba\\\/wp-content\\\/uploads\\\/2021\\\/07\\\/nR5H19Mj_radnici.jpg\",\"articleSection\":[\"BIH i regija\"],\"inLanguage\":\"hr\"},{\"@type\":\"WebPage\",\"@id\":\"https:\\\/\\\/radioljubuski.ba\\\/index.php\\\/2021\\\/11\\\/06\\\/njemacka-treba-jos-tisuce-stranih-radnika-evo-sto-se-najvise-trazi\\\/\",\"url\":\"https:\\\/\\\/radioljubuski.ba\\\/index.php\\\/2021\\\/11\\\/06\\\/njemacka-treba-jos-tisuce-stranih-radnika-evo-sto-se-najvise-trazi\\\/\",\"name\":\"Njema\u010dka treba jo\u0161 tisu\u0107e stranih radnika. Evo \u0161to se najvi\u0161e tra\u017ei - RADIO LJUBU\u0160KI\",\"isPartOf\":{\"@id\":\"https:\\\/\\\/radioljubuski.ba\\\/#website\"},\"primaryImageOfPage\":{\"@id\":\"https:\\\/\\\/radioljubuski.ba\\\/index.php\\\/2021\\\/11\\\/06\\\/njemacka-treba-jos-tisuce-stranih-radnika-evo-sto-se-najvise-trazi\\\/#primaryimage\"},\"image\":{\"@id\":\"https:\\\/\\\/radioljubuski.ba\\\/index.php\\\/2021\\\/11\\\/06\\\/njemacka-treba-jos-tisuce-stranih-radnika-evo-sto-se-najvise-trazi\\\/#primaryimage\"},\"thumbnailUrl\":\"https:\\\/\\\/radioljubuski.ba\\\/wp-content\\\/uploads\\\/2021\\\/07\\\/nR5H19Mj_radnici.jpg\",\"datePublished\":\"2021-11-06T16:41:08+00:00\",\"dateModified\":\"2021-11-06T16:41:09+00:00\",\"breadcrumb\":{\"@id\":\"https:\\\/\\\/radioljubuski.ba\\\/index.php\\\/2021\\\/11\\\/06\\\/njemacka-treba-jos-tisuce-stranih-radnika-evo-sto-se-najvise-trazi\\\/#breadcrumb\"},\"inLanguage\":\"hr\",\"potentialAction\":[{\"@type\":\"ReadAction\",\"target\":[\"https:\\\/\\\/radioljubuski.ba\\\/index.php\\\/2021\\\/11\\\/06\\\/njemacka-treba-jos-tisuce-stranih-radnika-evo-sto-se-najvise-trazi\\\/\"]}]},{\"@type\":\"ImageObject\",\"inLanguage\":\"hr\",\"@id\":\"https:\\\/\\\/radioljubuski.ba\\\/index.php\\\/2021\\\/11\\\/06\\\/njemacka-treba-jos-tisuce-stranih-radnika-evo-sto-se-najvise-trazi\\\/#primaryimage\",\"url\":\"https:\\\/\\\/radioljubuski.ba\\\/wp-content\\\/uploads\\\/2021\\\/07\\\/nR5H19Mj_radnici.jpg\",\"contentUrl\":\"https:\\\/\\\/radioljubuski.ba\\\/wp-content\\\/uploads\\\/2021\\\/07\\\/nR5H19Mj_radnici.jpg\",\"width\":1000,\"height\":625},{\"@type\":\"BreadcrumbList\",\"@id\":\"https:\\\/\\\/radioljubuski.ba\\\/index.php\\\/2021\\\/11\\\/06\\\/njemacka-treba-jos-tisuce-stranih-radnika-evo-sto-se-najvise-trazi\\\/#breadcrumb\",\"itemListElement\":[{\"@type\":\"ListItem\",\"position\":1,\"name\":\"Po\u010detna stranica\",\"item\":\"https:\\\/\\\/radioljubuski.ba\\\/\"},{\"@type\":\"ListItem\",\"position\":2,\"name\":\"Njema\u010dka treba jo\u0161 tisu\u0107e stranih radnika. Evo \u0161to se najvi\u0161e tra\u017ei\"}]},{\"@type\":\"WebSite\",\"@id\":\"https:\\\/\\\/radioljubuski.ba\\\/#website\",\"url\":\"https:\\\/\\\/radioljubuski.ba\\\/\",\"name\":\"Radio Ljubu\u0161ki\",\"description\":\"Sun\u010dana frekvencija Hercegovine\",\"publisher\":{\"@id\":\"https:\\\/\\\/radioljubuski.ba\\\/#organization\"},\"potentialAction\":[{\"@type\":\"SearchAction\",\"target\":{\"@type\":\"EntryPoint\",\"urlTemplate\":\"https:\\\/\\\/radioljubuski.ba\\\/?s={search_term_string}\"},\"query-input\":{\"@type\":\"PropertyValueSpecification\",\"valueRequired\":true,\"valueName\":\"search_term_string\"}}],\"inLanguage\":\"hr\"},{\"@type\":\"Organization\",\"@id\":\"https:\\\/\\\/radioljubuski.ba\\\/#organization\",\"name\":\"Radio Ljubu\u0161ki\",\"url\":\"https:\\\/\\\/radioljubuski.ba\\\/\",\"logo\":{\"@type\":\"ImageObject\",\"inLanguage\":\"hr\",\"@id\":\"https:\\\/\\\/radioljubuski.ba\\\/#\\\/schema\\\/logo\\\/image\\\/\",\"url\":\"https:\\\/\\\/radioljubuski.ba\\\/wp-content\\\/uploads\\\/2021\\\/02\\\/cropped-Radio_Ljubuski_logo1.jpg\",\"contentUrl\":\"https:\\\/\\\/radioljubuski.ba\\\/wp-content\\\/uploads\\\/2021\\\/02\\\/cropped-Radio_Ljubuski_logo1.jpg\",\"width\":512,\"height\":512,\"caption\":\"Radio Ljubu\u0161ki\"},\"image\":{\"@id\":\"https:\\\/\\\/radioljubuski.ba\\\/#\\\/schema\\\/logo\\\/image\\\/\"},\"sameAs\":[\"https:\\\/\\\/www.facebook.com\\\/Radiio-Ljubuski-1490835324566332\",\"https:\\\/\\\/x.com\\\/radioljubuski\",\"https:\\\/\\\/hr.linkedin.com\\\/company\\\/radio-ljubuski\",\"https:\\\/\\\/www.youtube.com\\\/channel\\\/UCHYaeO_n0Db3tjNGudGpXyw\"]},{\"@type\":\"Person\",\"@id\":\"https:\\\/\\\/radioljubuski.ba\\\/#\\\/schema\\\/person\\\/19fc700381a780f69665d7956c469e3b\",\"name\":\"Radio Ljubu\u0161ki\"}]}<\/script>\n<!-- \/ Yoast SEO plugin. -->","yoast_head_json":{"title":"Njema\u010dka treba jo\u0161 tisu\u0107e stranih radnika. Evo \u0161to se najvi\u0161e tra\u017ei - RADIO LJUBU\u0160KI","robots":{"index":"index","follow":"follow","max-snippet":"max-snippet:-1","max-image-preview":"max-image-preview:large","max-video-preview":"max-video-preview:-1"},"canonical":"https:\/\/radioljubuski.ba\/index.php\/2021\/11\/06\/njemacka-treba-jos-tisuce-stranih-radnika-evo-sto-se-najvise-trazi\/","og_locale":"hr_HR","og_type":"article","og_title":"Njema\u010dka treba jo\u0161 tisu\u0107e stranih radnika. Evo \u0161to se najvi\u0161e tra\u017ei - RADIO LJUBU\u0160KI","og_description":"Skoro 34 milijuna ljudi u Njema\u010dkoj je u regularnom radnom odnosu. To je novi rekord. No istodobno i dalje raste broj nepopunjenih radnih mjesta. Godi\u0161ta s visokim natalitetom odlaze u mirovinu, a zbog negativnog demografskog razvoja sve je manji broj novih radnika. Sve vi\u0161e tvrtki se \u017eali na nedostatak stru\u010dne radne snage. Za njema\u010dko gospodarstvo [&hellip;]","og_url":"https:\/\/radioljubuski.ba\/index.php\/2021\/11\/06\/njemacka-treba-jos-tisuce-stranih-radnika-evo-sto-se-najvise-trazi\/","og_site_name":"RADIO LJUBU\u0160KI","article_publisher":"https:\/\/www.facebook.com\/Radiio-Ljubuski-1490835324566332","article_published_time":"2021-11-06T16:41:08+00:00","article_modified_time":"2021-11-06T16:41:09+00:00","og_image":[{"width":1000,"height":625,"url":"https:\/\/radioljubuski.ba\/wp-content\/uploads\/2021\/07\/nR5H19Mj_radnici.jpg","type":"image\/jpeg"}],"author":"Radio Ljubu\u0161ki","twitter_card":"summary_large_image","twitter_creator":"@radioljubuski","twitter_site":"@radioljubuski","twitter_misc":{"Napisao\/la":"Radio Ljubu\u0161ki","Procijenjeno vrijeme \u010ditanja":"3 minute"},"schema":{"@context":"https:\/\/schema.org","@graph":[{"@type":"Article","@id":"https:\/\/radioljubuski.ba\/index.php\/2021\/11\/06\/njemacka-treba-jos-tisuce-stranih-radnika-evo-sto-se-najvise-trazi\/#article","isPartOf":{"@id":"https:\/\/radioljubuski.ba\/index.php\/2021\/11\/06\/njemacka-treba-jos-tisuce-stranih-radnika-evo-sto-se-najvise-trazi\/"},"author":{"name":"Radio Ljubu\u0161ki","@id":"https:\/\/radioljubuski.ba\/#\/schema\/person\/19fc700381a780f69665d7956c469e3b"},"headline":"Njema\u010dka treba jo\u0161 tisu\u0107e stranih radnika. Evo \u0161to se najvi\u0161e tra\u017ei","datePublished":"2021-11-06T16:41:08+00:00","dateModified":"2021-11-06T16:41:09+00:00","mainEntityOfPage":{"@id":"https:\/\/radioljubuski.ba\/index.php\/2021\/11\/06\/njemacka-treba-jos-tisuce-stranih-radnika-evo-sto-se-najvise-trazi\/"},"wordCount":651,"publisher":{"@id":"https:\/\/radioljubuski.ba\/#organization"},"image":{"@id":"https:\/\/radioljubuski.ba\/index.php\/2021\/11\/06\/njemacka-treba-jos-tisuce-stranih-radnika-evo-sto-se-najvise-trazi\/#primaryimage"},"thumbnailUrl":"https:\/\/radioljubuski.ba\/wp-content\/uploads\/2021\/07\/nR5H19Mj_radnici.jpg","articleSection":["BIH i regija"],"inLanguage":"hr"},{"@type":"WebPage","@id":"https:\/\/radioljubuski.ba\/index.php\/2021\/11\/06\/njemacka-treba-jos-tisuce-stranih-radnika-evo-sto-se-najvise-trazi\/","url":"https:\/\/radioljubuski.ba\/index.php\/2021\/11\/06\/njemacka-treba-jos-tisuce-stranih-radnika-evo-sto-se-najvise-trazi\/","name":"Njema\u010dka treba jo\u0161 tisu\u0107e stranih radnika. Evo \u0161to se najvi\u0161e tra\u017ei - RADIO LJUBU\u0160KI","isPartOf":{"@id":"https:\/\/radioljubuski.ba\/#website"},"primaryImageOfPage":{"@id":"https:\/\/radioljubuski.ba\/index.php\/2021\/11\/06\/njemacka-treba-jos-tisuce-stranih-radnika-evo-sto-se-najvise-trazi\/#primaryimage"},"image":{"@id":"https:\/\/radioljubuski.ba\/index.php\/2021\/11\/06\/njemacka-treba-jos-tisuce-stranih-radnika-evo-sto-se-najvise-trazi\/#primaryimage"},"thumbnailUrl":"https:\/\/radioljubuski.ba\/wp-content\/uploads\/2021\/07\/nR5H19Mj_radnici.jpg","datePublished":"2021-11-06T16:41:08+00:00","dateModified":"2021-11-06T16:41:09+00:00","breadcrumb":{"@id":"https:\/\/radioljubuski.ba\/index.php\/2021\/11\/06\/njemacka-treba-jos-tisuce-stranih-radnika-evo-sto-se-najvise-trazi\/#breadcrumb"},"inLanguage":"hr","potentialAction":[{"@type":"ReadAction","target":["https:\/\/radioljubuski.ba\/index.php\/2021\/11\/06\/njemacka-treba-jos-tisuce-stranih-radnika-evo-sto-se-najvise-trazi\/"]}]},{"@type":"ImageObject","inLanguage":"hr","@id":"https:\/\/radioljubuski.ba\/index.php\/2021\/11\/06\/njemacka-treba-jos-tisuce-stranih-radnika-evo-sto-se-najvise-trazi\/#primaryimage","url":"https:\/\/radioljubuski.ba\/wp-content\/uploads\/2021\/07\/nR5H19Mj_radnici.jpg","contentUrl":"https:\/\/radioljubuski.ba\/wp-content\/uploads\/2021\/07\/nR5H19Mj_radnici.jpg","width":1000,"height":625},{"@type":"BreadcrumbList","@id":"https:\/\/radioljubuski.ba\/index.php\/2021\/11\/06\/njemacka-treba-jos-tisuce-stranih-radnika-evo-sto-se-najvise-trazi\/#breadcrumb","itemListElement":[{"@type":"ListItem","position":1,"name":"Po\u010detna stranica","item":"https:\/\/radioljubuski.ba\/"},{"@type":"ListItem","position":2,"name":"Njema\u010dka treba jo\u0161 tisu\u0107e stranih radnika. Evo \u0161to se najvi\u0161e tra\u017ei"}]},{"@type":"WebSite","@id":"https:\/\/radioljubuski.ba\/#website","url":"https:\/\/radioljubuski.ba\/","name":"Radio Ljubu\u0161ki","description":"Sun\u010dana frekvencija Hercegovine","publisher":{"@id":"https:\/\/radioljubuski.ba\/#organization"},"potentialAction":[{"@type":"SearchAction","target":{"@type":"EntryPoint","urlTemplate":"https:\/\/radioljubuski.ba\/?s={search_term_string}"},"query-input":{"@type":"PropertyValueSpecification","valueRequired":true,"valueName":"search_term_string"}}],"inLanguage":"hr"},{"@type":"Organization","@id":"https:\/\/radioljubuski.ba\/#organization","name":"Radio Ljubu\u0161ki","url":"https:\/\/radioljubuski.ba\/","logo":{"@type":"ImageObject","inLanguage":"hr","@id":"https:\/\/radioljubuski.ba\/#\/schema\/logo\/image\/","url":"https:\/\/radioljubuski.ba\/wp-content\/uploads\/2021\/02\/cropped-Radio_Ljubuski_logo1.jpg","contentUrl":"https:\/\/radioljubuski.ba\/wp-content\/uploads\/2021\/02\/cropped-Radio_Ljubuski_logo1.jpg","width":512,"height":512,"caption":"Radio Ljubu\u0161ki"},"image":{"@id":"https:\/\/radioljubuski.ba\/#\/schema\/logo\/image\/"},"sameAs":["https:\/\/www.facebook.com\/Radiio-Ljubuski-1490835324566332","https:\/\/x.com\/radioljubuski","https:\/\/hr.linkedin.com\/company\/radio-ljubuski","https:\/\/www.youtube.com\/channel\/UCHYaeO_n0Db3tjNGudGpXyw"]},{"@type":"Person","@id":"https:\/\/radioljubuski.ba\/#\/schema\/person\/19fc700381a780f69665d7956c469e3b","name":"Radio Ljubu\u0161ki"}]}},"_links":{"self":[{"href":"https:\/\/radioljubuski.ba\/index.php\/wp-json\/wp\/v2\/posts\/85853","targetHints":{"allow":["GET"]}}],"collection":[{"href":"https:\/\/radioljubuski.ba\/index.php\/wp-json\/wp\/v2\/posts"}],"about":[{"href":"https:\/\/radioljubuski.ba\/index.php\/wp-json\/wp\/v2\/types\/post"}],"author":[{"embeddable":true,"href":"https:\/\/radioljubuski.ba\/index.php\/wp-json\/wp\/v2\/users\/2"}],"replies":[{"embeddable":true,"href":"https:\/\/radioljubuski.ba\/index.php\/wp-json\/wp\/v2\/comments?post=85853"}],"version-history":[{"count":1,"href":"https:\/\/radioljubuski.ba\/index.php\/wp-json\/wp\/v2\/posts\/85853\/revisions"}],"predecessor-version":[{"id":85854,"href":"https:\/\/radioljubuski.ba\/index.php\/wp-json\/wp\/v2\/posts\/85853\/revisions\/85854"}],"wp:featuredmedia":[{"embeddable":true,"href":"https:\/\/radioljubuski.ba\/index.php\/wp-json\/wp\/v2\/media\/43891"}],"wp:attachment":[{"href":"https:\/\/radioljubuski.ba\/index.php\/wp-json\/wp\/v2\/media?parent=85853"}],"wp:term":[{"taxonomy":"category","embeddable":true,"href":"https:\/\/radioljubuski.ba\/index.php\/wp-json\/wp\/v2\/categories?post=85853"},{"taxonomy":"post_tag","embeddable":true,"href":"https:\/\/radioljubuski.ba\/index.php\/wp-json\/wp\/v2\/tags?post=85853"}],"curies":[{"name":"wp","href":"https:\/\/api.w.org\/{rel}","templated":true}]}}