{"id":85855,"date":"2021-11-06T17:42:17","date_gmt":"2021-11-06T16:42:17","guid":{"rendered":"https:\/\/radioljubuski.ba\/?p=85855"},"modified":"2021-11-06T17:42:19","modified_gmt":"2021-11-06T16:42:19","slug":"ako-primijetite-ovu-promjenu-na-jajima-odmah-ih-bacite-jer-nisu-dobra-za-jelo","status":"publish","type":"post","link":"https:\/\/radioljubuski.ba\/index.php\/2021\/11\/06\/ako-primijetite-ovu-promjenu-na-jajima-odmah-ih-bacite-jer-nisu-dobra-za-jelo\/","title":{"rendered":"Ako primijetite ovu promjenu na jajima, odmah ih bacite jer nisu dobra za jelo"},"content":{"rendered":"\n<p>Fina i ukusna, jaja su namirnica puna proteina i pridonose zdravlju. Ipak stru\u010dnjaci upozoravaju na jaje ponekad mo\u017ee biti dom opasne bakterije koja mo\u017ee uzrokovati probleme sa zdravljem.<\/p>\n\n\n\n<p>Neki smatraju da su jaja dobar oblik prevencije od razvoja bolesti jer ja\u010daju imunolo\u0161ki sustav koji se bori protiv virusa i infekcija. Mnogi tvrde kako svakodnevna konzumacija jaja nije zdrava, no to nije istina. Jedina je istina da treba biti umjeren, pi\u0161e<a href=\"https:\/\/ordinacija.vecernji.hr\/zdravi-tanjur\/jedi-zdravo\/ako-primijetite-ovu-promjenu-na-jajima-odmah-ih-bacite-jer-nisu-dobra-za-jelo\/\" target=\"_blank\" rel=\"noreferrer noopener\">&nbsp;Ordinacija.hr.<\/a><\/p>\n\n\n\n<p>No ipak treba paziti da im nije istekao rok trajanja kako biste izbjegli zdravstvene probleme. Upravo iz tog razloga Ministarstvo poljoprivrede SAD-a (USDA), savjetuje da je potrebno za\u0161tititi se i provjeriti je li jaje pokvareno prije jela.<\/p>\n\n\n\n<p>Naime, ako je bjelanjak poprimio nijansu perle ili ru\u017ei\u010daste, bacite jaje odmah, savjetuju stru\u010dnjaci iz USDA-e. Promjena u boji, koliko god suptilna bila, mo\u017ee javljati da se radi o pokvarenoj namirnici radi bakterije Pseudomonas, a ona je naj\u010de\u0161\u0107e odgovorna za kvarenje ove namirnice, ali i za trovanje hranom, ka\u017eu stru\u010dnjaci.<\/p>\n\n\n\n<p>&#8220;Ova bakterija stvara pigment u bjelanjku jajeta, pa ako primijetiti da bjelanjak nema vama poznatu boju, bacite ga\u201c, savjetuju stru\u010dnjaci iz Centra za sigurnost.<\/p>\n\n\n\n<p>Jedna studija tvrdi da ova bakterija uzrokuje i druge vidljive promjene. Dakle, mo\u017ee se raditi o promjeni mirisa, a bjelanjak mo\u017ee poprimiti i zelenkastu boju.&nbsp;<\/p>\n\n\n\n<p>Izvor:ordinacija.hr<\/p>\n","protected":false},"excerpt":{"rendered":"<p>Fina i ukusna, jaja su namirnica puna proteina i pridonose zdravlju. Ipak stru\u010dnjaci upozoravaju na jaje ponekad mo\u017ee biti dom opasne bakterije koja mo\u017ee uzrokovati probleme sa zdravljem. Neki smatraju da su jaja dobar oblik prevencije od razvoja bolesti jer ja\u010daju imunolo\u0161ki sustav koji se bori protiv virusa i infekcija. Mnogi tvrde kako svakodnevna konzumacija [&hellip;]<\/p>\n","protected":false},"author":2,"featured_media":85856,"comment_status":"closed","ping_status":"closed","sticky":false,"template":"","format":"standard","meta":{"h5ap_radio_sources":[],"footnotes":""},"categories":[1],"tags":[],"class_list":["post-85855","post","type-post","status-publish","format-standard","has-post-thumbnail","hentry","category-bihiregija"],"yoast_head":"<!-- This site is optimized with the Yoast SEO plugin v27.5 - https:\/\/yoast.com\/product\/yoast-seo-wordpress\/ -->\n<title>Ako primijetite ovu promjenu na jajima, odmah ih bacite jer nisu dobra za jelo - RADIO LJUBU\u0160KI<\/title>\n<meta name=\"robots\" content=\"index, follow, max-snippet:-1, max-image-preview:large, max-video-preview:-1\" \/>\n<link rel=\"canonical\" href=\"https:\/\/radioljubuski.ba\/index.php\/2021\/11\/06\/ako-primijetite-ovu-promjenu-na-jajima-odmah-ih-bacite-jer-nisu-dobra-za-jelo\/\" \/>\n<meta property=\"og:locale\" content=\"hr_HR\" \/>\n<meta property=\"og:type\" content=\"article\" \/>\n<meta property=\"og:title\" content=\"Ako primijetite ovu promjenu na jajima, odmah ih bacite jer nisu dobra za jelo - RADIO LJUBU\u0160KI\" \/>\n<meta property=\"og:description\" content=\"Fina i ukusna, jaja su namirnica puna proteina i pridonose zdravlju. Ipak stru\u010dnjaci upozoravaju na jaje ponekad mo\u017ee biti dom opasne bakterije koja mo\u017ee uzrokovati probleme sa zdravljem. Neki smatraju da su jaja dobar oblik prevencije od razvoja bolesti jer ja\u010daju imunolo\u0161ki sustav koji se bori protiv virusa i infekcija. Mnogi tvrde kako svakodnevna konzumacija [&hellip;]\" \/>\n<meta property=\"og:url\" content=\"https:\/\/radioljubuski.ba\/index.php\/2021\/11\/06\/ako-primijetite-ovu-promjenu-na-jajima-odmah-ih-bacite-jer-nisu-dobra-za-jelo\/\" \/>\n<meta property=\"og:site_name\" content=\"RADIO LJUBU\u0160KI\" \/>\n<meta property=\"article:publisher\" content=\"https:\/\/www.facebook.com\/Radiio-Ljubuski-1490835324566332\" \/>\n<meta property=\"article:published_time\" content=\"2021-11-06T16:42:17+00:00\" \/>\n<meta property=\"article:modified_time\" content=\"2021-11-06T16:42:19+00:00\" \/>\n<meta property=\"og:image\" content=\"https:\/\/radioljubuski.ba\/wp-content\/uploads\/2021\/11\/8-2021-11-06-15-19-14-JAJA.jpg\" \/>\n\t<meta property=\"og:image:width\" content=\"1000\" \/>\n\t<meta property=\"og:image:height\" content=\"625\" \/>\n\t<meta property=\"og:image:type\" content=\"image\/jpeg\" \/>\n<meta name=\"author\" content=\"Radio Ljubu\u0161ki\" \/>\n<meta name=\"twitter:card\" content=\"summary_large_image\" \/>\n<meta name=\"twitter:creator\" content=\"@radioljubuski\" \/>\n<meta name=\"twitter:site\" content=\"@radioljubuski\" \/>\n<meta name=\"twitter:label1\" content=\"Napisao\/la\" \/>\n\t<meta name=\"twitter:data1\" content=\"Radio Ljubu\u0161ki\" \/>\n\t<meta name=\"twitter:label2\" content=\"Procijenjeno vrijeme \u010ditanja\" \/>\n\t<meta name=\"twitter:data2\" content=\"1 minuta\" \/>\n<script type=\"application\/ld+json\" class=\"yoast-schema-graph\">{\"@context\":\"https:\\\/\\\/schema.org\",\"@graph\":[{\"@type\":\"Article\",\"@id\":\"https:\\\/\\\/radioljubuski.ba\\\/index.php\\\/2021\\\/11\\\/06\\\/ako-primijetite-ovu-promjenu-na-jajima-odmah-ih-bacite-jer-nisu-dobra-za-jelo\\\/#article\",\"isPartOf\":{\"@id\":\"https:\\\/\\\/radioljubuski.ba\\\/index.php\\\/2021\\\/11\\\/06\\\/ako-primijetite-ovu-promjenu-na-jajima-odmah-ih-bacite-jer-nisu-dobra-za-jelo\\\/\"},\"author\":{\"name\":\"Radio Ljubu\u0161ki\",\"@id\":\"https:\\\/\\\/radioljubuski.ba\\\/#\\\/schema\\\/person\\\/19fc700381a780f69665d7956c469e3b\"},\"headline\":\"Ako primijetite ovu promjenu na jajima, odmah ih bacite jer nisu dobra za jelo\",\"datePublished\":\"2021-11-06T16:42:17+00:00\",\"dateModified\":\"2021-11-06T16:42:19+00:00\",\"mainEntityOfPage\":{\"@id\":\"https:\\\/\\\/radioljubuski.ba\\\/index.php\\\/2021\\\/11\\\/06\\\/ako-primijetite-ovu-promjenu-na-jajima-odmah-ih-bacite-jer-nisu-dobra-za-jelo\\\/\"},\"wordCount\":245,\"publisher\":{\"@id\":\"https:\\\/\\\/radioljubuski.ba\\\/#organization\"},\"image\":{\"@id\":\"https:\\\/\\\/radioljubuski.ba\\\/index.php\\\/2021\\\/11\\\/06\\\/ako-primijetite-ovu-promjenu-na-jajima-odmah-ih-bacite-jer-nisu-dobra-za-jelo\\\/#primaryimage\"},\"thumbnailUrl\":\"https:\\\/\\\/radioljubuski.ba\\\/wp-content\\\/uploads\\\/2021\\\/11\\\/8-2021-11-06-15-19-14-JAJA.jpg\",\"articleSection\":[\"BIH i regija\"],\"inLanguage\":\"hr\"},{\"@type\":\"WebPage\",\"@id\":\"https:\\\/\\\/radioljubuski.ba\\\/index.php\\\/2021\\\/11\\\/06\\\/ako-primijetite-ovu-promjenu-na-jajima-odmah-ih-bacite-jer-nisu-dobra-za-jelo\\\/\",\"url\":\"https:\\\/\\\/radioljubuski.ba\\\/index.php\\\/2021\\\/11\\\/06\\\/ako-primijetite-ovu-promjenu-na-jajima-odmah-ih-bacite-jer-nisu-dobra-za-jelo\\\/\",\"name\":\"Ako primijetite ovu promjenu na jajima, odmah ih bacite jer nisu dobra za jelo - RADIO LJUBU\u0160KI\",\"isPartOf\":{\"@id\":\"https:\\\/\\\/radioljubuski.ba\\\/#website\"},\"primaryImageOfPage\":{\"@id\":\"https:\\\/\\\/radioljubuski.ba\\\/index.php\\\/2021\\\/11\\\/06\\\/ako-primijetite-ovu-promjenu-na-jajima-odmah-ih-bacite-jer-nisu-dobra-za-jelo\\\/#primaryimage\"},\"image\":{\"@id\":\"https:\\\/\\\/radioljubuski.ba\\\/index.php\\\/2021\\\/11\\\/06\\\/ako-primijetite-ovu-promjenu-na-jajima-odmah-ih-bacite-jer-nisu-dobra-za-jelo\\\/#primaryimage\"},\"thumbnailUrl\":\"https:\\\/\\\/radioljubuski.ba\\\/wp-content\\\/uploads\\\/2021\\\/11\\\/8-2021-11-06-15-19-14-JAJA.jpg\",\"datePublished\":\"2021-11-06T16:42:17+00:00\",\"dateModified\":\"2021-11-06T16:42:19+00:00\",\"breadcrumb\":{\"@id\":\"https:\\\/\\\/radioljubuski.ba\\\/index.php\\\/2021\\\/11\\\/06\\\/ako-primijetite-ovu-promjenu-na-jajima-odmah-ih-bacite-jer-nisu-dobra-za-jelo\\\/#breadcrumb\"},\"inLanguage\":\"hr\",\"potentialAction\":[{\"@type\":\"ReadAction\",\"target\":[\"https:\\\/\\\/radioljubuski.ba\\\/index.php\\\/2021\\\/11\\\/06\\\/ako-primijetite-ovu-promjenu-na-jajima-odmah-ih-bacite-jer-nisu-dobra-za-jelo\\\/\"]}]},{\"@type\":\"ImageObject\",\"inLanguage\":\"hr\",\"@id\":\"https:\\\/\\\/radioljubuski.ba\\\/index.php\\\/2021\\\/11\\\/06\\\/ako-primijetite-ovu-promjenu-na-jajima-odmah-ih-bacite-jer-nisu-dobra-za-jelo\\\/#primaryimage\",\"url\":\"https:\\\/\\\/radioljubuski.ba\\\/wp-content\\\/uploads\\\/2021\\\/11\\\/8-2021-11-06-15-19-14-JAJA.jpg\",\"contentUrl\":\"https:\\\/\\\/radioljubuski.ba\\\/wp-content\\\/uploads\\\/2021\\\/11\\\/8-2021-11-06-15-19-14-JAJA.jpg\",\"width\":1000,\"height\":625},{\"@type\":\"BreadcrumbList\",\"@id\":\"https:\\\/\\\/radioljubuski.ba\\\/index.php\\\/2021\\\/11\\\/06\\\/ako-primijetite-ovu-promjenu-na-jajima-odmah-ih-bacite-jer-nisu-dobra-za-jelo\\\/#breadcrumb\",\"itemListElement\":[{\"@type\":\"ListItem\",\"position\":1,\"name\":\"Po\u010detna stranica\",\"item\":\"https:\\\/\\\/radioljubuski.ba\\\/\"},{\"@type\":\"ListItem\",\"position\":2,\"name\":\"Ako primijetite ovu promjenu na jajima, odmah ih bacite jer nisu dobra za jelo\"}]},{\"@type\":\"WebSite\",\"@id\":\"https:\\\/\\\/radioljubuski.ba\\\/#website\",\"url\":\"https:\\\/\\\/radioljubuski.ba\\\/\",\"name\":\"Radio Ljubu\u0161ki\",\"description\":\"Sun\u010dana frekvencija Hercegovine\",\"publisher\":{\"@id\":\"https:\\\/\\\/radioljubuski.ba\\\/#organization\"},\"potentialAction\":[{\"@type\":\"SearchAction\",\"target\":{\"@type\":\"EntryPoint\",\"urlTemplate\":\"https:\\\/\\\/radioljubuski.ba\\\/?s={search_term_string}\"},\"query-input\":{\"@type\":\"PropertyValueSpecification\",\"valueRequired\":true,\"valueName\":\"search_term_string\"}}],\"inLanguage\":\"hr\"},{\"@type\":\"Organization\",\"@id\":\"https:\\\/\\\/radioljubuski.ba\\\/#organization\",\"name\":\"Radio Ljubu\u0161ki\",\"url\":\"https:\\\/\\\/radioljubuski.ba\\\/\",\"logo\":{\"@type\":\"ImageObject\",\"inLanguage\":\"hr\",\"@id\":\"https:\\\/\\\/radioljubuski.ba\\\/#\\\/schema\\\/logo\\\/image\\\/\",\"url\":\"https:\\\/\\\/radioljubuski.ba\\\/wp-content\\\/uploads\\\/2021\\\/02\\\/cropped-Radio_Ljubuski_logo1.jpg\",\"contentUrl\":\"https:\\\/\\\/radioljubuski.ba\\\/wp-content\\\/uploads\\\/2021\\\/02\\\/cropped-Radio_Ljubuski_logo1.jpg\",\"width\":512,\"height\":512,\"caption\":\"Radio Ljubu\u0161ki\"},\"image\":{\"@id\":\"https:\\\/\\\/radioljubuski.ba\\\/#\\\/schema\\\/logo\\\/image\\\/\"},\"sameAs\":[\"https:\\\/\\\/www.facebook.com\\\/Radiio-Ljubuski-1490835324566332\",\"https:\\\/\\\/x.com\\\/radioljubuski\",\"https:\\\/\\\/hr.linkedin.com\\\/company\\\/radio-ljubuski\",\"https:\\\/\\\/www.youtube.com\\\/channel\\\/UCHYaeO_n0Db3tjNGudGpXyw\"]},{\"@type\":\"Person\",\"@id\":\"https:\\\/\\\/radioljubuski.ba\\\/#\\\/schema\\\/person\\\/19fc700381a780f69665d7956c469e3b\",\"name\":\"Radio Ljubu\u0161ki\"}]}<\/script>\n<!-- \/ Yoast SEO plugin. -->","yoast_head_json":{"title":"Ako primijetite ovu promjenu na jajima, odmah ih bacite jer nisu dobra za jelo - RADIO LJUBU\u0160KI","robots":{"index":"index","follow":"follow","max-snippet":"max-snippet:-1","max-image-preview":"max-image-preview:large","max-video-preview":"max-video-preview:-1"},"canonical":"https:\/\/radioljubuski.ba\/index.php\/2021\/11\/06\/ako-primijetite-ovu-promjenu-na-jajima-odmah-ih-bacite-jer-nisu-dobra-za-jelo\/","og_locale":"hr_HR","og_type":"article","og_title":"Ako primijetite ovu promjenu na jajima, odmah ih bacite jer nisu dobra za jelo - RADIO LJUBU\u0160KI","og_description":"Fina i ukusna, jaja su namirnica puna proteina i pridonose zdravlju. Ipak stru\u010dnjaci upozoravaju na jaje ponekad mo\u017ee biti dom opasne bakterije koja mo\u017ee uzrokovati probleme sa zdravljem. Neki smatraju da su jaja dobar oblik prevencije od razvoja bolesti jer ja\u010daju imunolo\u0161ki sustav koji se bori protiv virusa i infekcija. Mnogi tvrde kako svakodnevna konzumacija [&hellip;]","og_url":"https:\/\/radioljubuski.ba\/index.php\/2021\/11\/06\/ako-primijetite-ovu-promjenu-na-jajima-odmah-ih-bacite-jer-nisu-dobra-za-jelo\/","og_site_name":"RADIO LJUBU\u0160KI","article_publisher":"https:\/\/www.facebook.com\/Radiio-Ljubuski-1490835324566332","article_published_time":"2021-11-06T16:42:17+00:00","article_modified_time":"2021-11-06T16:42:19+00:00","og_image":[{"width":1000,"height":625,"url":"https:\/\/radioljubuski.ba\/wp-content\/uploads\/2021\/11\/8-2021-11-06-15-19-14-JAJA.jpg","type":"image\/jpeg"}],"author":"Radio Ljubu\u0161ki","twitter_card":"summary_large_image","twitter_creator":"@radioljubuski","twitter_site":"@radioljubuski","twitter_misc":{"Napisao\/la":"Radio Ljubu\u0161ki","Procijenjeno vrijeme \u010ditanja":"1 minuta"},"schema":{"@context":"https:\/\/schema.org","@graph":[{"@type":"Article","@id":"https:\/\/radioljubuski.ba\/index.php\/2021\/11\/06\/ako-primijetite-ovu-promjenu-na-jajima-odmah-ih-bacite-jer-nisu-dobra-za-jelo\/#article","isPartOf":{"@id":"https:\/\/radioljubuski.ba\/index.php\/2021\/11\/06\/ako-primijetite-ovu-promjenu-na-jajima-odmah-ih-bacite-jer-nisu-dobra-za-jelo\/"},"author":{"name":"Radio Ljubu\u0161ki","@id":"https:\/\/radioljubuski.ba\/#\/schema\/person\/19fc700381a780f69665d7956c469e3b"},"headline":"Ako primijetite ovu promjenu na jajima, odmah ih bacite jer nisu dobra za jelo","datePublished":"2021-11-06T16:42:17+00:00","dateModified":"2021-11-06T16:42:19+00:00","mainEntityOfPage":{"@id":"https:\/\/radioljubuski.ba\/index.php\/2021\/11\/06\/ako-primijetite-ovu-promjenu-na-jajima-odmah-ih-bacite-jer-nisu-dobra-za-jelo\/"},"wordCount":245,"publisher":{"@id":"https:\/\/radioljubuski.ba\/#organization"},"image":{"@id":"https:\/\/radioljubuski.ba\/index.php\/2021\/11\/06\/ako-primijetite-ovu-promjenu-na-jajima-odmah-ih-bacite-jer-nisu-dobra-za-jelo\/#primaryimage"},"thumbnailUrl":"https:\/\/radioljubuski.ba\/wp-content\/uploads\/2021\/11\/8-2021-11-06-15-19-14-JAJA.jpg","articleSection":["BIH i regija"],"inLanguage":"hr"},{"@type":"WebPage","@id":"https:\/\/radioljubuski.ba\/index.php\/2021\/11\/06\/ako-primijetite-ovu-promjenu-na-jajima-odmah-ih-bacite-jer-nisu-dobra-za-jelo\/","url":"https:\/\/radioljubuski.ba\/index.php\/2021\/11\/06\/ako-primijetite-ovu-promjenu-na-jajima-odmah-ih-bacite-jer-nisu-dobra-za-jelo\/","name":"Ako primijetite ovu promjenu na jajima, odmah ih bacite jer nisu dobra za jelo - RADIO LJUBU\u0160KI","isPartOf":{"@id":"https:\/\/radioljubuski.ba\/#website"},"primaryImageOfPage":{"@id":"https:\/\/radioljubuski.ba\/index.php\/2021\/11\/06\/ako-primijetite-ovu-promjenu-na-jajima-odmah-ih-bacite-jer-nisu-dobra-za-jelo\/#primaryimage"},"image":{"@id":"https:\/\/radioljubuski.ba\/index.php\/2021\/11\/06\/ako-primijetite-ovu-promjenu-na-jajima-odmah-ih-bacite-jer-nisu-dobra-za-jelo\/#primaryimage"},"thumbnailUrl":"https:\/\/radioljubuski.ba\/wp-content\/uploads\/2021\/11\/8-2021-11-06-15-19-14-JAJA.jpg","datePublished":"2021-11-06T16:42:17+00:00","dateModified":"2021-11-06T16:42:19+00:00","breadcrumb":{"@id":"https:\/\/radioljubuski.ba\/index.php\/2021\/11\/06\/ako-primijetite-ovu-promjenu-na-jajima-odmah-ih-bacite-jer-nisu-dobra-za-jelo\/#breadcrumb"},"inLanguage":"hr","potentialAction":[{"@type":"ReadAction","target":["https:\/\/radioljubuski.ba\/index.php\/2021\/11\/06\/ako-primijetite-ovu-promjenu-na-jajima-odmah-ih-bacite-jer-nisu-dobra-za-jelo\/"]}]},{"@type":"ImageObject","inLanguage":"hr","@id":"https:\/\/radioljubuski.ba\/index.php\/2021\/11\/06\/ako-primijetite-ovu-promjenu-na-jajima-odmah-ih-bacite-jer-nisu-dobra-za-jelo\/#primaryimage","url":"https:\/\/radioljubuski.ba\/wp-content\/uploads\/2021\/11\/8-2021-11-06-15-19-14-JAJA.jpg","contentUrl":"https:\/\/radioljubuski.ba\/wp-content\/uploads\/2021\/11\/8-2021-11-06-15-19-14-JAJA.jpg","width":1000,"height":625},{"@type":"BreadcrumbList","@id":"https:\/\/radioljubuski.ba\/index.php\/2021\/11\/06\/ako-primijetite-ovu-promjenu-na-jajima-odmah-ih-bacite-jer-nisu-dobra-za-jelo\/#breadcrumb","itemListElement":[{"@type":"ListItem","position":1,"name":"Po\u010detna stranica","item":"https:\/\/radioljubuski.ba\/"},{"@type":"ListItem","position":2,"name":"Ako primijetite ovu promjenu na jajima, odmah ih bacite jer nisu dobra za jelo"}]},{"@type":"WebSite","@id":"https:\/\/radioljubuski.ba\/#website","url":"https:\/\/radioljubuski.ba\/","name":"Radio Ljubu\u0161ki","description":"Sun\u010dana frekvencija Hercegovine","publisher":{"@id":"https:\/\/radioljubuski.ba\/#organization"},"potentialAction":[{"@type":"SearchAction","target":{"@type":"EntryPoint","urlTemplate":"https:\/\/radioljubuski.ba\/?s={search_term_string}"},"query-input":{"@type":"PropertyValueSpecification","valueRequired":true,"valueName":"search_term_string"}}],"inLanguage":"hr"},{"@type":"Organization","@id":"https:\/\/radioljubuski.ba\/#organization","name":"Radio Ljubu\u0161ki","url":"https:\/\/radioljubuski.ba\/","logo":{"@type":"ImageObject","inLanguage":"hr","@id":"https:\/\/radioljubuski.ba\/#\/schema\/logo\/image\/","url":"https:\/\/radioljubuski.ba\/wp-content\/uploads\/2021\/02\/cropped-Radio_Ljubuski_logo1.jpg","contentUrl":"https:\/\/radioljubuski.ba\/wp-content\/uploads\/2021\/02\/cropped-Radio_Ljubuski_logo1.jpg","width":512,"height":512,"caption":"Radio Ljubu\u0161ki"},"image":{"@id":"https:\/\/radioljubuski.ba\/#\/schema\/logo\/image\/"},"sameAs":["https:\/\/www.facebook.com\/Radiio-Ljubuski-1490835324566332","https:\/\/x.com\/radioljubuski","https:\/\/hr.linkedin.com\/company\/radio-ljubuski","https:\/\/www.youtube.com\/channel\/UCHYaeO_n0Db3tjNGudGpXyw"]},{"@type":"Person","@id":"https:\/\/radioljubuski.ba\/#\/schema\/person\/19fc700381a780f69665d7956c469e3b","name":"Radio Ljubu\u0161ki"}]}},"_links":{"self":[{"href":"https:\/\/radioljubuski.ba\/index.php\/wp-json\/wp\/v2\/posts\/85855","targetHints":{"allow":["GET"]}}],"collection":[{"href":"https:\/\/radioljubuski.ba\/index.php\/wp-json\/wp\/v2\/posts"}],"about":[{"href":"https:\/\/radioljubuski.ba\/index.php\/wp-json\/wp\/v2\/types\/post"}],"author":[{"embeddable":true,"href":"https:\/\/radioljubuski.ba\/index.php\/wp-json\/wp\/v2\/users\/2"}],"replies":[{"embeddable":true,"href":"https:\/\/radioljubuski.ba\/index.php\/wp-json\/wp\/v2\/comments?post=85855"}],"version-history":[{"count":1,"href":"https:\/\/radioljubuski.ba\/index.php\/wp-json\/wp\/v2\/posts\/85855\/revisions"}],"predecessor-version":[{"id":85857,"href":"https:\/\/radioljubuski.ba\/index.php\/wp-json\/wp\/v2\/posts\/85855\/revisions\/85857"}],"wp:featuredmedia":[{"embeddable":true,"href":"https:\/\/radioljubuski.ba\/index.php\/wp-json\/wp\/v2\/media\/85856"}],"wp:attachment":[{"href":"https:\/\/radioljubuski.ba\/index.php\/wp-json\/wp\/v2\/media?parent=85855"}],"wp:term":[{"taxonomy":"category","embeddable":true,"href":"https:\/\/radioljubuski.ba\/index.php\/wp-json\/wp\/v2\/categories?post=85855"},{"taxonomy":"post_tag","embeddable":true,"href":"https:\/\/radioljubuski.ba\/index.php\/wp-json\/wp\/v2\/tags?post=85855"}],"curies":[{"name":"wp","href":"https:\/\/api.w.org\/{rel}","templated":true}]}}