{"id":85858,"date":"2021-11-06T17:43:17","date_gmt":"2021-11-06T16:43:17","guid":{"rendered":"https:\/\/radioljubuski.ba\/?p=85858"},"modified":"2021-11-06T17:43:18","modified_gmt":"2021-11-06T16:43:18","slug":"peteroclana-obitelj-iz-svoga-doma-moze-jedino-camcem","status":"publish","type":"post","link":"https:\/\/radioljubuski.ba\/index.php\/2021\/11\/06\/peteroclana-obitelj-iz-svoga-doma-moze-jedino-camcem\/","title":{"rendered":"Petero\u010dlana obitelj iz svoga doma mo\u017ee jedino \u010damcem"},"content":{"rendered":"\n<p>U kakanjskom naselju Doboj \u017eivi i Aida Musi\u0107 koja je zajedno sa svojom petero\u010dlanom obitelji zarobljena u svome domu, uslijed poplava koje su izazvale padaline.<\/p>\n\n\n\n<p>U ovome mjestu vi\u0161e desetina doma\u0107instava je poplavljeno. Musi\u0107 za&nbsp;<a href=\"https:\/\/ba.n1info.com\/vijesti\/petoclana-porodica-u-kaknju-zarobljena-u-kuci-iz-svoga-doma-mogu-jedino-camcem\/\" target=\"_blank\" rel=\"noreferrer noopener\">N1<\/a>&nbsp;ka\u017ee kako je dobro jer imaju hranu, jedino \u0161to im nedostaje je voda, ali \u0107e im jedan susjed uskoro dostaviti i vodu.<\/p>\n\n\n\n<p>\u201cSvi smo tu gdje smo. Poplavljen je jedan stan dolje, kao i kotlovnica gdje lo\u017eimo vatru\u201c, pri\u010da Musi\u0107.<\/p>\n\n\n\n<p>Ka\u017ee da se griju na grijalice, ali da ih gase, iz straha od elektri\u010dnog udara.<\/p>\n\n\n\n<p>Ova petero\u010dlana obitelj iz ku\u0107e ne mo\u017ee iza\u0107i bez \u010damca, s obzirom da je nivo vode u njihovom dvori\u0161tu oko metar. Poseban problem predstavlja to \u0161to su ostali bez vode a poplavljena je i kotlovnica, me\u0111utim ne gube optimizam.<\/p>\n\n\n\n<p>U Kaknju je ova lokacija najpogo\u0111enija poplavama. Za\u010depljen je vodovod jer se u rijeku Bukovicu iz koje se grad napaja vodom nanio mulj i granje u vodovodnu mre\u017eu zbog \u010dega su ekipe vodovoda na terenu i rje\u0161avaju problem. Nadle\u017eni navode kako bi voda trebala do\u0107i u narednih nekoliko sati.izvor:N1<\/p>\n","protected":false},"excerpt":{"rendered":"<p>U kakanjskom naselju Doboj \u017eivi i Aida Musi\u0107 koja je zajedno sa svojom petero\u010dlanom obitelji zarobljena u svome domu, uslijed poplava koje su izazvale padaline. U ovome mjestu vi\u0161e desetina doma\u0107instava je poplavljeno. Musi\u0107 za&nbsp;N1&nbsp;ka\u017ee kako je dobro jer imaju hranu, jedino \u0161to im nedostaje je voda, ali \u0107e im jedan susjed uskoro dostaviti i [&hellip;]<\/p>\n","protected":false},"author":2,"featured_media":85859,"comment_status":"closed","ping_status":"closed","sticky":false,"template":"","format":"standard","meta":{"h5ap_radio_sources":[],"footnotes":""},"categories":[1],"tags":[],"class_list":["post-85858","post","type-post","status-publish","format-standard","has-post-thumbnail","hentry","category-bihiregija"],"yoast_head":"<!-- This site is optimized with the Yoast SEO plugin v27.5 - https:\/\/yoast.com\/product\/yoast-seo-wordpress\/ -->\n<title>Petero\u010dlana obitelj iz svoga doma mo\u017ee jedino \u010damcem - RADIO LJUBU\u0160KI<\/title>\n<meta name=\"robots\" content=\"index, follow, max-snippet:-1, max-image-preview:large, max-video-preview:-1\" \/>\n<link rel=\"canonical\" href=\"https:\/\/radioljubuski.ba\/index.php\/2021\/11\/06\/peteroclana-obitelj-iz-svoga-doma-moze-jedino-camcem\/\" \/>\n<meta property=\"og:locale\" content=\"hr_HR\" \/>\n<meta property=\"og:type\" content=\"article\" \/>\n<meta property=\"og:title\" content=\"Petero\u010dlana obitelj iz svoga doma mo\u017ee jedino \u010damcem - RADIO LJUBU\u0160KI\" \/>\n<meta property=\"og:description\" content=\"U kakanjskom naselju Doboj \u017eivi i Aida Musi\u0107 koja je zajedno sa svojom petero\u010dlanom obitelji zarobljena u svome domu, uslijed poplava koje su izazvale padaline. U ovome mjestu vi\u0161e desetina doma\u0107instava je poplavljeno. Musi\u0107 za&nbsp;N1&nbsp;ka\u017ee kako je dobro jer imaju hranu, jedino \u0161to im nedostaje je voda, ali \u0107e im jedan susjed uskoro dostaviti i [&hellip;]\" \/>\n<meta property=\"og:url\" content=\"https:\/\/radioljubuski.ba\/index.php\/2021\/11\/06\/peteroclana-obitelj-iz-svoga-doma-moze-jedino-camcem\/\" \/>\n<meta property=\"og:site_name\" content=\"RADIO LJUBU\u0160KI\" \/>\n<meta property=\"article:publisher\" content=\"https:\/\/www.facebook.com\/Radiio-Ljubuski-1490835324566332\" \/>\n<meta property=\"article:published_time\" content=\"2021-11-06T16:43:17+00:00\" \/>\n<meta property=\"article:modified_time\" content=\"2021-11-06T16:43:18+00:00\" \/>\n<meta property=\"og:image\" content=\"https:\/\/radioljubuski.ba\/wp-content\/uploads\/2021\/11\/8-2021-11-06-15-24-20-KAKANJ-OBITELJ-POPLAVA.jpg\" \/>\n\t<meta property=\"og:image:width\" content=\"1000\" \/>\n\t<meta property=\"og:image:height\" content=\"625\" \/>\n\t<meta property=\"og:image:type\" content=\"image\/jpeg\" \/>\n<meta name=\"author\" content=\"Radio Ljubu\u0161ki\" \/>\n<meta name=\"twitter:card\" content=\"summary_large_image\" \/>\n<meta name=\"twitter:creator\" content=\"@radioljubuski\" \/>\n<meta name=\"twitter:site\" content=\"@radioljubuski\" \/>\n<meta name=\"twitter:label1\" content=\"Napisao\/la\" \/>\n\t<meta name=\"twitter:data1\" content=\"Radio Ljubu\u0161ki\" \/>\n\t<meta name=\"twitter:label2\" content=\"Procijenjeno vrijeme \u010ditanja\" \/>\n\t<meta name=\"twitter:data2\" content=\"1 minuta\" \/>\n<script type=\"application\/ld+json\" class=\"yoast-schema-graph\">{\"@context\":\"https:\\\/\\\/schema.org\",\"@graph\":[{\"@type\":\"Article\",\"@id\":\"https:\\\/\\\/radioljubuski.ba\\\/index.php\\\/2021\\\/11\\\/06\\\/peteroclana-obitelj-iz-svoga-doma-moze-jedino-camcem\\\/#article\",\"isPartOf\":{\"@id\":\"https:\\\/\\\/radioljubuski.ba\\\/index.php\\\/2021\\\/11\\\/06\\\/peteroclana-obitelj-iz-svoga-doma-moze-jedino-camcem\\\/\"},\"author\":{\"name\":\"Radio Ljubu\u0161ki\",\"@id\":\"https:\\\/\\\/radioljubuski.ba\\\/#\\\/schema\\\/person\\\/19fc700381a780f69665d7956c469e3b\"},\"headline\":\"Petero\u010dlana obitelj iz svoga doma mo\u017ee jedino \u010damcem\",\"datePublished\":\"2021-11-06T16:43:17+00:00\",\"dateModified\":\"2021-11-06T16:43:18+00:00\",\"mainEntityOfPage\":{\"@id\":\"https:\\\/\\\/radioljubuski.ba\\\/index.php\\\/2021\\\/11\\\/06\\\/peteroclana-obitelj-iz-svoga-doma-moze-jedino-camcem\\\/\"},\"wordCount\":213,\"publisher\":{\"@id\":\"https:\\\/\\\/radioljubuski.ba\\\/#organization\"},\"image\":{\"@id\":\"https:\\\/\\\/radioljubuski.ba\\\/index.php\\\/2021\\\/11\\\/06\\\/peteroclana-obitelj-iz-svoga-doma-moze-jedino-camcem\\\/#primaryimage\"},\"thumbnailUrl\":\"https:\\\/\\\/radioljubuski.ba\\\/wp-content\\\/uploads\\\/2021\\\/11\\\/8-2021-11-06-15-24-20-KAKANJ-OBITELJ-POPLAVA.jpg\",\"articleSection\":[\"BIH i regija\"],\"inLanguage\":\"hr\"},{\"@type\":\"WebPage\",\"@id\":\"https:\\\/\\\/radioljubuski.ba\\\/index.php\\\/2021\\\/11\\\/06\\\/peteroclana-obitelj-iz-svoga-doma-moze-jedino-camcem\\\/\",\"url\":\"https:\\\/\\\/radioljubuski.ba\\\/index.php\\\/2021\\\/11\\\/06\\\/peteroclana-obitelj-iz-svoga-doma-moze-jedino-camcem\\\/\",\"name\":\"Petero\u010dlana obitelj iz svoga doma mo\u017ee jedino \u010damcem - RADIO LJUBU\u0160KI\",\"isPartOf\":{\"@id\":\"https:\\\/\\\/radioljubuski.ba\\\/#website\"},\"primaryImageOfPage\":{\"@id\":\"https:\\\/\\\/radioljubuski.ba\\\/index.php\\\/2021\\\/11\\\/06\\\/peteroclana-obitelj-iz-svoga-doma-moze-jedino-camcem\\\/#primaryimage\"},\"image\":{\"@id\":\"https:\\\/\\\/radioljubuski.ba\\\/index.php\\\/2021\\\/11\\\/06\\\/peteroclana-obitelj-iz-svoga-doma-moze-jedino-camcem\\\/#primaryimage\"},\"thumbnailUrl\":\"https:\\\/\\\/radioljubuski.ba\\\/wp-content\\\/uploads\\\/2021\\\/11\\\/8-2021-11-06-15-24-20-KAKANJ-OBITELJ-POPLAVA.jpg\",\"datePublished\":\"2021-11-06T16:43:17+00:00\",\"dateModified\":\"2021-11-06T16:43:18+00:00\",\"breadcrumb\":{\"@id\":\"https:\\\/\\\/radioljubuski.ba\\\/index.php\\\/2021\\\/11\\\/06\\\/peteroclana-obitelj-iz-svoga-doma-moze-jedino-camcem\\\/#breadcrumb\"},\"inLanguage\":\"hr\",\"potentialAction\":[{\"@type\":\"ReadAction\",\"target\":[\"https:\\\/\\\/radioljubuski.ba\\\/index.php\\\/2021\\\/11\\\/06\\\/peteroclana-obitelj-iz-svoga-doma-moze-jedino-camcem\\\/\"]}]},{\"@type\":\"ImageObject\",\"inLanguage\":\"hr\",\"@id\":\"https:\\\/\\\/radioljubuski.ba\\\/index.php\\\/2021\\\/11\\\/06\\\/peteroclana-obitelj-iz-svoga-doma-moze-jedino-camcem\\\/#primaryimage\",\"url\":\"https:\\\/\\\/radioljubuski.ba\\\/wp-content\\\/uploads\\\/2021\\\/11\\\/8-2021-11-06-15-24-20-KAKANJ-OBITELJ-POPLAVA.jpg\",\"contentUrl\":\"https:\\\/\\\/radioljubuski.ba\\\/wp-content\\\/uploads\\\/2021\\\/11\\\/8-2021-11-06-15-24-20-KAKANJ-OBITELJ-POPLAVA.jpg\",\"width\":1000,\"height\":625},{\"@type\":\"BreadcrumbList\",\"@id\":\"https:\\\/\\\/radioljubuski.ba\\\/index.php\\\/2021\\\/11\\\/06\\\/peteroclana-obitelj-iz-svoga-doma-moze-jedino-camcem\\\/#breadcrumb\",\"itemListElement\":[{\"@type\":\"ListItem\",\"position\":1,\"name\":\"Po\u010detna stranica\",\"item\":\"https:\\\/\\\/radioljubuski.ba\\\/\"},{\"@type\":\"ListItem\",\"position\":2,\"name\":\"Petero\u010dlana obitelj iz svoga doma mo\u017ee jedino \u010damcem\"}]},{\"@type\":\"WebSite\",\"@id\":\"https:\\\/\\\/radioljubuski.ba\\\/#website\",\"url\":\"https:\\\/\\\/radioljubuski.ba\\\/\",\"name\":\"Radio Ljubu\u0161ki\",\"description\":\"Sun\u010dana frekvencija Hercegovine\",\"publisher\":{\"@id\":\"https:\\\/\\\/radioljubuski.ba\\\/#organization\"},\"potentialAction\":[{\"@type\":\"SearchAction\",\"target\":{\"@type\":\"EntryPoint\",\"urlTemplate\":\"https:\\\/\\\/radioljubuski.ba\\\/?s={search_term_string}\"},\"query-input\":{\"@type\":\"PropertyValueSpecification\",\"valueRequired\":true,\"valueName\":\"search_term_string\"}}],\"inLanguage\":\"hr\"},{\"@type\":\"Organization\",\"@id\":\"https:\\\/\\\/radioljubuski.ba\\\/#organization\",\"name\":\"Radio Ljubu\u0161ki\",\"url\":\"https:\\\/\\\/radioljubuski.ba\\\/\",\"logo\":{\"@type\":\"ImageObject\",\"inLanguage\":\"hr\",\"@id\":\"https:\\\/\\\/radioljubuski.ba\\\/#\\\/schema\\\/logo\\\/image\\\/\",\"url\":\"https:\\\/\\\/radioljubuski.ba\\\/wp-content\\\/uploads\\\/2021\\\/02\\\/cropped-Radio_Ljubuski_logo1.jpg\",\"contentUrl\":\"https:\\\/\\\/radioljubuski.ba\\\/wp-content\\\/uploads\\\/2021\\\/02\\\/cropped-Radio_Ljubuski_logo1.jpg\",\"width\":512,\"height\":512,\"caption\":\"Radio Ljubu\u0161ki\"},\"image\":{\"@id\":\"https:\\\/\\\/radioljubuski.ba\\\/#\\\/schema\\\/logo\\\/image\\\/\"},\"sameAs\":[\"https:\\\/\\\/www.facebook.com\\\/Radiio-Ljubuski-1490835324566332\",\"https:\\\/\\\/x.com\\\/radioljubuski\",\"https:\\\/\\\/hr.linkedin.com\\\/company\\\/radio-ljubuski\",\"https:\\\/\\\/www.youtube.com\\\/channel\\\/UCHYaeO_n0Db3tjNGudGpXyw\"]},{\"@type\":\"Person\",\"@id\":\"https:\\\/\\\/radioljubuski.ba\\\/#\\\/schema\\\/person\\\/19fc700381a780f69665d7956c469e3b\",\"name\":\"Radio Ljubu\u0161ki\"}]}<\/script>\n<!-- \/ Yoast SEO plugin. -->","yoast_head_json":{"title":"Petero\u010dlana obitelj iz svoga doma mo\u017ee jedino \u010damcem - RADIO LJUBU\u0160KI","robots":{"index":"index","follow":"follow","max-snippet":"max-snippet:-1","max-image-preview":"max-image-preview:large","max-video-preview":"max-video-preview:-1"},"canonical":"https:\/\/radioljubuski.ba\/index.php\/2021\/11\/06\/peteroclana-obitelj-iz-svoga-doma-moze-jedino-camcem\/","og_locale":"hr_HR","og_type":"article","og_title":"Petero\u010dlana obitelj iz svoga doma mo\u017ee jedino \u010damcem - RADIO LJUBU\u0160KI","og_description":"U kakanjskom naselju Doboj \u017eivi i Aida Musi\u0107 koja je zajedno sa svojom petero\u010dlanom obitelji zarobljena u svome domu, uslijed poplava koje su izazvale padaline. U ovome mjestu vi\u0161e desetina doma\u0107instava je poplavljeno. Musi\u0107 za&nbsp;N1&nbsp;ka\u017ee kako je dobro jer imaju hranu, jedino \u0161to im nedostaje je voda, ali \u0107e im jedan susjed uskoro dostaviti i [&hellip;]","og_url":"https:\/\/radioljubuski.ba\/index.php\/2021\/11\/06\/peteroclana-obitelj-iz-svoga-doma-moze-jedino-camcem\/","og_site_name":"RADIO LJUBU\u0160KI","article_publisher":"https:\/\/www.facebook.com\/Radiio-Ljubuski-1490835324566332","article_published_time":"2021-11-06T16:43:17+00:00","article_modified_time":"2021-11-06T16:43:18+00:00","og_image":[{"width":1000,"height":625,"url":"https:\/\/radioljubuski.ba\/wp-content\/uploads\/2021\/11\/8-2021-11-06-15-24-20-KAKANJ-OBITELJ-POPLAVA.jpg","type":"image\/jpeg"}],"author":"Radio Ljubu\u0161ki","twitter_card":"summary_large_image","twitter_creator":"@radioljubuski","twitter_site":"@radioljubuski","twitter_misc":{"Napisao\/la":"Radio Ljubu\u0161ki","Procijenjeno vrijeme \u010ditanja":"1 minuta"},"schema":{"@context":"https:\/\/schema.org","@graph":[{"@type":"Article","@id":"https:\/\/radioljubuski.ba\/index.php\/2021\/11\/06\/peteroclana-obitelj-iz-svoga-doma-moze-jedino-camcem\/#article","isPartOf":{"@id":"https:\/\/radioljubuski.ba\/index.php\/2021\/11\/06\/peteroclana-obitelj-iz-svoga-doma-moze-jedino-camcem\/"},"author":{"name":"Radio Ljubu\u0161ki","@id":"https:\/\/radioljubuski.ba\/#\/schema\/person\/19fc700381a780f69665d7956c469e3b"},"headline":"Petero\u010dlana obitelj iz svoga doma mo\u017ee jedino \u010damcem","datePublished":"2021-11-06T16:43:17+00:00","dateModified":"2021-11-06T16:43:18+00:00","mainEntityOfPage":{"@id":"https:\/\/radioljubuski.ba\/index.php\/2021\/11\/06\/peteroclana-obitelj-iz-svoga-doma-moze-jedino-camcem\/"},"wordCount":213,"publisher":{"@id":"https:\/\/radioljubuski.ba\/#organization"},"image":{"@id":"https:\/\/radioljubuski.ba\/index.php\/2021\/11\/06\/peteroclana-obitelj-iz-svoga-doma-moze-jedino-camcem\/#primaryimage"},"thumbnailUrl":"https:\/\/radioljubuski.ba\/wp-content\/uploads\/2021\/11\/8-2021-11-06-15-24-20-KAKANJ-OBITELJ-POPLAVA.jpg","articleSection":["BIH i regija"],"inLanguage":"hr"},{"@type":"WebPage","@id":"https:\/\/radioljubuski.ba\/index.php\/2021\/11\/06\/peteroclana-obitelj-iz-svoga-doma-moze-jedino-camcem\/","url":"https:\/\/radioljubuski.ba\/index.php\/2021\/11\/06\/peteroclana-obitelj-iz-svoga-doma-moze-jedino-camcem\/","name":"Petero\u010dlana obitelj iz svoga doma mo\u017ee jedino \u010damcem - RADIO LJUBU\u0160KI","isPartOf":{"@id":"https:\/\/radioljubuski.ba\/#website"},"primaryImageOfPage":{"@id":"https:\/\/radioljubuski.ba\/index.php\/2021\/11\/06\/peteroclana-obitelj-iz-svoga-doma-moze-jedino-camcem\/#primaryimage"},"image":{"@id":"https:\/\/radioljubuski.ba\/index.php\/2021\/11\/06\/peteroclana-obitelj-iz-svoga-doma-moze-jedino-camcem\/#primaryimage"},"thumbnailUrl":"https:\/\/radioljubuski.ba\/wp-content\/uploads\/2021\/11\/8-2021-11-06-15-24-20-KAKANJ-OBITELJ-POPLAVA.jpg","datePublished":"2021-11-06T16:43:17+00:00","dateModified":"2021-11-06T16:43:18+00:00","breadcrumb":{"@id":"https:\/\/radioljubuski.ba\/index.php\/2021\/11\/06\/peteroclana-obitelj-iz-svoga-doma-moze-jedino-camcem\/#breadcrumb"},"inLanguage":"hr","potentialAction":[{"@type":"ReadAction","target":["https:\/\/radioljubuski.ba\/index.php\/2021\/11\/06\/peteroclana-obitelj-iz-svoga-doma-moze-jedino-camcem\/"]}]},{"@type":"ImageObject","inLanguage":"hr","@id":"https:\/\/radioljubuski.ba\/index.php\/2021\/11\/06\/peteroclana-obitelj-iz-svoga-doma-moze-jedino-camcem\/#primaryimage","url":"https:\/\/radioljubuski.ba\/wp-content\/uploads\/2021\/11\/8-2021-11-06-15-24-20-KAKANJ-OBITELJ-POPLAVA.jpg","contentUrl":"https:\/\/radioljubuski.ba\/wp-content\/uploads\/2021\/11\/8-2021-11-06-15-24-20-KAKANJ-OBITELJ-POPLAVA.jpg","width":1000,"height":625},{"@type":"BreadcrumbList","@id":"https:\/\/radioljubuski.ba\/index.php\/2021\/11\/06\/peteroclana-obitelj-iz-svoga-doma-moze-jedino-camcem\/#breadcrumb","itemListElement":[{"@type":"ListItem","position":1,"name":"Po\u010detna stranica","item":"https:\/\/radioljubuski.ba\/"},{"@type":"ListItem","position":2,"name":"Petero\u010dlana obitelj iz svoga doma mo\u017ee jedino \u010damcem"}]},{"@type":"WebSite","@id":"https:\/\/radioljubuski.ba\/#website","url":"https:\/\/radioljubuski.ba\/","name":"Radio Ljubu\u0161ki","description":"Sun\u010dana frekvencija Hercegovine","publisher":{"@id":"https:\/\/radioljubuski.ba\/#organization"},"potentialAction":[{"@type":"SearchAction","target":{"@type":"EntryPoint","urlTemplate":"https:\/\/radioljubuski.ba\/?s={search_term_string}"},"query-input":{"@type":"PropertyValueSpecification","valueRequired":true,"valueName":"search_term_string"}}],"inLanguage":"hr"},{"@type":"Organization","@id":"https:\/\/radioljubuski.ba\/#organization","name":"Radio Ljubu\u0161ki","url":"https:\/\/radioljubuski.ba\/","logo":{"@type":"ImageObject","inLanguage":"hr","@id":"https:\/\/radioljubuski.ba\/#\/schema\/logo\/image\/","url":"https:\/\/radioljubuski.ba\/wp-content\/uploads\/2021\/02\/cropped-Radio_Ljubuski_logo1.jpg","contentUrl":"https:\/\/radioljubuski.ba\/wp-content\/uploads\/2021\/02\/cropped-Radio_Ljubuski_logo1.jpg","width":512,"height":512,"caption":"Radio Ljubu\u0161ki"},"image":{"@id":"https:\/\/radioljubuski.ba\/#\/schema\/logo\/image\/"},"sameAs":["https:\/\/www.facebook.com\/Radiio-Ljubuski-1490835324566332","https:\/\/x.com\/radioljubuski","https:\/\/hr.linkedin.com\/company\/radio-ljubuski","https:\/\/www.youtube.com\/channel\/UCHYaeO_n0Db3tjNGudGpXyw"]},{"@type":"Person","@id":"https:\/\/radioljubuski.ba\/#\/schema\/person\/19fc700381a780f69665d7956c469e3b","name":"Radio Ljubu\u0161ki"}]}},"_links":{"self":[{"href":"https:\/\/radioljubuski.ba\/index.php\/wp-json\/wp\/v2\/posts\/85858","targetHints":{"allow":["GET"]}}],"collection":[{"href":"https:\/\/radioljubuski.ba\/index.php\/wp-json\/wp\/v2\/posts"}],"about":[{"href":"https:\/\/radioljubuski.ba\/index.php\/wp-json\/wp\/v2\/types\/post"}],"author":[{"embeddable":true,"href":"https:\/\/radioljubuski.ba\/index.php\/wp-json\/wp\/v2\/users\/2"}],"replies":[{"embeddable":true,"href":"https:\/\/radioljubuski.ba\/index.php\/wp-json\/wp\/v2\/comments?post=85858"}],"version-history":[{"count":1,"href":"https:\/\/radioljubuski.ba\/index.php\/wp-json\/wp\/v2\/posts\/85858\/revisions"}],"predecessor-version":[{"id":85860,"href":"https:\/\/radioljubuski.ba\/index.php\/wp-json\/wp\/v2\/posts\/85858\/revisions\/85860"}],"wp:featuredmedia":[{"embeddable":true,"href":"https:\/\/radioljubuski.ba\/index.php\/wp-json\/wp\/v2\/media\/85859"}],"wp:attachment":[{"href":"https:\/\/radioljubuski.ba\/index.php\/wp-json\/wp\/v2\/media?parent=85858"}],"wp:term":[{"taxonomy":"category","embeddable":true,"href":"https:\/\/radioljubuski.ba\/index.php\/wp-json\/wp\/v2\/categories?post=85858"},{"taxonomy":"post_tag","embeddable":true,"href":"https:\/\/radioljubuski.ba\/index.php\/wp-json\/wp\/v2\/tags?post=85858"}],"curies":[{"name":"wp","href":"https:\/\/api.w.org\/{rel}","templated":true}]}}