{"id":85883,"date":"2021-11-06T18:08:51","date_gmt":"2021-11-06T17:08:51","guid":{"rendered":"https:\/\/radioljubuski.ba\/?p=85883"},"modified":"2021-11-06T18:08:53","modified_gmt":"2021-11-06T17:08:53","slug":"strava-u-sierra-leoneu-u-eksploziji-cisterne-poginulo-vise-od-90-ljudi-preko-stotinu-je-ozlijedenih","status":"publish","type":"post","link":"https:\/\/radioljubuski.ba\/index.php\/2021\/11\/06\/strava-u-sierra-leoneu-u-eksploziji-cisterne-poginulo-vise-od-90-ljudi-preko-stotinu-je-ozlijedenih\/","title":{"rendered":"Strava u Sierra Leoneu: u eksploziji cisterne poginulo vi\u0161e od 90 ljudi, preko stotinu je ozlije\u0111enih"},"content":{"rendered":"\n<p>Devedeset jedna osoba je poginula, a&nbsp;vi\u0161e od 100 je ozlije\u0111eno u petak u glavnom gradu Sierra Leonea kad je eksplodirao kamion cisterna&nbsp;nakon sudara, objavili su&nbsp;sredi\u0161nja mrtva\u010dnica i lokalne vlasti.<\/p>\n\n\n\n<p>Vlada jo\u0161 nije potvrdila broj mrtvih, no upravitelj sredi\u0161nje mrtva\u010dnice u Freetownu rekao&nbsp;je da je nakon eksplozije pristiglo 91 tijelo.<\/p>\n\n\n\n<p>Dodatnih 100 ozlije\u0111enih primljeno je u bolnice i klinike diljem glavnog grada, rekao je zamjenik ministra zdravstva Amara Jambai.<\/p>\n\n\n\n<p>Me\u0111u \u017ertvama su i ljudi koji su skupljali gorivo koje je procurilo iz o\u0161te\u0107ene\u00a0cisterne, rekla je u postu na Facebooku Yvonne Aki-Sawyerr, gradona\u010delnica lu\u010dkog grada.<\/p>\n\n\n\nhttps:\/\/www.youtube.com\/watch?v=xve1b0faOM4\n\n\n\n<p>&#8220;Imamo puno \u017ertava, spaljenih trupala&#8221;, rekao je&nbsp;Brima Bureh Sesay, \u010delnik nacionalne agencije za krizni menad\u017ement, u videu s mjesta doga\u0111aja. &#8220;To je grozna, grozna nesre\u0107a.&#8221; Slike koje su se dijelile online pokazale su nekoliko te\u0161ko ope\u010denih \u017ertava kako le\u017ee na ulicama dok se po\u017ear pro\u0161irio na trgovine i ku\u0107e u blizini.&nbsp;<\/p>\n\n\n\n<p>Nesre\u0107e cisterni&nbsp;u subsaharskoj Africi prethodno su ve\u0107 usmr\u0107ivale veliki broj&nbsp;ljudi&nbsp;koji bi se okupljali kako bi skupili proliveno gorivo te bi stradali od eksplozije.<\/p>\n\n\n\n<p>2019. je eksplozija cisterne na istoku Tanzanije usmrtila 85 osoba, dok je 50 osoba ubijeno u sli\u010dnoj katastrofi u Demokratskoj Republici Kongo 2018. godine.<\/p>\n\n\n\n<blockquote class=\"twitter-tweet\"><p lang=\"en\" dir=\"ltr\">Our thoughts and prayers and go to the families of the victims who perished in the horrific fuel tanker explosion in <a href=\"https:\/\/twitter.com\/hashtag\/SierraLeone?src=hash&amp;ref_src=twsrc%5Etfw\">#SierraLeone<\/a> <a href=\"https:\/\/twitter.com\/hashtag\/Freetown?src=hash&amp;ref_src=twsrc%5Etfw\">#Freetown<\/a> wishing a full recovery to those injured. We stand in solidarity with the people of <a href=\"https:\/\/twitter.com\/hashtag\/SierraLeone?src=hash&amp;ref_src=twsrc%5Etfw\">#SierraLeone<\/a> during this this difficult time. <a href=\"https:\/\/t.co\/6zMn3LtezO\">pic.twitter.com\/6zMn3LtezO<\/a><\/p>&mdash; African (@ali_naka) <a href=\"https:\/\/twitter.com\/ali_naka\/status\/1456968121106026502?ref_src=twsrc%5Etfw\">November 6, 2021<\/a><\/blockquote> <script async src=\"https:\/\/platform.twitter.com\/widgets.js\" charset=\"utf-8\"><\/script>\n\n\n\n<p>Gradona\u010delnica je rekla da razmjeri&nbsp;\u0161tete u Freetownu jo\u0161 nisu&nbsp;poznata, dodav\u0161i da su policija i njezin zamjenik na mjestu doga\u0111aja spremni pomo\u0107i slu\u017ebenicima za upravljanje katastrofama.<\/p>\n\n\n\n<p>&#8220;Moje najdublje suosje\u0107anje obiteljima koji su izgubili najmilije i onima koji su osaka\u0107eni&#8221;, tvitao je predsjednik Julius Maada.<\/p>\n\n\n\n<p>&#8220;Moja vlada \u0107e u\u010diniti sve da pomogne obiteljima stradalih.&#8221;<\/p>\n\n\n\n<p><a href=\"https:\/\/slobodnadalmacija.hr\/autor\/hina-3126\"><strong>PI\u0160E&nbsp;<\/strong>HINA<\/a>\/PSD<\/p>\n","protected":false},"excerpt":{"rendered":"<p>Devedeset jedna osoba je poginula, a&nbsp;vi\u0161e od 100 je ozlije\u0111eno u petak u glavnom gradu Sierra Leonea kad je eksplodirao kamion cisterna&nbsp;nakon sudara, objavili su&nbsp;sredi\u0161nja mrtva\u010dnica i lokalne vlasti. Vlada jo\u0161 nije potvrdila broj mrtvih, no upravitelj sredi\u0161nje mrtva\u010dnice u Freetownu rekao&nbsp;je da je nakon eksplozije pristiglo 91 tijelo. Dodatnih 100 ozlije\u0111enih primljeno je u [&hellip;]<\/p>\n","protected":false},"author":2,"featured_media":85884,"comment_status":"closed","ping_status":"closed","sticky":false,"template":"","format":"standard","meta":{"h5ap_radio_sources":[],"footnotes":""},"categories":[1],"tags":[],"class_list":["post-85883","post","type-post","status-publish","format-standard","has-post-thumbnail","hentry","category-bihiregija"],"yoast_head":"<!-- This site is optimized with the Yoast SEO plugin v27.5 - https:\/\/yoast.com\/product\/yoast-seo-wordpress\/ -->\n<title>Strava u Sierra Leoneu: u eksploziji cisterne poginulo vi\u0161e od 90 ljudi, preko stotinu je ozlije\u0111enih - RADIO LJUBU\u0160KI<\/title>\n<meta name=\"robots\" content=\"index, follow, max-snippet:-1, max-image-preview:large, max-video-preview:-1\" \/>\n<link rel=\"canonical\" href=\"https:\/\/radioljubuski.ba\/index.php\/2021\/11\/06\/strava-u-sierra-leoneu-u-eksploziji-cisterne-poginulo-vise-od-90-ljudi-preko-stotinu-je-ozlijedenih\/\" \/>\n<meta property=\"og:locale\" content=\"hr_HR\" \/>\n<meta property=\"og:type\" content=\"article\" \/>\n<meta property=\"og:title\" content=\"Strava u Sierra Leoneu: u eksploziji cisterne poginulo vi\u0161e od 90 ljudi, preko stotinu je ozlije\u0111enih - RADIO LJUBU\u0160KI\" \/>\n<meta property=\"og:description\" content=\"Devedeset jedna osoba je poginula, a&nbsp;vi\u0161e od 100 je ozlije\u0111eno u petak u glavnom gradu Sierra Leonea kad je eksplodirao kamion cisterna&nbsp;nakon sudara, objavili su&nbsp;sredi\u0161nja mrtva\u010dnica i lokalne vlasti. Vlada jo\u0161 nije potvrdila broj mrtvih, no upravitelj sredi\u0161nje mrtva\u010dnice u Freetownu rekao&nbsp;je da je nakon eksplozije pristiglo 91 tijelo. Dodatnih 100 ozlije\u0111enih primljeno je u [&hellip;]\" \/>\n<meta property=\"og:url\" content=\"https:\/\/radioljubuski.ba\/index.php\/2021\/11\/06\/strava-u-sierra-leoneu-u-eksploziji-cisterne-poginulo-vise-od-90-ljudi-preko-stotinu-je-ozlijedenih\/\" \/>\n<meta property=\"og:site_name\" content=\"RADIO LJUBU\u0160KI\" \/>\n<meta property=\"article:publisher\" content=\"https:\/\/www.facebook.com\/Radiio-Ljubuski-1490835324566332\" \/>\n<meta property=\"article:published_time\" content=\"2021-11-06T17:08:51+00:00\" \/>\n<meta property=\"article:modified_time\" content=\"2021-11-06T17:08:53+00:00\" \/>\n<meta property=\"og:image\" content=\"https:\/\/radioljubuski.ba\/wp-content\/uploads\/2021\/11\/o_19913828_1024.jpg\" \/>\n\t<meta property=\"og:image:width\" content=\"1024\" \/>\n\t<meta property=\"og:image:height\" content=\"682\" \/>\n\t<meta property=\"og:image:type\" content=\"image\/jpeg\" \/>\n<meta name=\"author\" content=\"Radio Ljubu\u0161ki\" \/>\n<meta name=\"twitter:card\" content=\"summary_large_image\" \/>\n<meta name=\"twitter:creator\" content=\"@radioljubuski\" \/>\n<meta name=\"twitter:site\" content=\"@radioljubuski\" \/>\n<meta name=\"twitter:label1\" content=\"Napisao\/la\" \/>\n\t<meta name=\"twitter:data1\" content=\"Radio Ljubu\u0161ki\" \/>\n\t<meta name=\"twitter:label2\" content=\"Procijenjeno vrijeme \u010ditanja\" \/>\n\t<meta name=\"twitter:data2\" content=\"2 minute\" \/>\n<script type=\"application\/ld+json\" class=\"yoast-schema-graph\">{\"@context\":\"https:\\\/\\\/schema.org\",\"@graph\":[{\"@type\":\"Article\",\"@id\":\"https:\\\/\\\/radioljubuski.ba\\\/index.php\\\/2021\\\/11\\\/06\\\/strava-u-sierra-leoneu-u-eksploziji-cisterne-poginulo-vise-od-90-ljudi-preko-stotinu-je-ozlijedenih\\\/#article\",\"isPartOf\":{\"@id\":\"https:\\\/\\\/radioljubuski.ba\\\/index.php\\\/2021\\\/11\\\/06\\\/strava-u-sierra-leoneu-u-eksploziji-cisterne-poginulo-vise-od-90-ljudi-preko-stotinu-je-ozlijedenih\\\/\"},\"author\":{\"name\":\"Radio Ljubu\u0161ki\",\"@id\":\"https:\\\/\\\/radioljubuski.ba\\\/#\\\/schema\\\/person\\\/19fc700381a780f69665d7956c469e3b\"},\"headline\":\"Strava u Sierra Leoneu: u eksploziji cisterne poginulo vi\u0161e od 90 ljudi, preko stotinu je ozlije\u0111enih\",\"datePublished\":\"2021-11-06T17:08:51+00:00\",\"dateModified\":\"2021-11-06T17:08:53+00:00\",\"mainEntityOfPage\":{\"@id\":\"https:\\\/\\\/radioljubuski.ba\\\/index.php\\\/2021\\\/11\\\/06\\\/strava-u-sierra-leoneu-u-eksploziji-cisterne-poginulo-vise-od-90-ljudi-preko-stotinu-je-ozlijedenih\\\/\"},\"wordCount\":375,\"publisher\":{\"@id\":\"https:\\\/\\\/radioljubuski.ba\\\/#organization\"},\"image\":{\"@id\":\"https:\\\/\\\/radioljubuski.ba\\\/index.php\\\/2021\\\/11\\\/06\\\/strava-u-sierra-leoneu-u-eksploziji-cisterne-poginulo-vise-od-90-ljudi-preko-stotinu-je-ozlijedenih\\\/#primaryimage\"},\"thumbnailUrl\":\"https:\\\/\\\/radioljubuski.ba\\\/wp-content\\\/uploads\\\/2021\\\/11\\\/o_19913828_1024.jpg\",\"articleSection\":[\"BIH i regija\"],\"inLanguage\":\"hr\"},{\"@type\":\"WebPage\",\"@id\":\"https:\\\/\\\/radioljubuski.ba\\\/index.php\\\/2021\\\/11\\\/06\\\/strava-u-sierra-leoneu-u-eksploziji-cisterne-poginulo-vise-od-90-ljudi-preko-stotinu-je-ozlijedenih\\\/\",\"url\":\"https:\\\/\\\/radioljubuski.ba\\\/index.php\\\/2021\\\/11\\\/06\\\/strava-u-sierra-leoneu-u-eksploziji-cisterne-poginulo-vise-od-90-ljudi-preko-stotinu-je-ozlijedenih\\\/\",\"name\":\"Strava u Sierra Leoneu: u eksploziji cisterne poginulo vi\u0161e od 90 ljudi, preko stotinu je ozlije\u0111enih - RADIO LJUBU\u0160KI\",\"isPartOf\":{\"@id\":\"https:\\\/\\\/radioljubuski.ba\\\/#website\"},\"primaryImageOfPage\":{\"@id\":\"https:\\\/\\\/radioljubuski.ba\\\/index.php\\\/2021\\\/11\\\/06\\\/strava-u-sierra-leoneu-u-eksploziji-cisterne-poginulo-vise-od-90-ljudi-preko-stotinu-je-ozlijedenih\\\/#primaryimage\"},\"image\":{\"@id\":\"https:\\\/\\\/radioljubuski.ba\\\/index.php\\\/2021\\\/11\\\/06\\\/strava-u-sierra-leoneu-u-eksploziji-cisterne-poginulo-vise-od-90-ljudi-preko-stotinu-je-ozlijedenih\\\/#primaryimage\"},\"thumbnailUrl\":\"https:\\\/\\\/radioljubuski.ba\\\/wp-content\\\/uploads\\\/2021\\\/11\\\/o_19913828_1024.jpg\",\"datePublished\":\"2021-11-06T17:08:51+00:00\",\"dateModified\":\"2021-11-06T17:08:53+00:00\",\"breadcrumb\":{\"@id\":\"https:\\\/\\\/radioljubuski.ba\\\/index.php\\\/2021\\\/11\\\/06\\\/strava-u-sierra-leoneu-u-eksploziji-cisterne-poginulo-vise-od-90-ljudi-preko-stotinu-je-ozlijedenih\\\/#breadcrumb\"},\"inLanguage\":\"hr\",\"potentialAction\":[{\"@type\":\"ReadAction\",\"target\":[\"https:\\\/\\\/radioljubuski.ba\\\/index.php\\\/2021\\\/11\\\/06\\\/strava-u-sierra-leoneu-u-eksploziji-cisterne-poginulo-vise-od-90-ljudi-preko-stotinu-je-ozlijedenih\\\/\"]}]},{\"@type\":\"ImageObject\",\"inLanguage\":\"hr\",\"@id\":\"https:\\\/\\\/radioljubuski.ba\\\/index.php\\\/2021\\\/11\\\/06\\\/strava-u-sierra-leoneu-u-eksploziji-cisterne-poginulo-vise-od-90-ljudi-preko-stotinu-je-ozlijedenih\\\/#primaryimage\",\"url\":\"https:\\\/\\\/radioljubuski.ba\\\/wp-content\\\/uploads\\\/2021\\\/11\\\/o_19913828_1024.jpg\",\"contentUrl\":\"https:\\\/\\\/radioljubuski.ba\\\/wp-content\\\/uploads\\\/2021\\\/11\\\/o_19913828_1024.jpg\",\"width\":1024,\"height\":682},{\"@type\":\"BreadcrumbList\",\"@id\":\"https:\\\/\\\/radioljubuski.ba\\\/index.php\\\/2021\\\/11\\\/06\\\/strava-u-sierra-leoneu-u-eksploziji-cisterne-poginulo-vise-od-90-ljudi-preko-stotinu-je-ozlijedenih\\\/#breadcrumb\",\"itemListElement\":[{\"@type\":\"ListItem\",\"position\":1,\"name\":\"Po\u010detna stranica\",\"item\":\"https:\\\/\\\/radioljubuski.ba\\\/\"},{\"@type\":\"ListItem\",\"position\":2,\"name\":\"Strava u Sierra Leoneu: u eksploziji cisterne poginulo vi\u0161e od 90 ljudi, preko stotinu je ozlije\u0111enih\"}]},{\"@type\":\"WebSite\",\"@id\":\"https:\\\/\\\/radioljubuski.ba\\\/#website\",\"url\":\"https:\\\/\\\/radioljubuski.ba\\\/\",\"name\":\"Radio Ljubu\u0161ki\",\"description\":\"Sun\u010dana frekvencija Hercegovine\",\"publisher\":{\"@id\":\"https:\\\/\\\/radioljubuski.ba\\\/#organization\"},\"potentialAction\":[{\"@type\":\"SearchAction\",\"target\":{\"@type\":\"EntryPoint\",\"urlTemplate\":\"https:\\\/\\\/radioljubuski.ba\\\/?s={search_term_string}\"},\"query-input\":{\"@type\":\"PropertyValueSpecification\",\"valueRequired\":true,\"valueName\":\"search_term_string\"}}],\"inLanguage\":\"hr\"},{\"@type\":\"Organization\",\"@id\":\"https:\\\/\\\/radioljubuski.ba\\\/#organization\",\"name\":\"Radio Ljubu\u0161ki\",\"url\":\"https:\\\/\\\/radioljubuski.ba\\\/\",\"logo\":{\"@type\":\"ImageObject\",\"inLanguage\":\"hr\",\"@id\":\"https:\\\/\\\/radioljubuski.ba\\\/#\\\/schema\\\/logo\\\/image\\\/\",\"url\":\"https:\\\/\\\/radioljubuski.ba\\\/wp-content\\\/uploads\\\/2021\\\/02\\\/cropped-Radio_Ljubuski_logo1.jpg\",\"contentUrl\":\"https:\\\/\\\/radioljubuski.ba\\\/wp-content\\\/uploads\\\/2021\\\/02\\\/cropped-Radio_Ljubuski_logo1.jpg\",\"width\":512,\"height\":512,\"caption\":\"Radio Ljubu\u0161ki\"},\"image\":{\"@id\":\"https:\\\/\\\/radioljubuski.ba\\\/#\\\/schema\\\/logo\\\/image\\\/\"},\"sameAs\":[\"https:\\\/\\\/www.facebook.com\\\/Radiio-Ljubuski-1490835324566332\",\"https:\\\/\\\/x.com\\\/radioljubuski\",\"https:\\\/\\\/hr.linkedin.com\\\/company\\\/radio-ljubuski\",\"https:\\\/\\\/www.youtube.com\\\/channel\\\/UCHYaeO_n0Db3tjNGudGpXyw\"]},{\"@type\":\"Person\",\"@id\":\"https:\\\/\\\/radioljubuski.ba\\\/#\\\/schema\\\/person\\\/19fc700381a780f69665d7956c469e3b\",\"name\":\"Radio Ljubu\u0161ki\"}]}<\/script>\n<!-- \/ Yoast SEO plugin. -->","yoast_head_json":{"title":"Strava u Sierra Leoneu: u eksploziji cisterne poginulo vi\u0161e od 90 ljudi, preko stotinu je ozlije\u0111enih - RADIO LJUBU\u0160KI","robots":{"index":"index","follow":"follow","max-snippet":"max-snippet:-1","max-image-preview":"max-image-preview:large","max-video-preview":"max-video-preview:-1"},"canonical":"https:\/\/radioljubuski.ba\/index.php\/2021\/11\/06\/strava-u-sierra-leoneu-u-eksploziji-cisterne-poginulo-vise-od-90-ljudi-preko-stotinu-je-ozlijedenih\/","og_locale":"hr_HR","og_type":"article","og_title":"Strava u Sierra Leoneu: u eksploziji cisterne poginulo vi\u0161e od 90 ljudi, preko stotinu je ozlije\u0111enih - RADIO LJUBU\u0160KI","og_description":"Devedeset jedna osoba je poginula, a&nbsp;vi\u0161e od 100 je ozlije\u0111eno u petak u glavnom gradu Sierra Leonea kad je eksplodirao kamion cisterna&nbsp;nakon sudara, objavili su&nbsp;sredi\u0161nja mrtva\u010dnica i lokalne vlasti. Vlada jo\u0161 nije potvrdila broj mrtvih, no upravitelj sredi\u0161nje mrtva\u010dnice u Freetownu rekao&nbsp;je da je nakon eksplozije pristiglo 91 tijelo. Dodatnih 100 ozlije\u0111enih primljeno je u [&hellip;]","og_url":"https:\/\/radioljubuski.ba\/index.php\/2021\/11\/06\/strava-u-sierra-leoneu-u-eksploziji-cisterne-poginulo-vise-od-90-ljudi-preko-stotinu-je-ozlijedenih\/","og_site_name":"RADIO LJUBU\u0160KI","article_publisher":"https:\/\/www.facebook.com\/Radiio-Ljubuski-1490835324566332","article_published_time":"2021-11-06T17:08:51+00:00","article_modified_time":"2021-11-06T17:08:53+00:00","og_image":[{"width":1024,"height":682,"url":"https:\/\/radioljubuski.ba\/wp-content\/uploads\/2021\/11\/o_19913828_1024.jpg","type":"image\/jpeg"}],"author":"Radio Ljubu\u0161ki","twitter_card":"summary_large_image","twitter_creator":"@radioljubuski","twitter_site":"@radioljubuski","twitter_misc":{"Napisao\/la":"Radio Ljubu\u0161ki","Procijenjeno vrijeme \u010ditanja":"2 minute"},"schema":{"@context":"https:\/\/schema.org","@graph":[{"@type":"Article","@id":"https:\/\/radioljubuski.ba\/index.php\/2021\/11\/06\/strava-u-sierra-leoneu-u-eksploziji-cisterne-poginulo-vise-od-90-ljudi-preko-stotinu-je-ozlijedenih\/#article","isPartOf":{"@id":"https:\/\/radioljubuski.ba\/index.php\/2021\/11\/06\/strava-u-sierra-leoneu-u-eksploziji-cisterne-poginulo-vise-od-90-ljudi-preko-stotinu-je-ozlijedenih\/"},"author":{"name":"Radio Ljubu\u0161ki","@id":"https:\/\/radioljubuski.ba\/#\/schema\/person\/19fc700381a780f69665d7956c469e3b"},"headline":"Strava u Sierra Leoneu: u eksploziji cisterne poginulo vi\u0161e od 90 ljudi, preko stotinu je ozlije\u0111enih","datePublished":"2021-11-06T17:08:51+00:00","dateModified":"2021-11-06T17:08:53+00:00","mainEntityOfPage":{"@id":"https:\/\/radioljubuski.ba\/index.php\/2021\/11\/06\/strava-u-sierra-leoneu-u-eksploziji-cisterne-poginulo-vise-od-90-ljudi-preko-stotinu-je-ozlijedenih\/"},"wordCount":375,"publisher":{"@id":"https:\/\/radioljubuski.ba\/#organization"},"image":{"@id":"https:\/\/radioljubuski.ba\/index.php\/2021\/11\/06\/strava-u-sierra-leoneu-u-eksploziji-cisterne-poginulo-vise-od-90-ljudi-preko-stotinu-je-ozlijedenih\/#primaryimage"},"thumbnailUrl":"https:\/\/radioljubuski.ba\/wp-content\/uploads\/2021\/11\/o_19913828_1024.jpg","articleSection":["BIH i regija"],"inLanguage":"hr"},{"@type":"WebPage","@id":"https:\/\/radioljubuski.ba\/index.php\/2021\/11\/06\/strava-u-sierra-leoneu-u-eksploziji-cisterne-poginulo-vise-od-90-ljudi-preko-stotinu-je-ozlijedenih\/","url":"https:\/\/radioljubuski.ba\/index.php\/2021\/11\/06\/strava-u-sierra-leoneu-u-eksploziji-cisterne-poginulo-vise-od-90-ljudi-preko-stotinu-je-ozlijedenih\/","name":"Strava u Sierra Leoneu: u eksploziji cisterne poginulo vi\u0161e od 90 ljudi, preko stotinu je ozlije\u0111enih - RADIO LJUBU\u0160KI","isPartOf":{"@id":"https:\/\/radioljubuski.ba\/#website"},"primaryImageOfPage":{"@id":"https:\/\/radioljubuski.ba\/index.php\/2021\/11\/06\/strava-u-sierra-leoneu-u-eksploziji-cisterne-poginulo-vise-od-90-ljudi-preko-stotinu-je-ozlijedenih\/#primaryimage"},"image":{"@id":"https:\/\/radioljubuski.ba\/index.php\/2021\/11\/06\/strava-u-sierra-leoneu-u-eksploziji-cisterne-poginulo-vise-od-90-ljudi-preko-stotinu-je-ozlijedenih\/#primaryimage"},"thumbnailUrl":"https:\/\/radioljubuski.ba\/wp-content\/uploads\/2021\/11\/o_19913828_1024.jpg","datePublished":"2021-11-06T17:08:51+00:00","dateModified":"2021-11-06T17:08:53+00:00","breadcrumb":{"@id":"https:\/\/radioljubuski.ba\/index.php\/2021\/11\/06\/strava-u-sierra-leoneu-u-eksploziji-cisterne-poginulo-vise-od-90-ljudi-preko-stotinu-je-ozlijedenih\/#breadcrumb"},"inLanguage":"hr","potentialAction":[{"@type":"ReadAction","target":["https:\/\/radioljubuski.ba\/index.php\/2021\/11\/06\/strava-u-sierra-leoneu-u-eksploziji-cisterne-poginulo-vise-od-90-ljudi-preko-stotinu-je-ozlijedenih\/"]}]},{"@type":"ImageObject","inLanguage":"hr","@id":"https:\/\/radioljubuski.ba\/index.php\/2021\/11\/06\/strava-u-sierra-leoneu-u-eksploziji-cisterne-poginulo-vise-od-90-ljudi-preko-stotinu-je-ozlijedenih\/#primaryimage","url":"https:\/\/radioljubuski.ba\/wp-content\/uploads\/2021\/11\/o_19913828_1024.jpg","contentUrl":"https:\/\/radioljubuski.ba\/wp-content\/uploads\/2021\/11\/o_19913828_1024.jpg","width":1024,"height":682},{"@type":"BreadcrumbList","@id":"https:\/\/radioljubuski.ba\/index.php\/2021\/11\/06\/strava-u-sierra-leoneu-u-eksploziji-cisterne-poginulo-vise-od-90-ljudi-preko-stotinu-je-ozlijedenih\/#breadcrumb","itemListElement":[{"@type":"ListItem","position":1,"name":"Po\u010detna stranica","item":"https:\/\/radioljubuski.ba\/"},{"@type":"ListItem","position":2,"name":"Strava u Sierra Leoneu: u eksploziji cisterne poginulo vi\u0161e od 90 ljudi, preko stotinu je ozlije\u0111enih"}]},{"@type":"WebSite","@id":"https:\/\/radioljubuski.ba\/#website","url":"https:\/\/radioljubuski.ba\/","name":"Radio Ljubu\u0161ki","description":"Sun\u010dana frekvencija Hercegovine","publisher":{"@id":"https:\/\/radioljubuski.ba\/#organization"},"potentialAction":[{"@type":"SearchAction","target":{"@type":"EntryPoint","urlTemplate":"https:\/\/radioljubuski.ba\/?s={search_term_string}"},"query-input":{"@type":"PropertyValueSpecification","valueRequired":true,"valueName":"search_term_string"}}],"inLanguage":"hr"},{"@type":"Organization","@id":"https:\/\/radioljubuski.ba\/#organization","name":"Radio Ljubu\u0161ki","url":"https:\/\/radioljubuski.ba\/","logo":{"@type":"ImageObject","inLanguage":"hr","@id":"https:\/\/radioljubuski.ba\/#\/schema\/logo\/image\/","url":"https:\/\/radioljubuski.ba\/wp-content\/uploads\/2021\/02\/cropped-Radio_Ljubuski_logo1.jpg","contentUrl":"https:\/\/radioljubuski.ba\/wp-content\/uploads\/2021\/02\/cropped-Radio_Ljubuski_logo1.jpg","width":512,"height":512,"caption":"Radio Ljubu\u0161ki"},"image":{"@id":"https:\/\/radioljubuski.ba\/#\/schema\/logo\/image\/"},"sameAs":["https:\/\/www.facebook.com\/Radiio-Ljubuski-1490835324566332","https:\/\/x.com\/radioljubuski","https:\/\/hr.linkedin.com\/company\/radio-ljubuski","https:\/\/www.youtube.com\/channel\/UCHYaeO_n0Db3tjNGudGpXyw"]},{"@type":"Person","@id":"https:\/\/radioljubuski.ba\/#\/schema\/person\/19fc700381a780f69665d7956c469e3b","name":"Radio Ljubu\u0161ki"}]}},"_links":{"self":[{"href":"https:\/\/radioljubuski.ba\/index.php\/wp-json\/wp\/v2\/posts\/85883","targetHints":{"allow":["GET"]}}],"collection":[{"href":"https:\/\/radioljubuski.ba\/index.php\/wp-json\/wp\/v2\/posts"}],"about":[{"href":"https:\/\/radioljubuski.ba\/index.php\/wp-json\/wp\/v2\/types\/post"}],"author":[{"embeddable":true,"href":"https:\/\/radioljubuski.ba\/index.php\/wp-json\/wp\/v2\/users\/2"}],"replies":[{"embeddable":true,"href":"https:\/\/radioljubuski.ba\/index.php\/wp-json\/wp\/v2\/comments?post=85883"}],"version-history":[{"count":1,"href":"https:\/\/radioljubuski.ba\/index.php\/wp-json\/wp\/v2\/posts\/85883\/revisions"}],"predecessor-version":[{"id":85885,"href":"https:\/\/radioljubuski.ba\/index.php\/wp-json\/wp\/v2\/posts\/85883\/revisions\/85885"}],"wp:featuredmedia":[{"embeddable":true,"href":"https:\/\/radioljubuski.ba\/index.php\/wp-json\/wp\/v2\/media\/85884"}],"wp:attachment":[{"href":"https:\/\/radioljubuski.ba\/index.php\/wp-json\/wp\/v2\/media?parent=85883"}],"wp:term":[{"taxonomy":"category","embeddable":true,"href":"https:\/\/radioljubuski.ba\/index.php\/wp-json\/wp\/v2\/categories?post=85883"},{"taxonomy":"post_tag","embeddable":true,"href":"https:\/\/radioljubuski.ba\/index.php\/wp-json\/wp\/v2\/tags?post=85883"}],"curies":[{"name":"wp","href":"https:\/\/api.w.org\/{rel}","templated":true}]}}