{"id":85890,"date":"2021-11-06T22:13:55","date_gmt":"2021-11-06T21:13:55","guid":{"rendered":"https:\/\/radioljubuski.ba\/?p=85890"},"modified":"2021-11-06T22:13:56","modified_gmt":"2021-11-06T21:13:56","slug":"tri-srebra-za-hrvatske-dzudase-u-bakuu-i-budimpesti","status":"publish","type":"post","link":"https:\/\/radioljubuski.ba\/index.php\/2021\/11\/06\/tri-srebra-za-hrvatske-dzudase-u-bakuu-i-budimpesti\/","title":{"rendered":"Tri srebra za hrvatske d\u017euda\u0161e u Bakuu i Budimpe\u0161ti"},"content":{"rendered":"\n<p><strong>Hrvatski d\u017euda\u0161i u subotu su osvojili tri srebrne medalje, dvije na &#8220;grand slamu&#8221; u Bakuu, a jednu na Europskom prvenstvu za mla\u0111e seniore (do 23 godine) u Budimpe\u0161ti. U Bakuu su do srebra stigli Lara Cvjetko (do 70 kg) i Dominik Dru\u017eeta (do 81 kg), dok je u Budimpe\u0161ti do srebra stigla Petrunjela Pavi\u0107 (do 78 kg).<\/strong><\/p>\n\n\n\n<div style=\"width: 640px;\" class=\"wp-video\"><video class=\"wp-video-shortcode\" id=\"video-85890-1\" width=\"640\" height=\"360\" preload=\"metadata\" controls=\"controls\"><source type=\"video\/mp4\" src=\"https:\/\/api.hrt.hr\/media\/bc\/1d\/0611judasi-20211106192905.mp4?_=1\" \/><a href=\"https:\/\/api.hrt.hr\/media\/bc\/1d\/0611judasi-20211106192905.mp4\">https:\/\/api.hrt.hr\/media\/bc\/1d\/0611judasi-20211106192905.mp4<\/a><\/video><\/div>\n\n\n\n<p>U kategoriji do 70 kg, koju na svjetskoj ljestvici predvodi<strong>&nbsp;Barbara Mati\u0107<\/strong>, Lara Cvjetko je iskoristila povoljan \u017edrijeb te ipponom protiv doma\u0107e predstavnice&nbsp;<strong>Hasanli<\/strong>&nbsp;i wazari protiv Brazilke Silve u petoj minuti borbe do\u0161la do finala turnira. U njemu je i\u0161la na Japanku<strong>&nbsp;Teradu<\/strong>&nbsp;i pokazala kako i sa tek napunjenih 20 godina ima kvalitetu za seniorski d\u017eudo. Tamo je Japanka pokazala vi\u0161e iskustva, kvalitetnim gardom od po\u010detka kontrolirala ritam borbe, a zatim na isteku prve minute ipponom do\u0161la do zlata.<\/p>\n\n\n\n<p>&#8211; Zavr\u0161avam sezonu s velikom seniorskom medaljom \u0161to mi je velika stvar i pravi uspjeh. Ovo mi je prvo finale na &#8216;grand slam&#8217; turnirima i pravo iskustvo u seniorskoj konkurenciji tako da sam zadovoljna, osvrnula se Cvjetko na osvojeno drugo mjesto.<\/p>\n\n\n\n<p>Srebrnu medalju Cvjetko nadopunio je Dominik Dru\u017eeta (do 81 kg), koji je nastavio s odli\u010dnim povratkom na najvi\u0161u razinu svjetskog d\u017euda. Nakon zlata na Europskom kupu u Dubrovniku, 25-godi\u0161nji Puljanin je nastavio s pobjedama i u Bakuu te najavio kako bi olimpijski ciklus do Igara u Parizu 2024. mogao biti vrlo uspje\u0161an. Na startu je Dru\u017eeta ipponom svladao Ukrajinca&nbsp;<strong>Kriv\u010da\u010da<\/strong>, a zatim dobrog poznanika, Moldavca&nbsp;<strong>Gotonoagu&nbsp;<\/strong>svladao atraktivnim wazarijem iz druge minute borbe. U polufinalu je imao za protivnika doma\u0107eg predstavnika<strong>&nbsp;Jafarova<\/strong>, koji je poveo wazarijem na ulazu u drugu minutu borbe, da bi Dru\u017eeta pokazao ustrajnost i bolju fizi\u010dku spremnost te je 90 sekundi prije isteka vremena do\u0161ao do wazarija, a zatim uspio uhvatiti Jafarova u zahvat te ipponom u\u0161ao u finale. Tamo je do\u010dekao osmog d\u017euda\u0161a svijeta, Tur\u010dina&nbsp;<strong>Albayraka<\/strong>, od kojeg je izgubio na &#8216;grand slamu&#8217; Antalyja prije \u0161est mjeseci. U Bakuu je njihova druga me\u0111usobna borba na\u017ealost imala isti ishod. Dru\u017eeta je u\u0161ao u prvi napad, Tur\u010din iskoristio svoju priliku i nakon 15 sekundi borbe slavio ipponom.<\/p>\n\n\n\n<p>&#8211; Nakon \u010detiri godine na IJF World Touru uspio sam osvojiti medalju i iznimno sam sretan. Veselim se \u010duti sa svojima i podijeliti sre\u0107u te nastaviti dalje u istom ritmu. \u017dao mi je jedino za finale jer se nije uspjela razviti borba, ali ne\u0107u dozvoliti da mi to umanji ovaj veliki rezultat, rezimirao je Dru\u017eeta.<\/p>\n\n\n\n<p>Za to vrijeme, u Budimpe\u0161ti je Petrunjela Pavi\u0107 (do 78 kg) nastavila odli\u010dan hrvatski niz na Europskom U23 prvenstvu. U konkurenciji mla\u0111ih seniorki, u petak je<strong>&nbsp;Ana Viktorija Puljiz<\/strong>&nbsp;(do 52 kg) osvojila zlatnu medalju, a Pavi\u0107 je u subotu do\u0161la do finala i tamo se s Portugalkom&nbsp;<strong>Sampaio<\/strong>&nbsp;borila za naslov europske prvakinje. Mlada Dubrov\u010danka na putu do finala svladala je ipponom Ma\u0111arku&nbsp;<strong>Sagi<\/strong>, a zatim wazarijem \u0160panjolku<strong>&nbsp;Perez Gomez<\/strong>. Protiv Portugalke je Pavi\u0107 dobro u\u0161la u borbu, ali vrlo brzo je Samopaio do\u0161la do situacije koju koristi, baca Dubrov\u010danku na wazari, a zatim ju dr\u017ei u zahvatu za zlato, dok Petrunjela zavr\u0161ava dan velikim srebrom.<\/p>\n\n\n\n<p>&#8211; Presretna sam i jako zadovoljna cijelim danom i nastupom u Budimpe\u0161ti. Ovo mi je uspjeh karijere i stvarno sam prezadovoljna, rekla je Pavi\u0107.<\/p>\n\n\n\n<p>Dobar nastup u Budimpe\u0161ti u subotu je upisao i<strong>&nbsp;Josip Buli\u0107<\/strong>&nbsp;(do 90 kg). Mladi Dubrov\u010danin je do\u0161ao do \u010detvrtfinala, gdje je izgubio od Talijana<strong>&nbsp;Pirellija<\/strong>, a zatim u repasa\u017eu i od Nijemca&nbsp;<strong>Lenza<\/strong>. Do \u010detvrtfinala je do\u0161ao i&nbsp;<strong>Marcel \u0160kalec<\/strong>&nbsp;(preko 100 kg). U borbi za polufinale slavio je Nijemac<strong>&nbsp;Schreiber,<\/strong>&nbsp;a u repasa\u017eu Gruzijac&nbsp;<strong>Zaali\u0161vili<\/strong>. Sedmo mjesto osvojila je i&nbsp;<strong>An\u0111ela Violi\u0107<\/strong>&nbsp;(do 70 kg), koju je na korak do polufinala zaustavila Gruzijka<strong>&nbsp;Tchanturia<\/strong>, a u repasa\u017eu Nizozemka<strong>&nbsp;Kok<\/strong>.<\/p>\n\n\n\n<p>&#8211; Osim uspjeha karijere Petrunjele imali smo dobar dan u Budimpe\u0161ti. Sva tri imena koji su zavr\u0161ili na sedmom mjestu imaju jo\u0161 jednu godinu u mla\u0111im seniorima tako da s optimizmom gledamo prema idu\u0107oj godini. Dobra sezona za veliki broj na\u0161ih natjecatelja i sad idemo u kvalitetne pripreme za idu\u0107u, rekao je trener&nbsp;<strong>Mateo Semiz<\/strong>.<\/p>\n\n\n\n<p>Izvor.hrt.hr<\/p>\n","protected":false},"excerpt":{"rendered":"<p>Hrvatski d\u017euda\u0161i u subotu su osvojili tri srebrne medalje, dvije na &#8220;grand slamu&#8221; u Bakuu, a jednu na Europskom prvenstvu za mla\u0111e seniore (do 23 godine) u Budimpe\u0161ti. U Bakuu su do srebra stigli Lara Cvjetko (do 70 kg) i Dominik Dru\u017eeta (do 81 kg), dok je u Budimpe\u0161ti do srebra stigla Petrunjela Pavi\u0107 (do [&hellip;]<\/p>\n","protected":false},"author":2,"featured_media":85891,"comment_status":"closed","ping_status":"closed","sticky":false,"template":"","format":"standard","meta":{"h5ap_radio_sources":[],"footnotes":""},"categories":[7],"tags":[],"class_list":["post-85890","post","type-post","status-publish","format-standard","has-post-thumbnail","hentry","category-sport"],"yoast_head":"<!-- This site is optimized with the Yoast SEO plugin v27.5 - https:\/\/yoast.com\/product\/yoast-seo-wordpress\/ -->\n<title>Tri srebra za hrvatske d\u017euda\u0161e u Bakuu i Budimpe\u0161ti - RADIO LJUBU\u0160KI<\/title>\n<meta name=\"robots\" content=\"index, follow, max-snippet:-1, max-image-preview:large, max-video-preview:-1\" \/>\n<link rel=\"canonical\" href=\"https:\/\/radioljubuski.ba\/index.php\/2021\/11\/06\/tri-srebra-za-hrvatske-dzudase-u-bakuu-i-budimpesti\/\" \/>\n<meta property=\"og:locale\" content=\"hr_HR\" \/>\n<meta property=\"og:type\" content=\"article\" \/>\n<meta property=\"og:title\" content=\"Tri srebra za hrvatske d\u017euda\u0161e u Bakuu i Budimpe\u0161ti - RADIO LJUBU\u0160KI\" \/>\n<meta property=\"og:description\" content=\"Hrvatski d\u017euda\u0161i u subotu su osvojili tri srebrne medalje, dvije na &#8220;grand slamu&#8221; u Bakuu, a jednu na Europskom prvenstvu za mla\u0111e seniore (do 23 godine) u Budimpe\u0161ti. U Bakuu su do srebra stigli Lara Cvjetko (do 70 kg) i Dominik Dru\u017eeta (do 81 kg), dok je u Budimpe\u0161ti do srebra stigla Petrunjela Pavi\u0107 (do [&hellip;]\" \/>\n<meta property=\"og:url\" content=\"https:\/\/radioljubuski.ba\/index.php\/2021\/11\/06\/tri-srebra-za-hrvatske-dzudase-u-bakuu-i-budimpesti\/\" \/>\n<meta property=\"og:site_name\" content=\"RADIO LJUBU\u0160KI\" \/>\n<meta property=\"article:publisher\" content=\"https:\/\/www.facebook.com\/Radiio-Ljubuski-1490835324566332\" \/>\n<meta property=\"article:published_time\" content=\"2021-11-06T21:13:55+00:00\" \/>\n<meta property=\"article:modified_time\" content=\"2021-11-06T21:13:56+00:00\" \/>\n<meta property=\"og:image\" content=\"https:\/\/radioljubuski.ba\/wp-content\/uploads\/2021\/11\/cvetko-pxl-020521-83107145-20211008131450.jpg\" \/>\n\t<meta property=\"og:image:width\" content=\"1200\" \/>\n\t<meta property=\"og:image:height\" content=\"720\" \/>\n\t<meta property=\"og:image:type\" content=\"image\/jpeg\" \/>\n<meta name=\"author\" content=\"Radio Ljubu\u0161ki\" \/>\n<meta name=\"twitter:card\" content=\"summary_large_image\" \/>\n<meta name=\"twitter:creator\" content=\"@radioljubuski\" \/>\n<meta name=\"twitter:site\" content=\"@radioljubuski\" \/>\n<meta name=\"twitter:label1\" content=\"Napisao\/la\" \/>\n\t<meta name=\"twitter:data1\" content=\"Radio Ljubu\u0161ki\" \/>\n\t<meta name=\"twitter:label2\" content=\"Procijenjeno vrijeme \u010ditanja\" \/>\n\t<meta name=\"twitter:data2\" content=\"3 minute\" \/>\n<script type=\"application\/ld+json\" class=\"yoast-schema-graph\">{\"@context\":\"https:\\\/\\\/schema.org\",\"@graph\":[{\"@type\":\"Article\",\"@id\":\"https:\\\/\\\/radioljubuski.ba\\\/index.php\\\/2021\\\/11\\\/06\\\/tri-srebra-za-hrvatske-dzudase-u-bakuu-i-budimpesti\\\/#article\",\"isPartOf\":{\"@id\":\"https:\\\/\\\/radioljubuski.ba\\\/index.php\\\/2021\\\/11\\\/06\\\/tri-srebra-za-hrvatske-dzudase-u-bakuu-i-budimpesti\\\/\"},\"author\":{\"name\":\"Radio Ljubu\u0161ki\",\"@id\":\"https:\\\/\\\/radioljubuski.ba\\\/#\\\/schema\\\/person\\\/19fc700381a780f69665d7956c469e3b\"},\"headline\":\"Tri srebra za hrvatske d\u017euda\u0161e u Bakuu i Budimpe\u0161ti\",\"datePublished\":\"2021-11-06T21:13:55+00:00\",\"dateModified\":\"2021-11-06T21:13:56+00:00\",\"mainEntityOfPage\":{\"@id\":\"https:\\\/\\\/radioljubuski.ba\\\/index.php\\\/2021\\\/11\\\/06\\\/tri-srebra-za-hrvatske-dzudase-u-bakuu-i-budimpesti\\\/\"},\"wordCount\":777,\"publisher\":{\"@id\":\"https:\\\/\\\/radioljubuski.ba\\\/#organization\"},\"image\":{\"@id\":\"https:\\\/\\\/radioljubuski.ba\\\/index.php\\\/2021\\\/11\\\/06\\\/tri-srebra-za-hrvatske-dzudase-u-bakuu-i-budimpesti\\\/#primaryimage\"},\"thumbnailUrl\":\"https:\\\/\\\/radioljubuski.ba\\\/wp-content\\\/uploads\\\/2021\\\/11\\\/cvetko-pxl-020521-83107145-20211008131450.jpg\",\"articleSection\":[\"\u0160port\"],\"inLanguage\":\"hr\"},{\"@type\":\"WebPage\",\"@id\":\"https:\\\/\\\/radioljubuski.ba\\\/index.php\\\/2021\\\/11\\\/06\\\/tri-srebra-za-hrvatske-dzudase-u-bakuu-i-budimpesti\\\/\",\"url\":\"https:\\\/\\\/radioljubuski.ba\\\/index.php\\\/2021\\\/11\\\/06\\\/tri-srebra-za-hrvatske-dzudase-u-bakuu-i-budimpesti\\\/\",\"name\":\"Tri srebra za hrvatske d\u017euda\u0161e u Bakuu i Budimpe\u0161ti - RADIO LJUBU\u0160KI\",\"isPartOf\":{\"@id\":\"https:\\\/\\\/radioljubuski.ba\\\/#website\"},\"primaryImageOfPage\":{\"@id\":\"https:\\\/\\\/radioljubuski.ba\\\/index.php\\\/2021\\\/11\\\/06\\\/tri-srebra-za-hrvatske-dzudase-u-bakuu-i-budimpesti\\\/#primaryimage\"},\"image\":{\"@id\":\"https:\\\/\\\/radioljubuski.ba\\\/index.php\\\/2021\\\/11\\\/06\\\/tri-srebra-za-hrvatske-dzudase-u-bakuu-i-budimpesti\\\/#primaryimage\"},\"thumbnailUrl\":\"https:\\\/\\\/radioljubuski.ba\\\/wp-content\\\/uploads\\\/2021\\\/11\\\/cvetko-pxl-020521-83107145-20211008131450.jpg\",\"datePublished\":\"2021-11-06T21:13:55+00:00\",\"dateModified\":\"2021-11-06T21:13:56+00:00\",\"breadcrumb\":{\"@id\":\"https:\\\/\\\/radioljubuski.ba\\\/index.php\\\/2021\\\/11\\\/06\\\/tri-srebra-za-hrvatske-dzudase-u-bakuu-i-budimpesti\\\/#breadcrumb\"},\"inLanguage\":\"hr\",\"potentialAction\":[{\"@type\":\"ReadAction\",\"target\":[\"https:\\\/\\\/radioljubuski.ba\\\/index.php\\\/2021\\\/11\\\/06\\\/tri-srebra-za-hrvatske-dzudase-u-bakuu-i-budimpesti\\\/\"]}]},{\"@type\":\"ImageObject\",\"inLanguage\":\"hr\",\"@id\":\"https:\\\/\\\/radioljubuski.ba\\\/index.php\\\/2021\\\/11\\\/06\\\/tri-srebra-za-hrvatske-dzudase-u-bakuu-i-budimpesti\\\/#primaryimage\",\"url\":\"https:\\\/\\\/radioljubuski.ba\\\/wp-content\\\/uploads\\\/2021\\\/11\\\/cvetko-pxl-020521-83107145-20211008131450.jpg\",\"contentUrl\":\"https:\\\/\\\/radioljubuski.ba\\\/wp-content\\\/uploads\\\/2021\\\/11\\\/cvetko-pxl-020521-83107145-20211008131450.jpg\",\"width\":1200,\"height\":720,\"caption\":\"02.05.2021., Zagreb - European Judo open Zagreb 2021 u Domu sportova. Lara Cvetko, De Voogd Margit. Photo: Matija Habljak\\\/PIXSELL (02.05.2021., Zagreb - European Judo open Zagreb 2021 u Domu sportova. Lara Cvetko, De Voogd Margit. Photo: Matija Hablja\"},{\"@type\":\"BreadcrumbList\",\"@id\":\"https:\\\/\\\/radioljubuski.ba\\\/index.php\\\/2021\\\/11\\\/06\\\/tri-srebra-za-hrvatske-dzudase-u-bakuu-i-budimpesti\\\/#breadcrumb\",\"itemListElement\":[{\"@type\":\"ListItem\",\"position\":1,\"name\":\"Po\u010detna stranica\",\"item\":\"https:\\\/\\\/radioljubuski.ba\\\/\"},{\"@type\":\"ListItem\",\"position\":2,\"name\":\"Tri srebra za hrvatske d\u017euda\u0161e u Bakuu i Budimpe\u0161ti\"}]},{\"@type\":\"WebSite\",\"@id\":\"https:\\\/\\\/radioljubuski.ba\\\/#website\",\"url\":\"https:\\\/\\\/radioljubuski.ba\\\/\",\"name\":\"Radio Ljubu\u0161ki\",\"description\":\"Sun\u010dana frekvencija Hercegovine\",\"publisher\":{\"@id\":\"https:\\\/\\\/radioljubuski.ba\\\/#organization\"},\"potentialAction\":[{\"@type\":\"SearchAction\",\"target\":{\"@type\":\"EntryPoint\",\"urlTemplate\":\"https:\\\/\\\/radioljubuski.ba\\\/?s={search_term_string}\"},\"query-input\":{\"@type\":\"PropertyValueSpecification\",\"valueRequired\":true,\"valueName\":\"search_term_string\"}}],\"inLanguage\":\"hr\"},{\"@type\":\"Organization\",\"@id\":\"https:\\\/\\\/radioljubuski.ba\\\/#organization\",\"name\":\"Radio Ljubu\u0161ki\",\"url\":\"https:\\\/\\\/radioljubuski.ba\\\/\",\"logo\":{\"@type\":\"ImageObject\",\"inLanguage\":\"hr\",\"@id\":\"https:\\\/\\\/radioljubuski.ba\\\/#\\\/schema\\\/logo\\\/image\\\/\",\"url\":\"https:\\\/\\\/radioljubuski.ba\\\/wp-content\\\/uploads\\\/2021\\\/02\\\/cropped-Radio_Ljubuski_logo1.jpg\",\"contentUrl\":\"https:\\\/\\\/radioljubuski.ba\\\/wp-content\\\/uploads\\\/2021\\\/02\\\/cropped-Radio_Ljubuski_logo1.jpg\",\"width\":512,\"height\":512,\"caption\":\"Radio Ljubu\u0161ki\"},\"image\":{\"@id\":\"https:\\\/\\\/radioljubuski.ba\\\/#\\\/schema\\\/logo\\\/image\\\/\"},\"sameAs\":[\"https:\\\/\\\/www.facebook.com\\\/Radiio-Ljubuski-1490835324566332\",\"https:\\\/\\\/x.com\\\/radioljubuski\",\"https:\\\/\\\/hr.linkedin.com\\\/company\\\/radio-ljubuski\",\"https:\\\/\\\/www.youtube.com\\\/channel\\\/UCHYaeO_n0Db3tjNGudGpXyw\"]},{\"@type\":\"Person\",\"@id\":\"https:\\\/\\\/radioljubuski.ba\\\/#\\\/schema\\\/person\\\/19fc700381a780f69665d7956c469e3b\",\"name\":\"Radio Ljubu\u0161ki\"}]}<\/script>\n<!-- \/ Yoast SEO plugin. -->","yoast_head_json":{"title":"Tri srebra za hrvatske d\u017euda\u0161e u Bakuu i Budimpe\u0161ti - RADIO LJUBU\u0160KI","robots":{"index":"index","follow":"follow","max-snippet":"max-snippet:-1","max-image-preview":"max-image-preview:large","max-video-preview":"max-video-preview:-1"},"canonical":"https:\/\/radioljubuski.ba\/index.php\/2021\/11\/06\/tri-srebra-za-hrvatske-dzudase-u-bakuu-i-budimpesti\/","og_locale":"hr_HR","og_type":"article","og_title":"Tri srebra za hrvatske d\u017euda\u0161e u Bakuu i Budimpe\u0161ti - RADIO LJUBU\u0160KI","og_description":"Hrvatski d\u017euda\u0161i u subotu su osvojili tri srebrne medalje, dvije na &#8220;grand slamu&#8221; u Bakuu, a jednu na Europskom prvenstvu za mla\u0111e seniore (do 23 godine) u Budimpe\u0161ti. U Bakuu su do srebra stigli Lara Cvjetko (do 70 kg) i Dominik Dru\u017eeta (do 81 kg), dok je u Budimpe\u0161ti do srebra stigla Petrunjela Pavi\u0107 (do [&hellip;]","og_url":"https:\/\/radioljubuski.ba\/index.php\/2021\/11\/06\/tri-srebra-za-hrvatske-dzudase-u-bakuu-i-budimpesti\/","og_site_name":"RADIO LJUBU\u0160KI","article_publisher":"https:\/\/www.facebook.com\/Radiio-Ljubuski-1490835324566332","article_published_time":"2021-11-06T21:13:55+00:00","article_modified_time":"2021-11-06T21:13:56+00:00","og_image":[{"width":1200,"height":720,"url":"https:\/\/radioljubuski.ba\/wp-content\/uploads\/2021\/11\/cvetko-pxl-020521-83107145-20211008131450.jpg","type":"image\/jpeg"}],"author":"Radio Ljubu\u0161ki","twitter_card":"summary_large_image","twitter_creator":"@radioljubuski","twitter_site":"@radioljubuski","twitter_misc":{"Napisao\/la":"Radio Ljubu\u0161ki","Procijenjeno vrijeme \u010ditanja":"3 minute"},"schema":{"@context":"https:\/\/schema.org","@graph":[{"@type":"Article","@id":"https:\/\/radioljubuski.ba\/index.php\/2021\/11\/06\/tri-srebra-za-hrvatske-dzudase-u-bakuu-i-budimpesti\/#article","isPartOf":{"@id":"https:\/\/radioljubuski.ba\/index.php\/2021\/11\/06\/tri-srebra-za-hrvatske-dzudase-u-bakuu-i-budimpesti\/"},"author":{"name":"Radio Ljubu\u0161ki","@id":"https:\/\/radioljubuski.ba\/#\/schema\/person\/19fc700381a780f69665d7956c469e3b"},"headline":"Tri srebra za hrvatske d\u017euda\u0161e u Bakuu i Budimpe\u0161ti","datePublished":"2021-11-06T21:13:55+00:00","dateModified":"2021-11-06T21:13:56+00:00","mainEntityOfPage":{"@id":"https:\/\/radioljubuski.ba\/index.php\/2021\/11\/06\/tri-srebra-za-hrvatske-dzudase-u-bakuu-i-budimpesti\/"},"wordCount":777,"publisher":{"@id":"https:\/\/radioljubuski.ba\/#organization"},"image":{"@id":"https:\/\/radioljubuski.ba\/index.php\/2021\/11\/06\/tri-srebra-za-hrvatske-dzudase-u-bakuu-i-budimpesti\/#primaryimage"},"thumbnailUrl":"https:\/\/radioljubuski.ba\/wp-content\/uploads\/2021\/11\/cvetko-pxl-020521-83107145-20211008131450.jpg","articleSection":["\u0160port"],"inLanguage":"hr"},{"@type":"WebPage","@id":"https:\/\/radioljubuski.ba\/index.php\/2021\/11\/06\/tri-srebra-za-hrvatske-dzudase-u-bakuu-i-budimpesti\/","url":"https:\/\/radioljubuski.ba\/index.php\/2021\/11\/06\/tri-srebra-za-hrvatske-dzudase-u-bakuu-i-budimpesti\/","name":"Tri srebra za hrvatske d\u017euda\u0161e u Bakuu i Budimpe\u0161ti - RADIO LJUBU\u0160KI","isPartOf":{"@id":"https:\/\/radioljubuski.ba\/#website"},"primaryImageOfPage":{"@id":"https:\/\/radioljubuski.ba\/index.php\/2021\/11\/06\/tri-srebra-za-hrvatske-dzudase-u-bakuu-i-budimpesti\/#primaryimage"},"image":{"@id":"https:\/\/radioljubuski.ba\/index.php\/2021\/11\/06\/tri-srebra-za-hrvatske-dzudase-u-bakuu-i-budimpesti\/#primaryimage"},"thumbnailUrl":"https:\/\/radioljubuski.ba\/wp-content\/uploads\/2021\/11\/cvetko-pxl-020521-83107145-20211008131450.jpg","datePublished":"2021-11-06T21:13:55+00:00","dateModified":"2021-11-06T21:13:56+00:00","breadcrumb":{"@id":"https:\/\/radioljubuski.ba\/index.php\/2021\/11\/06\/tri-srebra-za-hrvatske-dzudase-u-bakuu-i-budimpesti\/#breadcrumb"},"inLanguage":"hr","potentialAction":[{"@type":"ReadAction","target":["https:\/\/radioljubuski.ba\/index.php\/2021\/11\/06\/tri-srebra-za-hrvatske-dzudase-u-bakuu-i-budimpesti\/"]}]},{"@type":"ImageObject","inLanguage":"hr","@id":"https:\/\/radioljubuski.ba\/index.php\/2021\/11\/06\/tri-srebra-za-hrvatske-dzudase-u-bakuu-i-budimpesti\/#primaryimage","url":"https:\/\/radioljubuski.ba\/wp-content\/uploads\/2021\/11\/cvetko-pxl-020521-83107145-20211008131450.jpg","contentUrl":"https:\/\/radioljubuski.ba\/wp-content\/uploads\/2021\/11\/cvetko-pxl-020521-83107145-20211008131450.jpg","width":1200,"height":720,"caption":"02.05.2021., Zagreb - European Judo open Zagreb 2021 u Domu sportova. Lara Cvetko, De Voogd Margit. Photo: Matija Habljak\/PIXSELL (02.05.2021., Zagreb - European Judo open Zagreb 2021 u Domu sportova. Lara Cvetko, De Voogd Margit. Photo: Matija Hablja"},{"@type":"BreadcrumbList","@id":"https:\/\/radioljubuski.ba\/index.php\/2021\/11\/06\/tri-srebra-za-hrvatske-dzudase-u-bakuu-i-budimpesti\/#breadcrumb","itemListElement":[{"@type":"ListItem","position":1,"name":"Po\u010detna stranica","item":"https:\/\/radioljubuski.ba\/"},{"@type":"ListItem","position":2,"name":"Tri srebra za hrvatske d\u017euda\u0161e u Bakuu i Budimpe\u0161ti"}]},{"@type":"WebSite","@id":"https:\/\/radioljubuski.ba\/#website","url":"https:\/\/radioljubuski.ba\/","name":"Radio Ljubu\u0161ki","description":"Sun\u010dana frekvencija Hercegovine","publisher":{"@id":"https:\/\/radioljubuski.ba\/#organization"},"potentialAction":[{"@type":"SearchAction","target":{"@type":"EntryPoint","urlTemplate":"https:\/\/radioljubuski.ba\/?s={search_term_string}"},"query-input":{"@type":"PropertyValueSpecification","valueRequired":true,"valueName":"search_term_string"}}],"inLanguage":"hr"},{"@type":"Organization","@id":"https:\/\/radioljubuski.ba\/#organization","name":"Radio Ljubu\u0161ki","url":"https:\/\/radioljubuski.ba\/","logo":{"@type":"ImageObject","inLanguage":"hr","@id":"https:\/\/radioljubuski.ba\/#\/schema\/logo\/image\/","url":"https:\/\/radioljubuski.ba\/wp-content\/uploads\/2021\/02\/cropped-Radio_Ljubuski_logo1.jpg","contentUrl":"https:\/\/radioljubuski.ba\/wp-content\/uploads\/2021\/02\/cropped-Radio_Ljubuski_logo1.jpg","width":512,"height":512,"caption":"Radio Ljubu\u0161ki"},"image":{"@id":"https:\/\/radioljubuski.ba\/#\/schema\/logo\/image\/"},"sameAs":["https:\/\/www.facebook.com\/Radiio-Ljubuski-1490835324566332","https:\/\/x.com\/radioljubuski","https:\/\/hr.linkedin.com\/company\/radio-ljubuski","https:\/\/www.youtube.com\/channel\/UCHYaeO_n0Db3tjNGudGpXyw"]},{"@type":"Person","@id":"https:\/\/radioljubuski.ba\/#\/schema\/person\/19fc700381a780f69665d7956c469e3b","name":"Radio Ljubu\u0161ki"}]}},"_links":{"self":[{"href":"https:\/\/radioljubuski.ba\/index.php\/wp-json\/wp\/v2\/posts\/85890","targetHints":{"allow":["GET"]}}],"collection":[{"href":"https:\/\/radioljubuski.ba\/index.php\/wp-json\/wp\/v2\/posts"}],"about":[{"href":"https:\/\/radioljubuski.ba\/index.php\/wp-json\/wp\/v2\/types\/post"}],"author":[{"embeddable":true,"href":"https:\/\/radioljubuski.ba\/index.php\/wp-json\/wp\/v2\/users\/2"}],"replies":[{"embeddable":true,"href":"https:\/\/radioljubuski.ba\/index.php\/wp-json\/wp\/v2\/comments?post=85890"}],"version-history":[{"count":1,"href":"https:\/\/radioljubuski.ba\/index.php\/wp-json\/wp\/v2\/posts\/85890\/revisions"}],"predecessor-version":[{"id":85892,"href":"https:\/\/radioljubuski.ba\/index.php\/wp-json\/wp\/v2\/posts\/85890\/revisions\/85892"}],"wp:featuredmedia":[{"embeddable":true,"href":"https:\/\/radioljubuski.ba\/index.php\/wp-json\/wp\/v2\/media\/85891"}],"wp:attachment":[{"href":"https:\/\/radioljubuski.ba\/index.php\/wp-json\/wp\/v2\/media?parent=85890"}],"wp:term":[{"taxonomy":"category","embeddable":true,"href":"https:\/\/radioljubuski.ba\/index.php\/wp-json\/wp\/v2\/categories?post=85890"},{"taxonomy":"post_tag","embeddable":true,"href":"https:\/\/radioljubuski.ba\/index.php\/wp-json\/wp\/v2\/tags?post=85890"}],"curies":[{"name":"wp","href":"https:\/\/api.w.org\/{rel}","templated":true}]}}