{"id":85896,"date":"2021-11-06T22:16:29","date_gmt":"2021-11-06T21:16:29","guid":{"rendered":"https:\/\/radioljubuski.ba\/?p=85896"},"modified":"2021-11-06T22:16:29","modified_gmt":"2021-11-06T21:16:29","slug":"mektic-i-pavic-osigurali-jedinicu-na-kraju-godine","status":"publish","type":"post","link":"https:\/\/radioljubuski.ba\/index.php\/2021\/11\/06\/mektic-i-pavic-osigurali-jedinicu-na-kraju-godine\/","title":{"rendered":"Mekti\u0107 i Pavi\u0107 osigurali &#8220;jedinicu&#8221; na kraju godine"},"content":{"rendered":"\n<p><strong>Nikola Mekti\u0107 i Mate Pavi\u0107 zavr\u0161it \u0107e 2021. kao najbolji par na ATP ljestvici najboljih teniskih dvojaca svijeta, a raspletom pari\u0161kog Mastersa postali su nedosti\u017eni za Amerikanca Rajeeva Rama i Britanca Joea Salisburyja, koji su im bili jedina prijetnja.<\/strong><\/p>\n\n\n\n<p>Za Matu Pavi\u0107a ovo je tre\u0107i put da godinu zavr\u0161ava kao dio najboljeg para, a Nikola Mekti\u0107 je tre\u0107i partner s kojim je Pavi\u0107 do\u0161ao do vrha. Pro\u0161le je godine do tog ostvarenja stigao s Brazilcem&nbsp;<strong>Brunom Soaresom<\/strong>, a 2018. je bio najbolji u kombinaciji s Austrijancem&nbsp;<strong>Oliverom Marachom<\/strong>.<\/p>\n\n\n\n<p>&#8211; Iznimno sam sretan. Istina, ovo mi je tre\u0107i put u posljednje \u010detiri godine i s tre\u0107im partnerom, ali sam prvi put to postigao s Hrvatom, \u0161to je veliko postignu\u0107e za nas osobno, ali i op\u0107enito za hrvatski tenis, izjavio je u priop\u0107enju ATP Toura Mate Pavi\u0107.<\/p>\n\n\n\n<p>Mekti\u0107 \u0107e prvi put godinu zavr\u0161iti na prvom mjestu ATP ljestvice.<\/p>\n\n\n\n<p>&#8211; To je doista lijepo postignu\u0107e, pogotovo nakon ovakve sezone kakvu smo imali. Veselio sam se tome. Kad sam vidio kako nam je krenulo, to je postao jedan od ciljeva. Lijepo je zavr\u0161iti godinu na broju 1, \u0161to je kruna cijele sezone u kojoj smo imali doista lijepih pobjeda i velikih naslova, rekao je Nikola Mekti\u0107.<\/p>\n\n\n\n<p>U godini prepunoj uspjeha 32-godi\u0161nji Zagrep\u010danin i 28-godi\u0161nji Spli\u0107anin osvojili su devet naslova me\u0111u kojima se isti\u010du trofej osvojen u Wimbledonu te zlatna medalja na Olimpijskim igrama u Tokiju.<\/p>\n\n\n\n<p>Do kraja sezone Mekti\u0107u i Pavi\u0107u na ATP Touru ostaje nastup na zavr\u0161nom turniru osam najboljih parova svijeta, na kojem je Zagrep\u010danin trijumfirao pro\u0161le godine s Nizozemcem&nbsp;<strong>Wesleyjem Koolhofom<\/strong>, a Spli\u0107anu je to jedan od rijetkih trofeja koji mu nedostaje u kolekciji.<\/p>\n\n\n\n<p>&#8211; Imali smo odli\u010dnu sezonu i veselimo se igranju u Torinu, na ovogodi\u0161njem ATP Finalu. Poku\u0161at \u0107emo zavr\u0161iti sezonu onako kako smo je i zapo\u010deli, rekao je Pavi\u0107.<\/p>\n\n\n\n<p>Hrvatskom paru je \u010destitao i predsjednik ATP-a&nbsp;<strong>Andrea Gaudenzi<\/strong>.<\/p>\n\n\n\n<p>&#8211; \u010cestitke Nikoli i Mati na iznimnoj sezoni i na broju 1. Impresivno je kako su zapo\u010deli sezonu i koliko su uspjeha imali u njihovoj prvoj godini suradnje te bi doista trebali biti ponosni na svoja ostvarenja, izjavio je Gaudenzi.<\/p>\n\n\n\n<p>Mekti\u0107 i Pavi\u0107 \u0107e biti prvi nositelji ATP Finala kojem \u0107e od 14. do 21. studenoga po prvi put doma\u0107inom biti Torino, nakon \u0161to je od 2009. do 2020. zavr\u0161ni turnir igran u londonskoj O2 Areni.<\/p>\n\n\n\n<p>Nakon ATP Finala, Nikola i Mate \u0107e zaigrati i za hrvatsku Davis Cup reprezentaciju i ponovno u Torinu, gdje ih 25. studenoga o\u010dekuje dvoboj grupne faze protiv Australije, a 28. studenoga protiv Ma\u0111arske.<\/p>\n\n\n\n<p>Izvor.hrt.hr<\/p>\n","protected":false},"excerpt":{"rendered":"<p>Nikola Mekti\u0107 i Mate Pavi\u0107 zavr\u0161it \u0107e 2021. kao najbolji par na ATP ljestvici najboljih teniskih dvojaca svijeta, a raspletom pari\u0161kog Mastersa postali su nedosti\u017eni za Amerikanca Rajeeva Rama i Britanca Joea Salisburyja, koji su im bili jedina prijetnja. Za Matu Pavi\u0107a ovo je tre\u0107i put da godinu zavr\u0161ava kao dio najboljeg para, a Nikola [&hellip;]<\/p>\n","protected":false},"author":2,"featured_media":27899,"comment_status":"closed","ping_status":"closed","sticky":false,"template":"","format":"standard","meta":{"h5ap_radio_sources":[],"footnotes":""},"categories":[7],"tags":[],"class_list":["post-85896","post","type-post","status-publish","format-standard","has-post-thumbnail","hentry","category-sport"],"yoast_head":"<!-- This site is optimized with the Yoast SEO plugin v27.5 - https:\/\/yoast.com\/product\/yoast-seo-wordpress\/ -->\n<title>Mekti\u0107 i Pavi\u0107 osigurali &quot;jedinicu&quot; na kraju godine - RADIO LJUBU\u0160KI<\/title>\n<meta name=\"robots\" content=\"index, follow, max-snippet:-1, max-image-preview:large, max-video-preview:-1\" \/>\n<link rel=\"canonical\" href=\"https:\/\/radioljubuski.ba\/index.php\/2021\/11\/06\/mektic-i-pavic-osigurali-jedinicu-na-kraju-godine\/\" \/>\n<meta property=\"og:locale\" content=\"hr_HR\" \/>\n<meta property=\"og:type\" content=\"article\" \/>\n<meta property=\"og:title\" content=\"Mekti\u0107 i Pavi\u0107 osigurali &quot;jedinicu&quot; na kraju godine - RADIO LJUBU\u0160KI\" \/>\n<meta property=\"og:description\" content=\"Nikola Mekti\u0107 i Mate Pavi\u0107 zavr\u0161it \u0107e 2021. kao najbolji par na ATP ljestvici najboljih teniskih dvojaca svijeta, a raspletom pari\u0161kog Mastersa postali su nedosti\u017eni za Amerikanca Rajeeva Rama i Britanca Joea Salisburyja, koji su im bili jedina prijetnja. Za Matu Pavi\u0107a ovo je tre\u0107i put da godinu zavr\u0161ava kao dio najboljeg para, a Nikola [&hellip;]\" \/>\n<meta property=\"og:url\" content=\"https:\/\/radioljubuski.ba\/index.php\/2021\/11\/06\/mektic-i-pavic-osigurali-jedinicu-na-kraju-godine\/\" \/>\n<meta property=\"og:site_name\" content=\"RADIO LJUBU\u0160KI\" \/>\n<meta property=\"article:publisher\" content=\"https:\/\/www.facebook.com\/Radiio-Ljubuski-1490835324566332\" \/>\n<meta property=\"article:published_time\" content=\"2021-11-06T21:16:29+00:00\" \/>\n<meta property=\"og:image\" content=\"https:\/\/radioljubuski.ba\/wp-content\/uploads\/2021\/06\/pavic-mektic1804-20210418160852.jpg\" \/>\n\t<meta property=\"og:image:width\" content=\"1920\" \/>\n\t<meta property=\"og:image:height\" content=\"1080\" \/>\n\t<meta property=\"og:image:type\" content=\"image\/jpeg\" \/>\n<meta name=\"author\" content=\"Radio Ljubu\u0161ki\" \/>\n<meta name=\"twitter:card\" content=\"summary_large_image\" \/>\n<meta name=\"twitter:creator\" content=\"@radioljubuski\" \/>\n<meta name=\"twitter:site\" content=\"@radioljubuski\" \/>\n<meta name=\"twitter:label1\" content=\"Napisao\/la\" \/>\n\t<meta name=\"twitter:data1\" content=\"Radio Ljubu\u0161ki\" \/>\n\t<meta name=\"twitter:label2\" content=\"Procijenjeno vrijeme \u010ditanja\" \/>\n\t<meta name=\"twitter:data2\" content=\"2 minute\" \/>\n<script type=\"application\/ld+json\" class=\"yoast-schema-graph\">{\"@context\":\"https:\\\/\\\/schema.org\",\"@graph\":[{\"@type\":\"Article\",\"@id\":\"https:\\\/\\\/radioljubuski.ba\\\/index.php\\\/2021\\\/11\\\/06\\\/mektic-i-pavic-osigurali-jedinicu-na-kraju-godine\\\/#article\",\"isPartOf\":{\"@id\":\"https:\\\/\\\/radioljubuski.ba\\\/index.php\\\/2021\\\/11\\\/06\\\/mektic-i-pavic-osigurali-jedinicu-na-kraju-godine\\\/\"},\"author\":{\"name\":\"Radio Ljubu\u0161ki\",\"@id\":\"https:\\\/\\\/radioljubuski.ba\\\/#\\\/schema\\\/person\\\/19fc700381a780f69665d7956c469e3b\"},\"headline\":\"Mekti\u0107 i Pavi\u0107 osigurali &#8220;jedinicu&#8221; na kraju godine\",\"datePublished\":\"2021-11-06T21:16:29+00:00\",\"mainEntityOfPage\":{\"@id\":\"https:\\\/\\\/radioljubuski.ba\\\/index.php\\\/2021\\\/11\\\/06\\\/mektic-i-pavic-osigurali-jedinicu-na-kraju-godine\\\/\"},\"wordCount\":463,\"publisher\":{\"@id\":\"https:\\\/\\\/radioljubuski.ba\\\/#organization\"},\"image\":{\"@id\":\"https:\\\/\\\/radioljubuski.ba\\\/index.php\\\/2021\\\/11\\\/06\\\/mektic-i-pavic-osigurali-jedinicu-na-kraju-godine\\\/#primaryimage\"},\"thumbnailUrl\":\"https:\\\/\\\/radioljubuski.ba\\\/wp-content\\\/uploads\\\/2021\\\/06\\\/pavic-mektic1804-20210418160852.jpg\",\"articleSection\":[\"\u0160port\"],\"inLanguage\":\"hr\"},{\"@type\":\"WebPage\",\"@id\":\"https:\\\/\\\/radioljubuski.ba\\\/index.php\\\/2021\\\/11\\\/06\\\/mektic-i-pavic-osigurali-jedinicu-na-kraju-godine\\\/\",\"url\":\"https:\\\/\\\/radioljubuski.ba\\\/index.php\\\/2021\\\/11\\\/06\\\/mektic-i-pavic-osigurali-jedinicu-na-kraju-godine\\\/\",\"name\":\"Mekti\u0107 i Pavi\u0107 osigurali \\\"jedinicu\\\" na kraju godine - RADIO LJUBU\u0160KI\",\"isPartOf\":{\"@id\":\"https:\\\/\\\/radioljubuski.ba\\\/#website\"},\"primaryImageOfPage\":{\"@id\":\"https:\\\/\\\/radioljubuski.ba\\\/index.php\\\/2021\\\/11\\\/06\\\/mektic-i-pavic-osigurali-jedinicu-na-kraju-godine\\\/#primaryimage\"},\"image\":{\"@id\":\"https:\\\/\\\/radioljubuski.ba\\\/index.php\\\/2021\\\/11\\\/06\\\/mektic-i-pavic-osigurali-jedinicu-na-kraju-godine\\\/#primaryimage\"},\"thumbnailUrl\":\"https:\\\/\\\/radioljubuski.ba\\\/wp-content\\\/uploads\\\/2021\\\/06\\\/pavic-mektic1804-20210418160852.jpg\",\"datePublished\":\"2021-11-06T21:16:29+00:00\",\"breadcrumb\":{\"@id\":\"https:\\\/\\\/radioljubuski.ba\\\/index.php\\\/2021\\\/11\\\/06\\\/mektic-i-pavic-osigurali-jedinicu-na-kraju-godine\\\/#breadcrumb\"},\"inLanguage\":\"hr\",\"potentialAction\":[{\"@type\":\"ReadAction\",\"target\":[\"https:\\\/\\\/radioljubuski.ba\\\/index.php\\\/2021\\\/11\\\/06\\\/mektic-i-pavic-osigurali-jedinicu-na-kraju-godine\\\/\"]}]},{\"@type\":\"ImageObject\",\"inLanguage\":\"hr\",\"@id\":\"https:\\\/\\\/radioljubuski.ba\\\/index.php\\\/2021\\\/11\\\/06\\\/mektic-i-pavic-osigurali-jedinicu-na-kraju-godine\\\/#primaryimage\",\"url\":\"https:\\\/\\\/radioljubuski.ba\\\/wp-content\\\/uploads\\\/2021\\\/06\\\/pavic-mektic1804-20210418160852.jpg\",\"contentUrl\":\"https:\\\/\\\/radioljubuski.ba\\\/wp-content\\\/uploads\\\/2021\\\/06\\\/pavic-mektic1804-20210418160852.jpg\",\"width\":1920,\"height\":1080},{\"@type\":\"BreadcrumbList\",\"@id\":\"https:\\\/\\\/radioljubuski.ba\\\/index.php\\\/2021\\\/11\\\/06\\\/mektic-i-pavic-osigurali-jedinicu-na-kraju-godine\\\/#breadcrumb\",\"itemListElement\":[{\"@type\":\"ListItem\",\"position\":1,\"name\":\"Po\u010detna stranica\",\"item\":\"https:\\\/\\\/radioljubuski.ba\\\/\"},{\"@type\":\"ListItem\",\"position\":2,\"name\":\"Mekti\u0107 i Pavi\u0107 osigurali &#8220;jedinicu&#8221; na kraju godine\"}]},{\"@type\":\"WebSite\",\"@id\":\"https:\\\/\\\/radioljubuski.ba\\\/#website\",\"url\":\"https:\\\/\\\/radioljubuski.ba\\\/\",\"name\":\"Radio Ljubu\u0161ki\",\"description\":\"Sun\u010dana frekvencija Hercegovine\",\"publisher\":{\"@id\":\"https:\\\/\\\/radioljubuski.ba\\\/#organization\"},\"potentialAction\":[{\"@type\":\"SearchAction\",\"target\":{\"@type\":\"EntryPoint\",\"urlTemplate\":\"https:\\\/\\\/radioljubuski.ba\\\/?s={search_term_string}\"},\"query-input\":{\"@type\":\"PropertyValueSpecification\",\"valueRequired\":true,\"valueName\":\"search_term_string\"}}],\"inLanguage\":\"hr\"},{\"@type\":\"Organization\",\"@id\":\"https:\\\/\\\/radioljubuski.ba\\\/#organization\",\"name\":\"Radio Ljubu\u0161ki\",\"url\":\"https:\\\/\\\/radioljubuski.ba\\\/\",\"logo\":{\"@type\":\"ImageObject\",\"inLanguage\":\"hr\",\"@id\":\"https:\\\/\\\/radioljubuski.ba\\\/#\\\/schema\\\/logo\\\/image\\\/\",\"url\":\"https:\\\/\\\/radioljubuski.ba\\\/wp-content\\\/uploads\\\/2021\\\/02\\\/cropped-Radio_Ljubuski_logo1.jpg\",\"contentUrl\":\"https:\\\/\\\/radioljubuski.ba\\\/wp-content\\\/uploads\\\/2021\\\/02\\\/cropped-Radio_Ljubuski_logo1.jpg\",\"width\":512,\"height\":512,\"caption\":\"Radio Ljubu\u0161ki\"},\"image\":{\"@id\":\"https:\\\/\\\/radioljubuski.ba\\\/#\\\/schema\\\/logo\\\/image\\\/\"},\"sameAs\":[\"https:\\\/\\\/www.facebook.com\\\/Radiio-Ljubuski-1490835324566332\",\"https:\\\/\\\/x.com\\\/radioljubuski\",\"https:\\\/\\\/hr.linkedin.com\\\/company\\\/radio-ljubuski\",\"https:\\\/\\\/www.youtube.com\\\/channel\\\/UCHYaeO_n0Db3tjNGudGpXyw\"]},{\"@type\":\"Person\",\"@id\":\"https:\\\/\\\/radioljubuski.ba\\\/#\\\/schema\\\/person\\\/19fc700381a780f69665d7956c469e3b\",\"name\":\"Radio Ljubu\u0161ki\"}]}<\/script>\n<!-- \/ Yoast SEO plugin. -->","yoast_head_json":{"title":"Mekti\u0107 i Pavi\u0107 osigurali \"jedinicu\" na kraju godine - RADIO LJUBU\u0160KI","robots":{"index":"index","follow":"follow","max-snippet":"max-snippet:-1","max-image-preview":"max-image-preview:large","max-video-preview":"max-video-preview:-1"},"canonical":"https:\/\/radioljubuski.ba\/index.php\/2021\/11\/06\/mektic-i-pavic-osigurali-jedinicu-na-kraju-godine\/","og_locale":"hr_HR","og_type":"article","og_title":"Mekti\u0107 i Pavi\u0107 osigurali \"jedinicu\" na kraju godine - RADIO LJUBU\u0160KI","og_description":"Nikola Mekti\u0107 i Mate Pavi\u0107 zavr\u0161it \u0107e 2021. kao najbolji par na ATP ljestvici najboljih teniskih dvojaca svijeta, a raspletom pari\u0161kog Mastersa postali su nedosti\u017eni za Amerikanca Rajeeva Rama i Britanca Joea Salisburyja, koji su im bili jedina prijetnja. Za Matu Pavi\u0107a ovo je tre\u0107i put da godinu zavr\u0161ava kao dio najboljeg para, a Nikola [&hellip;]","og_url":"https:\/\/radioljubuski.ba\/index.php\/2021\/11\/06\/mektic-i-pavic-osigurali-jedinicu-na-kraju-godine\/","og_site_name":"RADIO LJUBU\u0160KI","article_publisher":"https:\/\/www.facebook.com\/Radiio-Ljubuski-1490835324566332","article_published_time":"2021-11-06T21:16:29+00:00","og_image":[{"width":1920,"height":1080,"url":"https:\/\/radioljubuski.ba\/wp-content\/uploads\/2021\/06\/pavic-mektic1804-20210418160852.jpg","type":"image\/jpeg"}],"author":"Radio Ljubu\u0161ki","twitter_card":"summary_large_image","twitter_creator":"@radioljubuski","twitter_site":"@radioljubuski","twitter_misc":{"Napisao\/la":"Radio Ljubu\u0161ki","Procijenjeno vrijeme \u010ditanja":"2 minute"},"schema":{"@context":"https:\/\/schema.org","@graph":[{"@type":"Article","@id":"https:\/\/radioljubuski.ba\/index.php\/2021\/11\/06\/mektic-i-pavic-osigurali-jedinicu-na-kraju-godine\/#article","isPartOf":{"@id":"https:\/\/radioljubuski.ba\/index.php\/2021\/11\/06\/mektic-i-pavic-osigurali-jedinicu-na-kraju-godine\/"},"author":{"name":"Radio Ljubu\u0161ki","@id":"https:\/\/radioljubuski.ba\/#\/schema\/person\/19fc700381a780f69665d7956c469e3b"},"headline":"Mekti\u0107 i Pavi\u0107 osigurali &#8220;jedinicu&#8221; na kraju godine","datePublished":"2021-11-06T21:16:29+00:00","mainEntityOfPage":{"@id":"https:\/\/radioljubuski.ba\/index.php\/2021\/11\/06\/mektic-i-pavic-osigurali-jedinicu-na-kraju-godine\/"},"wordCount":463,"publisher":{"@id":"https:\/\/radioljubuski.ba\/#organization"},"image":{"@id":"https:\/\/radioljubuski.ba\/index.php\/2021\/11\/06\/mektic-i-pavic-osigurali-jedinicu-na-kraju-godine\/#primaryimage"},"thumbnailUrl":"https:\/\/radioljubuski.ba\/wp-content\/uploads\/2021\/06\/pavic-mektic1804-20210418160852.jpg","articleSection":["\u0160port"],"inLanguage":"hr"},{"@type":"WebPage","@id":"https:\/\/radioljubuski.ba\/index.php\/2021\/11\/06\/mektic-i-pavic-osigurali-jedinicu-na-kraju-godine\/","url":"https:\/\/radioljubuski.ba\/index.php\/2021\/11\/06\/mektic-i-pavic-osigurali-jedinicu-na-kraju-godine\/","name":"Mekti\u0107 i Pavi\u0107 osigurali \"jedinicu\" na kraju godine - RADIO LJUBU\u0160KI","isPartOf":{"@id":"https:\/\/radioljubuski.ba\/#website"},"primaryImageOfPage":{"@id":"https:\/\/radioljubuski.ba\/index.php\/2021\/11\/06\/mektic-i-pavic-osigurali-jedinicu-na-kraju-godine\/#primaryimage"},"image":{"@id":"https:\/\/radioljubuski.ba\/index.php\/2021\/11\/06\/mektic-i-pavic-osigurali-jedinicu-na-kraju-godine\/#primaryimage"},"thumbnailUrl":"https:\/\/radioljubuski.ba\/wp-content\/uploads\/2021\/06\/pavic-mektic1804-20210418160852.jpg","datePublished":"2021-11-06T21:16:29+00:00","breadcrumb":{"@id":"https:\/\/radioljubuski.ba\/index.php\/2021\/11\/06\/mektic-i-pavic-osigurali-jedinicu-na-kraju-godine\/#breadcrumb"},"inLanguage":"hr","potentialAction":[{"@type":"ReadAction","target":["https:\/\/radioljubuski.ba\/index.php\/2021\/11\/06\/mektic-i-pavic-osigurali-jedinicu-na-kraju-godine\/"]}]},{"@type":"ImageObject","inLanguage":"hr","@id":"https:\/\/radioljubuski.ba\/index.php\/2021\/11\/06\/mektic-i-pavic-osigurali-jedinicu-na-kraju-godine\/#primaryimage","url":"https:\/\/radioljubuski.ba\/wp-content\/uploads\/2021\/06\/pavic-mektic1804-20210418160852.jpg","contentUrl":"https:\/\/radioljubuski.ba\/wp-content\/uploads\/2021\/06\/pavic-mektic1804-20210418160852.jpg","width":1920,"height":1080},{"@type":"BreadcrumbList","@id":"https:\/\/radioljubuski.ba\/index.php\/2021\/11\/06\/mektic-i-pavic-osigurali-jedinicu-na-kraju-godine\/#breadcrumb","itemListElement":[{"@type":"ListItem","position":1,"name":"Po\u010detna stranica","item":"https:\/\/radioljubuski.ba\/"},{"@type":"ListItem","position":2,"name":"Mekti\u0107 i Pavi\u0107 osigurali &#8220;jedinicu&#8221; na kraju godine"}]},{"@type":"WebSite","@id":"https:\/\/radioljubuski.ba\/#website","url":"https:\/\/radioljubuski.ba\/","name":"Radio Ljubu\u0161ki","description":"Sun\u010dana frekvencija Hercegovine","publisher":{"@id":"https:\/\/radioljubuski.ba\/#organization"},"potentialAction":[{"@type":"SearchAction","target":{"@type":"EntryPoint","urlTemplate":"https:\/\/radioljubuski.ba\/?s={search_term_string}"},"query-input":{"@type":"PropertyValueSpecification","valueRequired":true,"valueName":"search_term_string"}}],"inLanguage":"hr"},{"@type":"Organization","@id":"https:\/\/radioljubuski.ba\/#organization","name":"Radio Ljubu\u0161ki","url":"https:\/\/radioljubuski.ba\/","logo":{"@type":"ImageObject","inLanguage":"hr","@id":"https:\/\/radioljubuski.ba\/#\/schema\/logo\/image\/","url":"https:\/\/radioljubuski.ba\/wp-content\/uploads\/2021\/02\/cropped-Radio_Ljubuski_logo1.jpg","contentUrl":"https:\/\/radioljubuski.ba\/wp-content\/uploads\/2021\/02\/cropped-Radio_Ljubuski_logo1.jpg","width":512,"height":512,"caption":"Radio Ljubu\u0161ki"},"image":{"@id":"https:\/\/radioljubuski.ba\/#\/schema\/logo\/image\/"},"sameAs":["https:\/\/www.facebook.com\/Radiio-Ljubuski-1490835324566332","https:\/\/x.com\/radioljubuski","https:\/\/hr.linkedin.com\/company\/radio-ljubuski","https:\/\/www.youtube.com\/channel\/UCHYaeO_n0Db3tjNGudGpXyw"]},{"@type":"Person","@id":"https:\/\/radioljubuski.ba\/#\/schema\/person\/19fc700381a780f69665d7956c469e3b","name":"Radio Ljubu\u0161ki"}]}},"_links":{"self":[{"href":"https:\/\/radioljubuski.ba\/index.php\/wp-json\/wp\/v2\/posts\/85896","targetHints":{"allow":["GET"]}}],"collection":[{"href":"https:\/\/radioljubuski.ba\/index.php\/wp-json\/wp\/v2\/posts"}],"about":[{"href":"https:\/\/radioljubuski.ba\/index.php\/wp-json\/wp\/v2\/types\/post"}],"author":[{"embeddable":true,"href":"https:\/\/radioljubuski.ba\/index.php\/wp-json\/wp\/v2\/users\/2"}],"replies":[{"embeddable":true,"href":"https:\/\/radioljubuski.ba\/index.php\/wp-json\/wp\/v2\/comments?post=85896"}],"version-history":[{"count":1,"href":"https:\/\/radioljubuski.ba\/index.php\/wp-json\/wp\/v2\/posts\/85896\/revisions"}],"predecessor-version":[{"id":85897,"href":"https:\/\/radioljubuski.ba\/index.php\/wp-json\/wp\/v2\/posts\/85896\/revisions\/85897"}],"wp:featuredmedia":[{"embeddable":true,"href":"https:\/\/radioljubuski.ba\/index.php\/wp-json\/wp\/v2\/media\/27899"}],"wp:attachment":[{"href":"https:\/\/radioljubuski.ba\/index.php\/wp-json\/wp\/v2\/media?parent=85896"}],"wp:term":[{"taxonomy":"category","embeddable":true,"href":"https:\/\/radioljubuski.ba\/index.php\/wp-json\/wp\/v2\/categories?post=85896"},{"taxonomy":"post_tag","embeddable":true,"href":"https:\/\/radioljubuski.ba\/index.php\/wp-json\/wp\/v2\/tags?post=85896"}],"curies":[{"name":"wp","href":"https:\/\/api.w.org\/{rel}","templated":true}]}}