{"id":85913,"date":"2021-11-06T22:24:08","date_gmt":"2021-11-06T21:24:08","guid":{"rendered":"https:\/\/radioljubuski.ba\/?p=85913"},"modified":"2021-11-06T22:24:09","modified_gmt":"2021-11-06T21:24:09","slug":"hajduk-u-dambrauskasovom-debiju-svladao-dragovoljac","status":"publish","type":"post","link":"https:\/\/radioljubuski.ba\/index.php\/2021\/11\/06\/hajduk-u-dambrauskasovom-debiju-svladao-dragovoljac\/","title":{"rendered":"Hajduk u Dambrauskasovom debiju svladao Dragovoljac"},"content":{"rendered":"\n<p><strong>Hajduk je u sklopu 15. kola HNL-a&nbsp; na Poljudu u debiju novog trenera Valdasa Dambrauskasa pobijedio Hrvatski Dragovoljac s 2:0, \u010dime je prekinuo crni niz od \u010detiri utakmice bez pobjede u prvenstvu.<\/strong><\/p>\n\n\n\n<p>Pogotke za Hajduk postigli su&nbsp;<strong>Marin Ljubi\u010di\u0107<\/strong>&nbsp;(29) i<strong>&nbsp;Emir Sahiti<\/strong>&nbsp;(67).<\/p>\n\n\n\n<p>Tijekom \u010ditavog susreta igralo se prakti\u010dki samo na polovici terena koja je propadala gostima, a Hajduk je terensku nadmo\u0107 materijalizirao u 29. minuti kada se&nbsp;<strong>Biuk<\/strong>&nbsp;izborio za prostor za uba\u010daj s lijeve strane kojega je Ljubi\u010di\u0107 glavom u padu s \u010detiri metra sproveo u mre\u017eu.<\/p>\n\n\n\n<p>Susret je rezultatski rije\u0161en u 67. minuti kada su Sahiti i&nbsp;<strong>Livaja<\/strong>&nbsp;odigrali dvostruko proigravanje nakon kojega je Sahiti dobio loptu u kaznenom prostoru, njegov udarac pogodio je blok&nbsp;<strong>Vuliki\u0107a<\/strong>&nbsp;i prevario&nbsp;<strong>\u0160ubari\u0107a<\/strong>.<\/p>\n\n\n\n<p>Ovom pobjedom Hajduk je do\u0161ao na 24 boda, pa se na \u010detvrtom mjestu pribli\u017eio vode\u0107em trojcu, tre\u0107a Rijeka ima 27 bodova, kao i drugi DInamo, a vodi Osijek s 30 bodova.<\/p>\n\n\n\n<p><strong>HAJDUK &#8211; HRVATSKI DRAGOVOLJAC 2:0<\/strong><\/p>\n\n\n\n<p>Ljubi\u010di\u0107 29&#8242;, Vuliki\u0107 67&#8242; &#8211; autogol<\/p>\n\n\n\n<h4 class=\"wp-block-heading\">90+4&#8242; KRAJ!<\/h4>\n\n\n\n<h4 class=\"wp-block-heading\">90&#8242; opet zabija Livaja, ali opet iz zale\u0111a<\/h4>\n\n\n\n<h4 class=\"wp-block-heading\">67&#8242; LIVAJA JE DODAO SAHITIJU, ON JE PUCAO PO GOLU, A LOPTA JE OKRZNULA VULIKI\u0106A I ZAVR\u0160ILA U MRE\u017dI!<\/h4>\n\n\n\n<h4 class=\"wp-block-heading\">55&#8242; Sad su centimetri spasili goste, nakon kornera \u0106alu\u0161i\u0107 je pucao i lopta je ve\u0107 pro\u0161la Dragovolj\u010deva vratara, no Mami\u0107 je glavom izbacuje s gol-crte!<\/h4>\n\n\n\n<h4 class=\"wp-block-heading\">46&#8242; &#8211; odmah \u0161ansa Hajduka, Lovrencsics je ubacio pred vrata, na loptu je natr\u010dao Ljubi\u010di\u0107, ali puca pored gola<\/h4>\n\n\n\n<h4 class=\"wp-block-heading\">46&#8242; po\u010delo je drugo poluvrijeme<\/h4>\n\n\n\n<h4 class=\"wp-block-heading\">45&#8242; gotovo je prvo poluvrijeme<\/h4>\n\n\n\n<h4 class=\"wp-block-heading\">35&#8242; &#8211; opet dobra \u0161ansa Hajduka, ponovno je ubacio razigrani Biuk, no sad je malo zakasnio Ljubi\u010di\u0107<\/h4>\n\n\n\n<h4 class=\"wp-block-heading\">29&#8242; HAJDUK JE POVEO GOLOM LJUBI\u010cI\u0106A! BIUK JE UBACIO U PETERAC, A LJUBI\u010cI\u0106 GLAVOM TRESE MRE\u017dU!<\/h4>\n\n\n\n<h4 class=\"wp-block-heading\">14&#8242; Livaja je odli\u010dno asistira Ljubi\u010di\u0107u, koji puca iz te\u0161ke pozicije, ali lopta prolazi pored gola<\/h4>\n\n\n\n<h4 class=\"wp-block-heading\">8&#8242; Livaja trese mre\u017eu gostiju, ali gol je poni\u0161ten zbog zale\u0111a<\/h4>\n\n\n\n<h4 class=\"wp-block-heading\">1&#8242; po\u010deo je dvoboj!<\/h4>\n\n\n\n<p>Po\u010detni sastavi:<\/p>\n\n\n\n<p>Hajduk: Kalini\u0107 &#8211; Lovrencsics, Kati\u0107, Elez, Melnjak &#8211; Fossati, \u010calu\u0161i\u0107 &#8211; Sahiti, Livaja, Biuk &#8211; Ljubi\u010di\u0107<\/p>\n\n\n\n<p>klupa: Suba\u0161i\u0107, \u010colina, Dimitrov, Ka\u010danikli\u0107, Simi\u0107, Brklja\u010da, Diamantakos, Atanasov, Dol\u010dek.<\/p>\n\n\n\n<p>Izvor:hrt.hr<\/p>\n","protected":false},"excerpt":{"rendered":"<p>Hajduk je u sklopu 15. kola HNL-a&nbsp; na Poljudu u debiju novog trenera Valdasa Dambrauskasa pobijedio Hrvatski Dragovoljac s 2:0, \u010dime je prekinuo crni niz od \u010detiri utakmice bez pobjede u prvenstvu. Pogotke za Hajduk postigli su&nbsp;Marin Ljubi\u010di\u0107&nbsp;(29) i&nbsp;Emir Sahiti&nbsp;(67). Tijekom \u010ditavog susreta igralo se prakti\u010dki samo na polovici terena koja je propadala gostima, a [&hellip;]<\/p>\n","protected":false},"author":2,"featured_media":85914,"comment_status":"closed","ping_status":"closed","sticky":false,"template":"","format":"standard","meta":{"h5ap_radio_sources":[],"footnotes":""},"categories":[7],"tags":[],"class_list":["post-85913","post","type-post","status-publish","format-standard","has-post-thumbnail","hentry","category-sport"],"yoast_head":"<!-- This site is optimized with the Yoast SEO plugin v27.5 - https:\/\/yoast.com\/product\/yoast-seo-wordpress\/ -->\n<title>Hajduk u Dambrauskasovom debiju svladao Dragovoljac - RADIO LJUBU\u0160KI<\/title>\n<meta name=\"robots\" content=\"index, follow, max-snippet:-1, max-image-preview:large, max-video-preview:-1\" \/>\n<link rel=\"canonical\" href=\"https:\/\/radioljubuski.ba\/index.php\/2021\/11\/06\/hajduk-u-dambrauskasovom-debiju-svladao-dragovoljac\/\" \/>\n<meta property=\"og:locale\" content=\"hr_HR\" \/>\n<meta property=\"og:type\" content=\"article\" \/>\n<meta property=\"og:title\" content=\"Hajduk u Dambrauskasovom debiju svladao Dragovoljac - RADIO LJUBU\u0160KI\" \/>\n<meta property=\"og:description\" content=\"Hajduk je u sklopu 15. kola HNL-a&nbsp; na Poljudu u debiju novog trenera Valdasa Dambrauskasa pobijedio Hrvatski Dragovoljac s 2:0, \u010dime je prekinuo crni niz od \u010detiri utakmice bez pobjede u prvenstvu. Pogotke za Hajduk postigli su&nbsp;Marin Ljubi\u010di\u0107&nbsp;(29) i&nbsp;Emir Sahiti&nbsp;(67). Tijekom \u010ditavog susreta igralo se prakti\u010dki samo na polovici terena koja je propadala gostima, a [&hellip;]\" \/>\n<meta property=\"og:url\" content=\"https:\/\/radioljubuski.ba\/index.php\/2021\/11\/06\/hajduk-u-dambrauskasovom-debiju-svladao-dragovoljac\/\" \/>\n<meta property=\"og:site_name\" content=\"RADIO LJUBU\u0160KI\" \/>\n<meta property=\"article:publisher\" content=\"https:\/\/www.facebook.com\/Radiio-Ljubuski-1490835324566332\" \/>\n<meta property=\"article:published_time\" content=\"2021-11-06T21:24:08+00:00\" \/>\n<meta property=\"article:modified_time\" content=\"2021-11-06T21:24:09+00:00\" \/>\n<meta property=\"og:image\" content=\"https:\/\/radioljubuski.ba\/wp-content\/uploads\/2021\/11\/pxl-061121-90524280-750x650-1.jpg\" \/>\n\t<meta property=\"og:image:width\" content=\"750\" \/>\n\t<meta property=\"og:image:height\" content=\"650\" \/>\n\t<meta property=\"og:image:type\" content=\"image\/jpeg\" \/>\n<meta name=\"author\" content=\"Radio Ljubu\u0161ki\" \/>\n<meta name=\"twitter:card\" content=\"summary_large_image\" \/>\n<meta name=\"twitter:creator\" content=\"@radioljubuski\" \/>\n<meta name=\"twitter:site\" content=\"@radioljubuski\" \/>\n<meta name=\"twitter:label1\" content=\"Napisao\/la\" \/>\n\t<meta name=\"twitter:data1\" content=\"Radio Ljubu\u0161ki\" \/>\n\t<meta name=\"twitter:label2\" content=\"Procijenjeno vrijeme \u010ditanja\" \/>\n\t<meta name=\"twitter:data2\" content=\"2 minute\" \/>\n<script type=\"application\/ld+json\" class=\"yoast-schema-graph\">{\"@context\":\"https:\\\/\\\/schema.org\",\"@graph\":[{\"@type\":\"Article\",\"@id\":\"https:\\\/\\\/radioljubuski.ba\\\/index.php\\\/2021\\\/11\\\/06\\\/hajduk-u-dambrauskasovom-debiju-svladao-dragovoljac\\\/#article\",\"isPartOf\":{\"@id\":\"https:\\\/\\\/radioljubuski.ba\\\/index.php\\\/2021\\\/11\\\/06\\\/hajduk-u-dambrauskasovom-debiju-svladao-dragovoljac\\\/\"},\"author\":{\"name\":\"Radio Ljubu\u0161ki\",\"@id\":\"https:\\\/\\\/radioljubuski.ba\\\/#\\\/schema\\\/person\\\/19fc700381a780f69665d7956c469e3b\"},\"headline\":\"Hajduk u Dambrauskasovom debiju svladao Dragovoljac\",\"datePublished\":\"2021-11-06T21:24:08+00:00\",\"dateModified\":\"2021-11-06T21:24:09+00:00\",\"mainEntityOfPage\":{\"@id\":\"https:\\\/\\\/radioljubuski.ba\\\/index.php\\\/2021\\\/11\\\/06\\\/hajduk-u-dambrauskasovom-debiju-svladao-dragovoljac\\\/\"},\"wordCount\":380,\"publisher\":{\"@id\":\"https:\\\/\\\/radioljubuski.ba\\\/#organization\"},\"image\":{\"@id\":\"https:\\\/\\\/radioljubuski.ba\\\/index.php\\\/2021\\\/11\\\/06\\\/hajduk-u-dambrauskasovom-debiju-svladao-dragovoljac\\\/#primaryimage\"},\"thumbnailUrl\":\"https:\\\/\\\/radioljubuski.ba\\\/wp-content\\\/uploads\\\/2021\\\/11\\\/pxl-061121-90524280-750x650-1.jpg\",\"articleSection\":[\"\u0160port\"],\"inLanguage\":\"hr\"},{\"@type\":\"WebPage\",\"@id\":\"https:\\\/\\\/radioljubuski.ba\\\/index.php\\\/2021\\\/11\\\/06\\\/hajduk-u-dambrauskasovom-debiju-svladao-dragovoljac\\\/\",\"url\":\"https:\\\/\\\/radioljubuski.ba\\\/index.php\\\/2021\\\/11\\\/06\\\/hajduk-u-dambrauskasovom-debiju-svladao-dragovoljac\\\/\",\"name\":\"Hajduk u Dambrauskasovom debiju svladao Dragovoljac - RADIO LJUBU\u0160KI\",\"isPartOf\":{\"@id\":\"https:\\\/\\\/radioljubuski.ba\\\/#website\"},\"primaryImageOfPage\":{\"@id\":\"https:\\\/\\\/radioljubuski.ba\\\/index.php\\\/2021\\\/11\\\/06\\\/hajduk-u-dambrauskasovom-debiju-svladao-dragovoljac\\\/#primaryimage\"},\"image\":{\"@id\":\"https:\\\/\\\/radioljubuski.ba\\\/index.php\\\/2021\\\/11\\\/06\\\/hajduk-u-dambrauskasovom-debiju-svladao-dragovoljac\\\/#primaryimage\"},\"thumbnailUrl\":\"https:\\\/\\\/radioljubuski.ba\\\/wp-content\\\/uploads\\\/2021\\\/11\\\/pxl-061121-90524280-750x650-1.jpg\",\"datePublished\":\"2021-11-06T21:24:08+00:00\",\"dateModified\":\"2021-11-06T21:24:09+00:00\",\"breadcrumb\":{\"@id\":\"https:\\\/\\\/radioljubuski.ba\\\/index.php\\\/2021\\\/11\\\/06\\\/hajduk-u-dambrauskasovom-debiju-svladao-dragovoljac\\\/#breadcrumb\"},\"inLanguage\":\"hr\",\"potentialAction\":[{\"@type\":\"ReadAction\",\"target\":[\"https:\\\/\\\/radioljubuski.ba\\\/index.php\\\/2021\\\/11\\\/06\\\/hajduk-u-dambrauskasovom-debiju-svladao-dragovoljac\\\/\"]}]},{\"@type\":\"ImageObject\",\"inLanguage\":\"hr\",\"@id\":\"https:\\\/\\\/radioljubuski.ba\\\/index.php\\\/2021\\\/11\\\/06\\\/hajduk-u-dambrauskasovom-debiju-svladao-dragovoljac\\\/#primaryimage\",\"url\":\"https:\\\/\\\/radioljubuski.ba\\\/wp-content\\\/uploads\\\/2021\\\/11\\\/pxl-061121-90524280-750x650-1.jpg\",\"contentUrl\":\"https:\\\/\\\/radioljubuski.ba\\\/wp-content\\\/uploads\\\/2021\\\/11\\\/pxl-061121-90524280-750x650-1.jpg\",\"width\":750,\"height\":650},{\"@type\":\"BreadcrumbList\",\"@id\":\"https:\\\/\\\/radioljubuski.ba\\\/index.php\\\/2021\\\/11\\\/06\\\/hajduk-u-dambrauskasovom-debiju-svladao-dragovoljac\\\/#breadcrumb\",\"itemListElement\":[{\"@type\":\"ListItem\",\"position\":1,\"name\":\"Po\u010detna stranica\",\"item\":\"https:\\\/\\\/radioljubuski.ba\\\/\"},{\"@type\":\"ListItem\",\"position\":2,\"name\":\"Hajduk u Dambrauskasovom debiju svladao Dragovoljac\"}]},{\"@type\":\"WebSite\",\"@id\":\"https:\\\/\\\/radioljubuski.ba\\\/#website\",\"url\":\"https:\\\/\\\/radioljubuski.ba\\\/\",\"name\":\"Radio Ljubu\u0161ki\",\"description\":\"Sun\u010dana frekvencija Hercegovine\",\"publisher\":{\"@id\":\"https:\\\/\\\/radioljubuski.ba\\\/#organization\"},\"potentialAction\":[{\"@type\":\"SearchAction\",\"target\":{\"@type\":\"EntryPoint\",\"urlTemplate\":\"https:\\\/\\\/radioljubuski.ba\\\/?s={search_term_string}\"},\"query-input\":{\"@type\":\"PropertyValueSpecification\",\"valueRequired\":true,\"valueName\":\"search_term_string\"}}],\"inLanguage\":\"hr\"},{\"@type\":\"Organization\",\"@id\":\"https:\\\/\\\/radioljubuski.ba\\\/#organization\",\"name\":\"Radio Ljubu\u0161ki\",\"url\":\"https:\\\/\\\/radioljubuski.ba\\\/\",\"logo\":{\"@type\":\"ImageObject\",\"inLanguage\":\"hr\",\"@id\":\"https:\\\/\\\/radioljubuski.ba\\\/#\\\/schema\\\/logo\\\/image\\\/\",\"url\":\"https:\\\/\\\/radioljubuski.ba\\\/wp-content\\\/uploads\\\/2021\\\/02\\\/cropped-Radio_Ljubuski_logo1.jpg\",\"contentUrl\":\"https:\\\/\\\/radioljubuski.ba\\\/wp-content\\\/uploads\\\/2021\\\/02\\\/cropped-Radio_Ljubuski_logo1.jpg\",\"width\":512,\"height\":512,\"caption\":\"Radio Ljubu\u0161ki\"},\"image\":{\"@id\":\"https:\\\/\\\/radioljubuski.ba\\\/#\\\/schema\\\/logo\\\/image\\\/\"},\"sameAs\":[\"https:\\\/\\\/www.facebook.com\\\/Radiio-Ljubuski-1490835324566332\",\"https:\\\/\\\/x.com\\\/radioljubuski\",\"https:\\\/\\\/hr.linkedin.com\\\/company\\\/radio-ljubuski\",\"https:\\\/\\\/www.youtube.com\\\/channel\\\/UCHYaeO_n0Db3tjNGudGpXyw\"]},{\"@type\":\"Person\",\"@id\":\"https:\\\/\\\/radioljubuski.ba\\\/#\\\/schema\\\/person\\\/19fc700381a780f69665d7956c469e3b\",\"name\":\"Radio Ljubu\u0161ki\"}]}<\/script>\n<!-- \/ Yoast SEO plugin. -->","yoast_head_json":{"title":"Hajduk u Dambrauskasovom debiju svladao Dragovoljac - RADIO LJUBU\u0160KI","robots":{"index":"index","follow":"follow","max-snippet":"max-snippet:-1","max-image-preview":"max-image-preview:large","max-video-preview":"max-video-preview:-1"},"canonical":"https:\/\/radioljubuski.ba\/index.php\/2021\/11\/06\/hajduk-u-dambrauskasovom-debiju-svladao-dragovoljac\/","og_locale":"hr_HR","og_type":"article","og_title":"Hajduk u Dambrauskasovom debiju svladao Dragovoljac - RADIO LJUBU\u0160KI","og_description":"Hajduk je u sklopu 15. kola HNL-a&nbsp; na Poljudu u debiju novog trenera Valdasa Dambrauskasa pobijedio Hrvatski Dragovoljac s 2:0, \u010dime je prekinuo crni niz od \u010detiri utakmice bez pobjede u prvenstvu. Pogotke za Hajduk postigli su&nbsp;Marin Ljubi\u010di\u0107&nbsp;(29) i&nbsp;Emir Sahiti&nbsp;(67). Tijekom \u010ditavog susreta igralo se prakti\u010dki samo na polovici terena koja je propadala gostima, a [&hellip;]","og_url":"https:\/\/radioljubuski.ba\/index.php\/2021\/11\/06\/hajduk-u-dambrauskasovom-debiju-svladao-dragovoljac\/","og_site_name":"RADIO LJUBU\u0160KI","article_publisher":"https:\/\/www.facebook.com\/Radiio-Ljubuski-1490835324566332","article_published_time":"2021-11-06T21:24:08+00:00","article_modified_time":"2021-11-06T21:24:09+00:00","og_image":[{"width":750,"height":650,"url":"https:\/\/radioljubuski.ba\/wp-content\/uploads\/2021\/11\/pxl-061121-90524280-750x650-1.jpg","type":"image\/jpeg"}],"author":"Radio Ljubu\u0161ki","twitter_card":"summary_large_image","twitter_creator":"@radioljubuski","twitter_site":"@radioljubuski","twitter_misc":{"Napisao\/la":"Radio Ljubu\u0161ki","Procijenjeno vrijeme \u010ditanja":"2 minute"},"schema":{"@context":"https:\/\/schema.org","@graph":[{"@type":"Article","@id":"https:\/\/radioljubuski.ba\/index.php\/2021\/11\/06\/hajduk-u-dambrauskasovom-debiju-svladao-dragovoljac\/#article","isPartOf":{"@id":"https:\/\/radioljubuski.ba\/index.php\/2021\/11\/06\/hajduk-u-dambrauskasovom-debiju-svladao-dragovoljac\/"},"author":{"name":"Radio Ljubu\u0161ki","@id":"https:\/\/radioljubuski.ba\/#\/schema\/person\/19fc700381a780f69665d7956c469e3b"},"headline":"Hajduk u Dambrauskasovom debiju svladao Dragovoljac","datePublished":"2021-11-06T21:24:08+00:00","dateModified":"2021-11-06T21:24:09+00:00","mainEntityOfPage":{"@id":"https:\/\/radioljubuski.ba\/index.php\/2021\/11\/06\/hajduk-u-dambrauskasovom-debiju-svladao-dragovoljac\/"},"wordCount":380,"publisher":{"@id":"https:\/\/radioljubuski.ba\/#organization"},"image":{"@id":"https:\/\/radioljubuski.ba\/index.php\/2021\/11\/06\/hajduk-u-dambrauskasovom-debiju-svladao-dragovoljac\/#primaryimage"},"thumbnailUrl":"https:\/\/radioljubuski.ba\/wp-content\/uploads\/2021\/11\/pxl-061121-90524280-750x650-1.jpg","articleSection":["\u0160port"],"inLanguage":"hr"},{"@type":"WebPage","@id":"https:\/\/radioljubuski.ba\/index.php\/2021\/11\/06\/hajduk-u-dambrauskasovom-debiju-svladao-dragovoljac\/","url":"https:\/\/radioljubuski.ba\/index.php\/2021\/11\/06\/hajduk-u-dambrauskasovom-debiju-svladao-dragovoljac\/","name":"Hajduk u Dambrauskasovom debiju svladao Dragovoljac - RADIO LJUBU\u0160KI","isPartOf":{"@id":"https:\/\/radioljubuski.ba\/#website"},"primaryImageOfPage":{"@id":"https:\/\/radioljubuski.ba\/index.php\/2021\/11\/06\/hajduk-u-dambrauskasovom-debiju-svladao-dragovoljac\/#primaryimage"},"image":{"@id":"https:\/\/radioljubuski.ba\/index.php\/2021\/11\/06\/hajduk-u-dambrauskasovom-debiju-svladao-dragovoljac\/#primaryimage"},"thumbnailUrl":"https:\/\/radioljubuski.ba\/wp-content\/uploads\/2021\/11\/pxl-061121-90524280-750x650-1.jpg","datePublished":"2021-11-06T21:24:08+00:00","dateModified":"2021-11-06T21:24:09+00:00","breadcrumb":{"@id":"https:\/\/radioljubuski.ba\/index.php\/2021\/11\/06\/hajduk-u-dambrauskasovom-debiju-svladao-dragovoljac\/#breadcrumb"},"inLanguage":"hr","potentialAction":[{"@type":"ReadAction","target":["https:\/\/radioljubuski.ba\/index.php\/2021\/11\/06\/hajduk-u-dambrauskasovom-debiju-svladao-dragovoljac\/"]}]},{"@type":"ImageObject","inLanguage":"hr","@id":"https:\/\/radioljubuski.ba\/index.php\/2021\/11\/06\/hajduk-u-dambrauskasovom-debiju-svladao-dragovoljac\/#primaryimage","url":"https:\/\/radioljubuski.ba\/wp-content\/uploads\/2021\/11\/pxl-061121-90524280-750x650-1.jpg","contentUrl":"https:\/\/radioljubuski.ba\/wp-content\/uploads\/2021\/11\/pxl-061121-90524280-750x650-1.jpg","width":750,"height":650},{"@type":"BreadcrumbList","@id":"https:\/\/radioljubuski.ba\/index.php\/2021\/11\/06\/hajduk-u-dambrauskasovom-debiju-svladao-dragovoljac\/#breadcrumb","itemListElement":[{"@type":"ListItem","position":1,"name":"Po\u010detna stranica","item":"https:\/\/radioljubuski.ba\/"},{"@type":"ListItem","position":2,"name":"Hajduk u Dambrauskasovom debiju svladao Dragovoljac"}]},{"@type":"WebSite","@id":"https:\/\/radioljubuski.ba\/#website","url":"https:\/\/radioljubuski.ba\/","name":"Radio Ljubu\u0161ki","description":"Sun\u010dana frekvencija Hercegovine","publisher":{"@id":"https:\/\/radioljubuski.ba\/#organization"},"potentialAction":[{"@type":"SearchAction","target":{"@type":"EntryPoint","urlTemplate":"https:\/\/radioljubuski.ba\/?s={search_term_string}"},"query-input":{"@type":"PropertyValueSpecification","valueRequired":true,"valueName":"search_term_string"}}],"inLanguage":"hr"},{"@type":"Organization","@id":"https:\/\/radioljubuski.ba\/#organization","name":"Radio Ljubu\u0161ki","url":"https:\/\/radioljubuski.ba\/","logo":{"@type":"ImageObject","inLanguage":"hr","@id":"https:\/\/radioljubuski.ba\/#\/schema\/logo\/image\/","url":"https:\/\/radioljubuski.ba\/wp-content\/uploads\/2021\/02\/cropped-Radio_Ljubuski_logo1.jpg","contentUrl":"https:\/\/radioljubuski.ba\/wp-content\/uploads\/2021\/02\/cropped-Radio_Ljubuski_logo1.jpg","width":512,"height":512,"caption":"Radio Ljubu\u0161ki"},"image":{"@id":"https:\/\/radioljubuski.ba\/#\/schema\/logo\/image\/"},"sameAs":["https:\/\/www.facebook.com\/Radiio-Ljubuski-1490835324566332","https:\/\/x.com\/radioljubuski","https:\/\/hr.linkedin.com\/company\/radio-ljubuski","https:\/\/www.youtube.com\/channel\/UCHYaeO_n0Db3tjNGudGpXyw"]},{"@type":"Person","@id":"https:\/\/radioljubuski.ba\/#\/schema\/person\/19fc700381a780f69665d7956c469e3b","name":"Radio Ljubu\u0161ki"}]}},"_links":{"self":[{"href":"https:\/\/radioljubuski.ba\/index.php\/wp-json\/wp\/v2\/posts\/85913","targetHints":{"allow":["GET"]}}],"collection":[{"href":"https:\/\/radioljubuski.ba\/index.php\/wp-json\/wp\/v2\/posts"}],"about":[{"href":"https:\/\/radioljubuski.ba\/index.php\/wp-json\/wp\/v2\/types\/post"}],"author":[{"embeddable":true,"href":"https:\/\/radioljubuski.ba\/index.php\/wp-json\/wp\/v2\/users\/2"}],"replies":[{"embeddable":true,"href":"https:\/\/radioljubuski.ba\/index.php\/wp-json\/wp\/v2\/comments?post=85913"}],"version-history":[{"count":1,"href":"https:\/\/radioljubuski.ba\/index.php\/wp-json\/wp\/v2\/posts\/85913\/revisions"}],"predecessor-version":[{"id":85915,"href":"https:\/\/radioljubuski.ba\/index.php\/wp-json\/wp\/v2\/posts\/85913\/revisions\/85915"}],"wp:featuredmedia":[{"embeddable":true,"href":"https:\/\/radioljubuski.ba\/index.php\/wp-json\/wp\/v2\/media\/85914"}],"wp:attachment":[{"href":"https:\/\/radioljubuski.ba\/index.php\/wp-json\/wp\/v2\/media?parent=85913"}],"wp:term":[{"taxonomy":"category","embeddable":true,"href":"https:\/\/radioljubuski.ba\/index.php\/wp-json\/wp\/v2\/categories?post=85913"},{"taxonomy":"post_tag","embeddable":true,"href":"https:\/\/radioljubuski.ba\/index.php\/wp-json\/wp\/v2\/tags?post=85913"}],"curies":[{"name":"wp","href":"https:\/\/api.w.org\/{rel}","templated":true}]}}