{"id":85953,"date":"2021-11-06T23:38:15","date_gmt":"2021-11-06T22:38:15","guid":{"rendered":"https:\/\/radioljubuski.ba\/?p=85953"},"modified":"2021-11-06T23:38:16","modified_gmt":"2021-11-06T22:38:16","slug":"neymar-i-mbappe-za-novu-pobjedu-psg-a","status":"publish","type":"post","link":"https:\/\/radioljubuski.ba\/index.php\/2021\/11\/06\/neymar-i-mbappe-za-novu-pobjedu-psg-a\/","title":{"rendered":"Neymar i Mbappe za novu pobjedu PSG-a"},"content":{"rendered":"\n<p><strong>Dvije od tri najve\u0107e zvijezde Paris Saint-Germaina, Brazilac Neymar i francuski reprezentativac Kylian Mbappe, sudjelovali su u sva tri pogotka koja su Pari\u017eani postigli u pobjedi 3-2 na gostovanju kod Bordeauxa u subotnjem dvoboju 13. kola francuskog nogometnog prvenstva.<\/strong><\/p>\n\n\n\n<p>Mbappe se na\u0161ao u ulozi dodava\u010da kod prva dva pogotka koja je postigao Neymar u 26. i 43. minuti, a onda je u 63. minuti i sam zatresao mre\u017eu, nakon \u0161to mu je sve pripremio&nbsp;<strong>Georginio Wijnaldum<\/strong>. Doma\u0107ini su na kraju uspjeli ubla\u017eiti poraz pogocima&nbsp;<strong>Elisa<\/strong>&nbsp;(78) i<strong>&nbsp;Nianga<\/strong>&nbsp;(90+2).<\/p>\n\n\n\n<p>Bila je to 11. pobjeda PSG-a u ovoj sezoni. Za razliku od mom\u010dadi koja ve\u0107 sada ima veliku prednost na ljestvici, aktualni prvak Francuske Lille ve\u0107 \u010detvrtu utakmicu u nizu ne zna za pobjedu, a u subotu je pred svojim navija\u010dima odigrao samo 1-1 protiv Angersa. Portugalac&nbsp;<strong>Tiago Djalo<\/strong>&nbsp;doveo je Lille u vodstvo u 27. minuti. Marokanac&nbsp;<strong>Azzedine Ounahi&nbsp;<\/strong>je u 83. minuti uspio svladati hrvatskog reprezentativca<strong>&nbsp;Ivu Grbi\u0107a<\/strong>&nbsp;i tim pogotkom Angersu donio vrijedan bod.<\/p>\n\n\n\n<p>Lille je sa 16 bodova tek na 12. mjestu ljestvice, a Angers je sa 18 bodova na sedmoj poziciji. Daleko ispred svih je PSG s 34 boda, deset vi\u0161e od drugoplasiranog Lensa.<\/p>\n\n\n\n<p>Francuska &#8211; 13. kolo:<\/p>\n\n\n\n<p>Lille &#8211; Angers 1-1 (Djalo 27 \/ Ounahi 83)<\/p>\n\n\n\n<p>Bordeaux &#8211; PSG 2-3 (Elis 78, Niang 90+2 \/ Neymar 26, 43, Mbappe 63)<\/p>\n\n\n\n<p>Marseille &#8211; Metz (ned, 13.00)<\/p>\n\n\n\n<p>Saint-Etienne &#8211; Clermont (ned, 15.00)<\/p>\n\n\n\n<p>Lorient &#8211; Brest (ned, 15.00)<\/p>\n\n\n\n<p>Nantes &#8211; Strasbourg (ned, 15.00)<\/p>\n\n\n\n<p>Reims &#8211; Monaco (ned, 15.00)<\/p>\n\n\n\n<p>Nice &#8211; Montpellier (ned, 17.00)<\/p>\n\n\n\n<p>Rennes &#8211; Lyon (ned, 20.45)<\/p>\n\n\n\n<p>Odigrano u petak:<\/p>\n\n\n\n<p>Lens &#8211; Troyes 4-0<\/p>\n\n\n\n<p>Ljestvica:<\/p>\n\n\n\n<p>1. PSG 13 11 1 1 29-13 34<\/p>\n\n\n\n<p>2. Lens 13 7 3 3 25-14 24<\/p>\n\n\n\n<p>3. Nice 12 7 3 2 23-9 23<\/p>\n\n\n\n<p>4. Marseille 12 6 4 2 20-12 22<\/p>\n\n\n\n<p>5. Rennes 12 5 4 3 18-11 19<\/p>\n\n\n\n<p>6. Lyon 12 5 4 3 20-17 19<\/p>\n\n\n\n<p>&nbsp;7. Angers 13 4 6 3 19-16 18<\/p>\n\n\n\n<p>8. Strasbourg 12 5 2 5 22-16 17<\/p>\n\n\n\n<p>9. Nantes 12 5 2 5 16-14 17<\/p>\n\n\n\n<p>10. Monaco 12 5 2 5 17-16 17<\/p>\n\n\n\n<p>11. Montpellier 12 4 4 4 20-19 16<\/p>\n\n\n\n<p>12. Lille 13 4 4 5 16-19 16<\/p>\n\n\n\n<p>13. Lorient 12 3 6 3 12-18 15<\/p>\n\n\n\n<p>14. Troyes 13 3 4 6 13-21 13<\/p>\n\n\n\n<p>15. Clermont 12 3 4 5 14-23 13<\/p>\n\n\n\n<p>16. Bordeaux 13 2 6 5 18-27 12<\/p>\n\n\n\n<p>17. Reims 12 2 5 5 14-17 11<\/p>\n\n\n\n<p>18. Brest 12 1 6 5 14-20 9<\/p>\n\n\n\n<p>19. Metz 12 1 4 7 13-27 7<\/p>\n\n\n\n<p>20. Saint-Etienne 12 0 6 6 12-26 6<\/p>\n\n\n\n<p>Izvor:hrt.hr<\/p>\n","protected":false},"excerpt":{"rendered":"<p>Dvije od tri najve\u0107e zvijezde Paris Saint-Germaina, Brazilac Neymar i francuski reprezentativac Kylian Mbappe, sudjelovali su u sva tri pogotka koja su Pari\u017eani postigli u pobjedi 3-2 na gostovanju kod Bordeauxa u subotnjem dvoboju 13. kola francuskog nogometnog prvenstva. Mbappe se na\u0161ao u ulozi dodava\u010da kod prva dva pogotka koja je postigao Neymar u 26. [&hellip;]<\/p>\n","protected":false},"author":2,"featured_media":85954,"comment_status":"closed","ping_status":"closed","sticky":false,"template":"","format":"standard","meta":{"h5ap_radio_sources":[],"footnotes":""},"categories":[7],"tags":[],"class_list":["post-85953","post","type-post","status-publish","format-standard","has-post-thumbnail","hentry","category-sport"],"yoast_head":"<!-- This site is optimized with the Yoast SEO plugin v27.5 - https:\/\/yoast.com\/product\/yoast-seo-wordpress\/ -->\n<title>Neymar i Mbappe za novu pobjedu PSG-a - RADIO LJUBU\u0160KI<\/title>\n<meta name=\"robots\" content=\"index, follow, max-snippet:-1, max-image-preview:large, max-video-preview:-1\" \/>\n<link rel=\"canonical\" href=\"https:\/\/radioljubuski.ba\/index.php\/2021\/11\/06\/neymar-i-mbappe-za-novu-pobjedu-psg-a\/\" \/>\n<meta property=\"og:locale\" content=\"hr_HR\" \/>\n<meta property=\"og:type\" content=\"article\" \/>\n<meta property=\"og:title\" content=\"Neymar i Mbappe za novu pobjedu PSG-a - RADIO LJUBU\u0160KI\" \/>\n<meta property=\"og:description\" content=\"Dvije od tri najve\u0107e zvijezde Paris Saint-Germaina, Brazilac Neymar i francuski reprezentativac Kylian Mbappe, sudjelovali su u sva tri pogotka koja su Pari\u017eani postigli u pobjedi 3-2 na gostovanju kod Bordeauxa u subotnjem dvoboju 13. kola francuskog nogometnog prvenstva. Mbappe se na\u0161ao u ulozi dodava\u010da kod prva dva pogotka koja je postigao Neymar u 26. [&hellip;]\" \/>\n<meta property=\"og:url\" content=\"https:\/\/radioljubuski.ba\/index.php\/2021\/11\/06\/neymar-i-mbappe-za-novu-pobjedu-psg-a\/\" \/>\n<meta property=\"og:site_name\" content=\"RADIO LJUBU\u0160KI\" \/>\n<meta property=\"article:publisher\" content=\"https:\/\/www.facebook.com\/Radiio-Ljubuski-1490835324566332\" \/>\n<meta property=\"article:published_time\" content=\"2021-11-06T22:38:15+00:00\" \/>\n<meta property=\"article:modified_time\" content=\"2021-11-06T22:38:16+00:00\" \/>\n<meta property=\"og:image\" content=\"https:\/\/radioljubuski.ba\/wp-content\/uploads\/2021\/11\/6231866-717x478-1.jpg\" \/>\n\t<meta property=\"og:image:width\" content=\"717\" \/>\n\t<meta property=\"og:image:height\" content=\"478\" \/>\n\t<meta property=\"og:image:type\" content=\"image\/jpeg\" \/>\n<meta name=\"author\" content=\"Radio Ljubu\u0161ki\" \/>\n<meta name=\"twitter:card\" content=\"summary_large_image\" \/>\n<meta name=\"twitter:creator\" content=\"@radioljubuski\" \/>\n<meta name=\"twitter:site\" content=\"@radioljubuski\" \/>\n<meta name=\"twitter:label1\" content=\"Napisao\/la\" \/>\n\t<meta name=\"twitter:data1\" content=\"Radio Ljubu\u0161ki\" \/>\n\t<meta name=\"twitter:label2\" content=\"Procijenjeno vrijeme \u010ditanja\" \/>\n\t<meta name=\"twitter:data2\" content=\"2 minute\" \/>\n<script type=\"application\/ld+json\" class=\"yoast-schema-graph\">{\"@context\":\"https:\\\/\\\/schema.org\",\"@graph\":[{\"@type\":\"Article\",\"@id\":\"https:\\\/\\\/radioljubuski.ba\\\/index.php\\\/2021\\\/11\\\/06\\\/neymar-i-mbappe-za-novu-pobjedu-psg-a\\\/#article\",\"isPartOf\":{\"@id\":\"https:\\\/\\\/radioljubuski.ba\\\/index.php\\\/2021\\\/11\\\/06\\\/neymar-i-mbappe-za-novu-pobjedu-psg-a\\\/\"},\"author\":{\"name\":\"Radio Ljubu\u0161ki\",\"@id\":\"https:\\\/\\\/radioljubuski.ba\\\/#\\\/schema\\\/person\\\/19fc700381a780f69665d7956c469e3b\"},\"headline\":\"Neymar i Mbappe za novu pobjedu PSG-a\",\"datePublished\":\"2021-11-06T22:38:15+00:00\",\"dateModified\":\"2021-11-06T22:38:16+00:00\",\"mainEntityOfPage\":{\"@id\":\"https:\\\/\\\/radioljubuski.ba\\\/index.php\\\/2021\\\/11\\\/06\\\/neymar-i-mbappe-za-novu-pobjedu-psg-a\\\/\"},\"wordCount\":311,\"publisher\":{\"@id\":\"https:\\\/\\\/radioljubuski.ba\\\/#organization\"},\"image\":{\"@id\":\"https:\\\/\\\/radioljubuski.ba\\\/index.php\\\/2021\\\/11\\\/06\\\/neymar-i-mbappe-za-novu-pobjedu-psg-a\\\/#primaryimage\"},\"thumbnailUrl\":\"https:\\\/\\\/radioljubuski.ba\\\/wp-content\\\/uploads\\\/2021\\\/11\\\/6231866-717x478-1.jpg\",\"articleSection\":[\"\u0160port\"],\"inLanguage\":\"hr\"},{\"@type\":\"WebPage\",\"@id\":\"https:\\\/\\\/radioljubuski.ba\\\/index.php\\\/2021\\\/11\\\/06\\\/neymar-i-mbappe-za-novu-pobjedu-psg-a\\\/\",\"url\":\"https:\\\/\\\/radioljubuski.ba\\\/index.php\\\/2021\\\/11\\\/06\\\/neymar-i-mbappe-za-novu-pobjedu-psg-a\\\/\",\"name\":\"Neymar i Mbappe za novu pobjedu PSG-a - RADIO LJUBU\u0160KI\",\"isPartOf\":{\"@id\":\"https:\\\/\\\/radioljubuski.ba\\\/#website\"},\"primaryImageOfPage\":{\"@id\":\"https:\\\/\\\/radioljubuski.ba\\\/index.php\\\/2021\\\/11\\\/06\\\/neymar-i-mbappe-za-novu-pobjedu-psg-a\\\/#primaryimage\"},\"image\":{\"@id\":\"https:\\\/\\\/radioljubuski.ba\\\/index.php\\\/2021\\\/11\\\/06\\\/neymar-i-mbappe-za-novu-pobjedu-psg-a\\\/#primaryimage\"},\"thumbnailUrl\":\"https:\\\/\\\/radioljubuski.ba\\\/wp-content\\\/uploads\\\/2021\\\/11\\\/6231866-717x478-1.jpg\",\"datePublished\":\"2021-11-06T22:38:15+00:00\",\"dateModified\":\"2021-11-06T22:38:16+00:00\",\"breadcrumb\":{\"@id\":\"https:\\\/\\\/radioljubuski.ba\\\/index.php\\\/2021\\\/11\\\/06\\\/neymar-i-mbappe-za-novu-pobjedu-psg-a\\\/#breadcrumb\"},\"inLanguage\":\"hr\",\"potentialAction\":[{\"@type\":\"ReadAction\",\"target\":[\"https:\\\/\\\/radioljubuski.ba\\\/index.php\\\/2021\\\/11\\\/06\\\/neymar-i-mbappe-za-novu-pobjedu-psg-a\\\/\"]}]},{\"@type\":\"ImageObject\",\"inLanguage\":\"hr\",\"@id\":\"https:\\\/\\\/radioljubuski.ba\\\/index.php\\\/2021\\\/11\\\/06\\\/neymar-i-mbappe-za-novu-pobjedu-psg-a\\\/#primaryimage\",\"url\":\"https:\\\/\\\/radioljubuski.ba\\\/wp-content\\\/uploads\\\/2021\\\/11\\\/6231866-717x478-1.jpg\",\"contentUrl\":\"https:\\\/\\\/radioljubuski.ba\\\/wp-content\\\/uploads\\\/2021\\\/11\\\/6231866-717x478-1.jpg\",\"width\":717,\"height\":478},{\"@type\":\"BreadcrumbList\",\"@id\":\"https:\\\/\\\/radioljubuski.ba\\\/index.php\\\/2021\\\/11\\\/06\\\/neymar-i-mbappe-za-novu-pobjedu-psg-a\\\/#breadcrumb\",\"itemListElement\":[{\"@type\":\"ListItem\",\"position\":1,\"name\":\"Po\u010detna stranica\",\"item\":\"https:\\\/\\\/radioljubuski.ba\\\/\"},{\"@type\":\"ListItem\",\"position\":2,\"name\":\"Neymar i Mbappe za novu pobjedu PSG-a\"}]},{\"@type\":\"WebSite\",\"@id\":\"https:\\\/\\\/radioljubuski.ba\\\/#website\",\"url\":\"https:\\\/\\\/radioljubuski.ba\\\/\",\"name\":\"Radio Ljubu\u0161ki\",\"description\":\"Sun\u010dana frekvencija Hercegovine\",\"publisher\":{\"@id\":\"https:\\\/\\\/radioljubuski.ba\\\/#organization\"},\"potentialAction\":[{\"@type\":\"SearchAction\",\"target\":{\"@type\":\"EntryPoint\",\"urlTemplate\":\"https:\\\/\\\/radioljubuski.ba\\\/?s={search_term_string}\"},\"query-input\":{\"@type\":\"PropertyValueSpecification\",\"valueRequired\":true,\"valueName\":\"search_term_string\"}}],\"inLanguage\":\"hr\"},{\"@type\":\"Organization\",\"@id\":\"https:\\\/\\\/radioljubuski.ba\\\/#organization\",\"name\":\"Radio Ljubu\u0161ki\",\"url\":\"https:\\\/\\\/radioljubuski.ba\\\/\",\"logo\":{\"@type\":\"ImageObject\",\"inLanguage\":\"hr\",\"@id\":\"https:\\\/\\\/radioljubuski.ba\\\/#\\\/schema\\\/logo\\\/image\\\/\",\"url\":\"https:\\\/\\\/radioljubuski.ba\\\/wp-content\\\/uploads\\\/2021\\\/02\\\/cropped-Radio_Ljubuski_logo1.jpg\",\"contentUrl\":\"https:\\\/\\\/radioljubuski.ba\\\/wp-content\\\/uploads\\\/2021\\\/02\\\/cropped-Radio_Ljubuski_logo1.jpg\",\"width\":512,\"height\":512,\"caption\":\"Radio Ljubu\u0161ki\"},\"image\":{\"@id\":\"https:\\\/\\\/radioljubuski.ba\\\/#\\\/schema\\\/logo\\\/image\\\/\"},\"sameAs\":[\"https:\\\/\\\/www.facebook.com\\\/Radiio-Ljubuski-1490835324566332\",\"https:\\\/\\\/x.com\\\/radioljubuski\",\"https:\\\/\\\/hr.linkedin.com\\\/company\\\/radio-ljubuski\",\"https:\\\/\\\/www.youtube.com\\\/channel\\\/UCHYaeO_n0Db3tjNGudGpXyw\"]},{\"@type\":\"Person\",\"@id\":\"https:\\\/\\\/radioljubuski.ba\\\/#\\\/schema\\\/person\\\/19fc700381a780f69665d7956c469e3b\",\"name\":\"Radio Ljubu\u0161ki\"}]}<\/script>\n<!-- \/ Yoast SEO plugin. -->","yoast_head_json":{"title":"Neymar i Mbappe za novu pobjedu PSG-a - RADIO LJUBU\u0160KI","robots":{"index":"index","follow":"follow","max-snippet":"max-snippet:-1","max-image-preview":"max-image-preview:large","max-video-preview":"max-video-preview:-1"},"canonical":"https:\/\/radioljubuski.ba\/index.php\/2021\/11\/06\/neymar-i-mbappe-za-novu-pobjedu-psg-a\/","og_locale":"hr_HR","og_type":"article","og_title":"Neymar i Mbappe za novu pobjedu PSG-a - RADIO LJUBU\u0160KI","og_description":"Dvije od tri najve\u0107e zvijezde Paris Saint-Germaina, Brazilac Neymar i francuski reprezentativac Kylian Mbappe, sudjelovali su u sva tri pogotka koja su Pari\u017eani postigli u pobjedi 3-2 na gostovanju kod Bordeauxa u subotnjem dvoboju 13. kola francuskog nogometnog prvenstva. Mbappe se na\u0161ao u ulozi dodava\u010da kod prva dva pogotka koja je postigao Neymar u 26. [&hellip;]","og_url":"https:\/\/radioljubuski.ba\/index.php\/2021\/11\/06\/neymar-i-mbappe-za-novu-pobjedu-psg-a\/","og_site_name":"RADIO LJUBU\u0160KI","article_publisher":"https:\/\/www.facebook.com\/Radiio-Ljubuski-1490835324566332","article_published_time":"2021-11-06T22:38:15+00:00","article_modified_time":"2021-11-06T22:38:16+00:00","og_image":[{"width":717,"height":478,"url":"https:\/\/radioljubuski.ba\/wp-content\/uploads\/2021\/11\/6231866-717x478-1.jpg","type":"image\/jpeg"}],"author":"Radio Ljubu\u0161ki","twitter_card":"summary_large_image","twitter_creator":"@radioljubuski","twitter_site":"@radioljubuski","twitter_misc":{"Napisao\/la":"Radio Ljubu\u0161ki","Procijenjeno vrijeme \u010ditanja":"2 minute"},"schema":{"@context":"https:\/\/schema.org","@graph":[{"@type":"Article","@id":"https:\/\/radioljubuski.ba\/index.php\/2021\/11\/06\/neymar-i-mbappe-za-novu-pobjedu-psg-a\/#article","isPartOf":{"@id":"https:\/\/radioljubuski.ba\/index.php\/2021\/11\/06\/neymar-i-mbappe-za-novu-pobjedu-psg-a\/"},"author":{"name":"Radio Ljubu\u0161ki","@id":"https:\/\/radioljubuski.ba\/#\/schema\/person\/19fc700381a780f69665d7956c469e3b"},"headline":"Neymar i Mbappe za novu pobjedu PSG-a","datePublished":"2021-11-06T22:38:15+00:00","dateModified":"2021-11-06T22:38:16+00:00","mainEntityOfPage":{"@id":"https:\/\/radioljubuski.ba\/index.php\/2021\/11\/06\/neymar-i-mbappe-za-novu-pobjedu-psg-a\/"},"wordCount":311,"publisher":{"@id":"https:\/\/radioljubuski.ba\/#organization"},"image":{"@id":"https:\/\/radioljubuski.ba\/index.php\/2021\/11\/06\/neymar-i-mbappe-za-novu-pobjedu-psg-a\/#primaryimage"},"thumbnailUrl":"https:\/\/radioljubuski.ba\/wp-content\/uploads\/2021\/11\/6231866-717x478-1.jpg","articleSection":["\u0160port"],"inLanguage":"hr"},{"@type":"WebPage","@id":"https:\/\/radioljubuski.ba\/index.php\/2021\/11\/06\/neymar-i-mbappe-za-novu-pobjedu-psg-a\/","url":"https:\/\/radioljubuski.ba\/index.php\/2021\/11\/06\/neymar-i-mbappe-za-novu-pobjedu-psg-a\/","name":"Neymar i Mbappe za novu pobjedu PSG-a - RADIO LJUBU\u0160KI","isPartOf":{"@id":"https:\/\/radioljubuski.ba\/#website"},"primaryImageOfPage":{"@id":"https:\/\/radioljubuski.ba\/index.php\/2021\/11\/06\/neymar-i-mbappe-za-novu-pobjedu-psg-a\/#primaryimage"},"image":{"@id":"https:\/\/radioljubuski.ba\/index.php\/2021\/11\/06\/neymar-i-mbappe-za-novu-pobjedu-psg-a\/#primaryimage"},"thumbnailUrl":"https:\/\/radioljubuski.ba\/wp-content\/uploads\/2021\/11\/6231866-717x478-1.jpg","datePublished":"2021-11-06T22:38:15+00:00","dateModified":"2021-11-06T22:38:16+00:00","breadcrumb":{"@id":"https:\/\/radioljubuski.ba\/index.php\/2021\/11\/06\/neymar-i-mbappe-za-novu-pobjedu-psg-a\/#breadcrumb"},"inLanguage":"hr","potentialAction":[{"@type":"ReadAction","target":["https:\/\/radioljubuski.ba\/index.php\/2021\/11\/06\/neymar-i-mbappe-za-novu-pobjedu-psg-a\/"]}]},{"@type":"ImageObject","inLanguage":"hr","@id":"https:\/\/radioljubuski.ba\/index.php\/2021\/11\/06\/neymar-i-mbappe-za-novu-pobjedu-psg-a\/#primaryimage","url":"https:\/\/radioljubuski.ba\/wp-content\/uploads\/2021\/11\/6231866-717x478-1.jpg","contentUrl":"https:\/\/radioljubuski.ba\/wp-content\/uploads\/2021\/11\/6231866-717x478-1.jpg","width":717,"height":478},{"@type":"BreadcrumbList","@id":"https:\/\/radioljubuski.ba\/index.php\/2021\/11\/06\/neymar-i-mbappe-za-novu-pobjedu-psg-a\/#breadcrumb","itemListElement":[{"@type":"ListItem","position":1,"name":"Po\u010detna stranica","item":"https:\/\/radioljubuski.ba\/"},{"@type":"ListItem","position":2,"name":"Neymar i Mbappe za novu pobjedu PSG-a"}]},{"@type":"WebSite","@id":"https:\/\/radioljubuski.ba\/#website","url":"https:\/\/radioljubuski.ba\/","name":"Radio Ljubu\u0161ki","description":"Sun\u010dana frekvencija Hercegovine","publisher":{"@id":"https:\/\/radioljubuski.ba\/#organization"},"potentialAction":[{"@type":"SearchAction","target":{"@type":"EntryPoint","urlTemplate":"https:\/\/radioljubuski.ba\/?s={search_term_string}"},"query-input":{"@type":"PropertyValueSpecification","valueRequired":true,"valueName":"search_term_string"}}],"inLanguage":"hr"},{"@type":"Organization","@id":"https:\/\/radioljubuski.ba\/#organization","name":"Radio Ljubu\u0161ki","url":"https:\/\/radioljubuski.ba\/","logo":{"@type":"ImageObject","inLanguage":"hr","@id":"https:\/\/radioljubuski.ba\/#\/schema\/logo\/image\/","url":"https:\/\/radioljubuski.ba\/wp-content\/uploads\/2021\/02\/cropped-Radio_Ljubuski_logo1.jpg","contentUrl":"https:\/\/radioljubuski.ba\/wp-content\/uploads\/2021\/02\/cropped-Radio_Ljubuski_logo1.jpg","width":512,"height":512,"caption":"Radio Ljubu\u0161ki"},"image":{"@id":"https:\/\/radioljubuski.ba\/#\/schema\/logo\/image\/"},"sameAs":["https:\/\/www.facebook.com\/Radiio-Ljubuski-1490835324566332","https:\/\/x.com\/radioljubuski","https:\/\/hr.linkedin.com\/company\/radio-ljubuski","https:\/\/www.youtube.com\/channel\/UCHYaeO_n0Db3tjNGudGpXyw"]},{"@type":"Person","@id":"https:\/\/radioljubuski.ba\/#\/schema\/person\/19fc700381a780f69665d7956c469e3b","name":"Radio Ljubu\u0161ki"}]}},"_links":{"self":[{"href":"https:\/\/radioljubuski.ba\/index.php\/wp-json\/wp\/v2\/posts\/85953","targetHints":{"allow":["GET"]}}],"collection":[{"href":"https:\/\/radioljubuski.ba\/index.php\/wp-json\/wp\/v2\/posts"}],"about":[{"href":"https:\/\/radioljubuski.ba\/index.php\/wp-json\/wp\/v2\/types\/post"}],"author":[{"embeddable":true,"href":"https:\/\/radioljubuski.ba\/index.php\/wp-json\/wp\/v2\/users\/2"}],"replies":[{"embeddable":true,"href":"https:\/\/radioljubuski.ba\/index.php\/wp-json\/wp\/v2\/comments?post=85953"}],"version-history":[{"count":1,"href":"https:\/\/radioljubuski.ba\/index.php\/wp-json\/wp\/v2\/posts\/85953\/revisions"}],"predecessor-version":[{"id":85955,"href":"https:\/\/radioljubuski.ba\/index.php\/wp-json\/wp\/v2\/posts\/85953\/revisions\/85955"}],"wp:featuredmedia":[{"embeddable":true,"href":"https:\/\/radioljubuski.ba\/index.php\/wp-json\/wp\/v2\/media\/85954"}],"wp:attachment":[{"href":"https:\/\/radioljubuski.ba\/index.php\/wp-json\/wp\/v2\/media?parent=85953"}],"wp:term":[{"taxonomy":"category","embeddable":true,"href":"https:\/\/radioljubuski.ba\/index.php\/wp-json\/wp\/v2\/categories?post=85953"},{"taxonomy":"post_tag","embeddable":true,"href":"https:\/\/radioljubuski.ba\/index.php\/wp-json\/wp\/v2\/tags?post=85953"}],"curies":[{"name":"wp","href":"https:\/\/api.w.org\/{rel}","templated":true}]}}