{"id":85956,"date":"2021-11-06T23:39:32","date_gmt":"2021-11-06T22:39:32","guid":{"rendered":"https:\/\/radioljubuski.ba\/?p=85956"},"modified":"2021-11-06T23:39:33","modified_gmt":"2021-11-06T22:39:33","slug":"real-tesko-do-pobjede-bez-bolesnog-modrica","status":"publish","type":"post","link":"https:\/\/radioljubuski.ba\/index.php\/2021\/11\/06\/real-tesko-do-pobjede-bez-bolesnog-modrica\/","title":{"rendered":"Real te\u0161ko do pobjede bez bolesnog Modri\u0107a"},"content":{"rendered":"\n<p><strong>Real Madrid svladao je Rayo Vallecano sa 2-1 (2-0) i privremeno zasjeo na vrh ljestvice \u0161panjolske La Lige, a dvoboj protiv gradskog suparnika propustio je Luka Modri\u0107 zbog sna\u017ene prehlade, objavio je madridski klub.<\/strong><\/p>\n\n\n\n<p>Jo\u0161 nije poznato o kakvoj se vrsti prehlade radi i ho\u0107e li kapetan hrvatske reprezentacije biti spreman za posljednje dvije utakmice kvalifikacija za Svjetsko prvenstvo 2022. u Kataru, koje su na rasporedu sljede\u0107i tjedan, 11. studenoga na Malti, a 14. studenoga protiv Rusije u Splitu.<\/p>\n\n\n\n<p>I bez Modri\u0107a njegovi su suigra\u010di do\u0161li do osme prvenstvene pobjede u ovoj sezoni te izbili na vrh ljestvice s 27 bodova, dva vi\u0161e od do danas vode\u0107eg Real Sociedada.<\/p>\n\n\n\n<p>Vode\u0107i pogodak za Real protiv Rayo Vallecana postigao je u 14. minuti&nbsp;<strong>Toni Kroos&nbsp;<\/strong>na asistenciju&nbsp;<strong>Asensija<\/strong>. U 38. minuti je&nbsp;<strong>David Alaba<\/strong>&nbsp;sjajnim dodavanjem poslu\u017eio&nbsp;<strong>Karima Benzemu&nbsp;<\/strong>koji je pove\u0107ao prednost &#8220;kraljevskog kluba&#8221;. Real je na kraju morao strijepiti za pobjedu.&nbsp;<strong>Radamel Falcao<\/strong>&nbsp;je u 77. minuti smanjio zaostatak Rayo Vallecana, ali je zbog ozljede morao napustiti igru \u010detiri minute poslije. U 90. minuti je Kroos izbio loptu sa gol-crte i tako spasio Real od sli\u010dne sudbine kakva je u subotu zadesila Barcelonu.<\/p>\n\n\n\n<p>Naime, Katalonci su ispustili tri pogotka prednosti nakon prvog poluvremena na gostovanju u Vigu, gdje je doma\u0107a Celta pogotkom u zavr\u0161nici dvoboja uspjela osvojiti bod, a kona\u010dan rezultat je bio 3-3.<\/p>\n\n\n\n<p>\u0160panjolska &#8211; 13. kolo:<\/p>\n\n\n\n<p>Espanyol &#8211; Granada 2-0 (Pedrosa 30, de Tomas 42)<\/p>\n\n\n\n<p>Celta &#8211; Barcelona 3-3 (Aspas 52, 90+6, Nolito 74 \/ Fati 5, Busquets 18, Depay 34)<\/p>\n\n\n\n<p>Alaves &#8211; Levante 2-1 (Joselu 77-11m, 90+1 \/ de Frutos 13)<\/p>\n\n\n\n<p>Real M. &#8211; Rayo V. 2-1 (Kroos 14, Benzema 38 \/ Falcao 77)<\/p>\n\n\n\n<p>Villarreal &#8211; Getafe (ned, 14.00)<\/p>\n\n\n\n<p>Valencia &#8211; Atletico M. (ned, 16.15)<\/p>\n\n\n\n<p>Osasuna &#8211; Real S. (ned, 18.30)<\/p>\n\n\n\n<p>Mallorca &#8211; Elche (ned, 18.30)<\/p>\n\n\n\n<p>Betis &#8211; Sevilla (ned, 21.00)<\/p>\n\n\n\n<p>Odigrano u petak:<\/p>\n\n\n\n<p>Athletic &#8211; Cadiz 0-1<\/p>\n\n\n\n<p>Ljestvica:<\/p>\n\n\n\n<p>&nbsp;1. Real Madrid 12 8 3 1 28-13 27<\/p>\n\n\n\n<p>2. Real Sociedad 12 7 4 1 17-10 25<\/p>\n\n\n\n<p>3. Sevilla 11 7 3 1 19-7 24<\/p>\n\n\n\n<p>4. Atletico Madrid 11 6 4 1 18-10 22<\/p>\n\n\n\n<p>5. Betis 12 6 3 3 19-15 21<\/p>\n\n\n\n<p>6. Rayo Vallecano 13 6 2 5 19-14 20<\/p>\n\n\n\n<p>7. Osasuna 12 5 4 3 14-15 19<\/p>\n\n\n\n<p>8. Athletic Bilbao 12 4 6 2 11-8 18<\/p>\n\n\n\n<p>9. Barcelona 12 4 5 3 19-15 17<\/p>\n\n\n\n<p>10. Espanyol 13 4 5 4 14-13 17<\/p>\n\n\n\n<p>11. Valencia 12 4 4 4 18-17 16<\/p>\n\n\n\n<p>12. Mallorca 12 3 5 4 11-17 14<\/p>\n\n\n\n<p>13. Alaves 12 4 1 7 8-15 13<\/p>\n\n\n\n<p>14. Villarreal 11 2 6 3 13-12 12<\/p>\n\n\n\n<p>15. Celta Vigo 13 3 3 7 13-17 12<\/p>\n\n\n\n<p>16. Cadiz 13 2 6 5 12-19 12<\/p>\n\n\n\n<p>17. Granada 12 2 5 5 11-16 11<\/p>\n\n\n\n<p>18. Elche 12 2 4 6 9-15 10<\/p>\n\n\n\n<p>19. Levante 13 0 6 7 12-25 6<\/p>\n\n\n\n<p>20. Getafe 12 1 3 8 6-18 6<\/p>\n\n\n\n<p>Izvor:hrt.hr<\/p>\n","protected":false},"excerpt":{"rendered":"<p>Real Madrid svladao je Rayo Vallecano sa 2-1 (2-0) i privremeno zasjeo na vrh ljestvice \u0161panjolske La Lige, a dvoboj protiv gradskog suparnika propustio je Luka Modri\u0107 zbog sna\u017ene prehlade, objavio je madridski klub. Jo\u0161 nije poznato o kakvoj se vrsti prehlade radi i ho\u0107e li kapetan hrvatske reprezentacije biti spreman za posljednje dvije utakmice [&hellip;]<\/p>\n","protected":false},"author":2,"featured_media":0,"comment_status":"closed","ping_status":"closed","sticky":false,"template":"","format":"standard","meta":{"h5ap_radio_sources":[],"footnotes":""},"categories":[7],"tags":[],"class_list":["post-85956","post","type-post","status-publish","format-standard","hentry","category-sport"],"yoast_head":"<!-- This site is optimized with the Yoast SEO plugin v27.5 - https:\/\/yoast.com\/product\/yoast-seo-wordpress\/ -->\n<title>Real te\u0161ko do pobjede bez bolesnog Modri\u0107a - RADIO LJUBU\u0160KI<\/title>\n<meta name=\"robots\" content=\"index, follow, max-snippet:-1, max-image-preview:large, max-video-preview:-1\" \/>\n<link rel=\"canonical\" href=\"https:\/\/radioljubuski.ba\/index.php\/2021\/11\/06\/real-tesko-do-pobjede-bez-bolesnog-modrica\/\" \/>\n<meta property=\"og:locale\" content=\"hr_HR\" \/>\n<meta property=\"og:type\" content=\"article\" \/>\n<meta property=\"og:title\" content=\"Real te\u0161ko do pobjede bez bolesnog Modri\u0107a - RADIO LJUBU\u0160KI\" \/>\n<meta property=\"og:description\" content=\"Real Madrid svladao je Rayo Vallecano sa 2-1 (2-0) i privremeno zasjeo na vrh ljestvice \u0161panjolske La Lige, a dvoboj protiv gradskog suparnika propustio je Luka Modri\u0107 zbog sna\u017ene prehlade, objavio je madridski klub. Jo\u0161 nije poznato o kakvoj se vrsti prehlade radi i ho\u0107e li kapetan hrvatske reprezentacije biti spreman za posljednje dvije utakmice [&hellip;]\" \/>\n<meta property=\"og:url\" content=\"https:\/\/radioljubuski.ba\/index.php\/2021\/11\/06\/real-tesko-do-pobjede-bez-bolesnog-modrica\/\" \/>\n<meta property=\"og:site_name\" content=\"RADIO LJUBU\u0160KI\" \/>\n<meta property=\"article:publisher\" content=\"https:\/\/www.facebook.com\/Radiio-Ljubuski-1490835324566332\" \/>\n<meta property=\"article:published_time\" content=\"2021-11-06T22:39:32+00:00\" \/>\n<meta property=\"article:modified_time\" content=\"2021-11-06T22:39:33+00:00\" \/>\n<meta property=\"og:image\" content=\"https:\/\/radioljubuski.ba\/wp-content\/uploads\/2021\/11\/kroos-real-2021-11-06t202107z-1676784661-up1ehb61kj54y-rtrmadp-3-soccer-spain-mad-ray-report-20211106220645.jpg\" \/>\n\t<meta property=\"og:image:width\" content=\"1600\" \/>\n\t<meta property=\"og:image:height\" content=\"1070\" \/>\n\t<meta property=\"og:image:type\" content=\"image\/jpeg\" \/>\n<meta name=\"author\" content=\"Radio Ljubu\u0161ki\" \/>\n<meta name=\"twitter:card\" content=\"summary_large_image\" \/>\n<meta name=\"twitter:creator\" content=\"@radioljubuski\" \/>\n<meta name=\"twitter:site\" content=\"@radioljubuski\" \/>\n<meta name=\"twitter:label1\" content=\"Napisao\/la\" \/>\n\t<meta name=\"twitter:data1\" content=\"Radio Ljubu\u0161ki\" \/>\n\t<meta name=\"twitter:label2\" content=\"Procijenjeno vrijeme \u010ditanja\" \/>\n\t<meta name=\"twitter:data2\" content=\"3 minute\" \/>\n<script type=\"application\/ld+json\" class=\"yoast-schema-graph\">{\"@context\":\"https:\\\/\\\/schema.org\",\"@graph\":[{\"@type\":\"Article\",\"@id\":\"https:\\\/\\\/radioljubuski.ba\\\/index.php\\\/2021\\\/11\\\/06\\\/real-tesko-do-pobjede-bez-bolesnog-modrica\\\/#article\",\"isPartOf\":{\"@id\":\"https:\\\/\\\/radioljubuski.ba\\\/index.php\\\/2021\\\/11\\\/06\\\/real-tesko-do-pobjede-bez-bolesnog-modrica\\\/\"},\"author\":{\"name\":\"Radio Ljubu\u0161ki\",\"@id\":\"https:\\\/\\\/radioljubuski.ba\\\/#\\\/schema\\\/person\\\/19fc700381a780f69665d7956c469e3b\"},\"headline\":\"Real te\u0161ko do pobjede bez bolesnog Modri\u0107a\",\"datePublished\":\"2021-11-06T22:39:32+00:00\",\"dateModified\":\"2021-11-06T22:39:33+00:00\",\"mainEntityOfPage\":{\"@id\":\"https:\\\/\\\/radioljubuski.ba\\\/index.php\\\/2021\\\/11\\\/06\\\/real-tesko-do-pobjede-bez-bolesnog-modrica\\\/\"},\"wordCount\":366,\"publisher\":{\"@id\":\"https:\\\/\\\/radioljubuski.ba\\\/#organization\"},\"articleSection\":[\"\u0160port\"],\"inLanguage\":\"hr\"},{\"@type\":\"WebPage\",\"@id\":\"https:\\\/\\\/radioljubuski.ba\\\/index.php\\\/2021\\\/11\\\/06\\\/real-tesko-do-pobjede-bez-bolesnog-modrica\\\/\",\"url\":\"https:\\\/\\\/radioljubuski.ba\\\/index.php\\\/2021\\\/11\\\/06\\\/real-tesko-do-pobjede-bez-bolesnog-modrica\\\/\",\"name\":\"Real te\u0161ko do pobjede bez bolesnog Modri\u0107a - RADIO LJUBU\u0160KI\",\"isPartOf\":{\"@id\":\"https:\\\/\\\/radioljubuski.ba\\\/#website\"},\"datePublished\":\"2021-11-06T22:39:32+00:00\",\"dateModified\":\"2021-11-06T22:39:33+00:00\",\"breadcrumb\":{\"@id\":\"https:\\\/\\\/radioljubuski.ba\\\/index.php\\\/2021\\\/11\\\/06\\\/real-tesko-do-pobjede-bez-bolesnog-modrica\\\/#breadcrumb\"},\"inLanguage\":\"hr\",\"potentialAction\":[{\"@type\":\"ReadAction\",\"target\":[\"https:\\\/\\\/radioljubuski.ba\\\/index.php\\\/2021\\\/11\\\/06\\\/real-tesko-do-pobjede-bez-bolesnog-modrica\\\/\"]}]},{\"@type\":\"BreadcrumbList\",\"@id\":\"https:\\\/\\\/radioljubuski.ba\\\/index.php\\\/2021\\\/11\\\/06\\\/real-tesko-do-pobjede-bez-bolesnog-modrica\\\/#breadcrumb\",\"itemListElement\":[{\"@type\":\"ListItem\",\"position\":1,\"name\":\"Po\u010detna stranica\",\"item\":\"https:\\\/\\\/radioljubuski.ba\\\/\"},{\"@type\":\"ListItem\",\"position\":2,\"name\":\"Real te\u0161ko do pobjede bez bolesnog Modri\u0107a\"}]},{\"@type\":\"WebSite\",\"@id\":\"https:\\\/\\\/radioljubuski.ba\\\/#website\",\"url\":\"https:\\\/\\\/radioljubuski.ba\\\/\",\"name\":\"Radio Ljubu\u0161ki\",\"description\":\"Sun\u010dana frekvencija Hercegovine\",\"publisher\":{\"@id\":\"https:\\\/\\\/radioljubuski.ba\\\/#organization\"},\"potentialAction\":[{\"@type\":\"SearchAction\",\"target\":{\"@type\":\"EntryPoint\",\"urlTemplate\":\"https:\\\/\\\/radioljubuski.ba\\\/?s={search_term_string}\"},\"query-input\":{\"@type\":\"PropertyValueSpecification\",\"valueRequired\":true,\"valueName\":\"search_term_string\"}}],\"inLanguage\":\"hr\"},{\"@type\":\"Organization\",\"@id\":\"https:\\\/\\\/radioljubuski.ba\\\/#organization\",\"name\":\"Radio Ljubu\u0161ki\",\"url\":\"https:\\\/\\\/radioljubuski.ba\\\/\",\"logo\":{\"@type\":\"ImageObject\",\"inLanguage\":\"hr\",\"@id\":\"https:\\\/\\\/radioljubuski.ba\\\/#\\\/schema\\\/logo\\\/image\\\/\",\"url\":\"https:\\\/\\\/radioljubuski.ba\\\/wp-content\\\/uploads\\\/2021\\\/02\\\/cropped-Radio_Ljubuski_logo1.jpg\",\"contentUrl\":\"https:\\\/\\\/radioljubuski.ba\\\/wp-content\\\/uploads\\\/2021\\\/02\\\/cropped-Radio_Ljubuski_logo1.jpg\",\"width\":512,\"height\":512,\"caption\":\"Radio Ljubu\u0161ki\"},\"image\":{\"@id\":\"https:\\\/\\\/radioljubuski.ba\\\/#\\\/schema\\\/logo\\\/image\\\/\"},\"sameAs\":[\"https:\\\/\\\/www.facebook.com\\\/Radiio-Ljubuski-1490835324566332\",\"https:\\\/\\\/x.com\\\/radioljubuski\",\"https:\\\/\\\/hr.linkedin.com\\\/company\\\/radio-ljubuski\",\"https:\\\/\\\/www.youtube.com\\\/channel\\\/UCHYaeO_n0Db3tjNGudGpXyw\"]},{\"@type\":\"Person\",\"@id\":\"https:\\\/\\\/radioljubuski.ba\\\/#\\\/schema\\\/person\\\/19fc700381a780f69665d7956c469e3b\",\"name\":\"Radio Ljubu\u0161ki\"}]}<\/script>\n<!-- \/ Yoast SEO plugin. -->","yoast_head_json":{"title":"Real te\u0161ko do pobjede bez bolesnog Modri\u0107a - RADIO LJUBU\u0160KI","robots":{"index":"index","follow":"follow","max-snippet":"max-snippet:-1","max-image-preview":"max-image-preview:large","max-video-preview":"max-video-preview:-1"},"canonical":"https:\/\/radioljubuski.ba\/index.php\/2021\/11\/06\/real-tesko-do-pobjede-bez-bolesnog-modrica\/","og_locale":"hr_HR","og_type":"article","og_title":"Real te\u0161ko do pobjede bez bolesnog Modri\u0107a - RADIO LJUBU\u0160KI","og_description":"Real Madrid svladao je Rayo Vallecano sa 2-1 (2-0) i privremeno zasjeo na vrh ljestvice \u0161panjolske La Lige, a dvoboj protiv gradskog suparnika propustio je Luka Modri\u0107 zbog sna\u017ene prehlade, objavio je madridski klub. Jo\u0161 nije poznato o kakvoj se vrsti prehlade radi i ho\u0107e li kapetan hrvatske reprezentacije biti spreman za posljednje dvije utakmice [&hellip;]","og_url":"https:\/\/radioljubuski.ba\/index.php\/2021\/11\/06\/real-tesko-do-pobjede-bez-bolesnog-modrica\/","og_site_name":"RADIO LJUBU\u0160KI","article_publisher":"https:\/\/www.facebook.com\/Radiio-Ljubuski-1490835324566332","article_published_time":"2021-11-06T22:39:32+00:00","article_modified_time":"2021-11-06T22:39:33+00:00","og_image":[{"width":1600,"height":1070,"url":"https:\/\/radioljubuski.ba\/wp-content\/uploads\/2021\/11\/kroos-real-2021-11-06t202107z-1676784661-up1ehb61kj54y-rtrmadp-3-soccer-spain-mad-ray-report-20211106220645.jpg","type":"image\/jpeg"}],"author":"Radio Ljubu\u0161ki","twitter_card":"summary_large_image","twitter_creator":"@radioljubuski","twitter_site":"@radioljubuski","twitter_misc":{"Napisao\/la":"Radio Ljubu\u0161ki","Procijenjeno vrijeme \u010ditanja":"3 minute"},"schema":{"@context":"https:\/\/schema.org","@graph":[{"@type":"Article","@id":"https:\/\/radioljubuski.ba\/index.php\/2021\/11\/06\/real-tesko-do-pobjede-bez-bolesnog-modrica\/#article","isPartOf":{"@id":"https:\/\/radioljubuski.ba\/index.php\/2021\/11\/06\/real-tesko-do-pobjede-bez-bolesnog-modrica\/"},"author":{"name":"Radio Ljubu\u0161ki","@id":"https:\/\/radioljubuski.ba\/#\/schema\/person\/19fc700381a780f69665d7956c469e3b"},"headline":"Real te\u0161ko do pobjede bez bolesnog Modri\u0107a","datePublished":"2021-11-06T22:39:32+00:00","dateModified":"2021-11-06T22:39:33+00:00","mainEntityOfPage":{"@id":"https:\/\/radioljubuski.ba\/index.php\/2021\/11\/06\/real-tesko-do-pobjede-bez-bolesnog-modrica\/"},"wordCount":366,"publisher":{"@id":"https:\/\/radioljubuski.ba\/#organization"},"articleSection":["\u0160port"],"inLanguage":"hr"},{"@type":"WebPage","@id":"https:\/\/radioljubuski.ba\/index.php\/2021\/11\/06\/real-tesko-do-pobjede-bez-bolesnog-modrica\/","url":"https:\/\/radioljubuski.ba\/index.php\/2021\/11\/06\/real-tesko-do-pobjede-bez-bolesnog-modrica\/","name":"Real te\u0161ko do pobjede bez bolesnog Modri\u0107a - RADIO LJUBU\u0160KI","isPartOf":{"@id":"https:\/\/radioljubuski.ba\/#website"},"datePublished":"2021-11-06T22:39:32+00:00","dateModified":"2021-11-06T22:39:33+00:00","breadcrumb":{"@id":"https:\/\/radioljubuski.ba\/index.php\/2021\/11\/06\/real-tesko-do-pobjede-bez-bolesnog-modrica\/#breadcrumb"},"inLanguage":"hr","potentialAction":[{"@type":"ReadAction","target":["https:\/\/radioljubuski.ba\/index.php\/2021\/11\/06\/real-tesko-do-pobjede-bez-bolesnog-modrica\/"]}]},{"@type":"BreadcrumbList","@id":"https:\/\/radioljubuski.ba\/index.php\/2021\/11\/06\/real-tesko-do-pobjede-bez-bolesnog-modrica\/#breadcrumb","itemListElement":[{"@type":"ListItem","position":1,"name":"Po\u010detna stranica","item":"https:\/\/radioljubuski.ba\/"},{"@type":"ListItem","position":2,"name":"Real te\u0161ko do pobjede bez bolesnog Modri\u0107a"}]},{"@type":"WebSite","@id":"https:\/\/radioljubuski.ba\/#website","url":"https:\/\/radioljubuski.ba\/","name":"Radio Ljubu\u0161ki","description":"Sun\u010dana frekvencija Hercegovine","publisher":{"@id":"https:\/\/radioljubuski.ba\/#organization"},"potentialAction":[{"@type":"SearchAction","target":{"@type":"EntryPoint","urlTemplate":"https:\/\/radioljubuski.ba\/?s={search_term_string}"},"query-input":{"@type":"PropertyValueSpecification","valueRequired":true,"valueName":"search_term_string"}}],"inLanguage":"hr"},{"@type":"Organization","@id":"https:\/\/radioljubuski.ba\/#organization","name":"Radio Ljubu\u0161ki","url":"https:\/\/radioljubuski.ba\/","logo":{"@type":"ImageObject","inLanguage":"hr","@id":"https:\/\/radioljubuski.ba\/#\/schema\/logo\/image\/","url":"https:\/\/radioljubuski.ba\/wp-content\/uploads\/2021\/02\/cropped-Radio_Ljubuski_logo1.jpg","contentUrl":"https:\/\/radioljubuski.ba\/wp-content\/uploads\/2021\/02\/cropped-Radio_Ljubuski_logo1.jpg","width":512,"height":512,"caption":"Radio Ljubu\u0161ki"},"image":{"@id":"https:\/\/radioljubuski.ba\/#\/schema\/logo\/image\/"},"sameAs":["https:\/\/www.facebook.com\/Radiio-Ljubuski-1490835324566332","https:\/\/x.com\/radioljubuski","https:\/\/hr.linkedin.com\/company\/radio-ljubuski","https:\/\/www.youtube.com\/channel\/UCHYaeO_n0Db3tjNGudGpXyw"]},{"@type":"Person","@id":"https:\/\/radioljubuski.ba\/#\/schema\/person\/19fc700381a780f69665d7956c469e3b","name":"Radio Ljubu\u0161ki"}]}},"_links":{"self":[{"href":"https:\/\/radioljubuski.ba\/index.php\/wp-json\/wp\/v2\/posts\/85956","targetHints":{"allow":["GET"]}}],"collection":[{"href":"https:\/\/radioljubuski.ba\/index.php\/wp-json\/wp\/v2\/posts"}],"about":[{"href":"https:\/\/radioljubuski.ba\/index.php\/wp-json\/wp\/v2\/types\/post"}],"author":[{"embeddable":true,"href":"https:\/\/radioljubuski.ba\/index.php\/wp-json\/wp\/v2\/users\/2"}],"replies":[{"embeddable":true,"href":"https:\/\/radioljubuski.ba\/index.php\/wp-json\/wp\/v2\/comments?post=85956"}],"version-history":[{"count":1,"href":"https:\/\/radioljubuski.ba\/index.php\/wp-json\/wp\/v2\/posts\/85956\/revisions"}],"predecessor-version":[{"id":85958,"href":"https:\/\/radioljubuski.ba\/index.php\/wp-json\/wp\/v2\/posts\/85956\/revisions\/85958"}],"wp:attachment":[{"href":"https:\/\/radioljubuski.ba\/index.php\/wp-json\/wp\/v2\/media?parent=85956"}],"wp:term":[{"taxonomy":"category","embeddable":true,"href":"https:\/\/radioljubuski.ba\/index.php\/wp-json\/wp\/v2\/categories?post=85956"},{"taxonomy":"post_tag","embeddable":true,"href":"https:\/\/radioljubuski.ba\/index.php\/wp-json\/wp\/v2\/tags?post=85956"}],"curies":[{"name":"wp","href":"https:\/\/api.w.org\/{rel}","templated":true}]}}