{"id":85959,"date":"2021-11-06T23:41:04","date_gmt":"2021-11-06T22:41:04","guid":{"rendered":"https:\/\/radioljubuski.ba\/?p=85959"},"modified":"2021-11-06T23:41:05","modified_gmt":"2021-11-06T22:41:05","slug":"bottas-najbrzi-u-kvalifikacijama-za-vn-meksika","status":"publish","type":"post","link":"https:\/\/radioljubuski.ba\/index.php\/2021\/11\/06\/bottas-najbrzi-u-kvalifikacijama-za-vn-meksika\/","title":{"rendered":"Bottas najbr\u017ei u kvalifikacijama za VN Meksika"},"content":{"rendered":"\n<p><strong>Finski voza\u010d Valtteri Bottas (Mercedes) startat \u0107e s najbolje startne pozicije na nedjeljnoj Velikoj nagradi Meksika zahvaljuju\u0107i najboljem vremenu ostvarenom u subotnjim kvalifikacijama (1:15.875 minuta), a uz njega \u0107e u prvom redu biti mom\u010dadski kolega Lewis Hamilton (1:16.020).<\/strong><\/p>\n\n\n\n<p>Mercedesi su bili najbr\u017ei u posljednjoj kvalifikacijskoj rundi, a Bottas je jedini uspio odvesti krug na stazi u Mexico Cityju br\u017ei od 76 sekundi.<\/p>\n\n\n\n<p>Tako je po tre\u0107i put u ovoj sezoni, a 19. put u karijeri 32-godi\u0161nji Finac osvojio &#8220;pole position&#8221;.<\/p>\n\n\n\n<p>Iz drugog startnog reda \u0107e krenuti dva Red Bulla, trenuta\u010dno vode\u0107i u ukupnom redoslijedu voza\u010da Nizozemac<strong>&nbsp;Max Verstappen<\/strong>&nbsp;(1:16.225) i doma\u0107i miljenik&nbsp;<strong>Sergio Perez<\/strong>&nbsp;(1:16.342) kojega je u kvalifikacijama bodrilo vi\u0161e od 30.000 navija\u010da.<\/p>\n\n\n\n<p>Bottas je kao najbr\u017ei u kvalifikacijama zaslu\u017eio poseban trofej &#8211; repliku kacige kakvu je nekada nosio legendarni&nbsp;<strong>Juan Manuel Fangio<\/strong>.<\/p>\n\n\n\n<p>Velika nagrada Meksika je 18. od predvi\u0111ene 22 utrke Svjetskog prvenstva Formule 1 u ovoj sezoni, a nakon 17 utrka Max Verstappen ima 12 bodova prednosti pred braniteljem naslova, Britancem Lewisom Hamiltonom.<\/p>\n\n\n\n<p>Nedjeljna utrka u Mexico Cityju, na autodromu bra\u0107e Rodriguez, zapo\u010det \u0107e u 20 sati po srednjoeuropskom vremenu.<\/p>\n\n\n\n<p>Izvor:hrt.hr<\/p>\n","protected":false},"excerpt":{"rendered":"<p>Finski voza\u010d Valtteri Bottas (Mercedes) startat \u0107e s najbolje startne pozicije na nedjeljnoj Velikoj nagradi Meksika zahvaljuju\u0107i najboljem vremenu ostvarenom u subotnjim kvalifikacijama (1:15.875 minuta), a uz njega \u0107e u prvom redu biti mom\u010dadski kolega Lewis Hamilton (1:16.020). Mercedesi su bili najbr\u017ei u posljednjoj kvalifikacijskoj rundi, a Bottas je jedini uspio odvesti krug na stazi [&hellip;]<\/p>\n","protected":false},"author":2,"featured_media":0,"comment_status":"closed","ping_status":"closed","sticky":false,"template":"","format":"standard","meta":{"h5ap_radio_sources":[],"footnotes":""},"categories":[7],"tags":[],"class_list":["post-85959","post","type-post","status-publish","format-standard","hentry","category-sport"],"yoast_head":"<!-- This site is optimized with the Yoast SEO plugin v27.5 - https:\/\/yoast.com\/product\/yoast-seo-wordpress\/ -->\n<title>Bottas najbr\u017ei u kvalifikacijama za VN Meksika - RADIO LJUBU\u0160KI<\/title>\n<meta name=\"robots\" content=\"index, follow, max-snippet:-1, max-image-preview:large, max-video-preview:-1\" \/>\n<link rel=\"canonical\" href=\"https:\/\/radioljubuski.ba\/index.php\/2021\/11\/06\/bottas-najbrzi-u-kvalifikacijama-za-vn-meksika\/\" \/>\n<meta property=\"og:locale\" content=\"hr_HR\" \/>\n<meta property=\"og:type\" content=\"article\" \/>\n<meta property=\"og:title\" content=\"Bottas najbr\u017ei u kvalifikacijama za VN Meksika - RADIO LJUBU\u0160KI\" \/>\n<meta property=\"og:description\" content=\"Finski voza\u010d Valtteri Bottas (Mercedes) startat \u0107e s najbolje startne pozicije na nedjeljnoj Velikoj nagradi Meksika zahvaljuju\u0107i najboljem vremenu ostvarenom u subotnjim kvalifikacijama (1:15.875 minuta), a uz njega \u0107e u prvom redu biti mom\u010dadski kolega Lewis Hamilton (1:16.020). Mercedesi su bili najbr\u017ei u posljednjoj kvalifikacijskoj rundi, a Bottas je jedini uspio odvesti krug na stazi [&hellip;]\" \/>\n<meta property=\"og:url\" content=\"https:\/\/radioljubuski.ba\/index.php\/2021\/11\/06\/bottas-najbrzi-u-kvalifikacijama-za-vn-meksika\/\" \/>\n<meta property=\"og:site_name\" content=\"RADIO LJUBU\u0160KI\" \/>\n<meta property=\"article:publisher\" content=\"https:\/\/www.facebook.com\/Radiio-Ljubuski-1490835324566332\" \/>\n<meta property=\"article:published_time\" content=\"2021-11-06T22:41:04+00:00\" \/>\n<meta property=\"article:modified_time\" content=\"2021-11-06T22:41:05+00:00\" \/>\n<meta property=\"og:image\" content=\"https:\/\/radioljubuski.ba\/wp-content\/uploads\/2021\/11\/bottas-2021-11-06t214847z-44782487-up1ehb61ola83-rtrmadp-3-motor-f1-mexico-20211106215308.jpg\" \/>\n\t<meta property=\"og:image:width\" content=\"1600\" \/>\n\t<meta property=\"og:image:height\" content=\"952\" \/>\n\t<meta property=\"og:image:type\" content=\"image\/jpeg\" \/>\n<meta name=\"author\" content=\"Radio Ljubu\u0161ki\" \/>\n<meta name=\"twitter:card\" content=\"summary_large_image\" \/>\n<meta name=\"twitter:creator\" content=\"@radioljubuski\" \/>\n<meta name=\"twitter:site\" content=\"@radioljubuski\" \/>\n<meta name=\"twitter:label1\" content=\"Napisao\/la\" \/>\n\t<meta name=\"twitter:data1\" content=\"Radio Ljubu\u0161ki\" \/>\n\t<meta name=\"twitter:label2\" content=\"Procijenjeno vrijeme \u010ditanja\" \/>\n\t<meta name=\"twitter:data2\" content=\"1 minuta\" \/>\n<script type=\"application\/ld+json\" class=\"yoast-schema-graph\">{\"@context\":\"https:\\\/\\\/schema.org\",\"@graph\":[{\"@type\":\"Article\",\"@id\":\"https:\\\/\\\/radioljubuski.ba\\\/index.php\\\/2021\\\/11\\\/06\\\/bottas-najbrzi-u-kvalifikacijama-za-vn-meksika\\\/#article\",\"isPartOf\":{\"@id\":\"https:\\\/\\\/radioljubuski.ba\\\/index.php\\\/2021\\\/11\\\/06\\\/bottas-najbrzi-u-kvalifikacijama-za-vn-meksika\\\/\"},\"author\":{\"name\":\"Radio Ljubu\u0161ki\",\"@id\":\"https:\\\/\\\/radioljubuski.ba\\\/#\\\/schema\\\/person\\\/19fc700381a780f69665d7956c469e3b\"},\"headline\":\"Bottas najbr\u017ei u kvalifikacijama za VN Meksika\",\"datePublished\":\"2021-11-06T22:41:04+00:00\",\"dateModified\":\"2021-11-06T22:41:05+00:00\",\"mainEntityOfPage\":{\"@id\":\"https:\\\/\\\/radioljubuski.ba\\\/index.php\\\/2021\\\/11\\\/06\\\/bottas-najbrzi-u-kvalifikacijama-za-vn-meksika\\\/\"},\"wordCount\":203,\"publisher\":{\"@id\":\"https:\\\/\\\/radioljubuski.ba\\\/#organization\"},\"articleSection\":[\"\u0160port\"],\"inLanguage\":\"hr\"},{\"@type\":\"WebPage\",\"@id\":\"https:\\\/\\\/radioljubuski.ba\\\/index.php\\\/2021\\\/11\\\/06\\\/bottas-najbrzi-u-kvalifikacijama-za-vn-meksika\\\/\",\"url\":\"https:\\\/\\\/radioljubuski.ba\\\/index.php\\\/2021\\\/11\\\/06\\\/bottas-najbrzi-u-kvalifikacijama-za-vn-meksika\\\/\",\"name\":\"Bottas najbr\u017ei u kvalifikacijama za VN Meksika - RADIO LJUBU\u0160KI\",\"isPartOf\":{\"@id\":\"https:\\\/\\\/radioljubuski.ba\\\/#website\"},\"datePublished\":\"2021-11-06T22:41:04+00:00\",\"dateModified\":\"2021-11-06T22:41:05+00:00\",\"breadcrumb\":{\"@id\":\"https:\\\/\\\/radioljubuski.ba\\\/index.php\\\/2021\\\/11\\\/06\\\/bottas-najbrzi-u-kvalifikacijama-za-vn-meksika\\\/#breadcrumb\"},\"inLanguage\":\"hr\",\"potentialAction\":[{\"@type\":\"ReadAction\",\"target\":[\"https:\\\/\\\/radioljubuski.ba\\\/index.php\\\/2021\\\/11\\\/06\\\/bottas-najbrzi-u-kvalifikacijama-za-vn-meksika\\\/\"]}]},{\"@type\":\"BreadcrumbList\",\"@id\":\"https:\\\/\\\/radioljubuski.ba\\\/index.php\\\/2021\\\/11\\\/06\\\/bottas-najbrzi-u-kvalifikacijama-za-vn-meksika\\\/#breadcrumb\",\"itemListElement\":[{\"@type\":\"ListItem\",\"position\":1,\"name\":\"Po\u010detna stranica\",\"item\":\"https:\\\/\\\/radioljubuski.ba\\\/\"},{\"@type\":\"ListItem\",\"position\":2,\"name\":\"Bottas najbr\u017ei u kvalifikacijama za VN Meksika\"}]},{\"@type\":\"WebSite\",\"@id\":\"https:\\\/\\\/radioljubuski.ba\\\/#website\",\"url\":\"https:\\\/\\\/radioljubuski.ba\\\/\",\"name\":\"Radio Ljubu\u0161ki\",\"description\":\"Sun\u010dana frekvencija Hercegovine\",\"publisher\":{\"@id\":\"https:\\\/\\\/radioljubuski.ba\\\/#organization\"},\"potentialAction\":[{\"@type\":\"SearchAction\",\"target\":{\"@type\":\"EntryPoint\",\"urlTemplate\":\"https:\\\/\\\/radioljubuski.ba\\\/?s={search_term_string}\"},\"query-input\":{\"@type\":\"PropertyValueSpecification\",\"valueRequired\":true,\"valueName\":\"search_term_string\"}}],\"inLanguage\":\"hr\"},{\"@type\":\"Organization\",\"@id\":\"https:\\\/\\\/radioljubuski.ba\\\/#organization\",\"name\":\"Radio Ljubu\u0161ki\",\"url\":\"https:\\\/\\\/radioljubuski.ba\\\/\",\"logo\":{\"@type\":\"ImageObject\",\"inLanguage\":\"hr\",\"@id\":\"https:\\\/\\\/radioljubuski.ba\\\/#\\\/schema\\\/logo\\\/image\\\/\",\"url\":\"https:\\\/\\\/radioljubuski.ba\\\/wp-content\\\/uploads\\\/2021\\\/02\\\/cropped-Radio_Ljubuski_logo1.jpg\",\"contentUrl\":\"https:\\\/\\\/radioljubuski.ba\\\/wp-content\\\/uploads\\\/2021\\\/02\\\/cropped-Radio_Ljubuski_logo1.jpg\",\"width\":512,\"height\":512,\"caption\":\"Radio Ljubu\u0161ki\"},\"image\":{\"@id\":\"https:\\\/\\\/radioljubuski.ba\\\/#\\\/schema\\\/logo\\\/image\\\/\"},\"sameAs\":[\"https:\\\/\\\/www.facebook.com\\\/Radiio-Ljubuski-1490835324566332\",\"https:\\\/\\\/x.com\\\/radioljubuski\",\"https:\\\/\\\/hr.linkedin.com\\\/company\\\/radio-ljubuski\",\"https:\\\/\\\/www.youtube.com\\\/channel\\\/UCHYaeO_n0Db3tjNGudGpXyw\"]},{\"@type\":\"Person\",\"@id\":\"https:\\\/\\\/radioljubuski.ba\\\/#\\\/schema\\\/person\\\/19fc700381a780f69665d7956c469e3b\",\"name\":\"Radio Ljubu\u0161ki\"}]}<\/script>\n<!-- \/ Yoast SEO plugin. -->","yoast_head_json":{"title":"Bottas najbr\u017ei u kvalifikacijama za VN Meksika - RADIO LJUBU\u0160KI","robots":{"index":"index","follow":"follow","max-snippet":"max-snippet:-1","max-image-preview":"max-image-preview:large","max-video-preview":"max-video-preview:-1"},"canonical":"https:\/\/radioljubuski.ba\/index.php\/2021\/11\/06\/bottas-najbrzi-u-kvalifikacijama-za-vn-meksika\/","og_locale":"hr_HR","og_type":"article","og_title":"Bottas najbr\u017ei u kvalifikacijama za VN Meksika - RADIO LJUBU\u0160KI","og_description":"Finski voza\u010d Valtteri Bottas (Mercedes) startat \u0107e s najbolje startne pozicije na nedjeljnoj Velikoj nagradi Meksika zahvaljuju\u0107i najboljem vremenu ostvarenom u subotnjim kvalifikacijama (1:15.875 minuta), a uz njega \u0107e u prvom redu biti mom\u010dadski kolega Lewis Hamilton (1:16.020). Mercedesi su bili najbr\u017ei u posljednjoj kvalifikacijskoj rundi, a Bottas je jedini uspio odvesti krug na stazi [&hellip;]","og_url":"https:\/\/radioljubuski.ba\/index.php\/2021\/11\/06\/bottas-najbrzi-u-kvalifikacijama-za-vn-meksika\/","og_site_name":"RADIO LJUBU\u0160KI","article_publisher":"https:\/\/www.facebook.com\/Radiio-Ljubuski-1490835324566332","article_published_time":"2021-11-06T22:41:04+00:00","article_modified_time":"2021-11-06T22:41:05+00:00","og_image":[{"width":1600,"height":952,"url":"https:\/\/radioljubuski.ba\/wp-content\/uploads\/2021\/11\/bottas-2021-11-06t214847z-44782487-up1ehb61ola83-rtrmadp-3-motor-f1-mexico-20211106215308.jpg","type":"image\/jpeg"}],"author":"Radio Ljubu\u0161ki","twitter_card":"summary_large_image","twitter_creator":"@radioljubuski","twitter_site":"@radioljubuski","twitter_misc":{"Napisao\/la":"Radio Ljubu\u0161ki","Procijenjeno vrijeme \u010ditanja":"1 minuta"},"schema":{"@context":"https:\/\/schema.org","@graph":[{"@type":"Article","@id":"https:\/\/radioljubuski.ba\/index.php\/2021\/11\/06\/bottas-najbrzi-u-kvalifikacijama-za-vn-meksika\/#article","isPartOf":{"@id":"https:\/\/radioljubuski.ba\/index.php\/2021\/11\/06\/bottas-najbrzi-u-kvalifikacijama-za-vn-meksika\/"},"author":{"name":"Radio Ljubu\u0161ki","@id":"https:\/\/radioljubuski.ba\/#\/schema\/person\/19fc700381a780f69665d7956c469e3b"},"headline":"Bottas najbr\u017ei u kvalifikacijama za VN Meksika","datePublished":"2021-11-06T22:41:04+00:00","dateModified":"2021-11-06T22:41:05+00:00","mainEntityOfPage":{"@id":"https:\/\/radioljubuski.ba\/index.php\/2021\/11\/06\/bottas-najbrzi-u-kvalifikacijama-za-vn-meksika\/"},"wordCount":203,"publisher":{"@id":"https:\/\/radioljubuski.ba\/#organization"},"articleSection":["\u0160port"],"inLanguage":"hr"},{"@type":"WebPage","@id":"https:\/\/radioljubuski.ba\/index.php\/2021\/11\/06\/bottas-najbrzi-u-kvalifikacijama-za-vn-meksika\/","url":"https:\/\/radioljubuski.ba\/index.php\/2021\/11\/06\/bottas-najbrzi-u-kvalifikacijama-za-vn-meksika\/","name":"Bottas najbr\u017ei u kvalifikacijama za VN Meksika - RADIO LJUBU\u0160KI","isPartOf":{"@id":"https:\/\/radioljubuski.ba\/#website"},"datePublished":"2021-11-06T22:41:04+00:00","dateModified":"2021-11-06T22:41:05+00:00","breadcrumb":{"@id":"https:\/\/radioljubuski.ba\/index.php\/2021\/11\/06\/bottas-najbrzi-u-kvalifikacijama-za-vn-meksika\/#breadcrumb"},"inLanguage":"hr","potentialAction":[{"@type":"ReadAction","target":["https:\/\/radioljubuski.ba\/index.php\/2021\/11\/06\/bottas-najbrzi-u-kvalifikacijama-za-vn-meksika\/"]}]},{"@type":"BreadcrumbList","@id":"https:\/\/radioljubuski.ba\/index.php\/2021\/11\/06\/bottas-najbrzi-u-kvalifikacijama-za-vn-meksika\/#breadcrumb","itemListElement":[{"@type":"ListItem","position":1,"name":"Po\u010detna stranica","item":"https:\/\/radioljubuski.ba\/"},{"@type":"ListItem","position":2,"name":"Bottas najbr\u017ei u kvalifikacijama za VN Meksika"}]},{"@type":"WebSite","@id":"https:\/\/radioljubuski.ba\/#website","url":"https:\/\/radioljubuski.ba\/","name":"Radio Ljubu\u0161ki","description":"Sun\u010dana frekvencija Hercegovine","publisher":{"@id":"https:\/\/radioljubuski.ba\/#organization"},"potentialAction":[{"@type":"SearchAction","target":{"@type":"EntryPoint","urlTemplate":"https:\/\/radioljubuski.ba\/?s={search_term_string}"},"query-input":{"@type":"PropertyValueSpecification","valueRequired":true,"valueName":"search_term_string"}}],"inLanguage":"hr"},{"@type":"Organization","@id":"https:\/\/radioljubuski.ba\/#organization","name":"Radio Ljubu\u0161ki","url":"https:\/\/radioljubuski.ba\/","logo":{"@type":"ImageObject","inLanguage":"hr","@id":"https:\/\/radioljubuski.ba\/#\/schema\/logo\/image\/","url":"https:\/\/radioljubuski.ba\/wp-content\/uploads\/2021\/02\/cropped-Radio_Ljubuski_logo1.jpg","contentUrl":"https:\/\/radioljubuski.ba\/wp-content\/uploads\/2021\/02\/cropped-Radio_Ljubuski_logo1.jpg","width":512,"height":512,"caption":"Radio Ljubu\u0161ki"},"image":{"@id":"https:\/\/radioljubuski.ba\/#\/schema\/logo\/image\/"},"sameAs":["https:\/\/www.facebook.com\/Radiio-Ljubuski-1490835324566332","https:\/\/x.com\/radioljubuski","https:\/\/hr.linkedin.com\/company\/radio-ljubuski","https:\/\/www.youtube.com\/channel\/UCHYaeO_n0Db3tjNGudGpXyw"]},{"@type":"Person","@id":"https:\/\/radioljubuski.ba\/#\/schema\/person\/19fc700381a780f69665d7956c469e3b","name":"Radio Ljubu\u0161ki"}]}},"_links":{"self":[{"href":"https:\/\/radioljubuski.ba\/index.php\/wp-json\/wp\/v2\/posts\/85959","targetHints":{"allow":["GET"]}}],"collection":[{"href":"https:\/\/radioljubuski.ba\/index.php\/wp-json\/wp\/v2\/posts"}],"about":[{"href":"https:\/\/radioljubuski.ba\/index.php\/wp-json\/wp\/v2\/types\/post"}],"author":[{"embeddable":true,"href":"https:\/\/radioljubuski.ba\/index.php\/wp-json\/wp\/v2\/users\/2"}],"replies":[{"embeddable":true,"href":"https:\/\/radioljubuski.ba\/index.php\/wp-json\/wp\/v2\/comments?post=85959"}],"version-history":[{"count":1,"href":"https:\/\/radioljubuski.ba\/index.php\/wp-json\/wp\/v2\/posts\/85959\/revisions"}],"predecessor-version":[{"id":85961,"href":"https:\/\/radioljubuski.ba\/index.php\/wp-json\/wp\/v2\/posts\/85959\/revisions\/85961"}],"wp:attachment":[{"href":"https:\/\/radioljubuski.ba\/index.php\/wp-json\/wp\/v2\/media?parent=85959"}],"wp:term":[{"taxonomy":"category","embeddable":true,"href":"https:\/\/radioljubuski.ba\/index.php\/wp-json\/wp\/v2\/categories?post=85959"},{"taxonomy":"post_tag","embeddable":true,"href":"https:\/\/radioljubuski.ba\/index.php\/wp-json\/wp\/v2\/tags?post=85959"}],"curies":[{"name":"wp","href":"https:\/\/api.w.org\/{rel}","templated":true}]}}