{"id":85967,"date":"2021-11-06T23:45:00","date_gmt":"2021-11-06T22:45:00","guid":{"rendered":"https:\/\/radioljubuski.ba\/?p=85967"},"modified":"2021-11-06T23:45:01","modified_gmt":"2021-11-06T22:45:01","slug":"sutra-razvedravanje-a-potom-oblacno-s-kisom-do-sredine-tjedna","status":"publish","type":"post","link":"https:\/\/radioljubuski.ba\/index.php\/2021\/11\/06\/sutra-razvedravanje-a-potom-oblacno-s-kisom-do-sredine-tjedna\/","title":{"rendered":"Sutra razvedravanje, a potom obla\u010dno s ki\u0161om do sredine tjedna"},"content":{"rendered":"\n<p><strong>Danas u BiH preovladava obla\u010dno vrijeme s ki\u0161om.<\/strong><\/p>\n\n\n\n<p>Sutra jutro (nedjelja, 7.11.2021.) u na\u0161oj zemlji prognozira se prete\u017eno obla\u010dno uz postupno razvedravanje tijekom dana. U ranim jutarnjim satima slaba ki\u0161a je mogu\u0107a ponegdje u Posavini, Krajini i djelomi\u010dno sredi\u0161njoj Bosni. Vjetar slab promjenljivog smjera. Jutarnja temperatura od 5 do 11, na jugu do 15, a dnevna od 13 do 19, na jugu do 23 \u00b0C.<\/p>\n\n\n\n<p>U ponedjeljak 8.11.2021., obla\u010dno vrijeme s ki\u0161om. Intenzivnije padaline se o\u010dekuju zapadnim i sredi\u0161njim podru\u010djima Bosne, na sjeveru i istoku Hercegovine. Jutarnja temperatura od 6 do 12, na jugu do 15, a dnevna od 8 do 14, na jugu do 17 \u00b0C.<\/p>\n\n\n\n<p>U utorak 9.11.2021., obla\u010dno vrijeme s ki\u0161om. Na planinama je mogu\u0107 snijeg. Prije podne padaline prestaju na zapadu i sjeverozapadu Bosne. Do kraja dana i tijekom no\u0107i postupno i u ostatku zemlje. Jutarnja temperatura od 0 do 6, na jugu do 11, a dnevna od 3 do 9, na jugu do 14 \u00b0C.<\/p>\n\n\n\n<p>U srijedu 10.11.2021., prete\u017eno obla\u010dno vrijeme. U Hercegovini djelimi\u010dno smanjenje naoblake. Jutarnja temperatura od 1 do 6, na jugu do 9, a dnevna od 3 do 9, na jugu do 12 \u00b0C.<\/p>\n\n\n\n<p>\/HMS\/<\/p>\n","protected":false},"excerpt":{"rendered":"<p>Danas u BiH preovladava obla\u010dno vrijeme s ki\u0161om. Sutra jutro (nedjelja, 7.11.2021.) u na\u0161oj zemlji prognozira se prete\u017eno obla\u010dno uz postupno razvedravanje tijekom dana. U ranim jutarnjim satima slaba ki\u0161a je mogu\u0107a ponegdje u Posavini, Krajini i djelomi\u010dno sredi\u0161njoj Bosni. Vjetar slab promjenljivog smjera. Jutarnja temperatura od 5 do 11, na jugu do 15, a [&hellip;]<\/p>\n","protected":false},"author":2,"featured_media":85968,"comment_status":"closed","ping_status":"closed","sticky":false,"template":"","format":"standard","meta":{"h5ap_radio_sources":[],"footnotes":""},"categories":[1],"tags":[],"class_list":["post-85967","post","type-post","status-publish","format-standard","has-post-thumbnail","hentry","category-bihiregija"],"yoast_head":"<!-- This site is optimized with the Yoast SEO plugin v27.5 - https:\/\/yoast.com\/product\/yoast-seo-wordpress\/ -->\n<title>Sutra razvedravanje, a potom obla\u010dno s ki\u0161om do sredine tjedna - RADIO LJUBU\u0160KI<\/title>\n<meta name=\"robots\" content=\"index, follow, max-snippet:-1, max-image-preview:large, max-video-preview:-1\" \/>\n<link rel=\"canonical\" href=\"https:\/\/radioljubuski.ba\/index.php\/2021\/11\/06\/sutra-razvedravanje-a-potom-oblacno-s-kisom-do-sredine-tjedna\/\" \/>\n<meta property=\"og:locale\" content=\"hr_HR\" \/>\n<meta property=\"og:type\" content=\"article\" \/>\n<meta property=\"og:title\" content=\"Sutra razvedravanje, a potom obla\u010dno s ki\u0161om do sredine tjedna - RADIO LJUBU\u0160KI\" \/>\n<meta property=\"og:description\" content=\"Danas u BiH preovladava obla\u010dno vrijeme s ki\u0161om. Sutra jutro (nedjelja, 7.11.2021.) u na\u0161oj zemlji prognozira se prete\u017eno obla\u010dno uz postupno razvedravanje tijekom dana. U ranim jutarnjim satima slaba ki\u0161a je mogu\u0107a ponegdje u Posavini, Krajini i djelomi\u010dno sredi\u0161njoj Bosni. Vjetar slab promjenljivog smjera. Jutarnja temperatura od 5 do 11, na jugu do 15, a [&hellip;]\" \/>\n<meta property=\"og:url\" content=\"https:\/\/radioljubuski.ba\/index.php\/2021\/11\/06\/sutra-razvedravanje-a-potom-oblacno-s-kisom-do-sredine-tjedna\/\" \/>\n<meta property=\"og:site_name\" content=\"RADIO LJUBU\u0160KI\" \/>\n<meta property=\"article:publisher\" content=\"https:\/\/www.facebook.com\/Radiio-Ljubuski-1490835324566332\" \/>\n<meta property=\"article:published_time\" content=\"2021-11-06T22:45:00+00:00\" \/>\n<meta property=\"article:modified_time\" content=\"2021-11-06T22:45:01+00:00\" \/>\n<meta property=\"og:image\" content=\"https:\/\/radioljubuski.ba\/wp-content\/uploads\/2021\/11\/ljetna-kisa.jpg\" \/>\n\t<meta property=\"og:image:width\" content=\"655\" \/>\n\t<meta property=\"og:image:height\" content=\"391\" \/>\n\t<meta property=\"og:image:type\" content=\"image\/jpeg\" \/>\n<meta name=\"author\" content=\"Radio Ljubu\u0161ki\" \/>\n<meta name=\"twitter:card\" content=\"summary_large_image\" \/>\n<meta name=\"twitter:creator\" content=\"@radioljubuski\" \/>\n<meta name=\"twitter:site\" content=\"@radioljubuski\" \/>\n<meta name=\"twitter:label1\" content=\"Napisao\/la\" \/>\n\t<meta name=\"twitter:data1\" content=\"Radio Ljubu\u0161ki\" \/>\n\t<meta name=\"twitter:label2\" content=\"Procijenjeno vrijeme \u010ditanja\" \/>\n\t<meta name=\"twitter:data2\" content=\"1 minuta\" \/>\n<script type=\"application\/ld+json\" class=\"yoast-schema-graph\">{\"@context\":\"https:\\\/\\\/schema.org\",\"@graph\":[{\"@type\":\"Article\",\"@id\":\"https:\\\/\\\/radioljubuski.ba\\\/index.php\\\/2021\\\/11\\\/06\\\/sutra-razvedravanje-a-potom-oblacno-s-kisom-do-sredine-tjedna\\\/#article\",\"isPartOf\":{\"@id\":\"https:\\\/\\\/radioljubuski.ba\\\/index.php\\\/2021\\\/11\\\/06\\\/sutra-razvedravanje-a-potom-oblacno-s-kisom-do-sredine-tjedna\\\/\"},\"author\":{\"name\":\"Radio Ljubu\u0161ki\",\"@id\":\"https:\\\/\\\/radioljubuski.ba\\\/#\\\/schema\\\/person\\\/19fc700381a780f69665d7956c469e3b\"},\"headline\":\"Sutra razvedravanje, a potom obla\u010dno s ki\u0161om do sredine tjedna\",\"datePublished\":\"2021-11-06T22:45:00+00:00\",\"dateModified\":\"2021-11-06T22:45:01+00:00\",\"mainEntityOfPage\":{\"@id\":\"https:\\\/\\\/radioljubuski.ba\\\/index.php\\\/2021\\\/11\\\/06\\\/sutra-razvedravanje-a-potom-oblacno-s-kisom-do-sredine-tjedna\\\/\"},\"wordCount\":197,\"publisher\":{\"@id\":\"https:\\\/\\\/radioljubuski.ba\\\/#organization\"},\"image\":{\"@id\":\"https:\\\/\\\/radioljubuski.ba\\\/index.php\\\/2021\\\/11\\\/06\\\/sutra-razvedravanje-a-potom-oblacno-s-kisom-do-sredine-tjedna\\\/#primaryimage\"},\"thumbnailUrl\":\"https:\\\/\\\/radioljubuski.ba\\\/wp-content\\\/uploads\\\/2021\\\/11\\\/ljetna-kisa.jpg\",\"articleSection\":[\"BIH i regija\"],\"inLanguage\":\"hr\"},{\"@type\":\"WebPage\",\"@id\":\"https:\\\/\\\/radioljubuski.ba\\\/index.php\\\/2021\\\/11\\\/06\\\/sutra-razvedravanje-a-potom-oblacno-s-kisom-do-sredine-tjedna\\\/\",\"url\":\"https:\\\/\\\/radioljubuski.ba\\\/index.php\\\/2021\\\/11\\\/06\\\/sutra-razvedravanje-a-potom-oblacno-s-kisom-do-sredine-tjedna\\\/\",\"name\":\"Sutra razvedravanje, a potom obla\u010dno s ki\u0161om do sredine tjedna - RADIO LJUBU\u0160KI\",\"isPartOf\":{\"@id\":\"https:\\\/\\\/radioljubuski.ba\\\/#website\"},\"primaryImageOfPage\":{\"@id\":\"https:\\\/\\\/radioljubuski.ba\\\/index.php\\\/2021\\\/11\\\/06\\\/sutra-razvedravanje-a-potom-oblacno-s-kisom-do-sredine-tjedna\\\/#primaryimage\"},\"image\":{\"@id\":\"https:\\\/\\\/radioljubuski.ba\\\/index.php\\\/2021\\\/11\\\/06\\\/sutra-razvedravanje-a-potom-oblacno-s-kisom-do-sredine-tjedna\\\/#primaryimage\"},\"thumbnailUrl\":\"https:\\\/\\\/radioljubuski.ba\\\/wp-content\\\/uploads\\\/2021\\\/11\\\/ljetna-kisa.jpg\",\"datePublished\":\"2021-11-06T22:45:00+00:00\",\"dateModified\":\"2021-11-06T22:45:01+00:00\",\"breadcrumb\":{\"@id\":\"https:\\\/\\\/radioljubuski.ba\\\/index.php\\\/2021\\\/11\\\/06\\\/sutra-razvedravanje-a-potom-oblacno-s-kisom-do-sredine-tjedna\\\/#breadcrumb\"},\"inLanguage\":\"hr\",\"potentialAction\":[{\"@type\":\"ReadAction\",\"target\":[\"https:\\\/\\\/radioljubuski.ba\\\/index.php\\\/2021\\\/11\\\/06\\\/sutra-razvedravanje-a-potom-oblacno-s-kisom-do-sredine-tjedna\\\/\"]}]},{\"@type\":\"ImageObject\",\"inLanguage\":\"hr\",\"@id\":\"https:\\\/\\\/radioljubuski.ba\\\/index.php\\\/2021\\\/11\\\/06\\\/sutra-razvedravanje-a-potom-oblacno-s-kisom-do-sredine-tjedna\\\/#primaryimage\",\"url\":\"https:\\\/\\\/radioljubuski.ba\\\/wp-content\\\/uploads\\\/2021\\\/11\\\/ljetna-kisa.jpg\",\"contentUrl\":\"https:\\\/\\\/radioljubuski.ba\\\/wp-content\\\/uploads\\\/2021\\\/11\\\/ljetna-kisa.jpg\",\"width\":655,\"height\":391},{\"@type\":\"BreadcrumbList\",\"@id\":\"https:\\\/\\\/radioljubuski.ba\\\/index.php\\\/2021\\\/11\\\/06\\\/sutra-razvedravanje-a-potom-oblacno-s-kisom-do-sredine-tjedna\\\/#breadcrumb\",\"itemListElement\":[{\"@type\":\"ListItem\",\"position\":1,\"name\":\"Po\u010detna stranica\",\"item\":\"https:\\\/\\\/radioljubuski.ba\\\/\"},{\"@type\":\"ListItem\",\"position\":2,\"name\":\"Sutra razvedravanje, a potom obla\u010dno s ki\u0161om do sredine tjedna\"}]},{\"@type\":\"WebSite\",\"@id\":\"https:\\\/\\\/radioljubuski.ba\\\/#website\",\"url\":\"https:\\\/\\\/radioljubuski.ba\\\/\",\"name\":\"Radio Ljubu\u0161ki\",\"description\":\"Sun\u010dana frekvencija Hercegovine\",\"publisher\":{\"@id\":\"https:\\\/\\\/radioljubuski.ba\\\/#organization\"},\"potentialAction\":[{\"@type\":\"SearchAction\",\"target\":{\"@type\":\"EntryPoint\",\"urlTemplate\":\"https:\\\/\\\/radioljubuski.ba\\\/?s={search_term_string}\"},\"query-input\":{\"@type\":\"PropertyValueSpecification\",\"valueRequired\":true,\"valueName\":\"search_term_string\"}}],\"inLanguage\":\"hr\"},{\"@type\":\"Organization\",\"@id\":\"https:\\\/\\\/radioljubuski.ba\\\/#organization\",\"name\":\"Radio Ljubu\u0161ki\",\"url\":\"https:\\\/\\\/radioljubuski.ba\\\/\",\"logo\":{\"@type\":\"ImageObject\",\"inLanguage\":\"hr\",\"@id\":\"https:\\\/\\\/radioljubuski.ba\\\/#\\\/schema\\\/logo\\\/image\\\/\",\"url\":\"https:\\\/\\\/radioljubuski.ba\\\/wp-content\\\/uploads\\\/2021\\\/02\\\/cropped-Radio_Ljubuski_logo1.jpg\",\"contentUrl\":\"https:\\\/\\\/radioljubuski.ba\\\/wp-content\\\/uploads\\\/2021\\\/02\\\/cropped-Radio_Ljubuski_logo1.jpg\",\"width\":512,\"height\":512,\"caption\":\"Radio Ljubu\u0161ki\"},\"image\":{\"@id\":\"https:\\\/\\\/radioljubuski.ba\\\/#\\\/schema\\\/logo\\\/image\\\/\"},\"sameAs\":[\"https:\\\/\\\/www.facebook.com\\\/Radiio-Ljubuski-1490835324566332\",\"https:\\\/\\\/x.com\\\/radioljubuski\",\"https:\\\/\\\/hr.linkedin.com\\\/company\\\/radio-ljubuski\",\"https:\\\/\\\/www.youtube.com\\\/channel\\\/UCHYaeO_n0Db3tjNGudGpXyw\"]},{\"@type\":\"Person\",\"@id\":\"https:\\\/\\\/radioljubuski.ba\\\/#\\\/schema\\\/person\\\/19fc700381a780f69665d7956c469e3b\",\"name\":\"Radio Ljubu\u0161ki\"}]}<\/script>\n<!-- \/ Yoast SEO plugin. -->","yoast_head_json":{"title":"Sutra razvedravanje, a potom obla\u010dno s ki\u0161om do sredine tjedna - RADIO LJUBU\u0160KI","robots":{"index":"index","follow":"follow","max-snippet":"max-snippet:-1","max-image-preview":"max-image-preview:large","max-video-preview":"max-video-preview:-1"},"canonical":"https:\/\/radioljubuski.ba\/index.php\/2021\/11\/06\/sutra-razvedravanje-a-potom-oblacno-s-kisom-do-sredine-tjedna\/","og_locale":"hr_HR","og_type":"article","og_title":"Sutra razvedravanje, a potom obla\u010dno s ki\u0161om do sredine tjedna - RADIO LJUBU\u0160KI","og_description":"Danas u BiH preovladava obla\u010dno vrijeme s ki\u0161om. Sutra jutro (nedjelja, 7.11.2021.) u na\u0161oj zemlji prognozira se prete\u017eno obla\u010dno uz postupno razvedravanje tijekom dana. U ranim jutarnjim satima slaba ki\u0161a je mogu\u0107a ponegdje u Posavini, Krajini i djelomi\u010dno sredi\u0161njoj Bosni. Vjetar slab promjenljivog smjera. Jutarnja temperatura od 5 do 11, na jugu do 15, a [&hellip;]","og_url":"https:\/\/radioljubuski.ba\/index.php\/2021\/11\/06\/sutra-razvedravanje-a-potom-oblacno-s-kisom-do-sredine-tjedna\/","og_site_name":"RADIO LJUBU\u0160KI","article_publisher":"https:\/\/www.facebook.com\/Radiio-Ljubuski-1490835324566332","article_published_time":"2021-11-06T22:45:00+00:00","article_modified_time":"2021-11-06T22:45:01+00:00","og_image":[{"width":655,"height":391,"url":"https:\/\/radioljubuski.ba\/wp-content\/uploads\/2021\/11\/ljetna-kisa.jpg","type":"image\/jpeg"}],"author":"Radio Ljubu\u0161ki","twitter_card":"summary_large_image","twitter_creator":"@radioljubuski","twitter_site":"@radioljubuski","twitter_misc":{"Napisao\/la":"Radio Ljubu\u0161ki","Procijenjeno vrijeme \u010ditanja":"1 minuta"},"schema":{"@context":"https:\/\/schema.org","@graph":[{"@type":"Article","@id":"https:\/\/radioljubuski.ba\/index.php\/2021\/11\/06\/sutra-razvedravanje-a-potom-oblacno-s-kisom-do-sredine-tjedna\/#article","isPartOf":{"@id":"https:\/\/radioljubuski.ba\/index.php\/2021\/11\/06\/sutra-razvedravanje-a-potom-oblacno-s-kisom-do-sredine-tjedna\/"},"author":{"name":"Radio Ljubu\u0161ki","@id":"https:\/\/radioljubuski.ba\/#\/schema\/person\/19fc700381a780f69665d7956c469e3b"},"headline":"Sutra razvedravanje, a potom obla\u010dno s ki\u0161om do sredine tjedna","datePublished":"2021-11-06T22:45:00+00:00","dateModified":"2021-11-06T22:45:01+00:00","mainEntityOfPage":{"@id":"https:\/\/radioljubuski.ba\/index.php\/2021\/11\/06\/sutra-razvedravanje-a-potom-oblacno-s-kisom-do-sredine-tjedna\/"},"wordCount":197,"publisher":{"@id":"https:\/\/radioljubuski.ba\/#organization"},"image":{"@id":"https:\/\/radioljubuski.ba\/index.php\/2021\/11\/06\/sutra-razvedravanje-a-potom-oblacno-s-kisom-do-sredine-tjedna\/#primaryimage"},"thumbnailUrl":"https:\/\/radioljubuski.ba\/wp-content\/uploads\/2021\/11\/ljetna-kisa.jpg","articleSection":["BIH i regija"],"inLanguage":"hr"},{"@type":"WebPage","@id":"https:\/\/radioljubuski.ba\/index.php\/2021\/11\/06\/sutra-razvedravanje-a-potom-oblacno-s-kisom-do-sredine-tjedna\/","url":"https:\/\/radioljubuski.ba\/index.php\/2021\/11\/06\/sutra-razvedravanje-a-potom-oblacno-s-kisom-do-sredine-tjedna\/","name":"Sutra razvedravanje, a potom obla\u010dno s ki\u0161om do sredine tjedna - RADIO LJUBU\u0160KI","isPartOf":{"@id":"https:\/\/radioljubuski.ba\/#website"},"primaryImageOfPage":{"@id":"https:\/\/radioljubuski.ba\/index.php\/2021\/11\/06\/sutra-razvedravanje-a-potom-oblacno-s-kisom-do-sredine-tjedna\/#primaryimage"},"image":{"@id":"https:\/\/radioljubuski.ba\/index.php\/2021\/11\/06\/sutra-razvedravanje-a-potom-oblacno-s-kisom-do-sredine-tjedna\/#primaryimage"},"thumbnailUrl":"https:\/\/radioljubuski.ba\/wp-content\/uploads\/2021\/11\/ljetna-kisa.jpg","datePublished":"2021-11-06T22:45:00+00:00","dateModified":"2021-11-06T22:45:01+00:00","breadcrumb":{"@id":"https:\/\/radioljubuski.ba\/index.php\/2021\/11\/06\/sutra-razvedravanje-a-potom-oblacno-s-kisom-do-sredine-tjedna\/#breadcrumb"},"inLanguage":"hr","potentialAction":[{"@type":"ReadAction","target":["https:\/\/radioljubuski.ba\/index.php\/2021\/11\/06\/sutra-razvedravanje-a-potom-oblacno-s-kisom-do-sredine-tjedna\/"]}]},{"@type":"ImageObject","inLanguage":"hr","@id":"https:\/\/radioljubuski.ba\/index.php\/2021\/11\/06\/sutra-razvedravanje-a-potom-oblacno-s-kisom-do-sredine-tjedna\/#primaryimage","url":"https:\/\/radioljubuski.ba\/wp-content\/uploads\/2021\/11\/ljetna-kisa.jpg","contentUrl":"https:\/\/radioljubuski.ba\/wp-content\/uploads\/2021\/11\/ljetna-kisa.jpg","width":655,"height":391},{"@type":"BreadcrumbList","@id":"https:\/\/radioljubuski.ba\/index.php\/2021\/11\/06\/sutra-razvedravanje-a-potom-oblacno-s-kisom-do-sredine-tjedna\/#breadcrumb","itemListElement":[{"@type":"ListItem","position":1,"name":"Po\u010detna stranica","item":"https:\/\/radioljubuski.ba\/"},{"@type":"ListItem","position":2,"name":"Sutra razvedravanje, a potom obla\u010dno s ki\u0161om do sredine tjedna"}]},{"@type":"WebSite","@id":"https:\/\/radioljubuski.ba\/#website","url":"https:\/\/radioljubuski.ba\/","name":"Radio Ljubu\u0161ki","description":"Sun\u010dana frekvencija Hercegovine","publisher":{"@id":"https:\/\/radioljubuski.ba\/#organization"},"potentialAction":[{"@type":"SearchAction","target":{"@type":"EntryPoint","urlTemplate":"https:\/\/radioljubuski.ba\/?s={search_term_string}"},"query-input":{"@type":"PropertyValueSpecification","valueRequired":true,"valueName":"search_term_string"}}],"inLanguage":"hr"},{"@type":"Organization","@id":"https:\/\/radioljubuski.ba\/#organization","name":"Radio Ljubu\u0161ki","url":"https:\/\/radioljubuski.ba\/","logo":{"@type":"ImageObject","inLanguage":"hr","@id":"https:\/\/radioljubuski.ba\/#\/schema\/logo\/image\/","url":"https:\/\/radioljubuski.ba\/wp-content\/uploads\/2021\/02\/cropped-Radio_Ljubuski_logo1.jpg","contentUrl":"https:\/\/radioljubuski.ba\/wp-content\/uploads\/2021\/02\/cropped-Radio_Ljubuski_logo1.jpg","width":512,"height":512,"caption":"Radio Ljubu\u0161ki"},"image":{"@id":"https:\/\/radioljubuski.ba\/#\/schema\/logo\/image\/"},"sameAs":["https:\/\/www.facebook.com\/Radiio-Ljubuski-1490835324566332","https:\/\/x.com\/radioljubuski","https:\/\/hr.linkedin.com\/company\/radio-ljubuski","https:\/\/www.youtube.com\/channel\/UCHYaeO_n0Db3tjNGudGpXyw"]},{"@type":"Person","@id":"https:\/\/radioljubuski.ba\/#\/schema\/person\/19fc700381a780f69665d7956c469e3b","name":"Radio Ljubu\u0161ki"}]}},"_links":{"self":[{"href":"https:\/\/radioljubuski.ba\/index.php\/wp-json\/wp\/v2\/posts\/85967","targetHints":{"allow":["GET"]}}],"collection":[{"href":"https:\/\/radioljubuski.ba\/index.php\/wp-json\/wp\/v2\/posts"}],"about":[{"href":"https:\/\/radioljubuski.ba\/index.php\/wp-json\/wp\/v2\/types\/post"}],"author":[{"embeddable":true,"href":"https:\/\/radioljubuski.ba\/index.php\/wp-json\/wp\/v2\/users\/2"}],"replies":[{"embeddable":true,"href":"https:\/\/radioljubuski.ba\/index.php\/wp-json\/wp\/v2\/comments?post=85967"}],"version-history":[{"count":1,"href":"https:\/\/radioljubuski.ba\/index.php\/wp-json\/wp\/v2\/posts\/85967\/revisions"}],"predecessor-version":[{"id":85969,"href":"https:\/\/radioljubuski.ba\/index.php\/wp-json\/wp\/v2\/posts\/85967\/revisions\/85969"}],"wp:featuredmedia":[{"embeddable":true,"href":"https:\/\/radioljubuski.ba\/index.php\/wp-json\/wp\/v2\/media\/85968"}],"wp:attachment":[{"href":"https:\/\/radioljubuski.ba\/index.php\/wp-json\/wp\/v2\/media?parent=85967"}],"wp:term":[{"taxonomy":"category","embeddable":true,"href":"https:\/\/radioljubuski.ba\/index.php\/wp-json\/wp\/v2\/categories?post=85967"},{"taxonomy":"post_tag","embeddable":true,"href":"https:\/\/radioljubuski.ba\/index.php\/wp-json\/wp\/v2\/tags?post=85967"}],"curies":[{"name":"wp","href":"https:\/\/api.w.org\/{rel}","templated":true}]}}