{"id":85982,"date":"2021-11-06T23:54:15","date_gmt":"2021-11-06T22:54:15","guid":{"rendered":"https:\/\/radioljubuski.ba\/?p=85982"},"modified":"2021-11-06T23:54:16","modified_gmt":"2021-11-06T22:54:16","slug":"zavrseni-22-humski-dani-poezije","status":"publish","type":"post","link":"https:\/\/radioljubuski.ba\/index.php\/2021\/11\/06\/zavrseni-22-humski-dani-poezije\/","title":{"rendered":"Zavr\u0161eni 22. Humski dani poezije"},"content":{"rendered":"\n<h5 class=\"wp-block-heading\"><strong>U Galeriji kraljice Katarine Hrvatskog doma hercega Stjepana Kosa\u010de, zavr\u0161eni su 22. Humski dani poezije.<\/strong><\/h5>\n\n\n\n<p>U dijelu programa nazvanu&nbsp;<strong>\u201eSpomenimo se prijatelja\u201c<\/strong>, \u010ditanjem njihovih biografija, prisutni su se prisjetili knji\u017eevnika, \u010dlanova&nbsp;<strong>DHK HB<\/strong>&nbsp;preminulih u protekloj godini: Ive Nui\u0107, An\u0111elka Vuleti\u0107a, Joze Jaki\u0161e, Asafa Durakovi\u0107a, Marka Lovri\u0107a te Janka Bu\u010dara kojemu je peta obljetnica smrti, pi\u0161e Jabuka.tv.<\/p>\n\n\n\n<p>U drugom dijelu ve\u010deri poeziju su govorili&nbsp;<strong>afirmirani pjesnici<\/strong>&nbsp;\u010dlanovi DHK HB, mladi pjesnici i gosti: Ivan Bitanga, Marela Jerki\u0107-Jakovljevi\u0107, Darko Juka, Blanka Kraljevi\u0107, Sre\u0107ko Marijanovi\u0107, Grgo Mikuli\u0107, Zvonimir Mikuli\u0107, Ivo Ragu\u017e, Ivan Sivri\u0107, Mara Cica \u0160akoti\u0107, Dubravka Bandi\u0107, Snje\u017eana Lovri\u0107, Marija Pavkovi\u0107, Matea Ravli\u0107, Angela \u0160uta i Ivan Vrlji\u0107.<\/p>\n\n\n\n<p>Program je zavr\u0161io podjelom priznanja sudionicima&nbsp;<strong>22. Humskih dana poezije<\/strong>&nbsp;i zahvalom pokroviteljima i sponzorima.<\/p>\n\n\n\n<p>Program je vodila mlada knji\u017eevnica&nbsp;<strong>Marija Pavkovi\u0107.<\/strong><\/p>\n\n\n\n<p><strong>\/HMS\/<\/strong><\/p>\n","protected":false},"excerpt":{"rendered":"<p>U Galeriji kraljice Katarine Hrvatskog doma hercega Stjepana Kosa\u010de, zavr\u0161eni su 22. Humski dani poezije. U dijelu programa nazvanu&nbsp;\u201eSpomenimo se prijatelja\u201c, \u010ditanjem njihovih biografija, prisutni su se prisjetili knji\u017eevnika, \u010dlanova&nbsp;DHK HB&nbsp;preminulih u protekloj godini: Ive Nui\u0107, An\u0111elka Vuleti\u0107a, Joze Jaki\u0161e, Asafa Durakovi\u0107a, Marka Lovri\u0107a te Janka Bu\u010dara kojemu je peta obljetnica smrti, pi\u0161e Jabuka.tv. U [&hellip;]<\/p>\n","protected":false},"author":2,"featured_media":85983,"comment_status":"closed","ping_status":"closed","sticky":false,"template":"","format":"standard","meta":{"h5ap_radio_sources":[],"footnotes":""},"categories":[1],"tags":[],"class_list":["post-85982","post","type-post","status-publish","format-standard","has-post-thumbnail","hentry","category-bihiregija"],"yoast_head":"<!-- This site is optimized with the Yoast SEO plugin v27.5 - https:\/\/yoast.com\/product\/yoast-seo-wordpress\/ -->\n<title>Zavr\u0161eni 22. Humski dani poezije - RADIO LJUBU\u0160KI<\/title>\n<meta name=\"robots\" content=\"index, follow, max-snippet:-1, max-image-preview:large, max-video-preview:-1\" \/>\n<link rel=\"canonical\" href=\"https:\/\/radioljubuski.ba\/index.php\/2021\/11\/06\/zavrseni-22-humski-dani-poezije\/\" \/>\n<meta property=\"og:locale\" content=\"hr_HR\" \/>\n<meta property=\"og:type\" content=\"article\" \/>\n<meta property=\"og:title\" content=\"Zavr\u0161eni 22. Humski dani poezije - RADIO LJUBU\u0160KI\" \/>\n<meta property=\"og:description\" content=\"U Galeriji kraljice Katarine Hrvatskog doma hercega Stjepana Kosa\u010de, zavr\u0161eni su 22. Humski dani poezije. U dijelu programa nazvanu&nbsp;\u201eSpomenimo se prijatelja\u201c, \u010ditanjem njihovih biografija, prisutni su se prisjetili knji\u017eevnika, \u010dlanova&nbsp;DHK HB&nbsp;preminulih u protekloj godini: Ive Nui\u0107, An\u0111elka Vuleti\u0107a, Joze Jaki\u0161e, Asafa Durakovi\u0107a, Marka Lovri\u0107a te Janka Bu\u010dara kojemu je peta obljetnica smrti, pi\u0161e Jabuka.tv. U [&hellip;]\" \/>\n<meta property=\"og:url\" content=\"https:\/\/radioljubuski.ba\/index.php\/2021\/11\/06\/zavrseni-22-humski-dani-poezije\/\" \/>\n<meta property=\"og:site_name\" content=\"RADIO LJUBU\u0160KI\" \/>\n<meta property=\"article:publisher\" content=\"https:\/\/www.facebook.com\/Radiio-Ljubuski-1490835324566332\" \/>\n<meta property=\"article:published_time\" content=\"2021-11-06T22:54:15+00:00\" \/>\n<meta property=\"article:modified_time\" content=\"2021-11-06T22:54:16+00:00\" \/>\n<meta property=\"og:image\" content=\"https:\/\/radioljubuski.ba\/wp-content\/uploads\/2021\/11\/humski-dani-poezije-22-1-810x608-1.jpg\" \/>\n\t<meta property=\"og:image:width\" content=\"810\" \/>\n\t<meta property=\"og:image:height\" content=\"608\" \/>\n\t<meta property=\"og:image:type\" content=\"image\/jpeg\" \/>\n<meta name=\"author\" content=\"Radio Ljubu\u0161ki\" \/>\n<meta name=\"twitter:card\" content=\"summary_large_image\" \/>\n<meta name=\"twitter:creator\" content=\"@radioljubuski\" \/>\n<meta name=\"twitter:site\" content=\"@radioljubuski\" \/>\n<meta name=\"twitter:label1\" content=\"Napisao\/la\" \/>\n\t<meta name=\"twitter:data1\" content=\"Radio Ljubu\u0161ki\" \/>\n\t<meta name=\"twitter:label2\" content=\"Procijenjeno vrijeme \u010ditanja\" \/>\n\t<meta name=\"twitter:data2\" content=\"1 minuta\" \/>\n<script type=\"application\/ld+json\" class=\"yoast-schema-graph\">{\"@context\":\"https:\\\/\\\/schema.org\",\"@graph\":[{\"@type\":\"Article\",\"@id\":\"https:\\\/\\\/radioljubuski.ba\\\/index.php\\\/2021\\\/11\\\/06\\\/zavrseni-22-humski-dani-poezije\\\/#article\",\"isPartOf\":{\"@id\":\"https:\\\/\\\/radioljubuski.ba\\\/index.php\\\/2021\\\/11\\\/06\\\/zavrseni-22-humski-dani-poezije\\\/\"},\"author\":{\"name\":\"Radio Ljubu\u0161ki\",\"@id\":\"https:\\\/\\\/radioljubuski.ba\\\/#\\\/schema\\\/person\\\/19fc700381a780f69665d7956c469e3b\"},\"headline\":\"Zavr\u0161eni 22. Humski dani poezije\",\"datePublished\":\"2021-11-06T22:54:15+00:00\",\"dateModified\":\"2021-11-06T22:54:16+00:00\",\"mainEntityOfPage\":{\"@id\":\"https:\\\/\\\/radioljubuski.ba\\\/index.php\\\/2021\\\/11\\\/06\\\/zavrseni-22-humski-dani-poezije\\\/\"},\"wordCount\":158,\"publisher\":{\"@id\":\"https:\\\/\\\/radioljubuski.ba\\\/#organization\"},\"image\":{\"@id\":\"https:\\\/\\\/radioljubuski.ba\\\/index.php\\\/2021\\\/11\\\/06\\\/zavrseni-22-humski-dani-poezije\\\/#primaryimage\"},\"thumbnailUrl\":\"https:\\\/\\\/radioljubuski.ba\\\/wp-content\\\/uploads\\\/2021\\\/11\\\/humski-dani-poezije-22-1-810x608-1.jpg\",\"articleSection\":[\"BIH i regija\"],\"inLanguage\":\"hr\"},{\"@type\":\"WebPage\",\"@id\":\"https:\\\/\\\/radioljubuski.ba\\\/index.php\\\/2021\\\/11\\\/06\\\/zavrseni-22-humski-dani-poezije\\\/\",\"url\":\"https:\\\/\\\/radioljubuski.ba\\\/index.php\\\/2021\\\/11\\\/06\\\/zavrseni-22-humski-dani-poezije\\\/\",\"name\":\"Zavr\u0161eni 22. Humski dani poezije - RADIO LJUBU\u0160KI\",\"isPartOf\":{\"@id\":\"https:\\\/\\\/radioljubuski.ba\\\/#website\"},\"primaryImageOfPage\":{\"@id\":\"https:\\\/\\\/radioljubuski.ba\\\/index.php\\\/2021\\\/11\\\/06\\\/zavrseni-22-humski-dani-poezije\\\/#primaryimage\"},\"image\":{\"@id\":\"https:\\\/\\\/radioljubuski.ba\\\/index.php\\\/2021\\\/11\\\/06\\\/zavrseni-22-humski-dani-poezije\\\/#primaryimage\"},\"thumbnailUrl\":\"https:\\\/\\\/radioljubuski.ba\\\/wp-content\\\/uploads\\\/2021\\\/11\\\/humski-dani-poezije-22-1-810x608-1.jpg\",\"datePublished\":\"2021-11-06T22:54:15+00:00\",\"dateModified\":\"2021-11-06T22:54:16+00:00\",\"breadcrumb\":{\"@id\":\"https:\\\/\\\/radioljubuski.ba\\\/index.php\\\/2021\\\/11\\\/06\\\/zavrseni-22-humski-dani-poezije\\\/#breadcrumb\"},\"inLanguage\":\"hr\",\"potentialAction\":[{\"@type\":\"ReadAction\",\"target\":[\"https:\\\/\\\/radioljubuski.ba\\\/index.php\\\/2021\\\/11\\\/06\\\/zavrseni-22-humski-dani-poezije\\\/\"]}]},{\"@type\":\"ImageObject\",\"inLanguage\":\"hr\",\"@id\":\"https:\\\/\\\/radioljubuski.ba\\\/index.php\\\/2021\\\/11\\\/06\\\/zavrseni-22-humski-dani-poezije\\\/#primaryimage\",\"url\":\"https:\\\/\\\/radioljubuski.ba\\\/wp-content\\\/uploads\\\/2021\\\/11\\\/humski-dani-poezije-22-1-810x608-1.jpg\",\"contentUrl\":\"https:\\\/\\\/radioljubuski.ba\\\/wp-content\\\/uploads\\\/2021\\\/11\\\/humski-dani-poezije-22-1-810x608-1.jpg\",\"width\":810,\"height\":608},{\"@type\":\"BreadcrumbList\",\"@id\":\"https:\\\/\\\/radioljubuski.ba\\\/index.php\\\/2021\\\/11\\\/06\\\/zavrseni-22-humski-dani-poezije\\\/#breadcrumb\",\"itemListElement\":[{\"@type\":\"ListItem\",\"position\":1,\"name\":\"Po\u010detna stranica\",\"item\":\"https:\\\/\\\/radioljubuski.ba\\\/\"},{\"@type\":\"ListItem\",\"position\":2,\"name\":\"Zavr\u0161eni 22. Humski dani poezije\"}]},{\"@type\":\"WebSite\",\"@id\":\"https:\\\/\\\/radioljubuski.ba\\\/#website\",\"url\":\"https:\\\/\\\/radioljubuski.ba\\\/\",\"name\":\"Radio Ljubu\u0161ki\",\"description\":\"Sun\u010dana frekvencija Hercegovine\",\"publisher\":{\"@id\":\"https:\\\/\\\/radioljubuski.ba\\\/#organization\"},\"potentialAction\":[{\"@type\":\"SearchAction\",\"target\":{\"@type\":\"EntryPoint\",\"urlTemplate\":\"https:\\\/\\\/radioljubuski.ba\\\/?s={search_term_string}\"},\"query-input\":{\"@type\":\"PropertyValueSpecification\",\"valueRequired\":true,\"valueName\":\"search_term_string\"}}],\"inLanguage\":\"hr\"},{\"@type\":\"Organization\",\"@id\":\"https:\\\/\\\/radioljubuski.ba\\\/#organization\",\"name\":\"Radio Ljubu\u0161ki\",\"url\":\"https:\\\/\\\/radioljubuski.ba\\\/\",\"logo\":{\"@type\":\"ImageObject\",\"inLanguage\":\"hr\",\"@id\":\"https:\\\/\\\/radioljubuski.ba\\\/#\\\/schema\\\/logo\\\/image\\\/\",\"url\":\"https:\\\/\\\/radioljubuski.ba\\\/wp-content\\\/uploads\\\/2021\\\/02\\\/cropped-Radio_Ljubuski_logo1.jpg\",\"contentUrl\":\"https:\\\/\\\/radioljubuski.ba\\\/wp-content\\\/uploads\\\/2021\\\/02\\\/cropped-Radio_Ljubuski_logo1.jpg\",\"width\":512,\"height\":512,\"caption\":\"Radio Ljubu\u0161ki\"},\"image\":{\"@id\":\"https:\\\/\\\/radioljubuski.ba\\\/#\\\/schema\\\/logo\\\/image\\\/\"},\"sameAs\":[\"https:\\\/\\\/www.facebook.com\\\/Radiio-Ljubuski-1490835324566332\",\"https:\\\/\\\/x.com\\\/radioljubuski\",\"https:\\\/\\\/hr.linkedin.com\\\/company\\\/radio-ljubuski\",\"https:\\\/\\\/www.youtube.com\\\/channel\\\/UCHYaeO_n0Db3tjNGudGpXyw\"]},{\"@type\":\"Person\",\"@id\":\"https:\\\/\\\/radioljubuski.ba\\\/#\\\/schema\\\/person\\\/19fc700381a780f69665d7956c469e3b\",\"name\":\"Radio Ljubu\u0161ki\"}]}<\/script>\n<!-- \/ Yoast SEO plugin. -->","yoast_head_json":{"title":"Zavr\u0161eni 22. Humski dani poezije - RADIO LJUBU\u0160KI","robots":{"index":"index","follow":"follow","max-snippet":"max-snippet:-1","max-image-preview":"max-image-preview:large","max-video-preview":"max-video-preview:-1"},"canonical":"https:\/\/radioljubuski.ba\/index.php\/2021\/11\/06\/zavrseni-22-humski-dani-poezije\/","og_locale":"hr_HR","og_type":"article","og_title":"Zavr\u0161eni 22. Humski dani poezije - RADIO LJUBU\u0160KI","og_description":"U Galeriji kraljice Katarine Hrvatskog doma hercega Stjepana Kosa\u010de, zavr\u0161eni su 22. Humski dani poezije. U dijelu programa nazvanu&nbsp;\u201eSpomenimo se prijatelja\u201c, \u010ditanjem njihovih biografija, prisutni su se prisjetili knji\u017eevnika, \u010dlanova&nbsp;DHK HB&nbsp;preminulih u protekloj godini: Ive Nui\u0107, An\u0111elka Vuleti\u0107a, Joze Jaki\u0161e, Asafa Durakovi\u0107a, Marka Lovri\u0107a te Janka Bu\u010dara kojemu je peta obljetnica smrti, pi\u0161e Jabuka.tv. U [&hellip;]","og_url":"https:\/\/radioljubuski.ba\/index.php\/2021\/11\/06\/zavrseni-22-humski-dani-poezije\/","og_site_name":"RADIO LJUBU\u0160KI","article_publisher":"https:\/\/www.facebook.com\/Radiio-Ljubuski-1490835324566332","article_published_time":"2021-11-06T22:54:15+00:00","article_modified_time":"2021-11-06T22:54:16+00:00","og_image":[{"width":810,"height":608,"url":"https:\/\/radioljubuski.ba\/wp-content\/uploads\/2021\/11\/humski-dani-poezije-22-1-810x608-1.jpg","type":"image\/jpeg"}],"author":"Radio Ljubu\u0161ki","twitter_card":"summary_large_image","twitter_creator":"@radioljubuski","twitter_site":"@radioljubuski","twitter_misc":{"Napisao\/la":"Radio Ljubu\u0161ki","Procijenjeno vrijeme \u010ditanja":"1 minuta"},"schema":{"@context":"https:\/\/schema.org","@graph":[{"@type":"Article","@id":"https:\/\/radioljubuski.ba\/index.php\/2021\/11\/06\/zavrseni-22-humski-dani-poezije\/#article","isPartOf":{"@id":"https:\/\/radioljubuski.ba\/index.php\/2021\/11\/06\/zavrseni-22-humski-dani-poezije\/"},"author":{"name":"Radio Ljubu\u0161ki","@id":"https:\/\/radioljubuski.ba\/#\/schema\/person\/19fc700381a780f69665d7956c469e3b"},"headline":"Zavr\u0161eni 22. Humski dani poezije","datePublished":"2021-11-06T22:54:15+00:00","dateModified":"2021-11-06T22:54:16+00:00","mainEntityOfPage":{"@id":"https:\/\/radioljubuski.ba\/index.php\/2021\/11\/06\/zavrseni-22-humski-dani-poezije\/"},"wordCount":158,"publisher":{"@id":"https:\/\/radioljubuski.ba\/#organization"},"image":{"@id":"https:\/\/radioljubuski.ba\/index.php\/2021\/11\/06\/zavrseni-22-humski-dani-poezije\/#primaryimage"},"thumbnailUrl":"https:\/\/radioljubuski.ba\/wp-content\/uploads\/2021\/11\/humski-dani-poezije-22-1-810x608-1.jpg","articleSection":["BIH i regija"],"inLanguage":"hr"},{"@type":"WebPage","@id":"https:\/\/radioljubuski.ba\/index.php\/2021\/11\/06\/zavrseni-22-humski-dani-poezije\/","url":"https:\/\/radioljubuski.ba\/index.php\/2021\/11\/06\/zavrseni-22-humski-dani-poezije\/","name":"Zavr\u0161eni 22. Humski dani poezije - RADIO LJUBU\u0160KI","isPartOf":{"@id":"https:\/\/radioljubuski.ba\/#website"},"primaryImageOfPage":{"@id":"https:\/\/radioljubuski.ba\/index.php\/2021\/11\/06\/zavrseni-22-humski-dani-poezije\/#primaryimage"},"image":{"@id":"https:\/\/radioljubuski.ba\/index.php\/2021\/11\/06\/zavrseni-22-humski-dani-poezije\/#primaryimage"},"thumbnailUrl":"https:\/\/radioljubuski.ba\/wp-content\/uploads\/2021\/11\/humski-dani-poezije-22-1-810x608-1.jpg","datePublished":"2021-11-06T22:54:15+00:00","dateModified":"2021-11-06T22:54:16+00:00","breadcrumb":{"@id":"https:\/\/radioljubuski.ba\/index.php\/2021\/11\/06\/zavrseni-22-humski-dani-poezije\/#breadcrumb"},"inLanguage":"hr","potentialAction":[{"@type":"ReadAction","target":["https:\/\/radioljubuski.ba\/index.php\/2021\/11\/06\/zavrseni-22-humski-dani-poezije\/"]}]},{"@type":"ImageObject","inLanguage":"hr","@id":"https:\/\/radioljubuski.ba\/index.php\/2021\/11\/06\/zavrseni-22-humski-dani-poezije\/#primaryimage","url":"https:\/\/radioljubuski.ba\/wp-content\/uploads\/2021\/11\/humski-dani-poezije-22-1-810x608-1.jpg","contentUrl":"https:\/\/radioljubuski.ba\/wp-content\/uploads\/2021\/11\/humski-dani-poezije-22-1-810x608-1.jpg","width":810,"height":608},{"@type":"BreadcrumbList","@id":"https:\/\/radioljubuski.ba\/index.php\/2021\/11\/06\/zavrseni-22-humski-dani-poezije\/#breadcrumb","itemListElement":[{"@type":"ListItem","position":1,"name":"Po\u010detna stranica","item":"https:\/\/radioljubuski.ba\/"},{"@type":"ListItem","position":2,"name":"Zavr\u0161eni 22. Humski dani poezije"}]},{"@type":"WebSite","@id":"https:\/\/radioljubuski.ba\/#website","url":"https:\/\/radioljubuski.ba\/","name":"Radio Ljubu\u0161ki","description":"Sun\u010dana frekvencija Hercegovine","publisher":{"@id":"https:\/\/radioljubuski.ba\/#organization"},"potentialAction":[{"@type":"SearchAction","target":{"@type":"EntryPoint","urlTemplate":"https:\/\/radioljubuski.ba\/?s={search_term_string}"},"query-input":{"@type":"PropertyValueSpecification","valueRequired":true,"valueName":"search_term_string"}}],"inLanguage":"hr"},{"@type":"Organization","@id":"https:\/\/radioljubuski.ba\/#organization","name":"Radio Ljubu\u0161ki","url":"https:\/\/radioljubuski.ba\/","logo":{"@type":"ImageObject","inLanguage":"hr","@id":"https:\/\/radioljubuski.ba\/#\/schema\/logo\/image\/","url":"https:\/\/radioljubuski.ba\/wp-content\/uploads\/2021\/02\/cropped-Radio_Ljubuski_logo1.jpg","contentUrl":"https:\/\/radioljubuski.ba\/wp-content\/uploads\/2021\/02\/cropped-Radio_Ljubuski_logo1.jpg","width":512,"height":512,"caption":"Radio Ljubu\u0161ki"},"image":{"@id":"https:\/\/radioljubuski.ba\/#\/schema\/logo\/image\/"},"sameAs":["https:\/\/www.facebook.com\/Radiio-Ljubuski-1490835324566332","https:\/\/x.com\/radioljubuski","https:\/\/hr.linkedin.com\/company\/radio-ljubuski","https:\/\/www.youtube.com\/channel\/UCHYaeO_n0Db3tjNGudGpXyw"]},{"@type":"Person","@id":"https:\/\/radioljubuski.ba\/#\/schema\/person\/19fc700381a780f69665d7956c469e3b","name":"Radio Ljubu\u0161ki"}]}},"_links":{"self":[{"href":"https:\/\/radioljubuski.ba\/index.php\/wp-json\/wp\/v2\/posts\/85982","targetHints":{"allow":["GET"]}}],"collection":[{"href":"https:\/\/radioljubuski.ba\/index.php\/wp-json\/wp\/v2\/posts"}],"about":[{"href":"https:\/\/radioljubuski.ba\/index.php\/wp-json\/wp\/v2\/types\/post"}],"author":[{"embeddable":true,"href":"https:\/\/radioljubuski.ba\/index.php\/wp-json\/wp\/v2\/users\/2"}],"replies":[{"embeddable":true,"href":"https:\/\/radioljubuski.ba\/index.php\/wp-json\/wp\/v2\/comments?post=85982"}],"version-history":[{"count":1,"href":"https:\/\/radioljubuski.ba\/index.php\/wp-json\/wp\/v2\/posts\/85982\/revisions"}],"predecessor-version":[{"id":85984,"href":"https:\/\/radioljubuski.ba\/index.php\/wp-json\/wp\/v2\/posts\/85982\/revisions\/85984"}],"wp:featuredmedia":[{"embeddable":true,"href":"https:\/\/radioljubuski.ba\/index.php\/wp-json\/wp\/v2\/media\/85983"}],"wp:attachment":[{"href":"https:\/\/radioljubuski.ba\/index.php\/wp-json\/wp\/v2\/media?parent=85982"}],"wp:term":[{"taxonomy":"category","embeddable":true,"href":"https:\/\/radioljubuski.ba\/index.php\/wp-json\/wp\/v2\/categories?post=85982"},{"taxonomy":"post_tag","embeddable":true,"href":"https:\/\/radioljubuski.ba\/index.php\/wp-json\/wp\/v2\/tags?post=85982"}],"curies":[{"name":"wp","href":"https:\/\/api.w.org\/{rel}","templated":true}]}}