{"id":86038,"date":"2021-11-07T02:00:46","date_gmt":"2021-11-07T01:00:46","guid":{"rendered":"https:\/\/radioljubuski.ba\/?p=86038"},"modified":"2021-11-07T02:00:47","modified_gmt":"2021-11-07T01:00:47","slug":"capak-demantirao-brojke-koje-je-jucer-iznio-zelim-sprijeciti-promoviranje-necijepljenja","status":"publish","type":"post","link":"https:\/\/radioljubuski.ba\/index.php\/2021\/11\/07\/capak-demantirao-brojke-koje-je-jucer-iznio-zelim-sprijeciti-promoviranje-necijepljenja\/","title":{"rendered":"Capak demantirao brojke koje je ju\u010der iznio: \u017delim sprije\u010diti promoviranje necijepljenja"},"content":{"rendered":"\n<p><strong>Ravnatelj HZJZ-a Krunoslav Capak&nbsp;ispri\u010dao se u subotu navode\u0107i da je ju\u010der pogrije\u0161io pri \u010ditanju podataka novozara\u017eenih i udjela necijepljenih me\u0111u zara\u017eenima. Poru\u010dio je da demantijem \u017eeli sprije\u010diti daljnje \u0161irenje neto\u010dnih brojki i dezinformacija te manipuliranje javno\u0161\u0107u \u0161irenjem la\u017ei.<\/strong><strong><\/strong><\/p>\n\n\n\n<p>\u201cNakon ju\u010dera\u0161nje novinske konferencije Sto\u017eera civilne za\u0161tite RH do ovog trenutka je cijeli niz objava na mre\u017enim stranicama i dru\u0161tvenim mre\u017eama oko moje gre\u0161ke koju sam po\u010dinio prilikom \u010ditanja dnevnih brojki novozara\u017eenih i udjela necijepljenih me\u0111u zara\u017eenima. \u017delio bih slu\u017ebenim demantijem, koliko je mogu\u0107e, sprije\u010diti \u0161irenje tih neto\u010dnih podataka i obmanjivanje javnosti od onih koji \u0161ire neistine i promoviraju necijepljenje, naveo je ravnatelj Hrvatskog zavoda za javno zdravstvo (HZJZ).<\/p>\n\n\n\n<p>To\u010dne dnevne brojke su sljede\u0107e:&nbsp;<strong>Na dan 5. studenoga 2021. u posljednja 24 sata broj novozara\u017eenih bio je 6.932, od kojih u potpunosti nije bilo cijepljeno njih 74,1 posto<\/strong>\u201c, kazao je Capak.<\/p>\n\n\n\n<p>Podsjetimo, predstavljaju\u0107i dnevne podatke vezane za epidemiju koronavirusa, ravnatelj Hrvatskog zavoda za javno zdravstvo i \u010dlan Nacionalnog sto\u017eera civilne za\u0161tite,&nbsp;<strong>Krunoslav Capak<\/strong>, ju\u010der, na konferenciji za medije iznio je podatak da od ukupnog broja oboljelih u 24 sata je 75 posto cijepljenih.<\/p>\n\n\n\n<p>\u2013 U zadnja 24 sata imali smo 307 hospitaliziranih od kojih 158 ili 49 posto nije cijepljeno. Na respirator je stavljeno 25 osoba, od kojih 19 ili 76 posto nije bilo cijepljeno. Preminulo je 36 osoba od kojih je 9 ili 25 posto cijepljeno. Oboljelo je&nbsp;<strong>6932 osobe, od kojih je 1790 ili 25 posto nije cijepljeno<\/strong>&nbsp;\u2013 iznio je Capak podatke.<\/p>\n\n\n\n<h3 class=\"wp-block-heading\"><strong>Glasnogovornik Vlade odmah reagirao na lapsus<\/strong><\/h3>\n\n\n\n<p>Rije\u010d je bila o lapsusu prilikom \u010ditanja podataka, koje je jo\u0161 prije Capaka ispravio glasnogovornik Vlade,&nbsp;<strong>Marko Mili\u0107,<\/strong>&nbsp;objavom na dru\u0161tvenim mre\u017eama.<\/p>\n\n\n\n<p>\u2013 Portal Liberal.hr \u0161iri fakenews zlorabe\u0107i o\u010diti lapsus ravnatelja HZJZ-a Capaka na konferenciji za medije Sto\u017eera. Od ju\u010dera\u0161njih 6923 novozara\u017eenih, njih preko 74 posto nije bilo u potpunosti cijepljeno. Treba li podsjetiti i da je u mjesecu listopadu od ili s covid-19 preminulo 578 osoba od kojih 75 posto nije bilo cijepljeno. A svih 22 preminulih u listopadu u dobi ispod 50 nije bilo cijepljeno \u2013 napisao je Mili\u0107 i dodao da je \u201cneljudski, neodgovorni i kukavi\u010dki poku\u0161aj fakenews portala da se zbuni ljude u namjeri masovnog odvra\u0107anja od cijepljenja\u201d.<\/p>\n\n\n\n<p>\u2013 Ne vjerujte la\u017eima portala Liberal.hr. Sutra ako se zarazite, a niste se cijepili, ove neodgovorne koji obmanjuju o \u0161tetnosti cjepiva ne\u0107e biti previ\u0161e briga za vas, nego \u0107e se o vama brinuti lije\u010dnici i epidemiolozi kojima se takvi i sli\u010dni fakenews portali svakodnevno izruguju \u2013 zaklju\u010dio je Mili\u0107.<\/p>\n\n\n\n<h3 class=\"wp-block-heading\"><strong>Capak moli medije da uva\u017ee njegovu ispriku<\/strong><\/h3>\n\n\n\n<p>Capak u dana\u0161njem demantiju podsje\u0107a da je&nbsp;u listopadu od bolesti covid-19 umrlo&nbsp;578 osoba od kojih 75 posto&nbsp;nije bilo cijepljeno. Od umrlih, koji su bili srednje \u017eivotne dobi ispod 50 godina \u017eivota,&nbsp;svih 22 koji su umrli&nbsp;u listopadu nije bilo cijepljeno.<\/p>\n\n\n\n<p>\u201cKada govorimo o udjelu cijepljenih osoba me\u0111u hospitaliziranima&nbsp;va\u017eno je re\u0107i da je podatak za 5. studenog 2021. o 51,5 posto&nbsp;cijepljenih dnevni podatak i da ti podaci variraju od dana do dana, ali gledano prosje\u010dno, na tjednoj i mjese\u010dnoj razini, imamo stabilni trend koji ukazuje da je me\u0111u hospitaliziranima izme\u0111u 70 posto&nbsp;i 80 posto&nbsp;necijepljenih\u201c, naveo je danas Capak uz ispriku za ju\u010der&nbsp;po\u010dinjenu gre\u0161ki prilikom izno\u0161enja podataka.<\/p>\n\n\n\n<p>Zamolio je medije i javnost da ne koriste \u201covaj doga\u0111aj u daljnjoj manipulaciji javno\u0161\u0107u i promociji necijepljenja\u201d.<\/p>\n\n\n\n<p><em>Izvor: narod.hr\/hina\/jutarnji.hr<\/em><\/p>\n","protected":false},"excerpt":{"rendered":"<p>Ravnatelj HZJZ-a Krunoslav Capak&nbsp;ispri\u010dao se u subotu navode\u0107i da je ju\u010der pogrije\u0161io pri \u010ditanju podataka novozara\u017eenih i udjela necijepljenih me\u0111u zara\u017eenima. Poru\u010dio je da demantijem \u017eeli sprije\u010diti daljnje \u0161irenje neto\u010dnih brojki i dezinformacija te manipuliranje javno\u0161\u0107u \u0161irenjem la\u017ei. \u201cNakon ju\u010dera\u0161nje novinske konferencije Sto\u017eera civilne za\u0161tite RH do ovog trenutka je cijeli niz objava na mre\u017enim [&hellip;]<\/p>\n","protected":false},"author":2,"featured_media":86039,"comment_status":"closed","ping_status":"closed","sticky":false,"template":"","format":"standard","meta":{"h5ap_radio_sources":[],"footnotes":""},"categories":[1],"tags":[],"class_list":["post-86038","post","type-post","status-publish","format-standard","has-post-thumbnail","hentry","category-bihiregija"],"yoast_head":"<!-- This site is optimized with the Yoast SEO plugin v27.5 - https:\/\/yoast.com\/product\/yoast-seo-wordpress\/ -->\n<title>Capak demantirao brojke koje je ju\u010der iznio: \u017delim sprije\u010diti promoviranje necijepljenja - RADIO LJUBU\u0160KI<\/title>\n<meta name=\"robots\" content=\"index, follow, max-snippet:-1, max-image-preview:large, max-video-preview:-1\" \/>\n<link rel=\"canonical\" href=\"https:\/\/radioljubuski.ba\/index.php\/2021\/11\/07\/capak-demantirao-brojke-koje-je-jucer-iznio-zelim-sprijeciti-promoviranje-necijepljenja\/\" \/>\n<meta property=\"og:locale\" content=\"hr_HR\" \/>\n<meta property=\"og:type\" content=\"article\" \/>\n<meta property=\"og:title\" content=\"Capak demantirao brojke koje je ju\u010der iznio: \u017delim sprije\u010diti promoviranje necijepljenja - RADIO LJUBU\u0160KI\" \/>\n<meta property=\"og:description\" content=\"Ravnatelj HZJZ-a Krunoslav Capak&nbsp;ispri\u010dao se u subotu navode\u0107i da je ju\u010der pogrije\u0161io pri \u010ditanju podataka novozara\u017eenih i udjela necijepljenih me\u0111u zara\u017eenima. Poru\u010dio je da demantijem \u017eeli sprije\u010diti daljnje \u0161irenje neto\u010dnih brojki i dezinformacija te manipuliranje javno\u0161\u0107u \u0161irenjem la\u017ei. \u201cNakon ju\u010dera\u0161nje novinske konferencije Sto\u017eera civilne za\u0161tite RH do ovog trenutka je cijeli niz objava na mre\u017enim [&hellip;]\" \/>\n<meta property=\"og:url\" content=\"https:\/\/radioljubuski.ba\/index.php\/2021\/11\/07\/capak-demantirao-brojke-koje-je-jucer-iznio-zelim-sprijeciti-promoviranje-necijepljenja\/\" \/>\n<meta property=\"og:site_name\" content=\"RADIO LJUBU\u0160KI\" \/>\n<meta property=\"article:publisher\" content=\"https:\/\/www.facebook.com\/Radiio-Ljubuski-1490835324566332\" \/>\n<meta property=\"article:published_time\" content=\"2021-11-07T01:00:46+00:00\" \/>\n<meta property=\"article:modified_time\" content=\"2021-11-07T01:00:47+00:00\" \/>\n<meta property=\"og:image\" content=\"https:\/\/radioljubuski.ba\/wp-content\/uploads\/2021\/11\/HN20210924205315-696x462-1.jpg\" \/>\n\t<meta property=\"og:image:width\" content=\"696\" \/>\n\t<meta property=\"og:image:height\" content=\"462\" \/>\n\t<meta property=\"og:image:type\" content=\"image\/jpeg\" \/>\n<meta name=\"author\" content=\"Radio Ljubu\u0161ki\" \/>\n<meta name=\"twitter:card\" content=\"summary_large_image\" \/>\n<meta name=\"twitter:creator\" content=\"@radioljubuski\" \/>\n<meta name=\"twitter:site\" content=\"@radioljubuski\" \/>\n<meta name=\"twitter:label1\" content=\"Napisao\/la\" \/>\n\t<meta name=\"twitter:data1\" content=\"Radio Ljubu\u0161ki\" \/>\n\t<meta name=\"twitter:label2\" content=\"Procijenjeno vrijeme \u010ditanja\" \/>\n\t<meta name=\"twitter:data2\" content=\"3 minute\" \/>\n<script type=\"application\/ld+json\" class=\"yoast-schema-graph\">{\"@context\":\"https:\\\/\\\/schema.org\",\"@graph\":[{\"@type\":\"Article\",\"@id\":\"https:\\\/\\\/radioljubuski.ba\\\/index.php\\\/2021\\\/11\\\/07\\\/capak-demantirao-brojke-koje-je-jucer-iznio-zelim-sprijeciti-promoviranje-necijepljenja\\\/#article\",\"isPartOf\":{\"@id\":\"https:\\\/\\\/radioljubuski.ba\\\/index.php\\\/2021\\\/11\\\/07\\\/capak-demantirao-brojke-koje-je-jucer-iznio-zelim-sprijeciti-promoviranje-necijepljenja\\\/\"},\"author\":{\"name\":\"Radio Ljubu\u0161ki\",\"@id\":\"https:\\\/\\\/radioljubuski.ba\\\/#\\\/schema\\\/person\\\/19fc700381a780f69665d7956c469e3b\"},\"headline\":\"Capak demantirao brojke koje je ju\u010der iznio: \u017delim sprije\u010diti promoviranje necijepljenja\",\"datePublished\":\"2021-11-07T01:00:46+00:00\",\"dateModified\":\"2021-11-07T01:00:47+00:00\",\"mainEntityOfPage\":{\"@id\":\"https:\\\/\\\/radioljubuski.ba\\\/index.php\\\/2021\\\/11\\\/07\\\/capak-demantirao-brojke-koje-je-jucer-iznio-zelim-sprijeciti-promoviranje-necijepljenja\\\/\"},\"wordCount\":614,\"publisher\":{\"@id\":\"https:\\\/\\\/radioljubuski.ba\\\/#organization\"},\"image\":{\"@id\":\"https:\\\/\\\/radioljubuski.ba\\\/index.php\\\/2021\\\/11\\\/07\\\/capak-demantirao-brojke-koje-je-jucer-iznio-zelim-sprijeciti-promoviranje-necijepljenja\\\/#primaryimage\"},\"thumbnailUrl\":\"https:\\\/\\\/radioljubuski.ba\\\/wp-content\\\/uploads\\\/2021\\\/11\\\/HN20210924205315-696x462-1.jpg\",\"articleSection\":[\"BIH i regija\"],\"inLanguage\":\"hr\"},{\"@type\":\"WebPage\",\"@id\":\"https:\\\/\\\/radioljubuski.ba\\\/index.php\\\/2021\\\/11\\\/07\\\/capak-demantirao-brojke-koje-je-jucer-iznio-zelim-sprijeciti-promoviranje-necijepljenja\\\/\",\"url\":\"https:\\\/\\\/radioljubuski.ba\\\/index.php\\\/2021\\\/11\\\/07\\\/capak-demantirao-brojke-koje-je-jucer-iznio-zelim-sprijeciti-promoviranje-necijepljenja\\\/\",\"name\":\"Capak demantirao brojke koje je ju\u010der iznio: \u017delim sprije\u010diti promoviranje necijepljenja - RADIO LJUBU\u0160KI\",\"isPartOf\":{\"@id\":\"https:\\\/\\\/radioljubuski.ba\\\/#website\"},\"primaryImageOfPage\":{\"@id\":\"https:\\\/\\\/radioljubuski.ba\\\/index.php\\\/2021\\\/11\\\/07\\\/capak-demantirao-brojke-koje-je-jucer-iznio-zelim-sprijeciti-promoviranje-necijepljenja\\\/#primaryimage\"},\"image\":{\"@id\":\"https:\\\/\\\/radioljubuski.ba\\\/index.php\\\/2021\\\/11\\\/07\\\/capak-demantirao-brojke-koje-je-jucer-iznio-zelim-sprijeciti-promoviranje-necijepljenja\\\/#primaryimage\"},\"thumbnailUrl\":\"https:\\\/\\\/radioljubuski.ba\\\/wp-content\\\/uploads\\\/2021\\\/11\\\/HN20210924205315-696x462-1.jpg\",\"datePublished\":\"2021-11-07T01:00:46+00:00\",\"dateModified\":\"2021-11-07T01:00:47+00:00\",\"breadcrumb\":{\"@id\":\"https:\\\/\\\/radioljubuski.ba\\\/index.php\\\/2021\\\/11\\\/07\\\/capak-demantirao-brojke-koje-je-jucer-iznio-zelim-sprijeciti-promoviranje-necijepljenja\\\/#breadcrumb\"},\"inLanguage\":\"hr\",\"potentialAction\":[{\"@type\":\"ReadAction\",\"target\":[\"https:\\\/\\\/radioljubuski.ba\\\/index.php\\\/2021\\\/11\\\/07\\\/capak-demantirao-brojke-koje-je-jucer-iznio-zelim-sprijeciti-promoviranje-necijepljenja\\\/\"]}]},{\"@type\":\"ImageObject\",\"inLanguage\":\"hr\",\"@id\":\"https:\\\/\\\/radioljubuski.ba\\\/index.php\\\/2021\\\/11\\\/07\\\/capak-demantirao-brojke-koje-je-jucer-iznio-zelim-sprijeciti-promoviranje-necijepljenja\\\/#primaryimage\",\"url\":\"https:\\\/\\\/radioljubuski.ba\\\/wp-content\\\/uploads\\\/2021\\\/11\\\/HN20210924205315-696x462-1.jpg\",\"contentUrl\":\"https:\\\/\\\/radioljubuski.ba\\\/wp-content\\\/uploads\\\/2021\\\/11\\\/HN20210924205315-696x462-1.jpg\",\"width\":696,\"height\":462},{\"@type\":\"BreadcrumbList\",\"@id\":\"https:\\\/\\\/radioljubuski.ba\\\/index.php\\\/2021\\\/11\\\/07\\\/capak-demantirao-brojke-koje-je-jucer-iznio-zelim-sprijeciti-promoviranje-necijepljenja\\\/#breadcrumb\",\"itemListElement\":[{\"@type\":\"ListItem\",\"position\":1,\"name\":\"Po\u010detna stranica\",\"item\":\"https:\\\/\\\/radioljubuski.ba\\\/\"},{\"@type\":\"ListItem\",\"position\":2,\"name\":\"Capak demantirao brojke koje je ju\u010der iznio: \u017delim sprije\u010diti promoviranje necijepljenja\"}]},{\"@type\":\"WebSite\",\"@id\":\"https:\\\/\\\/radioljubuski.ba\\\/#website\",\"url\":\"https:\\\/\\\/radioljubuski.ba\\\/\",\"name\":\"Radio Ljubu\u0161ki\",\"description\":\"Sun\u010dana frekvencija Hercegovine\",\"publisher\":{\"@id\":\"https:\\\/\\\/radioljubuski.ba\\\/#organization\"},\"potentialAction\":[{\"@type\":\"SearchAction\",\"target\":{\"@type\":\"EntryPoint\",\"urlTemplate\":\"https:\\\/\\\/radioljubuski.ba\\\/?s={search_term_string}\"},\"query-input\":{\"@type\":\"PropertyValueSpecification\",\"valueRequired\":true,\"valueName\":\"search_term_string\"}}],\"inLanguage\":\"hr\"},{\"@type\":\"Organization\",\"@id\":\"https:\\\/\\\/radioljubuski.ba\\\/#organization\",\"name\":\"Radio Ljubu\u0161ki\",\"url\":\"https:\\\/\\\/radioljubuski.ba\\\/\",\"logo\":{\"@type\":\"ImageObject\",\"inLanguage\":\"hr\",\"@id\":\"https:\\\/\\\/radioljubuski.ba\\\/#\\\/schema\\\/logo\\\/image\\\/\",\"url\":\"https:\\\/\\\/radioljubuski.ba\\\/wp-content\\\/uploads\\\/2021\\\/02\\\/cropped-Radio_Ljubuski_logo1.jpg\",\"contentUrl\":\"https:\\\/\\\/radioljubuski.ba\\\/wp-content\\\/uploads\\\/2021\\\/02\\\/cropped-Radio_Ljubuski_logo1.jpg\",\"width\":512,\"height\":512,\"caption\":\"Radio Ljubu\u0161ki\"},\"image\":{\"@id\":\"https:\\\/\\\/radioljubuski.ba\\\/#\\\/schema\\\/logo\\\/image\\\/\"},\"sameAs\":[\"https:\\\/\\\/www.facebook.com\\\/Radiio-Ljubuski-1490835324566332\",\"https:\\\/\\\/x.com\\\/radioljubuski\",\"https:\\\/\\\/hr.linkedin.com\\\/company\\\/radio-ljubuski\",\"https:\\\/\\\/www.youtube.com\\\/channel\\\/UCHYaeO_n0Db3tjNGudGpXyw\"]},{\"@type\":\"Person\",\"@id\":\"https:\\\/\\\/radioljubuski.ba\\\/#\\\/schema\\\/person\\\/19fc700381a780f69665d7956c469e3b\",\"name\":\"Radio Ljubu\u0161ki\"}]}<\/script>\n<!-- \/ Yoast SEO plugin. -->","yoast_head_json":{"title":"Capak demantirao brojke koje je ju\u010der iznio: \u017delim sprije\u010diti promoviranje necijepljenja - RADIO LJUBU\u0160KI","robots":{"index":"index","follow":"follow","max-snippet":"max-snippet:-1","max-image-preview":"max-image-preview:large","max-video-preview":"max-video-preview:-1"},"canonical":"https:\/\/radioljubuski.ba\/index.php\/2021\/11\/07\/capak-demantirao-brojke-koje-je-jucer-iznio-zelim-sprijeciti-promoviranje-necijepljenja\/","og_locale":"hr_HR","og_type":"article","og_title":"Capak demantirao brojke koje je ju\u010der iznio: \u017delim sprije\u010diti promoviranje necijepljenja - RADIO LJUBU\u0160KI","og_description":"Ravnatelj HZJZ-a Krunoslav Capak&nbsp;ispri\u010dao se u subotu navode\u0107i da je ju\u010der pogrije\u0161io pri \u010ditanju podataka novozara\u017eenih i udjela necijepljenih me\u0111u zara\u017eenima. Poru\u010dio je da demantijem \u017eeli sprije\u010diti daljnje \u0161irenje neto\u010dnih brojki i dezinformacija te manipuliranje javno\u0161\u0107u \u0161irenjem la\u017ei. \u201cNakon ju\u010dera\u0161nje novinske konferencije Sto\u017eera civilne za\u0161tite RH do ovog trenutka je cijeli niz objava na mre\u017enim [&hellip;]","og_url":"https:\/\/radioljubuski.ba\/index.php\/2021\/11\/07\/capak-demantirao-brojke-koje-je-jucer-iznio-zelim-sprijeciti-promoviranje-necijepljenja\/","og_site_name":"RADIO LJUBU\u0160KI","article_publisher":"https:\/\/www.facebook.com\/Radiio-Ljubuski-1490835324566332","article_published_time":"2021-11-07T01:00:46+00:00","article_modified_time":"2021-11-07T01:00:47+00:00","og_image":[{"width":696,"height":462,"url":"https:\/\/radioljubuski.ba\/wp-content\/uploads\/2021\/11\/HN20210924205315-696x462-1.jpg","type":"image\/jpeg"}],"author":"Radio Ljubu\u0161ki","twitter_card":"summary_large_image","twitter_creator":"@radioljubuski","twitter_site":"@radioljubuski","twitter_misc":{"Napisao\/la":"Radio Ljubu\u0161ki","Procijenjeno vrijeme \u010ditanja":"3 minute"},"schema":{"@context":"https:\/\/schema.org","@graph":[{"@type":"Article","@id":"https:\/\/radioljubuski.ba\/index.php\/2021\/11\/07\/capak-demantirao-brojke-koje-je-jucer-iznio-zelim-sprijeciti-promoviranje-necijepljenja\/#article","isPartOf":{"@id":"https:\/\/radioljubuski.ba\/index.php\/2021\/11\/07\/capak-demantirao-brojke-koje-je-jucer-iznio-zelim-sprijeciti-promoviranje-necijepljenja\/"},"author":{"name":"Radio Ljubu\u0161ki","@id":"https:\/\/radioljubuski.ba\/#\/schema\/person\/19fc700381a780f69665d7956c469e3b"},"headline":"Capak demantirao brojke koje je ju\u010der iznio: \u017delim sprije\u010diti promoviranje necijepljenja","datePublished":"2021-11-07T01:00:46+00:00","dateModified":"2021-11-07T01:00:47+00:00","mainEntityOfPage":{"@id":"https:\/\/radioljubuski.ba\/index.php\/2021\/11\/07\/capak-demantirao-brojke-koje-je-jucer-iznio-zelim-sprijeciti-promoviranje-necijepljenja\/"},"wordCount":614,"publisher":{"@id":"https:\/\/radioljubuski.ba\/#organization"},"image":{"@id":"https:\/\/radioljubuski.ba\/index.php\/2021\/11\/07\/capak-demantirao-brojke-koje-je-jucer-iznio-zelim-sprijeciti-promoviranje-necijepljenja\/#primaryimage"},"thumbnailUrl":"https:\/\/radioljubuski.ba\/wp-content\/uploads\/2021\/11\/HN20210924205315-696x462-1.jpg","articleSection":["BIH i regija"],"inLanguage":"hr"},{"@type":"WebPage","@id":"https:\/\/radioljubuski.ba\/index.php\/2021\/11\/07\/capak-demantirao-brojke-koje-je-jucer-iznio-zelim-sprijeciti-promoviranje-necijepljenja\/","url":"https:\/\/radioljubuski.ba\/index.php\/2021\/11\/07\/capak-demantirao-brojke-koje-je-jucer-iznio-zelim-sprijeciti-promoviranje-necijepljenja\/","name":"Capak demantirao brojke koje je ju\u010der iznio: \u017delim sprije\u010diti promoviranje necijepljenja - RADIO LJUBU\u0160KI","isPartOf":{"@id":"https:\/\/radioljubuski.ba\/#website"},"primaryImageOfPage":{"@id":"https:\/\/radioljubuski.ba\/index.php\/2021\/11\/07\/capak-demantirao-brojke-koje-je-jucer-iznio-zelim-sprijeciti-promoviranje-necijepljenja\/#primaryimage"},"image":{"@id":"https:\/\/radioljubuski.ba\/index.php\/2021\/11\/07\/capak-demantirao-brojke-koje-je-jucer-iznio-zelim-sprijeciti-promoviranje-necijepljenja\/#primaryimage"},"thumbnailUrl":"https:\/\/radioljubuski.ba\/wp-content\/uploads\/2021\/11\/HN20210924205315-696x462-1.jpg","datePublished":"2021-11-07T01:00:46+00:00","dateModified":"2021-11-07T01:00:47+00:00","breadcrumb":{"@id":"https:\/\/radioljubuski.ba\/index.php\/2021\/11\/07\/capak-demantirao-brojke-koje-je-jucer-iznio-zelim-sprijeciti-promoviranje-necijepljenja\/#breadcrumb"},"inLanguage":"hr","potentialAction":[{"@type":"ReadAction","target":["https:\/\/radioljubuski.ba\/index.php\/2021\/11\/07\/capak-demantirao-brojke-koje-je-jucer-iznio-zelim-sprijeciti-promoviranje-necijepljenja\/"]}]},{"@type":"ImageObject","inLanguage":"hr","@id":"https:\/\/radioljubuski.ba\/index.php\/2021\/11\/07\/capak-demantirao-brojke-koje-je-jucer-iznio-zelim-sprijeciti-promoviranje-necijepljenja\/#primaryimage","url":"https:\/\/radioljubuski.ba\/wp-content\/uploads\/2021\/11\/HN20210924205315-696x462-1.jpg","contentUrl":"https:\/\/radioljubuski.ba\/wp-content\/uploads\/2021\/11\/HN20210924205315-696x462-1.jpg","width":696,"height":462},{"@type":"BreadcrumbList","@id":"https:\/\/radioljubuski.ba\/index.php\/2021\/11\/07\/capak-demantirao-brojke-koje-je-jucer-iznio-zelim-sprijeciti-promoviranje-necijepljenja\/#breadcrumb","itemListElement":[{"@type":"ListItem","position":1,"name":"Po\u010detna stranica","item":"https:\/\/radioljubuski.ba\/"},{"@type":"ListItem","position":2,"name":"Capak demantirao brojke koje je ju\u010der iznio: \u017delim sprije\u010diti promoviranje necijepljenja"}]},{"@type":"WebSite","@id":"https:\/\/radioljubuski.ba\/#website","url":"https:\/\/radioljubuski.ba\/","name":"Radio Ljubu\u0161ki","description":"Sun\u010dana frekvencija Hercegovine","publisher":{"@id":"https:\/\/radioljubuski.ba\/#organization"},"potentialAction":[{"@type":"SearchAction","target":{"@type":"EntryPoint","urlTemplate":"https:\/\/radioljubuski.ba\/?s={search_term_string}"},"query-input":{"@type":"PropertyValueSpecification","valueRequired":true,"valueName":"search_term_string"}}],"inLanguage":"hr"},{"@type":"Organization","@id":"https:\/\/radioljubuski.ba\/#organization","name":"Radio Ljubu\u0161ki","url":"https:\/\/radioljubuski.ba\/","logo":{"@type":"ImageObject","inLanguage":"hr","@id":"https:\/\/radioljubuski.ba\/#\/schema\/logo\/image\/","url":"https:\/\/radioljubuski.ba\/wp-content\/uploads\/2021\/02\/cropped-Radio_Ljubuski_logo1.jpg","contentUrl":"https:\/\/radioljubuski.ba\/wp-content\/uploads\/2021\/02\/cropped-Radio_Ljubuski_logo1.jpg","width":512,"height":512,"caption":"Radio Ljubu\u0161ki"},"image":{"@id":"https:\/\/radioljubuski.ba\/#\/schema\/logo\/image\/"},"sameAs":["https:\/\/www.facebook.com\/Radiio-Ljubuski-1490835324566332","https:\/\/x.com\/radioljubuski","https:\/\/hr.linkedin.com\/company\/radio-ljubuski","https:\/\/www.youtube.com\/channel\/UCHYaeO_n0Db3tjNGudGpXyw"]},{"@type":"Person","@id":"https:\/\/radioljubuski.ba\/#\/schema\/person\/19fc700381a780f69665d7956c469e3b","name":"Radio Ljubu\u0161ki"}]}},"_links":{"self":[{"href":"https:\/\/radioljubuski.ba\/index.php\/wp-json\/wp\/v2\/posts\/86038","targetHints":{"allow":["GET"]}}],"collection":[{"href":"https:\/\/radioljubuski.ba\/index.php\/wp-json\/wp\/v2\/posts"}],"about":[{"href":"https:\/\/radioljubuski.ba\/index.php\/wp-json\/wp\/v2\/types\/post"}],"author":[{"embeddable":true,"href":"https:\/\/radioljubuski.ba\/index.php\/wp-json\/wp\/v2\/users\/2"}],"replies":[{"embeddable":true,"href":"https:\/\/radioljubuski.ba\/index.php\/wp-json\/wp\/v2\/comments?post=86038"}],"version-history":[{"count":1,"href":"https:\/\/radioljubuski.ba\/index.php\/wp-json\/wp\/v2\/posts\/86038\/revisions"}],"predecessor-version":[{"id":86040,"href":"https:\/\/radioljubuski.ba\/index.php\/wp-json\/wp\/v2\/posts\/86038\/revisions\/86040"}],"wp:featuredmedia":[{"embeddable":true,"href":"https:\/\/radioljubuski.ba\/index.php\/wp-json\/wp\/v2\/media\/86039"}],"wp:attachment":[{"href":"https:\/\/radioljubuski.ba\/index.php\/wp-json\/wp\/v2\/media?parent=86038"}],"wp:term":[{"taxonomy":"category","embeddable":true,"href":"https:\/\/radioljubuski.ba\/index.php\/wp-json\/wp\/v2\/categories?post=86038"},{"taxonomy":"post_tag","embeddable":true,"href":"https:\/\/radioljubuski.ba\/index.php\/wp-json\/wp\/v2\/tags?post=86038"}],"curies":[{"name":"wp","href":"https:\/\/api.w.org\/{rel}","templated":true}]}}