{"id":86041,"date":"2021-11-07T02:04:54","date_gmt":"2021-11-07T01:04:54","guid":{"rendered":"https:\/\/radioljubuski.ba\/?p=86041"},"modified":"2021-11-07T02:04:56","modified_gmt":"2021-11-07T01:04:56","slug":"indexov-babic-izvrijedao-roditelje-odgojitelje-i-njihovu-djecu-dobio-odlican-odgovor","status":"publish","type":"post","link":"https:\/\/radioljubuski.ba\/index.php\/2021\/11\/07\/indexov-babic-izvrijedao-roditelje-odgojitelje-i-njihovu-djecu-dobio-odlican-odgovor\/","title":{"rendered":"Indexov Babi\u0107 izvrije\u0111ao roditelje-odgojitelje i njihovu djecu: Dobio odli\u010dan odgovor"},"content":{"rendered":"\n<p>Gradona\u010delnik Toma\u0161evi\u0107 u petak je objavio kako ukida mjeru roditelj odgojitelj tvrde\u0107i da je ova odli\u010dna demografska mjera bila samo veliki financijski tro\u0161ak.<\/p>\n\n\n\n<p>Rije\u010d je o mjeri kojom je Grad Zagreb&nbsp;<strong>nudio naknadu nezaposlenim roditeljima troje ili vi\u0161e djece<\/strong>&nbsp;od kojih najmla\u0111e jo\u0161 nije krenulo u \u0161kolu. Oni koji su odlu\u010dili koristiti mjeru imali su pravo na&nbsp;<strong>mjese\u010dnu nov\u010danu pomo\u0107 u iznosu od 65 posto prosje\u010dne bruto pla\u0107e u Zagrebu za prvih osam mjeseci prethodne godine.<\/strong>&nbsp;Rije\u010d je o mjeri kojoj je cilj bio&nbsp;<strong>pove\u0107ati trend broja tre\u0107ero\u0111ene djece<\/strong>, a o cijeloj odluci mo\u017eete pro\u010ditati&nbsp;<a href=\"https:\/\/narod.hr\/hrvatska\/tomasevic-ukinuo-uspjesnu-mjeru-roditelj-odgojitelj-evo-sto-je-ona-omogucila-obiteljima\">OVDJE<\/a>.<\/p>\n\n\n\n<h3 class=\"wp-block-heading\"><strong>Babi\u0107 uvredama na roditelje-odgojitelje i njihovu djecu<\/strong><\/h3>\n\n\n\n<p>Na ovu temu oglasio se Matija Babi\u0107, hrvatski novinar i poduzetnik, najpoznatiji po tome \u0161to je glavni urednik portala Index.hr. U svojoj facebook-objavi uvredljivim rije\u010dnikom obru\u0161io se na roditelje-odgojitelje i njihovu djecu, \u017eele\u0107i pohvaliti postupak gradona\u010delnika Toma\u0161evi\u0107a.<\/p>\n\n\n\n<p>Babi\u0107ev tekst prenosimo u cijelosti:<\/p>\n\n\n\n<p>Pozdravljam ukidanje mjere \u201croditelj odmoritelj\u201d, poznate i pod okrutnim nazivom okotarina (poznate jer sam je smislio i popularizirao \u00af\\_(\u30c4)_\/\u00af) , a koja je ljudima u zamjenu za glasove Milanu Bandi\u0107u slala poruku da se mogu razmno\u017eavati umjesto da rade, i to upravo onima koji bi najmanje trebali imati djecu. Rich people get richer, poor people get children. Svaki potez koji demotivira lijene da do novca poku\u0161aju do\u0107i imanjem djece umjesto radom dobar je potez. Socijali treba pomagati, apsolutno. Onima koji su dole moramo na razne na\u010dine uporno poku\u0161avati pomo\u0107i da stana na noge. Ali postoje manje glupi i ru\u017eni na\u010dini od poticanja maternica javnim novcem u slu\u017ebi, sre\u0107om pokojnog, Milana Bandi\u0107a.<\/p>\n\n\n\n<iframe loading=\"lazy\" src=\"https:\/\/www.facebook.com\/plugins\/post.php?href=https%3A%2F%2Fwww.facebook.com%2Fmatijababich%2Fposts%2F10159570885558088&#038;show_text=true&#038;width=500\" width=\"500\" height=\"370\" style=\"border:none;overflow:hidden\" scrolling=\"no\" frameborder=\"0\" allowfullscreen=\"true\" allow=\"autoplay; clipboard-write; encrypted-media; picture-in-picture; web-share\"><\/iframe>\n\n\n\n<h3 class=\"wp-block-heading\"><strong>Sladoljev: \u201cGlasa\u010di Mo\u017eemo divit \u0107e se duhovitosti Babi\u0107a\u201d<\/strong><\/h3>\n\n\n\n<p>Babi\u0107u je replicirao na svojoj Facebook stranici Marko Sladoljev, zastupnik Mosta u Zagreba\u010dkoj skup\u0161tini.<\/p>\n\n\n\n<p>\u201cMatija Babi\u0107 veliki fan Tomislava Toma\u0161evi\u0107a pozdravlja odluku o ukidanju mjere roditelj odgojitelj. On ju zove okotarina jer smatra da su da su ta djeca okot! Sad \u0107e faktograf pohvaliti takva izri\u010daj, a glasa\u010di Mo\u017eemo diviti se duhovitosti Matije! Babe \u0107e \u0161utjeti jer mame odgojiteljice nisu u njihovom fokusu! Jelena Velja\u010da \u0107e napisati novo kolumnu o mu\u0161karcima na poziciji mo\u0107i koji vrije\u0111aju \u017eene, ali Matija ne\u0107e bit taj. On pripada njihovom krugu u kojem se smije vrije\u0111ati. Matiji Babi\u0107u \u017eelim da ga nitko ne nazove okotom jer me moja mama tako nau\u010dila!\u201d, kazao je Sladoljev.<\/p>\n\n\n\n<iframe loading=\"lazy\" src=\"https:\/\/www.facebook.com\/plugins\/post.php?href=https%3A%2F%2Fwww.facebook.com%2Fmarko.sladoljev.most%2Fposts%2F422747576076892&#038;show_text=true&#038;width=500\" width=\"500\" height=\"320\" style=\"border:none;overflow:hidden\" scrolling=\"no\" frameborder=\"0\" allowfullscreen=\"true\" allow=\"autoplay; clipboard-write; encrypted-media; picture-in-picture; web-share\"><\/iframe>\n\n\n\n<p><em>Izvor: narod.hr<\/em><em><\/em><\/p>\n","protected":false},"excerpt":{"rendered":"<p>Gradona\u010delnik Toma\u0161evi\u0107 u petak je objavio kako ukida mjeru roditelj odgojitelj tvrde\u0107i da je ova odli\u010dna demografska mjera bila samo veliki financijski tro\u0161ak. Rije\u010d je o mjeri kojom je Grad Zagreb&nbsp;nudio naknadu nezaposlenim roditeljima troje ili vi\u0161e djece&nbsp;od kojih najmla\u0111e jo\u0161 nije krenulo u \u0161kolu. Oni koji su odlu\u010dili koristiti mjeru imali su pravo na&nbsp;mjese\u010dnu [&hellip;]<\/p>\n","protected":false},"author":2,"featured_media":86042,"comment_status":"closed","ping_status":"closed","sticky":false,"template":"","format":"standard","meta":{"h5ap_radio_sources":[],"footnotes":""},"categories":[1],"tags":[],"class_list":["post-86041","post","type-post","status-publish","format-standard","has-post-thumbnail","hentry","category-bihiregija"],"yoast_head":"<!-- This site is optimized with the Yoast SEO plugin v27.5 - https:\/\/yoast.com\/product\/yoast-seo-wordpress\/ -->\n<title>Indexov Babi\u0107 izvrije\u0111ao roditelje-odgojitelje i njihovu djecu: Dobio odli\u010dan odgovor - RADIO LJUBU\u0160KI<\/title>\n<meta name=\"robots\" content=\"index, follow, max-snippet:-1, max-image-preview:large, max-video-preview:-1\" \/>\n<link rel=\"canonical\" href=\"https:\/\/radioljubuski.ba\/index.php\/2021\/11\/07\/indexov-babic-izvrijedao-roditelje-odgojitelje-i-njihovu-djecu-dobio-odlican-odgovor\/\" \/>\n<meta property=\"og:locale\" content=\"hr_HR\" \/>\n<meta property=\"og:type\" content=\"article\" \/>\n<meta property=\"og:title\" content=\"Indexov Babi\u0107 izvrije\u0111ao roditelje-odgojitelje i njihovu djecu: Dobio odli\u010dan odgovor - RADIO LJUBU\u0160KI\" \/>\n<meta property=\"og:description\" content=\"Gradona\u010delnik Toma\u0161evi\u0107 u petak je objavio kako ukida mjeru roditelj odgojitelj tvrde\u0107i da je ova odli\u010dna demografska mjera bila samo veliki financijski tro\u0161ak. Rije\u010d je o mjeri kojom je Grad Zagreb&nbsp;nudio naknadu nezaposlenim roditeljima troje ili vi\u0161e djece&nbsp;od kojih najmla\u0111e jo\u0161 nije krenulo u \u0161kolu. Oni koji su odlu\u010dili koristiti mjeru imali su pravo na&nbsp;mjese\u010dnu [&hellip;]\" \/>\n<meta property=\"og:url\" content=\"https:\/\/radioljubuski.ba\/index.php\/2021\/11\/07\/indexov-babic-izvrijedao-roditelje-odgojitelje-i-njihovu-djecu-dobio-odlican-odgovor\/\" \/>\n<meta property=\"og:site_name\" content=\"RADIO LJUBU\u0160KI\" \/>\n<meta property=\"article:publisher\" content=\"https:\/\/www.facebook.com\/Radiio-Ljubuski-1490835324566332\" \/>\n<meta property=\"article:published_time\" content=\"2021-11-07T01:04:54+00:00\" \/>\n<meta property=\"article:modified_time\" content=\"2021-11-07T01:04:56+00:00\" \/>\n<meta property=\"og:image\" content=\"https:\/\/radioljubuski.ba\/wp-content\/uploads\/2021\/11\/babic-sladoljev-696x464-1.jpg\" \/>\n\t<meta property=\"og:image:width\" content=\"696\" \/>\n\t<meta property=\"og:image:height\" content=\"464\" \/>\n\t<meta property=\"og:image:type\" content=\"image\/jpeg\" \/>\n<meta name=\"author\" content=\"Radio Ljubu\u0161ki\" \/>\n<meta name=\"twitter:card\" content=\"summary_large_image\" \/>\n<meta name=\"twitter:creator\" content=\"@radioljubuski\" \/>\n<meta name=\"twitter:site\" content=\"@radioljubuski\" \/>\n<meta name=\"twitter:label1\" content=\"Napisao\/la\" \/>\n\t<meta name=\"twitter:data1\" content=\"Radio Ljubu\u0161ki\" \/>\n\t<meta name=\"twitter:label2\" content=\"Procijenjeno vrijeme \u010ditanja\" \/>\n\t<meta name=\"twitter:data2\" content=\"2 minute\" \/>\n<script type=\"application\/ld+json\" class=\"yoast-schema-graph\">{\"@context\":\"https:\\\/\\\/schema.org\",\"@graph\":[{\"@type\":\"Article\",\"@id\":\"https:\\\/\\\/radioljubuski.ba\\\/index.php\\\/2021\\\/11\\\/07\\\/indexov-babic-izvrijedao-roditelje-odgojitelje-i-njihovu-djecu-dobio-odlican-odgovor\\\/#article\",\"isPartOf\":{\"@id\":\"https:\\\/\\\/radioljubuski.ba\\\/index.php\\\/2021\\\/11\\\/07\\\/indexov-babic-izvrijedao-roditelje-odgojitelje-i-njihovu-djecu-dobio-odlican-odgovor\\\/\"},\"author\":{\"name\":\"Radio Ljubu\u0161ki\",\"@id\":\"https:\\\/\\\/radioljubuski.ba\\\/#\\\/schema\\\/person\\\/19fc700381a780f69665d7956c469e3b\"},\"headline\":\"Indexov Babi\u0107 izvrije\u0111ao roditelje-odgojitelje i njihovu djecu: Dobio odli\u010dan odgovor\",\"datePublished\":\"2021-11-07T01:04:54+00:00\",\"dateModified\":\"2021-11-07T01:04:56+00:00\",\"mainEntityOfPage\":{\"@id\":\"https:\\\/\\\/radioljubuski.ba\\\/index.php\\\/2021\\\/11\\\/07\\\/indexov-babic-izvrijedao-roditelje-odgojitelje-i-njihovu-djecu-dobio-odlican-odgovor\\\/\"},\"wordCount\":447,\"publisher\":{\"@id\":\"https:\\\/\\\/radioljubuski.ba\\\/#organization\"},\"image\":{\"@id\":\"https:\\\/\\\/radioljubuski.ba\\\/index.php\\\/2021\\\/11\\\/07\\\/indexov-babic-izvrijedao-roditelje-odgojitelje-i-njihovu-djecu-dobio-odlican-odgovor\\\/#primaryimage\"},\"thumbnailUrl\":\"https:\\\/\\\/radioljubuski.ba\\\/wp-content\\\/uploads\\\/2021\\\/11\\\/babic-sladoljev-696x464-1.jpg\",\"articleSection\":[\"BIH i regija\"],\"inLanguage\":\"hr\"},{\"@type\":\"WebPage\",\"@id\":\"https:\\\/\\\/radioljubuski.ba\\\/index.php\\\/2021\\\/11\\\/07\\\/indexov-babic-izvrijedao-roditelje-odgojitelje-i-njihovu-djecu-dobio-odlican-odgovor\\\/\",\"url\":\"https:\\\/\\\/radioljubuski.ba\\\/index.php\\\/2021\\\/11\\\/07\\\/indexov-babic-izvrijedao-roditelje-odgojitelje-i-njihovu-djecu-dobio-odlican-odgovor\\\/\",\"name\":\"Indexov Babi\u0107 izvrije\u0111ao roditelje-odgojitelje i njihovu djecu: Dobio odli\u010dan odgovor - RADIO LJUBU\u0160KI\",\"isPartOf\":{\"@id\":\"https:\\\/\\\/radioljubuski.ba\\\/#website\"},\"primaryImageOfPage\":{\"@id\":\"https:\\\/\\\/radioljubuski.ba\\\/index.php\\\/2021\\\/11\\\/07\\\/indexov-babic-izvrijedao-roditelje-odgojitelje-i-njihovu-djecu-dobio-odlican-odgovor\\\/#primaryimage\"},\"image\":{\"@id\":\"https:\\\/\\\/radioljubuski.ba\\\/index.php\\\/2021\\\/11\\\/07\\\/indexov-babic-izvrijedao-roditelje-odgojitelje-i-njihovu-djecu-dobio-odlican-odgovor\\\/#primaryimage\"},\"thumbnailUrl\":\"https:\\\/\\\/radioljubuski.ba\\\/wp-content\\\/uploads\\\/2021\\\/11\\\/babic-sladoljev-696x464-1.jpg\",\"datePublished\":\"2021-11-07T01:04:54+00:00\",\"dateModified\":\"2021-11-07T01:04:56+00:00\",\"breadcrumb\":{\"@id\":\"https:\\\/\\\/radioljubuski.ba\\\/index.php\\\/2021\\\/11\\\/07\\\/indexov-babic-izvrijedao-roditelje-odgojitelje-i-njihovu-djecu-dobio-odlican-odgovor\\\/#breadcrumb\"},\"inLanguage\":\"hr\",\"potentialAction\":[{\"@type\":\"ReadAction\",\"target\":[\"https:\\\/\\\/radioljubuski.ba\\\/index.php\\\/2021\\\/11\\\/07\\\/indexov-babic-izvrijedao-roditelje-odgojitelje-i-njihovu-djecu-dobio-odlican-odgovor\\\/\"]}]},{\"@type\":\"ImageObject\",\"inLanguage\":\"hr\",\"@id\":\"https:\\\/\\\/radioljubuski.ba\\\/index.php\\\/2021\\\/11\\\/07\\\/indexov-babic-izvrijedao-roditelje-odgojitelje-i-njihovu-djecu-dobio-odlican-odgovor\\\/#primaryimage\",\"url\":\"https:\\\/\\\/radioljubuski.ba\\\/wp-content\\\/uploads\\\/2021\\\/11\\\/babic-sladoljev-696x464-1.jpg\",\"contentUrl\":\"https:\\\/\\\/radioljubuski.ba\\\/wp-content\\\/uploads\\\/2021\\\/11\\\/babic-sladoljev-696x464-1.jpg\",\"width\":696,\"height\":464},{\"@type\":\"BreadcrumbList\",\"@id\":\"https:\\\/\\\/radioljubuski.ba\\\/index.php\\\/2021\\\/11\\\/07\\\/indexov-babic-izvrijedao-roditelje-odgojitelje-i-njihovu-djecu-dobio-odlican-odgovor\\\/#breadcrumb\",\"itemListElement\":[{\"@type\":\"ListItem\",\"position\":1,\"name\":\"Po\u010detna stranica\",\"item\":\"https:\\\/\\\/radioljubuski.ba\\\/\"},{\"@type\":\"ListItem\",\"position\":2,\"name\":\"Indexov Babi\u0107 izvrije\u0111ao roditelje-odgojitelje i njihovu djecu: Dobio odli\u010dan odgovor\"}]},{\"@type\":\"WebSite\",\"@id\":\"https:\\\/\\\/radioljubuski.ba\\\/#website\",\"url\":\"https:\\\/\\\/radioljubuski.ba\\\/\",\"name\":\"Radio Ljubu\u0161ki\",\"description\":\"Sun\u010dana frekvencija Hercegovine\",\"publisher\":{\"@id\":\"https:\\\/\\\/radioljubuski.ba\\\/#organization\"},\"potentialAction\":[{\"@type\":\"SearchAction\",\"target\":{\"@type\":\"EntryPoint\",\"urlTemplate\":\"https:\\\/\\\/radioljubuski.ba\\\/?s={search_term_string}\"},\"query-input\":{\"@type\":\"PropertyValueSpecification\",\"valueRequired\":true,\"valueName\":\"search_term_string\"}}],\"inLanguage\":\"hr\"},{\"@type\":\"Organization\",\"@id\":\"https:\\\/\\\/radioljubuski.ba\\\/#organization\",\"name\":\"Radio Ljubu\u0161ki\",\"url\":\"https:\\\/\\\/radioljubuski.ba\\\/\",\"logo\":{\"@type\":\"ImageObject\",\"inLanguage\":\"hr\",\"@id\":\"https:\\\/\\\/radioljubuski.ba\\\/#\\\/schema\\\/logo\\\/image\\\/\",\"url\":\"https:\\\/\\\/radioljubuski.ba\\\/wp-content\\\/uploads\\\/2021\\\/02\\\/cropped-Radio_Ljubuski_logo1.jpg\",\"contentUrl\":\"https:\\\/\\\/radioljubuski.ba\\\/wp-content\\\/uploads\\\/2021\\\/02\\\/cropped-Radio_Ljubuski_logo1.jpg\",\"width\":512,\"height\":512,\"caption\":\"Radio Ljubu\u0161ki\"},\"image\":{\"@id\":\"https:\\\/\\\/radioljubuski.ba\\\/#\\\/schema\\\/logo\\\/image\\\/\"},\"sameAs\":[\"https:\\\/\\\/www.facebook.com\\\/Radiio-Ljubuski-1490835324566332\",\"https:\\\/\\\/x.com\\\/radioljubuski\",\"https:\\\/\\\/hr.linkedin.com\\\/company\\\/radio-ljubuski\",\"https:\\\/\\\/www.youtube.com\\\/channel\\\/UCHYaeO_n0Db3tjNGudGpXyw\"]},{\"@type\":\"Person\",\"@id\":\"https:\\\/\\\/radioljubuski.ba\\\/#\\\/schema\\\/person\\\/19fc700381a780f69665d7956c469e3b\",\"name\":\"Radio Ljubu\u0161ki\"}]}<\/script>\n<!-- \/ Yoast SEO plugin. -->","yoast_head_json":{"title":"Indexov Babi\u0107 izvrije\u0111ao roditelje-odgojitelje i njihovu djecu: Dobio odli\u010dan odgovor - RADIO LJUBU\u0160KI","robots":{"index":"index","follow":"follow","max-snippet":"max-snippet:-1","max-image-preview":"max-image-preview:large","max-video-preview":"max-video-preview:-1"},"canonical":"https:\/\/radioljubuski.ba\/index.php\/2021\/11\/07\/indexov-babic-izvrijedao-roditelje-odgojitelje-i-njihovu-djecu-dobio-odlican-odgovor\/","og_locale":"hr_HR","og_type":"article","og_title":"Indexov Babi\u0107 izvrije\u0111ao roditelje-odgojitelje i njihovu djecu: Dobio odli\u010dan odgovor - RADIO LJUBU\u0160KI","og_description":"Gradona\u010delnik Toma\u0161evi\u0107 u petak je objavio kako ukida mjeru roditelj odgojitelj tvrde\u0107i da je ova odli\u010dna demografska mjera bila samo veliki financijski tro\u0161ak. Rije\u010d je o mjeri kojom je Grad Zagreb&nbsp;nudio naknadu nezaposlenim roditeljima troje ili vi\u0161e djece&nbsp;od kojih najmla\u0111e jo\u0161 nije krenulo u \u0161kolu. Oni koji su odlu\u010dili koristiti mjeru imali su pravo na&nbsp;mjese\u010dnu [&hellip;]","og_url":"https:\/\/radioljubuski.ba\/index.php\/2021\/11\/07\/indexov-babic-izvrijedao-roditelje-odgojitelje-i-njihovu-djecu-dobio-odlican-odgovor\/","og_site_name":"RADIO LJUBU\u0160KI","article_publisher":"https:\/\/www.facebook.com\/Radiio-Ljubuski-1490835324566332","article_published_time":"2021-11-07T01:04:54+00:00","article_modified_time":"2021-11-07T01:04:56+00:00","og_image":[{"width":696,"height":464,"url":"https:\/\/radioljubuski.ba\/wp-content\/uploads\/2021\/11\/babic-sladoljev-696x464-1.jpg","type":"image\/jpeg"}],"author":"Radio Ljubu\u0161ki","twitter_card":"summary_large_image","twitter_creator":"@radioljubuski","twitter_site":"@radioljubuski","twitter_misc":{"Napisao\/la":"Radio Ljubu\u0161ki","Procijenjeno vrijeme \u010ditanja":"2 minute"},"schema":{"@context":"https:\/\/schema.org","@graph":[{"@type":"Article","@id":"https:\/\/radioljubuski.ba\/index.php\/2021\/11\/07\/indexov-babic-izvrijedao-roditelje-odgojitelje-i-njihovu-djecu-dobio-odlican-odgovor\/#article","isPartOf":{"@id":"https:\/\/radioljubuski.ba\/index.php\/2021\/11\/07\/indexov-babic-izvrijedao-roditelje-odgojitelje-i-njihovu-djecu-dobio-odlican-odgovor\/"},"author":{"name":"Radio Ljubu\u0161ki","@id":"https:\/\/radioljubuski.ba\/#\/schema\/person\/19fc700381a780f69665d7956c469e3b"},"headline":"Indexov Babi\u0107 izvrije\u0111ao roditelje-odgojitelje i njihovu djecu: Dobio odli\u010dan odgovor","datePublished":"2021-11-07T01:04:54+00:00","dateModified":"2021-11-07T01:04:56+00:00","mainEntityOfPage":{"@id":"https:\/\/radioljubuski.ba\/index.php\/2021\/11\/07\/indexov-babic-izvrijedao-roditelje-odgojitelje-i-njihovu-djecu-dobio-odlican-odgovor\/"},"wordCount":447,"publisher":{"@id":"https:\/\/radioljubuski.ba\/#organization"},"image":{"@id":"https:\/\/radioljubuski.ba\/index.php\/2021\/11\/07\/indexov-babic-izvrijedao-roditelje-odgojitelje-i-njihovu-djecu-dobio-odlican-odgovor\/#primaryimage"},"thumbnailUrl":"https:\/\/radioljubuski.ba\/wp-content\/uploads\/2021\/11\/babic-sladoljev-696x464-1.jpg","articleSection":["BIH i regija"],"inLanguage":"hr"},{"@type":"WebPage","@id":"https:\/\/radioljubuski.ba\/index.php\/2021\/11\/07\/indexov-babic-izvrijedao-roditelje-odgojitelje-i-njihovu-djecu-dobio-odlican-odgovor\/","url":"https:\/\/radioljubuski.ba\/index.php\/2021\/11\/07\/indexov-babic-izvrijedao-roditelje-odgojitelje-i-njihovu-djecu-dobio-odlican-odgovor\/","name":"Indexov Babi\u0107 izvrije\u0111ao roditelje-odgojitelje i njihovu djecu: Dobio odli\u010dan odgovor - RADIO LJUBU\u0160KI","isPartOf":{"@id":"https:\/\/radioljubuski.ba\/#website"},"primaryImageOfPage":{"@id":"https:\/\/radioljubuski.ba\/index.php\/2021\/11\/07\/indexov-babic-izvrijedao-roditelje-odgojitelje-i-njihovu-djecu-dobio-odlican-odgovor\/#primaryimage"},"image":{"@id":"https:\/\/radioljubuski.ba\/index.php\/2021\/11\/07\/indexov-babic-izvrijedao-roditelje-odgojitelje-i-njihovu-djecu-dobio-odlican-odgovor\/#primaryimage"},"thumbnailUrl":"https:\/\/radioljubuski.ba\/wp-content\/uploads\/2021\/11\/babic-sladoljev-696x464-1.jpg","datePublished":"2021-11-07T01:04:54+00:00","dateModified":"2021-11-07T01:04:56+00:00","breadcrumb":{"@id":"https:\/\/radioljubuski.ba\/index.php\/2021\/11\/07\/indexov-babic-izvrijedao-roditelje-odgojitelje-i-njihovu-djecu-dobio-odlican-odgovor\/#breadcrumb"},"inLanguage":"hr","potentialAction":[{"@type":"ReadAction","target":["https:\/\/radioljubuski.ba\/index.php\/2021\/11\/07\/indexov-babic-izvrijedao-roditelje-odgojitelje-i-njihovu-djecu-dobio-odlican-odgovor\/"]}]},{"@type":"ImageObject","inLanguage":"hr","@id":"https:\/\/radioljubuski.ba\/index.php\/2021\/11\/07\/indexov-babic-izvrijedao-roditelje-odgojitelje-i-njihovu-djecu-dobio-odlican-odgovor\/#primaryimage","url":"https:\/\/radioljubuski.ba\/wp-content\/uploads\/2021\/11\/babic-sladoljev-696x464-1.jpg","contentUrl":"https:\/\/radioljubuski.ba\/wp-content\/uploads\/2021\/11\/babic-sladoljev-696x464-1.jpg","width":696,"height":464},{"@type":"BreadcrumbList","@id":"https:\/\/radioljubuski.ba\/index.php\/2021\/11\/07\/indexov-babic-izvrijedao-roditelje-odgojitelje-i-njihovu-djecu-dobio-odlican-odgovor\/#breadcrumb","itemListElement":[{"@type":"ListItem","position":1,"name":"Po\u010detna stranica","item":"https:\/\/radioljubuski.ba\/"},{"@type":"ListItem","position":2,"name":"Indexov Babi\u0107 izvrije\u0111ao roditelje-odgojitelje i njihovu djecu: Dobio odli\u010dan odgovor"}]},{"@type":"WebSite","@id":"https:\/\/radioljubuski.ba\/#website","url":"https:\/\/radioljubuski.ba\/","name":"Radio Ljubu\u0161ki","description":"Sun\u010dana frekvencija Hercegovine","publisher":{"@id":"https:\/\/radioljubuski.ba\/#organization"},"potentialAction":[{"@type":"SearchAction","target":{"@type":"EntryPoint","urlTemplate":"https:\/\/radioljubuski.ba\/?s={search_term_string}"},"query-input":{"@type":"PropertyValueSpecification","valueRequired":true,"valueName":"search_term_string"}}],"inLanguage":"hr"},{"@type":"Organization","@id":"https:\/\/radioljubuski.ba\/#organization","name":"Radio Ljubu\u0161ki","url":"https:\/\/radioljubuski.ba\/","logo":{"@type":"ImageObject","inLanguage":"hr","@id":"https:\/\/radioljubuski.ba\/#\/schema\/logo\/image\/","url":"https:\/\/radioljubuski.ba\/wp-content\/uploads\/2021\/02\/cropped-Radio_Ljubuski_logo1.jpg","contentUrl":"https:\/\/radioljubuski.ba\/wp-content\/uploads\/2021\/02\/cropped-Radio_Ljubuski_logo1.jpg","width":512,"height":512,"caption":"Radio Ljubu\u0161ki"},"image":{"@id":"https:\/\/radioljubuski.ba\/#\/schema\/logo\/image\/"},"sameAs":["https:\/\/www.facebook.com\/Radiio-Ljubuski-1490835324566332","https:\/\/x.com\/radioljubuski","https:\/\/hr.linkedin.com\/company\/radio-ljubuski","https:\/\/www.youtube.com\/channel\/UCHYaeO_n0Db3tjNGudGpXyw"]},{"@type":"Person","@id":"https:\/\/radioljubuski.ba\/#\/schema\/person\/19fc700381a780f69665d7956c469e3b","name":"Radio Ljubu\u0161ki"}]}},"_links":{"self":[{"href":"https:\/\/radioljubuski.ba\/index.php\/wp-json\/wp\/v2\/posts\/86041","targetHints":{"allow":["GET"]}}],"collection":[{"href":"https:\/\/radioljubuski.ba\/index.php\/wp-json\/wp\/v2\/posts"}],"about":[{"href":"https:\/\/radioljubuski.ba\/index.php\/wp-json\/wp\/v2\/types\/post"}],"author":[{"embeddable":true,"href":"https:\/\/radioljubuski.ba\/index.php\/wp-json\/wp\/v2\/users\/2"}],"replies":[{"embeddable":true,"href":"https:\/\/radioljubuski.ba\/index.php\/wp-json\/wp\/v2\/comments?post=86041"}],"version-history":[{"count":1,"href":"https:\/\/radioljubuski.ba\/index.php\/wp-json\/wp\/v2\/posts\/86041\/revisions"}],"predecessor-version":[{"id":86043,"href":"https:\/\/radioljubuski.ba\/index.php\/wp-json\/wp\/v2\/posts\/86041\/revisions\/86043"}],"wp:featuredmedia":[{"embeddable":true,"href":"https:\/\/radioljubuski.ba\/index.php\/wp-json\/wp\/v2\/media\/86042"}],"wp:attachment":[{"href":"https:\/\/radioljubuski.ba\/index.php\/wp-json\/wp\/v2\/media?parent=86041"}],"wp:term":[{"taxonomy":"category","embeddable":true,"href":"https:\/\/radioljubuski.ba\/index.php\/wp-json\/wp\/v2\/categories?post=86041"},{"taxonomy":"post_tag","embeddable":true,"href":"https:\/\/radioljubuski.ba\/index.php\/wp-json\/wp\/v2\/tags?post=86041"}],"curies":[{"name":"wp","href":"https:\/\/api.w.org\/{rel}","templated":true}]}}