{"id":86049,"date":"2021-11-07T02:08:27","date_gmt":"2021-11-07T01:08:27","guid":{"rendered":"https:\/\/radioljubuski.ba\/?p=86049"},"modified":"2021-11-07T02:08:28","modified_gmt":"2021-11-07T01:08:28","slug":"braca-i-sestre-u-istoj-sobi-koje-su-prednosti-zajednickog-prostora","status":"publish","type":"post","link":"https:\/\/radioljubuski.ba\/index.php\/2021\/11\/07\/braca-i-sestre-u-istoj-sobi-koje-su-prednosti-zajednickog-prostora\/","title":{"rendered":"Bra\u0107a i sestre u istoj sobi: koje su prednosti zajedni\u010dkog prostora?"},"content":{"rendered":"\n<p>Bra\u0107a i sestre u istoj sobi \u010desto ne zna\u010di gu\u017evu. Dijeljenje dje\u010dje sobe nerijetko ima puno prednosti. \u010cesto odrasli automatski pretpostavljaju da svako dijete \u017eeli svoju sobu. Skloni su osje\u0107ati se lo\u0161e kad to ne mogu omogu\u0107iti svojoj djeci jo\u0161 dok su bebe.<\/p>\n\n\n\n<h3 class=\"wp-block-heading\"><strong>Djeca do \u0161kolske dobi obi\u010dno ne vole spavati sama u sobi<\/strong><\/h3>\n\n\n\n<p>No, iskustvo pokazuje da s odvojenim sobama za djecu ne treba \u017euriti. \u010cak i ako si to mo\u017eete priu\u0161titi. Djeca do \u0161kolske dobi, a mnoga i du\u017ee zapravo ne vole spavati sama u prostoriji niti op\u0107enito bolje napreduju ako prete\u017eito borave sami. Zajedni\u010dki prostor zna\u010di i dijeljenje igra\u010daka, u\u010denje kompromisa i razvijanje komunikacijskih vje\u0161tina \u0161to je svakako dobro za djecu, pi\u0161e&nbsp;<a href=\"https:\/\/frendica.online\/2021\/08\/23\/do-koje-dobi-mogu-braca-i-sestre-biti-u-istoj-djecjoj-sobi\/\">Frendica.online<\/a>.<\/p>\n\n\n\n<h3 class=\"wp-block-heading\"><strong>Bra\u0107a i sestre \u2013 kutak za sebe<\/strong><\/h3>\n\n\n\n<p>Ono \u0161to djeca od druge, tre\u0107e godine na dalje svakako trebaju jest svoj kutak, odnosno mjesto na kojem se povremeno mogu na kratko osamiti. To mo\u017ee biti njihov krevet ili izdvojen prostor za igru, a vi\u0161e od broja kvadrata va\u017eno je da i odrasli i bra\u0107a i sestre po\u0161tuju taj prostor.<\/p>\n\n\n\n<h3 class=\"wp-block-heading\"><strong>Po\u0161tivanje osobnih granica u obitelji<\/strong><\/h3>\n\n\n\n<p>Nitko u ku\u0107i ne mo\u017ee slu\u0161ati glazbu tako glasno da ometa sve druge, koristiti previ\u0161e parfema ili pozivati goste kad god po\u017eeli. Sve obitelji imaju svoja pravila pona\u0161anja. Neke ih pi\u0161u na plo\u010di, a u nekima se podrazumijevaju bez puno rasprave. \u010cim se djeca nau\u010de samostalno presvla\u010diti va\u017eno je poticati ih da po\u0161tuju obiteljska pravila o prostoru u kojem mo\u017eemo biti bez odje\u0107e. Neke obitelji odredit \u0107e pravilo da se svi \u010dlanovi obitelji presvla\u010de samo u kupaonici ili iza paravana za presvla\u010denje koji se, na primjer, mo\u017ee staviti u kut sobe. Va\u017eno je polako i strpljivo u\u010diti djecu ku\u0107nim pravilima kako bi do predpubertetske dobi ta pravila bila usvojena. Po\u0161tovanje osobnih granica preduvjet je za dijeljenje sobe s bra\u0107om odnosno sekama.<\/p>\n\n\n\n<h3 class=\"wp-block-heading\"><strong>Starija bra\u0107a u jednoj sobi<\/strong><\/h3>\n\n\n\n<p>U pubertetu djeca polako tra\u017ee sve vi\u0161e samostalnosti. Ako im ne mo\u017eete omogu\u0107iti vlastitu prostoriju u stanu svakako je po\u017eeljno pru\u017eiti im malo vi\u0161e privatnosti unutar iste sobe. Postoje brojna tehni\u010dka rje\u0161enja kojima mo\u017eemo ograditi dio prostora. Osim polica, paravana, zastora i panel zavjesa danas postoje i pregrade sa zvu\u010dnom izolacijom. A prostor u sobi mo\u017ee biti odijeljen i razli\u010ditim razinama povi\u0161enih kreveta.<\/p>\n\n\n\n<p>Ako se radi o djeci koja nisu biolo\u0161ki bra\u0107a i sestre, a dio su iste obitelji va\u017eno je obratiti pa\u017enju na bliskost i povezanost koja nastaje u ranom djetinjstvu. Ako su djeca pridru\u017eena obitelji nakon \u0161to su ve\u0107 formiranih navika i osobnosti po\u017eeljno je odvojiti djecu prema spolu u odvojene sobe i po\u0161tovati njihovu privatnost.<\/p>\n\n\n\n<p>Da zajedni\u010dka soba mo\u017ee zna\u010diti i puno zabave dokazuju brojne obitelji. Usprkos ve\u0107em broju kvadrata najvi\u0161e borave u zajedni\u010dkom dnevnom boravku i kuhinji. A od spava\u0107ih soba koriste samo sobu za roditelje i mo\u017eda jednu dje\u010dju sobu. Dok druge prostorije pretvaraju u radnu sobu, igraonicu, teretanu ili sobu za goste.<\/p>\n\n\n\n<p><em>Izvor: narod.hr\/frendica.online<\/em><\/p>\n","protected":false},"excerpt":{"rendered":"<p>Bra\u0107a i sestre u istoj sobi \u010desto ne zna\u010di gu\u017evu. Dijeljenje dje\u010dje sobe nerijetko ima puno prednosti. \u010cesto odrasli automatski pretpostavljaju da svako dijete \u017eeli svoju sobu. Skloni su osje\u0107ati se lo\u0161e kad to ne mogu omogu\u0107iti svojoj djeci jo\u0161 dok su bebe. Djeca do \u0161kolske dobi obi\u010dno ne vole spavati sama u sobi No, [&hellip;]<\/p>\n","protected":false},"author":2,"featured_media":86050,"comment_status":"closed","ping_status":"closed","sticky":false,"template":"","format":"standard","meta":{"h5ap_radio_sources":[],"footnotes":""},"categories":[1],"tags":[],"class_list":["post-86049","post","type-post","status-publish","format-standard","has-post-thumbnail","hentry","category-bihiregija"],"yoast_head":"<!-- This site is optimized with the Yoast SEO plugin v27.5 - https:\/\/yoast.com\/product\/yoast-seo-wordpress\/ -->\n<title>Bra\u0107a i sestre u istoj sobi: koje su prednosti zajedni\u010dkog prostora? - RADIO LJUBU\u0160KI<\/title>\n<meta name=\"robots\" content=\"index, follow, max-snippet:-1, max-image-preview:large, max-video-preview:-1\" \/>\n<link rel=\"canonical\" href=\"https:\/\/radioljubuski.ba\/index.php\/2021\/11\/07\/braca-i-sestre-u-istoj-sobi-koje-su-prednosti-zajednickog-prostora\/\" \/>\n<meta property=\"og:locale\" content=\"hr_HR\" \/>\n<meta property=\"og:type\" content=\"article\" \/>\n<meta property=\"og:title\" content=\"Bra\u0107a i sestre u istoj sobi: koje su prednosti zajedni\u010dkog prostora? - RADIO LJUBU\u0160KI\" \/>\n<meta property=\"og:description\" content=\"Bra\u0107a i sestre u istoj sobi \u010desto ne zna\u010di gu\u017evu. Dijeljenje dje\u010dje sobe nerijetko ima puno prednosti. \u010cesto odrasli automatski pretpostavljaju da svako dijete \u017eeli svoju sobu. Skloni su osje\u0107ati se lo\u0161e kad to ne mogu omogu\u0107iti svojoj djeci jo\u0161 dok su bebe. Djeca do \u0161kolske dobi obi\u010dno ne vole spavati sama u sobi No, [&hellip;]\" \/>\n<meta property=\"og:url\" content=\"https:\/\/radioljubuski.ba\/index.php\/2021\/11\/07\/braca-i-sestre-u-istoj-sobi-koje-su-prednosti-zajednickog-prostora\/\" \/>\n<meta property=\"og:site_name\" content=\"RADIO LJUBU\u0160KI\" \/>\n<meta property=\"article:publisher\" content=\"https:\/\/www.facebook.com\/Radiio-Ljubuski-1490835324566332\" \/>\n<meta property=\"article:published_time\" content=\"2021-11-07T01:08:27+00:00\" \/>\n<meta property=\"article:modified_time\" content=\"2021-11-07T01:08:28+00:00\" \/>\n<meta property=\"og:image\" content=\"https:\/\/radioljubuski.ba\/wp-content\/uploads\/2021\/11\/Depositphotos_134906878_s-2019-696x465-1.jpg\" \/>\n\t<meta property=\"og:image:width\" content=\"696\" \/>\n\t<meta property=\"og:image:height\" content=\"465\" \/>\n\t<meta property=\"og:image:type\" content=\"image\/jpeg\" \/>\n<meta name=\"author\" content=\"Radio Ljubu\u0161ki\" \/>\n<meta name=\"twitter:card\" content=\"summary_large_image\" \/>\n<meta name=\"twitter:creator\" content=\"@radioljubuski\" \/>\n<meta name=\"twitter:site\" content=\"@radioljubuski\" \/>\n<meta name=\"twitter:label1\" content=\"Napisao\/la\" \/>\n\t<meta name=\"twitter:data1\" content=\"Radio Ljubu\u0161ki\" \/>\n\t<meta name=\"twitter:label2\" content=\"Procijenjeno vrijeme \u010ditanja\" \/>\n\t<meta name=\"twitter:data2\" content=\"3 minute\" \/>\n<script type=\"application\/ld+json\" class=\"yoast-schema-graph\">{\"@context\":\"https:\\\/\\\/schema.org\",\"@graph\":[{\"@type\":\"Article\",\"@id\":\"https:\\\/\\\/radioljubuski.ba\\\/index.php\\\/2021\\\/11\\\/07\\\/braca-i-sestre-u-istoj-sobi-koje-su-prednosti-zajednickog-prostora\\\/#article\",\"isPartOf\":{\"@id\":\"https:\\\/\\\/radioljubuski.ba\\\/index.php\\\/2021\\\/11\\\/07\\\/braca-i-sestre-u-istoj-sobi-koje-su-prednosti-zajednickog-prostora\\\/\"},\"author\":{\"name\":\"Radio Ljubu\u0161ki\",\"@id\":\"https:\\\/\\\/radioljubuski.ba\\\/#\\\/schema\\\/person\\\/19fc700381a780f69665d7956c469e3b\"},\"headline\":\"Bra\u0107a i sestre u istoj sobi: koje su prednosti zajedni\u010dkog prostora?\",\"datePublished\":\"2021-11-07T01:08:27+00:00\",\"dateModified\":\"2021-11-07T01:08:28+00:00\",\"mainEntityOfPage\":{\"@id\":\"https:\\\/\\\/radioljubuski.ba\\\/index.php\\\/2021\\\/11\\\/07\\\/braca-i-sestre-u-istoj-sobi-koje-su-prednosti-zajednickog-prostora\\\/\"},\"wordCount\":572,\"publisher\":{\"@id\":\"https:\\\/\\\/radioljubuski.ba\\\/#organization\"},\"image\":{\"@id\":\"https:\\\/\\\/radioljubuski.ba\\\/index.php\\\/2021\\\/11\\\/07\\\/braca-i-sestre-u-istoj-sobi-koje-su-prednosti-zajednickog-prostora\\\/#primaryimage\"},\"thumbnailUrl\":\"https:\\\/\\\/radioljubuski.ba\\\/wp-content\\\/uploads\\\/2021\\\/11\\\/Depositphotos_134906878_s-2019-696x465-1.jpg\",\"articleSection\":[\"BIH i regija\"],\"inLanguage\":\"hr\"},{\"@type\":\"WebPage\",\"@id\":\"https:\\\/\\\/radioljubuski.ba\\\/index.php\\\/2021\\\/11\\\/07\\\/braca-i-sestre-u-istoj-sobi-koje-su-prednosti-zajednickog-prostora\\\/\",\"url\":\"https:\\\/\\\/radioljubuski.ba\\\/index.php\\\/2021\\\/11\\\/07\\\/braca-i-sestre-u-istoj-sobi-koje-su-prednosti-zajednickog-prostora\\\/\",\"name\":\"Bra\u0107a i sestre u istoj sobi: koje su prednosti zajedni\u010dkog prostora? - RADIO LJUBU\u0160KI\",\"isPartOf\":{\"@id\":\"https:\\\/\\\/radioljubuski.ba\\\/#website\"},\"primaryImageOfPage\":{\"@id\":\"https:\\\/\\\/radioljubuski.ba\\\/index.php\\\/2021\\\/11\\\/07\\\/braca-i-sestre-u-istoj-sobi-koje-su-prednosti-zajednickog-prostora\\\/#primaryimage\"},\"image\":{\"@id\":\"https:\\\/\\\/radioljubuski.ba\\\/index.php\\\/2021\\\/11\\\/07\\\/braca-i-sestre-u-istoj-sobi-koje-su-prednosti-zajednickog-prostora\\\/#primaryimage\"},\"thumbnailUrl\":\"https:\\\/\\\/radioljubuski.ba\\\/wp-content\\\/uploads\\\/2021\\\/11\\\/Depositphotos_134906878_s-2019-696x465-1.jpg\",\"datePublished\":\"2021-11-07T01:08:27+00:00\",\"dateModified\":\"2021-11-07T01:08:28+00:00\",\"breadcrumb\":{\"@id\":\"https:\\\/\\\/radioljubuski.ba\\\/index.php\\\/2021\\\/11\\\/07\\\/braca-i-sestre-u-istoj-sobi-koje-su-prednosti-zajednickog-prostora\\\/#breadcrumb\"},\"inLanguage\":\"hr\",\"potentialAction\":[{\"@type\":\"ReadAction\",\"target\":[\"https:\\\/\\\/radioljubuski.ba\\\/index.php\\\/2021\\\/11\\\/07\\\/braca-i-sestre-u-istoj-sobi-koje-su-prednosti-zajednickog-prostora\\\/\"]}]},{\"@type\":\"ImageObject\",\"inLanguage\":\"hr\",\"@id\":\"https:\\\/\\\/radioljubuski.ba\\\/index.php\\\/2021\\\/11\\\/07\\\/braca-i-sestre-u-istoj-sobi-koje-su-prednosti-zajednickog-prostora\\\/#primaryimage\",\"url\":\"https:\\\/\\\/radioljubuski.ba\\\/wp-content\\\/uploads\\\/2021\\\/11\\\/Depositphotos_134906878_s-2019-696x465-1.jpg\",\"contentUrl\":\"https:\\\/\\\/radioljubuski.ba\\\/wp-content\\\/uploads\\\/2021\\\/11\\\/Depositphotos_134906878_s-2019-696x465-1.jpg\",\"width\":696,\"height\":465},{\"@type\":\"BreadcrumbList\",\"@id\":\"https:\\\/\\\/radioljubuski.ba\\\/index.php\\\/2021\\\/11\\\/07\\\/braca-i-sestre-u-istoj-sobi-koje-su-prednosti-zajednickog-prostora\\\/#breadcrumb\",\"itemListElement\":[{\"@type\":\"ListItem\",\"position\":1,\"name\":\"Po\u010detna stranica\",\"item\":\"https:\\\/\\\/radioljubuski.ba\\\/\"},{\"@type\":\"ListItem\",\"position\":2,\"name\":\"Bra\u0107a i sestre u istoj sobi: koje su prednosti zajedni\u010dkog prostora?\"}]},{\"@type\":\"WebSite\",\"@id\":\"https:\\\/\\\/radioljubuski.ba\\\/#website\",\"url\":\"https:\\\/\\\/radioljubuski.ba\\\/\",\"name\":\"Radio Ljubu\u0161ki\",\"description\":\"Sun\u010dana frekvencija Hercegovine\",\"publisher\":{\"@id\":\"https:\\\/\\\/radioljubuski.ba\\\/#organization\"},\"potentialAction\":[{\"@type\":\"SearchAction\",\"target\":{\"@type\":\"EntryPoint\",\"urlTemplate\":\"https:\\\/\\\/radioljubuski.ba\\\/?s={search_term_string}\"},\"query-input\":{\"@type\":\"PropertyValueSpecification\",\"valueRequired\":true,\"valueName\":\"search_term_string\"}}],\"inLanguage\":\"hr\"},{\"@type\":\"Organization\",\"@id\":\"https:\\\/\\\/radioljubuski.ba\\\/#organization\",\"name\":\"Radio Ljubu\u0161ki\",\"url\":\"https:\\\/\\\/radioljubuski.ba\\\/\",\"logo\":{\"@type\":\"ImageObject\",\"inLanguage\":\"hr\",\"@id\":\"https:\\\/\\\/radioljubuski.ba\\\/#\\\/schema\\\/logo\\\/image\\\/\",\"url\":\"https:\\\/\\\/radioljubuski.ba\\\/wp-content\\\/uploads\\\/2021\\\/02\\\/cropped-Radio_Ljubuski_logo1.jpg\",\"contentUrl\":\"https:\\\/\\\/radioljubuski.ba\\\/wp-content\\\/uploads\\\/2021\\\/02\\\/cropped-Radio_Ljubuski_logo1.jpg\",\"width\":512,\"height\":512,\"caption\":\"Radio Ljubu\u0161ki\"},\"image\":{\"@id\":\"https:\\\/\\\/radioljubuski.ba\\\/#\\\/schema\\\/logo\\\/image\\\/\"},\"sameAs\":[\"https:\\\/\\\/www.facebook.com\\\/Radiio-Ljubuski-1490835324566332\",\"https:\\\/\\\/x.com\\\/radioljubuski\",\"https:\\\/\\\/hr.linkedin.com\\\/company\\\/radio-ljubuski\",\"https:\\\/\\\/www.youtube.com\\\/channel\\\/UCHYaeO_n0Db3tjNGudGpXyw\"]},{\"@type\":\"Person\",\"@id\":\"https:\\\/\\\/radioljubuski.ba\\\/#\\\/schema\\\/person\\\/19fc700381a780f69665d7956c469e3b\",\"name\":\"Radio Ljubu\u0161ki\"}]}<\/script>\n<!-- \/ Yoast SEO plugin. -->","yoast_head_json":{"title":"Bra\u0107a i sestre u istoj sobi: koje su prednosti zajedni\u010dkog prostora? - RADIO LJUBU\u0160KI","robots":{"index":"index","follow":"follow","max-snippet":"max-snippet:-1","max-image-preview":"max-image-preview:large","max-video-preview":"max-video-preview:-1"},"canonical":"https:\/\/radioljubuski.ba\/index.php\/2021\/11\/07\/braca-i-sestre-u-istoj-sobi-koje-su-prednosti-zajednickog-prostora\/","og_locale":"hr_HR","og_type":"article","og_title":"Bra\u0107a i sestre u istoj sobi: koje su prednosti zajedni\u010dkog prostora? - RADIO LJUBU\u0160KI","og_description":"Bra\u0107a i sestre u istoj sobi \u010desto ne zna\u010di gu\u017evu. Dijeljenje dje\u010dje sobe nerijetko ima puno prednosti. \u010cesto odrasli automatski pretpostavljaju da svako dijete \u017eeli svoju sobu. Skloni su osje\u0107ati se lo\u0161e kad to ne mogu omogu\u0107iti svojoj djeci jo\u0161 dok su bebe. Djeca do \u0161kolske dobi obi\u010dno ne vole spavati sama u sobi No, [&hellip;]","og_url":"https:\/\/radioljubuski.ba\/index.php\/2021\/11\/07\/braca-i-sestre-u-istoj-sobi-koje-su-prednosti-zajednickog-prostora\/","og_site_name":"RADIO LJUBU\u0160KI","article_publisher":"https:\/\/www.facebook.com\/Radiio-Ljubuski-1490835324566332","article_published_time":"2021-11-07T01:08:27+00:00","article_modified_time":"2021-11-07T01:08:28+00:00","og_image":[{"width":696,"height":465,"url":"https:\/\/radioljubuski.ba\/wp-content\/uploads\/2021\/11\/Depositphotos_134906878_s-2019-696x465-1.jpg","type":"image\/jpeg"}],"author":"Radio Ljubu\u0161ki","twitter_card":"summary_large_image","twitter_creator":"@radioljubuski","twitter_site":"@radioljubuski","twitter_misc":{"Napisao\/la":"Radio Ljubu\u0161ki","Procijenjeno vrijeme \u010ditanja":"3 minute"},"schema":{"@context":"https:\/\/schema.org","@graph":[{"@type":"Article","@id":"https:\/\/radioljubuski.ba\/index.php\/2021\/11\/07\/braca-i-sestre-u-istoj-sobi-koje-su-prednosti-zajednickog-prostora\/#article","isPartOf":{"@id":"https:\/\/radioljubuski.ba\/index.php\/2021\/11\/07\/braca-i-sestre-u-istoj-sobi-koje-su-prednosti-zajednickog-prostora\/"},"author":{"name":"Radio Ljubu\u0161ki","@id":"https:\/\/radioljubuski.ba\/#\/schema\/person\/19fc700381a780f69665d7956c469e3b"},"headline":"Bra\u0107a i sestre u istoj sobi: koje su prednosti zajedni\u010dkog prostora?","datePublished":"2021-11-07T01:08:27+00:00","dateModified":"2021-11-07T01:08:28+00:00","mainEntityOfPage":{"@id":"https:\/\/radioljubuski.ba\/index.php\/2021\/11\/07\/braca-i-sestre-u-istoj-sobi-koje-su-prednosti-zajednickog-prostora\/"},"wordCount":572,"publisher":{"@id":"https:\/\/radioljubuski.ba\/#organization"},"image":{"@id":"https:\/\/radioljubuski.ba\/index.php\/2021\/11\/07\/braca-i-sestre-u-istoj-sobi-koje-su-prednosti-zajednickog-prostora\/#primaryimage"},"thumbnailUrl":"https:\/\/radioljubuski.ba\/wp-content\/uploads\/2021\/11\/Depositphotos_134906878_s-2019-696x465-1.jpg","articleSection":["BIH i regija"],"inLanguage":"hr"},{"@type":"WebPage","@id":"https:\/\/radioljubuski.ba\/index.php\/2021\/11\/07\/braca-i-sestre-u-istoj-sobi-koje-su-prednosti-zajednickog-prostora\/","url":"https:\/\/radioljubuski.ba\/index.php\/2021\/11\/07\/braca-i-sestre-u-istoj-sobi-koje-su-prednosti-zajednickog-prostora\/","name":"Bra\u0107a i sestre u istoj sobi: koje su prednosti zajedni\u010dkog prostora? - RADIO LJUBU\u0160KI","isPartOf":{"@id":"https:\/\/radioljubuski.ba\/#website"},"primaryImageOfPage":{"@id":"https:\/\/radioljubuski.ba\/index.php\/2021\/11\/07\/braca-i-sestre-u-istoj-sobi-koje-su-prednosti-zajednickog-prostora\/#primaryimage"},"image":{"@id":"https:\/\/radioljubuski.ba\/index.php\/2021\/11\/07\/braca-i-sestre-u-istoj-sobi-koje-su-prednosti-zajednickog-prostora\/#primaryimage"},"thumbnailUrl":"https:\/\/radioljubuski.ba\/wp-content\/uploads\/2021\/11\/Depositphotos_134906878_s-2019-696x465-1.jpg","datePublished":"2021-11-07T01:08:27+00:00","dateModified":"2021-11-07T01:08:28+00:00","breadcrumb":{"@id":"https:\/\/radioljubuski.ba\/index.php\/2021\/11\/07\/braca-i-sestre-u-istoj-sobi-koje-su-prednosti-zajednickog-prostora\/#breadcrumb"},"inLanguage":"hr","potentialAction":[{"@type":"ReadAction","target":["https:\/\/radioljubuski.ba\/index.php\/2021\/11\/07\/braca-i-sestre-u-istoj-sobi-koje-su-prednosti-zajednickog-prostora\/"]}]},{"@type":"ImageObject","inLanguage":"hr","@id":"https:\/\/radioljubuski.ba\/index.php\/2021\/11\/07\/braca-i-sestre-u-istoj-sobi-koje-su-prednosti-zajednickog-prostora\/#primaryimage","url":"https:\/\/radioljubuski.ba\/wp-content\/uploads\/2021\/11\/Depositphotos_134906878_s-2019-696x465-1.jpg","contentUrl":"https:\/\/radioljubuski.ba\/wp-content\/uploads\/2021\/11\/Depositphotos_134906878_s-2019-696x465-1.jpg","width":696,"height":465},{"@type":"BreadcrumbList","@id":"https:\/\/radioljubuski.ba\/index.php\/2021\/11\/07\/braca-i-sestre-u-istoj-sobi-koje-su-prednosti-zajednickog-prostora\/#breadcrumb","itemListElement":[{"@type":"ListItem","position":1,"name":"Po\u010detna stranica","item":"https:\/\/radioljubuski.ba\/"},{"@type":"ListItem","position":2,"name":"Bra\u0107a i sestre u istoj sobi: koje su prednosti zajedni\u010dkog prostora?"}]},{"@type":"WebSite","@id":"https:\/\/radioljubuski.ba\/#website","url":"https:\/\/radioljubuski.ba\/","name":"Radio Ljubu\u0161ki","description":"Sun\u010dana frekvencija Hercegovine","publisher":{"@id":"https:\/\/radioljubuski.ba\/#organization"},"potentialAction":[{"@type":"SearchAction","target":{"@type":"EntryPoint","urlTemplate":"https:\/\/radioljubuski.ba\/?s={search_term_string}"},"query-input":{"@type":"PropertyValueSpecification","valueRequired":true,"valueName":"search_term_string"}}],"inLanguage":"hr"},{"@type":"Organization","@id":"https:\/\/radioljubuski.ba\/#organization","name":"Radio Ljubu\u0161ki","url":"https:\/\/radioljubuski.ba\/","logo":{"@type":"ImageObject","inLanguage":"hr","@id":"https:\/\/radioljubuski.ba\/#\/schema\/logo\/image\/","url":"https:\/\/radioljubuski.ba\/wp-content\/uploads\/2021\/02\/cropped-Radio_Ljubuski_logo1.jpg","contentUrl":"https:\/\/radioljubuski.ba\/wp-content\/uploads\/2021\/02\/cropped-Radio_Ljubuski_logo1.jpg","width":512,"height":512,"caption":"Radio Ljubu\u0161ki"},"image":{"@id":"https:\/\/radioljubuski.ba\/#\/schema\/logo\/image\/"},"sameAs":["https:\/\/www.facebook.com\/Radiio-Ljubuski-1490835324566332","https:\/\/x.com\/radioljubuski","https:\/\/hr.linkedin.com\/company\/radio-ljubuski","https:\/\/www.youtube.com\/channel\/UCHYaeO_n0Db3tjNGudGpXyw"]},{"@type":"Person","@id":"https:\/\/radioljubuski.ba\/#\/schema\/person\/19fc700381a780f69665d7956c469e3b","name":"Radio Ljubu\u0161ki"}]}},"_links":{"self":[{"href":"https:\/\/radioljubuski.ba\/index.php\/wp-json\/wp\/v2\/posts\/86049","targetHints":{"allow":["GET"]}}],"collection":[{"href":"https:\/\/radioljubuski.ba\/index.php\/wp-json\/wp\/v2\/posts"}],"about":[{"href":"https:\/\/radioljubuski.ba\/index.php\/wp-json\/wp\/v2\/types\/post"}],"author":[{"embeddable":true,"href":"https:\/\/radioljubuski.ba\/index.php\/wp-json\/wp\/v2\/users\/2"}],"replies":[{"embeddable":true,"href":"https:\/\/radioljubuski.ba\/index.php\/wp-json\/wp\/v2\/comments?post=86049"}],"version-history":[{"count":1,"href":"https:\/\/radioljubuski.ba\/index.php\/wp-json\/wp\/v2\/posts\/86049\/revisions"}],"predecessor-version":[{"id":86051,"href":"https:\/\/radioljubuski.ba\/index.php\/wp-json\/wp\/v2\/posts\/86049\/revisions\/86051"}],"wp:featuredmedia":[{"embeddable":true,"href":"https:\/\/radioljubuski.ba\/index.php\/wp-json\/wp\/v2\/media\/86050"}],"wp:attachment":[{"href":"https:\/\/radioljubuski.ba\/index.php\/wp-json\/wp\/v2\/media?parent=86049"}],"wp:term":[{"taxonomy":"category","embeddable":true,"href":"https:\/\/radioljubuski.ba\/index.php\/wp-json\/wp\/v2\/categories?post=86049"},{"taxonomy":"post_tag","embeddable":true,"href":"https:\/\/radioljubuski.ba\/index.php\/wp-json\/wp\/v2\/tags?post=86049"}],"curies":[{"name":"wp","href":"https:\/\/api.w.org\/{rel}","templated":true}]}}