{"id":86084,"date":"2021-11-07T02:31:05","date_gmt":"2021-11-07T01:31:05","guid":{"rendered":"https:\/\/radioljubuski.ba\/?p=86084"},"modified":"2021-11-07T02:31:07","modified_gmt":"2021-11-07T01:31:07","slug":"bozo-petrov-ima-koronu-progovorio-o-simptomima-i-uputio-kritiku-stozeru-treba-reci-ljudima-da-neki-nacini-prevencije-nisu-ucinkoviti","status":"publish","type":"post","link":"https:\/\/radioljubuski.ba\/index.php\/2021\/11\/07\/bozo-petrov-ima-koronu-progovorio-o-simptomima-i-uputio-kritiku-stozeru-treba-reci-ljudima-da-neki-nacini-prevencije-nisu-ucinkoviti\/","title":{"rendered":"Bo\u017eo Petrov ima koronu, progovorio o simptomima i uputio kritiku Sto\u017eeru: \u2018Treba re\u0107i ljudima da neki na\u010dini prevencije nisu u\u010dinkoviti\u2018"},"content":{"rendered":"\n<p>Predsjednik MOST-a&nbsp;<strong>Bo\u017eo Petrov<\/strong>&nbsp;zara\u017een je koronavirusom. Za&nbsp;<a href=\"https:\/\/dnevnik.hr\/vijesti\/koronavirus\/bozo-petrov-zarazen-koronavirusom---682951.html?itm_source=HomeTopRow&amp;itm_medium=Dnevnik&amp;itm_campaign=Naslovnica\" target=\"_blank\" rel=\"noreferrer noopener\"><strong>Dnevnik.hr<\/strong><\/a>&nbsp;progovorio je o dijagnozi i rekao&nbsp;da se osje\u0107a dobro.<\/p>\n\n\n\n<p>&#8220;Prije dva ili tri dana sam saznao da sam zara\u017een. Imao sam simptome, javio sam svojoj doktorici i napravio PCR test i bio sam pozitivan&#8221;, rekao je.<\/p>\n\n\n\n<p>Uputio je i kritiku&nbsp;Sto\u017eeru.<\/p>\n\n\n\n<p>&#8220;\u0160to se ti\u010de covid-potvrda i politike koju u ovom trenutku provodi Sto\u017eer&nbsp;jer, koliko mi vidimo, ne provode stru\u010dna mi\u0161ljenja, nego politiku vlade, po meni to nije nimalo dobro. Po meni vlada treba iza\u0107i i jasno re\u0107i ljudima da odre\u0111eni na\u010dini prevencije koronavirusa nisu savr\u0161eno u\u010dinkoviti, ali mogu u\u010diniti dobro i spasiti ljude od te\u0161kih posljednica. Na\u017ealost, s ovakvom politikom i lo\u0161im upravljanjem krizom stvaraju nesigurnost, bojazan i otpor kod ljudi&#8221;, rekao je.<\/p>\n\n\n\n<p><strong>PI\u0160E&nbsp;<\/strong>PSD<\/p>\n","protected":false},"excerpt":{"rendered":"<p>Predsjednik MOST-a&nbsp;Bo\u017eo Petrov&nbsp;zara\u017een je koronavirusom. Za&nbsp;Dnevnik.hr&nbsp;progovorio je o dijagnozi i rekao&nbsp;da se osje\u0107a dobro. &#8220;Prije dva ili tri dana sam saznao da sam zara\u017een. Imao sam simptome, javio sam svojoj doktorici i napravio PCR test i bio sam pozitivan&#8221;, rekao je. Uputio je i kritiku&nbsp;Sto\u017eeru. &#8220;\u0160to se ti\u010de covid-potvrda i politike koju u ovom trenutku [&hellip;]<\/p>\n","protected":false},"author":2,"featured_media":86085,"comment_status":"closed","ping_status":"closed","sticky":false,"template":"","format":"standard","meta":{"h5ap_radio_sources":[],"footnotes":""},"categories":[1],"tags":[],"class_list":["post-86084","post","type-post","status-publish","format-standard","has-post-thumbnail","hentry","category-bihiregija"],"yoast_head":"<!-- This site is optimized with the Yoast SEO plugin v27.5 - https:\/\/yoast.com\/product\/yoast-seo-wordpress\/ -->\n<title>Bo\u017eo Petrov ima koronu, progovorio o simptomima i uputio kritiku Sto\u017eeru: \u2018Treba re\u0107i ljudima da neki na\u010dini prevencije nisu u\u010dinkoviti\u2018 - RADIO LJUBU\u0160KI<\/title>\n<meta name=\"robots\" content=\"index, follow, max-snippet:-1, max-image-preview:large, max-video-preview:-1\" \/>\n<link rel=\"canonical\" href=\"https:\/\/radioljubuski.ba\/index.php\/2021\/11\/07\/bozo-petrov-ima-koronu-progovorio-o-simptomima-i-uputio-kritiku-stozeru-treba-reci-ljudima-da-neki-nacini-prevencije-nisu-ucinkoviti\/\" \/>\n<meta property=\"og:locale\" content=\"hr_HR\" \/>\n<meta property=\"og:type\" content=\"article\" \/>\n<meta property=\"og:title\" content=\"Bo\u017eo Petrov ima koronu, progovorio o simptomima i uputio kritiku Sto\u017eeru: \u2018Treba re\u0107i ljudima da neki na\u010dini prevencije nisu u\u010dinkoviti\u2018 - RADIO LJUBU\u0160KI\" \/>\n<meta property=\"og:description\" content=\"Predsjednik MOST-a&nbsp;Bo\u017eo Petrov&nbsp;zara\u017een je koronavirusom. Za&nbsp;Dnevnik.hr&nbsp;progovorio je o dijagnozi i rekao&nbsp;da se osje\u0107a dobro. &#8220;Prije dva ili tri dana sam saznao da sam zara\u017een. Imao sam simptome, javio sam svojoj doktorici i napravio PCR test i bio sam pozitivan&#8221;, rekao je. Uputio je i kritiku&nbsp;Sto\u017eeru. &#8220;\u0160to se ti\u010de covid-potvrda i politike koju u ovom trenutku [&hellip;]\" \/>\n<meta property=\"og:url\" content=\"https:\/\/radioljubuski.ba\/index.php\/2021\/11\/07\/bozo-petrov-ima-koronu-progovorio-o-simptomima-i-uputio-kritiku-stozeru-treba-reci-ljudima-da-neki-nacini-prevencije-nisu-ucinkoviti\/\" \/>\n<meta property=\"og:site_name\" content=\"RADIO LJUBU\u0160KI\" \/>\n<meta property=\"article:publisher\" content=\"https:\/\/www.facebook.com\/Radiio-Ljubuski-1490835324566332\" \/>\n<meta property=\"article:published_time\" content=\"2021-11-07T01:31:05+00:00\" \/>\n<meta property=\"article:modified_time\" content=\"2021-11-07T01:31:07+00:00\" \/>\n<meta property=\"og:image\" content=\"https:\/\/radioljubuski.ba\/wp-content\/uploads\/2021\/11\/petrov.jpg\" \/>\n\t<meta property=\"og:image:width\" content=\"1024\" \/>\n\t<meta property=\"og:image:height\" content=\"682\" \/>\n\t<meta property=\"og:image:type\" content=\"image\/jpeg\" \/>\n<meta name=\"author\" content=\"Radio Ljubu\u0161ki\" \/>\n<meta name=\"twitter:card\" content=\"summary_large_image\" \/>\n<meta name=\"twitter:creator\" content=\"@radioljubuski\" \/>\n<meta name=\"twitter:site\" content=\"@radioljubuski\" \/>\n<meta name=\"twitter:label1\" content=\"Napisao\/la\" \/>\n\t<meta name=\"twitter:data1\" content=\"Radio Ljubu\u0161ki\" \/>\n\t<meta name=\"twitter:label2\" content=\"Procijenjeno vrijeme \u010ditanja\" \/>\n\t<meta name=\"twitter:data2\" content=\"1 minuta\" \/>\n<script type=\"application\/ld+json\" class=\"yoast-schema-graph\">{\"@context\":\"https:\\\/\\\/schema.org\",\"@graph\":[{\"@type\":\"Article\",\"@id\":\"https:\\\/\\\/radioljubuski.ba\\\/index.php\\\/2021\\\/11\\\/07\\\/bozo-petrov-ima-koronu-progovorio-o-simptomima-i-uputio-kritiku-stozeru-treba-reci-ljudima-da-neki-nacini-prevencije-nisu-ucinkoviti\\\/#article\",\"isPartOf\":{\"@id\":\"https:\\\/\\\/radioljubuski.ba\\\/index.php\\\/2021\\\/11\\\/07\\\/bozo-petrov-ima-koronu-progovorio-o-simptomima-i-uputio-kritiku-stozeru-treba-reci-ljudima-da-neki-nacini-prevencije-nisu-ucinkoviti\\\/\"},\"author\":{\"name\":\"Radio Ljubu\u0161ki\",\"@id\":\"https:\\\/\\\/radioljubuski.ba\\\/#\\\/schema\\\/person\\\/19fc700381a780f69665d7956c469e3b\"},\"headline\":\"Bo\u017eo Petrov ima koronu, progovorio o simptomima i uputio kritiku Sto\u017eeru: \u2018Treba re\u0107i ljudima da neki na\u010dini prevencije nisu u\u010dinkoviti\u2018\",\"datePublished\":\"2021-11-07T01:31:05+00:00\",\"dateModified\":\"2021-11-07T01:31:07+00:00\",\"mainEntityOfPage\":{\"@id\":\"https:\\\/\\\/radioljubuski.ba\\\/index.php\\\/2021\\\/11\\\/07\\\/bozo-petrov-ima-koronu-progovorio-o-simptomima-i-uputio-kritiku-stozeru-treba-reci-ljudima-da-neki-nacini-prevencije-nisu-ucinkoviti\\\/\"},\"wordCount\":180,\"publisher\":{\"@id\":\"https:\\\/\\\/radioljubuski.ba\\\/#organization\"},\"image\":{\"@id\":\"https:\\\/\\\/radioljubuski.ba\\\/index.php\\\/2021\\\/11\\\/07\\\/bozo-petrov-ima-koronu-progovorio-o-simptomima-i-uputio-kritiku-stozeru-treba-reci-ljudima-da-neki-nacini-prevencije-nisu-ucinkoviti\\\/#primaryimage\"},\"thumbnailUrl\":\"https:\\\/\\\/radioljubuski.ba\\\/wp-content\\\/uploads\\\/2021\\\/11\\\/petrov.jpg\",\"articleSection\":[\"BIH i regija\"],\"inLanguage\":\"hr\"},{\"@type\":\"WebPage\",\"@id\":\"https:\\\/\\\/radioljubuski.ba\\\/index.php\\\/2021\\\/11\\\/07\\\/bozo-petrov-ima-koronu-progovorio-o-simptomima-i-uputio-kritiku-stozeru-treba-reci-ljudima-da-neki-nacini-prevencije-nisu-ucinkoviti\\\/\",\"url\":\"https:\\\/\\\/radioljubuski.ba\\\/index.php\\\/2021\\\/11\\\/07\\\/bozo-petrov-ima-koronu-progovorio-o-simptomima-i-uputio-kritiku-stozeru-treba-reci-ljudima-da-neki-nacini-prevencije-nisu-ucinkoviti\\\/\",\"name\":\"Bo\u017eo Petrov ima koronu, progovorio o simptomima i uputio kritiku Sto\u017eeru: \u2018Treba re\u0107i ljudima da neki na\u010dini prevencije nisu u\u010dinkoviti\u2018 - RADIO LJUBU\u0160KI\",\"isPartOf\":{\"@id\":\"https:\\\/\\\/radioljubuski.ba\\\/#website\"},\"primaryImageOfPage\":{\"@id\":\"https:\\\/\\\/radioljubuski.ba\\\/index.php\\\/2021\\\/11\\\/07\\\/bozo-petrov-ima-koronu-progovorio-o-simptomima-i-uputio-kritiku-stozeru-treba-reci-ljudima-da-neki-nacini-prevencije-nisu-ucinkoviti\\\/#primaryimage\"},\"image\":{\"@id\":\"https:\\\/\\\/radioljubuski.ba\\\/index.php\\\/2021\\\/11\\\/07\\\/bozo-petrov-ima-koronu-progovorio-o-simptomima-i-uputio-kritiku-stozeru-treba-reci-ljudima-da-neki-nacini-prevencije-nisu-ucinkoviti\\\/#primaryimage\"},\"thumbnailUrl\":\"https:\\\/\\\/radioljubuski.ba\\\/wp-content\\\/uploads\\\/2021\\\/11\\\/petrov.jpg\",\"datePublished\":\"2021-11-07T01:31:05+00:00\",\"dateModified\":\"2021-11-07T01:31:07+00:00\",\"breadcrumb\":{\"@id\":\"https:\\\/\\\/radioljubuski.ba\\\/index.php\\\/2021\\\/11\\\/07\\\/bozo-petrov-ima-koronu-progovorio-o-simptomima-i-uputio-kritiku-stozeru-treba-reci-ljudima-da-neki-nacini-prevencije-nisu-ucinkoviti\\\/#breadcrumb\"},\"inLanguage\":\"hr\",\"potentialAction\":[{\"@type\":\"ReadAction\",\"target\":[\"https:\\\/\\\/radioljubuski.ba\\\/index.php\\\/2021\\\/11\\\/07\\\/bozo-petrov-ima-koronu-progovorio-o-simptomima-i-uputio-kritiku-stozeru-treba-reci-ljudima-da-neki-nacini-prevencije-nisu-ucinkoviti\\\/\"]}]},{\"@type\":\"ImageObject\",\"inLanguage\":\"hr\",\"@id\":\"https:\\\/\\\/radioljubuski.ba\\\/index.php\\\/2021\\\/11\\\/07\\\/bozo-petrov-ima-koronu-progovorio-o-simptomima-i-uputio-kritiku-stozeru-treba-reci-ljudima-da-neki-nacini-prevencije-nisu-ucinkoviti\\\/#primaryimage\",\"url\":\"https:\\\/\\\/radioljubuski.ba\\\/wp-content\\\/uploads\\\/2021\\\/11\\\/petrov.jpg\",\"contentUrl\":\"https:\\\/\\\/radioljubuski.ba\\\/wp-content\\\/uploads\\\/2021\\\/11\\\/petrov.jpg\",\"width\":1024,\"height\":682},{\"@type\":\"BreadcrumbList\",\"@id\":\"https:\\\/\\\/radioljubuski.ba\\\/index.php\\\/2021\\\/11\\\/07\\\/bozo-petrov-ima-koronu-progovorio-o-simptomima-i-uputio-kritiku-stozeru-treba-reci-ljudima-da-neki-nacini-prevencije-nisu-ucinkoviti\\\/#breadcrumb\",\"itemListElement\":[{\"@type\":\"ListItem\",\"position\":1,\"name\":\"Po\u010detna stranica\",\"item\":\"https:\\\/\\\/radioljubuski.ba\\\/\"},{\"@type\":\"ListItem\",\"position\":2,\"name\":\"Bo\u017eo Petrov ima koronu, progovorio o simptomima i uputio kritiku Sto\u017eeru: \u2018Treba re\u0107i ljudima da neki na\u010dini prevencije nisu u\u010dinkoviti\u2018\"}]},{\"@type\":\"WebSite\",\"@id\":\"https:\\\/\\\/radioljubuski.ba\\\/#website\",\"url\":\"https:\\\/\\\/radioljubuski.ba\\\/\",\"name\":\"Radio Ljubu\u0161ki\",\"description\":\"Sun\u010dana frekvencija Hercegovine\",\"publisher\":{\"@id\":\"https:\\\/\\\/radioljubuski.ba\\\/#organization\"},\"potentialAction\":[{\"@type\":\"SearchAction\",\"target\":{\"@type\":\"EntryPoint\",\"urlTemplate\":\"https:\\\/\\\/radioljubuski.ba\\\/?s={search_term_string}\"},\"query-input\":{\"@type\":\"PropertyValueSpecification\",\"valueRequired\":true,\"valueName\":\"search_term_string\"}}],\"inLanguage\":\"hr\"},{\"@type\":\"Organization\",\"@id\":\"https:\\\/\\\/radioljubuski.ba\\\/#organization\",\"name\":\"Radio Ljubu\u0161ki\",\"url\":\"https:\\\/\\\/radioljubuski.ba\\\/\",\"logo\":{\"@type\":\"ImageObject\",\"inLanguage\":\"hr\",\"@id\":\"https:\\\/\\\/radioljubuski.ba\\\/#\\\/schema\\\/logo\\\/image\\\/\",\"url\":\"https:\\\/\\\/radioljubuski.ba\\\/wp-content\\\/uploads\\\/2021\\\/02\\\/cropped-Radio_Ljubuski_logo1.jpg\",\"contentUrl\":\"https:\\\/\\\/radioljubuski.ba\\\/wp-content\\\/uploads\\\/2021\\\/02\\\/cropped-Radio_Ljubuski_logo1.jpg\",\"width\":512,\"height\":512,\"caption\":\"Radio Ljubu\u0161ki\"},\"image\":{\"@id\":\"https:\\\/\\\/radioljubuski.ba\\\/#\\\/schema\\\/logo\\\/image\\\/\"},\"sameAs\":[\"https:\\\/\\\/www.facebook.com\\\/Radiio-Ljubuski-1490835324566332\",\"https:\\\/\\\/x.com\\\/radioljubuski\",\"https:\\\/\\\/hr.linkedin.com\\\/company\\\/radio-ljubuski\",\"https:\\\/\\\/www.youtube.com\\\/channel\\\/UCHYaeO_n0Db3tjNGudGpXyw\"]},{\"@type\":\"Person\",\"@id\":\"https:\\\/\\\/radioljubuski.ba\\\/#\\\/schema\\\/person\\\/19fc700381a780f69665d7956c469e3b\",\"name\":\"Radio Ljubu\u0161ki\"}]}<\/script>\n<!-- \/ Yoast SEO plugin. -->","yoast_head_json":{"title":"Bo\u017eo Petrov ima koronu, progovorio o simptomima i uputio kritiku Sto\u017eeru: \u2018Treba re\u0107i ljudima da neki na\u010dini prevencije nisu u\u010dinkoviti\u2018 - RADIO LJUBU\u0160KI","robots":{"index":"index","follow":"follow","max-snippet":"max-snippet:-1","max-image-preview":"max-image-preview:large","max-video-preview":"max-video-preview:-1"},"canonical":"https:\/\/radioljubuski.ba\/index.php\/2021\/11\/07\/bozo-petrov-ima-koronu-progovorio-o-simptomima-i-uputio-kritiku-stozeru-treba-reci-ljudima-da-neki-nacini-prevencije-nisu-ucinkoviti\/","og_locale":"hr_HR","og_type":"article","og_title":"Bo\u017eo Petrov ima koronu, progovorio o simptomima i uputio kritiku Sto\u017eeru: \u2018Treba re\u0107i ljudima da neki na\u010dini prevencije nisu u\u010dinkoviti\u2018 - RADIO LJUBU\u0160KI","og_description":"Predsjednik MOST-a&nbsp;Bo\u017eo Petrov&nbsp;zara\u017een je koronavirusom. Za&nbsp;Dnevnik.hr&nbsp;progovorio je o dijagnozi i rekao&nbsp;da se osje\u0107a dobro. &#8220;Prije dva ili tri dana sam saznao da sam zara\u017een. Imao sam simptome, javio sam svojoj doktorici i napravio PCR test i bio sam pozitivan&#8221;, rekao je. Uputio je i kritiku&nbsp;Sto\u017eeru. &#8220;\u0160to se ti\u010de covid-potvrda i politike koju u ovom trenutku [&hellip;]","og_url":"https:\/\/radioljubuski.ba\/index.php\/2021\/11\/07\/bozo-petrov-ima-koronu-progovorio-o-simptomima-i-uputio-kritiku-stozeru-treba-reci-ljudima-da-neki-nacini-prevencije-nisu-ucinkoviti\/","og_site_name":"RADIO LJUBU\u0160KI","article_publisher":"https:\/\/www.facebook.com\/Radiio-Ljubuski-1490835324566332","article_published_time":"2021-11-07T01:31:05+00:00","article_modified_time":"2021-11-07T01:31:07+00:00","og_image":[{"width":1024,"height":682,"url":"https:\/\/radioljubuski.ba\/wp-content\/uploads\/2021\/11\/petrov.jpg","type":"image\/jpeg"}],"author":"Radio Ljubu\u0161ki","twitter_card":"summary_large_image","twitter_creator":"@radioljubuski","twitter_site":"@radioljubuski","twitter_misc":{"Napisao\/la":"Radio Ljubu\u0161ki","Procijenjeno vrijeme \u010ditanja":"1 minuta"},"schema":{"@context":"https:\/\/schema.org","@graph":[{"@type":"Article","@id":"https:\/\/radioljubuski.ba\/index.php\/2021\/11\/07\/bozo-petrov-ima-koronu-progovorio-o-simptomima-i-uputio-kritiku-stozeru-treba-reci-ljudima-da-neki-nacini-prevencije-nisu-ucinkoviti\/#article","isPartOf":{"@id":"https:\/\/radioljubuski.ba\/index.php\/2021\/11\/07\/bozo-petrov-ima-koronu-progovorio-o-simptomima-i-uputio-kritiku-stozeru-treba-reci-ljudima-da-neki-nacini-prevencije-nisu-ucinkoviti\/"},"author":{"name":"Radio Ljubu\u0161ki","@id":"https:\/\/radioljubuski.ba\/#\/schema\/person\/19fc700381a780f69665d7956c469e3b"},"headline":"Bo\u017eo Petrov ima koronu, progovorio o simptomima i uputio kritiku Sto\u017eeru: \u2018Treba re\u0107i ljudima da neki na\u010dini prevencije nisu u\u010dinkoviti\u2018","datePublished":"2021-11-07T01:31:05+00:00","dateModified":"2021-11-07T01:31:07+00:00","mainEntityOfPage":{"@id":"https:\/\/radioljubuski.ba\/index.php\/2021\/11\/07\/bozo-petrov-ima-koronu-progovorio-o-simptomima-i-uputio-kritiku-stozeru-treba-reci-ljudima-da-neki-nacini-prevencije-nisu-ucinkoviti\/"},"wordCount":180,"publisher":{"@id":"https:\/\/radioljubuski.ba\/#organization"},"image":{"@id":"https:\/\/radioljubuski.ba\/index.php\/2021\/11\/07\/bozo-petrov-ima-koronu-progovorio-o-simptomima-i-uputio-kritiku-stozeru-treba-reci-ljudima-da-neki-nacini-prevencije-nisu-ucinkoviti\/#primaryimage"},"thumbnailUrl":"https:\/\/radioljubuski.ba\/wp-content\/uploads\/2021\/11\/petrov.jpg","articleSection":["BIH i regija"],"inLanguage":"hr"},{"@type":"WebPage","@id":"https:\/\/radioljubuski.ba\/index.php\/2021\/11\/07\/bozo-petrov-ima-koronu-progovorio-o-simptomima-i-uputio-kritiku-stozeru-treba-reci-ljudima-da-neki-nacini-prevencije-nisu-ucinkoviti\/","url":"https:\/\/radioljubuski.ba\/index.php\/2021\/11\/07\/bozo-petrov-ima-koronu-progovorio-o-simptomima-i-uputio-kritiku-stozeru-treba-reci-ljudima-da-neki-nacini-prevencije-nisu-ucinkoviti\/","name":"Bo\u017eo Petrov ima koronu, progovorio o simptomima i uputio kritiku Sto\u017eeru: \u2018Treba re\u0107i ljudima da neki na\u010dini prevencije nisu u\u010dinkoviti\u2018 - RADIO LJUBU\u0160KI","isPartOf":{"@id":"https:\/\/radioljubuski.ba\/#website"},"primaryImageOfPage":{"@id":"https:\/\/radioljubuski.ba\/index.php\/2021\/11\/07\/bozo-petrov-ima-koronu-progovorio-o-simptomima-i-uputio-kritiku-stozeru-treba-reci-ljudima-da-neki-nacini-prevencije-nisu-ucinkoviti\/#primaryimage"},"image":{"@id":"https:\/\/radioljubuski.ba\/index.php\/2021\/11\/07\/bozo-petrov-ima-koronu-progovorio-o-simptomima-i-uputio-kritiku-stozeru-treba-reci-ljudima-da-neki-nacini-prevencije-nisu-ucinkoviti\/#primaryimage"},"thumbnailUrl":"https:\/\/radioljubuski.ba\/wp-content\/uploads\/2021\/11\/petrov.jpg","datePublished":"2021-11-07T01:31:05+00:00","dateModified":"2021-11-07T01:31:07+00:00","breadcrumb":{"@id":"https:\/\/radioljubuski.ba\/index.php\/2021\/11\/07\/bozo-petrov-ima-koronu-progovorio-o-simptomima-i-uputio-kritiku-stozeru-treba-reci-ljudima-da-neki-nacini-prevencije-nisu-ucinkoviti\/#breadcrumb"},"inLanguage":"hr","potentialAction":[{"@type":"ReadAction","target":["https:\/\/radioljubuski.ba\/index.php\/2021\/11\/07\/bozo-petrov-ima-koronu-progovorio-o-simptomima-i-uputio-kritiku-stozeru-treba-reci-ljudima-da-neki-nacini-prevencije-nisu-ucinkoviti\/"]}]},{"@type":"ImageObject","inLanguage":"hr","@id":"https:\/\/radioljubuski.ba\/index.php\/2021\/11\/07\/bozo-petrov-ima-koronu-progovorio-o-simptomima-i-uputio-kritiku-stozeru-treba-reci-ljudima-da-neki-nacini-prevencije-nisu-ucinkoviti\/#primaryimage","url":"https:\/\/radioljubuski.ba\/wp-content\/uploads\/2021\/11\/petrov.jpg","contentUrl":"https:\/\/radioljubuski.ba\/wp-content\/uploads\/2021\/11\/petrov.jpg","width":1024,"height":682},{"@type":"BreadcrumbList","@id":"https:\/\/radioljubuski.ba\/index.php\/2021\/11\/07\/bozo-petrov-ima-koronu-progovorio-o-simptomima-i-uputio-kritiku-stozeru-treba-reci-ljudima-da-neki-nacini-prevencije-nisu-ucinkoviti\/#breadcrumb","itemListElement":[{"@type":"ListItem","position":1,"name":"Po\u010detna stranica","item":"https:\/\/radioljubuski.ba\/"},{"@type":"ListItem","position":2,"name":"Bo\u017eo Petrov ima koronu, progovorio o simptomima i uputio kritiku Sto\u017eeru: \u2018Treba re\u0107i ljudima da neki na\u010dini prevencije nisu u\u010dinkoviti\u2018"}]},{"@type":"WebSite","@id":"https:\/\/radioljubuski.ba\/#website","url":"https:\/\/radioljubuski.ba\/","name":"Radio Ljubu\u0161ki","description":"Sun\u010dana frekvencija Hercegovine","publisher":{"@id":"https:\/\/radioljubuski.ba\/#organization"},"potentialAction":[{"@type":"SearchAction","target":{"@type":"EntryPoint","urlTemplate":"https:\/\/radioljubuski.ba\/?s={search_term_string}"},"query-input":{"@type":"PropertyValueSpecification","valueRequired":true,"valueName":"search_term_string"}}],"inLanguage":"hr"},{"@type":"Organization","@id":"https:\/\/radioljubuski.ba\/#organization","name":"Radio Ljubu\u0161ki","url":"https:\/\/radioljubuski.ba\/","logo":{"@type":"ImageObject","inLanguage":"hr","@id":"https:\/\/radioljubuski.ba\/#\/schema\/logo\/image\/","url":"https:\/\/radioljubuski.ba\/wp-content\/uploads\/2021\/02\/cropped-Radio_Ljubuski_logo1.jpg","contentUrl":"https:\/\/radioljubuski.ba\/wp-content\/uploads\/2021\/02\/cropped-Radio_Ljubuski_logo1.jpg","width":512,"height":512,"caption":"Radio Ljubu\u0161ki"},"image":{"@id":"https:\/\/radioljubuski.ba\/#\/schema\/logo\/image\/"},"sameAs":["https:\/\/www.facebook.com\/Radiio-Ljubuski-1490835324566332","https:\/\/x.com\/radioljubuski","https:\/\/hr.linkedin.com\/company\/radio-ljubuski","https:\/\/www.youtube.com\/channel\/UCHYaeO_n0Db3tjNGudGpXyw"]},{"@type":"Person","@id":"https:\/\/radioljubuski.ba\/#\/schema\/person\/19fc700381a780f69665d7956c469e3b","name":"Radio Ljubu\u0161ki"}]}},"_links":{"self":[{"href":"https:\/\/radioljubuski.ba\/index.php\/wp-json\/wp\/v2\/posts\/86084","targetHints":{"allow":["GET"]}}],"collection":[{"href":"https:\/\/radioljubuski.ba\/index.php\/wp-json\/wp\/v2\/posts"}],"about":[{"href":"https:\/\/radioljubuski.ba\/index.php\/wp-json\/wp\/v2\/types\/post"}],"author":[{"embeddable":true,"href":"https:\/\/radioljubuski.ba\/index.php\/wp-json\/wp\/v2\/users\/2"}],"replies":[{"embeddable":true,"href":"https:\/\/radioljubuski.ba\/index.php\/wp-json\/wp\/v2\/comments?post=86084"}],"version-history":[{"count":1,"href":"https:\/\/radioljubuski.ba\/index.php\/wp-json\/wp\/v2\/posts\/86084\/revisions"}],"predecessor-version":[{"id":86086,"href":"https:\/\/radioljubuski.ba\/index.php\/wp-json\/wp\/v2\/posts\/86084\/revisions\/86086"}],"wp:featuredmedia":[{"embeddable":true,"href":"https:\/\/radioljubuski.ba\/index.php\/wp-json\/wp\/v2\/media\/86085"}],"wp:attachment":[{"href":"https:\/\/radioljubuski.ba\/index.php\/wp-json\/wp\/v2\/media?parent=86084"}],"wp:term":[{"taxonomy":"category","embeddable":true,"href":"https:\/\/radioljubuski.ba\/index.php\/wp-json\/wp\/v2\/categories?post=86084"},{"taxonomy":"post_tag","embeddable":true,"href":"https:\/\/radioljubuski.ba\/index.php\/wp-json\/wp\/v2\/tags?post=86084"}],"curies":[{"name":"wp","href":"https:\/\/api.w.org\/{rel}","templated":true}]}}