{"id":86102,"date":"2021-11-07T11:52:23","date_gmt":"2021-11-07T10:52:23","guid":{"rendered":"https:\/\/radioljubuski.ba\/?p=86102"},"modified":"2021-11-08T13:41:20","modified_gmt":"2021-11-08T12:41:20","slug":"slobodna-dalmacija-o-maslinarskom-cudu-u-ljubuskom","status":"publish","type":"post","link":"https:\/\/radioljubuski.ba\/index.php\/2021\/11\/07\/slobodna-dalmacija-o-maslinarskom-cudu-u-ljubuskom\/","title":{"rendered":"Slobodna Dalmacija o maslinarskom \u010dudu u Ljubu\u0161kom"},"content":{"rendered":"\n<p><strong>Lani je bija svjetski rekord: 170 tona smo ubrali, grane se bile obisile do poda, a kvaliteta izvanredna. Ove godine ne\u0107e bit ni blizu, u vri glave tre\u0107ina lanjskoga uroda. Ne mere\u0161 ni\u0161ta, ne ra\u0111a svake godine isto&#8230;<\/strong><\/p>\n\n\n\n<p>Takvog maslinika ne bi se postidjeli od \u0160panjolske do Sicilije i Gr\u010dke, od Turske do Maroka. Sve je pod koncem, a izme\u0111u redova \u2013 ko promenada. Kapiju na Mostarskim Vratima, odmah iznad Ljubu\u0161kog, otvorio nam je&nbsp;<strong>Dragan Mikuli\u0107<\/strong>, rodom iz obli\u017enjih Radi\u0161i\u0107a. Tek \u0107ete \u010duti \u0161to je stvorio.<\/p>\n\n\n\n<p><strong>Martin Kevi\u0107<\/strong>&nbsp;dovezao je masline iz Svitave, mjesta pokraj \u010capljine. Imao je mo\u017eda i bli\u017eih uljara, ali se ove godine odlu\u010dio za Mikuli\u0107evu:<\/p>\n\n\n\n<p>\u2013 Iman 101 mladu i 50 starijih maslina. Donija san 430 kila, a ku\u0107i \u0107u ponit 60 litara ulja. Planiran posadit jo\u0161 jedno 150 komada. Gospodski je to posa: \u0161to i\u0111e\u0161 stariji, to ti je lak\u0161e radit oko masline, nema vele zajebancije ko okolo drugih kultura. A dica sutra ako ne mognu ni\u0161ta drugo, ostat \u0107e in maslinik. Pa ako ne mogu priranit sebe i obitelj s tolikin maslinama \u2013 neka krepaju, \u0161ta in vi\u0161e ja mogu doranit!<\/p>\n\n\n\n<figure class=\"wp-block-image\"><img decoding=\"async\" src=\"https:\/\/static.slobodnadalmacija.hr\/images\/slike\/2021\/11\/03\/19862900.jpg?1636279406\" alt=\"image\"\/><figcaption>Maslinik s pogledom na kulu Herceg Stjepana iznad Ljubu\u0161kog<\/figcaption><\/figure>\n\n\n\n<p>Govori Kevi\u0107 da je u njegovu mjestu samo ove godine posa\u0111eno 600 mladih maslina. Ide to dobro. Zadovoljan je i Mikuli\u0107evom uljarom, najsuvremenijom u Hercegovini. Budu\u0107i da je donio vi\u0161e od 350 kilograma ploda, odnijet \u0107e ulje iscije\u0111eno ba\u0161 iz njegovih maslina. Eto ga i dogodine.<\/p>\n\n\n\n<h2 class=\"wp-block-heading\">SVAKA MASLINA IME IMA<\/h2>\n\n\n\n<p>Draganovoj unuci&nbsp;<strong>Marti Bo\u0161njak<\/strong>&nbsp;(19) nijedan posao u uljari nije stran ili dalek. U Ljubu\u0161kom je zavr\u0161ila Medicinsku \u0161kolu i dogodine planira na Stomatologiju u Mostar.<\/p>\n\n\n\n<figure class=\"wp-block-image\"><img decoding=\"async\" src=\"https:\/\/static.slobodnadalmacija.hr\/images\/slike\/2021\/11\/03\/19862958.jpg?1636279406\" alt=\"image\"\/><figcaption>Marta Bo\u0161njak, unuka vlasnika uljare, s momkom Lukom Mi\u0161eti\u0107em<\/figcaption><\/figure>\n\n\n\n<p>\u2013 Za\u0161to nisi ve\u0107 ove godine?!<\/p>\n\n\n\n<p>\u2013 Pomela me uljara, ha-ha-ha&#8230; Nagodinu \u0107u. Nisu meni masline mrske, a o dedi da ne govorin. Zalu\u0111en je, svaka mu maslina ima ime. Prve godine brala je samo unu\u010dad, osmero nas ima, i obitelj. Na sve smo morali pazit, svaku bobu gledat. Onda to i zavoli\u0161.<\/p>\n\n\n\n<p>Draga je Marta, uz nju je&nbsp;<strong>Luka Mi\u0161eti\u0107<\/strong>, momak joj. Ni njemu ni\u0161ta ne fali.<\/p>\n\n\n\n<p>\u2013 Vidi\u0161 da san i Luku upregla, ne smi mrdat odavde, ha-ha-ha.<\/p>\n\n\n\n<p>\u2013 Zeza se Marta, nije me morala vele nagovarat, a nije mi ni te\u0161ko \u2013 govori student tre\u0107e godine Kriminalistike na Mostarskom sveu\u010dili\u0161tu.<\/p>\n\n\n\n<p>Popodnevni su sati, ljudi su \u0161irom Hercegovine tog jutra brali, a onda urod donijeli u uljaru. Ka\u017ee Marta da cije\u0111enje kilograma maslina stoji \u010detrdeset feninga, odnosno oko kunu i pol.<\/p>\n\n\n\n<p>A u masliniku bere vesela ekipica. Nekoliko sli\u010dnih rasporedilo se \u0161irom planta\u017ee. Zna ih u berbi biti po 80 ili 90. Ove jeseni upola manje. Kad je godina rodna, bere se po mjesec dana, a po\u010dinje se 15. listopada. Mi smo prispjeli u prekrasan, osun\u010dan dan, u\u017ee\u017ein Svih svetih. I zatekli \u0161aku bera\u010da.<\/p>\n\n\n\n<p>\u2013 Ercegovina nije znala za kivi dok ga Dragan nije donija \u2013 vi\u010de&nbsp;<strong>Vildana Tomi\u0107.<\/strong><\/p>\n\n\n\n<p>\u2013 Kakav crni kivi?!<\/p>\n\n\n\n<p>\u2013 Eto takav, govorili ljudi: &#8220;U Dragana krompiri rastu na stablu!&#8221;<\/p>\n\n\n\n<figure class=\"wp-block-image\"><img decoding=\"async\" src=\"https:\/\/static.slobodnadalmacija.hr\/images\/slike\/2021\/11\/03\/19862928.jpg?1636279406\" alt=\"image\"\/><\/figure>\n\n\n\n<p>\u2013 Ma to sam ja jo\u0161 prije rata zasadija 800 stabala kivija. Onda dadne\u0161 ljudima, oni uzmu, privare te, ne plate, sto problema. Pa je zapucalo, nasta rat i \u0161ta \u0107u \u2013 sve san posika. Jedan na\u0161 lokalni je govorija: &#8220;One Draganove tunje ni\u0161ta ne valjaju!&#8221; Mislija je na dunje, one su trpke kad su zelene, a s kivijen ti je isto.<\/p>\n\n\n\n<h2 class=\"wp-block-heading\">UF, BORBA JE ZA SVAKOG RADNIKA<\/h2>\n\n\n\n<p>\u2013 Lani je bilo po dvi, tri gajbe maslina pod stablon, a u svakoj 20 kila. Tako ti je, priroda nosi svake druge godine. Nego, fali sezonskih radnika, tu je borba. Mladi o\u0161li u svit, a ovi \u0161to su ostali tra\u017ee lak\u0161e poslove. Nas starije nije sramota radit: zabavimo se, podru\u017eimo, a bude i neke koristi \u2013 govori&nbsp;<strong>Nikola \u0106utuk.<\/strong><\/p>\n\n\n\n<p><strong>Ivanka Gali\u0107<\/strong>&nbsp;prvi put je u maslinama. A nekidan je prvi put brala gro\u017e\u0111e u Otri\u0107ima, u susjednoj Dalmaciji.<\/p>\n\n\n\n<p>\u2013 Neki sezonci odo\u0161e u mandarine u Dalmaciju. Ka\u017ei, \u0160perci pla\u0107aju bolje nego Ercegovci, ha-ha-ha. Mo\u017eda \u0107u i ja dogodine doli! Da vidin kako se \u0161ta bere. U prirodi si, na \u010distu zraku, a ne\u0107e ni korona u masline, vidi\u0161 kako ovde pirka izme\u0111u redova \u2013 zeza se Ivanka Gali\u0107.<\/p>\n\n\n\n<figure class=\"wp-block-image\"><img decoding=\"async\" src=\"https:\/\/static.slobodnadalmacija.hr\/images\/slike\/2021\/11\/03\/19862926.jpg?1636279406\" alt=\"image\"\/><\/figure>\n\n\n\n<p>\u2013 Imali smo mi u Vitini nekada masline. I onaj stari kameni to\u010dak. S drvom onim u sredini. Tata moj pokojni je to radio. Za nas u ku\u0107i, da imamo kap ulja, nije toga vele bilo. Te\u0161ko je danas \u017eivit od poljoprivrede, nema ra\u010dunice, samo se sadi i sije za svoje potribe. A radila sam ja sezonski u Me\u0111ugorju. Pro\u0161le godine nije bilo ni\u0161ta, korona nije dala, ali san ove godine skupila stotinjak dana. Onda nikidan malo u berbu gro\u017e\u0111a i sad u masline. Triba \u017eivit \u2013 veli&nbsp;<strong>Mira Maji\u0107.<\/strong><\/p>\n\n\n\n<p>Ka\u017ee Mikuli\u0107 da je ljubu\u0161ki kraj, a i \u010ditava zapadna Hercegovina, bogomdan za vo\u0107arstvo:<\/p>\n\n\n\n<p>\u2013 Vidi\u0161 li ovu maslinu koliko je jaka. Da je murva, ne bi tako naresla. Zdrava ko boca. Ima vode, hrane, prirodnu ventilaciju i toplo in je. Kako se klima minja i rastu temperature \u2013 ne triba se \u010dudit da maslina skoro bude i oko Sarajeva \u2013 govori Dragan.<\/p>\n\n\n\n<p>Maslinik mu se prostire na 50 hektara. Nadmorska visina \u2013 220 metara. Dio zemlji\u0161ta je njegov, dio dr\u017eavni, 70 godina pod koncesijom. Zapo\u010deo je saditi 2009. godine, a uljara radi ve\u0107 osam. Danas je na planta\u017ei 7000 stabala. Spremne su jo\u0161 dvije tisu\u0107e. Samo ih treba posaditi. Najve\u0107i je u BiH, a u Dalmaciji samo neki \u0160iben\u010dani imaju vi\u0161e \u2013 12.000 maslina.<\/p>\n\n\n\n<p>\u2013 To je bija sami kamen i divljina, pokazat \u0107u ti sliku, koza tuda nije mogla pro\u0107. Kr\u010dija san, te\u0161ki strojevi su radili, samo eksploziva potro\u0161ili smo 150 tona. Tri godine san sadija. Bu\u0161ili smo trista metara duboko do vode, a pumpa mi je na 180 metara. Proveli smo sistem navodnjavanja kap po kap do svakog stabla. Tako in i\u0111e i hrana. Dnevno potro\u0161imo pola milijuna litara vode. Golemo je to, milijuni eura su u pitanju.<\/p>\n\n\n\n<figure class=\"wp-block-image\"><img decoding=\"async\" src=\"https:\/\/static.slobodnadalmacija.hr\/images\/slike\/2021\/11\/03\/19862946.jpg?1636279406\" alt=\"image\"\/><\/figure>\n\n\n\n<h2 class=\"wp-block-heading\">DOLAZILI I ARAPI, O\u0106E KUPIT<\/h2>\n\n\n\n<p>\u2013 \u010cijih para?<\/p>\n\n\n\n<p>\u2013 Ne\u0161to mojih, ne\u0161to tu\u0111ih, ban\u010dinih, ne triba ulazit u detalje. Ali, \u0161ta je va\u017eno: nema vi\u0161e duga u masliniku, \u010dist je ko suza! Sad bi ga svak. Evo, i Arapi su dolazili gledat da bi ga kupili.<\/p>\n\n\n\n<p>\u2013 \u010cuj, Arapi?!<\/p>\n\n\n\n<p>\u2013 Ja, bolan, vidit \u0107e\u0161 u budu\u0107nosti, bit \u0107e svukud Kinezi ili Arapi, jedino je sigurno da Rvata ne\u0107e bit.<\/p>\n\n\n\n<p>\u2013 Dobro to, nego \u0161to na koncu bi s tim Arapima?<\/p>\n\n\n\n<p>\u2013 Ni\u0161ta. Zove me jednon \u017eena, da su do\u0161li Arapi. Znade ona da ja volin pare, pa vi\u010de: &#8220;Nemoj slu\u010dajno da si proda!&#8221; I nisan. A bili su ozbiljni, do\u0161li iz Sarajeva. Doveli i privoditeljicu&#8230;<\/p>\n\n\n\n<p>Maslinik ko naslikan. Deset metara izme\u0111u redova, a po \u0161est od stabla do stabla. Da je komotno i \u010dovjeku, i drvu, i stroju. Podloga \u2013 drobljeni i prekopan kamen, pozicija prozra\u010dna, bez vlage koja pogoduje bolesti. Nagib prema jugu.<\/p>\n\n\n\n<figure class=\"wp-block-image\"><img decoding=\"async\" src=\"https:\/\/static.slobodnadalmacija.hr\/images\/slike\/2021\/11\/03\/19862880.jpg?1636279406\" alt=\"image\"\/><figcaption>Vlasnik maslinika Dragan Mikuli\u0107 sa svojim miljenicama<\/figcaption><\/figure>\n\n\n\n<p>\u2013 Na sjeveru ti eno \u010cvrsnice planine. Na jugu, do Plo\u010da je 12 kilometara zra\u010dne linije. Eno ti doli Pelje\u0161ca, ono \u0161to vidi\u0161 da se modri. Ne viruju Dalmatinci kad do\u0111u gledat: u mene nareste drvo za deset godina ko na Pelje\u0161cu za 35. Ja radin po knjigama. A i \u0111ubri se! Kad ono jami snagu, reste metar godi\u0161nje. Mislin, stablo. Ima u Ercegovini 300, mo\u017eda ve\u0107 i 400 iljada maslina. I to sve u zadnjih deset godina, a Ljubu\u0161ki je najja\u010di. Bit \u0107e Ercegovina prije Dalmacije u maslinama \u2013 siguran je Mikuli\u0107.<\/p>\n\n\n\n<p>Neko\u0107 je Hercegovina sadila masline, ima ih po kraju starih po 300 godina. Onda je sve zamrlo, dugo pozaspalo. Preporod je uslijedio u najnovije vrijeme. Ka\u017eu nam doma\u0107ini da danas vi\u0161e nema ku\u0107e da ne koristi maslinovo ulje:<\/p>\n\n\n\n<p>\u2013 Prije kad si ima svinjske masti, rebara, slanine i ra\u0161tike, bija si kralj. Danas je druga\u010dije, gleda narod kako \u0107e zdravije \u017eivit. Ne mere se poredit vrime danas i prije deset godina.<\/p>\n\n\n\n<p>Ka\u017ee Dragan da gro\u017e\u0111a ima koliko ho\u0107e\u0161, ali ulja nedostaje. Potra\u017enja ve\u0107a od ponude. Zovu Dalmatinci i tra\u017ee, a Mikuli\u0107 isti\u010de da je u njega ulje premium klase, ekstra djevi\u010dansko. Potvr\u0111uje to i 25 medalja s doma\u0107ih i inozemnih natjecanja:<\/p>\n\n\n\n<h2 class=\"wp-block-heading\">VIDI\u0160 KAKO PALUCKA<\/h2>\n\n\n\n<p>\u2013 Ajde, umo\u010di malo, vidi\u0161 kako palucka, kako je gorkasto. To su ti polifenoli, to ti je zdravlje. Sve \u0161to je gorkasto, to i valja. Najzdraviji je gorki bajam, \u0161to gor\u010di, to bolji! A u vezi ulja, kad se jo\u0161 sastave vo\u0107ni i gorkasti okus \u2013 kvaliteta je kraljevska. Ju\u010der na stablu, danas uma\u010de\u0161 kruv.<\/p>\n\n\n\n<p>Formula je jednostavna. Kao u Istri: rana berba i prerada istog dana.<\/p>\n\n\n\n<figure class=\"wp-block-image\"><img decoding=\"async\" src=\"https:\/\/static.slobodnadalmacija.hr\/images\/slike\/2021\/11\/03\/19862948.jpg?1636279406\" alt=\"image\"\/><figcaption>Na fotografiji: Nedzad Demirovic radnik u uljari<\/figcaption><\/figure>\n\n\n\n<p>\u2013 Mi smo ispo\u010detka slu\u0161ali knjigu i struku: posadi\u0161 drvo i poslu\u0161a\u0161 stru\u010dnjake, normalno. A u Dalmaciji jo\u0161 stari didovi \u010dekaju s berbon i masline potapaju u moru ili u vodi. Pa nama govore: &#8220;Gorko van je ulje, ne valja.&#8221; Nije istina, to je velika gre\u0161ka \u2013 govori Dragan, pa isti\u010de da ne \u017eeli nikomu soliti pamet, pogotovo susjedima u Dalmaciji, koji su mu i kolege maslinari.<\/p>\n\n\n\n<p>\u2013 Komu prodajete?<\/p>\n\n\n\n<p>\u2013 U Hrvatsku, Poljsku, \u010ce\u0161ku, Njema\u010dku&#8230; Nema busa da je do\u0161a u Me\u0111ugorje s hodo\u010dasnicima a da nije svratija u nas po ulje. Restorani po Bosni i Ercegovini, trgovine, nema problema za plasman. Lani je bilo po sto kuna, a ove \u0107e priko 120 za litar. Manje ga ima, slabije rodilo.<\/p>\n\n\n\n<p>\u2013 Poma\u017ee li itko maslinare i uljare?<\/p>\n\n\n\n<p>\u2013 Dadne dr\u017eava neki poticaj i to ti je sve. A u Ljubu\u0161kome ima sigurno 30 maslinara koji prodaju ulje.<\/p>\n\n\n\n<figure class=\"wp-block-image\"><img decoding=\"async\" src=\"https:\/\/static.slobodnadalmacija.hr\/images\/slike\/2021\/11\/03\/19862960.jpg?1636279406\" alt=\"image\"\/><figcaption>Martin Kevi\u0107: A dica sutra ako ne mognu ni\u0161ta drugo, ostat \u0107e in maslinik. Pa ako ne mogu priranit sebe i obitelj s tolikin maslinama \u2013 neka krepaju<\/figcaption><\/figure>\n\n\n\n<p>Mikuli\u0107eva uljara \u2013 odmah uz magistralnu cestu koja iz Ljubu\u0161kog vodi prema Trome\u0111i i Me\u0111ugorju, nedaleko od maslinika \u2013 ima kapacitet prerade 2200 kilograma za sat. Najve\u0107a je u Bosni i Hercegovini, a ni u Hrvatskoj joj mnoge ne mogu stati na crtu.<\/p>\n\n\n\n<p>\u010cudno je mo\u017eda samo na prvi pogled, ali hercegova\u010dki jug je mediteransko podneblje. Duhana vi\u0161e nema kao nekada, ljudi su ga proklinjali, ali ga i sadili da se prehrane. Takav je bio vakat, ka\u017eu.<\/p>\n\n\n\n<p>Jedno vrijeme poludjeli su bili za smiljem. Nije ni to bilo duga vijeka.<\/p>\n\n\n\n<p>Gro\u017e\u0111a, smokve, \u0161ipka, sezonskog povr\u0107a, raj\u010dice, paprike i krastavca, lubenice ima, plodna zemlja ra\u0111a, a razvoju maslinarstva upravo svjedo\u010dimo.<\/p>\n\n\n\n<p>Vina i ulja ne\u0107e manjkati u Erinu Misiru. Ma\u0161ala!<\/p>\n\n\n\n<p><a href=\"https:\/\/slobodnadalmacija.hr\/autor\/damir-tolj-3259\"><strong>PI\u0160E&nbsp;<\/strong>DAMIR TOLJ<\/a>\/slobodnadalmacija.hr<\/p>\n","protected":false},"excerpt":{"rendered":"<p>Lani je bija svjetski rekord: 170 tona smo ubrali, grane se bile obisile do poda, a kvaliteta izvanredna. Ove godine ne\u0107e bit ni blizu, u vri glave tre\u0107ina lanjskoga uroda. Ne mere\u0161 ni\u0161ta, ne ra\u0111a svake godine isto&#8230; Takvog maslinika ne bi se postidjeli od \u0160panjolske do Sicilije i Gr\u010dke, od Turske do Maroka. Sve [&hellip;]<\/p>\n","protected":false},"author":2,"featured_media":86103,"comment_status":"closed","ping_status":"closed","sticky":false,"template":"","format":"standard","meta":{"h5ap_radio_sources":[],"footnotes":""},"categories":[3],"tags":[],"class_list":["post-86102","post","type-post","status-publish","format-standard","has-post-thumbnail","hentry","category-ljubuski"],"yoast_head":"<!-- This site is optimized with the Yoast SEO plugin v27.5 - https:\/\/yoast.com\/product\/yoast-seo-wordpress\/ -->\n<title>Slobodna Dalmacija o maslinarskom \u010dudu u Ljubu\u0161kom - RADIO LJUBU\u0160KI<\/title>\n<meta name=\"robots\" content=\"index, follow, max-snippet:-1, max-image-preview:large, max-video-preview:-1\" \/>\n<link rel=\"canonical\" href=\"https:\/\/radioljubuski.ba\/index.php\/2021\/11\/07\/slobodna-dalmacija-o-maslinarskom-cudu-u-ljubuskom\/\" \/>\n<meta property=\"og:locale\" content=\"hr_HR\" \/>\n<meta property=\"og:type\" content=\"article\" \/>\n<meta property=\"og:title\" content=\"Slobodna Dalmacija o maslinarskom \u010dudu u Ljubu\u0161kom - RADIO LJUBU\u0160KI\" \/>\n<meta property=\"og:description\" content=\"Lani je bija svjetski rekord: 170 tona smo ubrali, grane se bile obisile do poda, a kvaliteta izvanredna. Ove godine ne\u0107e bit ni blizu, u vri glave tre\u0107ina lanjskoga uroda. Ne mere\u0161 ni\u0161ta, ne ra\u0111a svake godine isto&#8230; Takvog maslinika ne bi se postidjeli od \u0160panjolske do Sicilije i Gr\u010dke, od Turske do Maroka. Sve [&hellip;]\" \/>\n<meta property=\"og:url\" content=\"https:\/\/radioljubuski.ba\/index.php\/2021\/11\/07\/slobodna-dalmacija-o-maslinarskom-cudu-u-ljubuskom\/\" \/>\n<meta property=\"og:site_name\" content=\"RADIO LJUBU\u0160KI\" \/>\n<meta property=\"article:publisher\" content=\"https:\/\/www.facebook.com\/Radiio-Ljubuski-1490835324566332\" \/>\n<meta property=\"article:published_time\" content=\"2021-11-07T10:52:23+00:00\" \/>\n<meta property=\"article:modified_time\" content=\"2021-11-08T12:41:20+00:00\" \/>\n<meta property=\"og:image\" content=\"https:\/\/radioljubuski.ba\/wp-content\/uploads\/2021\/11\/cudo-u-ljubuskom-ne-viruju-dalmatinci-kada-dodu-gledat-posjetili-smo-m-2611909.jpeg\" \/>\n\t<meta property=\"og:image:width\" content=\"672\" \/>\n\t<meta property=\"og:image:height\" content=\"450\" \/>\n\t<meta property=\"og:image:type\" content=\"image\/jpeg\" \/>\n<meta name=\"author\" content=\"Radio Ljubu\u0161ki\" \/>\n<meta name=\"twitter:card\" content=\"summary_large_image\" \/>\n<meta name=\"twitter:creator\" content=\"@radioljubuski\" \/>\n<meta name=\"twitter:site\" content=\"@radioljubuski\" \/>\n<meta name=\"twitter:label1\" content=\"Napisao\/la\" \/>\n\t<meta name=\"twitter:data1\" content=\"Radio Ljubu\u0161ki\" \/>\n\t<meta name=\"twitter:label2\" content=\"Procijenjeno vrijeme \u010ditanja\" \/>\n\t<meta name=\"twitter:data2\" content=\"9 minuta\" \/>\n<script type=\"application\/ld+json\" class=\"yoast-schema-graph\">{\"@context\":\"https:\\\/\\\/schema.org\",\"@graph\":[{\"@type\":\"Article\",\"@id\":\"https:\\\/\\\/radioljubuski.ba\\\/index.php\\\/2021\\\/11\\\/07\\\/slobodna-dalmacija-o-maslinarskom-cudu-u-ljubuskom\\\/#article\",\"isPartOf\":{\"@id\":\"https:\\\/\\\/radioljubuski.ba\\\/index.php\\\/2021\\\/11\\\/07\\\/slobodna-dalmacija-o-maslinarskom-cudu-u-ljubuskom\\\/\"},\"author\":{\"name\":\"Radio Ljubu\u0161ki\",\"@id\":\"https:\\\/\\\/radioljubuski.ba\\\/#\\\/schema\\\/person\\\/19fc700381a780f69665d7956c469e3b\"},\"headline\":\"Slobodna Dalmacija o maslinarskom \u010dudu u Ljubu\u0161kom\",\"datePublished\":\"2021-11-07T10:52:23+00:00\",\"dateModified\":\"2021-11-08T12:41:20+00:00\",\"mainEntityOfPage\":{\"@id\":\"https:\\\/\\\/radioljubuski.ba\\\/index.php\\\/2021\\\/11\\\/07\\\/slobodna-dalmacija-o-maslinarskom-cudu-u-ljubuskom\\\/\"},\"wordCount\":1832,\"publisher\":{\"@id\":\"https:\\\/\\\/radioljubuski.ba\\\/#organization\"},\"image\":{\"@id\":\"https:\\\/\\\/radioljubuski.ba\\\/index.php\\\/2021\\\/11\\\/07\\\/slobodna-dalmacija-o-maslinarskom-cudu-u-ljubuskom\\\/#primaryimage\"},\"thumbnailUrl\":\"https:\\\/\\\/radioljubuski.ba\\\/wp-content\\\/uploads\\\/2021\\\/11\\\/cudo-u-ljubuskom-ne-viruju-dalmatinci-kada-dodu-gledat-posjetili-smo-m-2611909.jpeg\",\"articleSection\":[\"Ljubu\u0161ki\"],\"inLanguage\":\"hr\"},{\"@type\":\"WebPage\",\"@id\":\"https:\\\/\\\/radioljubuski.ba\\\/index.php\\\/2021\\\/11\\\/07\\\/slobodna-dalmacija-o-maslinarskom-cudu-u-ljubuskom\\\/\",\"url\":\"https:\\\/\\\/radioljubuski.ba\\\/index.php\\\/2021\\\/11\\\/07\\\/slobodna-dalmacija-o-maslinarskom-cudu-u-ljubuskom\\\/\",\"name\":\"Slobodna Dalmacija o maslinarskom \u010dudu u Ljubu\u0161kom - RADIO LJUBU\u0160KI\",\"isPartOf\":{\"@id\":\"https:\\\/\\\/radioljubuski.ba\\\/#website\"},\"primaryImageOfPage\":{\"@id\":\"https:\\\/\\\/radioljubuski.ba\\\/index.php\\\/2021\\\/11\\\/07\\\/slobodna-dalmacija-o-maslinarskom-cudu-u-ljubuskom\\\/#primaryimage\"},\"image\":{\"@id\":\"https:\\\/\\\/radioljubuski.ba\\\/index.php\\\/2021\\\/11\\\/07\\\/slobodna-dalmacija-o-maslinarskom-cudu-u-ljubuskom\\\/#primaryimage\"},\"thumbnailUrl\":\"https:\\\/\\\/radioljubuski.ba\\\/wp-content\\\/uploads\\\/2021\\\/11\\\/cudo-u-ljubuskom-ne-viruju-dalmatinci-kada-dodu-gledat-posjetili-smo-m-2611909.jpeg\",\"datePublished\":\"2021-11-07T10:52:23+00:00\",\"dateModified\":\"2021-11-08T12:41:20+00:00\",\"breadcrumb\":{\"@id\":\"https:\\\/\\\/radioljubuski.ba\\\/index.php\\\/2021\\\/11\\\/07\\\/slobodna-dalmacija-o-maslinarskom-cudu-u-ljubuskom\\\/#breadcrumb\"},\"inLanguage\":\"hr\",\"potentialAction\":[{\"@type\":\"ReadAction\",\"target\":[\"https:\\\/\\\/radioljubuski.ba\\\/index.php\\\/2021\\\/11\\\/07\\\/slobodna-dalmacija-o-maslinarskom-cudu-u-ljubuskom\\\/\"]}]},{\"@type\":\"ImageObject\",\"inLanguage\":\"hr\",\"@id\":\"https:\\\/\\\/radioljubuski.ba\\\/index.php\\\/2021\\\/11\\\/07\\\/slobodna-dalmacija-o-maslinarskom-cudu-u-ljubuskom\\\/#primaryimage\",\"url\":\"https:\\\/\\\/radioljubuski.ba\\\/wp-content\\\/uploads\\\/2021\\\/11\\\/cudo-u-ljubuskom-ne-viruju-dalmatinci-kada-dodu-gledat-posjetili-smo-m-2611909.jpeg\",\"contentUrl\":\"https:\\\/\\\/radioljubuski.ba\\\/wp-content\\\/uploads\\\/2021\\\/11\\\/cudo-u-ljubuskom-ne-viruju-dalmatinci-kada-dodu-gledat-posjetili-smo-m-2611909.jpeg\",\"width\":672,\"height\":450},{\"@type\":\"BreadcrumbList\",\"@id\":\"https:\\\/\\\/radioljubuski.ba\\\/index.php\\\/2021\\\/11\\\/07\\\/slobodna-dalmacija-o-maslinarskom-cudu-u-ljubuskom\\\/#breadcrumb\",\"itemListElement\":[{\"@type\":\"ListItem\",\"position\":1,\"name\":\"Po\u010detna stranica\",\"item\":\"https:\\\/\\\/radioljubuski.ba\\\/\"},{\"@type\":\"ListItem\",\"position\":2,\"name\":\"Slobodna Dalmacija o maslinarskom \u010dudu u Ljubu\u0161kom\"}]},{\"@type\":\"WebSite\",\"@id\":\"https:\\\/\\\/radioljubuski.ba\\\/#website\",\"url\":\"https:\\\/\\\/radioljubuski.ba\\\/\",\"name\":\"Radio Ljubu\u0161ki\",\"description\":\"Sun\u010dana frekvencija Hercegovine\",\"publisher\":{\"@id\":\"https:\\\/\\\/radioljubuski.ba\\\/#organization\"},\"potentialAction\":[{\"@type\":\"SearchAction\",\"target\":{\"@type\":\"EntryPoint\",\"urlTemplate\":\"https:\\\/\\\/radioljubuski.ba\\\/?s={search_term_string}\"},\"query-input\":{\"@type\":\"PropertyValueSpecification\",\"valueRequired\":true,\"valueName\":\"search_term_string\"}}],\"inLanguage\":\"hr\"},{\"@type\":\"Organization\",\"@id\":\"https:\\\/\\\/radioljubuski.ba\\\/#organization\",\"name\":\"Radio Ljubu\u0161ki\",\"url\":\"https:\\\/\\\/radioljubuski.ba\\\/\",\"logo\":{\"@type\":\"ImageObject\",\"inLanguage\":\"hr\",\"@id\":\"https:\\\/\\\/radioljubuski.ba\\\/#\\\/schema\\\/logo\\\/image\\\/\",\"url\":\"https:\\\/\\\/radioljubuski.ba\\\/wp-content\\\/uploads\\\/2021\\\/02\\\/cropped-Radio_Ljubuski_logo1.jpg\",\"contentUrl\":\"https:\\\/\\\/radioljubuski.ba\\\/wp-content\\\/uploads\\\/2021\\\/02\\\/cropped-Radio_Ljubuski_logo1.jpg\",\"width\":512,\"height\":512,\"caption\":\"Radio Ljubu\u0161ki\"},\"image\":{\"@id\":\"https:\\\/\\\/radioljubuski.ba\\\/#\\\/schema\\\/logo\\\/image\\\/\"},\"sameAs\":[\"https:\\\/\\\/www.facebook.com\\\/Radiio-Ljubuski-1490835324566332\",\"https:\\\/\\\/x.com\\\/radioljubuski\",\"https:\\\/\\\/hr.linkedin.com\\\/company\\\/radio-ljubuski\",\"https:\\\/\\\/www.youtube.com\\\/channel\\\/UCHYaeO_n0Db3tjNGudGpXyw\"]},{\"@type\":\"Person\",\"@id\":\"https:\\\/\\\/radioljubuski.ba\\\/#\\\/schema\\\/person\\\/19fc700381a780f69665d7956c469e3b\",\"name\":\"Radio Ljubu\u0161ki\"}]}<\/script>\n<!-- \/ Yoast SEO plugin. -->","yoast_head_json":{"title":"Slobodna Dalmacija o maslinarskom \u010dudu u Ljubu\u0161kom - RADIO LJUBU\u0160KI","robots":{"index":"index","follow":"follow","max-snippet":"max-snippet:-1","max-image-preview":"max-image-preview:large","max-video-preview":"max-video-preview:-1"},"canonical":"https:\/\/radioljubuski.ba\/index.php\/2021\/11\/07\/slobodna-dalmacija-o-maslinarskom-cudu-u-ljubuskom\/","og_locale":"hr_HR","og_type":"article","og_title":"Slobodna Dalmacija o maslinarskom \u010dudu u Ljubu\u0161kom - RADIO LJUBU\u0160KI","og_description":"Lani je bija svjetski rekord: 170 tona smo ubrali, grane se bile obisile do poda, a kvaliteta izvanredna. Ove godine ne\u0107e bit ni blizu, u vri glave tre\u0107ina lanjskoga uroda. Ne mere\u0161 ni\u0161ta, ne ra\u0111a svake godine isto&#8230; Takvog maslinika ne bi se postidjeli od \u0160panjolske do Sicilije i Gr\u010dke, od Turske do Maroka. Sve [&hellip;]","og_url":"https:\/\/radioljubuski.ba\/index.php\/2021\/11\/07\/slobodna-dalmacija-o-maslinarskom-cudu-u-ljubuskom\/","og_site_name":"RADIO LJUBU\u0160KI","article_publisher":"https:\/\/www.facebook.com\/Radiio-Ljubuski-1490835324566332","article_published_time":"2021-11-07T10:52:23+00:00","article_modified_time":"2021-11-08T12:41:20+00:00","og_image":[{"width":672,"height":450,"url":"https:\/\/radioljubuski.ba\/wp-content\/uploads\/2021\/11\/cudo-u-ljubuskom-ne-viruju-dalmatinci-kada-dodu-gledat-posjetili-smo-m-2611909.jpeg","type":"image\/jpeg"}],"author":"Radio Ljubu\u0161ki","twitter_card":"summary_large_image","twitter_creator":"@radioljubuski","twitter_site":"@radioljubuski","twitter_misc":{"Napisao\/la":"Radio Ljubu\u0161ki","Procijenjeno vrijeme \u010ditanja":"9 minuta"},"schema":{"@context":"https:\/\/schema.org","@graph":[{"@type":"Article","@id":"https:\/\/radioljubuski.ba\/index.php\/2021\/11\/07\/slobodna-dalmacija-o-maslinarskom-cudu-u-ljubuskom\/#article","isPartOf":{"@id":"https:\/\/radioljubuski.ba\/index.php\/2021\/11\/07\/slobodna-dalmacija-o-maslinarskom-cudu-u-ljubuskom\/"},"author":{"name":"Radio Ljubu\u0161ki","@id":"https:\/\/radioljubuski.ba\/#\/schema\/person\/19fc700381a780f69665d7956c469e3b"},"headline":"Slobodna Dalmacija o maslinarskom \u010dudu u Ljubu\u0161kom","datePublished":"2021-11-07T10:52:23+00:00","dateModified":"2021-11-08T12:41:20+00:00","mainEntityOfPage":{"@id":"https:\/\/radioljubuski.ba\/index.php\/2021\/11\/07\/slobodna-dalmacija-o-maslinarskom-cudu-u-ljubuskom\/"},"wordCount":1832,"publisher":{"@id":"https:\/\/radioljubuski.ba\/#organization"},"image":{"@id":"https:\/\/radioljubuski.ba\/index.php\/2021\/11\/07\/slobodna-dalmacija-o-maslinarskom-cudu-u-ljubuskom\/#primaryimage"},"thumbnailUrl":"https:\/\/radioljubuski.ba\/wp-content\/uploads\/2021\/11\/cudo-u-ljubuskom-ne-viruju-dalmatinci-kada-dodu-gledat-posjetili-smo-m-2611909.jpeg","articleSection":["Ljubu\u0161ki"],"inLanguage":"hr"},{"@type":"WebPage","@id":"https:\/\/radioljubuski.ba\/index.php\/2021\/11\/07\/slobodna-dalmacija-o-maslinarskom-cudu-u-ljubuskom\/","url":"https:\/\/radioljubuski.ba\/index.php\/2021\/11\/07\/slobodna-dalmacija-o-maslinarskom-cudu-u-ljubuskom\/","name":"Slobodna Dalmacija o maslinarskom \u010dudu u Ljubu\u0161kom - RADIO LJUBU\u0160KI","isPartOf":{"@id":"https:\/\/radioljubuski.ba\/#website"},"primaryImageOfPage":{"@id":"https:\/\/radioljubuski.ba\/index.php\/2021\/11\/07\/slobodna-dalmacija-o-maslinarskom-cudu-u-ljubuskom\/#primaryimage"},"image":{"@id":"https:\/\/radioljubuski.ba\/index.php\/2021\/11\/07\/slobodna-dalmacija-o-maslinarskom-cudu-u-ljubuskom\/#primaryimage"},"thumbnailUrl":"https:\/\/radioljubuski.ba\/wp-content\/uploads\/2021\/11\/cudo-u-ljubuskom-ne-viruju-dalmatinci-kada-dodu-gledat-posjetili-smo-m-2611909.jpeg","datePublished":"2021-11-07T10:52:23+00:00","dateModified":"2021-11-08T12:41:20+00:00","breadcrumb":{"@id":"https:\/\/radioljubuski.ba\/index.php\/2021\/11\/07\/slobodna-dalmacija-o-maslinarskom-cudu-u-ljubuskom\/#breadcrumb"},"inLanguage":"hr","potentialAction":[{"@type":"ReadAction","target":["https:\/\/radioljubuski.ba\/index.php\/2021\/11\/07\/slobodna-dalmacija-o-maslinarskom-cudu-u-ljubuskom\/"]}]},{"@type":"ImageObject","inLanguage":"hr","@id":"https:\/\/radioljubuski.ba\/index.php\/2021\/11\/07\/slobodna-dalmacija-o-maslinarskom-cudu-u-ljubuskom\/#primaryimage","url":"https:\/\/radioljubuski.ba\/wp-content\/uploads\/2021\/11\/cudo-u-ljubuskom-ne-viruju-dalmatinci-kada-dodu-gledat-posjetili-smo-m-2611909.jpeg","contentUrl":"https:\/\/radioljubuski.ba\/wp-content\/uploads\/2021\/11\/cudo-u-ljubuskom-ne-viruju-dalmatinci-kada-dodu-gledat-posjetili-smo-m-2611909.jpeg","width":672,"height":450},{"@type":"BreadcrumbList","@id":"https:\/\/radioljubuski.ba\/index.php\/2021\/11\/07\/slobodna-dalmacija-o-maslinarskom-cudu-u-ljubuskom\/#breadcrumb","itemListElement":[{"@type":"ListItem","position":1,"name":"Po\u010detna stranica","item":"https:\/\/radioljubuski.ba\/"},{"@type":"ListItem","position":2,"name":"Slobodna Dalmacija o maslinarskom \u010dudu u Ljubu\u0161kom"}]},{"@type":"WebSite","@id":"https:\/\/radioljubuski.ba\/#website","url":"https:\/\/radioljubuski.ba\/","name":"Radio Ljubu\u0161ki","description":"Sun\u010dana frekvencija Hercegovine","publisher":{"@id":"https:\/\/radioljubuski.ba\/#organization"},"potentialAction":[{"@type":"SearchAction","target":{"@type":"EntryPoint","urlTemplate":"https:\/\/radioljubuski.ba\/?s={search_term_string}"},"query-input":{"@type":"PropertyValueSpecification","valueRequired":true,"valueName":"search_term_string"}}],"inLanguage":"hr"},{"@type":"Organization","@id":"https:\/\/radioljubuski.ba\/#organization","name":"Radio Ljubu\u0161ki","url":"https:\/\/radioljubuski.ba\/","logo":{"@type":"ImageObject","inLanguage":"hr","@id":"https:\/\/radioljubuski.ba\/#\/schema\/logo\/image\/","url":"https:\/\/radioljubuski.ba\/wp-content\/uploads\/2021\/02\/cropped-Radio_Ljubuski_logo1.jpg","contentUrl":"https:\/\/radioljubuski.ba\/wp-content\/uploads\/2021\/02\/cropped-Radio_Ljubuski_logo1.jpg","width":512,"height":512,"caption":"Radio Ljubu\u0161ki"},"image":{"@id":"https:\/\/radioljubuski.ba\/#\/schema\/logo\/image\/"},"sameAs":["https:\/\/www.facebook.com\/Radiio-Ljubuski-1490835324566332","https:\/\/x.com\/radioljubuski","https:\/\/hr.linkedin.com\/company\/radio-ljubuski","https:\/\/www.youtube.com\/channel\/UCHYaeO_n0Db3tjNGudGpXyw"]},{"@type":"Person","@id":"https:\/\/radioljubuski.ba\/#\/schema\/person\/19fc700381a780f69665d7956c469e3b","name":"Radio Ljubu\u0161ki"}]}},"_links":{"self":[{"href":"https:\/\/radioljubuski.ba\/index.php\/wp-json\/wp\/v2\/posts\/86102","targetHints":{"allow":["GET"]}}],"collection":[{"href":"https:\/\/radioljubuski.ba\/index.php\/wp-json\/wp\/v2\/posts"}],"about":[{"href":"https:\/\/radioljubuski.ba\/index.php\/wp-json\/wp\/v2\/types\/post"}],"author":[{"embeddable":true,"href":"https:\/\/radioljubuski.ba\/index.php\/wp-json\/wp\/v2\/users\/2"}],"replies":[{"embeddable":true,"href":"https:\/\/radioljubuski.ba\/index.php\/wp-json\/wp\/v2\/comments?post=86102"}],"version-history":[{"count":2,"href":"https:\/\/radioljubuski.ba\/index.php\/wp-json\/wp\/v2\/posts\/86102\/revisions"}],"predecessor-version":[{"id":86196,"href":"https:\/\/radioljubuski.ba\/index.php\/wp-json\/wp\/v2\/posts\/86102\/revisions\/86196"}],"wp:featuredmedia":[{"embeddable":true,"href":"https:\/\/radioljubuski.ba\/index.php\/wp-json\/wp\/v2\/media\/86103"}],"wp:attachment":[{"href":"https:\/\/radioljubuski.ba\/index.php\/wp-json\/wp\/v2\/media?parent=86102"}],"wp:term":[{"taxonomy":"category","embeddable":true,"href":"https:\/\/radioljubuski.ba\/index.php\/wp-json\/wp\/v2\/categories?post=86102"},{"taxonomy":"post_tag","embeddable":true,"href":"https:\/\/radioljubuski.ba\/index.php\/wp-json\/wp\/v2\/tags?post=86102"}],"curies":[{"name":"wp","href":"https:\/\/api.w.org\/{rel}","templated":true}]}}