{"id":86136,"date":"2021-11-07T17:48:42","date_gmt":"2021-11-07T16:48:42","guid":{"rendered":"https:\/\/radioljubuski.ba\/?p=86136"},"modified":"2021-11-07T17:48:42","modified_gmt":"2021-11-07T16:48:42","slug":"nabujali-potok-odnio-most-kod-konjica-sve-vise-klizista-aktivno","status":"publish","type":"post","link":"https:\/\/radioljubuski.ba\/index.php\/2021\/11\/07\/nabujali-potok-odnio-most-kod-konjica-sve-vise-klizista-aktivno\/","title":{"rendered":"Nabujali potok odnio most kod Konjica, sve vi\u0161e klizi\u0161ta aktivno"},"content":{"rendered":"\n<p>I jutro\u0161nji izvje\u0161taj Operativnog centra Civilne za\u0161tite HN\u017d govori o posljedicama obilnih padalina koje su se dogodile ovoga tjedna.&nbsp;<\/p>\n\n\n\n<p>Konjic<\/p>\n\n\n\n<p>Vodostaj rijeke Neretve u opadanju. Tijekom no\u0107i do\u0161lo je do prekida padavina.Na regionalnom putu R -436 Borci &#8211; Kalinovik, na lokaciji Dindol, promet je u prekidu. Put od naselja Svijen\u010da prema naselju Ljuta, gdje je potok odnio most, trenutno je prohodan za terenska vozila.<\/p>\n\n\n\n<p>Deblokirana je putna komunikacija prema naseljima Jasenik, Piri\u0107i i Tuleg.<\/p>\n\n\n\n<p>Put prema naselju Rajac jo\u0161 uvijek nije prohodan za vozila. Danas \u0107e biti nastavljene aktivnosti slanja gra\u0111evinskih strojeva prema naselju Hotovlje putnom komunikacijom iz pravca Kalinovika, kako bi se sanirale posljedice klizi\u0161ta.<\/p>\n\n\n\n<p>Upu\u0107en je zahtjev za pomo\u0107 u anga\u017eiranju gra\u0111evinskih strojeva (bageri), kako bi se u \u0161to skorije vrijeme rije\u0161io problem na deblokadi putne komunikacije prema naselju Hotovlje i lokalnih putova u MZ Bjelimi\u0107i i MZ Glavati\u010devo.<\/p>\n\n\n\n<p>U prekidu je elektro opskrba od naselja Svijen\u010da prema naselju Ljuta &nbsp;i od naselja Dindol prema naselju Hotovlje.<\/p>\n\n\n\n<p>Jablanica<\/p>\n\n\n\n<p>Na cijelom podru\u010dju op\u0107ine Jablanica, uz pomo\u0107 raspolo\u017eive mehanizacije radilo se na \u010di\u0161\u0107enju lokalnih putova. Neprohodan je lokalni put za naselje Treti\u0161te, u mjesnoj zajednici Glogo\u0161nica, gdje je do\u0161lo do uni\u0161tenja puta u du\u017eini oko 30 m.<br>Registrirano je vi\u0161e klizi\u0161ta u naseljenim mjestima, koje je neophodno sanirati nakon pobolj\u0161anja vremenskih uvjeta.<\/p>\n\n\n\n<p>Izvor:pogled.ba<\/p>\n","protected":false},"excerpt":{"rendered":"<p>I jutro\u0161nji izvje\u0161taj Operativnog centra Civilne za\u0161tite HN\u017d govori o posljedicama obilnih padalina koje su se dogodile ovoga tjedna.&nbsp; Konjic Vodostaj rijeke Neretve u opadanju. Tijekom no\u0107i do\u0161lo je do prekida padavina.Na regionalnom putu R -436 Borci &#8211; Kalinovik, na lokaciji Dindol, promet je u prekidu. Put od naselja Svijen\u010da prema naselju Ljuta, gdje je [&hellip;]<\/p>\n","protected":false},"author":2,"featured_media":86137,"comment_status":"closed","ping_status":"closed","sticky":false,"template":"","format":"standard","meta":{"h5ap_radio_sources":[],"footnotes":""},"categories":[1],"tags":[],"class_list":["post-86136","post","type-post","status-publish","format-standard","has-post-thumbnail","hentry","category-bihiregija"],"yoast_head":"<!-- This site is optimized with the Yoast SEO plugin v27.5 - https:\/\/yoast.com\/product\/yoast-seo-wordpress\/ -->\n<title>Nabujali potok odnio most kod Konjica, sve vi\u0161e klizi\u0161ta aktivno - RADIO LJUBU\u0160KI<\/title>\n<meta name=\"robots\" content=\"index, follow, max-snippet:-1, max-image-preview:large, max-video-preview:-1\" \/>\n<link rel=\"canonical\" href=\"https:\/\/radioljubuski.ba\/index.php\/2021\/11\/07\/nabujali-potok-odnio-most-kod-konjica-sve-vise-klizista-aktivno\/\" \/>\n<meta property=\"og:locale\" content=\"hr_HR\" \/>\n<meta property=\"og:type\" content=\"article\" \/>\n<meta property=\"og:title\" content=\"Nabujali potok odnio most kod Konjica, sve vi\u0161e klizi\u0161ta aktivno - RADIO LJUBU\u0160KI\" \/>\n<meta property=\"og:description\" content=\"I jutro\u0161nji izvje\u0161taj Operativnog centra Civilne za\u0161tite HN\u017d govori o posljedicama obilnih padalina koje su se dogodile ovoga tjedna.&nbsp; Konjic Vodostaj rijeke Neretve u opadanju. Tijekom no\u0107i do\u0161lo je do prekida padavina.Na regionalnom putu R -436 Borci &#8211; Kalinovik, na lokaciji Dindol, promet je u prekidu. Put od naselja Svijen\u010da prema naselju Ljuta, gdje je [&hellip;]\" \/>\n<meta property=\"og:url\" content=\"https:\/\/radioljubuski.ba\/index.php\/2021\/11\/07\/nabujali-potok-odnio-most-kod-konjica-sve-vise-klizista-aktivno\/\" \/>\n<meta property=\"og:site_name\" content=\"RADIO LJUBU\u0160KI\" \/>\n<meta property=\"article:publisher\" content=\"https:\/\/www.facebook.com\/Radiio-Ljubuski-1490835324566332\" \/>\n<meta property=\"article:published_time\" content=\"2021-11-07T16:48:42+00:00\" \/>\n<meta property=\"og:image\" content=\"https:\/\/radioljubuski.ba\/wp-content\/uploads\/2021\/11\/3-2021-11-05-19-15-21-jablanica-1.jpg\" \/>\n\t<meta property=\"og:image:width\" content=\"1000\" \/>\n\t<meta property=\"og:image:height\" content=\"625\" \/>\n\t<meta property=\"og:image:type\" content=\"image\/jpeg\" \/>\n<meta name=\"author\" content=\"Radio Ljubu\u0161ki\" \/>\n<meta name=\"twitter:card\" content=\"summary_large_image\" \/>\n<meta name=\"twitter:creator\" content=\"@radioljubuski\" \/>\n<meta name=\"twitter:site\" content=\"@radioljubuski\" \/>\n<meta name=\"twitter:label1\" content=\"Napisao\/la\" \/>\n\t<meta name=\"twitter:data1\" content=\"Radio Ljubu\u0161ki\" \/>\n\t<meta name=\"twitter:label2\" content=\"Procijenjeno vrijeme \u010ditanja\" \/>\n\t<meta name=\"twitter:data2\" content=\"1 minuta\" \/>\n<script type=\"application\/ld+json\" class=\"yoast-schema-graph\">{\"@context\":\"https:\\\/\\\/schema.org\",\"@graph\":[{\"@type\":\"Article\",\"@id\":\"https:\\\/\\\/radioljubuski.ba\\\/index.php\\\/2021\\\/11\\\/07\\\/nabujali-potok-odnio-most-kod-konjica-sve-vise-klizista-aktivno\\\/#article\",\"isPartOf\":{\"@id\":\"https:\\\/\\\/radioljubuski.ba\\\/index.php\\\/2021\\\/11\\\/07\\\/nabujali-potok-odnio-most-kod-konjica-sve-vise-klizista-aktivno\\\/\"},\"author\":{\"name\":\"Radio Ljubu\u0161ki\",\"@id\":\"https:\\\/\\\/radioljubuski.ba\\\/#\\\/schema\\\/person\\\/19fc700381a780f69665d7956c469e3b\"},\"headline\":\"Nabujali potok odnio most kod Konjica, sve vi\u0161e klizi\u0161ta aktivno\",\"datePublished\":\"2021-11-07T16:48:42+00:00\",\"mainEntityOfPage\":{\"@id\":\"https:\\\/\\\/radioljubuski.ba\\\/index.php\\\/2021\\\/11\\\/07\\\/nabujali-potok-odnio-most-kod-konjica-sve-vise-klizista-aktivno\\\/\"},\"wordCount\":257,\"publisher\":{\"@id\":\"https:\\\/\\\/radioljubuski.ba\\\/#organization\"},\"image\":{\"@id\":\"https:\\\/\\\/radioljubuski.ba\\\/index.php\\\/2021\\\/11\\\/07\\\/nabujali-potok-odnio-most-kod-konjica-sve-vise-klizista-aktivno\\\/#primaryimage\"},\"thumbnailUrl\":\"https:\\\/\\\/radioljubuski.ba\\\/wp-content\\\/uploads\\\/2021\\\/11\\\/3-2021-11-05-19-15-21-jablanica-1.jpg\",\"articleSection\":[\"BIH i regija\"],\"inLanguage\":\"hr\"},{\"@type\":\"WebPage\",\"@id\":\"https:\\\/\\\/radioljubuski.ba\\\/index.php\\\/2021\\\/11\\\/07\\\/nabujali-potok-odnio-most-kod-konjica-sve-vise-klizista-aktivno\\\/\",\"url\":\"https:\\\/\\\/radioljubuski.ba\\\/index.php\\\/2021\\\/11\\\/07\\\/nabujali-potok-odnio-most-kod-konjica-sve-vise-klizista-aktivno\\\/\",\"name\":\"Nabujali potok odnio most kod Konjica, sve vi\u0161e klizi\u0161ta aktivno - RADIO LJUBU\u0160KI\",\"isPartOf\":{\"@id\":\"https:\\\/\\\/radioljubuski.ba\\\/#website\"},\"primaryImageOfPage\":{\"@id\":\"https:\\\/\\\/radioljubuski.ba\\\/index.php\\\/2021\\\/11\\\/07\\\/nabujali-potok-odnio-most-kod-konjica-sve-vise-klizista-aktivno\\\/#primaryimage\"},\"image\":{\"@id\":\"https:\\\/\\\/radioljubuski.ba\\\/index.php\\\/2021\\\/11\\\/07\\\/nabujali-potok-odnio-most-kod-konjica-sve-vise-klizista-aktivno\\\/#primaryimage\"},\"thumbnailUrl\":\"https:\\\/\\\/radioljubuski.ba\\\/wp-content\\\/uploads\\\/2021\\\/11\\\/3-2021-11-05-19-15-21-jablanica-1.jpg\",\"datePublished\":\"2021-11-07T16:48:42+00:00\",\"breadcrumb\":{\"@id\":\"https:\\\/\\\/radioljubuski.ba\\\/index.php\\\/2021\\\/11\\\/07\\\/nabujali-potok-odnio-most-kod-konjica-sve-vise-klizista-aktivno\\\/#breadcrumb\"},\"inLanguage\":\"hr\",\"potentialAction\":[{\"@type\":\"ReadAction\",\"target\":[\"https:\\\/\\\/radioljubuski.ba\\\/index.php\\\/2021\\\/11\\\/07\\\/nabujali-potok-odnio-most-kod-konjica-sve-vise-klizista-aktivno\\\/\"]}]},{\"@type\":\"ImageObject\",\"inLanguage\":\"hr\",\"@id\":\"https:\\\/\\\/radioljubuski.ba\\\/index.php\\\/2021\\\/11\\\/07\\\/nabujali-potok-odnio-most-kod-konjica-sve-vise-klizista-aktivno\\\/#primaryimage\",\"url\":\"https:\\\/\\\/radioljubuski.ba\\\/wp-content\\\/uploads\\\/2021\\\/11\\\/3-2021-11-05-19-15-21-jablanica-1.jpg\",\"contentUrl\":\"https:\\\/\\\/radioljubuski.ba\\\/wp-content\\\/uploads\\\/2021\\\/11\\\/3-2021-11-05-19-15-21-jablanica-1.jpg\",\"width\":1000,\"height\":625},{\"@type\":\"BreadcrumbList\",\"@id\":\"https:\\\/\\\/radioljubuski.ba\\\/index.php\\\/2021\\\/11\\\/07\\\/nabujali-potok-odnio-most-kod-konjica-sve-vise-klizista-aktivno\\\/#breadcrumb\",\"itemListElement\":[{\"@type\":\"ListItem\",\"position\":1,\"name\":\"Po\u010detna stranica\",\"item\":\"https:\\\/\\\/radioljubuski.ba\\\/\"},{\"@type\":\"ListItem\",\"position\":2,\"name\":\"Nabujali potok odnio most kod Konjica, sve vi\u0161e klizi\u0161ta aktivno\"}]},{\"@type\":\"WebSite\",\"@id\":\"https:\\\/\\\/radioljubuski.ba\\\/#website\",\"url\":\"https:\\\/\\\/radioljubuski.ba\\\/\",\"name\":\"Radio Ljubu\u0161ki\",\"description\":\"Sun\u010dana frekvencija Hercegovine\",\"publisher\":{\"@id\":\"https:\\\/\\\/radioljubuski.ba\\\/#organization\"},\"potentialAction\":[{\"@type\":\"SearchAction\",\"target\":{\"@type\":\"EntryPoint\",\"urlTemplate\":\"https:\\\/\\\/radioljubuski.ba\\\/?s={search_term_string}\"},\"query-input\":{\"@type\":\"PropertyValueSpecification\",\"valueRequired\":true,\"valueName\":\"search_term_string\"}}],\"inLanguage\":\"hr\"},{\"@type\":\"Organization\",\"@id\":\"https:\\\/\\\/radioljubuski.ba\\\/#organization\",\"name\":\"Radio Ljubu\u0161ki\",\"url\":\"https:\\\/\\\/radioljubuski.ba\\\/\",\"logo\":{\"@type\":\"ImageObject\",\"inLanguage\":\"hr\",\"@id\":\"https:\\\/\\\/radioljubuski.ba\\\/#\\\/schema\\\/logo\\\/image\\\/\",\"url\":\"https:\\\/\\\/radioljubuski.ba\\\/wp-content\\\/uploads\\\/2021\\\/02\\\/cropped-Radio_Ljubuski_logo1.jpg\",\"contentUrl\":\"https:\\\/\\\/radioljubuski.ba\\\/wp-content\\\/uploads\\\/2021\\\/02\\\/cropped-Radio_Ljubuski_logo1.jpg\",\"width\":512,\"height\":512,\"caption\":\"Radio Ljubu\u0161ki\"},\"image\":{\"@id\":\"https:\\\/\\\/radioljubuski.ba\\\/#\\\/schema\\\/logo\\\/image\\\/\"},\"sameAs\":[\"https:\\\/\\\/www.facebook.com\\\/Radiio-Ljubuski-1490835324566332\",\"https:\\\/\\\/x.com\\\/radioljubuski\",\"https:\\\/\\\/hr.linkedin.com\\\/company\\\/radio-ljubuski\",\"https:\\\/\\\/www.youtube.com\\\/channel\\\/UCHYaeO_n0Db3tjNGudGpXyw\"]},{\"@type\":\"Person\",\"@id\":\"https:\\\/\\\/radioljubuski.ba\\\/#\\\/schema\\\/person\\\/19fc700381a780f69665d7956c469e3b\",\"name\":\"Radio Ljubu\u0161ki\"}]}<\/script>\n<!-- \/ Yoast SEO plugin. -->","yoast_head_json":{"title":"Nabujali potok odnio most kod Konjica, sve vi\u0161e klizi\u0161ta aktivno - RADIO LJUBU\u0160KI","robots":{"index":"index","follow":"follow","max-snippet":"max-snippet:-1","max-image-preview":"max-image-preview:large","max-video-preview":"max-video-preview:-1"},"canonical":"https:\/\/radioljubuski.ba\/index.php\/2021\/11\/07\/nabujali-potok-odnio-most-kod-konjica-sve-vise-klizista-aktivno\/","og_locale":"hr_HR","og_type":"article","og_title":"Nabujali potok odnio most kod Konjica, sve vi\u0161e klizi\u0161ta aktivno - RADIO LJUBU\u0160KI","og_description":"I jutro\u0161nji izvje\u0161taj Operativnog centra Civilne za\u0161tite HN\u017d govori o posljedicama obilnih padalina koje su se dogodile ovoga tjedna.&nbsp; Konjic Vodostaj rijeke Neretve u opadanju. Tijekom no\u0107i do\u0161lo je do prekida padavina.Na regionalnom putu R -436 Borci &#8211; Kalinovik, na lokaciji Dindol, promet je u prekidu. Put od naselja Svijen\u010da prema naselju Ljuta, gdje je [&hellip;]","og_url":"https:\/\/radioljubuski.ba\/index.php\/2021\/11\/07\/nabujali-potok-odnio-most-kod-konjica-sve-vise-klizista-aktivno\/","og_site_name":"RADIO LJUBU\u0160KI","article_publisher":"https:\/\/www.facebook.com\/Radiio-Ljubuski-1490835324566332","article_published_time":"2021-11-07T16:48:42+00:00","og_image":[{"width":1000,"height":625,"url":"https:\/\/radioljubuski.ba\/wp-content\/uploads\/2021\/11\/3-2021-11-05-19-15-21-jablanica-1.jpg","type":"image\/jpeg"}],"author":"Radio Ljubu\u0161ki","twitter_card":"summary_large_image","twitter_creator":"@radioljubuski","twitter_site":"@radioljubuski","twitter_misc":{"Napisao\/la":"Radio Ljubu\u0161ki","Procijenjeno vrijeme \u010ditanja":"1 minuta"},"schema":{"@context":"https:\/\/schema.org","@graph":[{"@type":"Article","@id":"https:\/\/radioljubuski.ba\/index.php\/2021\/11\/07\/nabujali-potok-odnio-most-kod-konjica-sve-vise-klizista-aktivno\/#article","isPartOf":{"@id":"https:\/\/radioljubuski.ba\/index.php\/2021\/11\/07\/nabujali-potok-odnio-most-kod-konjica-sve-vise-klizista-aktivno\/"},"author":{"name":"Radio Ljubu\u0161ki","@id":"https:\/\/radioljubuski.ba\/#\/schema\/person\/19fc700381a780f69665d7956c469e3b"},"headline":"Nabujali potok odnio most kod Konjica, sve vi\u0161e klizi\u0161ta aktivno","datePublished":"2021-11-07T16:48:42+00:00","mainEntityOfPage":{"@id":"https:\/\/radioljubuski.ba\/index.php\/2021\/11\/07\/nabujali-potok-odnio-most-kod-konjica-sve-vise-klizista-aktivno\/"},"wordCount":257,"publisher":{"@id":"https:\/\/radioljubuski.ba\/#organization"},"image":{"@id":"https:\/\/radioljubuski.ba\/index.php\/2021\/11\/07\/nabujali-potok-odnio-most-kod-konjica-sve-vise-klizista-aktivno\/#primaryimage"},"thumbnailUrl":"https:\/\/radioljubuski.ba\/wp-content\/uploads\/2021\/11\/3-2021-11-05-19-15-21-jablanica-1.jpg","articleSection":["BIH i regija"],"inLanguage":"hr"},{"@type":"WebPage","@id":"https:\/\/radioljubuski.ba\/index.php\/2021\/11\/07\/nabujali-potok-odnio-most-kod-konjica-sve-vise-klizista-aktivno\/","url":"https:\/\/radioljubuski.ba\/index.php\/2021\/11\/07\/nabujali-potok-odnio-most-kod-konjica-sve-vise-klizista-aktivno\/","name":"Nabujali potok odnio most kod Konjica, sve vi\u0161e klizi\u0161ta aktivno - RADIO LJUBU\u0160KI","isPartOf":{"@id":"https:\/\/radioljubuski.ba\/#website"},"primaryImageOfPage":{"@id":"https:\/\/radioljubuski.ba\/index.php\/2021\/11\/07\/nabujali-potok-odnio-most-kod-konjica-sve-vise-klizista-aktivno\/#primaryimage"},"image":{"@id":"https:\/\/radioljubuski.ba\/index.php\/2021\/11\/07\/nabujali-potok-odnio-most-kod-konjica-sve-vise-klizista-aktivno\/#primaryimage"},"thumbnailUrl":"https:\/\/radioljubuski.ba\/wp-content\/uploads\/2021\/11\/3-2021-11-05-19-15-21-jablanica-1.jpg","datePublished":"2021-11-07T16:48:42+00:00","breadcrumb":{"@id":"https:\/\/radioljubuski.ba\/index.php\/2021\/11\/07\/nabujali-potok-odnio-most-kod-konjica-sve-vise-klizista-aktivno\/#breadcrumb"},"inLanguage":"hr","potentialAction":[{"@type":"ReadAction","target":["https:\/\/radioljubuski.ba\/index.php\/2021\/11\/07\/nabujali-potok-odnio-most-kod-konjica-sve-vise-klizista-aktivno\/"]}]},{"@type":"ImageObject","inLanguage":"hr","@id":"https:\/\/radioljubuski.ba\/index.php\/2021\/11\/07\/nabujali-potok-odnio-most-kod-konjica-sve-vise-klizista-aktivno\/#primaryimage","url":"https:\/\/radioljubuski.ba\/wp-content\/uploads\/2021\/11\/3-2021-11-05-19-15-21-jablanica-1.jpg","contentUrl":"https:\/\/radioljubuski.ba\/wp-content\/uploads\/2021\/11\/3-2021-11-05-19-15-21-jablanica-1.jpg","width":1000,"height":625},{"@type":"BreadcrumbList","@id":"https:\/\/radioljubuski.ba\/index.php\/2021\/11\/07\/nabujali-potok-odnio-most-kod-konjica-sve-vise-klizista-aktivno\/#breadcrumb","itemListElement":[{"@type":"ListItem","position":1,"name":"Po\u010detna stranica","item":"https:\/\/radioljubuski.ba\/"},{"@type":"ListItem","position":2,"name":"Nabujali potok odnio most kod Konjica, sve vi\u0161e klizi\u0161ta aktivno"}]},{"@type":"WebSite","@id":"https:\/\/radioljubuski.ba\/#website","url":"https:\/\/radioljubuski.ba\/","name":"Radio Ljubu\u0161ki","description":"Sun\u010dana frekvencija Hercegovine","publisher":{"@id":"https:\/\/radioljubuski.ba\/#organization"},"potentialAction":[{"@type":"SearchAction","target":{"@type":"EntryPoint","urlTemplate":"https:\/\/radioljubuski.ba\/?s={search_term_string}"},"query-input":{"@type":"PropertyValueSpecification","valueRequired":true,"valueName":"search_term_string"}}],"inLanguage":"hr"},{"@type":"Organization","@id":"https:\/\/radioljubuski.ba\/#organization","name":"Radio Ljubu\u0161ki","url":"https:\/\/radioljubuski.ba\/","logo":{"@type":"ImageObject","inLanguage":"hr","@id":"https:\/\/radioljubuski.ba\/#\/schema\/logo\/image\/","url":"https:\/\/radioljubuski.ba\/wp-content\/uploads\/2021\/02\/cropped-Radio_Ljubuski_logo1.jpg","contentUrl":"https:\/\/radioljubuski.ba\/wp-content\/uploads\/2021\/02\/cropped-Radio_Ljubuski_logo1.jpg","width":512,"height":512,"caption":"Radio Ljubu\u0161ki"},"image":{"@id":"https:\/\/radioljubuski.ba\/#\/schema\/logo\/image\/"},"sameAs":["https:\/\/www.facebook.com\/Radiio-Ljubuski-1490835324566332","https:\/\/x.com\/radioljubuski","https:\/\/hr.linkedin.com\/company\/radio-ljubuski","https:\/\/www.youtube.com\/channel\/UCHYaeO_n0Db3tjNGudGpXyw"]},{"@type":"Person","@id":"https:\/\/radioljubuski.ba\/#\/schema\/person\/19fc700381a780f69665d7956c469e3b","name":"Radio Ljubu\u0161ki"}]}},"_links":{"self":[{"href":"https:\/\/radioljubuski.ba\/index.php\/wp-json\/wp\/v2\/posts\/86136","targetHints":{"allow":["GET"]}}],"collection":[{"href":"https:\/\/radioljubuski.ba\/index.php\/wp-json\/wp\/v2\/posts"}],"about":[{"href":"https:\/\/radioljubuski.ba\/index.php\/wp-json\/wp\/v2\/types\/post"}],"author":[{"embeddable":true,"href":"https:\/\/radioljubuski.ba\/index.php\/wp-json\/wp\/v2\/users\/2"}],"replies":[{"embeddable":true,"href":"https:\/\/radioljubuski.ba\/index.php\/wp-json\/wp\/v2\/comments?post=86136"}],"version-history":[{"count":1,"href":"https:\/\/radioljubuski.ba\/index.php\/wp-json\/wp\/v2\/posts\/86136\/revisions"}],"predecessor-version":[{"id":86138,"href":"https:\/\/radioljubuski.ba\/index.php\/wp-json\/wp\/v2\/posts\/86136\/revisions\/86138"}],"wp:featuredmedia":[{"embeddable":true,"href":"https:\/\/radioljubuski.ba\/index.php\/wp-json\/wp\/v2\/media\/86137"}],"wp:attachment":[{"href":"https:\/\/radioljubuski.ba\/index.php\/wp-json\/wp\/v2\/media?parent=86136"}],"wp:term":[{"taxonomy":"category","embeddable":true,"href":"https:\/\/radioljubuski.ba\/index.php\/wp-json\/wp\/v2\/categories?post=86136"},{"taxonomy":"post_tag","embeddable":true,"href":"https:\/\/radioljubuski.ba\/index.php\/wp-json\/wp\/v2\/tags?post=86136"}],"curies":[{"name":"wp","href":"https:\/\/api.w.org\/{rel}","templated":true}]}}