{"id":86155,"date":"2021-11-07T17:58:53","date_gmt":"2021-11-07T16:58:53","guid":{"rendered":"https:\/\/radioljubuski.ba\/?p=86155"},"modified":"2021-11-07T17:58:54","modified_gmt":"2021-11-07T16:58:54","slug":"u-hrvatskoj-4-159-novozarazenih-50-osoba-preminulo-cak-1848-hospitalitzirano-na-respiratoru-248-pacijenata","status":"publish","type":"post","link":"https:\/\/radioljubuski.ba\/index.php\/2021\/11\/07\/u-hrvatskoj-4-159-novozarazenih-50-osoba-preminulo-cak-1848-hospitalitzirano-na-respiratoru-248-pacijenata\/","title":{"rendered":"U Hrvatskoj, 4 159 novozara\u017eenih, 50 osoba preminulo, \u010dak 1848 hospitalitzirano, na respiratoru 248 pacijenata"},"content":{"rendered":"\n<p>U posljednja 24 sata zabilje\u017eeno je 4.159 novih slu\u010dajeva zaraze virusom SARS-CoV-2 te je broj aktivnih slu\u010dajeva u Hrvatskoj danas ukupno 32.000. Me\u0111u njima je 1.848 pacijenata na bolni\u010dkom lije\u010denju, od toga je na respiratoru 248 pacijenata. Preminulo je 50 osoba.<\/p>\n\n\n\n<p>Iz Hrvatskog zavoda opovrgnuli su obavijest iz Ureda gradona\u010delnika Zagreba da se danas cijepljenje provodi i u Rockefellerovoj te Ulici Radoslava Cimermana. Na\u017ealost gra\u0111ani su ve\u0107 po\u010deli dolaziti na spomenute adrese, iako danas ne cijepimo, poru\u010duju.<\/p>\n\n\n\n<p>Danas se Zagrep\u010dani mogu cijepiti samo na Velesajmu u paviljonu 9. Cijepljenje je organizirano od 8 do 12 sati, stoji u priop\u0107enju HZJZ-a.<\/p>\n\n\n\n<p>Izvor:pogled.ba<\/p>\n","protected":false},"excerpt":{"rendered":"<p>U posljednja 24 sata zabilje\u017eeno je 4.159 novih slu\u010dajeva zaraze virusom SARS-CoV-2 te je broj aktivnih slu\u010dajeva u Hrvatskoj danas ukupno 32.000. Me\u0111u njima je 1.848 pacijenata na bolni\u010dkom lije\u010denju, od toga je na respiratoru 248 pacijenata. Preminulo je 50 osoba. Iz Hrvatskog zavoda opovrgnuli su obavijest iz Ureda gradona\u010delnika Zagreba da se danas cijepljenje [&hellip;]<\/p>\n","protected":false},"author":2,"featured_media":85693,"comment_status":"closed","ping_status":"closed","sticky":false,"template":"","format":"standard","meta":{"h5ap_radio_sources":[],"footnotes":""},"categories":[1],"tags":[],"class_list":["post-86155","post","type-post","status-publish","format-standard","has-post-thumbnail","hentry","category-bihiregija"],"yoast_head":"<!-- This site is optimized with the Yoast SEO plugin v27.5 - https:\/\/yoast.com\/product\/yoast-seo-wordpress\/ -->\n<title>U Hrvatskoj, 4 159 novozara\u017eenih, 50 osoba preminulo, \u010dak 1848 hospitalitzirano, na respiratoru 248 pacijenata - RADIO LJUBU\u0160KI<\/title>\n<meta name=\"robots\" content=\"index, follow, max-snippet:-1, max-image-preview:large, max-video-preview:-1\" \/>\n<link rel=\"canonical\" href=\"https:\/\/radioljubuski.ba\/index.php\/2021\/11\/07\/u-hrvatskoj-4-159-novozarazenih-50-osoba-preminulo-cak-1848-hospitalitzirano-na-respiratoru-248-pacijenata\/\" \/>\n<meta property=\"og:locale\" content=\"hr_HR\" \/>\n<meta property=\"og:type\" content=\"article\" \/>\n<meta property=\"og:title\" content=\"U Hrvatskoj, 4 159 novozara\u017eenih, 50 osoba preminulo, \u010dak 1848 hospitalitzirano, na respiratoru 248 pacijenata - RADIO LJUBU\u0160KI\" \/>\n<meta property=\"og:description\" content=\"U posljednja 24 sata zabilje\u017eeno je 4.159 novih slu\u010dajeva zaraze virusom SARS-CoV-2 te je broj aktivnih slu\u010dajeva u Hrvatskoj danas ukupno 32.000. Me\u0111u njima je 1.848 pacijenata na bolni\u010dkom lije\u010denju, od toga je na respiratoru 248 pacijenata. Preminulo je 50 osoba. Iz Hrvatskog zavoda opovrgnuli su obavijest iz Ureda gradona\u010delnika Zagreba da se danas cijepljenje [&hellip;]\" \/>\n<meta property=\"og:url\" content=\"https:\/\/radioljubuski.ba\/index.php\/2021\/11\/07\/u-hrvatskoj-4-159-novozarazenih-50-osoba-preminulo-cak-1848-hospitalitzirano-na-respiratoru-248-pacijenata\/\" \/>\n<meta property=\"og:site_name\" content=\"RADIO LJUBU\u0160KI\" \/>\n<meta property=\"article:publisher\" content=\"https:\/\/www.facebook.com\/Radiio-Ljubuski-1490835324566332\" \/>\n<meta property=\"article:published_time\" content=\"2021-11-07T16:58:53+00:00\" \/>\n<meta property=\"article:modified_time\" content=\"2021-11-07T16:58:54+00:00\" \/>\n<meta property=\"og:image\" content=\"https:\/\/radioljubuski.ba\/wp-content\/uploads\/2021\/11\/korona.jpg\" \/>\n\t<meta property=\"og:image:width\" content=\"1024\" \/>\n\t<meta property=\"og:image:height\" content=\"627\" \/>\n\t<meta property=\"og:image:type\" content=\"image\/jpeg\" \/>\n<meta name=\"author\" content=\"Radio Ljubu\u0161ki\" \/>\n<meta name=\"twitter:card\" content=\"summary_large_image\" \/>\n<meta name=\"twitter:creator\" content=\"@radioljubuski\" \/>\n<meta name=\"twitter:site\" content=\"@radioljubuski\" \/>\n<meta name=\"twitter:label1\" content=\"Napisao\/la\" \/>\n\t<meta name=\"twitter:data1\" content=\"Radio Ljubu\u0161ki\" \/>\n\t<meta name=\"twitter:label2\" content=\"Procijenjeno vrijeme \u010ditanja\" \/>\n\t<meta name=\"twitter:data2\" content=\"1 minuta\" \/>\n<script type=\"application\/ld+json\" class=\"yoast-schema-graph\">{\"@context\":\"https:\\\/\\\/schema.org\",\"@graph\":[{\"@type\":\"Article\",\"@id\":\"https:\\\/\\\/radioljubuski.ba\\\/index.php\\\/2021\\\/11\\\/07\\\/u-hrvatskoj-4-159-novozarazenih-50-osoba-preminulo-cak-1848-hospitalitzirano-na-respiratoru-248-pacijenata\\\/#article\",\"isPartOf\":{\"@id\":\"https:\\\/\\\/radioljubuski.ba\\\/index.php\\\/2021\\\/11\\\/07\\\/u-hrvatskoj-4-159-novozarazenih-50-osoba-preminulo-cak-1848-hospitalitzirano-na-respiratoru-248-pacijenata\\\/\"},\"author\":{\"name\":\"Radio Ljubu\u0161ki\",\"@id\":\"https:\\\/\\\/radioljubuski.ba\\\/#\\\/schema\\\/person\\\/19fc700381a780f69665d7956c469e3b\"},\"headline\":\"U Hrvatskoj, 4 159 novozara\u017eenih, 50 osoba preminulo, \u010dak 1848 hospitalitzirano, na respiratoru 248 pacijenata\",\"datePublished\":\"2021-11-07T16:58:53+00:00\",\"dateModified\":\"2021-11-07T16:58:54+00:00\",\"mainEntityOfPage\":{\"@id\":\"https:\\\/\\\/radioljubuski.ba\\\/index.php\\\/2021\\\/11\\\/07\\\/u-hrvatskoj-4-159-novozarazenih-50-osoba-preminulo-cak-1848-hospitalitzirano-na-respiratoru-248-pacijenata\\\/\"},\"wordCount\":118,\"publisher\":{\"@id\":\"https:\\\/\\\/radioljubuski.ba\\\/#organization\"},\"image\":{\"@id\":\"https:\\\/\\\/radioljubuski.ba\\\/index.php\\\/2021\\\/11\\\/07\\\/u-hrvatskoj-4-159-novozarazenih-50-osoba-preminulo-cak-1848-hospitalitzirano-na-respiratoru-248-pacijenata\\\/#primaryimage\"},\"thumbnailUrl\":\"https:\\\/\\\/radioljubuski.ba\\\/wp-content\\\/uploads\\\/2021\\\/11\\\/korona.jpg\",\"articleSection\":[\"BIH i regija\"],\"inLanguage\":\"hr\"},{\"@type\":\"WebPage\",\"@id\":\"https:\\\/\\\/radioljubuski.ba\\\/index.php\\\/2021\\\/11\\\/07\\\/u-hrvatskoj-4-159-novozarazenih-50-osoba-preminulo-cak-1848-hospitalitzirano-na-respiratoru-248-pacijenata\\\/\",\"url\":\"https:\\\/\\\/radioljubuski.ba\\\/index.php\\\/2021\\\/11\\\/07\\\/u-hrvatskoj-4-159-novozarazenih-50-osoba-preminulo-cak-1848-hospitalitzirano-na-respiratoru-248-pacijenata\\\/\",\"name\":\"U Hrvatskoj, 4 159 novozara\u017eenih, 50 osoba preminulo, \u010dak 1848 hospitalitzirano, na respiratoru 248 pacijenata - RADIO LJUBU\u0160KI\",\"isPartOf\":{\"@id\":\"https:\\\/\\\/radioljubuski.ba\\\/#website\"},\"primaryImageOfPage\":{\"@id\":\"https:\\\/\\\/radioljubuski.ba\\\/index.php\\\/2021\\\/11\\\/07\\\/u-hrvatskoj-4-159-novozarazenih-50-osoba-preminulo-cak-1848-hospitalitzirano-na-respiratoru-248-pacijenata\\\/#primaryimage\"},\"image\":{\"@id\":\"https:\\\/\\\/radioljubuski.ba\\\/index.php\\\/2021\\\/11\\\/07\\\/u-hrvatskoj-4-159-novozarazenih-50-osoba-preminulo-cak-1848-hospitalitzirano-na-respiratoru-248-pacijenata\\\/#primaryimage\"},\"thumbnailUrl\":\"https:\\\/\\\/radioljubuski.ba\\\/wp-content\\\/uploads\\\/2021\\\/11\\\/korona.jpg\",\"datePublished\":\"2021-11-07T16:58:53+00:00\",\"dateModified\":\"2021-11-07T16:58:54+00:00\",\"breadcrumb\":{\"@id\":\"https:\\\/\\\/radioljubuski.ba\\\/index.php\\\/2021\\\/11\\\/07\\\/u-hrvatskoj-4-159-novozarazenih-50-osoba-preminulo-cak-1848-hospitalitzirano-na-respiratoru-248-pacijenata\\\/#breadcrumb\"},\"inLanguage\":\"hr\",\"potentialAction\":[{\"@type\":\"ReadAction\",\"target\":[\"https:\\\/\\\/radioljubuski.ba\\\/index.php\\\/2021\\\/11\\\/07\\\/u-hrvatskoj-4-159-novozarazenih-50-osoba-preminulo-cak-1848-hospitalitzirano-na-respiratoru-248-pacijenata\\\/\"]}]},{\"@type\":\"ImageObject\",\"inLanguage\":\"hr\",\"@id\":\"https:\\\/\\\/radioljubuski.ba\\\/index.php\\\/2021\\\/11\\\/07\\\/u-hrvatskoj-4-159-novozarazenih-50-osoba-preminulo-cak-1848-hospitalitzirano-na-respiratoru-248-pacijenata\\\/#primaryimage\",\"url\":\"https:\\\/\\\/radioljubuski.ba\\\/wp-content\\\/uploads\\\/2021\\\/11\\\/korona.jpg\",\"contentUrl\":\"https:\\\/\\\/radioljubuski.ba\\\/wp-content\\\/uploads\\\/2021\\\/11\\\/korona.jpg\",\"width\":1024,\"height\":627},{\"@type\":\"BreadcrumbList\",\"@id\":\"https:\\\/\\\/radioljubuski.ba\\\/index.php\\\/2021\\\/11\\\/07\\\/u-hrvatskoj-4-159-novozarazenih-50-osoba-preminulo-cak-1848-hospitalitzirano-na-respiratoru-248-pacijenata\\\/#breadcrumb\",\"itemListElement\":[{\"@type\":\"ListItem\",\"position\":1,\"name\":\"Po\u010detna stranica\",\"item\":\"https:\\\/\\\/radioljubuski.ba\\\/\"},{\"@type\":\"ListItem\",\"position\":2,\"name\":\"U Hrvatskoj, 4 159 novozara\u017eenih, 50 osoba preminulo, \u010dak 1848 hospitalitzirano, na respiratoru 248 pacijenata\"}]},{\"@type\":\"WebSite\",\"@id\":\"https:\\\/\\\/radioljubuski.ba\\\/#website\",\"url\":\"https:\\\/\\\/radioljubuski.ba\\\/\",\"name\":\"Radio Ljubu\u0161ki\",\"description\":\"Sun\u010dana frekvencija Hercegovine\",\"publisher\":{\"@id\":\"https:\\\/\\\/radioljubuski.ba\\\/#organization\"},\"potentialAction\":[{\"@type\":\"SearchAction\",\"target\":{\"@type\":\"EntryPoint\",\"urlTemplate\":\"https:\\\/\\\/radioljubuski.ba\\\/?s={search_term_string}\"},\"query-input\":{\"@type\":\"PropertyValueSpecification\",\"valueRequired\":true,\"valueName\":\"search_term_string\"}}],\"inLanguage\":\"hr\"},{\"@type\":\"Organization\",\"@id\":\"https:\\\/\\\/radioljubuski.ba\\\/#organization\",\"name\":\"Radio Ljubu\u0161ki\",\"url\":\"https:\\\/\\\/radioljubuski.ba\\\/\",\"logo\":{\"@type\":\"ImageObject\",\"inLanguage\":\"hr\",\"@id\":\"https:\\\/\\\/radioljubuski.ba\\\/#\\\/schema\\\/logo\\\/image\\\/\",\"url\":\"https:\\\/\\\/radioljubuski.ba\\\/wp-content\\\/uploads\\\/2021\\\/02\\\/cropped-Radio_Ljubuski_logo1.jpg\",\"contentUrl\":\"https:\\\/\\\/radioljubuski.ba\\\/wp-content\\\/uploads\\\/2021\\\/02\\\/cropped-Radio_Ljubuski_logo1.jpg\",\"width\":512,\"height\":512,\"caption\":\"Radio Ljubu\u0161ki\"},\"image\":{\"@id\":\"https:\\\/\\\/radioljubuski.ba\\\/#\\\/schema\\\/logo\\\/image\\\/\"},\"sameAs\":[\"https:\\\/\\\/www.facebook.com\\\/Radiio-Ljubuski-1490835324566332\",\"https:\\\/\\\/x.com\\\/radioljubuski\",\"https:\\\/\\\/hr.linkedin.com\\\/company\\\/radio-ljubuski\",\"https:\\\/\\\/www.youtube.com\\\/channel\\\/UCHYaeO_n0Db3tjNGudGpXyw\"]},{\"@type\":\"Person\",\"@id\":\"https:\\\/\\\/radioljubuski.ba\\\/#\\\/schema\\\/person\\\/19fc700381a780f69665d7956c469e3b\",\"name\":\"Radio Ljubu\u0161ki\"}]}<\/script>\n<!-- \/ Yoast SEO plugin. -->","yoast_head_json":{"title":"U Hrvatskoj, 4 159 novozara\u017eenih, 50 osoba preminulo, \u010dak 1848 hospitalitzirano, na respiratoru 248 pacijenata - RADIO LJUBU\u0160KI","robots":{"index":"index","follow":"follow","max-snippet":"max-snippet:-1","max-image-preview":"max-image-preview:large","max-video-preview":"max-video-preview:-1"},"canonical":"https:\/\/radioljubuski.ba\/index.php\/2021\/11\/07\/u-hrvatskoj-4-159-novozarazenih-50-osoba-preminulo-cak-1848-hospitalitzirano-na-respiratoru-248-pacijenata\/","og_locale":"hr_HR","og_type":"article","og_title":"U Hrvatskoj, 4 159 novozara\u017eenih, 50 osoba preminulo, \u010dak 1848 hospitalitzirano, na respiratoru 248 pacijenata - RADIO LJUBU\u0160KI","og_description":"U posljednja 24 sata zabilje\u017eeno je 4.159 novih slu\u010dajeva zaraze virusom SARS-CoV-2 te je broj aktivnih slu\u010dajeva u Hrvatskoj danas ukupno 32.000. Me\u0111u njima je 1.848 pacijenata na bolni\u010dkom lije\u010denju, od toga je na respiratoru 248 pacijenata. Preminulo je 50 osoba. Iz Hrvatskog zavoda opovrgnuli su obavijest iz Ureda gradona\u010delnika Zagreba da se danas cijepljenje [&hellip;]","og_url":"https:\/\/radioljubuski.ba\/index.php\/2021\/11\/07\/u-hrvatskoj-4-159-novozarazenih-50-osoba-preminulo-cak-1848-hospitalitzirano-na-respiratoru-248-pacijenata\/","og_site_name":"RADIO LJUBU\u0160KI","article_publisher":"https:\/\/www.facebook.com\/Radiio-Ljubuski-1490835324566332","article_published_time":"2021-11-07T16:58:53+00:00","article_modified_time":"2021-11-07T16:58:54+00:00","og_image":[{"width":1024,"height":627,"url":"https:\/\/radioljubuski.ba\/wp-content\/uploads\/2021\/11\/korona.jpg","type":"image\/jpeg"}],"author":"Radio Ljubu\u0161ki","twitter_card":"summary_large_image","twitter_creator":"@radioljubuski","twitter_site":"@radioljubuski","twitter_misc":{"Napisao\/la":"Radio Ljubu\u0161ki","Procijenjeno vrijeme \u010ditanja":"1 minuta"},"schema":{"@context":"https:\/\/schema.org","@graph":[{"@type":"Article","@id":"https:\/\/radioljubuski.ba\/index.php\/2021\/11\/07\/u-hrvatskoj-4-159-novozarazenih-50-osoba-preminulo-cak-1848-hospitalitzirano-na-respiratoru-248-pacijenata\/#article","isPartOf":{"@id":"https:\/\/radioljubuski.ba\/index.php\/2021\/11\/07\/u-hrvatskoj-4-159-novozarazenih-50-osoba-preminulo-cak-1848-hospitalitzirano-na-respiratoru-248-pacijenata\/"},"author":{"name":"Radio Ljubu\u0161ki","@id":"https:\/\/radioljubuski.ba\/#\/schema\/person\/19fc700381a780f69665d7956c469e3b"},"headline":"U Hrvatskoj, 4 159 novozara\u017eenih, 50 osoba preminulo, \u010dak 1848 hospitalitzirano, na respiratoru 248 pacijenata","datePublished":"2021-11-07T16:58:53+00:00","dateModified":"2021-11-07T16:58:54+00:00","mainEntityOfPage":{"@id":"https:\/\/radioljubuski.ba\/index.php\/2021\/11\/07\/u-hrvatskoj-4-159-novozarazenih-50-osoba-preminulo-cak-1848-hospitalitzirano-na-respiratoru-248-pacijenata\/"},"wordCount":118,"publisher":{"@id":"https:\/\/radioljubuski.ba\/#organization"},"image":{"@id":"https:\/\/radioljubuski.ba\/index.php\/2021\/11\/07\/u-hrvatskoj-4-159-novozarazenih-50-osoba-preminulo-cak-1848-hospitalitzirano-na-respiratoru-248-pacijenata\/#primaryimage"},"thumbnailUrl":"https:\/\/radioljubuski.ba\/wp-content\/uploads\/2021\/11\/korona.jpg","articleSection":["BIH i regija"],"inLanguage":"hr"},{"@type":"WebPage","@id":"https:\/\/radioljubuski.ba\/index.php\/2021\/11\/07\/u-hrvatskoj-4-159-novozarazenih-50-osoba-preminulo-cak-1848-hospitalitzirano-na-respiratoru-248-pacijenata\/","url":"https:\/\/radioljubuski.ba\/index.php\/2021\/11\/07\/u-hrvatskoj-4-159-novozarazenih-50-osoba-preminulo-cak-1848-hospitalitzirano-na-respiratoru-248-pacijenata\/","name":"U Hrvatskoj, 4 159 novozara\u017eenih, 50 osoba preminulo, \u010dak 1848 hospitalitzirano, na respiratoru 248 pacijenata - RADIO LJUBU\u0160KI","isPartOf":{"@id":"https:\/\/radioljubuski.ba\/#website"},"primaryImageOfPage":{"@id":"https:\/\/radioljubuski.ba\/index.php\/2021\/11\/07\/u-hrvatskoj-4-159-novozarazenih-50-osoba-preminulo-cak-1848-hospitalitzirano-na-respiratoru-248-pacijenata\/#primaryimage"},"image":{"@id":"https:\/\/radioljubuski.ba\/index.php\/2021\/11\/07\/u-hrvatskoj-4-159-novozarazenih-50-osoba-preminulo-cak-1848-hospitalitzirano-na-respiratoru-248-pacijenata\/#primaryimage"},"thumbnailUrl":"https:\/\/radioljubuski.ba\/wp-content\/uploads\/2021\/11\/korona.jpg","datePublished":"2021-11-07T16:58:53+00:00","dateModified":"2021-11-07T16:58:54+00:00","breadcrumb":{"@id":"https:\/\/radioljubuski.ba\/index.php\/2021\/11\/07\/u-hrvatskoj-4-159-novozarazenih-50-osoba-preminulo-cak-1848-hospitalitzirano-na-respiratoru-248-pacijenata\/#breadcrumb"},"inLanguage":"hr","potentialAction":[{"@type":"ReadAction","target":["https:\/\/radioljubuski.ba\/index.php\/2021\/11\/07\/u-hrvatskoj-4-159-novozarazenih-50-osoba-preminulo-cak-1848-hospitalitzirano-na-respiratoru-248-pacijenata\/"]}]},{"@type":"ImageObject","inLanguage":"hr","@id":"https:\/\/radioljubuski.ba\/index.php\/2021\/11\/07\/u-hrvatskoj-4-159-novozarazenih-50-osoba-preminulo-cak-1848-hospitalitzirano-na-respiratoru-248-pacijenata\/#primaryimage","url":"https:\/\/radioljubuski.ba\/wp-content\/uploads\/2021\/11\/korona.jpg","contentUrl":"https:\/\/radioljubuski.ba\/wp-content\/uploads\/2021\/11\/korona.jpg","width":1024,"height":627},{"@type":"BreadcrumbList","@id":"https:\/\/radioljubuski.ba\/index.php\/2021\/11\/07\/u-hrvatskoj-4-159-novozarazenih-50-osoba-preminulo-cak-1848-hospitalitzirano-na-respiratoru-248-pacijenata\/#breadcrumb","itemListElement":[{"@type":"ListItem","position":1,"name":"Po\u010detna stranica","item":"https:\/\/radioljubuski.ba\/"},{"@type":"ListItem","position":2,"name":"U Hrvatskoj, 4 159 novozara\u017eenih, 50 osoba preminulo, \u010dak 1848 hospitalitzirano, na respiratoru 248 pacijenata"}]},{"@type":"WebSite","@id":"https:\/\/radioljubuski.ba\/#website","url":"https:\/\/radioljubuski.ba\/","name":"Radio Ljubu\u0161ki","description":"Sun\u010dana frekvencija Hercegovine","publisher":{"@id":"https:\/\/radioljubuski.ba\/#organization"},"potentialAction":[{"@type":"SearchAction","target":{"@type":"EntryPoint","urlTemplate":"https:\/\/radioljubuski.ba\/?s={search_term_string}"},"query-input":{"@type":"PropertyValueSpecification","valueRequired":true,"valueName":"search_term_string"}}],"inLanguage":"hr"},{"@type":"Organization","@id":"https:\/\/radioljubuski.ba\/#organization","name":"Radio Ljubu\u0161ki","url":"https:\/\/radioljubuski.ba\/","logo":{"@type":"ImageObject","inLanguage":"hr","@id":"https:\/\/radioljubuski.ba\/#\/schema\/logo\/image\/","url":"https:\/\/radioljubuski.ba\/wp-content\/uploads\/2021\/02\/cropped-Radio_Ljubuski_logo1.jpg","contentUrl":"https:\/\/radioljubuski.ba\/wp-content\/uploads\/2021\/02\/cropped-Radio_Ljubuski_logo1.jpg","width":512,"height":512,"caption":"Radio Ljubu\u0161ki"},"image":{"@id":"https:\/\/radioljubuski.ba\/#\/schema\/logo\/image\/"},"sameAs":["https:\/\/www.facebook.com\/Radiio-Ljubuski-1490835324566332","https:\/\/x.com\/radioljubuski","https:\/\/hr.linkedin.com\/company\/radio-ljubuski","https:\/\/www.youtube.com\/channel\/UCHYaeO_n0Db3tjNGudGpXyw"]},{"@type":"Person","@id":"https:\/\/radioljubuski.ba\/#\/schema\/person\/19fc700381a780f69665d7956c469e3b","name":"Radio Ljubu\u0161ki"}]}},"_links":{"self":[{"href":"https:\/\/radioljubuski.ba\/index.php\/wp-json\/wp\/v2\/posts\/86155","targetHints":{"allow":["GET"]}}],"collection":[{"href":"https:\/\/radioljubuski.ba\/index.php\/wp-json\/wp\/v2\/posts"}],"about":[{"href":"https:\/\/radioljubuski.ba\/index.php\/wp-json\/wp\/v2\/types\/post"}],"author":[{"embeddable":true,"href":"https:\/\/radioljubuski.ba\/index.php\/wp-json\/wp\/v2\/users\/2"}],"replies":[{"embeddable":true,"href":"https:\/\/radioljubuski.ba\/index.php\/wp-json\/wp\/v2\/comments?post=86155"}],"version-history":[{"count":1,"href":"https:\/\/radioljubuski.ba\/index.php\/wp-json\/wp\/v2\/posts\/86155\/revisions"}],"predecessor-version":[{"id":86156,"href":"https:\/\/radioljubuski.ba\/index.php\/wp-json\/wp\/v2\/posts\/86155\/revisions\/86156"}],"wp:featuredmedia":[{"embeddable":true,"href":"https:\/\/radioljubuski.ba\/index.php\/wp-json\/wp\/v2\/media\/85693"}],"wp:attachment":[{"href":"https:\/\/radioljubuski.ba\/index.php\/wp-json\/wp\/v2\/media?parent=86155"}],"wp:term":[{"taxonomy":"category","embeddable":true,"href":"https:\/\/radioljubuski.ba\/index.php\/wp-json\/wp\/v2\/categories?post=86155"},{"taxonomy":"post_tag","embeddable":true,"href":"https:\/\/radioljubuski.ba\/index.php\/wp-json\/wp\/v2\/tags?post=86155"}],"curies":[{"name":"wp","href":"https:\/\/api.w.org\/{rel}","templated":true}]}}