{"id":86157,"date":"2021-11-07T18:00:16","date_gmt":"2021-11-07T17:00:16","guid":{"rendered":"https:\/\/radioljubuski.ba\/?p=86157"},"modified":"2021-11-07T18:00:17","modified_gmt":"2021-11-07T17:00:17","slug":"dodik-sad-su-mijenjale-dayton-po-zeljama-muslimana-proslo-je-vrijeme-sile-medunarodnih-cimbenika","status":"publish","type":"post","link":"https:\/\/radioljubuski.ba\/index.php\/2021\/11\/07\/dodik-sad-su-mijenjale-dayton-po-zeljama-muslimana-proslo-je-vrijeme-sile-medunarodnih-cimbenika\/","title":{"rendered":"Dodik: SAD su mijenjale Dayton po \u017eeljama muslimana, pro\u0161lo je vrijeme sile me\u0111unarodnih \u010dimbenika"},"content":{"rendered":"\n<p>Srpski \u010dlan Predsjedni\u0161tva BiH Milorad Dodik naglasio je kako bi zamjenik pomo\u0107nika dr\u017eavnog tajnika SAD Gabrijel Escobar morao znati kako BiH mo\u017ee imati budu\u0107nost samo na osnovu Ustava BiH na koji su pristali svi 1995. godine i ako se njeni narodi i entiteti budu borili za nju, a ne Amerikanci, Rusi, Europljani ili visoki predstavnici.<\/p>\n\n\n\n<p>&#8220;Ako se me\u0111unarodni \u010dimbenik zaista zala\u017ee da BiH opstane, onda je i pred njima i pred nama prili\u010dno jasan izbor, a to je Ustav BiH koji nitko ne spori i koji je nedvosmislen&#8221;, poru\u010dio je Dodik za Srnu upitan da prokomentira posjetu zamjenika pomo\u0107nika dr\u017eavnog tajnika SAD Gabrijela Escobara BiH i sutra\u0161nje odvojene susrete sa \u010dlanovima Predsjedni\u0161tva BiH.<\/p>\n\n\n\n<p>Ukoliko Gabrijel Escobar misli da je kriza u kojoj se nalazi BiH izazvana da bi, kako on ka\u017ee, Milorad Dodik sa\u010duvao mo\u0107 i bogatstvo, srpski \u010dlan Predsjedni\u0161tva BiH je rekao mu \u017eeli odmah poru\u010diti da je d\u017eaba dolazio, te da ukoliko ne promijeni optiku i sagleda \u010dinjenice koje su o\u010digledne, onda \u0107e i sam doprinijeti atrofiji zemlje koju su i Amerikanci preko visokih predstvnika i Ustavnog suda BiH modelirali svih ranijih godina po \u017eeljama muslimana.<\/p>\n\n\n\n<p>On je rekao kako u BiH vi\u0161e ne prolazi sila me\u0111unarodnog \u010dimbenika, jer se na batine na ovom prostoru oguglalo, i zato ni sila ni prijetnje ne mogu polu\u010diti rezultat.<\/p>\n\n\n\n<p>Dodik je ukazao da je pri\u010da o korupciji, ruskom uticaju, navodnom bogatstvu politi\u010dara u BiH, \u0161to je omiljena po\u0161tapalica zapadnjaka, deplasirana i stereotip koji Amerikanci odr\u017eavaju kako bi sa\u010duvali svoje projekcije u BiH.<\/p>\n\n\n\n<p>On je dodao kako pri\u010dom o korupciji i bogatstvu politi\u010dara Escobar poku\u0161ava nametnuti gra\u0111anima Republke Srpske nude\u0107i im aspirin za karcinom koji je metastazirao.<\/p>\n\n\n\n<p>-Da bih sa\u010duvao svoju imovinu, a Escobar zna da sam ja prije 26 godina u\u0161ao u politiku kao imu\u0107an \u010dovjek, i da bi svi ljudi u Republici Srpskoj sa\u010duvali svoju imovinu potreban nam je mir, stabilnost i pravna dr\u017eava za koju se borim&#8221;, poru\u010dio je srpski \u010dlan Predsjedni\u0161tva BiH.<\/p>\n\n\n\n<p>Izvor:pogled.ba<\/p>\n","protected":false},"excerpt":{"rendered":"<p>Srpski \u010dlan Predsjedni\u0161tva BiH Milorad Dodik naglasio je kako bi zamjenik pomo\u0107nika dr\u017eavnog tajnika SAD Gabrijel Escobar morao znati kako BiH mo\u017ee imati budu\u0107nost samo na osnovu Ustava BiH na koji su pristali svi 1995. godine i ako se njeni narodi i entiteti budu borili za nju, a ne Amerikanci, Rusi, Europljani ili visoki predstavnici. [&hellip;]<\/p>\n","protected":false},"author":2,"featured_media":46828,"comment_status":"closed","ping_status":"closed","sticky":false,"template":"","format":"standard","meta":{"h5ap_radio_sources":[],"footnotes":""},"categories":[1],"tags":[],"class_list":["post-86157","post","type-post","status-publish","format-standard","has-post-thumbnail","hentry","category-bihiregija"],"yoast_head":"<!-- This site is optimized with the Yoast SEO plugin v27.5 - https:\/\/yoast.com\/product\/yoast-seo-wordpress\/ -->\n<title>Dodik: SAD su mijenjale Dayton po \u017eeljama muslimana, pro\u0161lo je vrijeme sile me\u0111unarodnih \u010dimbenika - RADIO LJUBU\u0160KI<\/title>\n<meta name=\"robots\" content=\"index, follow, max-snippet:-1, max-image-preview:large, max-video-preview:-1\" \/>\n<link rel=\"canonical\" href=\"https:\/\/radioljubuski.ba\/index.php\/2021\/11\/07\/dodik-sad-su-mijenjale-dayton-po-zeljama-muslimana-proslo-je-vrijeme-sile-medunarodnih-cimbenika\/\" \/>\n<meta property=\"og:locale\" content=\"hr_HR\" \/>\n<meta property=\"og:type\" content=\"article\" \/>\n<meta property=\"og:title\" content=\"Dodik: SAD su mijenjale Dayton po \u017eeljama muslimana, pro\u0161lo je vrijeme sile me\u0111unarodnih \u010dimbenika - RADIO LJUBU\u0160KI\" \/>\n<meta property=\"og:description\" content=\"Srpski \u010dlan Predsjedni\u0161tva BiH Milorad Dodik naglasio je kako bi zamjenik pomo\u0107nika dr\u017eavnog tajnika SAD Gabrijel Escobar morao znati kako BiH mo\u017ee imati budu\u0107nost samo na osnovu Ustava BiH na koji su pristali svi 1995. godine i ako se njeni narodi i entiteti budu borili za nju, a ne Amerikanci, Rusi, Europljani ili visoki predstavnici. [&hellip;]\" \/>\n<meta property=\"og:url\" content=\"https:\/\/radioljubuski.ba\/index.php\/2021\/11\/07\/dodik-sad-su-mijenjale-dayton-po-zeljama-muslimana-proslo-je-vrijeme-sile-medunarodnih-cimbenika\/\" \/>\n<meta property=\"og:site_name\" content=\"RADIO LJUBU\u0160KI\" \/>\n<meta property=\"article:publisher\" content=\"https:\/\/www.facebook.com\/Radiio-Ljubuski-1490835324566332\" \/>\n<meta property=\"article:published_time\" content=\"2021-11-07T17:00:16+00:00\" \/>\n<meta property=\"article:modified_time\" content=\"2021-11-07T17:00:17+00:00\" \/>\n<meta property=\"og:image\" content=\"https:\/\/radioljubuski.ba\/wp-content\/uploads\/2021\/07\/dodik1-1-1068x672-1.jpg\" \/>\n\t<meta property=\"og:image:width\" content=\"1068\" \/>\n\t<meta property=\"og:image:height\" content=\"672\" \/>\n\t<meta property=\"og:image:type\" content=\"image\/jpeg\" \/>\n<meta name=\"author\" content=\"Radio Ljubu\u0161ki\" \/>\n<meta name=\"twitter:card\" content=\"summary_large_image\" \/>\n<meta name=\"twitter:creator\" content=\"@radioljubuski\" \/>\n<meta name=\"twitter:site\" content=\"@radioljubuski\" \/>\n<meta name=\"twitter:label1\" content=\"Napisao\/la\" \/>\n\t<meta name=\"twitter:data1\" content=\"Radio Ljubu\u0161ki\" \/>\n\t<meta name=\"twitter:label2\" content=\"Procijenjeno vrijeme \u010ditanja\" \/>\n\t<meta name=\"twitter:data2\" content=\"2 minute\" \/>\n<script type=\"application\/ld+json\" class=\"yoast-schema-graph\">{\"@context\":\"https:\\\/\\\/schema.org\",\"@graph\":[{\"@type\":\"Article\",\"@id\":\"https:\\\/\\\/radioljubuski.ba\\\/index.php\\\/2021\\\/11\\\/07\\\/dodik-sad-su-mijenjale-dayton-po-zeljama-muslimana-proslo-je-vrijeme-sile-medunarodnih-cimbenika\\\/#article\",\"isPartOf\":{\"@id\":\"https:\\\/\\\/radioljubuski.ba\\\/index.php\\\/2021\\\/11\\\/07\\\/dodik-sad-su-mijenjale-dayton-po-zeljama-muslimana-proslo-je-vrijeme-sile-medunarodnih-cimbenika\\\/\"},\"author\":{\"name\":\"Radio Ljubu\u0161ki\",\"@id\":\"https:\\\/\\\/radioljubuski.ba\\\/#\\\/schema\\\/person\\\/19fc700381a780f69665d7956c469e3b\"},\"headline\":\"Dodik: SAD su mijenjale Dayton po \u017eeljama muslimana, pro\u0161lo je vrijeme sile me\u0111unarodnih \u010dimbenika\",\"datePublished\":\"2021-11-07T17:00:16+00:00\",\"dateModified\":\"2021-11-07T17:00:17+00:00\",\"mainEntityOfPage\":{\"@id\":\"https:\\\/\\\/radioljubuski.ba\\\/index.php\\\/2021\\\/11\\\/07\\\/dodik-sad-su-mijenjale-dayton-po-zeljama-muslimana-proslo-je-vrijeme-sile-medunarodnih-cimbenika\\\/\"},\"wordCount\":380,\"publisher\":{\"@id\":\"https:\\\/\\\/radioljubuski.ba\\\/#organization\"},\"image\":{\"@id\":\"https:\\\/\\\/radioljubuski.ba\\\/index.php\\\/2021\\\/11\\\/07\\\/dodik-sad-su-mijenjale-dayton-po-zeljama-muslimana-proslo-je-vrijeme-sile-medunarodnih-cimbenika\\\/#primaryimage\"},\"thumbnailUrl\":\"https:\\\/\\\/radioljubuski.ba\\\/wp-content\\\/uploads\\\/2021\\\/07\\\/dodik1-1-1068x672-1.jpg\",\"articleSection\":[\"BIH i regija\"],\"inLanguage\":\"hr\"},{\"@type\":\"WebPage\",\"@id\":\"https:\\\/\\\/radioljubuski.ba\\\/index.php\\\/2021\\\/11\\\/07\\\/dodik-sad-su-mijenjale-dayton-po-zeljama-muslimana-proslo-je-vrijeme-sile-medunarodnih-cimbenika\\\/\",\"url\":\"https:\\\/\\\/radioljubuski.ba\\\/index.php\\\/2021\\\/11\\\/07\\\/dodik-sad-su-mijenjale-dayton-po-zeljama-muslimana-proslo-je-vrijeme-sile-medunarodnih-cimbenika\\\/\",\"name\":\"Dodik: SAD su mijenjale Dayton po \u017eeljama muslimana, pro\u0161lo je vrijeme sile me\u0111unarodnih \u010dimbenika - RADIO LJUBU\u0160KI\",\"isPartOf\":{\"@id\":\"https:\\\/\\\/radioljubuski.ba\\\/#website\"},\"primaryImageOfPage\":{\"@id\":\"https:\\\/\\\/radioljubuski.ba\\\/index.php\\\/2021\\\/11\\\/07\\\/dodik-sad-su-mijenjale-dayton-po-zeljama-muslimana-proslo-je-vrijeme-sile-medunarodnih-cimbenika\\\/#primaryimage\"},\"image\":{\"@id\":\"https:\\\/\\\/radioljubuski.ba\\\/index.php\\\/2021\\\/11\\\/07\\\/dodik-sad-su-mijenjale-dayton-po-zeljama-muslimana-proslo-je-vrijeme-sile-medunarodnih-cimbenika\\\/#primaryimage\"},\"thumbnailUrl\":\"https:\\\/\\\/radioljubuski.ba\\\/wp-content\\\/uploads\\\/2021\\\/07\\\/dodik1-1-1068x672-1.jpg\",\"datePublished\":\"2021-11-07T17:00:16+00:00\",\"dateModified\":\"2021-11-07T17:00:17+00:00\",\"breadcrumb\":{\"@id\":\"https:\\\/\\\/radioljubuski.ba\\\/index.php\\\/2021\\\/11\\\/07\\\/dodik-sad-su-mijenjale-dayton-po-zeljama-muslimana-proslo-je-vrijeme-sile-medunarodnih-cimbenika\\\/#breadcrumb\"},\"inLanguage\":\"hr\",\"potentialAction\":[{\"@type\":\"ReadAction\",\"target\":[\"https:\\\/\\\/radioljubuski.ba\\\/index.php\\\/2021\\\/11\\\/07\\\/dodik-sad-su-mijenjale-dayton-po-zeljama-muslimana-proslo-je-vrijeme-sile-medunarodnih-cimbenika\\\/\"]}]},{\"@type\":\"ImageObject\",\"inLanguage\":\"hr\",\"@id\":\"https:\\\/\\\/radioljubuski.ba\\\/index.php\\\/2021\\\/11\\\/07\\\/dodik-sad-su-mijenjale-dayton-po-zeljama-muslimana-proslo-je-vrijeme-sile-medunarodnih-cimbenika\\\/#primaryimage\",\"url\":\"https:\\\/\\\/radioljubuski.ba\\\/wp-content\\\/uploads\\\/2021\\\/07\\\/dodik1-1-1068x672-1.jpg\",\"contentUrl\":\"https:\\\/\\\/radioljubuski.ba\\\/wp-content\\\/uploads\\\/2021\\\/07\\\/dodik1-1-1068x672-1.jpg\",\"width\":1068,\"height\":672},{\"@type\":\"BreadcrumbList\",\"@id\":\"https:\\\/\\\/radioljubuski.ba\\\/index.php\\\/2021\\\/11\\\/07\\\/dodik-sad-su-mijenjale-dayton-po-zeljama-muslimana-proslo-je-vrijeme-sile-medunarodnih-cimbenika\\\/#breadcrumb\",\"itemListElement\":[{\"@type\":\"ListItem\",\"position\":1,\"name\":\"Po\u010detna stranica\",\"item\":\"https:\\\/\\\/radioljubuski.ba\\\/\"},{\"@type\":\"ListItem\",\"position\":2,\"name\":\"Dodik: SAD su mijenjale Dayton po \u017eeljama muslimana, pro\u0161lo je vrijeme sile me\u0111unarodnih \u010dimbenika\"}]},{\"@type\":\"WebSite\",\"@id\":\"https:\\\/\\\/radioljubuski.ba\\\/#website\",\"url\":\"https:\\\/\\\/radioljubuski.ba\\\/\",\"name\":\"Radio Ljubu\u0161ki\",\"description\":\"Sun\u010dana frekvencija Hercegovine\",\"publisher\":{\"@id\":\"https:\\\/\\\/radioljubuski.ba\\\/#organization\"},\"potentialAction\":[{\"@type\":\"SearchAction\",\"target\":{\"@type\":\"EntryPoint\",\"urlTemplate\":\"https:\\\/\\\/radioljubuski.ba\\\/?s={search_term_string}\"},\"query-input\":{\"@type\":\"PropertyValueSpecification\",\"valueRequired\":true,\"valueName\":\"search_term_string\"}}],\"inLanguage\":\"hr\"},{\"@type\":\"Organization\",\"@id\":\"https:\\\/\\\/radioljubuski.ba\\\/#organization\",\"name\":\"Radio Ljubu\u0161ki\",\"url\":\"https:\\\/\\\/radioljubuski.ba\\\/\",\"logo\":{\"@type\":\"ImageObject\",\"inLanguage\":\"hr\",\"@id\":\"https:\\\/\\\/radioljubuski.ba\\\/#\\\/schema\\\/logo\\\/image\\\/\",\"url\":\"https:\\\/\\\/radioljubuski.ba\\\/wp-content\\\/uploads\\\/2021\\\/02\\\/cropped-Radio_Ljubuski_logo1.jpg\",\"contentUrl\":\"https:\\\/\\\/radioljubuski.ba\\\/wp-content\\\/uploads\\\/2021\\\/02\\\/cropped-Radio_Ljubuski_logo1.jpg\",\"width\":512,\"height\":512,\"caption\":\"Radio Ljubu\u0161ki\"},\"image\":{\"@id\":\"https:\\\/\\\/radioljubuski.ba\\\/#\\\/schema\\\/logo\\\/image\\\/\"},\"sameAs\":[\"https:\\\/\\\/www.facebook.com\\\/Radiio-Ljubuski-1490835324566332\",\"https:\\\/\\\/x.com\\\/radioljubuski\",\"https:\\\/\\\/hr.linkedin.com\\\/company\\\/radio-ljubuski\",\"https:\\\/\\\/www.youtube.com\\\/channel\\\/UCHYaeO_n0Db3tjNGudGpXyw\"]},{\"@type\":\"Person\",\"@id\":\"https:\\\/\\\/radioljubuski.ba\\\/#\\\/schema\\\/person\\\/19fc700381a780f69665d7956c469e3b\",\"name\":\"Radio Ljubu\u0161ki\"}]}<\/script>\n<!-- \/ Yoast SEO plugin. -->","yoast_head_json":{"title":"Dodik: SAD su mijenjale Dayton po \u017eeljama muslimana, pro\u0161lo je vrijeme sile me\u0111unarodnih \u010dimbenika - RADIO LJUBU\u0160KI","robots":{"index":"index","follow":"follow","max-snippet":"max-snippet:-1","max-image-preview":"max-image-preview:large","max-video-preview":"max-video-preview:-1"},"canonical":"https:\/\/radioljubuski.ba\/index.php\/2021\/11\/07\/dodik-sad-su-mijenjale-dayton-po-zeljama-muslimana-proslo-je-vrijeme-sile-medunarodnih-cimbenika\/","og_locale":"hr_HR","og_type":"article","og_title":"Dodik: SAD su mijenjale Dayton po \u017eeljama muslimana, pro\u0161lo je vrijeme sile me\u0111unarodnih \u010dimbenika - RADIO LJUBU\u0160KI","og_description":"Srpski \u010dlan Predsjedni\u0161tva BiH Milorad Dodik naglasio je kako bi zamjenik pomo\u0107nika dr\u017eavnog tajnika SAD Gabrijel Escobar morao znati kako BiH mo\u017ee imati budu\u0107nost samo na osnovu Ustava BiH na koji su pristali svi 1995. godine i ako se njeni narodi i entiteti budu borili za nju, a ne Amerikanci, Rusi, Europljani ili visoki predstavnici. [&hellip;]","og_url":"https:\/\/radioljubuski.ba\/index.php\/2021\/11\/07\/dodik-sad-su-mijenjale-dayton-po-zeljama-muslimana-proslo-je-vrijeme-sile-medunarodnih-cimbenika\/","og_site_name":"RADIO LJUBU\u0160KI","article_publisher":"https:\/\/www.facebook.com\/Radiio-Ljubuski-1490835324566332","article_published_time":"2021-11-07T17:00:16+00:00","article_modified_time":"2021-11-07T17:00:17+00:00","og_image":[{"width":1068,"height":672,"url":"https:\/\/radioljubuski.ba\/wp-content\/uploads\/2021\/07\/dodik1-1-1068x672-1.jpg","type":"image\/jpeg"}],"author":"Radio Ljubu\u0161ki","twitter_card":"summary_large_image","twitter_creator":"@radioljubuski","twitter_site":"@radioljubuski","twitter_misc":{"Napisao\/la":"Radio Ljubu\u0161ki","Procijenjeno vrijeme \u010ditanja":"2 minute"},"schema":{"@context":"https:\/\/schema.org","@graph":[{"@type":"Article","@id":"https:\/\/radioljubuski.ba\/index.php\/2021\/11\/07\/dodik-sad-su-mijenjale-dayton-po-zeljama-muslimana-proslo-je-vrijeme-sile-medunarodnih-cimbenika\/#article","isPartOf":{"@id":"https:\/\/radioljubuski.ba\/index.php\/2021\/11\/07\/dodik-sad-su-mijenjale-dayton-po-zeljama-muslimana-proslo-je-vrijeme-sile-medunarodnih-cimbenika\/"},"author":{"name":"Radio Ljubu\u0161ki","@id":"https:\/\/radioljubuski.ba\/#\/schema\/person\/19fc700381a780f69665d7956c469e3b"},"headline":"Dodik: SAD su mijenjale Dayton po \u017eeljama muslimana, pro\u0161lo je vrijeme sile me\u0111unarodnih \u010dimbenika","datePublished":"2021-11-07T17:00:16+00:00","dateModified":"2021-11-07T17:00:17+00:00","mainEntityOfPage":{"@id":"https:\/\/radioljubuski.ba\/index.php\/2021\/11\/07\/dodik-sad-su-mijenjale-dayton-po-zeljama-muslimana-proslo-je-vrijeme-sile-medunarodnih-cimbenika\/"},"wordCount":380,"publisher":{"@id":"https:\/\/radioljubuski.ba\/#organization"},"image":{"@id":"https:\/\/radioljubuski.ba\/index.php\/2021\/11\/07\/dodik-sad-su-mijenjale-dayton-po-zeljama-muslimana-proslo-je-vrijeme-sile-medunarodnih-cimbenika\/#primaryimage"},"thumbnailUrl":"https:\/\/radioljubuski.ba\/wp-content\/uploads\/2021\/07\/dodik1-1-1068x672-1.jpg","articleSection":["BIH i regija"],"inLanguage":"hr"},{"@type":"WebPage","@id":"https:\/\/radioljubuski.ba\/index.php\/2021\/11\/07\/dodik-sad-su-mijenjale-dayton-po-zeljama-muslimana-proslo-je-vrijeme-sile-medunarodnih-cimbenika\/","url":"https:\/\/radioljubuski.ba\/index.php\/2021\/11\/07\/dodik-sad-su-mijenjale-dayton-po-zeljama-muslimana-proslo-je-vrijeme-sile-medunarodnih-cimbenika\/","name":"Dodik: SAD su mijenjale Dayton po \u017eeljama muslimana, pro\u0161lo je vrijeme sile me\u0111unarodnih \u010dimbenika - RADIO LJUBU\u0160KI","isPartOf":{"@id":"https:\/\/radioljubuski.ba\/#website"},"primaryImageOfPage":{"@id":"https:\/\/radioljubuski.ba\/index.php\/2021\/11\/07\/dodik-sad-su-mijenjale-dayton-po-zeljama-muslimana-proslo-je-vrijeme-sile-medunarodnih-cimbenika\/#primaryimage"},"image":{"@id":"https:\/\/radioljubuski.ba\/index.php\/2021\/11\/07\/dodik-sad-su-mijenjale-dayton-po-zeljama-muslimana-proslo-je-vrijeme-sile-medunarodnih-cimbenika\/#primaryimage"},"thumbnailUrl":"https:\/\/radioljubuski.ba\/wp-content\/uploads\/2021\/07\/dodik1-1-1068x672-1.jpg","datePublished":"2021-11-07T17:00:16+00:00","dateModified":"2021-11-07T17:00:17+00:00","breadcrumb":{"@id":"https:\/\/radioljubuski.ba\/index.php\/2021\/11\/07\/dodik-sad-su-mijenjale-dayton-po-zeljama-muslimana-proslo-je-vrijeme-sile-medunarodnih-cimbenika\/#breadcrumb"},"inLanguage":"hr","potentialAction":[{"@type":"ReadAction","target":["https:\/\/radioljubuski.ba\/index.php\/2021\/11\/07\/dodik-sad-su-mijenjale-dayton-po-zeljama-muslimana-proslo-je-vrijeme-sile-medunarodnih-cimbenika\/"]}]},{"@type":"ImageObject","inLanguage":"hr","@id":"https:\/\/radioljubuski.ba\/index.php\/2021\/11\/07\/dodik-sad-su-mijenjale-dayton-po-zeljama-muslimana-proslo-je-vrijeme-sile-medunarodnih-cimbenika\/#primaryimage","url":"https:\/\/radioljubuski.ba\/wp-content\/uploads\/2021\/07\/dodik1-1-1068x672-1.jpg","contentUrl":"https:\/\/radioljubuski.ba\/wp-content\/uploads\/2021\/07\/dodik1-1-1068x672-1.jpg","width":1068,"height":672},{"@type":"BreadcrumbList","@id":"https:\/\/radioljubuski.ba\/index.php\/2021\/11\/07\/dodik-sad-su-mijenjale-dayton-po-zeljama-muslimana-proslo-je-vrijeme-sile-medunarodnih-cimbenika\/#breadcrumb","itemListElement":[{"@type":"ListItem","position":1,"name":"Po\u010detna stranica","item":"https:\/\/radioljubuski.ba\/"},{"@type":"ListItem","position":2,"name":"Dodik: SAD su mijenjale Dayton po \u017eeljama muslimana, pro\u0161lo je vrijeme sile me\u0111unarodnih \u010dimbenika"}]},{"@type":"WebSite","@id":"https:\/\/radioljubuski.ba\/#website","url":"https:\/\/radioljubuski.ba\/","name":"Radio Ljubu\u0161ki","description":"Sun\u010dana frekvencija Hercegovine","publisher":{"@id":"https:\/\/radioljubuski.ba\/#organization"},"potentialAction":[{"@type":"SearchAction","target":{"@type":"EntryPoint","urlTemplate":"https:\/\/radioljubuski.ba\/?s={search_term_string}"},"query-input":{"@type":"PropertyValueSpecification","valueRequired":true,"valueName":"search_term_string"}}],"inLanguage":"hr"},{"@type":"Organization","@id":"https:\/\/radioljubuski.ba\/#organization","name":"Radio Ljubu\u0161ki","url":"https:\/\/radioljubuski.ba\/","logo":{"@type":"ImageObject","inLanguage":"hr","@id":"https:\/\/radioljubuski.ba\/#\/schema\/logo\/image\/","url":"https:\/\/radioljubuski.ba\/wp-content\/uploads\/2021\/02\/cropped-Radio_Ljubuski_logo1.jpg","contentUrl":"https:\/\/radioljubuski.ba\/wp-content\/uploads\/2021\/02\/cropped-Radio_Ljubuski_logo1.jpg","width":512,"height":512,"caption":"Radio Ljubu\u0161ki"},"image":{"@id":"https:\/\/radioljubuski.ba\/#\/schema\/logo\/image\/"},"sameAs":["https:\/\/www.facebook.com\/Radiio-Ljubuski-1490835324566332","https:\/\/x.com\/radioljubuski","https:\/\/hr.linkedin.com\/company\/radio-ljubuski","https:\/\/www.youtube.com\/channel\/UCHYaeO_n0Db3tjNGudGpXyw"]},{"@type":"Person","@id":"https:\/\/radioljubuski.ba\/#\/schema\/person\/19fc700381a780f69665d7956c469e3b","name":"Radio Ljubu\u0161ki"}]}},"_links":{"self":[{"href":"https:\/\/radioljubuski.ba\/index.php\/wp-json\/wp\/v2\/posts\/86157","targetHints":{"allow":["GET"]}}],"collection":[{"href":"https:\/\/radioljubuski.ba\/index.php\/wp-json\/wp\/v2\/posts"}],"about":[{"href":"https:\/\/radioljubuski.ba\/index.php\/wp-json\/wp\/v2\/types\/post"}],"author":[{"embeddable":true,"href":"https:\/\/radioljubuski.ba\/index.php\/wp-json\/wp\/v2\/users\/2"}],"replies":[{"embeddable":true,"href":"https:\/\/radioljubuski.ba\/index.php\/wp-json\/wp\/v2\/comments?post=86157"}],"version-history":[{"count":1,"href":"https:\/\/radioljubuski.ba\/index.php\/wp-json\/wp\/v2\/posts\/86157\/revisions"}],"predecessor-version":[{"id":86158,"href":"https:\/\/radioljubuski.ba\/index.php\/wp-json\/wp\/v2\/posts\/86157\/revisions\/86158"}],"wp:featuredmedia":[{"embeddable":true,"href":"https:\/\/radioljubuski.ba\/index.php\/wp-json\/wp\/v2\/media\/46828"}],"wp:attachment":[{"href":"https:\/\/radioljubuski.ba\/index.php\/wp-json\/wp\/v2\/media?parent=86157"}],"wp:term":[{"taxonomy":"category","embeddable":true,"href":"https:\/\/radioljubuski.ba\/index.php\/wp-json\/wp\/v2\/categories?post=86157"},{"taxonomy":"post_tag","embeddable":true,"href":"https:\/\/radioljubuski.ba\/index.php\/wp-json\/wp\/v2\/tags?post=86157"}],"curies":[{"name":"wp","href":"https:\/\/api.w.org\/{rel}","templated":true}]}}