{"id":86185,"date":"2021-11-07T18:14:53","date_gmt":"2021-11-07T17:14:53","guid":{"rendered":"https:\/\/radioljubuski.ba\/?p=86185"},"modified":"2021-11-07T18:14:54","modified_gmt":"2021-11-07T17:14:54","slug":"hrvatski-ministar-financija-pozitivan-na-covid-clanovi-vlade-ce-primiti-booster-dozu","status":"publish","type":"post","link":"https:\/\/radioljubuski.ba\/index.php\/2021\/11\/07\/hrvatski-ministar-financija-pozitivan-na-covid-clanovi-vlade-ce-primiti-booster-dozu\/","title":{"rendered":"Hrvatski ministar financija pozitivan na COVID, \u010dlanovi Vlade \u0107e primiti booster dozu"},"content":{"rendered":"\n<p>Potpredsjednik Vlade i ministar financija Zdravko Mari\u0107 tijekom vikenda testirao se na koronavirus iz osobne odgovornosti s obzirom na to da je \u010dlan njegove obitelji razvio simptome te utvrdio pozitivan nalaz. Epidemiolozi su ministru odredili izolaciju u trajanju od 10 dana, priop\u0107eno je iz Vlade.&nbsp;<\/p>\n\n\n\n<p>&#8211; Ministar Mari\u0107 osje\u0107a se dobro te zasad nema nikakvih simptoma bolesti COVID-19. Ostat \u0107e u izolaciji i obavljati svoje du\u017enosti od ku\u0107e te \u0107e slijediti sve upute lije\u010dnika i epidemiologa. S obzirom na to da se Mari\u0107, kao i drugi \u010dlanovi Vlade, po\u010detkom godine cijepio protiv bolesti COVID-19, nagla\u0161avamo da nijedno od cjepiva ne \u0161titi 100% od mogu\u0107nosti zaraze, pa tako ni u slu\u010daju cijepljenja protiv bolesti COVID-19, dodaje se u priop\u0107enju.<\/p>\n\n\n\n<p>To ne umanjuje povjerenje i va\u017enost cijepljenja kao klju\u010dnog alata u borbi protiv pandemije koronavirusa, jer cjepivo dokazano \u0161titi od te\u017eih oblika i ishoda bolesti.<\/p>\n\n\n\n<p>&#8211; S obzirom na to da su se \u010dlanovi Vlade cijepili protiv COVID-19 jo\u0161 u sije\u010dnju, odnosno u velja\u010di ove godine, u idu\u0107em razdoblju pristupit \u0107e i docjepljivanju tzv. booster dozom, koja se, slijedom preporuka HZJZ, primjenjuje \u0161est mjeseci nakon druge doze kako bi se produljilo trajanje za\u0161tite. Vi\u0161e \u010dlanova Vlade je to ve\u0107 i u\u010dinilo. I potpredsjednik Vlade Boris Milo\u0161evi\u0107 te ministar Josip Aladrovi\u0107, koji su se zarazili, a bili su ranije cijepljeni, prebrodili su zarazu s vrlo blagim simptomima, izjavio je glasnogovornik Vlade Marko Mili\u0107.<\/p>\n\n\n\n<p>Cjepivo u\u010dinkovito \u0161titi od te\u017eih oblika bolesti, \u0161to potvr\u0111uju podaci Ministarstva zdravstva i HZJZ-a prema kojima velika ve\u0107ina hospitaliziranih osoba, priklju\u010denih na respirator ili na\u017ealost preminulih, nije bila cijepljena.<\/p>\n\n\n\n<p>&#8211; Apeliramo na sve na\u0161e sugra\u0111ane, koji to jo\u0161 nisu u\u010dinili, da se cijepe i za\u0161tite! Pozivamo i sve one koji su drugu dozu primili prije \u0161est ili vi\u0161e mjeseci, a osobito one koji su stariji ili imunokompromitirani, da se docijepe dodatnom dozom \u0161to prije. Danas, kada je cijeli svijet suo\u010den sa znatno zaraznijim sojevima koronavirusa koji se puno br\u017ee \u0161ire, potrebno je \u0161to prije dodatno za\u0161tititi svoje zdravlje, poru\u010dio je Mili\u0107.<\/p>\n\n\n\n<p>Izvor:pogled.ba<\/p>\n","protected":false},"excerpt":{"rendered":"<p>Potpredsjednik Vlade i ministar financija Zdravko Mari\u0107 tijekom vikenda testirao se na koronavirus iz osobne odgovornosti s obzirom na to da je \u010dlan njegove obitelji razvio simptome te utvrdio pozitivan nalaz. Epidemiolozi su ministru odredili izolaciju u trajanju od 10 dana, priop\u0107eno je iz Vlade.&nbsp; &#8211; Ministar Mari\u0107 osje\u0107a se dobro te zasad nema nikakvih [&hellip;]<\/p>\n","protected":false},"author":2,"featured_media":86186,"comment_status":"closed","ping_status":"closed","sticky":false,"template":"","format":"standard","meta":{"h5ap_radio_sources":[],"footnotes":""},"categories":[1],"tags":[],"class_list":["post-86185","post","type-post","status-publish","format-standard","has-post-thumbnail","hentry","category-bihiregija"],"yoast_head":"<!-- This site is optimized with the Yoast SEO plugin v27.5 - https:\/\/yoast.com\/product\/yoast-seo-wordpress\/ -->\n<title>Hrvatski ministar financija pozitivan na COVID, \u010dlanovi Vlade \u0107e primiti booster dozu - RADIO LJUBU\u0160KI<\/title>\n<meta name=\"robots\" content=\"index, follow, max-snippet:-1, max-image-preview:large, max-video-preview:-1\" \/>\n<link rel=\"canonical\" href=\"https:\/\/radioljubuski.ba\/index.php\/2021\/11\/07\/hrvatski-ministar-financija-pozitivan-na-covid-clanovi-vlade-ce-primiti-booster-dozu\/\" \/>\n<meta property=\"og:locale\" content=\"hr_HR\" \/>\n<meta property=\"og:type\" content=\"article\" \/>\n<meta property=\"og:title\" content=\"Hrvatski ministar financija pozitivan na COVID, \u010dlanovi Vlade \u0107e primiti booster dozu - RADIO LJUBU\u0160KI\" \/>\n<meta property=\"og:description\" content=\"Potpredsjednik Vlade i ministar financija Zdravko Mari\u0107 tijekom vikenda testirao se na koronavirus iz osobne odgovornosti s obzirom na to da je \u010dlan njegove obitelji razvio simptome te utvrdio pozitivan nalaz. Epidemiolozi su ministru odredili izolaciju u trajanju od 10 dana, priop\u0107eno je iz Vlade.&nbsp; &#8211; Ministar Mari\u0107 osje\u0107a se dobro te zasad nema nikakvih [&hellip;]\" \/>\n<meta property=\"og:url\" content=\"https:\/\/radioljubuski.ba\/index.php\/2021\/11\/07\/hrvatski-ministar-financija-pozitivan-na-covid-clanovi-vlade-ce-primiti-booster-dozu\/\" \/>\n<meta property=\"og:site_name\" content=\"RADIO LJUBU\u0160KI\" \/>\n<meta property=\"article:publisher\" content=\"https:\/\/www.facebook.com\/Radiio-Ljubuski-1490835324566332\" \/>\n<meta property=\"article:published_time\" content=\"2021-11-07T17:14:53+00:00\" \/>\n<meta property=\"article:modified_time\" content=\"2021-11-07T17:14:54+00:00\" \/>\n<meta property=\"og:image\" content=\"https:\/\/radioljubuski.ba\/wp-content\/uploads\/2021\/11\/2-2021-11-07-12-51-27-maric.jpg\" \/>\n\t<meta property=\"og:image:width\" content=\"1000\" \/>\n\t<meta property=\"og:image:height\" content=\"625\" \/>\n\t<meta property=\"og:image:type\" content=\"image\/jpeg\" \/>\n<meta name=\"author\" content=\"Radio Ljubu\u0161ki\" \/>\n<meta name=\"twitter:card\" content=\"summary_large_image\" \/>\n<meta name=\"twitter:creator\" content=\"@radioljubuski\" \/>\n<meta name=\"twitter:site\" content=\"@radioljubuski\" \/>\n<meta name=\"twitter:label1\" content=\"Napisao\/la\" \/>\n\t<meta name=\"twitter:data1\" content=\"Radio Ljubu\u0161ki\" \/>\n\t<meta name=\"twitter:label2\" content=\"Procijenjeno vrijeme \u010ditanja\" \/>\n\t<meta name=\"twitter:data2\" content=\"2 minute\" \/>\n<script type=\"application\/ld+json\" class=\"yoast-schema-graph\">{\"@context\":\"https:\\\/\\\/schema.org\",\"@graph\":[{\"@type\":\"Article\",\"@id\":\"https:\\\/\\\/radioljubuski.ba\\\/index.php\\\/2021\\\/11\\\/07\\\/hrvatski-ministar-financija-pozitivan-na-covid-clanovi-vlade-ce-primiti-booster-dozu\\\/#article\",\"isPartOf\":{\"@id\":\"https:\\\/\\\/radioljubuski.ba\\\/index.php\\\/2021\\\/11\\\/07\\\/hrvatski-ministar-financija-pozitivan-na-covid-clanovi-vlade-ce-primiti-booster-dozu\\\/\"},\"author\":{\"name\":\"Radio Ljubu\u0161ki\",\"@id\":\"https:\\\/\\\/radioljubuski.ba\\\/#\\\/schema\\\/person\\\/19fc700381a780f69665d7956c469e3b\"},\"headline\":\"Hrvatski ministar financija pozitivan na COVID, \u010dlanovi Vlade \u0107e primiti booster dozu\",\"datePublished\":\"2021-11-07T17:14:53+00:00\",\"dateModified\":\"2021-11-07T17:14:54+00:00\",\"mainEntityOfPage\":{\"@id\":\"https:\\\/\\\/radioljubuski.ba\\\/index.php\\\/2021\\\/11\\\/07\\\/hrvatski-ministar-financija-pozitivan-na-covid-clanovi-vlade-ce-primiti-booster-dozu\\\/\"},\"wordCount\":380,\"publisher\":{\"@id\":\"https:\\\/\\\/radioljubuski.ba\\\/#organization\"},\"image\":{\"@id\":\"https:\\\/\\\/radioljubuski.ba\\\/index.php\\\/2021\\\/11\\\/07\\\/hrvatski-ministar-financija-pozitivan-na-covid-clanovi-vlade-ce-primiti-booster-dozu\\\/#primaryimage\"},\"thumbnailUrl\":\"https:\\\/\\\/radioljubuski.ba\\\/wp-content\\\/uploads\\\/2021\\\/11\\\/2-2021-11-07-12-51-27-maric.jpg\",\"articleSection\":[\"BIH i regija\"],\"inLanguage\":\"hr\"},{\"@type\":\"WebPage\",\"@id\":\"https:\\\/\\\/radioljubuski.ba\\\/index.php\\\/2021\\\/11\\\/07\\\/hrvatski-ministar-financija-pozitivan-na-covid-clanovi-vlade-ce-primiti-booster-dozu\\\/\",\"url\":\"https:\\\/\\\/radioljubuski.ba\\\/index.php\\\/2021\\\/11\\\/07\\\/hrvatski-ministar-financija-pozitivan-na-covid-clanovi-vlade-ce-primiti-booster-dozu\\\/\",\"name\":\"Hrvatski ministar financija pozitivan na COVID, \u010dlanovi Vlade \u0107e primiti booster dozu - RADIO LJUBU\u0160KI\",\"isPartOf\":{\"@id\":\"https:\\\/\\\/radioljubuski.ba\\\/#website\"},\"primaryImageOfPage\":{\"@id\":\"https:\\\/\\\/radioljubuski.ba\\\/index.php\\\/2021\\\/11\\\/07\\\/hrvatski-ministar-financija-pozitivan-na-covid-clanovi-vlade-ce-primiti-booster-dozu\\\/#primaryimage\"},\"image\":{\"@id\":\"https:\\\/\\\/radioljubuski.ba\\\/index.php\\\/2021\\\/11\\\/07\\\/hrvatski-ministar-financija-pozitivan-na-covid-clanovi-vlade-ce-primiti-booster-dozu\\\/#primaryimage\"},\"thumbnailUrl\":\"https:\\\/\\\/radioljubuski.ba\\\/wp-content\\\/uploads\\\/2021\\\/11\\\/2-2021-11-07-12-51-27-maric.jpg\",\"datePublished\":\"2021-11-07T17:14:53+00:00\",\"dateModified\":\"2021-11-07T17:14:54+00:00\",\"breadcrumb\":{\"@id\":\"https:\\\/\\\/radioljubuski.ba\\\/index.php\\\/2021\\\/11\\\/07\\\/hrvatski-ministar-financija-pozitivan-na-covid-clanovi-vlade-ce-primiti-booster-dozu\\\/#breadcrumb\"},\"inLanguage\":\"hr\",\"potentialAction\":[{\"@type\":\"ReadAction\",\"target\":[\"https:\\\/\\\/radioljubuski.ba\\\/index.php\\\/2021\\\/11\\\/07\\\/hrvatski-ministar-financija-pozitivan-na-covid-clanovi-vlade-ce-primiti-booster-dozu\\\/\"]}]},{\"@type\":\"ImageObject\",\"inLanguage\":\"hr\",\"@id\":\"https:\\\/\\\/radioljubuski.ba\\\/index.php\\\/2021\\\/11\\\/07\\\/hrvatski-ministar-financija-pozitivan-na-covid-clanovi-vlade-ce-primiti-booster-dozu\\\/#primaryimage\",\"url\":\"https:\\\/\\\/radioljubuski.ba\\\/wp-content\\\/uploads\\\/2021\\\/11\\\/2-2021-11-07-12-51-27-maric.jpg\",\"contentUrl\":\"https:\\\/\\\/radioljubuski.ba\\\/wp-content\\\/uploads\\\/2021\\\/11\\\/2-2021-11-07-12-51-27-maric.jpg\",\"width\":1000,\"height\":625},{\"@type\":\"BreadcrumbList\",\"@id\":\"https:\\\/\\\/radioljubuski.ba\\\/index.php\\\/2021\\\/11\\\/07\\\/hrvatski-ministar-financija-pozitivan-na-covid-clanovi-vlade-ce-primiti-booster-dozu\\\/#breadcrumb\",\"itemListElement\":[{\"@type\":\"ListItem\",\"position\":1,\"name\":\"Po\u010detna stranica\",\"item\":\"https:\\\/\\\/radioljubuski.ba\\\/\"},{\"@type\":\"ListItem\",\"position\":2,\"name\":\"Hrvatski ministar financija pozitivan na COVID, \u010dlanovi Vlade \u0107e primiti booster dozu\"}]},{\"@type\":\"WebSite\",\"@id\":\"https:\\\/\\\/radioljubuski.ba\\\/#website\",\"url\":\"https:\\\/\\\/radioljubuski.ba\\\/\",\"name\":\"Radio Ljubu\u0161ki\",\"description\":\"Sun\u010dana frekvencija Hercegovine\",\"publisher\":{\"@id\":\"https:\\\/\\\/radioljubuski.ba\\\/#organization\"},\"potentialAction\":[{\"@type\":\"SearchAction\",\"target\":{\"@type\":\"EntryPoint\",\"urlTemplate\":\"https:\\\/\\\/radioljubuski.ba\\\/?s={search_term_string}\"},\"query-input\":{\"@type\":\"PropertyValueSpecification\",\"valueRequired\":true,\"valueName\":\"search_term_string\"}}],\"inLanguage\":\"hr\"},{\"@type\":\"Organization\",\"@id\":\"https:\\\/\\\/radioljubuski.ba\\\/#organization\",\"name\":\"Radio Ljubu\u0161ki\",\"url\":\"https:\\\/\\\/radioljubuski.ba\\\/\",\"logo\":{\"@type\":\"ImageObject\",\"inLanguage\":\"hr\",\"@id\":\"https:\\\/\\\/radioljubuski.ba\\\/#\\\/schema\\\/logo\\\/image\\\/\",\"url\":\"https:\\\/\\\/radioljubuski.ba\\\/wp-content\\\/uploads\\\/2021\\\/02\\\/cropped-Radio_Ljubuski_logo1.jpg\",\"contentUrl\":\"https:\\\/\\\/radioljubuski.ba\\\/wp-content\\\/uploads\\\/2021\\\/02\\\/cropped-Radio_Ljubuski_logo1.jpg\",\"width\":512,\"height\":512,\"caption\":\"Radio Ljubu\u0161ki\"},\"image\":{\"@id\":\"https:\\\/\\\/radioljubuski.ba\\\/#\\\/schema\\\/logo\\\/image\\\/\"},\"sameAs\":[\"https:\\\/\\\/www.facebook.com\\\/Radiio-Ljubuski-1490835324566332\",\"https:\\\/\\\/x.com\\\/radioljubuski\",\"https:\\\/\\\/hr.linkedin.com\\\/company\\\/radio-ljubuski\",\"https:\\\/\\\/www.youtube.com\\\/channel\\\/UCHYaeO_n0Db3tjNGudGpXyw\"]},{\"@type\":\"Person\",\"@id\":\"https:\\\/\\\/radioljubuski.ba\\\/#\\\/schema\\\/person\\\/19fc700381a780f69665d7956c469e3b\",\"name\":\"Radio Ljubu\u0161ki\"}]}<\/script>\n<!-- \/ Yoast SEO plugin. -->","yoast_head_json":{"title":"Hrvatski ministar financija pozitivan na COVID, \u010dlanovi Vlade \u0107e primiti booster dozu - RADIO LJUBU\u0160KI","robots":{"index":"index","follow":"follow","max-snippet":"max-snippet:-1","max-image-preview":"max-image-preview:large","max-video-preview":"max-video-preview:-1"},"canonical":"https:\/\/radioljubuski.ba\/index.php\/2021\/11\/07\/hrvatski-ministar-financija-pozitivan-na-covid-clanovi-vlade-ce-primiti-booster-dozu\/","og_locale":"hr_HR","og_type":"article","og_title":"Hrvatski ministar financija pozitivan na COVID, \u010dlanovi Vlade \u0107e primiti booster dozu - RADIO LJUBU\u0160KI","og_description":"Potpredsjednik Vlade i ministar financija Zdravko Mari\u0107 tijekom vikenda testirao se na koronavirus iz osobne odgovornosti s obzirom na to da je \u010dlan njegove obitelji razvio simptome te utvrdio pozitivan nalaz. Epidemiolozi su ministru odredili izolaciju u trajanju od 10 dana, priop\u0107eno je iz Vlade.&nbsp; &#8211; Ministar Mari\u0107 osje\u0107a se dobro te zasad nema nikakvih [&hellip;]","og_url":"https:\/\/radioljubuski.ba\/index.php\/2021\/11\/07\/hrvatski-ministar-financija-pozitivan-na-covid-clanovi-vlade-ce-primiti-booster-dozu\/","og_site_name":"RADIO LJUBU\u0160KI","article_publisher":"https:\/\/www.facebook.com\/Radiio-Ljubuski-1490835324566332","article_published_time":"2021-11-07T17:14:53+00:00","article_modified_time":"2021-11-07T17:14:54+00:00","og_image":[{"width":1000,"height":625,"url":"https:\/\/radioljubuski.ba\/wp-content\/uploads\/2021\/11\/2-2021-11-07-12-51-27-maric.jpg","type":"image\/jpeg"}],"author":"Radio Ljubu\u0161ki","twitter_card":"summary_large_image","twitter_creator":"@radioljubuski","twitter_site":"@radioljubuski","twitter_misc":{"Napisao\/la":"Radio Ljubu\u0161ki","Procijenjeno vrijeme \u010ditanja":"2 minute"},"schema":{"@context":"https:\/\/schema.org","@graph":[{"@type":"Article","@id":"https:\/\/radioljubuski.ba\/index.php\/2021\/11\/07\/hrvatski-ministar-financija-pozitivan-na-covid-clanovi-vlade-ce-primiti-booster-dozu\/#article","isPartOf":{"@id":"https:\/\/radioljubuski.ba\/index.php\/2021\/11\/07\/hrvatski-ministar-financija-pozitivan-na-covid-clanovi-vlade-ce-primiti-booster-dozu\/"},"author":{"name":"Radio Ljubu\u0161ki","@id":"https:\/\/radioljubuski.ba\/#\/schema\/person\/19fc700381a780f69665d7956c469e3b"},"headline":"Hrvatski ministar financija pozitivan na COVID, \u010dlanovi Vlade \u0107e primiti booster dozu","datePublished":"2021-11-07T17:14:53+00:00","dateModified":"2021-11-07T17:14:54+00:00","mainEntityOfPage":{"@id":"https:\/\/radioljubuski.ba\/index.php\/2021\/11\/07\/hrvatski-ministar-financija-pozitivan-na-covid-clanovi-vlade-ce-primiti-booster-dozu\/"},"wordCount":380,"publisher":{"@id":"https:\/\/radioljubuski.ba\/#organization"},"image":{"@id":"https:\/\/radioljubuski.ba\/index.php\/2021\/11\/07\/hrvatski-ministar-financija-pozitivan-na-covid-clanovi-vlade-ce-primiti-booster-dozu\/#primaryimage"},"thumbnailUrl":"https:\/\/radioljubuski.ba\/wp-content\/uploads\/2021\/11\/2-2021-11-07-12-51-27-maric.jpg","articleSection":["BIH i regija"],"inLanguage":"hr"},{"@type":"WebPage","@id":"https:\/\/radioljubuski.ba\/index.php\/2021\/11\/07\/hrvatski-ministar-financija-pozitivan-na-covid-clanovi-vlade-ce-primiti-booster-dozu\/","url":"https:\/\/radioljubuski.ba\/index.php\/2021\/11\/07\/hrvatski-ministar-financija-pozitivan-na-covid-clanovi-vlade-ce-primiti-booster-dozu\/","name":"Hrvatski ministar financija pozitivan na COVID, \u010dlanovi Vlade \u0107e primiti booster dozu - RADIO LJUBU\u0160KI","isPartOf":{"@id":"https:\/\/radioljubuski.ba\/#website"},"primaryImageOfPage":{"@id":"https:\/\/radioljubuski.ba\/index.php\/2021\/11\/07\/hrvatski-ministar-financija-pozitivan-na-covid-clanovi-vlade-ce-primiti-booster-dozu\/#primaryimage"},"image":{"@id":"https:\/\/radioljubuski.ba\/index.php\/2021\/11\/07\/hrvatski-ministar-financija-pozitivan-na-covid-clanovi-vlade-ce-primiti-booster-dozu\/#primaryimage"},"thumbnailUrl":"https:\/\/radioljubuski.ba\/wp-content\/uploads\/2021\/11\/2-2021-11-07-12-51-27-maric.jpg","datePublished":"2021-11-07T17:14:53+00:00","dateModified":"2021-11-07T17:14:54+00:00","breadcrumb":{"@id":"https:\/\/radioljubuski.ba\/index.php\/2021\/11\/07\/hrvatski-ministar-financija-pozitivan-na-covid-clanovi-vlade-ce-primiti-booster-dozu\/#breadcrumb"},"inLanguage":"hr","potentialAction":[{"@type":"ReadAction","target":["https:\/\/radioljubuski.ba\/index.php\/2021\/11\/07\/hrvatski-ministar-financija-pozitivan-na-covid-clanovi-vlade-ce-primiti-booster-dozu\/"]}]},{"@type":"ImageObject","inLanguage":"hr","@id":"https:\/\/radioljubuski.ba\/index.php\/2021\/11\/07\/hrvatski-ministar-financija-pozitivan-na-covid-clanovi-vlade-ce-primiti-booster-dozu\/#primaryimage","url":"https:\/\/radioljubuski.ba\/wp-content\/uploads\/2021\/11\/2-2021-11-07-12-51-27-maric.jpg","contentUrl":"https:\/\/radioljubuski.ba\/wp-content\/uploads\/2021\/11\/2-2021-11-07-12-51-27-maric.jpg","width":1000,"height":625},{"@type":"BreadcrumbList","@id":"https:\/\/radioljubuski.ba\/index.php\/2021\/11\/07\/hrvatski-ministar-financija-pozitivan-na-covid-clanovi-vlade-ce-primiti-booster-dozu\/#breadcrumb","itemListElement":[{"@type":"ListItem","position":1,"name":"Po\u010detna stranica","item":"https:\/\/radioljubuski.ba\/"},{"@type":"ListItem","position":2,"name":"Hrvatski ministar financija pozitivan na COVID, \u010dlanovi Vlade \u0107e primiti booster dozu"}]},{"@type":"WebSite","@id":"https:\/\/radioljubuski.ba\/#website","url":"https:\/\/radioljubuski.ba\/","name":"Radio Ljubu\u0161ki","description":"Sun\u010dana frekvencija Hercegovine","publisher":{"@id":"https:\/\/radioljubuski.ba\/#organization"},"potentialAction":[{"@type":"SearchAction","target":{"@type":"EntryPoint","urlTemplate":"https:\/\/radioljubuski.ba\/?s={search_term_string}"},"query-input":{"@type":"PropertyValueSpecification","valueRequired":true,"valueName":"search_term_string"}}],"inLanguage":"hr"},{"@type":"Organization","@id":"https:\/\/radioljubuski.ba\/#organization","name":"Radio Ljubu\u0161ki","url":"https:\/\/radioljubuski.ba\/","logo":{"@type":"ImageObject","inLanguage":"hr","@id":"https:\/\/radioljubuski.ba\/#\/schema\/logo\/image\/","url":"https:\/\/radioljubuski.ba\/wp-content\/uploads\/2021\/02\/cropped-Radio_Ljubuski_logo1.jpg","contentUrl":"https:\/\/radioljubuski.ba\/wp-content\/uploads\/2021\/02\/cropped-Radio_Ljubuski_logo1.jpg","width":512,"height":512,"caption":"Radio Ljubu\u0161ki"},"image":{"@id":"https:\/\/radioljubuski.ba\/#\/schema\/logo\/image\/"},"sameAs":["https:\/\/www.facebook.com\/Radiio-Ljubuski-1490835324566332","https:\/\/x.com\/radioljubuski","https:\/\/hr.linkedin.com\/company\/radio-ljubuski","https:\/\/www.youtube.com\/channel\/UCHYaeO_n0Db3tjNGudGpXyw"]},{"@type":"Person","@id":"https:\/\/radioljubuski.ba\/#\/schema\/person\/19fc700381a780f69665d7956c469e3b","name":"Radio Ljubu\u0161ki"}]}},"_links":{"self":[{"href":"https:\/\/radioljubuski.ba\/index.php\/wp-json\/wp\/v2\/posts\/86185","targetHints":{"allow":["GET"]}}],"collection":[{"href":"https:\/\/radioljubuski.ba\/index.php\/wp-json\/wp\/v2\/posts"}],"about":[{"href":"https:\/\/radioljubuski.ba\/index.php\/wp-json\/wp\/v2\/types\/post"}],"author":[{"embeddable":true,"href":"https:\/\/radioljubuski.ba\/index.php\/wp-json\/wp\/v2\/users\/2"}],"replies":[{"embeddable":true,"href":"https:\/\/radioljubuski.ba\/index.php\/wp-json\/wp\/v2\/comments?post=86185"}],"version-history":[{"count":1,"href":"https:\/\/radioljubuski.ba\/index.php\/wp-json\/wp\/v2\/posts\/86185\/revisions"}],"predecessor-version":[{"id":86187,"href":"https:\/\/radioljubuski.ba\/index.php\/wp-json\/wp\/v2\/posts\/86185\/revisions\/86187"}],"wp:featuredmedia":[{"embeddable":true,"href":"https:\/\/radioljubuski.ba\/index.php\/wp-json\/wp\/v2\/media\/86186"}],"wp:attachment":[{"href":"https:\/\/radioljubuski.ba\/index.php\/wp-json\/wp\/v2\/media?parent=86185"}],"wp:term":[{"taxonomy":"category","embeddable":true,"href":"https:\/\/radioljubuski.ba\/index.php\/wp-json\/wp\/v2\/categories?post=86185"},{"taxonomy":"post_tag","embeddable":true,"href":"https:\/\/radioljubuski.ba\/index.php\/wp-json\/wp\/v2\/tags?post=86185"}],"curies":[{"name":"wp","href":"https:\/\/api.w.org\/{rel}","templated":true}]}}