{"id":86203,"date":"2021-11-07T18:28:28","date_gmt":"2021-11-07T17:28:28","guid":{"rendered":"https:\/\/radioljubuski.ba\/?p=86203"},"modified":"2021-11-07T18:28:29","modified_gmt":"2021-11-07T17:28:29","slug":"drinovacka-nevjesta-vozi-tramvaj-u-njemackoj-putnici-mi-se-zahvaljuju-na-voznji-ponekad-daruju-i-cokoladu-bombone","status":"publish","type":"post","link":"https:\/\/radioljubuski.ba\/index.php\/2021\/11\/07\/drinovacka-nevjesta-vozi-tramvaj-u-njemackoj-putnici-mi-se-zahvaljuju-na-voznji-ponekad-daruju-i-cokoladu-bombone\/","title":{"rendered":"&#8216;Drinova\u010dka nevjesta&#8217; vozi tramvaj u Njema\u010dkoj: Putnici mi se zahvaljuju na vo\u017enji, ponekad daruju i \u010dokoladu, bombone&#8230;"},"content":{"rendered":"\n<p>Mnogima je i danas neobi\u010dno vidjeti \u017eenu da radi &#8216;mu\u0161ke poslove&#8217;. Primjerice, da vozi vilju\u0161kara ili tramvaj. No, ne i Slavici Leventi\u0107 (44) koja zna i jedno i drugo. Voza\u010dku za vilju\u0161kara zasad je ostavila po strani i prihvatila se tramvaja. I to u Stuttgartu.&nbsp;<\/p>\n\n\n\n<p>A kako je do\u0161la do toga da &#8216;drinova\u010dka nevjesta&#8217; vozi tramvaj ve\u0107 \u010detiri &nbsp;godine po ulicama Stuttgarta, ispri\u010dala je za Pogled.ba.&nbsp;<\/p>\n\n\n\n<p>Slavica je rodom iz jednog malog sela Donja Skakava (op\u0107ina Br\u010dko), odakle je u Njema\u010dku oti\u0161la jo\u0161 1992. godine. Tu je upoznala svog budu\u0107eg supruga Matu Leventi\u0107a iz Drinovaca (op\u0107ina Grude) i u Njema\u010dkoj je rodila svoje prvo dijete, sina Antu. Vratili su se u Drinovce 1997. godine, u me\u0111uvremenu dobili i k\u0107er Martinu, da bi ponovno oti\u0161li za Njema\u010dku 2014. godine.\u00a0<\/p>\n\n\n\n<figure class=\"wp-block-image\"><img decoding=\"async\" src=\"https:\/\/storage.pogled.ba\/images\/7d16\/90a4\/217457\/original\/8-2021-11-07-09-47-22-IMG-20211106-WA0003.jpg\" alt=\"8-2021-11-07-09-47-22-IMG-20211106-WA0003.jpg\"\/><\/figure>\n\n\n\n<p>-Glavni razlog za\u0161to smo se opet vratili u Njema\u010dku bio je upravo sin Ante. \u017delio se \u0161kolovati za programera i po\u0161to kod nas tada nije bilo puno uvjeta za taj smjer, \u017eelio je probati u Njema\u010dkoj. Tako je sve krenulo. Uvijek su mi djeca na prvom mjestu i nije vi\u0161e igralo ulogu to \u0161to \u017eelimo mi, ve\u0107 da pru\u017eimo djeci najbolje \u0161to mo\u017eemo, pri\u010da nam Slavica. &nbsp;&nbsp;<\/p>\n\n\n\n<p>Dala je otkaz u Violeti gdje je radila 10 godina i gdje joj je, ka\u017ee, rastanak jako te\u0161ko pao, i oti\u0161la za Stuttgart.&nbsp;<\/p>\n\n\n\n<p>&#8211; Nisam uop\u0107e planirala voziti tramvaj. Kada sam tek do\u0161la, bilo mi je nebitno \u0161to \u0107u raditi, samo da se sna\u0111em i dovedem obitelj. Mu\u017e ispo\u010detka nije bio za to da se preselimo, ali na kraju je prihvatio. Sada radi kao profesionalni voza\u010d kamiona i prezadovoljan je poslom.&nbsp;<\/p>\n\n\n\n<p>Slavica je tako prvo radila u cateringu, zatim u jednom hotelu gdje su joj uvjeti i pla\u0107a bili odli\u010dni. Ubrzo &nbsp;je prona\u0161la stan, a uz pomo\u0107 i podr\u0161ku supruga, i ostatak obitelji se doselio. Mu\u017e se zaposlio, djeca krenula u \u0161kolu&#8230;E kad je sve to pro\u0161lo, Slavica si je, kako nam pri\u010da, postavila pitanje: \u017delim li ja cijeli svoj \u017eivot provest u ugostiteljstvu?&nbsp;<\/p>\n\n\n\n<p>Naime, po\u0161to su je oduvijek zanimali strojevi, automehani\u010darski radovi i kako ka\u017ee &#8216;mu\u0161ki poslovi&#8217;, odlu\u010dila je prijaviti se za posao voza\u010dice tramvaja.&nbsp;<\/p>\n\n\n\n<p>&#8211; Privukla me pomisao da vozim tramvaj. Druga\u010diji je od automobila, kamiona&#8230;Nema volan, tu su tipke, \u0161ine&#8230;.Zanimalo me kako funkcionira. Poslala sam \u017eivotopis i \u010dekala.&nbsp;<\/p>\n\n\n\n<p>&#8211; Prvi put sam dobila odbijenicu. U \u017eivotu sam imala puno uspona i padova tako da mi odbijenica nije bila prepreka da odustanem, nego me \u010dak vi\u0161e motivirala ka ostvarenju moje \u017eelje i cilja. Tu moju upornost je prepoznala i tvrtka za koju danas i radim jer puno ljudi odustane odmah nakon prve prepreke. Taj proces je trajao malo manje od dvije godine i onda sam napokon dobila pismo u kojem je, umjesto odbijenice, bio poziv za prvi krug (prijemni ispit). &nbsp;<\/p>\n\n\n\n<p>To je bio po\u010detak izazova koji je bio pred Slavicom.&nbsp;<\/p>\n\n\n\n<p>-Radilo se o razdoblju od tri mjeseca obuke &#8211; teorijske i prakti\u010dne te same spremnosti da prihvati\u0161 posao i razna odricanja.<\/p>\n\n\n\n<p>Nakon tri mjeseca obuka i uspje\u0161no zavr\u0161enih ispita, uslijedilo je 10 dana vo\u017enje uz nadzornu osobu koja je pratila njenu spremnost, pomagala tih prvih dana, upozoravala na detalje i sli\u010dno. To je bio i Slavi\u010dnin prvi susret s putnicima.<\/p>\n\n\n\n<p>&#8211; Nakon tih 10 dana napokon sam bila sama. Bila sam sretna jer sam uspjela, postigla sam svoj cilj. Prvih dana bilo mi je malo stresno. Dogodi se neki zastoj, a moram \u010dekati odluku kontrolora prometa koji ti radiovezom ka\u017ee \u0161to mora\u0161 u tom slu\u010daju \u010diniti. Minuta mi je bila kao godina, smije se Slavica prisje\u0107aju\u0107i se svojih po\u010detaka.&nbsp;<\/p>\n\n\n\n<p>&#8211; Danas sam puno mirnija i opu\u0161tenija.\u00a0<\/p>\n\n\n\n<figure class=\"wp-block-image\"><img decoding=\"async\" src=\"https:\/\/storage.pogled.ba\/images\/79cb\/97ca\/217456\/original\/8-2021-11-07-09-47-22-IMG-20211106-WA0004.jpg\" alt=\"8-2021-11-07-09-47-22-IMG-20211106-WA0004.jpg\"\/><\/figure>\n\n\n\n<p>A neugodna iskustva?&nbsp;<\/p>\n\n\n\n<p>&#8211; Pa jedan putnik me nazvao vje\u0161ticom jer sam mu zatvorila vrata. Jedna starija gospo\u0111a je vikala na mene, a od mlade djevojke sam dobila srednji prst. Na sve sam odgovorila s osmijehom. Na\u017ealost, ne mogu uvijek \u010dekati putnika, moram zatvoriti vrata i krenuti. Ako kasnim ja, kasne i drugi tramvaji i to je lan\u010dana reakcija. Uvijek se trudim pri\u010dekati, ali nekada je to neizvedivo, isti\u010de Slavica. &nbsp;<\/p>\n\n\n\n<p>Kada se dogodi tu\u010dnjava ili naguravanje u tramvaju, Slavica zove policiju ili za\u0161titare. Jednostavno, to je jedino \u0161to mo\u017ee.&nbsp;<\/p>\n\n\n\n<p>&#8211; To su ve\u0107inom no\u0107ne linije, i tada se zaista nagledam svega. Bude dosta pijanih, agresivnih, sijeku sjedi\u0161ta, pu\u0161e u tramvaju i sli\u010dno. No, nekih ve\u0107ih incidenata nisam imala. A da ih ima, ima. Nedavno je kod kolege u tramvaju osoba nasrnula na drugu osobu koja je sjedila nasuprot nje i pritom je te\u0161ko ozlijedila. Iz \u010dista mira, pri\u010da nam Slavica.&nbsp;<\/p>\n\n\n\n<p>No, da ima i pozitivnih strana i da dobro radi svoj posao svjedo\u010de i geste putnika.&nbsp;<\/p>\n\n\n\n<p>&#8211; Nekada mi do\u0111u i zahvale se na vo\u017enji, posebno starije osobe koje pri\u010dekam \u010desto puta jer ih vidim kako tr\u010de da uhvate tramvaj. Do\u0111u mi na prozor i zahvale. \u010cesto mi putnici ka\u017eu i da prekrasno vozim, donesu \u010dokolade, bombone, po\u017eele mi sretan put&#8230;&nbsp;<\/p>\n\n\n\n<p>Tako\u0111er, pla\u0107a je, ka\u017ee, dobra, svake tri godine se po automatizmu pove\u0107ava. Moja obitelj i ja imamo mjese\u010dnu kartu besplatno, s kojom se mo\u017eemo voziti s tramvajem i autobusom. Svaki praznik, prekovremeni&#8230; sve je dodatno pla\u0107eno. Bolovanje se dobije bez ikakvih problema i velikog opravdavanja, jer zdravstvena situacija zaposlenika je na prvom mjestu tvrtke.&nbsp;<\/p>\n\n\n\n<p>&#8211; Jednostavno, ima\u0161 prava kao radnik.&nbsp;<\/p>\n\n\n\n<p>Ipak, kao i svaki posao, pored pozitivnih ima i negativnih strana.&nbsp;<\/p>\n\n\n\n<p>&#8211; Nekada se dogodi linija kada vozimo gotovo pet sati u komadu i kada vi\u0161e ne mo\u017ee\u0161 biti koncentriran, a mora\u0161. Ogromne su gu\u017eve po gradu. Ima dosta starih ljudi koji ne mogu brzo u\u0107i u tramvaj, ulaze pomo\u0107u invalidska kolica, ima puno putnika poput male \u0161kolske djece i slijepih ljudi koji se voze bez pratnje&#8230;A gu\u017eve su ponekad tolike da kada putnici nagrnu jedva zatvorimo vrata. Ljudi puno \u017eure na svoje termine ili posao, mnogi su zbog slu\u0161alica u u\u0161ima i mobitela u ruci preusmjereni, tako da ne obra\u0107aju pa\u017enju na situaciju oko sebe i promet, uklju\u010duju\u0107i i tramvaj. Stresno je nekada jako, pri\u010da Slavica, koja ka\u017ee, da unato\u010d svemu, i dalje u\u017eiva u svom poslu.<\/p>\n\n\n\n<p>Ipak, srce je vu\u010de njenim Drinovcima.&nbsp;<\/p>\n\n\n\n<p>&#8211; Da mogu tramvaj prevest u Hercegovinu, bila bih najsretnija, \u0161ali se Slavica koja ka\u017ee da jedva \u010deka kada \u0107e se vratiti svojoj ku\u0107i.&nbsp;<\/p>\n\n\n\n<p>&#8211; Sve je ovo dobro, no moja zemlja nije Njema\u010dka. Ja sam ovdje samo gost. Tijelom sam u Stuttgartu, a srcem i du\u0161om u Drinovcima. Tu sam stvorila svoju ku\u0107u, dom, svoju obitelj. To je za mene sveto mjesto. I zaista mi je drago kada vidim da mi i djeca jedva \u010dekaju da idu u Drinovce. Najva\u017enije je ne zaboraviti tko si i odakle si. Nikada nisam te\u017eila za pa\u017enjom, jer jedine osobe od koje \u017eelim pa\u017enju su moj mu\u017e i moja djeca. Nadam se samo da \u0107e ovaj \u010dlanak otvoriti mnogim osobama o\u010di, pogotovo \u017eenama. U \u017eivotu ne smijemo zanemariti svoje \u017eelje i ciljeve, jer ni\u0161ta nije nemogu\u0107e. Nikad nije dosta truda i rada, a sve se jednog dana isplati, zaklju\u010dila je Slavica.<\/p>\n\n\n\n<p>Izvor:pogled.ba<\/p>\n","protected":false},"excerpt":{"rendered":"<p>Mnogima je i danas neobi\u010dno vidjeti \u017eenu da radi &#8216;mu\u0161ke poslove&#8217;. Primjerice, da vozi vilju\u0161kara ili tramvaj. No, ne i Slavici Leventi\u0107 (44) koja zna i jedno i drugo. Voza\u010dku za vilju\u0161kara zasad je ostavila po strani i prihvatila se tramvaja. I to u Stuttgartu.&nbsp; A kako je do\u0161la do toga da &#8216;drinova\u010dka nevjesta&#8217; vozi [&hellip;]<\/p>\n","protected":false},"author":2,"featured_media":86204,"comment_status":"closed","ping_status":"closed","sticky":false,"template":"","format":"standard","meta":{"h5ap_radio_sources":[],"footnotes":""},"categories":[1],"tags":[],"class_list":["post-86203","post","type-post","status-publish","format-standard","has-post-thumbnail","hentry","category-bihiregija"],"yoast_head":"<!-- This site is optimized with the Yoast SEO plugin v27.5 - https:\/\/yoast.com\/product\/yoast-seo-wordpress\/ -->\n<title>&#039;Drinova\u010dka nevjesta&#039; vozi tramvaj u Njema\u010dkoj: Putnici mi se zahvaljuju na vo\u017enji, ponekad daruju i \u010dokoladu, bombone... - RADIO LJUBU\u0160KI<\/title>\n<meta name=\"robots\" content=\"index, follow, max-snippet:-1, max-image-preview:large, max-video-preview:-1\" \/>\n<link rel=\"canonical\" href=\"https:\/\/radioljubuski.ba\/index.php\/2021\/11\/07\/drinovacka-nevjesta-vozi-tramvaj-u-njemackoj-putnici-mi-se-zahvaljuju-na-voznji-ponekad-daruju-i-cokoladu-bombone\/\" \/>\n<meta property=\"og:locale\" content=\"hr_HR\" \/>\n<meta property=\"og:type\" content=\"article\" \/>\n<meta property=\"og:title\" content=\"&#039;Drinova\u010dka nevjesta&#039; vozi tramvaj u Njema\u010dkoj: Putnici mi se zahvaljuju na vo\u017enji, ponekad daruju i \u010dokoladu, bombone... - RADIO LJUBU\u0160KI\" \/>\n<meta property=\"og:description\" content=\"Mnogima je i danas neobi\u010dno vidjeti \u017eenu da radi &#8216;mu\u0161ke poslove&#8217;. Primjerice, da vozi vilju\u0161kara ili tramvaj. No, ne i Slavici Leventi\u0107 (44) koja zna i jedno i drugo. Voza\u010dku za vilju\u0161kara zasad je ostavila po strani i prihvatila se tramvaja. I to u Stuttgartu.&nbsp; A kako je do\u0161la do toga da &#8216;drinova\u010dka nevjesta&#8217; vozi [&hellip;]\" \/>\n<meta property=\"og:url\" content=\"https:\/\/radioljubuski.ba\/index.php\/2021\/11\/07\/drinovacka-nevjesta-vozi-tramvaj-u-njemackoj-putnici-mi-se-zahvaljuju-na-voznji-ponekad-daruju-i-cokoladu-bombone\/\" \/>\n<meta property=\"og:site_name\" content=\"RADIO LJUBU\u0160KI\" \/>\n<meta property=\"article:publisher\" content=\"https:\/\/www.facebook.com\/Radiio-Ljubuski-1490835324566332\" \/>\n<meta property=\"article:published_time\" content=\"2021-11-07T17:28:28+00:00\" \/>\n<meta property=\"article:modified_time\" content=\"2021-11-07T17:28:29+00:00\" \/>\n<meta property=\"og:image\" content=\"https:\/\/radioljubuski.ba\/wp-content\/uploads\/2021\/11\/8-2021-11-07-09-47-22-slavica-leventic.jpg\" \/>\n\t<meta property=\"og:image:width\" content=\"1000\" \/>\n\t<meta property=\"og:image:height\" content=\"625\" \/>\n\t<meta property=\"og:image:type\" content=\"image\/jpeg\" \/>\n<meta name=\"author\" content=\"Radio Ljubu\u0161ki\" \/>\n<meta name=\"twitter:card\" content=\"summary_large_image\" \/>\n<meta name=\"twitter:creator\" content=\"@radioljubuski\" \/>\n<meta name=\"twitter:site\" content=\"@radioljubuski\" \/>\n<meta name=\"twitter:label1\" content=\"Napisao\/la\" \/>\n\t<meta name=\"twitter:data1\" content=\"Radio Ljubu\u0161ki\" \/>\n\t<meta name=\"twitter:label2\" content=\"Procijenjeno vrijeme \u010ditanja\" \/>\n\t<meta name=\"twitter:data2\" content=\"6 minuta\" \/>\n<script type=\"application\/ld+json\" class=\"yoast-schema-graph\">{\"@context\":\"https:\\\/\\\/schema.org\",\"@graph\":[{\"@type\":\"Article\",\"@id\":\"https:\\\/\\\/radioljubuski.ba\\\/index.php\\\/2021\\\/11\\\/07\\\/drinovacka-nevjesta-vozi-tramvaj-u-njemackoj-putnici-mi-se-zahvaljuju-na-voznji-ponekad-daruju-i-cokoladu-bombone\\\/#article\",\"isPartOf\":{\"@id\":\"https:\\\/\\\/radioljubuski.ba\\\/index.php\\\/2021\\\/11\\\/07\\\/drinovacka-nevjesta-vozi-tramvaj-u-njemackoj-putnici-mi-se-zahvaljuju-na-voznji-ponekad-daruju-i-cokoladu-bombone\\\/\"},\"author\":{\"name\":\"Radio Ljubu\u0161ki\",\"@id\":\"https:\\\/\\\/radioljubuski.ba\\\/#\\\/schema\\\/person\\\/19fc700381a780f69665d7956c469e3b\"},\"headline\":\"&#8216;Drinova\u010dka nevjesta&#8217; vozi tramvaj u Njema\u010dkoj: Putnici mi se zahvaljuju na vo\u017enji, ponekad daruju i \u010dokoladu, bombone&#8230;\",\"datePublished\":\"2021-11-07T17:28:28+00:00\",\"dateModified\":\"2021-11-07T17:28:29+00:00\",\"mainEntityOfPage\":{\"@id\":\"https:\\\/\\\/radioljubuski.ba\\\/index.php\\\/2021\\\/11\\\/07\\\/drinovacka-nevjesta-vozi-tramvaj-u-njemackoj-putnici-mi-se-zahvaljuju-na-voznji-ponekad-daruju-i-cokoladu-bombone\\\/\"},\"wordCount\":1314,\"publisher\":{\"@id\":\"https:\\\/\\\/radioljubuski.ba\\\/#organization\"},\"image\":{\"@id\":\"https:\\\/\\\/radioljubuski.ba\\\/index.php\\\/2021\\\/11\\\/07\\\/drinovacka-nevjesta-vozi-tramvaj-u-njemackoj-putnici-mi-se-zahvaljuju-na-voznji-ponekad-daruju-i-cokoladu-bombone\\\/#primaryimage\"},\"thumbnailUrl\":\"https:\\\/\\\/radioljubuski.ba\\\/wp-content\\\/uploads\\\/2021\\\/11\\\/8-2021-11-07-09-47-22-slavica-leventic.jpg\",\"articleSection\":[\"BIH i regija\"],\"inLanguage\":\"hr\"},{\"@type\":\"WebPage\",\"@id\":\"https:\\\/\\\/radioljubuski.ba\\\/index.php\\\/2021\\\/11\\\/07\\\/drinovacka-nevjesta-vozi-tramvaj-u-njemackoj-putnici-mi-se-zahvaljuju-na-voznji-ponekad-daruju-i-cokoladu-bombone\\\/\",\"url\":\"https:\\\/\\\/radioljubuski.ba\\\/index.php\\\/2021\\\/11\\\/07\\\/drinovacka-nevjesta-vozi-tramvaj-u-njemackoj-putnici-mi-se-zahvaljuju-na-voznji-ponekad-daruju-i-cokoladu-bombone\\\/\",\"name\":\"'Drinova\u010dka nevjesta' vozi tramvaj u Njema\u010dkoj: Putnici mi se zahvaljuju na vo\u017enji, ponekad daruju i \u010dokoladu, bombone... - RADIO LJUBU\u0160KI\",\"isPartOf\":{\"@id\":\"https:\\\/\\\/radioljubuski.ba\\\/#website\"},\"primaryImageOfPage\":{\"@id\":\"https:\\\/\\\/radioljubuski.ba\\\/index.php\\\/2021\\\/11\\\/07\\\/drinovacka-nevjesta-vozi-tramvaj-u-njemackoj-putnici-mi-se-zahvaljuju-na-voznji-ponekad-daruju-i-cokoladu-bombone\\\/#primaryimage\"},\"image\":{\"@id\":\"https:\\\/\\\/radioljubuski.ba\\\/index.php\\\/2021\\\/11\\\/07\\\/drinovacka-nevjesta-vozi-tramvaj-u-njemackoj-putnici-mi-se-zahvaljuju-na-voznji-ponekad-daruju-i-cokoladu-bombone\\\/#primaryimage\"},\"thumbnailUrl\":\"https:\\\/\\\/radioljubuski.ba\\\/wp-content\\\/uploads\\\/2021\\\/11\\\/8-2021-11-07-09-47-22-slavica-leventic.jpg\",\"datePublished\":\"2021-11-07T17:28:28+00:00\",\"dateModified\":\"2021-11-07T17:28:29+00:00\",\"breadcrumb\":{\"@id\":\"https:\\\/\\\/radioljubuski.ba\\\/index.php\\\/2021\\\/11\\\/07\\\/drinovacka-nevjesta-vozi-tramvaj-u-njemackoj-putnici-mi-se-zahvaljuju-na-voznji-ponekad-daruju-i-cokoladu-bombone\\\/#breadcrumb\"},\"inLanguage\":\"hr\",\"potentialAction\":[{\"@type\":\"ReadAction\",\"target\":[\"https:\\\/\\\/radioljubuski.ba\\\/index.php\\\/2021\\\/11\\\/07\\\/drinovacka-nevjesta-vozi-tramvaj-u-njemackoj-putnici-mi-se-zahvaljuju-na-voznji-ponekad-daruju-i-cokoladu-bombone\\\/\"]}]},{\"@type\":\"ImageObject\",\"inLanguage\":\"hr\",\"@id\":\"https:\\\/\\\/radioljubuski.ba\\\/index.php\\\/2021\\\/11\\\/07\\\/drinovacka-nevjesta-vozi-tramvaj-u-njemackoj-putnici-mi-se-zahvaljuju-na-voznji-ponekad-daruju-i-cokoladu-bombone\\\/#primaryimage\",\"url\":\"https:\\\/\\\/radioljubuski.ba\\\/wp-content\\\/uploads\\\/2021\\\/11\\\/8-2021-11-07-09-47-22-slavica-leventic.jpg\",\"contentUrl\":\"https:\\\/\\\/radioljubuski.ba\\\/wp-content\\\/uploads\\\/2021\\\/11\\\/8-2021-11-07-09-47-22-slavica-leventic.jpg\",\"width\":1000,\"height\":625},{\"@type\":\"BreadcrumbList\",\"@id\":\"https:\\\/\\\/radioljubuski.ba\\\/index.php\\\/2021\\\/11\\\/07\\\/drinovacka-nevjesta-vozi-tramvaj-u-njemackoj-putnici-mi-se-zahvaljuju-na-voznji-ponekad-daruju-i-cokoladu-bombone\\\/#breadcrumb\",\"itemListElement\":[{\"@type\":\"ListItem\",\"position\":1,\"name\":\"Po\u010detna stranica\",\"item\":\"https:\\\/\\\/radioljubuski.ba\\\/\"},{\"@type\":\"ListItem\",\"position\":2,\"name\":\"&#8216;Drinova\u010dka nevjesta&#8217; vozi tramvaj u Njema\u010dkoj: Putnici mi se zahvaljuju na vo\u017enji, ponekad daruju i \u010dokoladu, bombone&#8230;\"}]},{\"@type\":\"WebSite\",\"@id\":\"https:\\\/\\\/radioljubuski.ba\\\/#website\",\"url\":\"https:\\\/\\\/radioljubuski.ba\\\/\",\"name\":\"Radio Ljubu\u0161ki\",\"description\":\"Sun\u010dana frekvencija Hercegovine\",\"publisher\":{\"@id\":\"https:\\\/\\\/radioljubuski.ba\\\/#organization\"},\"potentialAction\":[{\"@type\":\"SearchAction\",\"target\":{\"@type\":\"EntryPoint\",\"urlTemplate\":\"https:\\\/\\\/radioljubuski.ba\\\/?s={search_term_string}\"},\"query-input\":{\"@type\":\"PropertyValueSpecification\",\"valueRequired\":true,\"valueName\":\"search_term_string\"}}],\"inLanguage\":\"hr\"},{\"@type\":\"Organization\",\"@id\":\"https:\\\/\\\/radioljubuski.ba\\\/#organization\",\"name\":\"Radio Ljubu\u0161ki\",\"url\":\"https:\\\/\\\/radioljubuski.ba\\\/\",\"logo\":{\"@type\":\"ImageObject\",\"inLanguage\":\"hr\",\"@id\":\"https:\\\/\\\/radioljubuski.ba\\\/#\\\/schema\\\/logo\\\/image\\\/\",\"url\":\"https:\\\/\\\/radioljubuski.ba\\\/wp-content\\\/uploads\\\/2021\\\/02\\\/cropped-Radio_Ljubuski_logo1.jpg\",\"contentUrl\":\"https:\\\/\\\/radioljubuski.ba\\\/wp-content\\\/uploads\\\/2021\\\/02\\\/cropped-Radio_Ljubuski_logo1.jpg\",\"width\":512,\"height\":512,\"caption\":\"Radio Ljubu\u0161ki\"},\"image\":{\"@id\":\"https:\\\/\\\/radioljubuski.ba\\\/#\\\/schema\\\/logo\\\/image\\\/\"},\"sameAs\":[\"https:\\\/\\\/www.facebook.com\\\/Radiio-Ljubuski-1490835324566332\",\"https:\\\/\\\/x.com\\\/radioljubuski\",\"https:\\\/\\\/hr.linkedin.com\\\/company\\\/radio-ljubuski\",\"https:\\\/\\\/www.youtube.com\\\/channel\\\/UCHYaeO_n0Db3tjNGudGpXyw\"]},{\"@type\":\"Person\",\"@id\":\"https:\\\/\\\/radioljubuski.ba\\\/#\\\/schema\\\/person\\\/19fc700381a780f69665d7956c469e3b\",\"name\":\"Radio Ljubu\u0161ki\"}]}<\/script>\n<!-- \/ Yoast SEO plugin. -->","yoast_head_json":{"title":"'Drinova\u010dka nevjesta' vozi tramvaj u Njema\u010dkoj: Putnici mi se zahvaljuju na vo\u017enji, ponekad daruju i \u010dokoladu, bombone... - RADIO LJUBU\u0160KI","robots":{"index":"index","follow":"follow","max-snippet":"max-snippet:-1","max-image-preview":"max-image-preview:large","max-video-preview":"max-video-preview:-1"},"canonical":"https:\/\/radioljubuski.ba\/index.php\/2021\/11\/07\/drinovacka-nevjesta-vozi-tramvaj-u-njemackoj-putnici-mi-se-zahvaljuju-na-voznji-ponekad-daruju-i-cokoladu-bombone\/","og_locale":"hr_HR","og_type":"article","og_title":"'Drinova\u010dka nevjesta' vozi tramvaj u Njema\u010dkoj: Putnici mi se zahvaljuju na vo\u017enji, ponekad daruju i \u010dokoladu, bombone... - RADIO LJUBU\u0160KI","og_description":"Mnogima je i danas neobi\u010dno vidjeti \u017eenu da radi &#8216;mu\u0161ke poslove&#8217;. Primjerice, da vozi vilju\u0161kara ili tramvaj. No, ne i Slavici Leventi\u0107 (44) koja zna i jedno i drugo. Voza\u010dku za vilju\u0161kara zasad je ostavila po strani i prihvatila se tramvaja. I to u Stuttgartu.&nbsp; A kako je do\u0161la do toga da &#8216;drinova\u010dka nevjesta&#8217; vozi [&hellip;]","og_url":"https:\/\/radioljubuski.ba\/index.php\/2021\/11\/07\/drinovacka-nevjesta-vozi-tramvaj-u-njemackoj-putnici-mi-se-zahvaljuju-na-voznji-ponekad-daruju-i-cokoladu-bombone\/","og_site_name":"RADIO LJUBU\u0160KI","article_publisher":"https:\/\/www.facebook.com\/Radiio-Ljubuski-1490835324566332","article_published_time":"2021-11-07T17:28:28+00:00","article_modified_time":"2021-11-07T17:28:29+00:00","og_image":[{"width":1000,"height":625,"url":"https:\/\/radioljubuski.ba\/wp-content\/uploads\/2021\/11\/8-2021-11-07-09-47-22-slavica-leventic.jpg","type":"image\/jpeg"}],"author":"Radio Ljubu\u0161ki","twitter_card":"summary_large_image","twitter_creator":"@radioljubuski","twitter_site":"@radioljubuski","twitter_misc":{"Napisao\/la":"Radio Ljubu\u0161ki","Procijenjeno vrijeme \u010ditanja":"6 minuta"},"schema":{"@context":"https:\/\/schema.org","@graph":[{"@type":"Article","@id":"https:\/\/radioljubuski.ba\/index.php\/2021\/11\/07\/drinovacka-nevjesta-vozi-tramvaj-u-njemackoj-putnici-mi-se-zahvaljuju-na-voznji-ponekad-daruju-i-cokoladu-bombone\/#article","isPartOf":{"@id":"https:\/\/radioljubuski.ba\/index.php\/2021\/11\/07\/drinovacka-nevjesta-vozi-tramvaj-u-njemackoj-putnici-mi-se-zahvaljuju-na-voznji-ponekad-daruju-i-cokoladu-bombone\/"},"author":{"name":"Radio Ljubu\u0161ki","@id":"https:\/\/radioljubuski.ba\/#\/schema\/person\/19fc700381a780f69665d7956c469e3b"},"headline":"&#8216;Drinova\u010dka nevjesta&#8217; vozi tramvaj u Njema\u010dkoj: Putnici mi se zahvaljuju na vo\u017enji, ponekad daruju i \u010dokoladu, bombone&#8230;","datePublished":"2021-11-07T17:28:28+00:00","dateModified":"2021-11-07T17:28:29+00:00","mainEntityOfPage":{"@id":"https:\/\/radioljubuski.ba\/index.php\/2021\/11\/07\/drinovacka-nevjesta-vozi-tramvaj-u-njemackoj-putnici-mi-se-zahvaljuju-na-voznji-ponekad-daruju-i-cokoladu-bombone\/"},"wordCount":1314,"publisher":{"@id":"https:\/\/radioljubuski.ba\/#organization"},"image":{"@id":"https:\/\/radioljubuski.ba\/index.php\/2021\/11\/07\/drinovacka-nevjesta-vozi-tramvaj-u-njemackoj-putnici-mi-se-zahvaljuju-na-voznji-ponekad-daruju-i-cokoladu-bombone\/#primaryimage"},"thumbnailUrl":"https:\/\/radioljubuski.ba\/wp-content\/uploads\/2021\/11\/8-2021-11-07-09-47-22-slavica-leventic.jpg","articleSection":["BIH i regija"],"inLanguage":"hr"},{"@type":"WebPage","@id":"https:\/\/radioljubuski.ba\/index.php\/2021\/11\/07\/drinovacka-nevjesta-vozi-tramvaj-u-njemackoj-putnici-mi-se-zahvaljuju-na-voznji-ponekad-daruju-i-cokoladu-bombone\/","url":"https:\/\/radioljubuski.ba\/index.php\/2021\/11\/07\/drinovacka-nevjesta-vozi-tramvaj-u-njemackoj-putnici-mi-se-zahvaljuju-na-voznji-ponekad-daruju-i-cokoladu-bombone\/","name":"'Drinova\u010dka nevjesta' vozi tramvaj u Njema\u010dkoj: Putnici mi se zahvaljuju na vo\u017enji, ponekad daruju i \u010dokoladu, bombone... - RADIO LJUBU\u0160KI","isPartOf":{"@id":"https:\/\/radioljubuski.ba\/#website"},"primaryImageOfPage":{"@id":"https:\/\/radioljubuski.ba\/index.php\/2021\/11\/07\/drinovacka-nevjesta-vozi-tramvaj-u-njemackoj-putnici-mi-se-zahvaljuju-na-voznji-ponekad-daruju-i-cokoladu-bombone\/#primaryimage"},"image":{"@id":"https:\/\/radioljubuski.ba\/index.php\/2021\/11\/07\/drinovacka-nevjesta-vozi-tramvaj-u-njemackoj-putnici-mi-se-zahvaljuju-na-voznji-ponekad-daruju-i-cokoladu-bombone\/#primaryimage"},"thumbnailUrl":"https:\/\/radioljubuski.ba\/wp-content\/uploads\/2021\/11\/8-2021-11-07-09-47-22-slavica-leventic.jpg","datePublished":"2021-11-07T17:28:28+00:00","dateModified":"2021-11-07T17:28:29+00:00","breadcrumb":{"@id":"https:\/\/radioljubuski.ba\/index.php\/2021\/11\/07\/drinovacka-nevjesta-vozi-tramvaj-u-njemackoj-putnici-mi-se-zahvaljuju-na-voznji-ponekad-daruju-i-cokoladu-bombone\/#breadcrumb"},"inLanguage":"hr","potentialAction":[{"@type":"ReadAction","target":["https:\/\/radioljubuski.ba\/index.php\/2021\/11\/07\/drinovacka-nevjesta-vozi-tramvaj-u-njemackoj-putnici-mi-se-zahvaljuju-na-voznji-ponekad-daruju-i-cokoladu-bombone\/"]}]},{"@type":"ImageObject","inLanguage":"hr","@id":"https:\/\/radioljubuski.ba\/index.php\/2021\/11\/07\/drinovacka-nevjesta-vozi-tramvaj-u-njemackoj-putnici-mi-se-zahvaljuju-na-voznji-ponekad-daruju-i-cokoladu-bombone\/#primaryimage","url":"https:\/\/radioljubuski.ba\/wp-content\/uploads\/2021\/11\/8-2021-11-07-09-47-22-slavica-leventic.jpg","contentUrl":"https:\/\/radioljubuski.ba\/wp-content\/uploads\/2021\/11\/8-2021-11-07-09-47-22-slavica-leventic.jpg","width":1000,"height":625},{"@type":"BreadcrumbList","@id":"https:\/\/radioljubuski.ba\/index.php\/2021\/11\/07\/drinovacka-nevjesta-vozi-tramvaj-u-njemackoj-putnici-mi-se-zahvaljuju-na-voznji-ponekad-daruju-i-cokoladu-bombone\/#breadcrumb","itemListElement":[{"@type":"ListItem","position":1,"name":"Po\u010detna stranica","item":"https:\/\/radioljubuski.ba\/"},{"@type":"ListItem","position":2,"name":"&#8216;Drinova\u010dka nevjesta&#8217; vozi tramvaj u Njema\u010dkoj: Putnici mi se zahvaljuju na vo\u017enji, ponekad daruju i \u010dokoladu, bombone&#8230;"}]},{"@type":"WebSite","@id":"https:\/\/radioljubuski.ba\/#website","url":"https:\/\/radioljubuski.ba\/","name":"Radio Ljubu\u0161ki","description":"Sun\u010dana frekvencija Hercegovine","publisher":{"@id":"https:\/\/radioljubuski.ba\/#organization"},"potentialAction":[{"@type":"SearchAction","target":{"@type":"EntryPoint","urlTemplate":"https:\/\/radioljubuski.ba\/?s={search_term_string}"},"query-input":{"@type":"PropertyValueSpecification","valueRequired":true,"valueName":"search_term_string"}}],"inLanguage":"hr"},{"@type":"Organization","@id":"https:\/\/radioljubuski.ba\/#organization","name":"Radio Ljubu\u0161ki","url":"https:\/\/radioljubuski.ba\/","logo":{"@type":"ImageObject","inLanguage":"hr","@id":"https:\/\/radioljubuski.ba\/#\/schema\/logo\/image\/","url":"https:\/\/radioljubuski.ba\/wp-content\/uploads\/2021\/02\/cropped-Radio_Ljubuski_logo1.jpg","contentUrl":"https:\/\/radioljubuski.ba\/wp-content\/uploads\/2021\/02\/cropped-Radio_Ljubuski_logo1.jpg","width":512,"height":512,"caption":"Radio Ljubu\u0161ki"},"image":{"@id":"https:\/\/radioljubuski.ba\/#\/schema\/logo\/image\/"},"sameAs":["https:\/\/www.facebook.com\/Radiio-Ljubuski-1490835324566332","https:\/\/x.com\/radioljubuski","https:\/\/hr.linkedin.com\/company\/radio-ljubuski","https:\/\/www.youtube.com\/channel\/UCHYaeO_n0Db3tjNGudGpXyw"]},{"@type":"Person","@id":"https:\/\/radioljubuski.ba\/#\/schema\/person\/19fc700381a780f69665d7956c469e3b","name":"Radio Ljubu\u0161ki"}]}},"_links":{"self":[{"href":"https:\/\/radioljubuski.ba\/index.php\/wp-json\/wp\/v2\/posts\/86203","targetHints":{"allow":["GET"]}}],"collection":[{"href":"https:\/\/radioljubuski.ba\/index.php\/wp-json\/wp\/v2\/posts"}],"about":[{"href":"https:\/\/radioljubuski.ba\/index.php\/wp-json\/wp\/v2\/types\/post"}],"author":[{"embeddable":true,"href":"https:\/\/radioljubuski.ba\/index.php\/wp-json\/wp\/v2\/users\/2"}],"replies":[{"embeddable":true,"href":"https:\/\/radioljubuski.ba\/index.php\/wp-json\/wp\/v2\/comments?post=86203"}],"version-history":[{"count":1,"href":"https:\/\/radioljubuski.ba\/index.php\/wp-json\/wp\/v2\/posts\/86203\/revisions"}],"predecessor-version":[{"id":86205,"href":"https:\/\/radioljubuski.ba\/index.php\/wp-json\/wp\/v2\/posts\/86203\/revisions\/86205"}],"wp:featuredmedia":[{"embeddable":true,"href":"https:\/\/radioljubuski.ba\/index.php\/wp-json\/wp\/v2\/media\/86204"}],"wp:attachment":[{"href":"https:\/\/radioljubuski.ba\/index.php\/wp-json\/wp\/v2\/media?parent=86203"}],"wp:term":[{"taxonomy":"category","embeddable":true,"href":"https:\/\/radioljubuski.ba\/index.php\/wp-json\/wp\/v2\/categories?post=86203"},{"taxonomy":"post_tag","embeddable":true,"href":"https:\/\/radioljubuski.ba\/index.php\/wp-json\/wp\/v2\/tags?post=86203"}],"curies":[{"name":"wp","href":"https:\/\/api.w.org\/{rel}","templated":true}]}}