{"id":86213,"date":"2021-11-07T20:07:22","date_gmt":"2021-11-07T19:07:22","guid":{"rendered":"https:\/\/radioljubuski.ba\/?p=86213"},"modified":"2021-11-07T20:07:23","modified_gmt":"2021-11-07T19:07:23","slug":"jadrijev-za-12-sati-pretrcao-146-39-km","status":"publish","type":"post","link":"https:\/\/radioljubuski.ba\/index.php\/2021\/11\/07\/jadrijev-za-12-sati-pretrcao-146-39-km\/","title":{"rendered":"Jadrijev za 12 sati pretr\u010dao 146.39 km"},"content":{"rendered":"\n<p><strong>Na atletskom stadionu Mladosti odr\u017ean je me\u0111unarodni ultramaraton Zagreb 12H, utrka u tr\u010danju na 12 sati, koji je ujedno bio i Prvenstvo Hrvatske u toj disciplini.<\/strong><\/p>\n\n\n\n<p>Nastupilo je 88 ultramaratonaca koji su radili krugove od 1400 metara po stazi u okolici stadiona, a najve\u0107u kilometra\u017ei ostvario je&nbsp;<strong>Zdravko Jadrijev<\/strong>&nbsp;koji je pretr\u010dao 146.39 kilometara, 2 kilometra vi\u0161e od drugoplasiranog<strong>&nbsp;Pavla Kruljca<\/strong>&nbsp;i 3.21 kilometara vi\u0161e od Slovenca<strong>&nbsp;Luke Videti\u010da<\/strong>&nbsp;koji se popeo na tre\u0107u stepenicu pobjedni\u010dkog postolja.<br><br>U \u017eenskoj konkurenciji&nbsp;<strong>Ines Jozi\u0107&nbsp;<\/strong>je bila super uvjerljiva i sa kona\u010dnih 136.37 kilometara nadvisila konkurenciju. Druga je bila<strong>&nbsp;Ines Ba\u0161i\u0107<\/strong>&nbsp;(128.49), a tre\u0107a Talijanka&nbsp;<strong>Elena Fabiani&nbsp;<\/strong>(128.39).<br><br>&#8211; Odli\u010dna utrka, izvrsna konkurencija i fantasti\u010dna pobjeda. Takti\u010dki sam mislio tr\u010dati \u010dak i sporije u prvom dijelu utrke, no u\u010dinilo mi se da \u0107e mi konkurenti napraviti preveliku razliku pa sam ubrzao. Pobjedu sam osigurao u zadnjih sat vremena jer mi je ostalo dosta svje\u017eine i snage. Jako sam zadovoljan, kazao je pobjednik utrke Zdravko Jadrijev, novi hrvatski rekorder u tr\u010danju na 12 sati.<br><br>Istodobno s odr\u017eavanjem utrka na 12 sati, odr\u017eavala se utrka i na duplo manjoj distanci. Tridesetak ultra\u0161a predvodio je fantasti\u010dni \u0161panjolski trka\u010d&nbsp;<strong>Iv\u00e1n Penalba L\u00f3pez&nbsp;<\/strong>koji je u \u0161est sati tr\u010danja pro\u0161ao 82.6 kilometara. Drugi je bio Slovenac&nbsp;<strong>Adriano Vrbeti\u010d&nbsp;<\/strong>(79.68), a tre\u0107i najbolji srpski ultramaratonac&nbsp;<strong>Ivan Mi\u0161keljin<\/strong>&nbsp;(64.89).<br><br>U \u017eenskoj konkurenciji pobijedila je&nbsp;<strong>Silvia \u0160imunovi\u0107&nbsp;<\/strong>sa 75.13 kilometara, a ne\u0161to kra\u0107u kilometra\u017eu skupile su<strong>&nbsp;Jelena Culej&nbsp;<\/strong>(72.34) i<strong>&nbsp;Ivana Maru\u0161i\u0107<\/strong>&nbsp;(64.89).<br><br>&#8211; Ovo mi je bio prvi nastup na utrci od 6 sati i moram priznati da sam odu\u0161evljena. Organizacija je bila odli\u010dna, volim kratke krugove s puno interakcije s drugim trka\u010dima, atmosfera je ba\u0161 zato i bila super, vrlo poticajna za dobar rezultat. Od prvog kruga do kraja trke dr\u017eala sam tempo koji sam dogovorila s trenerom i uspjeh nije izostao, naglasila je pobjednica koja je u subotu sru\u0161ila hrvatski rekord na tr\u010danju na 6 sati.<br><br>\u0160panjolac Lopez bio je prva zvijezda utrke i s nevjerojatnom lako\u0107om tr\u010danja uvjerljivo je slavio u Zagrebu.<br><br>&#8211; Bila je to spektakularna utrka zbog sjajne atmosfere me\u0111u trka\u010dima i navija\u010dima. Bila mi je \u010dast tr\u010dati uz neke od najve\u0107ih ultramaratonaca i stvarno sam sretan \u0161to sam ostvario pobjedu u Zagrebu, Nadam se da \u0107u se vratiti nekom drugom prilikom i napraviti jo\u0161 bolji rezultat. Organizacija je bila zaista odli\u010dna, kazao je Iv\u00e1n Penalba Lopez.<br><br>Rezultati 12 sati (M):<br>1. Zdravko Jadrijev (Hrv) 146.39 km<br>2. Pavle Kruljac (Hrv) 144.30<br>3. Luka Videti\u010d (Slo) 143.18<br><br>Rezultati 12 sati (\u017d):<br>1. Ines Jozi\u0107 Ines (Hrv) 136.37<br>2. Ines Ba\u0161i\u0107 Ines (Hrv) 128.49<br>3. Elena Fabiani (Ita) 128.39<br><br>PH 12 sati (M):<br>1. Zdravko Jadrijev 146.39<br>2. Pavle Kruljac 144.30<br>3. Hrvoje Vla\u0161i\u0107 137.51<br><br>PH 12 sati (\u017d):<br>1. Ines Jozi\u0107 136.37<br>2. Ines Ba\u0161i\u0107 128.498<br>3. Veronika Juri\u0161i\u0107 125.543<\/p>\n\n\n\n<p>Izvor:hrt.hr<\/p>\n","protected":false},"excerpt":{"rendered":"<p>Na atletskom stadionu Mladosti odr\u017ean je me\u0111unarodni ultramaraton Zagreb 12H, utrka u tr\u010danju na 12 sati, koji je ujedno bio i Prvenstvo Hrvatske u toj disciplini. Nastupilo je 88 ultramaratonaca koji su radili krugove od 1400 metara po stazi u okolici stadiona, a najve\u0107u kilometra\u017ei ostvario je&nbsp;Zdravko Jadrijev&nbsp;koji je pretr\u010dao 146.39 kilometara, 2 kilometra vi\u0161e [&hellip;]<\/p>\n","protected":false},"author":2,"featured_media":86214,"comment_status":"closed","ping_status":"closed","sticky":false,"template":"","format":"standard","meta":{"h5ap_radio_sources":[],"footnotes":""},"categories":[7],"tags":[],"class_list":["post-86213","post","type-post","status-publish","format-standard","has-post-thumbnail","hentry","category-sport"],"yoast_head":"<!-- This site is optimized with the Yoast SEO plugin v27.5 - https:\/\/yoast.com\/product\/yoast-seo-wordpress\/ -->\n<title>Jadrijev za 12 sati pretr\u010dao 146.39 km - RADIO LJUBU\u0160KI<\/title>\n<meta name=\"robots\" content=\"index, follow, max-snippet:-1, max-image-preview:large, max-video-preview:-1\" \/>\n<link rel=\"canonical\" href=\"https:\/\/radioljubuski.ba\/index.php\/2021\/11\/07\/jadrijev-za-12-sati-pretrcao-146-39-km\/\" \/>\n<meta property=\"og:locale\" content=\"hr_HR\" \/>\n<meta property=\"og:type\" content=\"article\" \/>\n<meta property=\"og:title\" content=\"Jadrijev za 12 sati pretr\u010dao 146.39 km - RADIO LJUBU\u0160KI\" \/>\n<meta property=\"og:description\" content=\"Na atletskom stadionu Mladosti odr\u017ean je me\u0111unarodni ultramaraton Zagreb 12H, utrka u tr\u010danju na 12 sati, koji je ujedno bio i Prvenstvo Hrvatske u toj disciplini. Nastupilo je 88 ultramaratonaca koji su radili krugove od 1400 metara po stazi u okolici stadiona, a najve\u0107u kilometra\u017ei ostvario je&nbsp;Zdravko Jadrijev&nbsp;koji je pretr\u010dao 146.39 kilometara, 2 kilometra vi\u0161e [&hellip;]\" \/>\n<meta property=\"og:url\" content=\"https:\/\/radioljubuski.ba\/index.php\/2021\/11\/07\/jadrijev-za-12-sati-pretrcao-146-39-km\/\" \/>\n<meta property=\"og:site_name\" content=\"RADIO LJUBU\u0160KI\" \/>\n<meta property=\"article:publisher\" content=\"https:\/\/www.facebook.com\/Radiio-Ljubuski-1490835324566332\" \/>\n<meta property=\"article:published_time\" content=\"2021-11-07T19:07:22+00:00\" \/>\n<meta property=\"article:modified_time\" content=\"2021-11-07T19:07:23+00:00\" \/>\n<meta property=\"og:image\" content=\"https:\/\/radioljubuski.ba\/wp-content\/uploads\/2021\/11\/pxl-061121-90525460-20211107065745.jpg\" \/>\n\t<meta property=\"og:image:width\" content=\"1600\" \/>\n\t<meta property=\"og:image:height\" content=\"1067\" \/>\n\t<meta property=\"og:image:type\" content=\"image\/jpeg\" \/>\n<meta name=\"author\" content=\"Radio Ljubu\u0161ki\" \/>\n<meta name=\"twitter:card\" content=\"summary_large_image\" \/>\n<meta name=\"twitter:creator\" content=\"@radioljubuski\" \/>\n<meta name=\"twitter:site\" content=\"@radioljubuski\" \/>\n<meta name=\"twitter:label1\" content=\"Napisao\/la\" \/>\n\t<meta name=\"twitter:data1\" content=\"Radio Ljubu\u0161ki\" \/>\n\t<meta name=\"twitter:label2\" content=\"Procijenjeno vrijeme \u010ditanja\" \/>\n\t<meta name=\"twitter:data2\" content=\"3 minute\" \/>\n<script type=\"application\/ld+json\" class=\"yoast-schema-graph\">{\"@context\":\"https:\\\/\\\/schema.org\",\"@graph\":[{\"@type\":\"Article\",\"@id\":\"https:\\\/\\\/radioljubuski.ba\\\/index.php\\\/2021\\\/11\\\/07\\\/jadrijev-za-12-sati-pretrcao-146-39-km\\\/#article\",\"isPartOf\":{\"@id\":\"https:\\\/\\\/radioljubuski.ba\\\/index.php\\\/2021\\\/11\\\/07\\\/jadrijev-za-12-sati-pretrcao-146-39-km\\\/\"},\"author\":{\"name\":\"Radio Ljubu\u0161ki\",\"@id\":\"https:\\\/\\\/radioljubuski.ba\\\/#\\\/schema\\\/person\\\/19fc700381a780f69665d7956c469e3b\"},\"headline\":\"Jadrijev za 12 sati pretr\u010dao 146.39 km\",\"datePublished\":\"2021-11-07T19:07:22+00:00\",\"dateModified\":\"2021-11-07T19:07:23+00:00\",\"mainEntityOfPage\":{\"@id\":\"https:\\\/\\\/radioljubuski.ba\\\/index.php\\\/2021\\\/11\\\/07\\\/jadrijev-za-12-sati-pretrcao-146-39-km\\\/\"},\"wordCount\":503,\"publisher\":{\"@id\":\"https:\\\/\\\/radioljubuski.ba\\\/#organization\"},\"image\":{\"@id\":\"https:\\\/\\\/radioljubuski.ba\\\/index.php\\\/2021\\\/11\\\/07\\\/jadrijev-za-12-sati-pretrcao-146-39-km\\\/#primaryimage\"},\"thumbnailUrl\":\"https:\\\/\\\/radioljubuski.ba\\\/wp-content\\\/uploads\\\/2021\\\/11\\\/pxl-061121-90525460-20211107065745.jpg\",\"articleSection\":[\"\u0160port\"],\"inLanguage\":\"hr\"},{\"@type\":\"WebPage\",\"@id\":\"https:\\\/\\\/radioljubuski.ba\\\/index.php\\\/2021\\\/11\\\/07\\\/jadrijev-za-12-sati-pretrcao-146-39-km\\\/\",\"url\":\"https:\\\/\\\/radioljubuski.ba\\\/index.php\\\/2021\\\/11\\\/07\\\/jadrijev-za-12-sati-pretrcao-146-39-km\\\/\",\"name\":\"Jadrijev za 12 sati pretr\u010dao 146.39 km - RADIO LJUBU\u0160KI\",\"isPartOf\":{\"@id\":\"https:\\\/\\\/radioljubuski.ba\\\/#website\"},\"primaryImageOfPage\":{\"@id\":\"https:\\\/\\\/radioljubuski.ba\\\/index.php\\\/2021\\\/11\\\/07\\\/jadrijev-za-12-sati-pretrcao-146-39-km\\\/#primaryimage\"},\"image\":{\"@id\":\"https:\\\/\\\/radioljubuski.ba\\\/index.php\\\/2021\\\/11\\\/07\\\/jadrijev-za-12-sati-pretrcao-146-39-km\\\/#primaryimage\"},\"thumbnailUrl\":\"https:\\\/\\\/radioljubuski.ba\\\/wp-content\\\/uploads\\\/2021\\\/11\\\/pxl-061121-90525460-20211107065745.jpg\",\"datePublished\":\"2021-11-07T19:07:22+00:00\",\"dateModified\":\"2021-11-07T19:07:23+00:00\",\"breadcrumb\":{\"@id\":\"https:\\\/\\\/radioljubuski.ba\\\/index.php\\\/2021\\\/11\\\/07\\\/jadrijev-za-12-sati-pretrcao-146-39-km\\\/#breadcrumb\"},\"inLanguage\":\"hr\",\"potentialAction\":[{\"@type\":\"ReadAction\",\"target\":[\"https:\\\/\\\/radioljubuski.ba\\\/index.php\\\/2021\\\/11\\\/07\\\/jadrijev-za-12-sati-pretrcao-146-39-km\\\/\"]}]},{\"@type\":\"ImageObject\",\"inLanguage\":\"hr\",\"@id\":\"https:\\\/\\\/radioljubuski.ba\\\/index.php\\\/2021\\\/11\\\/07\\\/jadrijev-za-12-sati-pretrcao-146-39-km\\\/#primaryimage\",\"url\":\"https:\\\/\\\/radioljubuski.ba\\\/wp-content\\\/uploads\\\/2021\\\/11\\\/pxl-061121-90525460-20211107065745.jpg\",\"contentUrl\":\"https:\\\/\\\/radioljubuski.ba\\\/wp-content\\\/uploads\\\/2021\\\/11\\\/pxl-061121-90525460-20211107065745.jpg\",\"width\":1600,\"height\":1067,\"caption\":\"06.11.2021., Zagreb - Na atletskom stadionu Mladost odrzano je medjunarodno natjecanje u trcanju na 12 sati, a koje je istodobno i Prvenstvo Hrvatske. Photo: Matija Habljak\\\/PIXSELL\"},{\"@type\":\"BreadcrumbList\",\"@id\":\"https:\\\/\\\/radioljubuski.ba\\\/index.php\\\/2021\\\/11\\\/07\\\/jadrijev-za-12-sati-pretrcao-146-39-km\\\/#breadcrumb\",\"itemListElement\":[{\"@type\":\"ListItem\",\"position\":1,\"name\":\"Po\u010detna stranica\",\"item\":\"https:\\\/\\\/radioljubuski.ba\\\/\"},{\"@type\":\"ListItem\",\"position\":2,\"name\":\"Jadrijev za 12 sati pretr\u010dao 146.39 km\"}]},{\"@type\":\"WebSite\",\"@id\":\"https:\\\/\\\/radioljubuski.ba\\\/#website\",\"url\":\"https:\\\/\\\/radioljubuski.ba\\\/\",\"name\":\"Radio Ljubu\u0161ki\",\"description\":\"Sun\u010dana frekvencija Hercegovine\",\"publisher\":{\"@id\":\"https:\\\/\\\/radioljubuski.ba\\\/#organization\"},\"potentialAction\":[{\"@type\":\"SearchAction\",\"target\":{\"@type\":\"EntryPoint\",\"urlTemplate\":\"https:\\\/\\\/radioljubuski.ba\\\/?s={search_term_string}\"},\"query-input\":{\"@type\":\"PropertyValueSpecification\",\"valueRequired\":true,\"valueName\":\"search_term_string\"}}],\"inLanguage\":\"hr\"},{\"@type\":\"Organization\",\"@id\":\"https:\\\/\\\/radioljubuski.ba\\\/#organization\",\"name\":\"Radio Ljubu\u0161ki\",\"url\":\"https:\\\/\\\/radioljubuski.ba\\\/\",\"logo\":{\"@type\":\"ImageObject\",\"inLanguage\":\"hr\",\"@id\":\"https:\\\/\\\/radioljubuski.ba\\\/#\\\/schema\\\/logo\\\/image\\\/\",\"url\":\"https:\\\/\\\/radioljubuski.ba\\\/wp-content\\\/uploads\\\/2021\\\/02\\\/cropped-Radio_Ljubuski_logo1.jpg\",\"contentUrl\":\"https:\\\/\\\/radioljubuski.ba\\\/wp-content\\\/uploads\\\/2021\\\/02\\\/cropped-Radio_Ljubuski_logo1.jpg\",\"width\":512,\"height\":512,\"caption\":\"Radio Ljubu\u0161ki\"},\"image\":{\"@id\":\"https:\\\/\\\/radioljubuski.ba\\\/#\\\/schema\\\/logo\\\/image\\\/\"},\"sameAs\":[\"https:\\\/\\\/www.facebook.com\\\/Radiio-Ljubuski-1490835324566332\",\"https:\\\/\\\/x.com\\\/radioljubuski\",\"https:\\\/\\\/hr.linkedin.com\\\/company\\\/radio-ljubuski\",\"https:\\\/\\\/www.youtube.com\\\/channel\\\/UCHYaeO_n0Db3tjNGudGpXyw\"]},{\"@type\":\"Person\",\"@id\":\"https:\\\/\\\/radioljubuski.ba\\\/#\\\/schema\\\/person\\\/19fc700381a780f69665d7956c469e3b\",\"name\":\"Radio Ljubu\u0161ki\"}]}<\/script>\n<!-- \/ Yoast SEO plugin. -->","yoast_head_json":{"title":"Jadrijev za 12 sati pretr\u010dao 146.39 km - RADIO LJUBU\u0160KI","robots":{"index":"index","follow":"follow","max-snippet":"max-snippet:-1","max-image-preview":"max-image-preview:large","max-video-preview":"max-video-preview:-1"},"canonical":"https:\/\/radioljubuski.ba\/index.php\/2021\/11\/07\/jadrijev-za-12-sati-pretrcao-146-39-km\/","og_locale":"hr_HR","og_type":"article","og_title":"Jadrijev za 12 sati pretr\u010dao 146.39 km - RADIO LJUBU\u0160KI","og_description":"Na atletskom stadionu Mladosti odr\u017ean je me\u0111unarodni ultramaraton Zagreb 12H, utrka u tr\u010danju na 12 sati, koji je ujedno bio i Prvenstvo Hrvatske u toj disciplini. Nastupilo je 88 ultramaratonaca koji su radili krugove od 1400 metara po stazi u okolici stadiona, a najve\u0107u kilometra\u017ei ostvario je&nbsp;Zdravko Jadrijev&nbsp;koji je pretr\u010dao 146.39 kilometara, 2 kilometra vi\u0161e [&hellip;]","og_url":"https:\/\/radioljubuski.ba\/index.php\/2021\/11\/07\/jadrijev-za-12-sati-pretrcao-146-39-km\/","og_site_name":"RADIO LJUBU\u0160KI","article_publisher":"https:\/\/www.facebook.com\/Radiio-Ljubuski-1490835324566332","article_published_time":"2021-11-07T19:07:22+00:00","article_modified_time":"2021-11-07T19:07:23+00:00","og_image":[{"width":1600,"height":1067,"url":"https:\/\/radioljubuski.ba\/wp-content\/uploads\/2021\/11\/pxl-061121-90525460-20211107065745.jpg","type":"image\/jpeg"}],"author":"Radio Ljubu\u0161ki","twitter_card":"summary_large_image","twitter_creator":"@radioljubuski","twitter_site":"@radioljubuski","twitter_misc":{"Napisao\/la":"Radio Ljubu\u0161ki","Procijenjeno vrijeme \u010ditanja":"3 minute"},"schema":{"@context":"https:\/\/schema.org","@graph":[{"@type":"Article","@id":"https:\/\/radioljubuski.ba\/index.php\/2021\/11\/07\/jadrijev-za-12-sati-pretrcao-146-39-km\/#article","isPartOf":{"@id":"https:\/\/radioljubuski.ba\/index.php\/2021\/11\/07\/jadrijev-za-12-sati-pretrcao-146-39-km\/"},"author":{"name":"Radio Ljubu\u0161ki","@id":"https:\/\/radioljubuski.ba\/#\/schema\/person\/19fc700381a780f69665d7956c469e3b"},"headline":"Jadrijev za 12 sati pretr\u010dao 146.39 km","datePublished":"2021-11-07T19:07:22+00:00","dateModified":"2021-11-07T19:07:23+00:00","mainEntityOfPage":{"@id":"https:\/\/radioljubuski.ba\/index.php\/2021\/11\/07\/jadrijev-za-12-sati-pretrcao-146-39-km\/"},"wordCount":503,"publisher":{"@id":"https:\/\/radioljubuski.ba\/#organization"},"image":{"@id":"https:\/\/radioljubuski.ba\/index.php\/2021\/11\/07\/jadrijev-za-12-sati-pretrcao-146-39-km\/#primaryimage"},"thumbnailUrl":"https:\/\/radioljubuski.ba\/wp-content\/uploads\/2021\/11\/pxl-061121-90525460-20211107065745.jpg","articleSection":["\u0160port"],"inLanguage":"hr"},{"@type":"WebPage","@id":"https:\/\/radioljubuski.ba\/index.php\/2021\/11\/07\/jadrijev-za-12-sati-pretrcao-146-39-km\/","url":"https:\/\/radioljubuski.ba\/index.php\/2021\/11\/07\/jadrijev-za-12-sati-pretrcao-146-39-km\/","name":"Jadrijev za 12 sati pretr\u010dao 146.39 km - RADIO LJUBU\u0160KI","isPartOf":{"@id":"https:\/\/radioljubuski.ba\/#website"},"primaryImageOfPage":{"@id":"https:\/\/radioljubuski.ba\/index.php\/2021\/11\/07\/jadrijev-za-12-sati-pretrcao-146-39-km\/#primaryimage"},"image":{"@id":"https:\/\/radioljubuski.ba\/index.php\/2021\/11\/07\/jadrijev-za-12-sati-pretrcao-146-39-km\/#primaryimage"},"thumbnailUrl":"https:\/\/radioljubuski.ba\/wp-content\/uploads\/2021\/11\/pxl-061121-90525460-20211107065745.jpg","datePublished":"2021-11-07T19:07:22+00:00","dateModified":"2021-11-07T19:07:23+00:00","breadcrumb":{"@id":"https:\/\/radioljubuski.ba\/index.php\/2021\/11\/07\/jadrijev-za-12-sati-pretrcao-146-39-km\/#breadcrumb"},"inLanguage":"hr","potentialAction":[{"@type":"ReadAction","target":["https:\/\/radioljubuski.ba\/index.php\/2021\/11\/07\/jadrijev-za-12-sati-pretrcao-146-39-km\/"]}]},{"@type":"ImageObject","inLanguage":"hr","@id":"https:\/\/radioljubuski.ba\/index.php\/2021\/11\/07\/jadrijev-za-12-sati-pretrcao-146-39-km\/#primaryimage","url":"https:\/\/radioljubuski.ba\/wp-content\/uploads\/2021\/11\/pxl-061121-90525460-20211107065745.jpg","contentUrl":"https:\/\/radioljubuski.ba\/wp-content\/uploads\/2021\/11\/pxl-061121-90525460-20211107065745.jpg","width":1600,"height":1067,"caption":"06.11.2021., Zagreb - Na atletskom stadionu Mladost odrzano je medjunarodno natjecanje u trcanju na 12 sati, a koje je istodobno i Prvenstvo Hrvatske. Photo: Matija Habljak\/PIXSELL"},{"@type":"BreadcrumbList","@id":"https:\/\/radioljubuski.ba\/index.php\/2021\/11\/07\/jadrijev-za-12-sati-pretrcao-146-39-km\/#breadcrumb","itemListElement":[{"@type":"ListItem","position":1,"name":"Po\u010detna stranica","item":"https:\/\/radioljubuski.ba\/"},{"@type":"ListItem","position":2,"name":"Jadrijev za 12 sati pretr\u010dao 146.39 km"}]},{"@type":"WebSite","@id":"https:\/\/radioljubuski.ba\/#website","url":"https:\/\/radioljubuski.ba\/","name":"Radio Ljubu\u0161ki","description":"Sun\u010dana frekvencija Hercegovine","publisher":{"@id":"https:\/\/radioljubuski.ba\/#organization"},"potentialAction":[{"@type":"SearchAction","target":{"@type":"EntryPoint","urlTemplate":"https:\/\/radioljubuski.ba\/?s={search_term_string}"},"query-input":{"@type":"PropertyValueSpecification","valueRequired":true,"valueName":"search_term_string"}}],"inLanguage":"hr"},{"@type":"Organization","@id":"https:\/\/radioljubuski.ba\/#organization","name":"Radio Ljubu\u0161ki","url":"https:\/\/radioljubuski.ba\/","logo":{"@type":"ImageObject","inLanguage":"hr","@id":"https:\/\/radioljubuski.ba\/#\/schema\/logo\/image\/","url":"https:\/\/radioljubuski.ba\/wp-content\/uploads\/2021\/02\/cropped-Radio_Ljubuski_logo1.jpg","contentUrl":"https:\/\/radioljubuski.ba\/wp-content\/uploads\/2021\/02\/cropped-Radio_Ljubuski_logo1.jpg","width":512,"height":512,"caption":"Radio Ljubu\u0161ki"},"image":{"@id":"https:\/\/radioljubuski.ba\/#\/schema\/logo\/image\/"},"sameAs":["https:\/\/www.facebook.com\/Radiio-Ljubuski-1490835324566332","https:\/\/x.com\/radioljubuski","https:\/\/hr.linkedin.com\/company\/radio-ljubuski","https:\/\/www.youtube.com\/channel\/UCHYaeO_n0Db3tjNGudGpXyw"]},{"@type":"Person","@id":"https:\/\/radioljubuski.ba\/#\/schema\/person\/19fc700381a780f69665d7956c469e3b","name":"Radio Ljubu\u0161ki"}]}},"_links":{"self":[{"href":"https:\/\/radioljubuski.ba\/index.php\/wp-json\/wp\/v2\/posts\/86213","targetHints":{"allow":["GET"]}}],"collection":[{"href":"https:\/\/radioljubuski.ba\/index.php\/wp-json\/wp\/v2\/posts"}],"about":[{"href":"https:\/\/radioljubuski.ba\/index.php\/wp-json\/wp\/v2\/types\/post"}],"author":[{"embeddable":true,"href":"https:\/\/radioljubuski.ba\/index.php\/wp-json\/wp\/v2\/users\/2"}],"replies":[{"embeddable":true,"href":"https:\/\/radioljubuski.ba\/index.php\/wp-json\/wp\/v2\/comments?post=86213"}],"version-history":[{"count":1,"href":"https:\/\/radioljubuski.ba\/index.php\/wp-json\/wp\/v2\/posts\/86213\/revisions"}],"predecessor-version":[{"id":86215,"href":"https:\/\/radioljubuski.ba\/index.php\/wp-json\/wp\/v2\/posts\/86213\/revisions\/86215"}],"wp:featuredmedia":[{"embeddable":true,"href":"https:\/\/radioljubuski.ba\/index.php\/wp-json\/wp\/v2\/media\/86214"}],"wp:attachment":[{"href":"https:\/\/radioljubuski.ba\/index.php\/wp-json\/wp\/v2\/media?parent=86213"}],"wp:term":[{"taxonomy":"category","embeddable":true,"href":"https:\/\/radioljubuski.ba\/index.php\/wp-json\/wp\/v2\/categories?post=86213"},{"taxonomy":"post_tag","embeddable":true,"href":"https:\/\/radioljubuski.ba\/index.php\/wp-json\/wp\/v2\/tags?post=86213"}],"curies":[{"name":"wp","href":"https:\/\/api.w.org\/{rel}","templated":true}]}}