{"id":86219,"date":"2021-11-07T20:11:12","date_gmt":"2021-11-07T19:11:12","guid":{"rendered":"https:\/\/radioljubuski.ba\/?p=86219"},"modified":"2021-11-07T20:11:13","modified_gmt":"2021-11-07T19:11:13","slug":"klara-bosnjak-23-na-400-metara-slobodno","status":"publish","type":"post","link":"https:\/\/radioljubuski.ba\/index.php\/2021\/11\/07\/klara-bosnjak-23-na-400-metara-slobodno\/","title":{"rendered":"Klara Bo\u0161njak 23. na 400 metara slobodno"},"content":{"rendered":"\n<p><strong>Hrvatska 17-godi\u0161nja pliva\u010dica Klara Bo\u0161njak osvojila je 23. mjesto u jutro\u0161njim kvalifikacima u disciplini 400m slobodno, \u010dime je zavr\u0161ila nastup na Europskom prvenstvu u 25-metarskom bazenu u ruskom Kazanju.<\/strong><\/p>\n\n\n\n<p>Bo\u0161njak je u konkurenciji 26 pliva\u010dica imala 23. rezultat (4:23.18), \u0161to je za vi\u0161e od sedam sekundi lo\u0161ije vrijeme od njezinog osobnog rekorda, postavljenog prije dvije godine.<br><br>No, i da je imala rezultat na toj razini Bo\u0161njak ne bi izborila mjesto u finalu, jer je za to trebalo plivati ispod 4:06 minuta. Najbolje vrijeme kvalifikacija (4:00.71) postavila je Ruskinja&nbsp;<strong>Anastasia Kirpi\u010dnikova&nbsp;<\/strong>koja je na ovom prvenstvu ve\u0107 osvojila zlatne medalje na 800m i 1500m slobodno.<br><br>Osim finala na 400m slobodno, posljednjeg dana natjecanja u Kazanju pliva\u010dice \u0107e se za odli\u010dja boriti jo\u0161 i na 200m slobodno, 50m prsno te 50m leptir, dok je pliva\u010dima ostalo podijeliti medalje na 50m prsno, 100m mje\u0161ovito, 100m slobodno, 200m le\u0111no, 400m mje\u0161ovito i 800m slobodno. Natjecanje \u0107e biti zaklju\u010deno mije\u0161anom \u0161tafetom 4 x 50m mje\u0161ovito.<\/p>\n\n\n\n<p>Izvor:hrt.hr<\/p>\n","protected":false},"excerpt":{"rendered":"<p>Hrvatska 17-godi\u0161nja pliva\u010dica Klara Bo\u0161njak osvojila je 23. mjesto u jutro\u0161njim kvalifikacima u disciplini 400m slobodno, \u010dime je zavr\u0161ila nastup na Europskom prvenstvu u 25-metarskom bazenu u ruskom Kazanju. Bo\u0161njak je u konkurenciji 26 pliva\u010dica imala 23. rezultat (4:23.18), \u0161to je za vi\u0161e od sedam sekundi lo\u0161ije vrijeme od njezinog osobnog rekorda, postavljenog prije dvije [&hellip;]<\/p>\n","protected":false},"author":2,"featured_media":86220,"comment_status":"closed","ping_status":"closed","sticky":false,"template":"","format":"standard","meta":{"h5ap_radio_sources":[],"footnotes":""},"categories":[7],"tags":[],"class_list":["post-86219","post","type-post","status-publish","format-standard","has-post-thumbnail","hentry","category-sport"],"yoast_head":"<!-- This site is optimized with the Yoast SEO plugin v27.5 - https:\/\/yoast.com\/product\/yoast-seo-wordpress\/ -->\n<title>Klara Bo\u0161njak 23. na 400 metara slobodno - RADIO LJUBU\u0160KI<\/title>\n<meta name=\"robots\" content=\"index, follow, max-snippet:-1, max-image-preview:large, max-video-preview:-1\" \/>\n<link rel=\"canonical\" href=\"https:\/\/radioljubuski.ba\/index.php\/2021\/11\/07\/klara-bosnjak-23-na-400-metara-slobodno\/\" \/>\n<meta property=\"og:locale\" content=\"hr_HR\" \/>\n<meta property=\"og:type\" content=\"article\" \/>\n<meta property=\"og:title\" content=\"Klara Bo\u0161njak 23. na 400 metara slobodno - RADIO LJUBU\u0160KI\" \/>\n<meta property=\"og:description\" content=\"Hrvatska 17-godi\u0161nja pliva\u010dica Klara Bo\u0161njak osvojila je 23. mjesto u jutro\u0161njim kvalifikacima u disciplini 400m slobodno, \u010dime je zavr\u0161ila nastup na Europskom prvenstvu u 25-metarskom bazenu u ruskom Kazanju. Bo\u0161njak je u konkurenciji 26 pliva\u010dica imala 23. rezultat (4:23.18), \u0161to je za vi\u0161e od sedam sekundi lo\u0161ije vrijeme od njezinog osobnog rekorda, postavljenog prije dvije [&hellip;]\" \/>\n<meta property=\"og:url\" content=\"https:\/\/radioljubuski.ba\/index.php\/2021\/11\/07\/klara-bosnjak-23-na-400-metara-slobodno\/\" \/>\n<meta property=\"og:site_name\" content=\"RADIO LJUBU\u0160KI\" \/>\n<meta property=\"article:publisher\" content=\"https:\/\/www.facebook.com\/Radiio-Ljubuski-1490835324566332\" \/>\n<meta property=\"article:published_time\" content=\"2021-11-07T19:11:12+00:00\" \/>\n<meta property=\"article:modified_time\" content=\"2021-11-07T19:11:13+00:00\" \/>\n<meta property=\"og:image\" content=\"https:\/\/radioljubuski.ba\/wp-content\/uploads\/2021\/11\/6d6b73b132f6e5889a61.jpeg\" \/>\n\t<meta property=\"og:image:width\" content=\"1280\" \/>\n\t<meta property=\"og:image:height\" content=\"857\" \/>\n\t<meta property=\"og:image:type\" content=\"image\/jpeg\" \/>\n<meta name=\"author\" content=\"Radio Ljubu\u0161ki\" \/>\n<meta name=\"twitter:card\" content=\"summary_large_image\" \/>\n<meta name=\"twitter:creator\" content=\"@radioljubuski\" \/>\n<meta name=\"twitter:site\" content=\"@radioljubuski\" \/>\n<meta name=\"twitter:label1\" content=\"Napisao\/la\" \/>\n\t<meta name=\"twitter:data1\" content=\"Radio Ljubu\u0161ki\" \/>\n\t<meta name=\"twitter:label2\" content=\"Procijenjeno vrijeme \u010ditanja\" \/>\n\t<meta name=\"twitter:data2\" content=\"1 minuta\" \/>\n<script type=\"application\/ld+json\" class=\"yoast-schema-graph\">{\"@context\":\"https:\\\/\\\/schema.org\",\"@graph\":[{\"@type\":\"Article\",\"@id\":\"https:\\\/\\\/radioljubuski.ba\\\/index.php\\\/2021\\\/11\\\/07\\\/klara-bosnjak-23-na-400-metara-slobodno\\\/#article\",\"isPartOf\":{\"@id\":\"https:\\\/\\\/radioljubuski.ba\\\/index.php\\\/2021\\\/11\\\/07\\\/klara-bosnjak-23-na-400-metara-slobodno\\\/\"},\"author\":{\"name\":\"Radio Ljubu\u0161ki\",\"@id\":\"https:\\\/\\\/radioljubuski.ba\\\/#\\\/schema\\\/person\\\/19fc700381a780f69665d7956c469e3b\"},\"headline\":\"Klara Bo\u0161njak 23. na 400 metara slobodno\",\"datePublished\":\"2021-11-07T19:11:12+00:00\",\"dateModified\":\"2021-11-07T19:11:13+00:00\",\"mainEntityOfPage\":{\"@id\":\"https:\\\/\\\/radioljubuski.ba\\\/index.php\\\/2021\\\/11\\\/07\\\/klara-bosnjak-23-na-400-metara-slobodno\\\/\"},\"wordCount\":184,\"publisher\":{\"@id\":\"https:\\\/\\\/radioljubuski.ba\\\/#organization\"},\"image\":{\"@id\":\"https:\\\/\\\/radioljubuski.ba\\\/index.php\\\/2021\\\/11\\\/07\\\/klara-bosnjak-23-na-400-metara-slobodno\\\/#primaryimage\"},\"thumbnailUrl\":\"https:\\\/\\\/radioljubuski.ba\\\/wp-content\\\/uploads\\\/2021\\\/11\\\/6d6b73b132f6e5889a61.jpeg\",\"articleSection\":[\"\u0160port\"],\"inLanguage\":\"hr\"},{\"@type\":\"WebPage\",\"@id\":\"https:\\\/\\\/radioljubuski.ba\\\/index.php\\\/2021\\\/11\\\/07\\\/klara-bosnjak-23-na-400-metara-slobodno\\\/\",\"url\":\"https:\\\/\\\/radioljubuski.ba\\\/index.php\\\/2021\\\/11\\\/07\\\/klara-bosnjak-23-na-400-metara-slobodno\\\/\",\"name\":\"Klara Bo\u0161njak 23. na 400 metara slobodno - RADIO LJUBU\u0160KI\",\"isPartOf\":{\"@id\":\"https:\\\/\\\/radioljubuski.ba\\\/#website\"},\"primaryImageOfPage\":{\"@id\":\"https:\\\/\\\/radioljubuski.ba\\\/index.php\\\/2021\\\/11\\\/07\\\/klara-bosnjak-23-na-400-metara-slobodno\\\/#primaryimage\"},\"image\":{\"@id\":\"https:\\\/\\\/radioljubuski.ba\\\/index.php\\\/2021\\\/11\\\/07\\\/klara-bosnjak-23-na-400-metara-slobodno\\\/#primaryimage\"},\"thumbnailUrl\":\"https:\\\/\\\/radioljubuski.ba\\\/wp-content\\\/uploads\\\/2021\\\/11\\\/6d6b73b132f6e5889a61.jpeg\",\"datePublished\":\"2021-11-07T19:11:12+00:00\",\"dateModified\":\"2021-11-07T19:11:13+00:00\",\"breadcrumb\":{\"@id\":\"https:\\\/\\\/radioljubuski.ba\\\/index.php\\\/2021\\\/11\\\/07\\\/klara-bosnjak-23-na-400-metara-slobodno\\\/#breadcrumb\"},\"inLanguage\":\"hr\",\"potentialAction\":[{\"@type\":\"ReadAction\",\"target\":[\"https:\\\/\\\/radioljubuski.ba\\\/index.php\\\/2021\\\/11\\\/07\\\/klara-bosnjak-23-na-400-metara-slobodno\\\/\"]}]},{\"@type\":\"ImageObject\",\"inLanguage\":\"hr\",\"@id\":\"https:\\\/\\\/radioljubuski.ba\\\/index.php\\\/2021\\\/11\\\/07\\\/klara-bosnjak-23-na-400-metara-slobodno\\\/#primaryimage\",\"url\":\"https:\\\/\\\/radioljubuski.ba\\\/wp-content\\\/uploads\\\/2021\\\/11\\\/6d6b73b132f6e5889a61.jpeg\",\"contentUrl\":\"https:\\\/\\\/radioljubuski.ba\\\/wp-content\\\/uploads\\\/2021\\\/11\\\/6d6b73b132f6e5889a61.jpeg\",\"width\":1280,\"height\":857},{\"@type\":\"BreadcrumbList\",\"@id\":\"https:\\\/\\\/radioljubuski.ba\\\/index.php\\\/2021\\\/11\\\/07\\\/klara-bosnjak-23-na-400-metara-slobodno\\\/#breadcrumb\",\"itemListElement\":[{\"@type\":\"ListItem\",\"position\":1,\"name\":\"Po\u010detna stranica\",\"item\":\"https:\\\/\\\/radioljubuski.ba\\\/\"},{\"@type\":\"ListItem\",\"position\":2,\"name\":\"Klara Bo\u0161njak 23. na 400 metara slobodno\"}]},{\"@type\":\"WebSite\",\"@id\":\"https:\\\/\\\/radioljubuski.ba\\\/#website\",\"url\":\"https:\\\/\\\/radioljubuski.ba\\\/\",\"name\":\"Radio Ljubu\u0161ki\",\"description\":\"Sun\u010dana frekvencija Hercegovine\",\"publisher\":{\"@id\":\"https:\\\/\\\/radioljubuski.ba\\\/#organization\"},\"potentialAction\":[{\"@type\":\"SearchAction\",\"target\":{\"@type\":\"EntryPoint\",\"urlTemplate\":\"https:\\\/\\\/radioljubuski.ba\\\/?s={search_term_string}\"},\"query-input\":{\"@type\":\"PropertyValueSpecification\",\"valueRequired\":true,\"valueName\":\"search_term_string\"}}],\"inLanguage\":\"hr\"},{\"@type\":\"Organization\",\"@id\":\"https:\\\/\\\/radioljubuski.ba\\\/#organization\",\"name\":\"Radio Ljubu\u0161ki\",\"url\":\"https:\\\/\\\/radioljubuski.ba\\\/\",\"logo\":{\"@type\":\"ImageObject\",\"inLanguage\":\"hr\",\"@id\":\"https:\\\/\\\/radioljubuski.ba\\\/#\\\/schema\\\/logo\\\/image\\\/\",\"url\":\"https:\\\/\\\/radioljubuski.ba\\\/wp-content\\\/uploads\\\/2021\\\/02\\\/cropped-Radio_Ljubuski_logo1.jpg\",\"contentUrl\":\"https:\\\/\\\/radioljubuski.ba\\\/wp-content\\\/uploads\\\/2021\\\/02\\\/cropped-Radio_Ljubuski_logo1.jpg\",\"width\":512,\"height\":512,\"caption\":\"Radio Ljubu\u0161ki\"},\"image\":{\"@id\":\"https:\\\/\\\/radioljubuski.ba\\\/#\\\/schema\\\/logo\\\/image\\\/\"},\"sameAs\":[\"https:\\\/\\\/www.facebook.com\\\/Radiio-Ljubuski-1490835324566332\",\"https:\\\/\\\/x.com\\\/radioljubuski\",\"https:\\\/\\\/hr.linkedin.com\\\/company\\\/radio-ljubuski\",\"https:\\\/\\\/www.youtube.com\\\/channel\\\/UCHYaeO_n0Db3tjNGudGpXyw\"]},{\"@type\":\"Person\",\"@id\":\"https:\\\/\\\/radioljubuski.ba\\\/#\\\/schema\\\/person\\\/19fc700381a780f69665d7956c469e3b\",\"name\":\"Radio Ljubu\u0161ki\"}]}<\/script>\n<!-- \/ Yoast SEO plugin. -->","yoast_head_json":{"title":"Klara Bo\u0161njak 23. na 400 metara slobodno - RADIO LJUBU\u0160KI","robots":{"index":"index","follow":"follow","max-snippet":"max-snippet:-1","max-image-preview":"max-image-preview:large","max-video-preview":"max-video-preview:-1"},"canonical":"https:\/\/radioljubuski.ba\/index.php\/2021\/11\/07\/klara-bosnjak-23-na-400-metara-slobodno\/","og_locale":"hr_HR","og_type":"article","og_title":"Klara Bo\u0161njak 23. na 400 metara slobodno - RADIO LJUBU\u0160KI","og_description":"Hrvatska 17-godi\u0161nja pliva\u010dica Klara Bo\u0161njak osvojila je 23. mjesto u jutro\u0161njim kvalifikacima u disciplini 400m slobodno, \u010dime je zavr\u0161ila nastup na Europskom prvenstvu u 25-metarskom bazenu u ruskom Kazanju. Bo\u0161njak je u konkurenciji 26 pliva\u010dica imala 23. rezultat (4:23.18), \u0161to je za vi\u0161e od sedam sekundi lo\u0161ije vrijeme od njezinog osobnog rekorda, postavljenog prije dvije [&hellip;]","og_url":"https:\/\/radioljubuski.ba\/index.php\/2021\/11\/07\/klara-bosnjak-23-na-400-metara-slobodno\/","og_site_name":"RADIO LJUBU\u0160KI","article_publisher":"https:\/\/www.facebook.com\/Radiio-Ljubuski-1490835324566332","article_published_time":"2021-11-07T19:11:12+00:00","article_modified_time":"2021-11-07T19:11:13+00:00","og_image":[{"width":1280,"height":857,"url":"https:\/\/radioljubuski.ba\/wp-content\/uploads\/2021\/11\/6d6b73b132f6e5889a61.jpeg","type":"image\/jpeg"}],"author":"Radio Ljubu\u0161ki","twitter_card":"summary_large_image","twitter_creator":"@radioljubuski","twitter_site":"@radioljubuski","twitter_misc":{"Napisao\/la":"Radio Ljubu\u0161ki","Procijenjeno vrijeme \u010ditanja":"1 minuta"},"schema":{"@context":"https:\/\/schema.org","@graph":[{"@type":"Article","@id":"https:\/\/radioljubuski.ba\/index.php\/2021\/11\/07\/klara-bosnjak-23-na-400-metara-slobodno\/#article","isPartOf":{"@id":"https:\/\/radioljubuski.ba\/index.php\/2021\/11\/07\/klara-bosnjak-23-na-400-metara-slobodno\/"},"author":{"name":"Radio Ljubu\u0161ki","@id":"https:\/\/radioljubuski.ba\/#\/schema\/person\/19fc700381a780f69665d7956c469e3b"},"headline":"Klara Bo\u0161njak 23. na 400 metara slobodno","datePublished":"2021-11-07T19:11:12+00:00","dateModified":"2021-11-07T19:11:13+00:00","mainEntityOfPage":{"@id":"https:\/\/radioljubuski.ba\/index.php\/2021\/11\/07\/klara-bosnjak-23-na-400-metara-slobodno\/"},"wordCount":184,"publisher":{"@id":"https:\/\/radioljubuski.ba\/#organization"},"image":{"@id":"https:\/\/radioljubuski.ba\/index.php\/2021\/11\/07\/klara-bosnjak-23-na-400-metara-slobodno\/#primaryimage"},"thumbnailUrl":"https:\/\/radioljubuski.ba\/wp-content\/uploads\/2021\/11\/6d6b73b132f6e5889a61.jpeg","articleSection":["\u0160port"],"inLanguage":"hr"},{"@type":"WebPage","@id":"https:\/\/radioljubuski.ba\/index.php\/2021\/11\/07\/klara-bosnjak-23-na-400-metara-slobodno\/","url":"https:\/\/radioljubuski.ba\/index.php\/2021\/11\/07\/klara-bosnjak-23-na-400-metara-slobodno\/","name":"Klara Bo\u0161njak 23. na 400 metara slobodno - RADIO LJUBU\u0160KI","isPartOf":{"@id":"https:\/\/radioljubuski.ba\/#website"},"primaryImageOfPage":{"@id":"https:\/\/radioljubuski.ba\/index.php\/2021\/11\/07\/klara-bosnjak-23-na-400-metara-slobodno\/#primaryimage"},"image":{"@id":"https:\/\/radioljubuski.ba\/index.php\/2021\/11\/07\/klara-bosnjak-23-na-400-metara-slobodno\/#primaryimage"},"thumbnailUrl":"https:\/\/radioljubuski.ba\/wp-content\/uploads\/2021\/11\/6d6b73b132f6e5889a61.jpeg","datePublished":"2021-11-07T19:11:12+00:00","dateModified":"2021-11-07T19:11:13+00:00","breadcrumb":{"@id":"https:\/\/radioljubuski.ba\/index.php\/2021\/11\/07\/klara-bosnjak-23-na-400-metara-slobodno\/#breadcrumb"},"inLanguage":"hr","potentialAction":[{"@type":"ReadAction","target":["https:\/\/radioljubuski.ba\/index.php\/2021\/11\/07\/klara-bosnjak-23-na-400-metara-slobodno\/"]}]},{"@type":"ImageObject","inLanguage":"hr","@id":"https:\/\/radioljubuski.ba\/index.php\/2021\/11\/07\/klara-bosnjak-23-na-400-metara-slobodno\/#primaryimage","url":"https:\/\/radioljubuski.ba\/wp-content\/uploads\/2021\/11\/6d6b73b132f6e5889a61.jpeg","contentUrl":"https:\/\/radioljubuski.ba\/wp-content\/uploads\/2021\/11\/6d6b73b132f6e5889a61.jpeg","width":1280,"height":857},{"@type":"BreadcrumbList","@id":"https:\/\/radioljubuski.ba\/index.php\/2021\/11\/07\/klara-bosnjak-23-na-400-metara-slobodno\/#breadcrumb","itemListElement":[{"@type":"ListItem","position":1,"name":"Po\u010detna stranica","item":"https:\/\/radioljubuski.ba\/"},{"@type":"ListItem","position":2,"name":"Klara Bo\u0161njak 23. na 400 metara slobodno"}]},{"@type":"WebSite","@id":"https:\/\/radioljubuski.ba\/#website","url":"https:\/\/radioljubuski.ba\/","name":"Radio Ljubu\u0161ki","description":"Sun\u010dana frekvencija Hercegovine","publisher":{"@id":"https:\/\/radioljubuski.ba\/#organization"},"potentialAction":[{"@type":"SearchAction","target":{"@type":"EntryPoint","urlTemplate":"https:\/\/radioljubuski.ba\/?s={search_term_string}"},"query-input":{"@type":"PropertyValueSpecification","valueRequired":true,"valueName":"search_term_string"}}],"inLanguage":"hr"},{"@type":"Organization","@id":"https:\/\/radioljubuski.ba\/#organization","name":"Radio Ljubu\u0161ki","url":"https:\/\/radioljubuski.ba\/","logo":{"@type":"ImageObject","inLanguage":"hr","@id":"https:\/\/radioljubuski.ba\/#\/schema\/logo\/image\/","url":"https:\/\/radioljubuski.ba\/wp-content\/uploads\/2021\/02\/cropped-Radio_Ljubuski_logo1.jpg","contentUrl":"https:\/\/radioljubuski.ba\/wp-content\/uploads\/2021\/02\/cropped-Radio_Ljubuski_logo1.jpg","width":512,"height":512,"caption":"Radio Ljubu\u0161ki"},"image":{"@id":"https:\/\/radioljubuski.ba\/#\/schema\/logo\/image\/"},"sameAs":["https:\/\/www.facebook.com\/Radiio-Ljubuski-1490835324566332","https:\/\/x.com\/radioljubuski","https:\/\/hr.linkedin.com\/company\/radio-ljubuski","https:\/\/www.youtube.com\/channel\/UCHYaeO_n0Db3tjNGudGpXyw"]},{"@type":"Person","@id":"https:\/\/radioljubuski.ba\/#\/schema\/person\/19fc700381a780f69665d7956c469e3b","name":"Radio Ljubu\u0161ki"}]}},"_links":{"self":[{"href":"https:\/\/radioljubuski.ba\/index.php\/wp-json\/wp\/v2\/posts\/86219","targetHints":{"allow":["GET"]}}],"collection":[{"href":"https:\/\/radioljubuski.ba\/index.php\/wp-json\/wp\/v2\/posts"}],"about":[{"href":"https:\/\/radioljubuski.ba\/index.php\/wp-json\/wp\/v2\/types\/post"}],"author":[{"embeddable":true,"href":"https:\/\/radioljubuski.ba\/index.php\/wp-json\/wp\/v2\/users\/2"}],"replies":[{"embeddable":true,"href":"https:\/\/radioljubuski.ba\/index.php\/wp-json\/wp\/v2\/comments?post=86219"}],"version-history":[{"count":1,"href":"https:\/\/radioljubuski.ba\/index.php\/wp-json\/wp\/v2\/posts\/86219\/revisions"}],"predecessor-version":[{"id":86221,"href":"https:\/\/radioljubuski.ba\/index.php\/wp-json\/wp\/v2\/posts\/86219\/revisions\/86221"}],"wp:featuredmedia":[{"embeddable":true,"href":"https:\/\/radioljubuski.ba\/index.php\/wp-json\/wp\/v2\/media\/86220"}],"wp:attachment":[{"href":"https:\/\/radioljubuski.ba\/index.php\/wp-json\/wp\/v2\/media?parent=86219"}],"wp:term":[{"taxonomy":"category","embeddable":true,"href":"https:\/\/radioljubuski.ba\/index.php\/wp-json\/wp\/v2\/categories?post=86219"},{"taxonomy":"post_tag","embeddable":true,"href":"https:\/\/radioljubuski.ba\/index.php\/wp-json\/wp\/v2\/tags?post=86219"}],"curies":[{"name":"wp","href":"https:\/\/api.w.org\/{rel}","templated":true}]}}