{"id":86222,"date":"2021-11-07T20:12:14","date_gmt":"2021-11-07T19:12:14","guid":{"rendered":"https:\/\/radioljubuski.ba\/?p=86222"},"modified":"2021-11-07T20:12:14","modified_gmt":"2021-11-07T19:12:14","slug":"pedro-acosta-je-novi-svjetski-prvak-u-moto-3","status":"publish","type":"post","link":"https:\/\/radioljubuski.ba\/index.php\/2021\/11\/07\/pedro-acosta-je-novi-svjetski-prvak-u-moto-3\/","title":{"rendered":"Pedro Acosta je novi svjetski prvak u Moto 3"},"content":{"rendered":"\n<p><strong>Senzacionalni \u0161panjolski 17-godi\u0161nji motociklist Pedro Acosta (KTM) novi je svjetski prvak u Moto 3 razredu, a naslov je osigurao jednu utrku prije kraja sezone dana\u0161njom pobjedom u dramati\u010dnom raspletu na Velikoj nagradi Algarvea u portugalskom Portimau.<\/strong><\/p>\n\n\n\n<p>Acosta je postao prvi motociklist u povijesti koji je do naslova svjetskog prvaka u Moto 3 razredu do\u0161ao ve\u0107 u svojoj prvoj sezoni, a u tome je imao i pomo\u0107 Ju\u017enoafrikanca&nbsp;<strong>Darryna Bindera<\/strong>&nbsp;(Honda) koji je u posljednjem krugu neopreznom vo\u017enjom uzrokovao pad do tada vode\u0107eg Talijana<strong>&nbsp;Dennisa Foggije<\/strong>&nbsp;(Honda) i time ga izbacio iz konkurencije za naslov.<br><br>Binder je ciljem pro\u0161ao kao \u010detvrti, ali je nakon utrke diskvalificiran.<br><br>Acosta je odjurio do svoje \u0161este pobjede u ovoj sezoni, a druge na stazi u Portimau, gdje je slavio i 18. travnja na Velikoj nagradi Portugala, prije nego \u0161to je proslavio 17. ro\u0111endan.<br><br>S dana\u0161njih 25 bodova \u0160panjolac je stigao do zbroja od 259, dok je nesretni Foggia ostao na 213. Posljednja utrka sezone je na rasporedu za tjedan dana, 14. studenoga, a doma\u0107in je Valencia.<br><br>VN Algarvea &#8211; Moto 3<br>1. Pedro Acosta (\u0160pa\/KTM) 38:04.339 minuta<br>2. Andrea Migno (Ita\/Honda) +0.354<br>3. Niccolo Antonelli (Ita\/KTM) +0.880<br>4. Jeremy Alcoba (\u0160pa\/Honda) +1.768<br>5. Izan Guevara (\u0160pa\/Gas Gas) +1.839<br>&#8230;<br>SP voza\u010da &#8211; ukupno (17\/18)<br>1. Pedro Acosta (\u0160pa\/KTM) 259 bodova<br>2. Dennis Foggia (Ita\/Honda) 213<br>3. Sergio Garcia (\u0160pa\/Gas Gas) 168<br>4. Romano Fenati (Ita\/Husqvarna) 156<br>5. Jaume Masia (\u0160pa\/KTM) 155<\/p>\n\n\n\n<p>Izvor:hrt.hr<\/p>\n","protected":false},"excerpt":{"rendered":"<p>Senzacionalni \u0161panjolski 17-godi\u0161nji motociklist Pedro Acosta (KTM) novi je svjetski prvak u Moto 3 razredu, a naslov je osigurao jednu utrku prije kraja sezone dana\u0161njom pobjedom u dramati\u010dnom raspletu na Velikoj nagradi Algarvea u portugalskom Portimau. Acosta je postao prvi motociklist u povijesti koji je do naslova svjetskog prvaka u Moto 3 razredu do\u0161ao ve\u0107 [&hellip;]<\/p>\n","protected":false},"author":2,"featured_media":86223,"comment_status":"closed","ping_status":"closed","sticky":false,"template":"","format":"standard","meta":{"h5ap_radio_sources":[],"footnotes":""},"categories":[7],"tags":[],"class_list":["post-86222","post","type-post","status-publish","format-standard","has-post-thumbnail","hentry","category-sport"],"yoast_head":"<!-- This site is optimized with the Yoast SEO plugin v27.5 - https:\/\/yoast.com\/product\/yoast-seo-wordpress\/ -->\n<title>Pedro Acosta je novi svjetski prvak u Moto 3 - RADIO LJUBU\u0160KI<\/title>\n<meta name=\"robots\" content=\"index, follow, max-snippet:-1, max-image-preview:large, max-video-preview:-1\" \/>\n<link rel=\"canonical\" href=\"https:\/\/radioljubuski.ba\/index.php\/2021\/11\/07\/pedro-acosta-je-novi-svjetski-prvak-u-moto-3\/\" \/>\n<meta property=\"og:locale\" content=\"hr_HR\" \/>\n<meta property=\"og:type\" content=\"article\" \/>\n<meta property=\"og:title\" content=\"Pedro Acosta je novi svjetski prvak u Moto 3 - RADIO LJUBU\u0160KI\" \/>\n<meta property=\"og:description\" content=\"Senzacionalni \u0161panjolski 17-godi\u0161nji motociklist Pedro Acosta (KTM) novi je svjetski prvak u Moto 3 razredu, a naslov je osigurao jednu utrku prije kraja sezone dana\u0161njom pobjedom u dramati\u010dnom raspletu na Velikoj nagradi Algarvea u portugalskom Portimau. Acosta je postao prvi motociklist u povijesti koji je do naslova svjetskog prvaka u Moto 3 razredu do\u0161ao ve\u0107 [&hellip;]\" \/>\n<meta property=\"og:url\" content=\"https:\/\/radioljubuski.ba\/index.php\/2021\/11\/07\/pedro-acosta-je-novi-svjetski-prvak-u-moto-3\/\" \/>\n<meta property=\"og:site_name\" content=\"RADIO LJUBU\u0160KI\" \/>\n<meta property=\"article:publisher\" content=\"https:\/\/www.facebook.com\/Radiio-Ljubuski-1490835324566332\" \/>\n<meta property=\"article:published_time\" content=\"2021-11-07T19:12:14+00:00\" \/>\n<meta property=\"og:image\" content=\"https:\/\/radioljubuski.ba\/wp-content\/uploads\/2021\/11\/preuzmi-15.jpg\" \/>\n\t<meta property=\"og:image:width\" content=\"275\" \/>\n\t<meta property=\"og:image:height\" content=\"183\" \/>\n\t<meta property=\"og:image:type\" content=\"image\/jpeg\" \/>\n<meta name=\"author\" content=\"Radio Ljubu\u0161ki\" \/>\n<meta name=\"twitter:card\" content=\"summary_large_image\" \/>\n<meta name=\"twitter:creator\" content=\"@radioljubuski\" \/>\n<meta name=\"twitter:site\" content=\"@radioljubuski\" \/>\n<meta name=\"twitter:label1\" content=\"Napisao\/la\" \/>\n\t<meta name=\"twitter:data1\" content=\"Radio Ljubu\u0161ki\" \/>\n\t<meta name=\"twitter:label2\" content=\"Procijenjeno vrijeme \u010ditanja\" \/>\n\t<meta name=\"twitter:data2\" content=\"2 minute\" \/>\n<script type=\"application\/ld+json\" class=\"yoast-schema-graph\">{\"@context\":\"https:\\\/\\\/schema.org\",\"@graph\":[{\"@type\":\"Article\",\"@id\":\"https:\\\/\\\/radioljubuski.ba\\\/index.php\\\/2021\\\/11\\\/07\\\/pedro-acosta-je-novi-svjetski-prvak-u-moto-3\\\/#article\",\"isPartOf\":{\"@id\":\"https:\\\/\\\/radioljubuski.ba\\\/index.php\\\/2021\\\/11\\\/07\\\/pedro-acosta-je-novi-svjetski-prvak-u-moto-3\\\/\"},\"author\":{\"name\":\"Radio Ljubu\u0161ki\",\"@id\":\"https:\\\/\\\/radioljubuski.ba\\\/#\\\/schema\\\/person\\\/19fc700381a780f69665d7956c469e3b\"},\"headline\":\"Pedro Acosta je novi svjetski prvak u Moto 3\",\"datePublished\":\"2021-11-07T19:12:14+00:00\",\"mainEntityOfPage\":{\"@id\":\"https:\\\/\\\/radioljubuski.ba\\\/index.php\\\/2021\\\/11\\\/07\\\/pedro-acosta-je-novi-svjetski-prvak-u-moto-3\\\/\"},\"wordCount\":242,\"publisher\":{\"@id\":\"https:\\\/\\\/radioljubuski.ba\\\/#organization\"},\"image\":{\"@id\":\"https:\\\/\\\/radioljubuski.ba\\\/index.php\\\/2021\\\/11\\\/07\\\/pedro-acosta-je-novi-svjetski-prvak-u-moto-3\\\/#primaryimage\"},\"thumbnailUrl\":\"https:\\\/\\\/radioljubuski.ba\\\/wp-content\\\/uploads\\\/2021\\\/11\\\/preuzmi-15.jpg\",\"articleSection\":[\"\u0160port\"],\"inLanguage\":\"hr\"},{\"@type\":\"WebPage\",\"@id\":\"https:\\\/\\\/radioljubuski.ba\\\/index.php\\\/2021\\\/11\\\/07\\\/pedro-acosta-je-novi-svjetski-prvak-u-moto-3\\\/\",\"url\":\"https:\\\/\\\/radioljubuski.ba\\\/index.php\\\/2021\\\/11\\\/07\\\/pedro-acosta-je-novi-svjetski-prvak-u-moto-3\\\/\",\"name\":\"Pedro Acosta je novi svjetski prvak u Moto 3 - RADIO LJUBU\u0160KI\",\"isPartOf\":{\"@id\":\"https:\\\/\\\/radioljubuski.ba\\\/#website\"},\"primaryImageOfPage\":{\"@id\":\"https:\\\/\\\/radioljubuski.ba\\\/index.php\\\/2021\\\/11\\\/07\\\/pedro-acosta-je-novi-svjetski-prvak-u-moto-3\\\/#primaryimage\"},\"image\":{\"@id\":\"https:\\\/\\\/radioljubuski.ba\\\/index.php\\\/2021\\\/11\\\/07\\\/pedro-acosta-je-novi-svjetski-prvak-u-moto-3\\\/#primaryimage\"},\"thumbnailUrl\":\"https:\\\/\\\/radioljubuski.ba\\\/wp-content\\\/uploads\\\/2021\\\/11\\\/preuzmi-15.jpg\",\"datePublished\":\"2021-11-07T19:12:14+00:00\",\"breadcrumb\":{\"@id\":\"https:\\\/\\\/radioljubuski.ba\\\/index.php\\\/2021\\\/11\\\/07\\\/pedro-acosta-je-novi-svjetski-prvak-u-moto-3\\\/#breadcrumb\"},\"inLanguage\":\"hr\",\"potentialAction\":[{\"@type\":\"ReadAction\",\"target\":[\"https:\\\/\\\/radioljubuski.ba\\\/index.php\\\/2021\\\/11\\\/07\\\/pedro-acosta-je-novi-svjetski-prvak-u-moto-3\\\/\"]}]},{\"@type\":\"ImageObject\",\"inLanguage\":\"hr\",\"@id\":\"https:\\\/\\\/radioljubuski.ba\\\/index.php\\\/2021\\\/11\\\/07\\\/pedro-acosta-je-novi-svjetski-prvak-u-moto-3\\\/#primaryimage\",\"url\":\"https:\\\/\\\/radioljubuski.ba\\\/wp-content\\\/uploads\\\/2021\\\/11\\\/preuzmi-15.jpg\",\"contentUrl\":\"https:\\\/\\\/radioljubuski.ba\\\/wp-content\\\/uploads\\\/2021\\\/11\\\/preuzmi-15.jpg\",\"width\":275,\"height\":183},{\"@type\":\"BreadcrumbList\",\"@id\":\"https:\\\/\\\/radioljubuski.ba\\\/index.php\\\/2021\\\/11\\\/07\\\/pedro-acosta-je-novi-svjetski-prvak-u-moto-3\\\/#breadcrumb\",\"itemListElement\":[{\"@type\":\"ListItem\",\"position\":1,\"name\":\"Po\u010detna stranica\",\"item\":\"https:\\\/\\\/radioljubuski.ba\\\/\"},{\"@type\":\"ListItem\",\"position\":2,\"name\":\"Pedro Acosta je novi svjetski prvak u Moto 3\"}]},{\"@type\":\"WebSite\",\"@id\":\"https:\\\/\\\/radioljubuski.ba\\\/#website\",\"url\":\"https:\\\/\\\/radioljubuski.ba\\\/\",\"name\":\"Radio Ljubu\u0161ki\",\"description\":\"Sun\u010dana frekvencija Hercegovine\",\"publisher\":{\"@id\":\"https:\\\/\\\/radioljubuski.ba\\\/#organization\"},\"potentialAction\":[{\"@type\":\"SearchAction\",\"target\":{\"@type\":\"EntryPoint\",\"urlTemplate\":\"https:\\\/\\\/radioljubuski.ba\\\/?s={search_term_string}\"},\"query-input\":{\"@type\":\"PropertyValueSpecification\",\"valueRequired\":true,\"valueName\":\"search_term_string\"}}],\"inLanguage\":\"hr\"},{\"@type\":\"Organization\",\"@id\":\"https:\\\/\\\/radioljubuski.ba\\\/#organization\",\"name\":\"Radio Ljubu\u0161ki\",\"url\":\"https:\\\/\\\/radioljubuski.ba\\\/\",\"logo\":{\"@type\":\"ImageObject\",\"inLanguage\":\"hr\",\"@id\":\"https:\\\/\\\/radioljubuski.ba\\\/#\\\/schema\\\/logo\\\/image\\\/\",\"url\":\"https:\\\/\\\/radioljubuski.ba\\\/wp-content\\\/uploads\\\/2021\\\/02\\\/cropped-Radio_Ljubuski_logo1.jpg\",\"contentUrl\":\"https:\\\/\\\/radioljubuski.ba\\\/wp-content\\\/uploads\\\/2021\\\/02\\\/cropped-Radio_Ljubuski_logo1.jpg\",\"width\":512,\"height\":512,\"caption\":\"Radio Ljubu\u0161ki\"},\"image\":{\"@id\":\"https:\\\/\\\/radioljubuski.ba\\\/#\\\/schema\\\/logo\\\/image\\\/\"},\"sameAs\":[\"https:\\\/\\\/www.facebook.com\\\/Radiio-Ljubuski-1490835324566332\",\"https:\\\/\\\/x.com\\\/radioljubuski\",\"https:\\\/\\\/hr.linkedin.com\\\/company\\\/radio-ljubuski\",\"https:\\\/\\\/www.youtube.com\\\/channel\\\/UCHYaeO_n0Db3tjNGudGpXyw\"]},{\"@type\":\"Person\",\"@id\":\"https:\\\/\\\/radioljubuski.ba\\\/#\\\/schema\\\/person\\\/19fc700381a780f69665d7956c469e3b\",\"name\":\"Radio Ljubu\u0161ki\"}]}<\/script>\n<!-- \/ Yoast SEO plugin. -->","yoast_head_json":{"title":"Pedro Acosta je novi svjetski prvak u Moto 3 - RADIO LJUBU\u0160KI","robots":{"index":"index","follow":"follow","max-snippet":"max-snippet:-1","max-image-preview":"max-image-preview:large","max-video-preview":"max-video-preview:-1"},"canonical":"https:\/\/radioljubuski.ba\/index.php\/2021\/11\/07\/pedro-acosta-je-novi-svjetski-prvak-u-moto-3\/","og_locale":"hr_HR","og_type":"article","og_title":"Pedro Acosta je novi svjetski prvak u Moto 3 - RADIO LJUBU\u0160KI","og_description":"Senzacionalni \u0161panjolski 17-godi\u0161nji motociklist Pedro Acosta (KTM) novi je svjetski prvak u Moto 3 razredu, a naslov je osigurao jednu utrku prije kraja sezone dana\u0161njom pobjedom u dramati\u010dnom raspletu na Velikoj nagradi Algarvea u portugalskom Portimau. Acosta je postao prvi motociklist u povijesti koji je do naslova svjetskog prvaka u Moto 3 razredu do\u0161ao ve\u0107 [&hellip;]","og_url":"https:\/\/radioljubuski.ba\/index.php\/2021\/11\/07\/pedro-acosta-je-novi-svjetski-prvak-u-moto-3\/","og_site_name":"RADIO LJUBU\u0160KI","article_publisher":"https:\/\/www.facebook.com\/Radiio-Ljubuski-1490835324566332","article_published_time":"2021-11-07T19:12:14+00:00","og_image":[{"width":275,"height":183,"url":"https:\/\/radioljubuski.ba\/wp-content\/uploads\/2021\/11\/preuzmi-15.jpg","type":"image\/jpeg"}],"author":"Radio Ljubu\u0161ki","twitter_card":"summary_large_image","twitter_creator":"@radioljubuski","twitter_site":"@radioljubuski","twitter_misc":{"Napisao\/la":"Radio Ljubu\u0161ki","Procijenjeno vrijeme \u010ditanja":"2 minute"},"schema":{"@context":"https:\/\/schema.org","@graph":[{"@type":"Article","@id":"https:\/\/radioljubuski.ba\/index.php\/2021\/11\/07\/pedro-acosta-je-novi-svjetski-prvak-u-moto-3\/#article","isPartOf":{"@id":"https:\/\/radioljubuski.ba\/index.php\/2021\/11\/07\/pedro-acosta-je-novi-svjetski-prvak-u-moto-3\/"},"author":{"name":"Radio Ljubu\u0161ki","@id":"https:\/\/radioljubuski.ba\/#\/schema\/person\/19fc700381a780f69665d7956c469e3b"},"headline":"Pedro Acosta je novi svjetski prvak u Moto 3","datePublished":"2021-11-07T19:12:14+00:00","mainEntityOfPage":{"@id":"https:\/\/radioljubuski.ba\/index.php\/2021\/11\/07\/pedro-acosta-je-novi-svjetski-prvak-u-moto-3\/"},"wordCount":242,"publisher":{"@id":"https:\/\/radioljubuski.ba\/#organization"},"image":{"@id":"https:\/\/radioljubuski.ba\/index.php\/2021\/11\/07\/pedro-acosta-je-novi-svjetski-prvak-u-moto-3\/#primaryimage"},"thumbnailUrl":"https:\/\/radioljubuski.ba\/wp-content\/uploads\/2021\/11\/preuzmi-15.jpg","articleSection":["\u0160port"],"inLanguage":"hr"},{"@type":"WebPage","@id":"https:\/\/radioljubuski.ba\/index.php\/2021\/11\/07\/pedro-acosta-je-novi-svjetski-prvak-u-moto-3\/","url":"https:\/\/radioljubuski.ba\/index.php\/2021\/11\/07\/pedro-acosta-je-novi-svjetski-prvak-u-moto-3\/","name":"Pedro Acosta je novi svjetski prvak u Moto 3 - RADIO LJUBU\u0160KI","isPartOf":{"@id":"https:\/\/radioljubuski.ba\/#website"},"primaryImageOfPage":{"@id":"https:\/\/radioljubuski.ba\/index.php\/2021\/11\/07\/pedro-acosta-je-novi-svjetski-prvak-u-moto-3\/#primaryimage"},"image":{"@id":"https:\/\/radioljubuski.ba\/index.php\/2021\/11\/07\/pedro-acosta-je-novi-svjetski-prvak-u-moto-3\/#primaryimage"},"thumbnailUrl":"https:\/\/radioljubuski.ba\/wp-content\/uploads\/2021\/11\/preuzmi-15.jpg","datePublished":"2021-11-07T19:12:14+00:00","breadcrumb":{"@id":"https:\/\/radioljubuski.ba\/index.php\/2021\/11\/07\/pedro-acosta-je-novi-svjetski-prvak-u-moto-3\/#breadcrumb"},"inLanguage":"hr","potentialAction":[{"@type":"ReadAction","target":["https:\/\/radioljubuski.ba\/index.php\/2021\/11\/07\/pedro-acosta-je-novi-svjetski-prvak-u-moto-3\/"]}]},{"@type":"ImageObject","inLanguage":"hr","@id":"https:\/\/radioljubuski.ba\/index.php\/2021\/11\/07\/pedro-acosta-je-novi-svjetski-prvak-u-moto-3\/#primaryimage","url":"https:\/\/radioljubuski.ba\/wp-content\/uploads\/2021\/11\/preuzmi-15.jpg","contentUrl":"https:\/\/radioljubuski.ba\/wp-content\/uploads\/2021\/11\/preuzmi-15.jpg","width":275,"height":183},{"@type":"BreadcrumbList","@id":"https:\/\/radioljubuski.ba\/index.php\/2021\/11\/07\/pedro-acosta-je-novi-svjetski-prvak-u-moto-3\/#breadcrumb","itemListElement":[{"@type":"ListItem","position":1,"name":"Po\u010detna stranica","item":"https:\/\/radioljubuski.ba\/"},{"@type":"ListItem","position":2,"name":"Pedro Acosta je novi svjetski prvak u Moto 3"}]},{"@type":"WebSite","@id":"https:\/\/radioljubuski.ba\/#website","url":"https:\/\/radioljubuski.ba\/","name":"Radio Ljubu\u0161ki","description":"Sun\u010dana frekvencija Hercegovine","publisher":{"@id":"https:\/\/radioljubuski.ba\/#organization"},"potentialAction":[{"@type":"SearchAction","target":{"@type":"EntryPoint","urlTemplate":"https:\/\/radioljubuski.ba\/?s={search_term_string}"},"query-input":{"@type":"PropertyValueSpecification","valueRequired":true,"valueName":"search_term_string"}}],"inLanguage":"hr"},{"@type":"Organization","@id":"https:\/\/radioljubuski.ba\/#organization","name":"Radio Ljubu\u0161ki","url":"https:\/\/radioljubuski.ba\/","logo":{"@type":"ImageObject","inLanguage":"hr","@id":"https:\/\/radioljubuski.ba\/#\/schema\/logo\/image\/","url":"https:\/\/radioljubuski.ba\/wp-content\/uploads\/2021\/02\/cropped-Radio_Ljubuski_logo1.jpg","contentUrl":"https:\/\/radioljubuski.ba\/wp-content\/uploads\/2021\/02\/cropped-Radio_Ljubuski_logo1.jpg","width":512,"height":512,"caption":"Radio Ljubu\u0161ki"},"image":{"@id":"https:\/\/radioljubuski.ba\/#\/schema\/logo\/image\/"},"sameAs":["https:\/\/www.facebook.com\/Radiio-Ljubuski-1490835324566332","https:\/\/x.com\/radioljubuski","https:\/\/hr.linkedin.com\/company\/radio-ljubuski","https:\/\/www.youtube.com\/channel\/UCHYaeO_n0Db3tjNGudGpXyw"]},{"@type":"Person","@id":"https:\/\/radioljubuski.ba\/#\/schema\/person\/19fc700381a780f69665d7956c469e3b","name":"Radio Ljubu\u0161ki"}]}},"_links":{"self":[{"href":"https:\/\/radioljubuski.ba\/index.php\/wp-json\/wp\/v2\/posts\/86222","targetHints":{"allow":["GET"]}}],"collection":[{"href":"https:\/\/radioljubuski.ba\/index.php\/wp-json\/wp\/v2\/posts"}],"about":[{"href":"https:\/\/radioljubuski.ba\/index.php\/wp-json\/wp\/v2\/types\/post"}],"author":[{"embeddable":true,"href":"https:\/\/radioljubuski.ba\/index.php\/wp-json\/wp\/v2\/users\/2"}],"replies":[{"embeddable":true,"href":"https:\/\/radioljubuski.ba\/index.php\/wp-json\/wp\/v2\/comments?post=86222"}],"version-history":[{"count":1,"href":"https:\/\/radioljubuski.ba\/index.php\/wp-json\/wp\/v2\/posts\/86222\/revisions"}],"predecessor-version":[{"id":86224,"href":"https:\/\/radioljubuski.ba\/index.php\/wp-json\/wp\/v2\/posts\/86222\/revisions\/86224"}],"wp:featuredmedia":[{"embeddable":true,"href":"https:\/\/radioljubuski.ba\/index.php\/wp-json\/wp\/v2\/media\/86223"}],"wp:attachment":[{"href":"https:\/\/radioljubuski.ba\/index.php\/wp-json\/wp\/v2\/media?parent=86222"}],"wp:term":[{"taxonomy":"category","embeddable":true,"href":"https:\/\/radioljubuski.ba\/index.php\/wp-json\/wp\/v2\/categories?post=86222"},{"taxonomy":"post_tag","embeddable":true,"href":"https:\/\/radioljubuski.ba\/index.php\/wp-json\/wp\/v2\/tags?post=86222"}],"curies":[{"name":"wp","href":"https:\/\/api.w.org\/{rel}","templated":true}]}}