{"id":86231,"date":"2021-11-07T20:16:09","date_gmt":"2021-11-07T19:16:09","guid":{"rendered":"https:\/\/radioljubuski.ba\/?p=86231"},"modified":"2021-11-07T20:16:11","modified_gmt":"2021-11-07T19:16:11","slug":"7-studenoga-1991-zlocini-srpske-vojske-cetnici-izrezali-covjeka-motornom-pilom","status":"publish","type":"post","link":"https:\/\/radioljubuski.ba\/index.php\/2021\/11\/07\/7-studenoga-1991-zlocini-srpske-vojske-cetnici-izrezali-covjeka-motornom-pilom\/","title":{"rendered":"7. studenoga 1991. Zlo\u010dini srpske vojske \u2013 \u010detnici izrezali \u010dovjeka motornom pilom"},"content":{"rendered":"\n<p><strong>Srpski odmetnici napustili su selo oko 15 sati. Pre\u017eivjeli Hrvati (uglavnom \u017eene) krenuli su u izvla\u010denje prema Slunju i potom prema Cazinu u BiH. Jo\u0161 desetak mje\u0161tana, uglavnom prezimena Serti\u0107, stradalo je u naselju Serti\u0107 Poljane, a \u0161umara Vjekoslava Vukovi\u0107a su \u010detnici u Poljanku rezali motornom pilom.Tijela nisu na\u0111ena do danas osim Ivana Vukovi\u0107a i Nikole Vukovi\u0107a. Ukupno je te jeseni na tom malom podru\u010dju ubijeno oko 20 civila Hrvata.<\/strong><\/p>\n\n\n\n<p>Na dana\u0161nji dan 7 .studenoga 1991. godine dogodio se stra\u0161an zlo\u010din nad Hrvatima u op\u0107ini Plitvi\u010dka Jezera, u mjestu Poljanak, Vukovi\u0107. Pokolj u Poljanku je ratni zlo\u010din kojeg su po\u010dinili srpski odmetnici Hrvatima iz tog sela, u svrhu etni\u010dkog \u010di\u0161\u0107enja tog kraja od hrvatskog stanovni\u0161tva, prenosi<a href=\"http:\/\/www.likaplus.hr\/plitvicka_j-korenica\/vremeplov\/pobijeni_jer_su_bili_hrvati\/default.aspx\">&nbsp;likaplus.hr<\/a>.<\/p>\n\n\n\n<p>Pokolj je po\u010dinjen 7. studenoga 1991., kada su pobunjeni Srbi ubili 10 Hrvata, a njihovu imovinu oplja\u010dkali. Po\u010dinitelji su pripadnici srpske nacionalne manjine iz sela Mukinje, Plitvica, Krbave, Svra\u010dkova sela, Plitvica sela, sve u op\u0107ini Plitvi\u010dka Jezera. Prije po\u010detka razaranja, u Poljanak su dolazili mjesni srpski odmetnici odjeveni u odore biv\u0161e JNA, i to naoru\u017eani. Me\u0111u njima su bili i kasniji osu\u0111enici za ratni zlo\u010din, koji su se onda predstavljali kao \u201c\u010duvari sela\u201d.<\/p>\n\n\n\n<p>Dvije skupine maskiranih srpskih odmetnika su 7. studenoga oko 12 sati u\u0161li Poljanke, etni\u010dki \u010disto hrvatsko selo.<\/p>\n\n\n\n<p>Izveli su iz ku\u0107a sve Hrvate koji su tada ostali u selu te ih strijeljali iz automatskih pu\u0161aka. Ubili su \u0161est osoba, prvo njih \u010detvero, a potom jo\u0161 dvoje. Jedna od \u017ertava je ubijena bombom. Srpski odmetnici su tog dana su oplja\u010dkali ku\u0107e, odnijev\u0161i novac, zlatninu, tehni\u010dke stvari, vrijedne predmete, a potom su ku\u0107e zapalili, sa o\u010ditom namjerom da se mjesni Hrvati nikad vi\u0161e ne vrate u Poljanak.<\/p>\n\n\n\n<p>Srpski odmetnici su napustili selo oko 15 sati. Pre\u017eivjeli Hrvati (uglavnom \u017eene) su krenuli u izvla\u010denje prema Slunju i potom prema Cazinu u BiH. Jo\u0161 desetak mje\u0161tana, uglavnom prezimena Serti\u0107, stradalo je u naselju Serti\u0107 Poljane, a \u0161umara Vjekoslava Vukovi\u0107a su \u010detnici u Poljanku rezali motornom pilom. Tijela nisu na\u0111ena do danas osim Ivana Vukovi\u0107a i Nikole Vukovi\u0107a. Ukupno je te jeseni na tom malom podru\u010dju ubijeno oko 20 civila.<\/p>\n\n\n\n<p>Ovdje su ubijeni samo zato \u0161to su bili Hrvati i \u0161to su sanjali slobodnu Hrvatsku:<br>1) Vjekoslav Vukovi\u0107 r. 1939., ubijen 07.11.1991.<br>2) Dane Vukovi\u0107 Matin,1911, ubijen 07.11.1991.<br>3) Lucija Vukovi\u0107 Matina, 1923., ubijena 07.11.1991.<br>4) Milka Vukovi\u0107 Matina, r. 1926., ubijena 07.11.1991.<br>5) Nikola Vukovi\u0107 sin Ivanov, r. 1938, ubijen 07.11.1991.<br>6) Joso Matovina, sin Nikolin, r.1940. , ubijen 07.11.1991.<br>7) Nikola Matovina ro\u0111en 1912. ubijen 07.11.1991.<br>8) Dane Vukovi\u0107 Poldin, r. 1917., ubijen 07.11.1991.<br>9) Ivan Vukovi\u0107 (Mile) 15.05. 1934..ubijen 07.11.1991<br>10) Nikola Vukovi\u0107 (Ivana) 27.12 . 1938..ubijen 07.11.1991<\/p>\n\n\n\n<p><em>Izvor: narod.hr<\/em><\/p>\n","protected":false},"excerpt":{"rendered":"<p>Srpski odmetnici napustili su selo oko 15 sati. Pre\u017eivjeli Hrvati (uglavnom \u017eene) krenuli su u izvla\u010denje prema Slunju i potom prema Cazinu u BiH. Jo\u0161 desetak mje\u0161tana, uglavnom prezimena Serti\u0107, stradalo je u naselju Serti\u0107 Poljane, a \u0161umara Vjekoslava Vukovi\u0107a su \u010detnici u Poljanku rezali motornom pilom.Tijela nisu na\u0111ena do danas osim Ivana Vukovi\u0107a i [&hellip;]<\/p>\n","protected":false},"author":2,"featured_media":86232,"comment_status":"closed","ping_status":"closed","sticky":false,"template":"","format":"standard","meta":{"h5ap_radio_sources":[],"footnotes":""},"categories":[1],"tags":[],"class_list":["post-86231","post","type-post","status-publish","format-standard","has-post-thumbnail","hentry","category-bihiregija"],"yoast_head":"<!-- This site is optimized with the Yoast SEO plugin v27.5 - https:\/\/yoast.com\/product\/yoast-seo-wordpress\/ -->\n<title>7. studenoga 1991. Zlo\u010dini srpske vojske \u2013 \u010detnici izrezali \u010dovjeka motornom pilom - RADIO LJUBU\u0160KI<\/title>\n<meta name=\"robots\" content=\"index, follow, max-snippet:-1, max-image-preview:large, max-video-preview:-1\" \/>\n<link rel=\"canonical\" href=\"https:\/\/radioljubuski.ba\/index.php\/2021\/11\/07\/7-studenoga-1991-zlocini-srpske-vojske-cetnici-izrezali-covjeka-motornom-pilom\/\" \/>\n<meta property=\"og:locale\" content=\"hr_HR\" \/>\n<meta property=\"og:type\" content=\"article\" \/>\n<meta property=\"og:title\" content=\"7. studenoga 1991. Zlo\u010dini srpske vojske \u2013 \u010detnici izrezali \u010dovjeka motornom pilom - RADIO LJUBU\u0160KI\" \/>\n<meta property=\"og:description\" content=\"Srpski odmetnici napustili su selo oko 15 sati. Pre\u017eivjeli Hrvati (uglavnom \u017eene) krenuli su u izvla\u010denje prema Slunju i potom prema Cazinu u BiH. Jo\u0161 desetak mje\u0161tana, uglavnom prezimena Serti\u0107, stradalo je u naselju Serti\u0107 Poljane, a \u0161umara Vjekoslava Vukovi\u0107a su \u010detnici u Poljanku rezali motornom pilom.Tijela nisu na\u0111ena do danas osim Ivana Vukovi\u0107a i [&hellip;]\" \/>\n<meta property=\"og:url\" content=\"https:\/\/radioljubuski.ba\/index.php\/2021\/11\/07\/7-studenoga-1991-zlocini-srpske-vojske-cetnici-izrezali-covjeka-motornom-pilom\/\" \/>\n<meta property=\"og:site_name\" content=\"RADIO LJUBU\u0160KI\" \/>\n<meta property=\"article:publisher\" content=\"https:\/\/www.facebook.com\/Radiio-Ljubuski-1490835324566332\" \/>\n<meta property=\"article:published_time\" content=\"2021-11-07T19:16:09+00:00\" \/>\n<meta property=\"article:modified_time\" content=\"2021-11-07T19:16:11+00:00\" \/>\n<meta property=\"og:image\" content=\"https:\/\/radioljubuski.ba\/wp-content\/uploads\/2021\/11\/12s-696x363-1.jpg\" \/>\n\t<meta property=\"og:image:width\" content=\"696\" \/>\n\t<meta property=\"og:image:height\" content=\"363\" \/>\n\t<meta property=\"og:image:type\" content=\"image\/jpeg\" \/>\n<meta name=\"author\" content=\"Radio Ljubu\u0161ki\" \/>\n<meta name=\"twitter:card\" content=\"summary_large_image\" \/>\n<meta name=\"twitter:creator\" content=\"@radioljubuski\" \/>\n<meta name=\"twitter:site\" content=\"@radioljubuski\" \/>\n<meta name=\"twitter:label1\" content=\"Napisao\/la\" \/>\n\t<meta name=\"twitter:data1\" content=\"Radio Ljubu\u0161ki\" \/>\n\t<meta name=\"twitter:label2\" content=\"Procijenjeno vrijeme \u010ditanja\" \/>\n\t<meta name=\"twitter:data2\" content=\"2 minute\" \/>\n<script type=\"application\/ld+json\" class=\"yoast-schema-graph\">{\"@context\":\"https:\\\/\\\/schema.org\",\"@graph\":[{\"@type\":\"Article\",\"@id\":\"https:\\\/\\\/radioljubuski.ba\\\/index.php\\\/2021\\\/11\\\/07\\\/7-studenoga-1991-zlocini-srpske-vojske-cetnici-izrezali-covjeka-motornom-pilom\\\/#article\",\"isPartOf\":{\"@id\":\"https:\\\/\\\/radioljubuski.ba\\\/index.php\\\/2021\\\/11\\\/07\\\/7-studenoga-1991-zlocini-srpske-vojske-cetnici-izrezali-covjeka-motornom-pilom\\\/\"},\"author\":{\"name\":\"Radio Ljubu\u0161ki\",\"@id\":\"https:\\\/\\\/radioljubuski.ba\\\/#\\\/schema\\\/person\\\/19fc700381a780f69665d7956c469e3b\"},\"headline\":\"7. studenoga 1991. Zlo\u010dini srpske vojske \u2013 \u010detnici izrezali \u010dovjeka motornom pilom\",\"datePublished\":\"2021-11-07T19:16:09+00:00\",\"dateModified\":\"2021-11-07T19:16:11+00:00\",\"mainEntityOfPage\":{\"@id\":\"https:\\\/\\\/radioljubuski.ba\\\/index.php\\\/2021\\\/11\\\/07\\\/7-studenoga-1991-zlocini-srpske-vojske-cetnici-izrezali-covjeka-motornom-pilom\\\/\"},\"wordCount\":461,\"publisher\":{\"@id\":\"https:\\\/\\\/radioljubuski.ba\\\/#organization\"},\"image\":{\"@id\":\"https:\\\/\\\/radioljubuski.ba\\\/index.php\\\/2021\\\/11\\\/07\\\/7-studenoga-1991-zlocini-srpske-vojske-cetnici-izrezali-covjeka-motornom-pilom\\\/#primaryimage\"},\"thumbnailUrl\":\"https:\\\/\\\/radioljubuski.ba\\\/wp-content\\\/uploads\\\/2021\\\/11\\\/12s-696x363-1.jpg\",\"articleSection\":[\"BIH i regija\"],\"inLanguage\":\"hr\"},{\"@type\":\"WebPage\",\"@id\":\"https:\\\/\\\/radioljubuski.ba\\\/index.php\\\/2021\\\/11\\\/07\\\/7-studenoga-1991-zlocini-srpske-vojske-cetnici-izrezali-covjeka-motornom-pilom\\\/\",\"url\":\"https:\\\/\\\/radioljubuski.ba\\\/index.php\\\/2021\\\/11\\\/07\\\/7-studenoga-1991-zlocini-srpske-vojske-cetnici-izrezali-covjeka-motornom-pilom\\\/\",\"name\":\"7. studenoga 1991. Zlo\u010dini srpske vojske \u2013 \u010detnici izrezali \u010dovjeka motornom pilom - RADIO LJUBU\u0160KI\",\"isPartOf\":{\"@id\":\"https:\\\/\\\/radioljubuski.ba\\\/#website\"},\"primaryImageOfPage\":{\"@id\":\"https:\\\/\\\/radioljubuski.ba\\\/index.php\\\/2021\\\/11\\\/07\\\/7-studenoga-1991-zlocini-srpske-vojske-cetnici-izrezali-covjeka-motornom-pilom\\\/#primaryimage\"},\"image\":{\"@id\":\"https:\\\/\\\/radioljubuski.ba\\\/index.php\\\/2021\\\/11\\\/07\\\/7-studenoga-1991-zlocini-srpske-vojske-cetnici-izrezali-covjeka-motornom-pilom\\\/#primaryimage\"},\"thumbnailUrl\":\"https:\\\/\\\/radioljubuski.ba\\\/wp-content\\\/uploads\\\/2021\\\/11\\\/12s-696x363-1.jpg\",\"datePublished\":\"2021-11-07T19:16:09+00:00\",\"dateModified\":\"2021-11-07T19:16:11+00:00\",\"breadcrumb\":{\"@id\":\"https:\\\/\\\/radioljubuski.ba\\\/index.php\\\/2021\\\/11\\\/07\\\/7-studenoga-1991-zlocini-srpske-vojske-cetnici-izrezali-covjeka-motornom-pilom\\\/#breadcrumb\"},\"inLanguage\":\"hr\",\"potentialAction\":[{\"@type\":\"ReadAction\",\"target\":[\"https:\\\/\\\/radioljubuski.ba\\\/index.php\\\/2021\\\/11\\\/07\\\/7-studenoga-1991-zlocini-srpske-vojske-cetnici-izrezali-covjeka-motornom-pilom\\\/\"]}]},{\"@type\":\"ImageObject\",\"inLanguage\":\"hr\",\"@id\":\"https:\\\/\\\/radioljubuski.ba\\\/index.php\\\/2021\\\/11\\\/07\\\/7-studenoga-1991-zlocini-srpske-vojske-cetnici-izrezali-covjeka-motornom-pilom\\\/#primaryimage\",\"url\":\"https:\\\/\\\/radioljubuski.ba\\\/wp-content\\\/uploads\\\/2021\\\/11\\\/12s-696x363-1.jpg\",\"contentUrl\":\"https:\\\/\\\/radioljubuski.ba\\\/wp-content\\\/uploads\\\/2021\\\/11\\\/12s-696x363-1.jpg\",\"width\":696,\"height\":363},{\"@type\":\"BreadcrumbList\",\"@id\":\"https:\\\/\\\/radioljubuski.ba\\\/index.php\\\/2021\\\/11\\\/07\\\/7-studenoga-1991-zlocini-srpske-vojske-cetnici-izrezali-covjeka-motornom-pilom\\\/#breadcrumb\",\"itemListElement\":[{\"@type\":\"ListItem\",\"position\":1,\"name\":\"Po\u010detna stranica\",\"item\":\"https:\\\/\\\/radioljubuski.ba\\\/\"},{\"@type\":\"ListItem\",\"position\":2,\"name\":\"7. studenoga 1991. Zlo\u010dini srpske vojske \u2013 \u010detnici izrezali \u010dovjeka motornom pilom\"}]},{\"@type\":\"WebSite\",\"@id\":\"https:\\\/\\\/radioljubuski.ba\\\/#website\",\"url\":\"https:\\\/\\\/radioljubuski.ba\\\/\",\"name\":\"Radio Ljubu\u0161ki\",\"description\":\"Sun\u010dana frekvencija Hercegovine\",\"publisher\":{\"@id\":\"https:\\\/\\\/radioljubuski.ba\\\/#organization\"},\"potentialAction\":[{\"@type\":\"SearchAction\",\"target\":{\"@type\":\"EntryPoint\",\"urlTemplate\":\"https:\\\/\\\/radioljubuski.ba\\\/?s={search_term_string}\"},\"query-input\":{\"@type\":\"PropertyValueSpecification\",\"valueRequired\":true,\"valueName\":\"search_term_string\"}}],\"inLanguage\":\"hr\"},{\"@type\":\"Organization\",\"@id\":\"https:\\\/\\\/radioljubuski.ba\\\/#organization\",\"name\":\"Radio Ljubu\u0161ki\",\"url\":\"https:\\\/\\\/radioljubuski.ba\\\/\",\"logo\":{\"@type\":\"ImageObject\",\"inLanguage\":\"hr\",\"@id\":\"https:\\\/\\\/radioljubuski.ba\\\/#\\\/schema\\\/logo\\\/image\\\/\",\"url\":\"https:\\\/\\\/radioljubuski.ba\\\/wp-content\\\/uploads\\\/2021\\\/02\\\/cropped-Radio_Ljubuski_logo1.jpg\",\"contentUrl\":\"https:\\\/\\\/radioljubuski.ba\\\/wp-content\\\/uploads\\\/2021\\\/02\\\/cropped-Radio_Ljubuski_logo1.jpg\",\"width\":512,\"height\":512,\"caption\":\"Radio Ljubu\u0161ki\"},\"image\":{\"@id\":\"https:\\\/\\\/radioljubuski.ba\\\/#\\\/schema\\\/logo\\\/image\\\/\"},\"sameAs\":[\"https:\\\/\\\/www.facebook.com\\\/Radiio-Ljubuski-1490835324566332\",\"https:\\\/\\\/x.com\\\/radioljubuski\",\"https:\\\/\\\/hr.linkedin.com\\\/company\\\/radio-ljubuski\",\"https:\\\/\\\/www.youtube.com\\\/channel\\\/UCHYaeO_n0Db3tjNGudGpXyw\"]},{\"@type\":\"Person\",\"@id\":\"https:\\\/\\\/radioljubuski.ba\\\/#\\\/schema\\\/person\\\/19fc700381a780f69665d7956c469e3b\",\"name\":\"Radio Ljubu\u0161ki\"}]}<\/script>\n<!-- \/ Yoast SEO plugin. -->","yoast_head_json":{"title":"7. studenoga 1991. Zlo\u010dini srpske vojske \u2013 \u010detnici izrezali \u010dovjeka motornom pilom - RADIO LJUBU\u0160KI","robots":{"index":"index","follow":"follow","max-snippet":"max-snippet:-1","max-image-preview":"max-image-preview:large","max-video-preview":"max-video-preview:-1"},"canonical":"https:\/\/radioljubuski.ba\/index.php\/2021\/11\/07\/7-studenoga-1991-zlocini-srpske-vojske-cetnici-izrezali-covjeka-motornom-pilom\/","og_locale":"hr_HR","og_type":"article","og_title":"7. studenoga 1991. Zlo\u010dini srpske vojske \u2013 \u010detnici izrezali \u010dovjeka motornom pilom - RADIO LJUBU\u0160KI","og_description":"Srpski odmetnici napustili su selo oko 15 sati. Pre\u017eivjeli Hrvati (uglavnom \u017eene) krenuli su u izvla\u010denje prema Slunju i potom prema Cazinu u BiH. Jo\u0161 desetak mje\u0161tana, uglavnom prezimena Serti\u0107, stradalo je u naselju Serti\u0107 Poljane, a \u0161umara Vjekoslava Vukovi\u0107a su \u010detnici u Poljanku rezali motornom pilom.Tijela nisu na\u0111ena do danas osim Ivana Vukovi\u0107a i [&hellip;]","og_url":"https:\/\/radioljubuski.ba\/index.php\/2021\/11\/07\/7-studenoga-1991-zlocini-srpske-vojske-cetnici-izrezali-covjeka-motornom-pilom\/","og_site_name":"RADIO LJUBU\u0160KI","article_publisher":"https:\/\/www.facebook.com\/Radiio-Ljubuski-1490835324566332","article_published_time":"2021-11-07T19:16:09+00:00","article_modified_time":"2021-11-07T19:16:11+00:00","og_image":[{"width":696,"height":363,"url":"https:\/\/radioljubuski.ba\/wp-content\/uploads\/2021\/11\/12s-696x363-1.jpg","type":"image\/jpeg"}],"author":"Radio Ljubu\u0161ki","twitter_card":"summary_large_image","twitter_creator":"@radioljubuski","twitter_site":"@radioljubuski","twitter_misc":{"Napisao\/la":"Radio Ljubu\u0161ki","Procijenjeno vrijeme \u010ditanja":"2 minute"},"schema":{"@context":"https:\/\/schema.org","@graph":[{"@type":"Article","@id":"https:\/\/radioljubuski.ba\/index.php\/2021\/11\/07\/7-studenoga-1991-zlocini-srpske-vojske-cetnici-izrezali-covjeka-motornom-pilom\/#article","isPartOf":{"@id":"https:\/\/radioljubuski.ba\/index.php\/2021\/11\/07\/7-studenoga-1991-zlocini-srpske-vojske-cetnici-izrezali-covjeka-motornom-pilom\/"},"author":{"name":"Radio Ljubu\u0161ki","@id":"https:\/\/radioljubuski.ba\/#\/schema\/person\/19fc700381a780f69665d7956c469e3b"},"headline":"7. studenoga 1991. Zlo\u010dini srpske vojske \u2013 \u010detnici izrezali \u010dovjeka motornom pilom","datePublished":"2021-11-07T19:16:09+00:00","dateModified":"2021-11-07T19:16:11+00:00","mainEntityOfPage":{"@id":"https:\/\/radioljubuski.ba\/index.php\/2021\/11\/07\/7-studenoga-1991-zlocini-srpske-vojske-cetnici-izrezali-covjeka-motornom-pilom\/"},"wordCount":461,"publisher":{"@id":"https:\/\/radioljubuski.ba\/#organization"},"image":{"@id":"https:\/\/radioljubuski.ba\/index.php\/2021\/11\/07\/7-studenoga-1991-zlocini-srpske-vojske-cetnici-izrezali-covjeka-motornom-pilom\/#primaryimage"},"thumbnailUrl":"https:\/\/radioljubuski.ba\/wp-content\/uploads\/2021\/11\/12s-696x363-1.jpg","articleSection":["BIH i regija"],"inLanguage":"hr"},{"@type":"WebPage","@id":"https:\/\/radioljubuski.ba\/index.php\/2021\/11\/07\/7-studenoga-1991-zlocini-srpske-vojske-cetnici-izrezali-covjeka-motornom-pilom\/","url":"https:\/\/radioljubuski.ba\/index.php\/2021\/11\/07\/7-studenoga-1991-zlocini-srpske-vojske-cetnici-izrezali-covjeka-motornom-pilom\/","name":"7. studenoga 1991. Zlo\u010dini srpske vojske \u2013 \u010detnici izrezali \u010dovjeka motornom pilom - RADIO LJUBU\u0160KI","isPartOf":{"@id":"https:\/\/radioljubuski.ba\/#website"},"primaryImageOfPage":{"@id":"https:\/\/radioljubuski.ba\/index.php\/2021\/11\/07\/7-studenoga-1991-zlocini-srpske-vojske-cetnici-izrezali-covjeka-motornom-pilom\/#primaryimage"},"image":{"@id":"https:\/\/radioljubuski.ba\/index.php\/2021\/11\/07\/7-studenoga-1991-zlocini-srpske-vojske-cetnici-izrezali-covjeka-motornom-pilom\/#primaryimage"},"thumbnailUrl":"https:\/\/radioljubuski.ba\/wp-content\/uploads\/2021\/11\/12s-696x363-1.jpg","datePublished":"2021-11-07T19:16:09+00:00","dateModified":"2021-11-07T19:16:11+00:00","breadcrumb":{"@id":"https:\/\/radioljubuski.ba\/index.php\/2021\/11\/07\/7-studenoga-1991-zlocini-srpske-vojske-cetnici-izrezali-covjeka-motornom-pilom\/#breadcrumb"},"inLanguage":"hr","potentialAction":[{"@type":"ReadAction","target":["https:\/\/radioljubuski.ba\/index.php\/2021\/11\/07\/7-studenoga-1991-zlocini-srpske-vojske-cetnici-izrezali-covjeka-motornom-pilom\/"]}]},{"@type":"ImageObject","inLanguage":"hr","@id":"https:\/\/radioljubuski.ba\/index.php\/2021\/11\/07\/7-studenoga-1991-zlocini-srpske-vojske-cetnici-izrezali-covjeka-motornom-pilom\/#primaryimage","url":"https:\/\/radioljubuski.ba\/wp-content\/uploads\/2021\/11\/12s-696x363-1.jpg","contentUrl":"https:\/\/radioljubuski.ba\/wp-content\/uploads\/2021\/11\/12s-696x363-1.jpg","width":696,"height":363},{"@type":"BreadcrumbList","@id":"https:\/\/radioljubuski.ba\/index.php\/2021\/11\/07\/7-studenoga-1991-zlocini-srpske-vojske-cetnici-izrezali-covjeka-motornom-pilom\/#breadcrumb","itemListElement":[{"@type":"ListItem","position":1,"name":"Po\u010detna stranica","item":"https:\/\/radioljubuski.ba\/"},{"@type":"ListItem","position":2,"name":"7. studenoga 1991. Zlo\u010dini srpske vojske \u2013 \u010detnici izrezali \u010dovjeka motornom pilom"}]},{"@type":"WebSite","@id":"https:\/\/radioljubuski.ba\/#website","url":"https:\/\/radioljubuski.ba\/","name":"Radio Ljubu\u0161ki","description":"Sun\u010dana frekvencija Hercegovine","publisher":{"@id":"https:\/\/radioljubuski.ba\/#organization"},"potentialAction":[{"@type":"SearchAction","target":{"@type":"EntryPoint","urlTemplate":"https:\/\/radioljubuski.ba\/?s={search_term_string}"},"query-input":{"@type":"PropertyValueSpecification","valueRequired":true,"valueName":"search_term_string"}}],"inLanguage":"hr"},{"@type":"Organization","@id":"https:\/\/radioljubuski.ba\/#organization","name":"Radio Ljubu\u0161ki","url":"https:\/\/radioljubuski.ba\/","logo":{"@type":"ImageObject","inLanguage":"hr","@id":"https:\/\/radioljubuski.ba\/#\/schema\/logo\/image\/","url":"https:\/\/radioljubuski.ba\/wp-content\/uploads\/2021\/02\/cropped-Radio_Ljubuski_logo1.jpg","contentUrl":"https:\/\/radioljubuski.ba\/wp-content\/uploads\/2021\/02\/cropped-Radio_Ljubuski_logo1.jpg","width":512,"height":512,"caption":"Radio Ljubu\u0161ki"},"image":{"@id":"https:\/\/radioljubuski.ba\/#\/schema\/logo\/image\/"},"sameAs":["https:\/\/www.facebook.com\/Radiio-Ljubuski-1490835324566332","https:\/\/x.com\/radioljubuski","https:\/\/hr.linkedin.com\/company\/radio-ljubuski","https:\/\/www.youtube.com\/channel\/UCHYaeO_n0Db3tjNGudGpXyw"]},{"@type":"Person","@id":"https:\/\/radioljubuski.ba\/#\/schema\/person\/19fc700381a780f69665d7956c469e3b","name":"Radio Ljubu\u0161ki"}]}},"_links":{"self":[{"href":"https:\/\/radioljubuski.ba\/index.php\/wp-json\/wp\/v2\/posts\/86231","targetHints":{"allow":["GET"]}}],"collection":[{"href":"https:\/\/radioljubuski.ba\/index.php\/wp-json\/wp\/v2\/posts"}],"about":[{"href":"https:\/\/radioljubuski.ba\/index.php\/wp-json\/wp\/v2\/types\/post"}],"author":[{"embeddable":true,"href":"https:\/\/radioljubuski.ba\/index.php\/wp-json\/wp\/v2\/users\/2"}],"replies":[{"embeddable":true,"href":"https:\/\/radioljubuski.ba\/index.php\/wp-json\/wp\/v2\/comments?post=86231"}],"version-history":[{"count":1,"href":"https:\/\/radioljubuski.ba\/index.php\/wp-json\/wp\/v2\/posts\/86231\/revisions"}],"predecessor-version":[{"id":86233,"href":"https:\/\/radioljubuski.ba\/index.php\/wp-json\/wp\/v2\/posts\/86231\/revisions\/86233"}],"wp:featuredmedia":[{"embeddable":true,"href":"https:\/\/radioljubuski.ba\/index.php\/wp-json\/wp\/v2\/media\/86232"}],"wp:attachment":[{"href":"https:\/\/radioljubuski.ba\/index.php\/wp-json\/wp\/v2\/media?parent=86231"}],"wp:term":[{"taxonomy":"category","embeddable":true,"href":"https:\/\/radioljubuski.ba\/index.php\/wp-json\/wp\/v2\/categories?post=86231"},{"taxonomy":"post_tag","embeddable":true,"href":"https:\/\/radioljubuski.ba\/index.php\/wp-json\/wp\/v2\/tags?post=86231"}],"curies":[{"name":"wp","href":"https:\/\/api.w.org\/{rel}","templated":true}]}}