{"id":86237,"date":"2021-11-07T20:19:19","date_gmt":"2021-11-07T19:19:19","guid":{"rendered":"https:\/\/radioljubuski.ba\/?p=86237"},"modified":"2021-11-07T20:19:20","modified_gmt":"2021-11-07T19:19:20","slug":"obitelji-3-potpuno-je-neprihvatljivo-ukidanje-mjere-roditelj-odgojitelj-za-aktualne-korisnike","status":"publish","type":"post","link":"https:\/\/radioljubuski.ba\/index.php\/2021\/11\/07\/obitelji-3-potpuno-je-neprihvatljivo-ukidanje-mjere-roditelj-odgojitelj-za-aktualne-korisnike\/","title":{"rendered":"Obitelji 3+: Potpuno je neprihvatljivo ukidanje mjere roditelj-odgojitelj za aktualne korisnike"},"content":{"rendered":"\n<p>Udruga Obitelji 3plus izdala je priop\u0107enje nakon \u0161to je gradska vlast u Zagrebu obznanila ukidanje mjere roditelj-odgojitelj. Obitelji 3plus poru\u010duju da je takva o<strong>dluka potpuno neprihvatljiva<\/strong>.<\/p>\n\n\n\n<p>Njihovo priop\u0107enje u nastavku prenosimo u cijelosti.<\/p>\n\n\n\n<h3 class=\"wp-block-heading\"><strong>Priop\u0107enje povodom najave ukidanja mjere roditelj odgojitelj u Gradu Zagrebu<\/strong><\/h3>\n\n\n\n<p>Grad Zagreb je 5. studenoga otvorio savjetovanje sa zainteresiranom javno\u0161\u0107u o Nacrtu prijedloga Odluke o izmjenama Odluke o nov\u010danoj pomo\u0107i za roditelja odgojitelja. Kao \u0161to se mo\u017ee i\u0161\u010ditati iz prijedloga navedene Odluke, a \u0161to je na konferenciji za novinare potvrdila i zamjenica gradona\u010delnika Grada Zagreba&nbsp;<strong>Danijela Dolenec<\/strong>, mjera roditelj odgojitelj se ovime prakti\u010dki ukida, i to ne samo za potencijalne nove korisnike, ve\u0107 \u010dak i za postoje\u0107e.<\/p>\n\n\n\n<p>Udruga Obitelji 3plus smatra da je&nbsp;<strong>ovakav prijedlog Odluke potpuno neprihvatljiv<\/strong>. Ponovno isti\u010demo kako se ste\u010dena prava za postoje\u0107e korisnike mjere roditelj odgojitelj ne smiju umanjivati, a posebno ne oduzimati. Postoje\u0107i korisnici mjere roditelj odgojitelj donijeli su dugoro\u010dnu odluku kada je primjerice jedan od roditelja dao otkaz, potpuno se posvetio obitelji i odgoju djece, a cijela obitelj je tome prilagodila svoje financijske, kreditne, stambene i organizacijske obveze. Oduzimanje bilo kakvih ste\u010denih i ugovorom definiranih prava diskriminacija je svih postoje\u0107ih korisnika mjere roditelj odgojitelj.<\/p>\n\n\n\n<h6 class=\"wp-block-heading\"><strong>Udruga Obitelji 3plus u javnom savjetovanju Grada Zagreba o predmetnoj mjeri, koje je odr\u017eano u sije\u010dnju 2020. godine, iznijela je niz konkretnih prijedloga prilagodbe mjere roditelj odgojitelj za nove korisnike, s ciljem da mjera i dalje bude atraktivna budu\u0107im korisnicima, a istovremeno i odr\u017eiva za provedbu. Na\u0161i prijedlozi koje smo uputili u tom javnom savjetovanju dostupni su ovdje:&nbsp;<a href=\"https:\/\/obitelji3plus.hr\/2020\/01\/10\/priopcenje-povodom-otvaranja-savjetovanja-vezano-uz-mjeru-roditelj-odgojitelj-u-gradu-zagrebu\/\">https:\/\/obitelji3plus.hr\/2020\/01\/10\/priopcenje-povodom-otvaranja-savjetovanja-vezano-uz-mjeru-roditelj-odgojitelj-u-gradu-zagrebu\/<\/a>.<\/strong><\/h6>\n\n\n\n<p>Udruga Obitelji 3plus u vi\u0161e je navrata isticala potrebu da se mjera roditelj odgojitelj, kao najkonkretnija mjera demografske i obiteljske politike, implementira i na nacionalnoj razini, \u0161to u svojim nastupima \u010desto isti\u010du i vode\u0107i hrvatski demografski stru\u010dnjaci. U korist tome idu i podatci Dr\u017eavnog zavoda za statistiku iz kojih je vidljivo da je mjera roditelj odgojitelj u Gradu Zagrebu utjecala na to da su se majke u ve\u0107em postotku odlu\u010dile imati vi\u0161e od dvoje djece.<\/p>\n\n\n\n<p>Naposljetku, jedno od predizbornih obe\u0107anja Hrvatske demokratske zajednice jo\u0161 2016. godine (vidljivo u slu\u017ebenom izbornom programu \u201eVjerodostojno\u201c, str. 57) glasilo je: \u201eDonijet \u0107emo zakon o pravima i statusu roditelja \u2013 odgojitelja u obiteljima s \u010detvero i vi\u0161e djece\u201c.&nbsp;<strong>Koliko jo\u0161 trebamo \u010dekati na potez nadle\u017enog ministarstva i\/ili Vlade da se realizira ovo obe\u0107anje?<\/strong><\/p>\n\n\n\n<h3 class=\"wp-block-heading\"><strong>Krakta bilje\u0161ka o udruzi Obitelji 3plus<\/strong><\/h3>\n\n\n\n<p>Udruga Obitelji 3plus okuplja gotovo 1.500 obitelji u kojima \u017eivi preko 8.500 \u010dlanova tih obitelji (roditelja + djece). Svojim djelovanjem nastoji doprinositi stvaranju boljih uvjeta \u017eivota za obitelji u Hrvatskoj, a osobito onih s troje ili vi\u0161e djece, kako bi obitelji bile ishodi\u0161te zrelih pojedinaca i nositelji razvoja dru\u0161tva. To \u010dini kroz razne zagovorni\u010dke aktivnosti, ali i putem konkretnih projekata.<\/p>\n\n\n\n<p>Jedan od aktualnih projekata koji provodi je&nbsp;<strong>edukacija o digitalnoj pismenosti za djecu iz 3plus obitelji, pod nazivom \u201cJednake (digitalne) prilike za sve\u201d<\/strong>. Cilj ovog projekta je omogu\u0107iti da osnovno\u0161kolska djeca u Hrvatskoj imaju iste (digitalne) \u0161anse za \u0161kolski i \u017eivotni uspjeh. Vi\u0161e informacija dostupno je&nbsp;<a href=\"https:\/\/obitelji3plus.hr\/2020\/11\/10\/omogucujemo-jednake-digitalne-prilike-za-sve\/\">OVDJE<\/a>. Zna\u010dajan projekt Udruge je&nbsp;<strong>Obiteljska kartica<\/strong>, u okviru koje svim 3plus obiteljima koje su \u010dlanovi Udruge partneri projekta omogu\u0107uju povoljniju kupnju svojih proizvoda i\/ili usluga.&nbsp;<\/p>\n\n\n\n<p><em>Izvor: narod.hr<\/em><\/p>\n","protected":false},"excerpt":{"rendered":"<p>Udruga Obitelji 3plus izdala je priop\u0107enje nakon \u0161to je gradska vlast u Zagrebu obznanila ukidanje mjere roditelj-odgojitelj. Obitelji 3plus poru\u010duju da je takva odluka potpuno neprihvatljiva. Njihovo priop\u0107enje u nastavku prenosimo u cijelosti. Priop\u0107enje povodom najave ukidanja mjere roditelj odgojitelj u Gradu Zagrebu Grad Zagreb je 5. studenoga otvorio savjetovanje sa zainteresiranom javno\u0161\u0107u o Nacrtu [&hellip;]<\/p>\n","protected":false},"author":2,"featured_media":86238,"comment_status":"closed","ping_status":"closed","sticky":false,"template":"","format":"standard","meta":{"h5ap_radio_sources":[],"footnotes":""},"categories":[1],"tags":[],"class_list":["post-86237","post","type-post","status-publish","format-standard","has-post-thumbnail","hentry","category-bihiregija"],"yoast_head":"<!-- This site is optimized with the Yoast SEO plugin v27.5 - https:\/\/yoast.com\/product\/yoast-seo-wordpress\/ -->\n<title>Obitelji 3+: Potpuno je neprihvatljivo ukidanje mjere roditelj-odgojitelj za aktualne korisnike - RADIO LJUBU\u0160KI<\/title>\n<meta name=\"robots\" content=\"index, follow, max-snippet:-1, max-image-preview:large, max-video-preview:-1\" \/>\n<link rel=\"canonical\" href=\"https:\/\/radioljubuski.ba\/index.php\/2021\/11\/07\/obitelji-3-potpuno-je-neprihvatljivo-ukidanje-mjere-roditelj-odgojitelj-za-aktualne-korisnike\/\" \/>\n<meta property=\"og:locale\" content=\"hr_HR\" \/>\n<meta property=\"og:type\" content=\"article\" \/>\n<meta property=\"og:title\" content=\"Obitelji 3+: Potpuno je neprihvatljivo ukidanje mjere roditelj-odgojitelj za aktualne korisnike - RADIO LJUBU\u0160KI\" \/>\n<meta property=\"og:description\" content=\"Udruga Obitelji 3plus izdala je priop\u0107enje nakon \u0161to je gradska vlast u Zagrebu obznanila ukidanje mjere roditelj-odgojitelj. Obitelji 3plus poru\u010duju da je takva odluka potpuno neprihvatljiva. Njihovo priop\u0107enje u nastavku prenosimo u cijelosti. Priop\u0107enje povodom najave ukidanja mjere roditelj odgojitelj u Gradu Zagrebu Grad Zagreb je 5. studenoga otvorio savjetovanje sa zainteresiranom javno\u0161\u0107u o Nacrtu [&hellip;]\" \/>\n<meta property=\"og:url\" content=\"https:\/\/radioljubuski.ba\/index.php\/2021\/11\/07\/obitelji-3-potpuno-je-neprihvatljivo-ukidanje-mjere-roditelj-odgojitelj-za-aktualne-korisnike\/\" \/>\n<meta property=\"og:site_name\" content=\"RADIO LJUBU\u0160KI\" \/>\n<meta property=\"article:publisher\" content=\"https:\/\/www.facebook.com\/Radiio-Ljubuski-1490835324566332\" \/>\n<meta property=\"article:published_time\" content=\"2021-11-07T19:19:19+00:00\" \/>\n<meta property=\"article:modified_time\" content=\"2021-11-07T19:19:20+00:00\" \/>\n<meta property=\"og:image\" content=\"https:\/\/radioljubuski.ba\/wp-content\/uploads\/2021\/11\/malbasic-tomasevic-696x464-1.jpg\" \/>\n\t<meta property=\"og:image:width\" content=\"696\" \/>\n\t<meta property=\"og:image:height\" content=\"464\" \/>\n\t<meta property=\"og:image:type\" content=\"image\/jpeg\" \/>\n<meta name=\"author\" content=\"Radio Ljubu\u0161ki\" \/>\n<meta name=\"twitter:card\" content=\"summary_large_image\" \/>\n<meta name=\"twitter:creator\" content=\"@radioljubuski\" \/>\n<meta name=\"twitter:site\" content=\"@radioljubuski\" \/>\n<meta name=\"twitter:label1\" content=\"Napisao\/la\" \/>\n\t<meta name=\"twitter:data1\" content=\"Radio Ljubu\u0161ki\" \/>\n\t<meta name=\"twitter:label2\" content=\"Procijenjeno vrijeme \u010ditanja\" \/>\n\t<meta name=\"twitter:data2\" content=\"3 minute\" \/>\n<script type=\"application\/ld+json\" class=\"yoast-schema-graph\">{\"@context\":\"https:\\\/\\\/schema.org\",\"@graph\":[{\"@type\":\"Article\",\"@id\":\"https:\\\/\\\/radioljubuski.ba\\\/index.php\\\/2021\\\/11\\\/07\\\/obitelji-3-potpuno-je-neprihvatljivo-ukidanje-mjere-roditelj-odgojitelj-za-aktualne-korisnike\\\/#article\",\"isPartOf\":{\"@id\":\"https:\\\/\\\/radioljubuski.ba\\\/index.php\\\/2021\\\/11\\\/07\\\/obitelji-3-potpuno-je-neprihvatljivo-ukidanje-mjere-roditelj-odgojitelj-za-aktualne-korisnike\\\/\"},\"author\":{\"name\":\"Radio Ljubu\u0161ki\",\"@id\":\"https:\\\/\\\/radioljubuski.ba\\\/#\\\/schema\\\/person\\\/19fc700381a780f69665d7956c469e3b\"},\"headline\":\"Obitelji 3+: Potpuno je neprihvatljivo ukidanje mjere roditelj-odgojitelj za aktualne korisnike\",\"datePublished\":\"2021-11-07T19:19:19+00:00\",\"dateModified\":\"2021-11-07T19:19:20+00:00\",\"mainEntityOfPage\":{\"@id\":\"https:\\\/\\\/radioljubuski.ba\\\/index.php\\\/2021\\\/11\\\/07\\\/obitelji-3-potpuno-je-neprihvatljivo-ukidanje-mjere-roditelj-odgojitelj-za-aktualne-korisnike\\\/\"},\"wordCount\":584,\"publisher\":{\"@id\":\"https:\\\/\\\/radioljubuski.ba\\\/#organization\"},\"image\":{\"@id\":\"https:\\\/\\\/radioljubuski.ba\\\/index.php\\\/2021\\\/11\\\/07\\\/obitelji-3-potpuno-je-neprihvatljivo-ukidanje-mjere-roditelj-odgojitelj-za-aktualne-korisnike\\\/#primaryimage\"},\"thumbnailUrl\":\"https:\\\/\\\/radioljubuski.ba\\\/wp-content\\\/uploads\\\/2021\\\/11\\\/malbasic-tomasevic-696x464-1.jpg\",\"articleSection\":[\"BIH i regija\"],\"inLanguage\":\"hr\"},{\"@type\":\"WebPage\",\"@id\":\"https:\\\/\\\/radioljubuski.ba\\\/index.php\\\/2021\\\/11\\\/07\\\/obitelji-3-potpuno-je-neprihvatljivo-ukidanje-mjere-roditelj-odgojitelj-za-aktualne-korisnike\\\/\",\"url\":\"https:\\\/\\\/radioljubuski.ba\\\/index.php\\\/2021\\\/11\\\/07\\\/obitelji-3-potpuno-je-neprihvatljivo-ukidanje-mjere-roditelj-odgojitelj-za-aktualne-korisnike\\\/\",\"name\":\"Obitelji 3+: Potpuno je neprihvatljivo ukidanje mjere roditelj-odgojitelj za aktualne korisnike - RADIO LJUBU\u0160KI\",\"isPartOf\":{\"@id\":\"https:\\\/\\\/radioljubuski.ba\\\/#website\"},\"primaryImageOfPage\":{\"@id\":\"https:\\\/\\\/radioljubuski.ba\\\/index.php\\\/2021\\\/11\\\/07\\\/obitelji-3-potpuno-je-neprihvatljivo-ukidanje-mjere-roditelj-odgojitelj-za-aktualne-korisnike\\\/#primaryimage\"},\"image\":{\"@id\":\"https:\\\/\\\/radioljubuski.ba\\\/index.php\\\/2021\\\/11\\\/07\\\/obitelji-3-potpuno-je-neprihvatljivo-ukidanje-mjere-roditelj-odgojitelj-za-aktualne-korisnike\\\/#primaryimage\"},\"thumbnailUrl\":\"https:\\\/\\\/radioljubuski.ba\\\/wp-content\\\/uploads\\\/2021\\\/11\\\/malbasic-tomasevic-696x464-1.jpg\",\"datePublished\":\"2021-11-07T19:19:19+00:00\",\"dateModified\":\"2021-11-07T19:19:20+00:00\",\"breadcrumb\":{\"@id\":\"https:\\\/\\\/radioljubuski.ba\\\/index.php\\\/2021\\\/11\\\/07\\\/obitelji-3-potpuno-je-neprihvatljivo-ukidanje-mjere-roditelj-odgojitelj-za-aktualne-korisnike\\\/#breadcrumb\"},\"inLanguage\":\"hr\",\"potentialAction\":[{\"@type\":\"ReadAction\",\"target\":[\"https:\\\/\\\/radioljubuski.ba\\\/index.php\\\/2021\\\/11\\\/07\\\/obitelji-3-potpuno-je-neprihvatljivo-ukidanje-mjere-roditelj-odgojitelj-za-aktualne-korisnike\\\/\"]}]},{\"@type\":\"ImageObject\",\"inLanguage\":\"hr\",\"@id\":\"https:\\\/\\\/radioljubuski.ba\\\/index.php\\\/2021\\\/11\\\/07\\\/obitelji-3-potpuno-je-neprihvatljivo-ukidanje-mjere-roditelj-odgojitelj-za-aktualne-korisnike\\\/#primaryimage\",\"url\":\"https:\\\/\\\/radioljubuski.ba\\\/wp-content\\\/uploads\\\/2021\\\/11\\\/malbasic-tomasevic-696x464-1.jpg\",\"contentUrl\":\"https:\\\/\\\/radioljubuski.ba\\\/wp-content\\\/uploads\\\/2021\\\/11\\\/malbasic-tomasevic-696x464-1.jpg\",\"width\":696,\"height\":464},{\"@type\":\"BreadcrumbList\",\"@id\":\"https:\\\/\\\/radioljubuski.ba\\\/index.php\\\/2021\\\/11\\\/07\\\/obitelji-3-potpuno-je-neprihvatljivo-ukidanje-mjere-roditelj-odgojitelj-za-aktualne-korisnike\\\/#breadcrumb\",\"itemListElement\":[{\"@type\":\"ListItem\",\"position\":1,\"name\":\"Po\u010detna stranica\",\"item\":\"https:\\\/\\\/radioljubuski.ba\\\/\"},{\"@type\":\"ListItem\",\"position\":2,\"name\":\"Obitelji 3+: Potpuno je neprihvatljivo ukidanje mjere roditelj-odgojitelj za aktualne korisnike\"}]},{\"@type\":\"WebSite\",\"@id\":\"https:\\\/\\\/radioljubuski.ba\\\/#website\",\"url\":\"https:\\\/\\\/radioljubuski.ba\\\/\",\"name\":\"Radio Ljubu\u0161ki\",\"description\":\"Sun\u010dana frekvencija Hercegovine\",\"publisher\":{\"@id\":\"https:\\\/\\\/radioljubuski.ba\\\/#organization\"},\"potentialAction\":[{\"@type\":\"SearchAction\",\"target\":{\"@type\":\"EntryPoint\",\"urlTemplate\":\"https:\\\/\\\/radioljubuski.ba\\\/?s={search_term_string}\"},\"query-input\":{\"@type\":\"PropertyValueSpecification\",\"valueRequired\":true,\"valueName\":\"search_term_string\"}}],\"inLanguage\":\"hr\"},{\"@type\":\"Organization\",\"@id\":\"https:\\\/\\\/radioljubuski.ba\\\/#organization\",\"name\":\"Radio Ljubu\u0161ki\",\"url\":\"https:\\\/\\\/radioljubuski.ba\\\/\",\"logo\":{\"@type\":\"ImageObject\",\"inLanguage\":\"hr\",\"@id\":\"https:\\\/\\\/radioljubuski.ba\\\/#\\\/schema\\\/logo\\\/image\\\/\",\"url\":\"https:\\\/\\\/radioljubuski.ba\\\/wp-content\\\/uploads\\\/2021\\\/02\\\/cropped-Radio_Ljubuski_logo1.jpg\",\"contentUrl\":\"https:\\\/\\\/radioljubuski.ba\\\/wp-content\\\/uploads\\\/2021\\\/02\\\/cropped-Radio_Ljubuski_logo1.jpg\",\"width\":512,\"height\":512,\"caption\":\"Radio Ljubu\u0161ki\"},\"image\":{\"@id\":\"https:\\\/\\\/radioljubuski.ba\\\/#\\\/schema\\\/logo\\\/image\\\/\"},\"sameAs\":[\"https:\\\/\\\/www.facebook.com\\\/Radiio-Ljubuski-1490835324566332\",\"https:\\\/\\\/x.com\\\/radioljubuski\",\"https:\\\/\\\/hr.linkedin.com\\\/company\\\/radio-ljubuski\",\"https:\\\/\\\/www.youtube.com\\\/channel\\\/UCHYaeO_n0Db3tjNGudGpXyw\"]},{\"@type\":\"Person\",\"@id\":\"https:\\\/\\\/radioljubuski.ba\\\/#\\\/schema\\\/person\\\/19fc700381a780f69665d7956c469e3b\",\"name\":\"Radio Ljubu\u0161ki\"}]}<\/script>\n<!-- \/ Yoast SEO plugin. -->","yoast_head_json":{"title":"Obitelji 3+: Potpuno je neprihvatljivo ukidanje mjere roditelj-odgojitelj za aktualne korisnike - RADIO LJUBU\u0160KI","robots":{"index":"index","follow":"follow","max-snippet":"max-snippet:-1","max-image-preview":"max-image-preview:large","max-video-preview":"max-video-preview:-1"},"canonical":"https:\/\/radioljubuski.ba\/index.php\/2021\/11\/07\/obitelji-3-potpuno-je-neprihvatljivo-ukidanje-mjere-roditelj-odgojitelj-za-aktualne-korisnike\/","og_locale":"hr_HR","og_type":"article","og_title":"Obitelji 3+: Potpuno je neprihvatljivo ukidanje mjere roditelj-odgojitelj za aktualne korisnike - RADIO LJUBU\u0160KI","og_description":"Udruga Obitelji 3plus izdala je priop\u0107enje nakon \u0161to je gradska vlast u Zagrebu obznanila ukidanje mjere roditelj-odgojitelj. Obitelji 3plus poru\u010duju da je takva odluka potpuno neprihvatljiva. Njihovo priop\u0107enje u nastavku prenosimo u cijelosti. Priop\u0107enje povodom najave ukidanja mjere roditelj odgojitelj u Gradu Zagrebu Grad Zagreb je 5. studenoga otvorio savjetovanje sa zainteresiranom javno\u0161\u0107u o Nacrtu [&hellip;]","og_url":"https:\/\/radioljubuski.ba\/index.php\/2021\/11\/07\/obitelji-3-potpuno-je-neprihvatljivo-ukidanje-mjere-roditelj-odgojitelj-za-aktualne-korisnike\/","og_site_name":"RADIO LJUBU\u0160KI","article_publisher":"https:\/\/www.facebook.com\/Radiio-Ljubuski-1490835324566332","article_published_time":"2021-11-07T19:19:19+00:00","article_modified_time":"2021-11-07T19:19:20+00:00","og_image":[{"width":696,"height":464,"url":"https:\/\/radioljubuski.ba\/wp-content\/uploads\/2021\/11\/malbasic-tomasevic-696x464-1.jpg","type":"image\/jpeg"}],"author":"Radio Ljubu\u0161ki","twitter_card":"summary_large_image","twitter_creator":"@radioljubuski","twitter_site":"@radioljubuski","twitter_misc":{"Napisao\/la":"Radio Ljubu\u0161ki","Procijenjeno vrijeme \u010ditanja":"3 minute"},"schema":{"@context":"https:\/\/schema.org","@graph":[{"@type":"Article","@id":"https:\/\/radioljubuski.ba\/index.php\/2021\/11\/07\/obitelji-3-potpuno-je-neprihvatljivo-ukidanje-mjere-roditelj-odgojitelj-za-aktualne-korisnike\/#article","isPartOf":{"@id":"https:\/\/radioljubuski.ba\/index.php\/2021\/11\/07\/obitelji-3-potpuno-je-neprihvatljivo-ukidanje-mjere-roditelj-odgojitelj-za-aktualne-korisnike\/"},"author":{"name":"Radio Ljubu\u0161ki","@id":"https:\/\/radioljubuski.ba\/#\/schema\/person\/19fc700381a780f69665d7956c469e3b"},"headline":"Obitelji 3+: Potpuno je neprihvatljivo ukidanje mjere roditelj-odgojitelj za aktualne korisnike","datePublished":"2021-11-07T19:19:19+00:00","dateModified":"2021-11-07T19:19:20+00:00","mainEntityOfPage":{"@id":"https:\/\/radioljubuski.ba\/index.php\/2021\/11\/07\/obitelji-3-potpuno-je-neprihvatljivo-ukidanje-mjere-roditelj-odgojitelj-za-aktualne-korisnike\/"},"wordCount":584,"publisher":{"@id":"https:\/\/radioljubuski.ba\/#organization"},"image":{"@id":"https:\/\/radioljubuski.ba\/index.php\/2021\/11\/07\/obitelji-3-potpuno-je-neprihvatljivo-ukidanje-mjere-roditelj-odgojitelj-za-aktualne-korisnike\/#primaryimage"},"thumbnailUrl":"https:\/\/radioljubuski.ba\/wp-content\/uploads\/2021\/11\/malbasic-tomasevic-696x464-1.jpg","articleSection":["BIH i regija"],"inLanguage":"hr"},{"@type":"WebPage","@id":"https:\/\/radioljubuski.ba\/index.php\/2021\/11\/07\/obitelji-3-potpuno-je-neprihvatljivo-ukidanje-mjere-roditelj-odgojitelj-za-aktualne-korisnike\/","url":"https:\/\/radioljubuski.ba\/index.php\/2021\/11\/07\/obitelji-3-potpuno-je-neprihvatljivo-ukidanje-mjere-roditelj-odgojitelj-za-aktualne-korisnike\/","name":"Obitelji 3+: Potpuno je neprihvatljivo ukidanje mjere roditelj-odgojitelj za aktualne korisnike - RADIO LJUBU\u0160KI","isPartOf":{"@id":"https:\/\/radioljubuski.ba\/#website"},"primaryImageOfPage":{"@id":"https:\/\/radioljubuski.ba\/index.php\/2021\/11\/07\/obitelji-3-potpuno-je-neprihvatljivo-ukidanje-mjere-roditelj-odgojitelj-za-aktualne-korisnike\/#primaryimage"},"image":{"@id":"https:\/\/radioljubuski.ba\/index.php\/2021\/11\/07\/obitelji-3-potpuno-je-neprihvatljivo-ukidanje-mjere-roditelj-odgojitelj-za-aktualne-korisnike\/#primaryimage"},"thumbnailUrl":"https:\/\/radioljubuski.ba\/wp-content\/uploads\/2021\/11\/malbasic-tomasevic-696x464-1.jpg","datePublished":"2021-11-07T19:19:19+00:00","dateModified":"2021-11-07T19:19:20+00:00","breadcrumb":{"@id":"https:\/\/radioljubuski.ba\/index.php\/2021\/11\/07\/obitelji-3-potpuno-je-neprihvatljivo-ukidanje-mjere-roditelj-odgojitelj-za-aktualne-korisnike\/#breadcrumb"},"inLanguage":"hr","potentialAction":[{"@type":"ReadAction","target":["https:\/\/radioljubuski.ba\/index.php\/2021\/11\/07\/obitelji-3-potpuno-je-neprihvatljivo-ukidanje-mjere-roditelj-odgojitelj-za-aktualne-korisnike\/"]}]},{"@type":"ImageObject","inLanguage":"hr","@id":"https:\/\/radioljubuski.ba\/index.php\/2021\/11\/07\/obitelji-3-potpuno-je-neprihvatljivo-ukidanje-mjere-roditelj-odgojitelj-za-aktualne-korisnike\/#primaryimage","url":"https:\/\/radioljubuski.ba\/wp-content\/uploads\/2021\/11\/malbasic-tomasevic-696x464-1.jpg","contentUrl":"https:\/\/radioljubuski.ba\/wp-content\/uploads\/2021\/11\/malbasic-tomasevic-696x464-1.jpg","width":696,"height":464},{"@type":"BreadcrumbList","@id":"https:\/\/radioljubuski.ba\/index.php\/2021\/11\/07\/obitelji-3-potpuno-je-neprihvatljivo-ukidanje-mjere-roditelj-odgojitelj-za-aktualne-korisnike\/#breadcrumb","itemListElement":[{"@type":"ListItem","position":1,"name":"Po\u010detna stranica","item":"https:\/\/radioljubuski.ba\/"},{"@type":"ListItem","position":2,"name":"Obitelji 3+: Potpuno je neprihvatljivo ukidanje mjere roditelj-odgojitelj za aktualne korisnike"}]},{"@type":"WebSite","@id":"https:\/\/radioljubuski.ba\/#website","url":"https:\/\/radioljubuski.ba\/","name":"Radio Ljubu\u0161ki","description":"Sun\u010dana frekvencija Hercegovine","publisher":{"@id":"https:\/\/radioljubuski.ba\/#organization"},"potentialAction":[{"@type":"SearchAction","target":{"@type":"EntryPoint","urlTemplate":"https:\/\/radioljubuski.ba\/?s={search_term_string}"},"query-input":{"@type":"PropertyValueSpecification","valueRequired":true,"valueName":"search_term_string"}}],"inLanguage":"hr"},{"@type":"Organization","@id":"https:\/\/radioljubuski.ba\/#organization","name":"Radio Ljubu\u0161ki","url":"https:\/\/radioljubuski.ba\/","logo":{"@type":"ImageObject","inLanguage":"hr","@id":"https:\/\/radioljubuski.ba\/#\/schema\/logo\/image\/","url":"https:\/\/radioljubuski.ba\/wp-content\/uploads\/2021\/02\/cropped-Radio_Ljubuski_logo1.jpg","contentUrl":"https:\/\/radioljubuski.ba\/wp-content\/uploads\/2021\/02\/cropped-Radio_Ljubuski_logo1.jpg","width":512,"height":512,"caption":"Radio Ljubu\u0161ki"},"image":{"@id":"https:\/\/radioljubuski.ba\/#\/schema\/logo\/image\/"},"sameAs":["https:\/\/www.facebook.com\/Radiio-Ljubuski-1490835324566332","https:\/\/x.com\/radioljubuski","https:\/\/hr.linkedin.com\/company\/radio-ljubuski","https:\/\/www.youtube.com\/channel\/UCHYaeO_n0Db3tjNGudGpXyw"]},{"@type":"Person","@id":"https:\/\/radioljubuski.ba\/#\/schema\/person\/19fc700381a780f69665d7956c469e3b","name":"Radio Ljubu\u0161ki"}]}},"_links":{"self":[{"href":"https:\/\/radioljubuski.ba\/index.php\/wp-json\/wp\/v2\/posts\/86237","targetHints":{"allow":["GET"]}}],"collection":[{"href":"https:\/\/radioljubuski.ba\/index.php\/wp-json\/wp\/v2\/posts"}],"about":[{"href":"https:\/\/radioljubuski.ba\/index.php\/wp-json\/wp\/v2\/types\/post"}],"author":[{"embeddable":true,"href":"https:\/\/radioljubuski.ba\/index.php\/wp-json\/wp\/v2\/users\/2"}],"replies":[{"embeddable":true,"href":"https:\/\/radioljubuski.ba\/index.php\/wp-json\/wp\/v2\/comments?post=86237"}],"version-history":[{"count":1,"href":"https:\/\/radioljubuski.ba\/index.php\/wp-json\/wp\/v2\/posts\/86237\/revisions"}],"predecessor-version":[{"id":86239,"href":"https:\/\/radioljubuski.ba\/index.php\/wp-json\/wp\/v2\/posts\/86237\/revisions\/86239"}],"wp:featuredmedia":[{"embeddable":true,"href":"https:\/\/radioljubuski.ba\/index.php\/wp-json\/wp\/v2\/media\/86238"}],"wp:attachment":[{"href":"https:\/\/radioljubuski.ba\/index.php\/wp-json\/wp\/v2\/media?parent=86237"}],"wp:term":[{"taxonomy":"category","embeddable":true,"href":"https:\/\/radioljubuski.ba\/index.php\/wp-json\/wp\/v2\/categories?post=86237"},{"taxonomy":"post_tag","embeddable":true,"href":"https:\/\/radioljubuski.ba\/index.php\/wp-json\/wp\/v2\/tags?post=86237"}],"curies":[{"name":"wp","href":"https:\/\/api.w.org\/{rel}","templated":true}]}}