{"id":86240,"date":"2021-11-07T20:20:38","date_gmt":"2021-11-07T19:20:38","guid":{"rendered":"https:\/\/radioljubuski.ba\/?p=86240"},"modified":"2021-11-07T20:20:39","modified_gmt":"2021-11-07T19:20:39","slug":"domovinski-pokret-odluke-stozera-nikako-ne-mogu-biti-iznad-hrvatskih-zakona-i-ustava","status":"publish","type":"post","link":"https:\/\/radioljubuski.ba\/index.php\/2021\/11\/07\/domovinski-pokret-odluke-stozera-nikako-ne-mogu-biti-iznad-hrvatskih-zakona-i-ustava\/","title":{"rendered":"Domovinski pokret: Odluke Sto\u017eera nikako ne mogu biti iznad hrvatskih zakona i Ustava"},"content":{"rendered":"\n<p>\u201cOdluke nacionalnog sto\u017eera nikako ne mogu biti iznad hrvatskih zakona, a posebno ne Ustava. Nikakav sto\u017eer sebi ne mo\u017ee uzeti za pravo poni\u0161titi volju gra\u0111ana iskazanu na izborima. O tome, tko mo\u017ee biti zastupnik u Hrvatskom saboru i predstavljati bira\u010de, ne mo\u017ee odlu\u010divati&nbsp;<em>ad hoc<\/em>&nbsp;postavljeno paradr\u017eavno tijelo.\u201d \u2013 poru\u010dili su danas iz Domovinskog pokreta nakon \u0161to je Sto\u017eer civilne za\u0161tite uveo obavezu Covid potvrda u dr\u017eavnim slu\u017ebama, pa tako i u Saboru.<\/p>\n\n\n\n<p>Priop\u0107enje Domovinskog pokreta u nastavku prenosimo u cijelosti.<\/p>\n\n\n\n<p><strong>\u201cUstav ka\u017ee da vlast proizlazi iz naroda, a ne iz Sto\u017eera\u201d<\/strong><\/p>\n\n\n\n<p>\u201cNajavu nasilnog uvo\u0111enja tzv. Covid potvrda i testiranja u Hrvatski sabor, od strane paradr\u017eavnog tijela nazvanog Sto\u017eer, Domovinski pokret smatra poni\u0161tenjem volje naroda iskazane na izborima i do sada najopasnijim zadiranjem u osnovne ljudske i politi\u010dke slobode, gra\u0111anska prava i najzna\u010dajnije vrijednosti hrvatske parlamentarne demokracije.<\/p>\n\n\n\n<p>Odluke nacionalnog sto\u017eera nikako ne mogu biti iznad hrvatskih zakona, a posebno ne Ustava. Nikakav sto\u017eer sebi ne mo\u017ee uzeti za pravo poni\u0161titi volju gra\u0111ana iskazanu na izborima. O tome, tko mo\u017ee biti zastupnik u Hrvatskom saboru i predstavljati bira\u010de, ne mo\u017ee odlu\u010divati&nbsp;<em>ad hoc<\/em>&nbsp;postavljeno paradr\u017eavno tijelo. U Republici Hrvatskoj o ulasku u Sabor, jo\u0161 uvijek odlu\u010duju glasovi bira\u010da, a ne dvije ili tri doze nekog cjepiva!<\/p>\n\n\n\n<h3 class=\"wp-block-heading\"><strong>Opasan presedan<\/strong><\/h3>\n\n\n\n<p>Osim \u0161to upozoravamo na opasan presedan koji se najavljuje za 15. studenog ove godine, slu\u010dajno ili ne \u2013 ba\u0161 tri dana pred povijesnu vukovarsku obljetnicu, Domovinski pokret ovim putem osu\u0111uje i svaki oblik segregacije na\u0161ih gra\u0111ana, po bilo kojoj osnovi.&nbsp;<strong>Gra\u0111ani moraju imati pravo na izbor<\/strong>, bez obzira na to je li netko cijepljen ili ne, svi moraju biti svjesni \u0161to nam se trenuta\u010dno doga\u0111a.<\/p>\n\n\n\n<p>Unato\u010d medijskoj buci i cenzuri,&nbsp;<strong>nepobitna je \u010dinjenica da virus \u0161ire i cijepljeni i necijepljeni<\/strong>. Dakle, to ne mo\u017ee biti argument kojim Sto\u017eer nastoji poni\u0161titi volju gra\u0111ana. Mi nismo be\u0161\u0107utni i neodgovorni, kako nam se implicira i duboko smo zabrinuti za najranjivije me\u0111u nama, pa nas upravo to obvezuje da s krajnjom ozbiljno\u0161\u0107u razmotrimo rezultate najnovijih, relevantnih istra\u017eivanja, koja dovode u pitanje efikasnost cjepiva, a to potvr\u0111uju i brojke novozara\u017eenih. Ne tvrdimo da cjepivo poma\u017ee ili ne, ali za\u0161to oni koji ga prisilno name\u0107u, nisu spremni osobno i vlastoru\u010dnim potpisom, prihvatiti odgovornost u slu\u010daju mo\u017eebitnih nuspojava?<\/p>\n\n\n\n<h3 class=\"wp-block-heading\"><strong>\u201cKraljevstvo kraljevstvu ne propisuje zakone\u201d<\/strong><\/h3>\n\n\n\n<p>Sto\u017eer nije tijelo koje mo\u017ee djelovati iznad Hrvatskog sabora. \u2018Regnum regno non praescribit leges\u2019; Kraljevstvo kraljevstvu ne propisuje zakone \u2013 izgovorio je prije 230 godina u Budimu, hrvatski ban Ivan Erd\u0151dy. Na\u0161 Sabor tada se odlu\u010dno usprotivio carskom apsolutizmu, a danas se, jednako odlu\u010dno, moramo oduprijeti globalizmu i paradr\u017eavnim tijelima koja se postavljaju iznad Sabora.<\/p>\n\n\n\n<p>Od predsjednika dr\u017eave, crkvenih velikodostojnika i svih saborskih zastupnika, bez obzira na svjetonazor i ideolo\u0161ke podjele, o\u010dekujemo da se suprotstave nasilnom aktu koji nam se sprema.&nbsp;<strong>Oni koji padnu na tom ispitu, moraju biti svjesni da time snose svoj dio povijesne odgovornosti u poni\u0161tenju temeljnih vrijednosti na kojima je uspostavljena moderna i demokratska Hrvatska<\/strong>. Sto\u017eer sutra i njima mo\u017ee zabraniti ulazak na Pantov\u010dak ili Kaptol, a&nbsp;<strong>ako padne Hrvatski sabor, past \u0107e i sve druge nacionalne institucije<\/strong>.<\/p>\n\n\n\n<p>Sila Boga ne moli, ali Bog silu ne voli!<\/p>\n\n\n\n<p><em>Izvor: narod.hr<\/em><\/p>\n","protected":false},"excerpt":{"rendered":"<p>\u201cOdluke nacionalnog sto\u017eera nikako ne mogu biti iznad hrvatskih zakona, a posebno ne Ustava. Nikakav sto\u017eer sebi ne mo\u017ee uzeti za pravo poni\u0161titi volju gra\u0111ana iskazanu na izborima. O tome, tko mo\u017ee biti zastupnik u Hrvatskom saboru i predstavljati bira\u010de, ne mo\u017ee odlu\u010divati&nbsp;ad hoc&nbsp;postavljeno paradr\u017eavno tijelo.\u201d \u2013 poru\u010dili su danas iz Domovinskog pokreta nakon \u0161to [&hellip;]<\/p>\n","protected":false},"author":2,"featured_media":86241,"comment_status":"closed","ping_status":"closed","sticky":false,"template":"","format":"standard","meta":{"h5ap_radio_sources":[],"footnotes":""},"categories":[1],"tags":[],"class_list":["post-86240","post","type-post","status-publish","format-standard","has-post-thumbnail","hentry","category-bihiregija"],"yoast_head":"<!-- This site is optimized with the Yoast SEO plugin v27.5 - https:\/\/yoast.com\/product\/yoast-seo-wordpress\/ -->\n<title>Domovinski pokret: Odluke Sto\u017eera nikako ne mogu biti iznad hrvatskih zakona i Ustava - RADIO LJUBU\u0160KI<\/title>\n<meta name=\"robots\" content=\"index, follow, max-snippet:-1, max-image-preview:large, max-video-preview:-1\" \/>\n<link rel=\"canonical\" href=\"https:\/\/radioljubuski.ba\/index.php\/2021\/11\/07\/domovinski-pokret-odluke-stozera-nikako-ne-mogu-biti-iznad-hrvatskih-zakona-i-ustava\/\" \/>\n<meta property=\"og:locale\" content=\"hr_HR\" \/>\n<meta property=\"og:type\" content=\"article\" \/>\n<meta property=\"og:title\" content=\"Domovinski pokret: Odluke Sto\u017eera nikako ne mogu biti iznad hrvatskih zakona i Ustava - RADIO LJUBU\u0160KI\" \/>\n<meta property=\"og:description\" content=\"\u201cOdluke nacionalnog sto\u017eera nikako ne mogu biti iznad hrvatskih zakona, a posebno ne Ustava. Nikakav sto\u017eer sebi ne mo\u017ee uzeti za pravo poni\u0161titi volju gra\u0111ana iskazanu na izborima. O tome, tko mo\u017ee biti zastupnik u Hrvatskom saboru i predstavljati bira\u010de, ne mo\u017ee odlu\u010divati&nbsp;ad hoc&nbsp;postavljeno paradr\u017eavno tijelo.\u201d \u2013 poru\u010dili su danas iz Domovinskog pokreta nakon \u0161to [&hellip;]\" \/>\n<meta property=\"og:url\" content=\"https:\/\/radioljubuski.ba\/index.php\/2021\/11\/07\/domovinski-pokret-odluke-stozera-nikako-ne-mogu-biti-iznad-hrvatskih-zakona-i-ustava\/\" \/>\n<meta property=\"og:site_name\" content=\"RADIO LJUBU\u0160KI\" \/>\n<meta property=\"article:publisher\" content=\"https:\/\/www.facebook.com\/Radiio-Ljubuski-1490835324566332\" \/>\n<meta property=\"article:published_time\" content=\"2021-11-07T19:20:38+00:00\" \/>\n<meta property=\"article:modified_time\" content=\"2021-11-07T19:20:39+00:00\" \/>\n<meta property=\"og:image\" content=\"https:\/\/radioljubuski.ba\/wp-content\/uploads\/2021\/11\/ivan-penava-domovinski-pokret-696x488-1.jpg\" \/>\n\t<meta property=\"og:image:width\" content=\"696\" \/>\n\t<meta property=\"og:image:height\" content=\"488\" \/>\n\t<meta property=\"og:image:type\" content=\"image\/jpeg\" \/>\n<meta name=\"author\" content=\"Radio Ljubu\u0161ki\" \/>\n<meta name=\"twitter:card\" content=\"summary_large_image\" \/>\n<meta name=\"twitter:creator\" content=\"@radioljubuski\" \/>\n<meta name=\"twitter:site\" content=\"@radioljubuski\" \/>\n<meta name=\"twitter:label1\" content=\"Napisao\/la\" \/>\n\t<meta name=\"twitter:data1\" content=\"Radio Ljubu\u0161ki\" \/>\n\t<meta name=\"twitter:label2\" content=\"Procijenjeno vrijeme \u010ditanja\" \/>\n\t<meta name=\"twitter:data2\" content=\"3 minute\" \/>\n<script type=\"application\/ld+json\" class=\"yoast-schema-graph\">{\"@context\":\"https:\\\/\\\/schema.org\",\"@graph\":[{\"@type\":\"Article\",\"@id\":\"https:\\\/\\\/radioljubuski.ba\\\/index.php\\\/2021\\\/11\\\/07\\\/domovinski-pokret-odluke-stozera-nikako-ne-mogu-biti-iznad-hrvatskih-zakona-i-ustava\\\/#article\",\"isPartOf\":{\"@id\":\"https:\\\/\\\/radioljubuski.ba\\\/index.php\\\/2021\\\/11\\\/07\\\/domovinski-pokret-odluke-stozera-nikako-ne-mogu-biti-iznad-hrvatskih-zakona-i-ustava\\\/\"},\"author\":{\"name\":\"Radio Ljubu\u0161ki\",\"@id\":\"https:\\\/\\\/radioljubuski.ba\\\/#\\\/schema\\\/person\\\/19fc700381a780f69665d7956c469e3b\"},\"headline\":\"Domovinski pokret: Odluke Sto\u017eera nikako ne mogu biti iznad hrvatskih zakona i Ustava\",\"datePublished\":\"2021-11-07T19:20:38+00:00\",\"dateModified\":\"2021-11-07T19:20:39+00:00\",\"mainEntityOfPage\":{\"@id\":\"https:\\\/\\\/radioljubuski.ba\\\/index.php\\\/2021\\\/11\\\/07\\\/domovinski-pokret-odluke-stozera-nikako-ne-mogu-biti-iznad-hrvatskih-zakona-i-ustava\\\/\"},\"wordCount\":607,\"publisher\":{\"@id\":\"https:\\\/\\\/radioljubuski.ba\\\/#organization\"},\"image\":{\"@id\":\"https:\\\/\\\/radioljubuski.ba\\\/index.php\\\/2021\\\/11\\\/07\\\/domovinski-pokret-odluke-stozera-nikako-ne-mogu-biti-iznad-hrvatskih-zakona-i-ustava\\\/#primaryimage\"},\"thumbnailUrl\":\"https:\\\/\\\/radioljubuski.ba\\\/wp-content\\\/uploads\\\/2021\\\/11\\\/ivan-penava-domovinski-pokret-696x488-1.jpg\",\"articleSection\":[\"BIH i regija\"],\"inLanguage\":\"hr\"},{\"@type\":\"WebPage\",\"@id\":\"https:\\\/\\\/radioljubuski.ba\\\/index.php\\\/2021\\\/11\\\/07\\\/domovinski-pokret-odluke-stozera-nikako-ne-mogu-biti-iznad-hrvatskih-zakona-i-ustava\\\/\",\"url\":\"https:\\\/\\\/radioljubuski.ba\\\/index.php\\\/2021\\\/11\\\/07\\\/domovinski-pokret-odluke-stozera-nikako-ne-mogu-biti-iznad-hrvatskih-zakona-i-ustava\\\/\",\"name\":\"Domovinski pokret: Odluke Sto\u017eera nikako ne mogu biti iznad hrvatskih zakona i Ustava - RADIO LJUBU\u0160KI\",\"isPartOf\":{\"@id\":\"https:\\\/\\\/radioljubuski.ba\\\/#website\"},\"primaryImageOfPage\":{\"@id\":\"https:\\\/\\\/radioljubuski.ba\\\/index.php\\\/2021\\\/11\\\/07\\\/domovinski-pokret-odluke-stozera-nikako-ne-mogu-biti-iznad-hrvatskih-zakona-i-ustava\\\/#primaryimage\"},\"image\":{\"@id\":\"https:\\\/\\\/radioljubuski.ba\\\/index.php\\\/2021\\\/11\\\/07\\\/domovinski-pokret-odluke-stozera-nikako-ne-mogu-biti-iznad-hrvatskih-zakona-i-ustava\\\/#primaryimage\"},\"thumbnailUrl\":\"https:\\\/\\\/radioljubuski.ba\\\/wp-content\\\/uploads\\\/2021\\\/11\\\/ivan-penava-domovinski-pokret-696x488-1.jpg\",\"datePublished\":\"2021-11-07T19:20:38+00:00\",\"dateModified\":\"2021-11-07T19:20:39+00:00\",\"breadcrumb\":{\"@id\":\"https:\\\/\\\/radioljubuski.ba\\\/index.php\\\/2021\\\/11\\\/07\\\/domovinski-pokret-odluke-stozera-nikako-ne-mogu-biti-iznad-hrvatskih-zakona-i-ustava\\\/#breadcrumb\"},\"inLanguage\":\"hr\",\"potentialAction\":[{\"@type\":\"ReadAction\",\"target\":[\"https:\\\/\\\/radioljubuski.ba\\\/index.php\\\/2021\\\/11\\\/07\\\/domovinski-pokret-odluke-stozera-nikako-ne-mogu-biti-iznad-hrvatskih-zakona-i-ustava\\\/\"]}]},{\"@type\":\"ImageObject\",\"inLanguage\":\"hr\",\"@id\":\"https:\\\/\\\/radioljubuski.ba\\\/index.php\\\/2021\\\/11\\\/07\\\/domovinski-pokret-odluke-stozera-nikako-ne-mogu-biti-iznad-hrvatskih-zakona-i-ustava\\\/#primaryimage\",\"url\":\"https:\\\/\\\/radioljubuski.ba\\\/wp-content\\\/uploads\\\/2021\\\/11\\\/ivan-penava-domovinski-pokret-696x488-1.jpg\",\"contentUrl\":\"https:\\\/\\\/radioljubuski.ba\\\/wp-content\\\/uploads\\\/2021\\\/11\\\/ivan-penava-domovinski-pokret-696x488-1.jpg\",\"width\":696,\"height\":488},{\"@type\":\"BreadcrumbList\",\"@id\":\"https:\\\/\\\/radioljubuski.ba\\\/index.php\\\/2021\\\/11\\\/07\\\/domovinski-pokret-odluke-stozera-nikako-ne-mogu-biti-iznad-hrvatskih-zakona-i-ustava\\\/#breadcrumb\",\"itemListElement\":[{\"@type\":\"ListItem\",\"position\":1,\"name\":\"Po\u010detna stranica\",\"item\":\"https:\\\/\\\/radioljubuski.ba\\\/\"},{\"@type\":\"ListItem\",\"position\":2,\"name\":\"Domovinski pokret: Odluke Sto\u017eera nikako ne mogu biti iznad hrvatskih zakona i Ustava\"}]},{\"@type\":\"WebSite\",\"@id\":\"https:\\\/\\\/radioljubuski.ba\\\/#website\",\"url\":\"https:\\\/\\\/radioljubuski.ba\\\/\",\"name\":\"Radio Ljubu\u0161ki\",\"description\":\"Sun\u010dana frekvencija Hercegovine\",\"publisher\":{\"@id\":\"https:\\\/\\\/radioljubuski.ba\\\/#organization\"},\"potentialAction\":[{\"@type\":\"SearchAction\",\"target\":{\"@type\":\"EntryPoint\",\"urlTemplate\":\"https:\\\/\\\/radioljubuski.ba\\\/?s={search_term_string}\"},\"query-input\":{\"@type\":\"PropertyValueSpecification\",\"valueRequired\":true,\"valueName\":\"search_term_string\"}}],\"inLanguage\":\"hr\"},{\"@type\":\"Organization\",\"@id\":\"https:\\\/\\\/radioljubuski.ba\\\/#organization\",\"name\":\"Radio Ljubu\u0161ki\",\"url\":\"https:\\\/\\\/radioljubuski.ba\\\/\",\"logo\":{\"@type\":\"ImageObject\",\"inLanguage\":\"hr\",\"@id\":\"https:\\\/\\\/radioljubuski.ba\\\/#\\\/schema\\\/logo\\\/image\\\/\",\"url\":\"https:\\\/\\\/radioljubuski.ba\\\/wp-content\\\/uploads\\\/2021\\\/02\\\/cropped-Radio_Ljubuski_logo1.jpg\",\"contentUrl\":\"https:\\\/\\\/radioljubuski.ba\\\/wp-content\\\/uploads\\\/2021\\\/02\\\/cropped-Radio_Ljubuski_logo1.jpg\",\"width\":512,\"height\":512,\"caption\":\"Radio Ljubu\u0161ki\"},\"image\":{\"@id\":\"https:\\\/\\\/radioljubuski.ba\\\/#\\\/schema\\\/logo\\\/image\\\/\"},\"sameAs\":[\"https:\\\/\\\/www.facebook.com\\\/Radiio-Ljubuski-1490835324566332\",\"https:\\\/\\\/x.com\\\/radioljubuski\",\"https:\\\/\\\/hr.linkedin.com\\\/company\\\/radio-ljubuski\",\"https:\\\/\\\/www.youtube.com\\\/channel\\\/UCHYaeO_n0Db3tjNGudGpXyw\"]},{\"@type\":\"Person\",\"@id\":\"https:\\\/\\\/radioljubuski.ba\\\/#\\\/schema\\\/person\\\/19fc700381a780f69665d7956c469e3b\",\"name\":\"Radio Ljubu\u0161ki\"}]}<\/script>\n<!-- \/ Yoast SEO plugin. -->","yoast_head_json":{"title":"Domovinski pokret: Odluke Sto\u017eera nikako ne mogu biti iznad hrvatskih zakona i Ustava - RADIO LJUBU\u0160KI","robots":{"index":"index","follow":"follow","max-snippet":"max-snippet:-1","max-image-preview":"max-image-preview:large","max-video-preview":"max-video-preview:-1"},"canonical":"https:\/\/radioljubuski.ba\/index.php\/2021\/11\/07\/domovinski-pokret-odluke-stozera-nikako-ne-mogu-biti-iznad-hrvatskih-zakona-i-ustava\/","og_locale":"hr_HR","og_type":"article","og_title":"Domovinski pokret: Odluke Sto\u017eera nikako ne mogu biti iznad hrvatskih zakona i Ustava - RADIO LJUBU\u0160KI","og_description":"\u201cOdluke nacionalnog sto\u017eera nikako ne mogu biti iznad hrvatskih zakona, a posebno ne Ustava. Nikakav sto\u017eer sebi ne mo\u017ee uzeti za pravo poni\u0161titi volju gra\u0111ana iskazanu na izborima. O tome, tko mo\u017ee biti zastupnik u Hrvatskom saboru i predstavljati bira\u010de, ne mo\u017ee odlu\u010divati&nbsp;ad hoc&nbsp;postavljeno paradr\u017eavno tijelo.\u201d \u2013 poru\u010dili su danas iz Domovinskog pokreta nakon \u0161to [&hellip;]","og_url":"https:\/\/radioljubuski.ba\/index.php\/2021\/11\/07\/domovinski-pokret-odluke-stozera-nikako-ne-mogu-biti-iznad-hrvatskih-zakona-i-ustava\/","og_site_name":"RADIO LJUBU\u0160KI","article_publisher":"https:\/\/www.facebook.com\/Radiio-Ljubuski-1490835324566332","article_published_time":"2021-11-07T19:20:38+00:00","article_modified_time":"2021-11-07T19:20:39+00:00","og_image":[{"width":696,"height":488,"url":"https:\/\/radioljubuski.ba\/wp-content\/uploads\/2021\/11\/ivan-penava-domovinski-pokret-696x488-1.jpg","type":"image\/jpeg"}],"author":"Radio Ljubu\u0161ki","twitter_card":"summary_large_image","twitter_creator":"@radioljubuski","twitter_site":"@radioljubuski","twitter_misc":{"Napisao\/la":"Radio Ljubu\u0161ki","Procijenjeno vrijeme \u010ditanja":"3 minute"},"schema":{"@context":"https:\/\/schema.org","@graph":[{"@type":"Article","@id":"https:\/\/radioljubuski.ba\/index.php\/2021\/11\/07\/domovinski-pokret-odluke-stozera-nikako-ne-mogu-biti-iznad-hrvatskih-zakona-i-ustava\/#article","isPartOf":{"@id":"https:\/\/radioljubuski.ba\/index.php\/2021\/11\/07\/domovinski-pokret-odluke-stozera-nikako-ne-mogu-biti-iznad-hrvatskih-zakona-i-ustava\/"},"author":{"name":"Radio Ljubu\u0161ki","@id":"https:\/\/radioljubuski.ba\/#\/schema\/person\/19fc700381a780f69665d7956c469e3b"},"headline":"Domovinski pokret: Odluke Sto\u017eera nikako ne mogu biti iznad hrvatskih zakona i Ustava","datePublished":"2021-11-07T19:20:38+00:00","dateModified":"2021-11-07T19:20:39+00:00","mainEntityOfPage":{"@id":"https:\/\/radioljubuski.ba\/index.php\/2021\/11\/07\/domovinski-pokret-odluke-stozera-nikako-ne-mogu-biti-iznad-hrvatskih-zakona-i-ustava\/"},"wordCount":607,"publisher":{"@id":"https:\/\/radioljubuski.ba\/#organization"},"image":{"@id":"https:\/\/radioljubuski.ba\/index.php\/2021\/11\/07\/domovinski-pokret-odluke-stozera-nikako-ne-mogu-biti-iznad-hrvatskih-zakona-i-ustava\/#primaryimage"},"thumbnailUrl":"https:\/\/radioljubuski.ba\/wp-content\/uploads\/2021\/11\/ivan-penava-domovinski-pokret-696x488-1.jpg","articleSection":["BIH i regija"],"inLanguage":"hr"},{"@type":"WebPage","@id":"https:\/\/radioljubuski.ba\/index.php\/2021\/11\/07\/domovinski-pokret-odluke-stozera-nikako-ne-mogu-biti-iznad-hrvatskih-zakona-i-ustava\/","url":"https:\/\/radioljubuski.ba\/index.php\/2021\/11\/07\/domovinski-pokret-odluke-stozera-nikako-ne-mogu-biti-iznad-hrvatskih-zakona-i-ustava\/","name":"Domovinski pokret: Odluke Sto\u017eera nikako ne mogu biti iznad hrvatskih zakona i Ustava - RADIO LJUBU\u0160KI","isPartOf":{"@id":"https:\/\/radioljubuski.ba\/#website"},"primaryImageOfPage":{"@id":"https:\/\/radioljubuski.ba\/index.php\/2021\/11\/07\/domovinski-pokret-odluke-stozera-nikako-ne-mogu-biti-iznad-hrvatskih-zakona-i-ustava\/#primaryimage"},"image":{"@id":"https:\/\/radioljubuski.ba\/index.php\/2021\/11\/07\/domovinski-pokret-odluke-stozera-nikako-ne-mogu-biti-iznad-hrvatskih-zakona-i-ustava\/#primaryimage"},"thumbnailUrl":"https:\/\/radioljubuski.ba\/wp-content\/uploads\/2021\/11\/ivan-penava-domovinski-pokret-696x488-1.jpg","datePublished":"2021-11-07T19:20:38+00:00","dateModified":"2021-11-07T19:20:39+00:00","breadcrumb":{"@id":"https:\/\/radioljubuski.ba\/index.php\/2021\/11\/07\/domovinski-pokret-odluke-stozera-nikako-ne-mogu-biti-iznad-hrvatskih-zakona-i-ustava\/#breadcrumb"},"inLanguage":"hr","potentialAction":[{"@type":"ReadAction","target":["https:\/\/radioljubuski.ba\/index.php\/2021\/11\/07\/domovinski-pokret-odluke-stozera-nikako-ne-mogu-biti-iznad-hrvatskih-zakona-i-ustava\/"]}]},{"@type":"ImageObject","inLanguage":"hr","@id":"https:\/\/radioljubuski.ba\/index.php\/2021\/11\/07\/domovinski-pokret-odluke-stozera-nikako-ne-mogu-biti-iznad-hrvatskih-zakona-i-ustava\/#primaryimage","url":"https:\/\/radioljubuski.ba\/wp-content\/uploads\/2021\/11\/ivan-penava-domovinski-pokret-696x488-1.jpg","contentUrl":"https:\/\/radioljubuski.ba\/wp-content\/uploads\/2021\/11\/ivan-penava-domovinski-pokret-696x488-1.jpg","width":696,"height":488},{"@type":"BreadcrumbList","@id":"https:\/\/radioljubuski.ba\/index.php\/2021\/11\/07\/domovinski-pokret-odluke-stozera-nikako-ne-mogu-biti-iznad-hrvatskih-zakona-i-ustava\/#breadcrumb","itemListElement":[{"@type":"ListItem","position":1,"name":"Po\u010detna stranica","item":"https:\/\/radioljubuski.ba\/"},{"@type":"ListItem","position":2,"name":"Domovinski pokret: Odluke Sto\u017eera nikako ne mogu biti iznad hrvatskih zakona i Ustava"}]},{"@type":"WebSite","@id":"https:\/\/radioljubuski.ba\/#website","url":"https:\/\/radioljubuski.ba\/","name":"Radio Ljubu\u0161ki","description":"Sun\u010dana frekvencija Hercegovine","publisher":{"@id":"https:\/\/radioljubuski.ba\/#organization"},"potentialAction":[{"@type":"SearchAction","target":{"@type":"EntryPoint","urlTemplate":"https:\/\/radioljubuski.ba\/?s={search_term_string}"},"query-input":{"@type":"PropertyValueSpecification","valueRequired":true,"valueName":"search_term_string"}}],"inLanguage":"hr"},{"@type":"Organization","@id":"https:\/\/radioljubuski.ba\/#organization","name":"Radio Ljubu\u0161ki","url":"https:\/\/radioljubuski.ba\/","logo":{"@type":"ImageObject","inLanguage":"hr","@id":"https:\/\/radioljubuski.ba\/#\/schema\/logo\/image\/","url":"https:\/\/radioljubuski.ba\/wp-content\/uploads\/2021\/02\/cropped-Radio_Ljubuski_logo1.jpg","contentUrl":"https:\/\/radioljubuski.ba\/wp-content\/uploads\/2021\/02\/cropped-Radio_Ljubuski_logo1.jpg","width":512,"height":512,"caption":"Radio Ljubu\u0161ki"},"image":{"@id":"https:\/\/radioljubuski.ba\/#\/schema\/logo\/image\/"},"sameAs":["https:\/\/www.facebook.com\/Radiio-Ljubuski-1490835324566332","https:\/\/x.com\/radioljubuski","https:\/\/hr.linkedin.com\/company\/radio-ljubuski","https:\/\/www.youtube.com\/channel\/UCHYaeO_n0Db3tjNGudGpXyw"]},{"@type":"Person","@id":"https:\/\/radioljubuski.ba\/#\/schema\/person\/19fc700381a780f69665d7956c469e3b","name":"Radio Ljubu\u0161ki"}]}},"_links":{"self":[{"href":"https:\/\/radioljubuski.ba\/index.php\/wp-json\/wp\/v2\/posts\/86240","targetHints":{"allow":["GET"]}}],"collection":[{"href":"https:\/\/radioljubuski.ba\/index.php\/wp-json\/wp\/v2\/posts"}],"about":[{"href":"https:\/\/radioljubuski.ba\/index.php\/wp-json\/wp\/v2\/types\/post"}],"author":[{"embeddable":true,"href":"https:\/\/radioljubuski.ba\/index.php\/wp-json\/wp\/v2\/users\/2"}],"replies":[{"embeddable":true,"href":"https:\/\/radioljubuski.ba\/index.php\/wp-json\/wp\/v2\/comments?post=86240"}],"version-history":[{"count":1,"href":"https:\/\/radioljubuski.ba\/index.php\/wp-json\/wp\/v2\/posts\/86240\/revisions"}],"predecessor-version":[{"id":86242,"href":"https:\/\/radioljubuski.ba\/index.php\/wp-json\/wp\/v2\/posts\/86240\/revisions\/86242"}],"wp:featuredmedia":[{"embeddable":true,"href":"https:\/\/radioljubuski.ba\/index.php\/wp-json\/wp\/v2\/media\/86241"}],"wp:attachment":[{"href":"https:\/\/radioljubuski.ba\/index.php\/wp-json\/wp\/v2\/media?parent=86240"}],"wp:term":[{"taxonomy":"category","embeddable":true,"href":"https:\/\/radioljubuski.ba\/index.php\/wp-json\/wp\/v2\/categories?post=86240"},{"taxonomy":"post_tag","embeddable":true,"href":"https:\/\/radioljubuski.ba\/index.php\/wp-json\/wp\/v2\/tags?post=86240"}],"curies":[{"name":"wp","href":"https:\/\/api.w.org\/{rel}","templated":true}]}}