{"id":86243,"date":"2021-11-07T20:21:50","date_gmt":"2021-11-07T19:21:50","guid":{"rendered":"https:\/\/radioljubuski.ba\/?p=86243"},"modified":"2021-11-07T20:21:52","modified_gmt":"2021-11-07T19:21:52","slug":"vukovar-dobiva-spomenik-ruzici-markobasic-trudnici-ubijenoj-u-zlocinu-na-ovcari","status":"publish","type":"post","link":"https:\/\/radioljubuski.ba\/index.php\/2021\/11\/07\/vukovar-dobiva-spomenik-ruzici-markobasic-trudnici-ubijenoj-u-zlocinu-na-ovcari\/","title":{"rendered":"Vukovar dobiva spomenik Ru\u017eici Markoba\u0161i\u0107, trudnici ubijenoj u zlo\u010dinu na Ov\u010dari"},"content":{"rendered":"\n<p>Dva dana prije Dana sje\u0107anja na \u017ertve Vukovara, 16. studenoga, bit \u0107e podignut spomenik Ru\u017eici Markoba\u0161i\u0107 i njenom nero\u0111enom sinu Antunu. Spomenik \u0107e stajati ispred Nacionalne memorijalne bolnice Vukovar. Iz te bolnice srpska vojska je odvela ranjenike na Ov\u010daru, mjesto stra\u0161nog zlo\u010dina.<\/p>\n\n\n\n<h4 class=\"wp-block-heading\"><strong>Ubojstvo trudnice Ru\u017eice Markoba\u0161i\u0107 \u2013 osveta zbog mu\u017ea hrvatskog branitelja<\/strong><\/h4>\n\n\n\n<p>Ubojstvo Ru\u017eice Markoba\u0161i\u0107 jedan je od najstravi\u010dnijih zlo\u010dina koje je po\u010dinila srpska vojska 1991. godine. Srpski vojnici ispalili su trudnoj Ru\u017eici rafal u trbuh, ubiv\u0161i tako njezinog nero\u0111enog sina Antuna.<\/p>\n\n\n\n<p>Bila je to osveta nad nevinom \u017eenom i djetetom jer je njezin suprug Davor Markoba\u0161i\u0107 bio prvi Vukovarac koji je obukao odoru hrvatskog policajca. Ta policijska postrojba bila je prete\u010da slavnih Tigrova iz kojih je nastala 1. gardijska brigada.<\/p>\n\n\n\n<p>Neutje\u0161ni Davor Markoba\u0161i\u0107, mu\u017e i otac, hrvatski junak koji je prvi bio na braniku Domovine, umro je pro\u0161le godine. Nije do\u010dekao pravdu. Nije do\u010dekao da zlo\u010dinci i ubojice njegove \u017eene i djeteta budu izvedeni pred sud. Kao niti velika ve\u0107ina zlo\u010dinaca, izvr\u0161itelja genocida u Vukovaru.<\/p>\n\n\n\n<h4 class=\"wp-block-heading\"><strong>Stra\u0161no mu\u010denje trudnice Ru\u017eice prije ubojstva<\/strong><\/h4>\n\n\n\n<p>O mu\u010denju i smrti svoje supruge Davor Markoba\u0161i\u0107 svjedo\u010dio je za&nbsp;<a href=\"https:\/\/www.hkv.hr\/hrvatski-tjednik\/13498-davor-markobasic-ja-sam-danas-u-vukovaru-progonjena-i-izbezumljena-zvijer.html\">HKV<\/a>:<\/p>\n\n\n\n<p>\u201e<em>Rekao joj je: ti \u0107e\u0161 biti likvidirana i sve svoje stvari daj sestri Ljubici. Odveli su ju najprije u vojarnu gdje su ih nemilosrdno pretukli, a onda ju odveli na Ov\u010daru gdje su ju trudnu i silovali, a nakon toga pucali u trbuh, pa kada im ni to nije bilo dovoljno, onda su joj u vaginu stavili pu\u0161\u010danu cijev da ubiju mojeg nero\u0111enog sina. Potom su ju bacili u masovnu grobnicu s ostalima. Mnogo godina kasnije kad je identificirana, nisam ju mogao pokopati u Vukovaru nego sam ju pokopao u Vinkovcima gdje i danas prebiva. Probajte zamisliti kako je danas \u017eivjeti s nakazama koje su takva nedjela \u010dinili. Svaki dan ih susre\u0107em na ulici. Osje\u0107am se kao progonjena i izbezumljena zvijer.<\/em>\u201d<\/p>\n\n\n\n<p>Spomenik Ru\u017eici Markoba\u0161i\u0107 i njenom ubijenom sinu u trudni\u010dkoj utrobi biti \u0107e spomen ne samo na nju, nego i na sve majke-trudnice ubijene u Domovinskom ratu i drugim ratovima na hrvatskim podru\u010djima.<\/p>\n\n\n\n<p>Spomenik je napravljen na inicijativu Udruge \u201940 dana za \u017eivot\u2019, koja se ve\u0107 godinama molitvama i drugim dobrim djelima bori protiv pusto\u0161i poba\u010daja. Sve o toj hvale vrijednoj akciji mo\u017eete pro\u010ditati na stranicama Udruge \u201940 dana za \u017eivot\u2019&nbsp;<strong><a href=\"https:\/\/40danazazivot.com\/doniraj\/\">OVDJE.<\/a><\/strong><\/p>\n\n\n\n<p>Izvor:narod.hr<\/p>\n","protected":false},"excerpt":{"rendered":"<p>Dva dana prije Dana sje\u0107anja na \u017ertve Vukovara, 16. studenoga, bit \u0107e podignut spomenik Ru\u017eici Markoba\u0161i\u0107 i njenom nero\u0111enom sinu Antunu. Spomenik \u0107e stajati ispred Nacionalne memorijalne bolnice Vukovar. Iz te bolnice srpska vojska je odvela ranjenike na Ov\u010daru, mjesto stra\u0161nog zlo\u010dina. Ubojstvo trudnice Ru\u017eice Markoba\u0161i\u0107 \u2013 osveta zbog mu\u017ea hrvatskog branitelja Ubojstvo Ru\u017eice Markoba\u0161i\u0107 [&hellip;]<\/p>\n","protected":false},"author":2,"featured_media":86244,"comment_status":"closed","ping_status":"closed","sticky":false,"template":"","format":"standard","meta":{"h5ap_radio_sources":[],"footnotes":""},"categories":[1],"tags":[],"class_list":["post-86243","post","type-post","status-publish","format-standard","has-post-thumbnail","hentry","category-bihiregija"],"yoast_head":"<!-- This site is optimized with the Yoast SEO plugin v27.5 - https:\/\/yoast.com\/product\/yoast-seo-wordpress\/ -->\n<title>Vukovar dobiva spomenik Ru\u017eici Markoba\u0161i\u0107, trudnici ubijenoj u zlo\u010dinu na Ov\u010dari - RADIO LJUBU\u0160KI<\/title>\n<meta name=\"robots\" content=\"index, follow, max-snippet:-1, max-image-preview:large, max-video-preview:-1\" \/>\n<link rel=\"canonical\" href=\"https:\/\/radioljubuski.ba\/index.php\/2021\/11\/07\/vukovar-dobiva-spomenik-ruzici-markobasic-trudnici-ubijenoj-u-zlocinu-na-ovcari\/\" \/>\n<meta property=\"og:locale\" content=\"hr_HR\" \/>\n<meta property=\"og:type\" content=\"article\" \/>\n<meta property=\"og:title\" content=\"Vukovar dobiva spomenik Ru\u017eici Markoba\u0161i\u0107, trudnici ubijenoj u zlo\u010dinu na Ov\u010dari - RADIO LJUBU\u0160KI\" \/>\n<meta property=\"og:description\" content=\"Dva dana prije Dana sje\u0107anja na \u017ertve Vukovara, 16. studenoga, bit \u0107e podignut spomenik Ru\u017eici Markoba\u0161i\u0107 i njenom nero\u0111enom sinu Antunu. Spomenik \u0107e stajati ispred Nacionalne memorijalne bolnice Vukovar. Iz te bolnice srpska vojska je odvela ranjenike na Ov\u010daru, mjesto stra\u0161nog zlo\u010dina. Ubojstvo trudnice Ru\u017eice Markoba\u0161i\u0107 \u2013 osveta zbog mu\u017ea hrvatskog branitelja Ubojstvo Ru\u017eice Markoba\u0161i\u0107 [&hellip;]\" \/>\n<meta property=\"og:url\" content=\"https:\/\/radioljubuski.ba\/index.php\/2021\/11\/07\/vukovar-dobiva-spomenik-ruzici-markobasic-trudnici-ubijenoj-u-zlocinu-na-ovcari\/\" \/>\n<meta property=\"og:site_name\" content=\"RADIO LJUBU\u0160KI\" \/>\n<meta property=\"article:publisher\" content=\"https:\/\/www.facebook.com\/Radiio-Ljubuski-1490835324566332\" \/>\n<meta property=\"article:published_time\" content=\"2021-11-07T19:21:50+00:00\" \/>\n<meta property=\"article:modified_time\" content=\"2021-11-07T19:21:52+00:00\" \/>\n<meta property=\"og:image\" content=\"https:\/\/radioljubuski.ba\/wp-content\/uploads\/2021\/11\/Ruzica_Markobasic_Ovcara-696x400-1.jpg\" \/>\n\t<meta property=\"og:image:width\" content=\"696\" \/>\n\t<meta property=\"og:image:height\" content=\"400\" \/>\n\t<meta property=\"og:image:type\" content=\"image\/jpeg\" \/>\n<meta name=\"author\" content=\"Radio Ljubu\u0161ki\" \/>\n<meta name=\"twitter:card\" content=\"summary_large_image\" \/>\n<meta name=\"twitter:creator\" content=\"@radioljubuski\" \/>\n<meta name=\"twitter:site\" content=\"@radioljubuski\" \/>\n<meta name=\"twitter:label1\" content=\"Napisao\/la\" \/>\n\t<meta name=\"twitter:data1\" content=\"Radio Ljubu\u0161ki\" \/>\n\t<meta name=\"twitter:label2\" content=\"Procijenjeno vrijeme \u010ditanja\" \/>\n\t<meta name=\"twitter:data2\" content=\"2 minute\" \/>\n<script type=\"application\/ld+json\" class=\"yoast-schema-graph\">{\"@context\":\"https:\\\/\\\/schema.org\",\"@graph\":[{\"@type\":\"Article\",\"@id\":\"https:\\\/\\\/radioljubuski.ba\\\/index.php\\\/2021\\\/11\\\/07\\\/vukovar-dobiva-spomenik-ruzici-markobasic-trudnici-ubijenoj-u-zlocinu-na-ovcari\\\/#article\",\"isPartOf\":{\"@id\":\"https:\\\/\\\/radioljubuski.ba\\\/index.php\\\/2021\\\/11\\\/07\\\/vukovar-dobiva-spomenik-ruzici-markobasic-trudnici-ubijenoj-u-zlocinu-na-ovcari\\\/\"},\"author\":{\"name\":\"Radio Ljubu\u0161ki\",\"@id\":\"https:\\\/\\\/radioljubuski.ba\\\/#\\\/schema\\\/person\\\/19fc700381a780f69665d7956c469e3b\"},\"headline\":\"Vukovar dobiva spomenik Ru\u017eici Markoba\u0161i\u0107, trudnici ubijenoj u zlo\u010dinu na Ov\u010dari\",\"datePublished\":\"2021-11-07T19:21:50+00:00\",\"dateModified\":\"2021-11-07T19:21:52+00:00\",\"mainEntityOfPage\":{\"@id\":\"https:\\\/\\\/radioljubuski.ba\\\/index.php\\\/2021\\\/11\\\/07\\\/vukovar-dobiva-spomenik-ruzici-markobasic-trudnici-ubijenoj-u-zlocinu-na-ovcari\\\/\"},\"wordCount\":438,\"publisher\":{\"@id\":\"https:\\\/\\\/radioljubuski.ba\\\/#organization\"},\"image\":{\"@id\":\"https:\\\/\\\/radioljubuski.ba\\\/index.php\\\/2021\\\/11\\\/07\\\/vukovar-dobiva-spomenik-ruzici-markobasic-trudnici-ubijenoj-u-zlocinu-na-ovcari\\\/#primaryimage\"},\"thumbnailUrl\":\"https:\\\/\\\/radioljubuski.ba\\\/wp-content\\\/uploads\\\/2021\\\/11\\\/Ruzica_Markobasic_Ovcara-696x400-1.jpg\",\"articleSection\":[\"BIH i regija\"],\"inLanguage\":\"hr\"},{\"@type\":\"WebPage\",\"@id\":\"https:\\\/\\\/radioljubuski.ba\\\/index.php\\\/2021\\\/11\\\/07\\\/vukovar-dobiva-spomenik-ruzici-markobasic-trudnici-ubijenoj-u-zlocinu-na-ovcari\\\/\",\"url\":\"https:\\\/\\\/radioljubuski.ba\\\/index.php\\\/2021\\\/11\\\/07\\\/vukovar-dobiva-spomenik-ruzici-markobasic-trudnici-ubijenoj-u-zlocinu-na-ovcari\\\/\",\"name\":\"Vukovar dobiva spomenik Ru\u017eici Markoba\u0161i\u0107, trudnici ubijenoj u zlo\u010dinu na Ov\u010dari - RADIO LJUBU\u0160KI\",\"isPartOf\":{\"@id\":\"https:\\\/\\\/radioljubuski.ba\\\/#website\"},\"primaryImageOfPage\":{\"@id\":\"https:\\\/\\\/radioljubuski.ba\\\/index.php\\\/2021\\\/11\\\/07\\\/vukovar-dobiva-spomenik-ruzici-markobasic-trudnici-ubijenoj-u-zlocinu-na-ovcari\\\/#primaryimage\"},\"image\":{\"@id\":\"https:\\\/\\\/radioljubuski.ba\\\/index.php\\\/2021\\\/11\\\/07\\\/vukovar-dobiva-spomenik-ruzici-markobasic-trudnici-ubijenoj-u-zlocinu-na-ovcari\\\/#primaryimage\"},\"thumbnailUrl\":\"https:\\\/\\\/radioljubuski.ba\\\/wp-content\\\/uploads\\\/2021\\\/11\\\/Ruzica_Markobasic_Ovcara-696x400-1.jpg\",\"datePublished\":\"2021-11-07T19:21:50+00:00\",\"dateModified\":\"2021-11-07T19:21:52+00:00\",\"breadcrumb\":{\"@id\":\"https:\\\/\\\/radioljubuski.ba\\\/index.php\\\/2021\\\/11\\\/07\\\/vukovar-dobiva-spomenik-ruzici-markobasic-trudnici-ubijenoj-u-zlocinu-na-ovcari\\\/#breadcrumb\"},\"inLanguage\":\"hr\",\"potentialAction\":[{\"@type\":\"ReadAction\",\"target\":[\"https:\\\/\\\/radioljubuski.ba\\\/index.php\\\/2021\\\/11\\\/07\\\/vukovar-dobiva-spomenik-ruzici-markobasic-trudnici-ubijenoj-u-zlocinu-na-ovcari\\\/\"]}]},{\"@type\":\"ImageObject\",\"inLanguage\":\"hr\",\"@id\":\"https:\\\/\\\/radioljubuski.ba\\\/index.php\\\/2021\\\/11\\\/07\\\/vukovar-dobiva-spomenik-ruzici-markobasic-trudnici-ubijenoj-u-zlocinu-na-ovcari\\\/#primaryimage\",\"url\":\"https:\\\/\\\/radioljubuski.ba\\\/wp-content\\\/uploads\\\/2021\\\/11\\\/Ruzica_Markobasic_Ovcara-696x400-1.jpg\",\"contentUrl\":\"https:\\\/\\\/radioljubuski.ba\\\/wp-content\\\/uploads\\\/2021\\\/11\\\/Ruzica_Markobasic_Ovcara-696x400-1.jpg\",\"width\":696,\"height\":400},{\"@type\":\"BreadcrumbList\",\"@id\":\"https:\\\/\\\/radioljubuski.ba\\\/index.php\\\/2021\\\/11\\\/07\\\/vukovar-dobiva-spomenik-ruzici-markobasic-trudnici-ubijenoj-u-zlocinu-na-ovcari\\\/#breadcrumb\",\"itemListElement\":[{\"@type\":\"ListItem\",\"position\":1,\"name\":\"Po\u010detna stranica\",\"item\":\"https:\\\/\\\/radioljubuski.ba\\\/\"},{\"@type\":\"ListItem\",\"position\":2,\"name\":\"Vukovar dobiva spomenik Ru\u017eici Markoba\u0161i\u0107, trudnici ubijenoj u zlo\u010dinu na Ov\u010dari\"}]},{\"@type\":\"WebSite\",\"@id\":\"https:\\\/\\\/radioljubuski.ba\\\/#website\",\"url\":\"https:\\\/\\\/radioljubuski.ba\\\/\",\"name\":\"Radio Ljubu\u0161ki\",\"description\":\"Sun\u010dana frekvencija Hercegovine\",\"publisher\":{\"@id\":\"https:\\\/\\\/radioljubuski.ba\\\/#organization\"},\"potentialAction\":[{\"@type\":\"SearchAction\",\"target\":{\"@type\":\"EntryPoint\",\"urlTemplate\":\"https:\\\/\\\/radioljubuski.ba\\\/?s={search_term_string}\"},\"query-input\":{\"@type\":\"PropertyValueSpecification\",\"valueRequired\":true,\"valueName\":\"search_term_string\"}}],\"inLanguage\":\"hr\"},{\"@type\":\"Organization\",\"@id\":\"https:\\\/\\\/radioljubuski.ba\\\/#organization\",\"name\":\"Radio Ljubu\u0161ki\",\"url\":\"https:\\\/\\\/radioljubuski.ba\\\/\",\"logo\":{\"@type\":\"ImageObject\",\"inLanguage\":\"hr\",\"@id\":\"https:\\\/\\\/radioljubuski.ba\\\/#\\\/schema\\\/logo\\\/image\\\/\",\"url\":\"https:\\\/\\\/radioljubuski.ba\\\/wp-content\\\/uploads\\\/2021\\\/02\\\/cropped-Radio_Ljubuski_logo1.jpg\",\"contentUrl\":\"https:\\\/\\\/radioljubuski.ba\\\/wp-content\\\/uploads\\\/2021\\\/02\\\/cropped-Radio_Ljubuski_logo1.jpg\",\"width\":512,\"height\":512,\"caption\":\"Radio Ljubu\u0161ki\"},\"image\":{\"@id\":\"https:\\\/\\\/radioljubuski.ba\\\/#\\\/schema\\\/logo\\\/image\\\/\"},\"sameAs\":[\"https:\\\/\\\/www.facebook.com\\\/Radiio-Ljubuski-1490835324566332\",\"https:\\\/\\\/x.com\\\/radioljubuski\",\"https:\\\/\\\/hr.linkedin.com\\\/company\\\/radio-ljubuski\",\"https:\\\/\\\/www.youtube.com\\\/channel\\\/UCHYaeO_n0Db3tjNGudGpXyw\"]},{\"@type\":\"Person\",\"@id\":\"https:\\\/\\\/radioljubuski.ba\\\/#\\\/schema\\\/person\\\/19fc700381a780f69665d7956c469e3b\",\"name\":\"Radio Ljubu\u0161ki\"}]}<\/script>\n<!-- \/ Yoast SEO plugin. -->","yoast_head_json":{"title":"Vukovar dobiva spomenik Ru\u017eici Markoba\u0161i\u0107, trudnici ubijenoj u zlo\u010dinu na Ov\u010dari - RADIO LJUBU\u0160KI","robots":{"index":"index","follow":"follow","max-snippet":"max-snippet:-1","max-image-preview":"max-image-preview:large","max-video-preview":"max-video-preview:-1"},"canonical":"https:\/\/radioljubuski.ba\/index.php\/2021\/11\/07\/vukovar-dobiva-spomenik-ruzici-markobasic-trudnici-ubijenoj-u-zlocinu-na-ovcari\/","og_locale":"hr_HR","og_type":"article","og_title":"Vukovar dobiva spomenik Ru\u017eici Markoba\u0161i\u0107, trudnici ubijenoj u zlo\u010dinu na Ov\u010dari - RADIO LJUBU\u0160KI","og_description":"Dva dana prije Dana sje\u0107anja na \u017ertve Vukovara, 16. studenoga, bit \u0107e podignut spomenik Ru\u017eici Markoba\u0161i\u0107 i njenom nero\u0111enom sinu Antunu. Spomenik \u0107e stajati ispred Nacionalne memorijalne bolnice Vukovar. Iz te bolnice srpska vojska je odvela ranjenike na Ov\u010daru, mjesto stra\u0161nog zlo\u010dina. Ubojstvo trudnice Ru\u017eice Markoba\u0161i\u0107 \u2013 osveta zbog mu\u017ea hrvatskog branitelja Ubojstvo Ru\u017eice Markoba\u0161i\u0107 [&hellip;]","og_url":"https:\/\/radioljubuski.ba\/index.php\/2021\/11\/07\/vukovar-dobiva-spomenik-ruzici-markobasic-trudnici-ubijenoj-u-zlocinu-na-ovcari\/","og_site_name":"RADIO LJUBU\u0160KI","article_publisher":"https:\/\/www.facebook.com\/Radiio-Ljubuski-1490835324566332","article_published_time":"2021-11-07T19:21:50+00:00","article_modified_time":"2021-11-07T19:21:52+00:00","og_image":[{"width":696,"height":400,"url":"https:\/\/radioljubuski.ba\/wp-content\/uploads\/2021\/11\/Ruzica_Markobasic_Ovcara-696x400-1.jpg","type":"image\/jpeg"}],"author":"Radio Ljubu\u0161ki","twitter_card":"summary_large_image","twitter_creator":"@radioljubuski","twitter_site":"@radioljubuski","twitter_misc":{"Napisao\/la":"Radio Ljubu\u0161ki","Procijenjeno vrijeme \u010ditanja":"2 minute"},"schema":{"@context":"https:\/\/schema.org","@graph":[{"@type":"Article","@id":"https:\/\/radioljubuski.ba\/index.php\/2021\/11\/07\/vukovar-dobiva-spomenik-ruzici-markobasic-trudnici-ubijenoj-u-zlocinu-na-ovcari\/#article","isPartOf":{"@id":"https:\/\/radioljubuski.ba\/index.php\/2021\/11\/07\/vukovar-dobiva-spomenik-ruzici-markobasic-trudnici-ubijenoj-u-zlocinu-na-ovcari\/"},"author":{"name":"Radio Ljubu\u0161ki","@id":"https:\/\/radioljubuski.ba\/#\/schema\/person\/19fc700381a780f69665d7956c469e3b"},"headline":"Vukovar dobiva spomenik Ru\u017eici Markoba\u0161i\u0107, trudnici ubijenoj u zlo\u010dinu na Ov\u010dari","datePublished":"2021-11-07T19:21:50+00:00","dateModified":"2021-11-07T19:21:52+00:00","mainEntityOfPage":{"@id":"https:\/\/radioljubuski.ba\/index.php\/2021\/11\/07\/vukovar-dobiva-spomenik-ruzici-markobasic-trudnici-ubijenoj-u-zlocinu-na-ovcari\/"},"wordCount":438,"publisher":{"@id":"https:\/\/radioljubuski.ba\/#organization"},"image":{"@id":"https:\/\/radioljubuski.ba\/index.php\/2021\/11\/07\/vukovar-dobiva-spomenik-ruzici-markobasic-trudnici-ubijenoj-u-zlocinu-na-ovcari\/#primaryimage"},"thumbnailUrl":"https:\/\/radioljubuski.ba\/wp-content\/uploads\/2021\/11\/Ruzica_Markobasic_Ovcara-696x400-1.jpg","articleSection":["BIH i regija"],"inLanguage":"hr"},{"@type":"WebPage","@id":"https:\/\/radioljubuski.ba\/index.php\/2021\/11\/07\/vukovar-dobiva-spomenik-ruzici-markobasic-trudnici-ubijenoj-u-zlocinu-na-ovcari\/","url":"https:\/\/radioljubuski.ba\/index.php\/2021\/11\/07\/vukovar-dobiva-spomenik-ruzici-markobasic-trudnici-ubijenoj-u-zlocinu-na-ovcari\/","name":"Vukovar dobiva spomenik Ru\u017eici Markoba\u0161i\u0107, trudnici ubijenoj u zlo\u010dinu na Ov\u010dari - RADIO LJUBU\u0160KI","isPartOf":{"@id":"https:\/\/radioljubuski.ba\/#website"},"primaryImageOfPage":{"@id":"https:\/\/radioljubuski.ba\/index.php\/2021\/11\/07\/vukovar-dobiva-spomenik-ruzici-markobasic-trudnici-ubijenoj-u-zlocinu-na-ovcari\/#primaryimage"},"image":{"@id":"https:\/\/radioljubuski.ba\/index.php\/2021\/11\/07\/vukovar-dobiva-spomenik-ruzici-markobasic-trudnici-ubijenoj-u-zlocinu-na-ovcari\/#primaryimage"},"thumbnailUrl":"https:\/\/radioljubuski.ba\/wp-content\/uploads\/2021\/11\/Ruzica_Markobasic_Ovcara-696x400-1.jpg","datePublished":"2021-11-07T19:21:50+00:00","dateModified":"2021-11-07T19:21:52+00:00","breadcrumb":{"@id":"https:\/\/radioljubuski.ba\/index.php\/2021\/11\/07\/vukovar-dobiva-spomenik-ruzici-markobasic-trudnici-ubijenoj-u-zlocinu-na-ovcari\/#breadcrumb"},"inLanguage":"hr","potentialAction":[{"@type":"ReadAction","target":["https:\/\/radioljubuski.ba\/index.php\/2021\/11\/07\/vukovar-dobiva-spomenik-ruzici-markobasic-trudnici-ubijenoj-u-zlocinu-na-ovcari\/"]}]},{"@type":"ImageObject","inLanguage":"hr","@id":"https:\/\/radioljubuski.ba\/index.php\/2021\/11\/07\/vukovar-dobiva-spomenik-ruzici-markobasic-trudnici-ubijenoj-u-zlocinu-na-ovcari\/#primaryimage","url":"https:\/\/radioljubuski.ba\/wp-content\/uploads\/2021\/11\/Ruzica_Markobasic_Ovcara-696x400-1.jpg","contentUrl":"https:\/\/radioljubuski.ba\/wp-content\/uploads\/2021\/11\/Ruzica_Markobasic_Ovcara-696x400-1.jpg","width":696,"height":400},{"@type":"BreadcrumbList","@id":"https:\/\/radioljubuski.ba\/index.php\/2021\/11\/07\/vukovar-dobiva-spomenik-ruzici-markobasic-trudnici-ubijenoj-u-zlocinu-na-ovcari\/#breadcrumb","itemListElement":[{"@type":"ListItem","position":1,"name":"Po\u010detna stranica","item":"https:\/\/radioljubuski.ba\/"},{"@type":"ListItem","position":2,"name":"Vukovar dobiva spomenik Ru\u017eici Markoba\u0161i\u0107, trudnici ubijenoj u zlo\u010dinu na Ov\u010dari"}]},{"@type":"WebSite","@id":"https:\/\/radioljubuski.ba\/#website","url":"https:\/\/radioljubuski.ba\/","name":"Radio Ljubu\u0161ki","description":"Sun\u010dana frekvencija Hercegovine","publisher":{"@id":"https:\/\/radioljubuski.ba\/#organization"},"potentialAction":[{"@type":"SearchAction","target":{"@type":"EntryPoint","urlTemplate":"https:\/\/radioljubuski.ba\/?s={search_term_string}"},"query-input":{"@type":"PropertyValueSpecification","valueRequired":true,"valueName":"search_term_string"}}],"inLanguage":"hr"},{"@type":"Organization","@id":"https:\/\/radioljubuski.ba\/#organization","name":"Radio Ljubu\u0161ki","url":"https:\/\/radioljubuski.ba\/","logo":{"@type":"ImageObject","inLanguage":"hr","@id":"https:\/\/radioljubuski.ba\/#\/schema\/logo\/image\/","url":"https:\/\/radioljubuski.ba\/wp-content\/uploads\/2021\/02\/cropped-Radio_Ljubuski_logo1.jpg","contentUrl":"https:\/\/radioljubuski.ba\/wp-content\/uploads\/2021\/02\/cropped-Radio_Ljubuski_logo1.jpg","width":512,"height":512,"caption":"Radio Ljubu\u0161ki"},"image":{"@id":"https:\/\/radioljubuski.ba\/#\/schema\/logo\/image\/"},"sameAs":["https:\/\/www.facebook.com\/Radiio-Ljubuski-1490835324566332","https:\/\/x.com\/radioljubuski","https:\/\/hr.linkedin.com\/company\/radio-ljubuski","https:\/\/www.youtube.com\/channel\/UCHYaeO_n0Db3tjNGudGpXyw"]},{"@type":"Person","@id":"https:\/\/radioljubuski.ba\/#\/schema\/person\/19fc700381a780f69665d7956c469e3b","name":"Radio Ljubu\u0161ki"}]}},"_links":{"self":[{"href":"https:\/\/radioljubuski.ba\/index.php\/wp-json\/wp\/v2\/posts\/86243","targetHints":{"allow":["GET"]}}],"collection":[{"href":"https:\/\/radioljubuski.ba\/index.php\/wp-json\/wp\/v2\/posts"}],"about":[{"href":"https:\/\/radioljubuski.ba\/index.php\/wp-json\/wp\/v2\/types\/post"}],"author":[{"embeddable":true,"href":"https:\/\/radioljubuski.ba\/index.php\/wp-json\/wp\/v2\/users\/2"}],"replies":[{"embeddable":true,"href":"https:\/\/radioljubuski.ba\/index.php\/wp-json\/wp\/v2\/comments?post=86243"}],"version-history":[{"count":1,"href":"https:\/\/radioljubuski.ba\/index.php\/wp-json\/wp\/v2\/posts\/86243\/revisions"}],"predecessor-version":[{"id":86245,"href":"https:\/\/radioljubuski.ba\/index.php\/wp-json\/wp\/v2\/posts\/86243\/revisions\/86245"}],"wp:featuredmedia":[{"embeddable":true,"href":"https:\/\/radioljubuski.ba\/index.php\/wp-json\/wp\/v2\/media\/86244"}],"wp:attachment":[{"href":"https:\/\/radioljubuski.ba\/index.php\/wp-json\/wp\/v2\/media?parent=86243"}],"wp:term":[{"taxonomy":"category","embeddable":true,"href":"https:\/\/radioljubuski.ba\/index.php\/wp-json\/wp\/v2\/categories?post=86243"},{"taxonomy":"post_tag","embeddable":true,"href":"https:\/\/radioljubuski.ba\/index.php\/wp-json\/wp\/v2\/tags?post=86243"}],"curies":[{"name":"wp","href":"https:\/\/api.w.org\/{rel}","templated":true}]}}