{"id":86249,"date":"2021-11-07T20:25:08","date_gmt":"2021-11-07T19:25:08","guid":{"rendered":"https:\/\/radioljubuski.ba\/?p=86249"},"modified":"2021-11-07T20:25:08","modified_gmt":"2021-11-07T19:25:08","slug":"zeleni-rade-probleme-njemackoj-oko-kljucne-opskrbe-plinom-iz-rusije","status":"publish","type":"post","link":"https:\/\/radioljubuski.ba\/index.php\/2021\/11\/07\/zeleni-rade-probleme-njemackoj-oko-kljucne-opskrbe-plinom-iz-rusije\/","title":{"rendered":"\u2018Zeleni\u2019 rade probleme Njema\u010dkoj oko klju\u010dne opskrbe plinom iz Rusije"},"content":{"rendered":"\n<p><em>Njema\u010dka stranka Zeleni, kao i \u2018zeleni aktivisti\u2019, rade probleme oko opskrbe plinom iz Rusije. Rusija je izgradila vrlo va\u017ean plinovod za Njema\u010dku i zapadnu Europu, poznat kao \u2018Sjeverni tok 2\u2019. Time plinovodom rje\u0161avaju se mnogi problemi energetske opskrbe gra\u0111ana i gospodarstva Njema\u010dke. Va\u017eno je istaknuti da je ovaj plinovod \u2018trn u oku\u2019 SAD-u i njegovoj energetskoj politici prema Europi.<\/em><\/p>\n\n\n\n<h4 class=\"wp-block-heading\"><strong>Zeleni aktivisti se protive va\u017enoj opskrbi plinom iz Rusije<\/strong><\/h4>\n\n\n\n<p>\u010celnik njema\u010dke ekolo\u0161ke organizacije&nbsp;<em>Deutsche Umwelthilfe<\/em>, Sasha M\u00fcller-Krenner, pozvao je na zaustavljanje plinovoda Sjeverni tok 2 zato \u0161to je njema\u010dka vlada \u201cignorirala\u201d poljski stav o tom projektu, pi\u0161e&nbsp;<a href=\"https:\/\/www.geopolitika.news\/vijesti\/njemacki-ekolozi-pozvali-na-zaustavljanje-sjevernog-toka-2\/\">geopolitika.news.<\/a><\/p>\n\n\n\n<p>Deutsche Umwelthilfe e.V. neprofitna je udruga za za\u0161titu okoli\u0161a i potro\u0161a\u010da, podr\u017eana javnim i privatnim projektnim potporama i donacijama.<\/p>\n\n\n\n<p>Njema\u010dko ministarstvo gospodarstva i energetike u listopadu je njema\u010dkom energetskom regulatoru dostavilo slu\u017ebeni zaklju\u010dak kako certifikacija operatera&nbsp;<em>Sjeverni tok 2<\/em>&nbsp;ne ugro\u017eava sigurnost opskrbe plinom Njema\u010dkoj i drugim zemljama EU.&nbsp;Kako nagla\u0161ava njema\u010dki medij, to je ministarstvo istovremeno \u201cignoriralo\u201d stav poljskog energetskog regulatornog ureda koji je izrazio bojazan da bi Gazprom mogao \u201cugroziti sigurnost opskrbe plinom pojedinih zemalja \u010dlanica, regija ili \u010dak cijele EU\u201d.<\/p>\n\n\n\n<p>Ovo nije prvi put da su njema\u010dki ekolozi istupili protiv&nbsp;<em>Sjevernog toka 2<\/em>.&nbsp;U lipnju je&nbsp;<em>Deutsche Umwelthilfe<\/em>&nbsp;priop\u0107io da je podnio zahtjev Federalnoj pomorskoj i hidrografskoj agenciji (BSH). Tra\u017ei povla\u010denje dozvole za izgradnju i rad plinovoda zbog za\u0161tite klime.<\/p>\n\n\n\n<h4 class=\"wp-block-heading\"><strong>Plinovod \u2018Sjeverni tok 2\u2019 je zavr\u0161en<\/strong><\/h4>\n\n\n\n<p>Izgradnja plinovoda&nbsp;<em>Sjeverni tok 2<\/em>&nbsp;zavr\u0161ena je u rujnu. U \u0160vicarskoj je u tijeku proces certifikacije za tvrtku&nbsp;<em>Nord Stream 2 AG.&nbsp;<\/em>&nbsp;To je neovisni operater plinovoda kako bi se osiguralo da projekt bude u skladu s Direktivom o plinu EU.<\/p>\n\n\n\n<p>Supredsjedateljica njema\u010dkih Zelenih<strong>&nbsp;Annalena Baerbock<\/strong>&nbsp;izjasnila se protiv izdavanja dozvole za Sjeverni tok 2. Optu\u017euje Ruse da igraju poker s cijenama plina. \u201cNe smijemo dozvoliti da nas ucjenjuju\u201d, poru\u010dila je liderica stranke Zelenih. To je va\u017ena stranka koja pregovara o formiranju nove njema\u010dke vlade nakon izbora 26. rujna.<\/p>\n\n\n\n<p>Plinovod koji Balti\u010dkim morem spaja Rusiju i Njema\u010dku financirali su ruski energetski div Gazprom i njegovi europski partneri. Izgra\u0111en je usprkos protivljenju SAD-a i nekih europskih dr\u017eava poput Ukrajine i Poljske. Plinovod je izgra\u0111en i sada \u010deka odobrenje njema\u010dkog regulatora kako bi po\u010deo s komercijalnom prodajom plina.<\/p>\n\n\n\n<p>\u201cAko njema\u010dki regulator da odobrenje sutra, isporuka 17.5 milijardi kubi\u010dnih metara plina po\u010det \u0107e prekosutra\u201d, rekao je nedavno je Putin.<\/p>\n\n\n\n<p><em>Izvor: narod.hr<\/em><\/p>\n","protected":false},"excerpt":{"rendered":"<p>Njema\u010dka stranka Zeleni, kao i \u2018zeleni aktivisti\u2019, rade probleme oko opskrbe plinom iz Rusije. Rusija je izgradila vrlo va\u017ean plinovod za Njema\u010dku i zapadnu Europu, poznat kao \u2018Sjeverni tok 2\u2019. Time plinovodom rje\u0161avaju se mnogi problemi energetske opskrbe gra\u0111ana i gospodarstva Njema\u010dke. Va\u017eno je istaknuti da je ovaj plinovod \u2018trn u oku\u2019 SAD-u i njegovoj [&hellip;]<\/p>\n","protected":false},"author":2,"featured_media":68767,"comment_status":"closed","ping_status":"closed","sticky":false,"template":"","format":"standard","meta":{"h5ap_radio_sources":[],"footnotes":""},"categories":[1],"tags":[],"class_list":["post-86249","post","type-post","status-publish","format-standard","has-post-thumbnail","hentry","category-bihiregija"],"yoast_head":"<!-- This site is optimized with the Yoast SEO plugin v27.5 - https:\/\/yoast.com\/product\/yoast-seo-wordpress\/ -->\n<title>\u2018Zeleni\u2019 rade probleme Njema\u010dkoj oko klju\u010dne opskrbe plinom iz Rusije - RADIO LJUBU\u0160KI<\/title>\n<meta name=\"robots\" content=\"index, follow, max-snippet:-1, max-image-preview:large, max-video-preview:-1\" \/>\n<link rel=\"canonical\" href=\"https:\/\/radioljubuski.ba\/index.php\/2021\/11\/07\/zeleni-rade-probleme-njemackoj-oko-kljucne-opskrbe-plinom-iz-rusije\/\" \/>\n<meta property=\"og:locale\" content=\"hr_HR\" \/>\n<meta property=\"og:type\" content=\"article\" \/>\n<meta property=\"og:title\" content=\"\u2018Zeleni\u2019 rade probleme Njema\u010dkoj oko klju\u010dne opskrbe plinom iz Rusije - RADIO LJUBU\u0160KI\" \/>\n<meta property=\"og:description\" content=\"Njema\u010dka stranka Zeleni, kao i \u2018zeleni aktivisti\u2019, rade probleme oko opskrbe plinom iz Rusije. Rusija je izgradila vrlo va\u017ean plinovod za Njema\u010dku i zapadnu Europu, poznat kao \u2018Sjeverni tok 2\u2019. Time plinovodom rje\u0161avaju se mnogi problemi energetske opskrbe gra\u0111ana i gospodarstva Njema\u010dke. Va\u017eno je istaknuti da je ovaj plinovod \u2018trn u oku\u2019 SAD-u i njegovoj [&hellip;]\" \/>\n<meta property=\"og:url\" content=\"https:\/\/radioljubuski.ba\/index.php\/2021\/11\/07\/zeleni-rade-probleme-njemackoj-oko-kljucne-opskrbe-plinom-iz-rusije\/\" \/>\n<meta property=\"og:site_name\" content=\"RADIO LJUBU\u0160KI\" \/>\n<meta property=\"article:publisher\" content=\"https:\/\/www.facebook.com\/Radiio-Ljubuski-1490835324566332\" \/>\n<meta property=\"article:published_time\" content=\"2021-11-07T19:25:08+00:00\" \/>\n<meta property=\"og:image\" content=\"https:\/\/radioljubuski.ba\/wp-content\/uploads\/2021\/09\/JTDAB7It_plin.gif\" \/>\n\t<meta property=\"og:image:width\" content=\"1000\" \/>\n\t<meta property=\"og:image:height\" content=\"625\" \/>\n\t<meta property=\"og:image:type\" content=\"image\/gif\" \/>\n<meta name=\"author\" content=\"Radio Ljubu\u0161ki\" \/>\n<meta name=\"twitter:card\" content=\"summary_large_image\" \/>\n<meta name=\"twitter:creator\" content=\"@radioljubuski\" \/>\n<meta name=\"twitter:site\" content=\"@radioljubuski\" \/>\n<meta name=\"twitter:label1\" content=\"Napisao\/la\" \/>\n\t<meta name=\"twitter:data1\" content=\"Radio Ljubu\u0161ki\" \/>\n\t<meta name=\"twitter:label2\" content=\"Procijenjeno vrijeme \u010ditanja\" \/>\n\t<meta name=\"twitter:data2\" content=\"2 minute\" \/>\n<script type=\"application\/ld+json\" class=\"yoast-schema-graph\">{\"@context\":\"https:\\\/\\\/schema.org\",\"@graph\":[{\"@type\":\"Article\",\"@id\":\"https:\\\/\\\/radioljubuski.ba\\\/index.php\\\/2021\\\/11\\\/07\\\/zeleni-rade-probleme-njemackoj-oko-kljucne-opskrbe-plinom-iz-rusije\\\/#article\",\"isPartOf\":{\"@id\":\"https:\\\/\\\/radioljubuski.ba\\\/index.php\\\/2021\\\/11\\\/07\\\/zeleni-rade-probleme-njemackoj-oko-kljucne-opskrbe-plinom-iz-rusije\\\/\"},\"author\":{\"name\":\"Radio Ljubu\u0161ki\",\"@id\":\"https:\\\/\\\/radioljubuski.ba\\\/#\\\/schema\\\/person\\\/19fc700381a780f69665d7956c469e3b\"},\"headline\":\"\u2018Zeleni\u2019 rade probleme Njema\u010dkoj oko klju\u010dne opskrbe plinom iz Rusije\",\"datePublished\":\"2021-11-07T19:25:08+00:00\",\"mainEntityOfPage\":{\"@id\":\"https:\\\/\\\/radioljubuski.ba\\\/index.php\\\/2021\\\/11\\\/07\\\/zeleni-rade-probleme-njemackoj-oko-kljucne-opskrbe-plinom-iz-rusije\\\/\"},\"wordCount\":453,\"publisher\":{\"@id\":\"https:\\\/\\\/radioljubuski.ba\\\/#organization\"},\"image\":{\"@id\":\"https:\\\/\\\/radioljubuski.ba\\\/index.php\\\/2021\\\/11\\\/07\\\/zeleni-rade-probleme-njemackoj-oko-kljucne-opskrbe-plinom-iz-rusije\\\/#primaryimage\"},\"thumbnailUrl\":\"https:\\\/\\\/radioljubuski.ba\\\/wp-content\\\/uploads\\\/2021\\\/09\\\/JTDAB7It_plin.gif\",\"articleSection\":[\"BIH i regija\"],\"inLanguage\":\"hr\"},{\"@type\":\"WebPage\",\"@id\":\"https:\\\/\\\/radioljubuski.ba\\\/index.php\\\/2021\\\/11\\\/07\\\/zeleni-rade-probleme-njemackoj-oko-kljucne-opskrbe-plinom-iz-rusije\\\/\",\"url\":\"https:\\\/\\\/radioljubuski.ba\\\/index.php\\\/2021\\\/11\\\/07\\\/zeleni-rade-probleme-njemackoj-oko-kljucne-opskrbe-plinom-iz-rusije\\\/\",\"name\":\"\u2018Zeleni\u2019 rade probleme Njema\u010dkoj oko klju\u010dne opskrbe plinom iz Rusije - RADIO LJUBU\u0160KI\",\"isPartOf\":{\"@id\":\"https:\\\/\\\/radioljubuski.ba\\\/#website\"},\"primaryImageOfPage\":{\"@id\":\"https:\\\/\\\/radioljubuski.ba\\\/index.php\\\/2021\\\/11\\\/07\\\/zeleni-rade-probleme-njemackoj-oko-kljucne-opskrbe-plinom-iz-rusije\\\/#primaryimage\"},\"image\":{\"@id\":\"https:\\\/\\\/radioljubuski.ba\\\/index.php\\\/2021\\\/11\\\/07\\\/zeleni-rade-probleme-njemackoj-oko-kljucne-opskrbe-plinom-iz-rusije\\\/#primaryimage\"},\"thumbnailUrl\":\"https:\\\/\\\/radioljubuski.ba\\\/wp-content\\\/uploads\\\/2021\\\/09\\\/JTDAB7It_plin.gif\",\"datePublished\":\"2021-11-07T19:25:08+00:00\",\"breadcrumb\":{\"@id\":\"https:\\\/\\\/radioljubuski.ba\\\/index.php\\\/2021\\\/11\\\/07\\\/zeleni-rade-probleme-njemackoj-oko-kljucne-opskrbe-plinom-iz-rusije\\\/#breadcrumb\"},\"inLanguage\":\"hr\",\"potentialAction\":[{\"@type\":\"ReadAction\",\"target\":[\"https:\\\/\\\/radioljubuski.ba\\\/index.php\\\/2021\\\/11\\\/07\\\/zeleni-rade-probleme-njemackoj-oko-kljucne-opskrbe-plinom-iz-rusije\\\/\"]}]},{\"@type\":\"ImageObject\",\"inLanguage\":\"hr\",\"@id\":\"https:\\\/\\\/radioljubuski.ba\\\/index.php\\\/2021\\\/11\\\/07\\\/zeleni-rade-probleme-njemackoj-oko-kljucne-opskrbe-plinom-iz-rusije\\\/#primaryimage\",\"url\":\"https:\\\/\\\/radioljubuski.ba\\\/wp-content\\\/uploads\\\/2021\\\/09\\\/JTDAB7It_plin.gif\",\"contentUrl\":\"https:\\\/\\\/radioljubuski.ba\\\/wp-content\\\/uploads\\\/2021\\\/09\\\/JTDAB7It_plin.gif\",\"width\":1000,\"height\":625},{\"@type\":\"BreadcrumbList\",\"@id\":\"https:\\\/\\\/radioljubuski.ba\\\/index.php\\\/2021\\\/11\\\/07\\\/zeleni-rade-probleme-njemackoj-oko-kljucne-opskrbe-plinom-iz-rusije\\\/#breadcrumb\",\"itemListElement\":[{\"@type\":\"ListItem\",\"position\":1,\"name\":\"Po\u010detna stranica\",\"item\":\"https:\\\/\\\/radioljubuski.ba\\\/\"},{\"@type\":\"ListItem\",\"position\":2,\"name\":\"\u2018Zeleni\u2019 rade probleme Njema\u010dkoj oko klju\u010dne opskrbe plinom iz Rusije\"}]},{\"@type\":\"WebSite\",\"@id\":\"https:\\\/\\\/radioljubuski.ba\\\/#website\",\"url\":\"https:\\\/\\\/radioljubuski.ba\\\/\",\"name\":\"Radio Ljubu\u0161ki\",\"description\":\"Sun\u010dana frekvencija Hercegovine\",\"publisher\":{\"@id\":\"https:\\\/\\\/radioljubuski.ba\\\/#organization\"},\"potentialAction\":[{\"@type\":\"SearchAction\",\"target\":{\"@type\":\"EntryPoint\",\"urlTemplate\":\"https:\\\/\\\/radioljubuski.ba\\\/?s={search_term_string}\"},\"query-input\":{\"@type\":\"PropertyValueSpecification\",\"valueRequired\":true,\"valueName\":\"search_term_string\"}}],\"inLanguage\":\"hr\"},{\"@type\":\"Organization\",\"@id\":\"https:\\\/\\\/radioljubuski.ba\\\/#organization\",\"name\":\"Radio Ljubu\u0161ki\",\"url\":\"https:\\\/\\\/radioljubuski.ba\\\/\",\"logo\":{\"@type\":\"ImageObject\",\"inLanguage\":\"hr\",\"@id\":\"https:\\\/\\\/radioljubuski.ba\\\/#\\\/schema\\\/logo\\\/image\\\/\",\"url\":\"https:\\\/\\\/radioljubuski.ba\\\/wp-content\\\/uploads\\\/2021\\\/02\\\/cropped-Radio_Ljubuski_logo1.jpg\",\"contentUrl\":\"https:\\\/\\\/radioljubuski.ba\\\/wp-content\\\/uploads\\\/2021\\\/02\\\/cropped-Radio_Ljubuski_logo1.jpg\",\"width\":512,\"height\":512,\"caption\":\"Radio Ljubu\u0161ki\"},\"image\":{\"@id\":\"https:\\\/\\\/radioljubuski.ba\\\/#\\\/schema\\\/logo\\\/image\\\/\"},\"sameAs\":[\"https:\\\/\\\/www.facebook.com\\\/Radiio-Ljubuski-1490835324566332\",\"https:\\\/\\\/x.com\\\/radioljubuski\",\"https:\\\/\\\/hr.linkedin.com\\\/company\\\/radio-ljubuski\",\"https:\\\/\\\/www.youtube.com\\\/channel\\\/UCHYaeO_n0Db3tjNGudGpXyw\"]},{\"@type\":\"Person\",\"@id\":\"https:\\\/\\\/radioljubuski.ba\\\/#\\\/schema\\\/person\\\/19fc700381a780f69665d7956c469e3b\",\"name\":\"Radio Ljubu\u0161ki\"}]}<\/script>\n<!-- \/ Yoast SEO plugin. -->","yoast_head_json":{"title":"\u2018Zeleni\u2019 rade probleme Njema\u010dkoj oko klju\u010dne opskrbe plinom iz Rusije - RADIO LJUBU\u0160KI","robots":{"index":"index","follow":"follow","max-snippet":"max-snippet:-1","max-image-preview":"max-image-preview:large","max-video-preview":"max-video-preview:-1"},"canonical":"https:\/\/radioljubuski.ba\/index.php\/2021\/11\/07\/zeleni-rade-probleme-njemackoj-oko-kljucne-opskrbe-plinom-iz-rusije\/","og_locale":"hr_HR","og_type":"article","og_title":"\u2018Zeleni\u2019 rade probleme Njema\u010dkoj oko klju\u010dne opskrbe plinom iz Rusije - RADIO LJUBU\u0160KI","og_description":"Njema\u010dka stranka Zeleni, kao i \u2018zeleni aktivisti\u2019, rade probleme oko opskrbe plinom iz Rusije. Rusija je izgradila vrlo va\u017ean plinovod za Njema\u010dku i zapadnu Europu, poznat kao \u2018Sjeverni tok 2\u2019. Time plinovodom rje\u0161avaju se mnogi problemi energetske opskrbe gra\u0111ana i gospodarstva Njema\u010dke. Va\u017eno je istaknuti da je ovaj plinovod \u2018trn u oku\u2019 SAD-u i njegovoj [&hellip;]","og_url":"https:\/\/radioljubuski.ba\/index.php\/2021\/11\/07\/zeleni-rade-probleme-njemackoj-oko-kljucne-opskrbe-plinom-iz-rusije\/","og_site_name":"RADIO LJUBU\u0160KI","article_publisher":"https:\/\/www.facebook.com\/Radiio-Ljubuski-1490835324566332","article_published_time":"2021-11-07T19:25:08+00:00","og_image":[{"width":1000,"height":625,"url":"https:\/\/radioljubuski.ba\/wp-content\/uploads\/2021\/09\/JTDAB7It_plin.gif","type":"image\/gif"}],"author":"Radio Ljubu\u0161ki","twitter_card":"summary_large_image","twitter_creator":"@radioljubuski","twitter_site":"@radioljubuski","twitter_misc":{"Napisao\/la":"Radio Ljubu\u0161ki","Procijenjeno vrijeme \u010ditanja":"2 minute"},"schema":{"@context":"https:\/\/schema.org","@graph":[{"@type":"Article","@id":"https:\/\/radioljubuski.ba\/index.php\/2021\/11\/07\/zeleni-rade-probleme-njemackoj-oko-kljucne-opskrbe-plinom-iz-rusije\/#article","isPartOf":{"@id":"https:\/\/radioljubuski.ba\/index.php\/2021\/11\/07\/zeleni-rade-probleme-njemackoj-oko-kljucne-opskrbe-plinom-iz-rusije\/"},"author":{"name":"Radio Ljubu\u0161ki","@id":"https:\/\/radioljubuski.ba\/#\/schema\/person\/19fc700381a780f69665d7956c469e3b"},"headline":"\u2018Zeleni\u2019 rade probleme Njema\u010dkoj oko klju\u010dne opskrbe plinom iz Rusije","datePublished":"2021-11-07T19:25:08+00:00","mainEntityOfPage":{"@id":"https:\/\/radioljubuski.ba\/index.php\/2021\/11\/07\/zeleni-rade-probleme-njemackoj-oko-kljucne-opskrbe-plinom-iz-rusije\/"},"wordCount":453,"publisher":{"@id":"https:\/\/radioljubuski.ba\/#organization"},"image":{"@id":"https:\/\/radioljubuski.ba\/index.php\/2021\/11\/07\/zeleni-rade-probleme-njemackoj-oko-kljucne-opskrbe-plinom-iz-rusije\/#primaryimage"},"thumbnailUrl":"https:\/\/radioljubuski.ba\/wp-content\/uploads\/2021\/09\/JTDAB7It_plin.gif","articleSection":["BIH i regija"],"inLanguage":"hr"},{"@type":"WebPage","@id":"https:\/\/radioljubuski.ba\/index.php\/2021\/11\/07\/zeleni-rade-probleme-njemackoj-oko-kljucne-opskrbe-plinom-iz-rusije\/","url":"https:\/\/radioljubuski.ba\/index.php\/2021\/11\/07\/zeleni-rade-probleme-njemackoj-oko-kljucne-opskrbe-plinom-iz-rusije\/","name":"\u2018Zeleni\u2019 rade probleme Njema\u010dkoj oko klju\u010dne opskrbe plinom iz Rusije - RADIO LJUBU\u0160KI","isPartOf":{"@id":"https:\/\/radioljubuski.ba\/#website"},"primaryImageOfPage":{"@id":"https:\/\/radioljubuski.ba\/index.php\/2021\/11\/07\/zeleni-rade-probleme-njemackoj-oko-kljucne-opskrbe-plinom-iz-rusije\/#primaryimage"},"image":{"@id":"https:\/\/radioljubuski.ba\/index.php\/2021\/11\/07\/zeleni-rade-probleme-njemackoj-oko-kljucne-opskrbe-plinom-iz-rusije\/#primaryimage"},"thumbnailUrl":"https:\/\/radioljubuski.ba\/wp-content\/uploads\/2021\/09\/JTDAB7It_plin.gif","datePublished":"2021-11-07T19:25:08+00:00","breadcrumb":{"@id":"https:\/\/radioljubuski.ba\/index.php\/2021\/11\/07\/zeleni-rade-probleme-njemackoj-oko-kljucne-opskrbe-plinom-iz-rusije\/#breadcrumb"},"inLanguage":"hr","potentialAction":[{"@type":"ReadAction","target":["https:\/\/radioljubuski.ba\/index.php\/2021\/11\/07\/zeleni-rade-probleme-njemackoj-oko-kljucne-opskrbe-plinom-iz-rusije\/"]}]},{"@type":"ImageObject","inLanguage":"hr","@id":"https:\/\/radioljubuski.ba\/index.php\/2021\/11\/07\/zeleni-rade-probleme-njemackoj-oko-kljucne-opskrbe-plinom-iz-rusije\/#primaryimage","url":"https:\/\/radioljubuski.ba\/wp-content\/uploads\/2021\/09\/JTDAB7It_plin.gif","contentUrl":"https:\/\/radioljubuski.ba\/wp-content\/uploads\/2021\/09\/JTDAB7It_plin.gif","width":1000,"height":625},{"@type":"BreadcrumbList","@id":"https:\/\/radioljubuski.ba\/index.php\/2021\/11\/07\/zeleni-rade-probleme-njemackoj-oko-kljucne-opskrbe-plinom-iz-rusije\/#breadcrumb","itemListElement":[{"@type":"ListItem","position":1,"name":"Po\u010detna stranica","item":"https:\/\/radioljubuski.ba\/"},{"@type":"ListItem","position":2,"name":"\u2018Zeleni\u2019 rade probleme Njema\u010dkoj oko klju\u010dne opskrbe plinom iz Rusije"}]},{"@type":"WebSite","@id":"https:\/\/radioljubuski.ba\/#website","url":"https:\/\/radioljubuski.ba\/","name":"Radio Ljubu\u0161ki","description":"Sun\u010dana frekvencija Hercegovine","publisher":{"@id":"https:\/\/radioljubuski.ba\/#organization"},"potentialAction":[{"@type":"SearchAction","target":{"@type":"EntryPoint","urlTemplate":"https:\/\/radioljubuski.ba\/?s={search_term_string}"},"query-input":{"@type":"PropertyValueSpecification","valueRequired":true,"valueName":"search_term_string"}}],"inLanguage":"hr"},{"@type":"Organization","@id":"https:\/\/radioljubuski.ba\/#organization","name":"Radio Ljubu\u0161ki","url":"https:\/\/radioljubuski.ba\/","logo":{"@type":"ImageObject","inLanguage":"hr","@id":"https:\/\/radioljubuski.ba\/#\/schema\/logo\/image\/","url":"https:\/\/radioljubuski.ba\/wp-content\/uploads\/2021\/02\/cropped-Radio_Ljubuski_logo1.jpg","contentUrl":"https:\/\/radioljubuski.ba\/wp-content\/uploads\/2021\/02\/cropped-Radio_Ljubuski_logo1.jpg","width":512,"height":512,"caption":"Radio Ljubu\u0161ki"},"image":{"@id":"https:\/\/radioljubuski.ba\/#\/schema\/logo\/image\/"},"sameAs":["https:\/\/www.facebook.com\/Radiio-Ljubuski-1490835324566332","https:\/\/x.com\/radioljubuski","https:\/\/hr.linkedin.com\/company\/radio-ljubuski","https:\/\/www.youtube.com\/channel\/UCHYaeO_n0Db3tjNGudGpXyw"]},{"@type":"Person","@id":"https:\/\/radioljubuski.ba\/#\/schema\/person\/19fc700381a780f69665d7956c469e3b","name":"Radio Ljubu\u0161ki"}]}},"_links":{"self":[{"href":"https:\/\/radioljubuski.ba\/index.php\/wp-json\/wp\/v2\/posts\/86249","targetHints":{"allow":["GET"]}}],"collection":[{"href":"https:\/\/radioljubuski.ba\/index.php\/wp-json\/wp\/v2\/posts"}],"about":[{"href":"https:\/\/radioljubuski.ba\/index.php\/wp-json\/wp\/v2\/types\/post"}],"author":[{"embeddable":true,"href":"https:\/\/radioljubuski.ba\/index.php\/wp-json\/wp\/v2\/users\/2"}],"replies":[{"embeddable":true,"href":"https:\/\/radioljubuski.ba\/index.php\/wp-json\/wp\/v2\/comments?post=86249"}],"version-history":[{"count":1,"href":"https:\/\/radioljubuski.ba\/index.php\/wp-json\/wp\/v2\/posts\/86249\/revisions"}],"predecessor-version":[{"id":86250,"href":"https:\/\/radioljubuski.ba\/index.php\/wp-json\/wp\/v2\/posts\/86249\/revisions\/86250"}],"wp:featuredmedia":[{"embeddable":true,"href":"https:\/\/radioljubuski.ba\/index.php\/wp-json\/wp\/v2\/media\/68767"}],"wp:attachment":[{"href":"https:\/\/radioljubuski.ba\/index.php\/wp-json\/wp\/v2\/media?parent=86249"}],"wp:term":[{"taxonomy":"category","embeddable":true,"href":"https:\/\/radioljubuski.ba\/index.php\/wp-json\/wp\/v2\/categories?post=86249"},{"taxonomy":"post_tag","embeddable":true,"href":"https:\/\/radioljubuski.ba\/index.php\/wp-json\/wp\/v2\/tags?post=86249"}],"curies":[{"name":"wp","href":"https:\/\/api.w.org\/{rel}","templated":true}]}}