{"id":86261,"date":"2021-11-07T20:31:58","date_gmt":"2021-11-07T19:31:58","guid":{"rendered":"https:\/\/radioljubuski.ba\/?p=86261"},"modified":"2021-11-07T20:31:58","modified_gmt":"2021-11-07T19:31:58","slug":"u-zagrebu-se-okupila-zenska-kosarkaska-reprezentacija","status":"publish","type":"post","link":"https:\/\/radioljubuski.ba\/index.php\/2021\/11\/07\/u-zagrebu-se-okupila-zenska-kosarkaska-reprezentacija\/","title":{"rendered":"U Zagrebu se okupila \u017eenska ko\u0161arka\u0161ka reprezentacija"},"content":{"rendered":"\n<p><strong>U Zagrebu se u nedjelju okupila \u017eenska ko\u0161arka\u0161ka reprezentacija pred skori po\u010detak prvog kvalifikacijskog ciklusa za Europsko prvenstvo 2023.<\/strong><\/p>\n\n\n\n<p>Reprezentativke su u pozitivnom ozra\u010dju uo\u010di novih izazova, zajedno sa stru\u010dnim sto\u017eerom predvo\u0111enim izbornikom&nbsp;<strong>Stipom Brali\u0107em<\/strong>, odmah krenule za Terme Tuhelj, a ve\u0107 \u0107e u ve\u010dernjim satima odraditi i prvi trening u Zaboku.<\/p>\n\n\n\n<p>Upravo u Zaboku \u0107e, 14. studenog s po\u010detkom u 18 sati odigrati utakmicu kvalifikacija protiv najte\u017eeg protivnika aktualnih europskih prvakinja Srpkinja. Prije te utakmice, hrvatske ko\u0161arka\u0161ice ve\u0107 u \u010detvrtak, 11. studenoga u bugarskom Botevgradu, gradi\u0107u blizu Sofije, igraju protiv Bugarske.<\/p>\n\n\n\n<p>&#8211; Novi kvalifikacijski ciklus po\u010dinje u gostima protiv ekipe Bugarske, a zatim imamo prvakinje Europe Srpkinje kod ku\u0107e. Imamo dva-tri dana da se pripremimo i nadam se da \u0107emo odigrati \u0161to bolje. Plan je poku\u0161ati u Bugarskoj pobijediti utakmicu i onda protiv Srbije dati sve od sebe, odigrati na maksimumu i nekom na\u0161om prepoznatljivom igrom poku\u0161ati i tu iznenaditi. Ima ne\u0161to sitno izmjena, neke su igra\u010dice nove u odnosu na sastav s Europskog prvenstva. U ovom trenutku nema centra&nbsp;<strong>Tikvi\u0107&nbsp;<\/strong>i&nbsp;<strong>Mileti\u0107<\/strong>&nbsp;na poziciji \u010detvorke. Vidjet \u0107emo kako \u0107e se nove djevojke uklopiti, iako su neke bile prisutne u prethodnim kvalifikacijskim ciklusima, kazao je izbornik Brali\u0107, koji je iskazao o\u010dekivanja od prve utakmice u Bugarskoj:<\/p>\n\n\n\n<p>&#8211; Nije lako igrati u gostima, a i Bugarska je jedna solidna reprezentacija. Kvalifikacije su zaista kratke, igra se nakon dva-tri treninga i tu jednostavno nema puno prilika za popravljanje. Tko se sna\u0111e u tih par utakmica, izbori plasman na Europsko prvenstvo. \u017densko ko\u0161arka\u0161ko europsko prvenstvo je jedno od rijetkih kolektivnih sportova koje je ostalo na 16 reprezentacija koje nastupaju, svi su ostali podigli format na 24. No, nije bilo lako ni u pro\u0161lim kvalifikacijama pa smo pro\u0161li, idemo poku\u0161ati napraviti isti uspjeh.<\/p>\n\n\n\n<p>IGRA\u010cICE:<\/p>\n\n\n\n<p>IVANA DOJKI\u0106 Virtus Segafredo Bologna, Italija<\/p>\n\n\n\n<p>MATEA TADI\u0106 Piestanske Cajky, Slova\u010dka<\/p>\n\n\n\n<p>ANA PETRAK \u017dKK Medve\u0161\u010dak<\/p>\n\n\n\n<p>CARMEN MILOGLAV \u017dKK Ragusa<\/p>\n\n\n\n<p>NIKA LOKICA KA \u017dana Lelas<\/p>\n\n\n\n<p>AN\u0110ELA MARI\u0106 Rheinland Lions, Njema\u010dka<\/p>\n\n\n\n<p>MIA MA\u0160I\u0106 Perfumerias Avenida, \u0160panjolska<\/p>\n\n\n\n<p>IVA SLONJ\u0160AK Union Feminine Angers Basket, Francuska<\/p>\n\n\n\n<p>KLAUDIA PERI\u0160A A.S.D. Pallacanestro Femminile Broni 93, Italija<\/p>\n\n\n\n<p>ANA-MARIJA BEGI\u0106 Arka Gdynia, Poljska<\/p>\n\n\n\n<p>DORJA IVA \u017dAJA KK Tre\u0161njevka 2009<\/p>\n\n\n\n<p>ANDRIJANA CVITKOVI\u0106 Ibaeta De Balocesto San Sebastian, \u0160panjolska<\/p>\n\n\n\n<p>NINA DEDI\u0106 A.S.D. Pallacanestro Femminile Broni 93, Italija<\/p>\n\n\n\n<p>PATRICIA BURA MBK Ru\u017eomberok, Slova\u010dka<\/p>\n\n\n\n<p>Izvor:hrt.hr<\/p>\n","protected":false},"excerpt":{"rendered":"<p>U Zagrebu se u nedjelju okupila \u017eenska ko\u0161arka\u0161ka reprezentacija pred skori po\u010detak prvog kvalifikacijskog ciklusa za Europsko prvenstvo 2023. Reprezentativke su u pozitivnom ozra\u010dju uo\u010di novih izazova, zajedno sa stru\u010dnim sto\u017eerom predvo\u0111enim izbornikom&nbsp;Stipom Brali\u0107em, odmah krenule za Terme Tuhelj, a ve\u0107 \u0107e u ve\u010dernjim satima odraditi i prvi trening u Zaboku. Upravo u Zaboku \u0107e, [&hellip;]<\/p>\n","protected":false},"author":2,"featured_media":86262,"comment_status":"closed","ping_status":"closed","sticky":false,"template":"","format":"standard","meta":{"h5ap_radio_sources":[],"footnotes":""},"categories":[7],"tags":[],"class_list":["post-86261","post","type-post","status-publish","format-standard","has-post-thumbnail","hentry","category-sport"],"yoast_head":"<!-- This site is optimized with the Yoast SEO plugin v27.5 - https:\/\/yoast.com\/product\/yoast-seo-wordpress\/ -->\n<title>U Zagrebu se okupila \u017eenska ko\u0161arka\u0161ka reprezentacija - RADIO LJUBU\u0160KI<\/title>\n<meta name=\"robots\" content=\"index, follow, max-snippet:-1, max-image-preview:large, max-video-preview:-1\" \/>\n<link rel=\"canonical\" href=\"https:\/\/radioljubuski.ba\/index.php\/2021\/11\/07\/u-zagrebu-se-okupila-zenska-kosarkaska-reprezentacija\/\" \/>\n<meta property=\"og:locale\" content=\"hr_HR\" \/>\n<meta property=\"og:type\" content=\"article\" \/>\n<meta property=\"og:title\" content=\"U Zagrebu se okupila \u017eenska ko\u0161arka\u0161ka reprezentacija - RADIO LJUBU\u0160KI\" \/>\n<meta property=\"og:description\" content=\"U Zagrebu se u nedjelju okupila \u017eenska ko\u0161arka\u0161ka reprezentacija pred skori po\u010detak prvog kvalifikacijskog ciklusa za Europsko prvenstvo 2023. Reprezentativke su u pozitivnom ozra\u010dju uo\u010di novih izazova, zajedno sa stru\u010dnim sto\u017eerom predvo\u0111enim izbornikom&nbsp;Stipom Brali\u0107em, odmah krenule za Terme Tuhelj, a ve\u0107 \u0107e u ve\u010dernjim satima odraditi i prvi trening u Zaboku. Upravo u Zaboku \u0107e, [&hellip;]\" \/>\n<meta property=\"og:url\" content=\"https:\/\/radioljubuski.ba\/index.php\/2021\/11\/07\/u-zagrebu-se-okupila-zenska-kosarkaska-reprezentacija\/\" \/>\n<meta property=\"og:site_name\" content=\"RADIO LJUBU\u0160KI\" \/>\n<meta property=\"article:publisher\" content=\"https:\/\/www.facebook.com\/Radiio-Ljubuski-1490835324566332\" \/>\n<meta property=\"article:published_time\" content=\"2021-11-07T19:31:58+00:00\" \/>\n<meta property=\"og:image\" content=\"https:\/\/radioljubuski.ba\/wp-content\/uploads\/2021\/11\/46d7ac54da6a58f3deb68eda0ec2cc82_view_article_new.jpg\" \/>\n\t<meta property=\"og:image:width\" content=\"860\" \/>\n\t<meta property=\"og:image:height\" content=\"430\" \/>\n\t<meta property=\"og:image:type\" content=\"image\/jpeg\" \/>\n<meta name=\"author\" content=\"Radio Ljubu\u0161ki\" \/>\n<meta name=\"twitter:card\" content=\"summary_large_image\" \/>\n<meta name=\"twitter:creator\" content=\"@radioljubuski\" \/>\n<meta name=\"twitter:site\" content=\"@radioljubuski\" \/>\n<meta name=\"twitter:label1\" content=\"Napisao\/la\" \/>\n\t<meta name=\"twitter:data1\" content=\"Radio Ljubu\u0161ki\" \/>\n\t<meta name=\"twitter:label2\" content=\"Procijenjeno vrijeme \u010ditanja\" \/>\n\t<meta name=\"twitter:data2\" content=\"2 minute\" \/>\n<script type=\"application\/ld+json\" class=\"yoast-schema-graph\">{\"@context\":\"https:\\\/\\\/schema.org\",\"@graph\":[{\"@type\":\"Article\",\"@id\":\"https:\\\/\\\/radioljubuski.ba\\\/index.php\\\/2021\\\/11\\\/07\\\/u-zagrebu-se-okupila-zenska-kosarkaska-reprezentacija\\\/#article\",\"isPartOf\":{\"@id\":\"https:\\\/\\\/radioljubuski.ba\\\/index.php\\\/2021\\\/11\\\/07\\\/u-zagrebu-se-okupila-zenska-kosarkaska-reprezentacija\\\/\"},\"author\":{\"name\":\"Radio Ljubu\u0161ki\",\"@id\":\"https:\\\/\\\/radioljubuski.ba\\\/#\\\/schema\\\/person\\\/19fc700381a780f69665d7956c469e3b\"},\"headline\":\"U Zagrebu se okupila \u017eenska ko\u0161arka\u0161ka reprezentacija\",\"datePublished\":\"2021-11-07T19:31:58+00:00\",\"mainEntityOfPage\":{\"@id\":\"https:\\\/\\\/radioljubuski.ba\\\/index.php\\\/2021\\\/11\\\/07\\\/u-zagrebu-se-okupila-zenska-kosarkaska-reprezentacija\\\/\"},\"wordCount\":424,\"publisher\":{\"@id\":\"https:\\\/\\\/radioljubuski.ba\\\/#organization\"},\"image\":{\"@id\":\"https:\\\/\\\/radioljubuski.ba\\\/index.php\\\/2021\\\/11\\\/07\\\/u-zagrebu-se-okupila-zenska-kosarkaska-reprezentacija\\\/#primaryimage\"},\"thumbnailUrl\":\"https:\\\/\\\/radioljubuski.ba\\\/wp-content\\\/uploads\\\/2021\\\/11\\\/46d7ac54da6a58f3deb68eda0ec2cc82_view_article_new.jpg\",\"articleSection\":[\"\u0160port\"],\"inLanguage\":\"hr\"},{\"@type\":\"WebPage\",\"@id\":\"https:\\\/\\\/radioljubuski.ba\\\/index.php\\\/2021\\\/11\\\/07\\\/u-zagrebu-se-okupila-zenska-kosarkaska-reprezentacija\\\/\",\"url\":\"https:\\\/\\\/radioljubuski.ba\\\/index.php\\\/2021\\\/11\\\/07\\\/u-zagrebu-se-okupila-zenska-kosarkaska-reprezentacija\\\/\",\"name\":\"U Zagrebu se okupila \u017eenska ko\u0161arka\u0161ka reprezentacija - RADIO LJUBU\u0160KI\",\"isPartOf\":{\"@id\":\"https:\\\/\\\/radioljubuski.ba\\\/#website\"},\"primaryImageOfPage\":{\"@id\":\"https:\\\/\\\/radioljubuski.ba\\\/index.php\\\/2021\\\/11\\\/07\\\/u-zagrebu-se-okupila-zenska-kosarkaska-reprezentacija\\\/#primaryimage\"},\"image\":{\"@id\":\"https:\\\/\\\/radioljubuski.ba\\\/index.php\\\/2021\\\/11\\\/07\\\/u-zagrebu-se-okupila-zenska-kosarkaska-reprezentacija\\\/#primaryimage\"},\"thumbnailUrl\":\"https:\\\/\\\/radioljubuski.ba\\\/wp-content\\\/uploads\\\/2021\\\/11\\\/46d7ac54da6a58f3deb68eda0ec2cc82_view_article_new.jpg\",\"datePublished\":\"2021-11-07T19:31:58+00:00\",\"breadcrumb\":{\"@id\":\"https:\\\/\\\/radioljubuski.ba\\\/index.php\\\/2021\\\/11\\\/07\\\/u-zagrebu-se-okupila-zenska-kosarkaska-reprezentacija\\\/#breadcrumb\"},\"inLanguage\":\"hr\",\"potentialAction\":[{\"@type\":\"ReadAction\",\"target\":[\"https:\\\/\\\/radioljubuski.ba\\\/index.php\\\/2021\\\/11\\\/07\\\/u-zagrebu-se-okupila-zenska-kosarkaska-reprezentacija\\\/\"]}]},{\"@type\":\"ImageObject\",\"inLanguage\":\"hr\",\"@id\":\"https:\\\/\\\/radioljubuski.ba\\\/index.php\\\/2021\\\/11\\\/07\\\/u-zagrebu-se-okupila-zenska-kosarkaska-reprezentacija\\\/#primaryimage\",\"url\":\"https:\\\/\\\/radioljubuski.ba\\\/wp-content\\\/uploads\\\/2021\\\/11\\\/46d7ac54da6a58f3deb68eda0ec2cc82_view_article_new.jpg\",\"contentUrl\":\"https:\\\/\\\/radioljubuski.ba\\\/wp-content\\\/uploads\\\/2021\\\/11\\\/46d7ac54da6a58f3deb68eda0ec2cc82_view_article_new.jpg\",\"width\":860,\"height\":430},{\"@type\":\"BreadcrumbList\",\"@id\":\"https:\\\/\\\/radioljubuski.ba\\\/index.php\\\/2021\\\/11\\\/07\\\/u-zagrebu-se-okupila-zenska-kosarkaska-reprezentacija\\\/#breadcrumb\",\"itemListElement\":[{\"@type\":\"ListItem\",\"position\":1,\"name\":\"Po\u010detna stranica\",\"item\":\"https:\\\/\\\/radioljubuski.ba\\\/\"},{\"@type\":\"ListItem\",\"position\":2,\"name\":\"U Zagrebu se okupila \u017eenska ko\u0161arka\u0161ka reprezentacija\"}]},{\"@type\":\"WebSite\",\"@id\":\"https:\\\/\\\/radioljubuski.ba\\\/#website\",\"url\":\"https:\\\/\\\/radioljubuski.ba\\\/\",\"name\":\"Radio Ljubu\u0161ki\",\"description\":\"Sun\u010dana frekvencija Hercegovine\",\"publisher\":{\"@id\":\"https:\\\/\\\/radioljubuski.ba\\\/#organization\"},\"potentialAction\":[{\"@type\":\"SearchAction\",\"target\":{\"@type\":\"EntryPoint\",\"urlTemplate\":\"https:\\\/\\\/radioljubuski.ba\\\/?s={search_term_string}\"},\"query-input\":{\"@type\":\"PropertyValueSpecification\",\"valueRequired\":true,\"valueName\":\"search_term_string\"}}],\"inLanguage\":\"hr\"},{\"@type\":\"Organization\",\"@id\":\"https:\\\/\\\/radioljubuski.ba\\\/#organization\",\"name\":\"Radio Ljubu\u0161ki\",\"url\":\"https:\\\/\\\/radioljubuski.ba\\\/\",\"logo\":{\"@type\":\"ImageObject\",\"inLanguage\":\"hr\",\"@id\":\"https:\\\/\\\/radioljubuski.ba\\\/#\\\/schema\\\/logo\\\/image\\\/\",\"url\":\"https:\\\/\\\/radioljubuski.ba\\\/wp-content\\\/uploads\\\/2021\\\/02\\\/cropped-Radio_Ljubuski_logo1.jpg\",\"contentUrl\":\"https:\\\/\\\/radioljubuski.ba\\\/wp-content\\\/uploads\\\/2021\\\/02\\\/cropped-Radio_Ljubuski_logo1.jpg\",\"width\":512,\"height\":512,\"caption\":\"Radio Ljubu\u0161ki\"},\"image\":{\"@id\":\"https:\\\/\\\/radioljubuski.ba\\\/#\\\/schema\\\/logo\\\/image\\\/\"},\"sameAs\":[\"https:\\\/\\\/www.facebook.com\\\/Radiio-Ljubuski-1490835324566332\",\"https:\\\/\\\/x.com\\\/radioljubuski\",\"https:\\\/\\\/hr.linkedin.com\\\/company\\\/radio-ljubuski\",\"https:\\\/\\\/www.youtube.com\\\/channel\\\/UCHYaeO_n0Db3tjNGudGpXyw\"]},{\"@type\":\"Person\",\"@id\":\"https:\\\/\\\/radioljubuski.ba\\\/#\\\/schema\\\/person\\\/19fc700381a780f69665d7956c469e3b\",\"name\":\"Radio Ljubu\u0161ki\"}]}<\/script>\n<!-- \/ Yoast SEO plugin. -->","yoast_head_json":{"title":"U Zagrebu se okupila \u017eenska ko\u0161arka\u0161ka reprezentacija - RADIO LJUBU\u0160KI","robots":{"index":"index","follow":"follow","max-snippet":"max-snippet:-1","max-image-preview":"max-image-preview:large","max-video-preview":"max-video-preview:-1"},"canonical":"https:\/\/radioljubuski.ba\/index.php\/2021\/11\/07\/u-zagrebu-se-okupila-zenska-kosarkaska-reprezentacija\/","og_locale":"hr_HR","og_type":"article","og_title":"U Zagrebu se okupila \u017eenska ko\u0161arka\u0161ka reprezentacija - RADIO LJUBU\u0160KI","og_description":"U Zagrebu se u nedjelju okupila \u017eenska ko\u0161arka\u0161ka reprezentacija pred skori po\u010detak prvog kvalifikacijskog ciklusa za Europsko prvenstvo 2023. Reprezentativke su u pozitivnom ozra\u010dju uo\u010di novih izazova, zajedno sa stru\u010dnim sto\u017eerom predvo\u0111enim izbornikom&nbsp;Stipom Brali\u0107em, odmah krenule za Terme Tuhelj, a ve\u0107 \u0107e u ve\u010dernjim satima odraditi i prvi trening u Zaboku. Upravo u Zaboku \u0107e, [&hellip;]","og_url":"https:\/\/radioljubuski.ba\/index.php\/2021\/11\/07\/u-zagrebu-se-okupila-zenska-kosarkaska-reprezentacija\/","og_site_name":"RADIO LJUBU\u0160KI","article_publisher":"https:\/\/www.facebook.com\/Radiio-Ljubuski-1490835324566332","article_published_time":"2021-11-07T19:31:58+00:00","og_image":[{"width":860,"height":430,"url":"https:\/\/radioljubuski.ba\/wp-content\/uploads\/2021\/11\/46d7ac54da6a58f3deb68eda0ec2cc82_view_article_new.jpg","type":"image\/jpeg"}],"author":"Radio Ljubu\u0161ki","twitter_card":"summary_large_image","twitter_creator":"@radioljubuski","twitter_site":"@radioljubuski","twitter_misc":{"Napisao\/la":"Radio Ljubu\u0161ki","Procijenjeno vrijeme \u010ditanja":"2 minute"},"schema":{"@context":"https:\/\/schema.org","@graph":[{"@type":"Article","@id":"https:\/\/radioljubuski.ba\/index.php\/2021\/11\/07\/u-zagrebu-se-okupila-zenska-kosarkaska-reprezentacija\/#article","isPartOf":{"@id":"https:\/\/radioljubuski.ba\/index.php\/2021\/11\/07\/u-zagrebu-se-okupila-zenska-kosarkaska-reprezentacija\/"},"author":{"name":"Radio Ljubu\u0161ki","@id":"https:\/\/radioljubuski.ba\/#\/schema\/person\/19fc700381a780f69665d7956c469e3b"},"headline":"U Zagrebu se okupila \u017eenska ko\u0161arka\u0161ka reprezentacija","datePublished":"2021-11-07T19:31:58+00:00","mainEntityOfPage":{"@id":"https:\/\/radioljubuski.ba\/index.php\/2021\/11\/07\/u-zagrebu-se-okupila-zenska-kosarkaska-reprezentacija\/"},"wordCount":424,"publisher":{"@id":"https:\/\/radioljubuski.ba\/#organization"},"image":{"@id":"https:\/\/radioljubuski.ba\/index.php\/2021\/11\/07\/u-zagrebu-se-okupila-zenska-kosarkaska-reprezentacija\/#primaryimage"},"thumbnailUrl":"https:\/\/radioljubuski.ba\/wp-content\/uploads\/2021\/11\/46d7ac54da6a58f3deb68eda0ec2cc82_view_article_new.jpg","articleSection":["\u0160port"],"inLanguage":"hr"},{"@type":"WebPage","@id":"https:\/\/radioljubuski.ba\/index.php\/2021\/11\/07\/u-zagrebu-se-okupila-zenska-kosarkaska-reprezentacija\/","url":"https:\/\/radioljubuski.ba\/index.php\/2021\/11\/07\/u-zagrebu-se-okupila-zenska-kosarkaska-reprezentacija\/","name":"U Zagrebu se okupila \u017eenska ko\u0161arka\u0161ka reprezentacija - RADIO LJUBU\u0160KI","isPartOf":{"@id":"https:\/\/radioljubuski.ba\/#website"},"primaryImageOfPage":{"@id":"https:\/\/radioljubuski.ba\/index.php\/2021\/11\/07\/u-zagrebu-se-okupila-zenska-kosarkaska-reprezentacija\/#primaryimage"},"image":{"@id":"https:\/\/radioljubuski.ba\/index.php\/2021\/11\/07\/u-zagrebu-se-okupila-zenska-kosarkaska-reprezentacija\/#primaryimage"},"thumbnailUrl":"https:\/\/radioljubuski.ba\/wp-content\/uploads\/2021\/11\/46d7ac54da6a58f3deb68eda0ec2cc82_view_article_new.jpg","datePublished":"2021-11-07T19:31:58+00:00","breadcrumb":{"@id":"https:\/\/radioljubuski.ba\/index.php\/2021\/11\/07\/u-zagrebu-se-okupila-zenska-kosarkaska-reprezentacija\/#breadcrumb"},"inLanguage":"hr","potentialAction":[{"@type":"ReadAction","target":["https:\/\/radioljubuski.ba\/index.php\/2021\/11\/07\/u-zagrebu-se-okupila-zenska-kosarkaska-reprezentacija\/"]}]},{"@type":"ImageObject","inLanguage":"hr","@id":"https:\/\/radioljubuski.ba\/index.php\/2021\/11\/07\/u-zagrebu-se-okupila-zenska-kosarkaska-reprezentacija\/#primaryimage","url":"https:\/\/radioljubuski.ba\/wp-content\/uploads\/2021\/11\/46d7ac54da6a58f3deb68eda0ec2cc82_view_article_new.jpg","contentUrl":"https:\/\/radioljubuski.ba\/wp-content\/uploads\/2021\/11\/46d7ac54da6a58f3deb68eda0ec2cc82_view_article_new.jpg","width":860,"height":430},{"@type":"BreadcrumbList","@id":"https:\/\/radioljubuski.ba\/index.php\/2021\/11\/07\/u-zagrebu-se-okupila-zenska-kosarkaska-reprezentacija\/#breadcrumb","itemListElement":[{"@type":"ListItem","position":1,"name":"Po\u010detna stranica","item":"https:\/\/radioljubuski.ba\/"},{"@type":"ListItem","position":2,"name":"U Zagrebu se okupila \u017eenska ko\u0161arka\u0161ka reprezentacija"}]},{"@type":"WebSite","@id":"https:\/\/radioljubuski.ba\/#website","url":"https:\/\/radioljubuski.ba\/","name":"Radio Ljubu\u0161ki","description":"Sun\u010dana frekvencija Hercegovine","publisher":{"@id":"https:\/\/radioljubuski.ba\/#organization"},"potentialAction":[{"@type":"SearchAction","target":{"@type":"EntryPoint","urlTemplate":"https:\/\/radioljubuski.ba\/?s={search_term_string}"},"query-input":{"@type":"PropertyValueSpecification","valueRequired":true,"valueName":"search_term_string"}}],"inLanguage":"hr"},{"@type":"Organization","@id":"https:\/\/radioljubuski.ba\/#organization","name":"Radio Ljubu\u0161ki","url":"https:\/\/radioljubuski.ba\/","logo":{"@type":"ImageObject","inLanguage":"hr","@id":"https:\/\/radioljubuski.ba\/#\/schema\/logo\/image\/","url":"https:\/\/radioljubuski.ba\/wp-content\/uploads\/2021\/02\/cropped-Radio_Ljubuski_logo1.jpg","contentUrl":"https:\/\/radioljubuski.ba\/wp-content\/uploads\/2021\/02\/cropped-Radio_Ljubuski_logo1.jpg","width":512,"height":512,"caption":"Radio Ljubu\u0161ki"},"image":{"@id":"https:\/\/radioljubuski.ba\/#\/schema\/logo\/image\/"},"sameAs":["https:\/\/www.facebook.com\/Radiio-Ljubuski-1490835324566332","https:\/\/x.com\/radioljubuski","https:\/\/hr.linkedin.com\/company\/radio-ljubuski","https:\/\/www.youtube.com\/channel\/UCHYaeO_n0Db3tjNGudGpXyw"]},{"@type":"Person","@id":"https:\/\/radioljubuski.ba\/#\/schema\/person\/19fc700381a780f69665d7956c469e3b","name":"Radio Ljubu\u0161ki"}]}},"_links":{"self":[{"href":"https:\/\/radioljubuski.ba\/index.php\/wp-json\/wp\/v2\/posts\/86261","targetHints":{"allow":["GET"]}}],"collection":[{"href":"https:\/\/radioljubuski.ba\/index.php\/wp-json\/wp\/v2\/posts"}],"about":[{"href":"https:\/\/radioljubuski.ba\/index.php\/wp-json\/wp\/v2\/types\/post"}],"author":[{"embeddable":true,"href":"https:\/\/radioljubuski.ba\/index.php\/wp-json\/wp\/v2\/users\/2"}],"replies":[{"embeddable":true,"href":"https:\/\/radioljubuski.ba\/index.php\/wp-json\/wp\/v2\/comments?post=86261"}],"version-history":[{"count":1,"href":"https:\/\/radioljubuski.ba\/index.php\/wp-json\/wp\/v2\/posts\/86261\/revisions"}],"predecessor-version":[{"id":86263,"href":"https:\/\/radioljubuski.ba\/index.php\/wp-json\/wp\/v2\/posts\/86261\/revisions\/86263"}],"wp:featuredmedia":[{"embeddable":true,"href":"https:\/\/radioljubuski.ba\/index.php\/wp-json\/wp\/v2\/media\/86262"}],"wp:attachment":[{"href":"https:\/\/radioljubuski.ba\/index.php\/wp-json\/wp\/v2\/media?parent=86261"}],"wp:term":[{"taxonomy":"category","embeddable":true,"href":"https:\/\/radioljubuski.ba\/index.php\/wp-json\/wp\/v2\/categories?post=86261"},{"taxonomy":"post_tag","embeddable":true,"href":"https:\/\/radioljubuski.ba\/index.php\/wp-json\/wp\/v2\/tags?post=86261"}],"curies":[{"name":"wp","href":"https:\/\/api.w.org\/{rel}","templated":true}]}}