{"id":86264,"date":"2021-11-07T20:33:33","date_gmt":"2021-11-07T19:33:33","guid":{"rendered":"https:\/\/radioljubuski.ba\/?p=86264"},"modified":"2021-11-07T20:33:34","modified_gmt":"2021-11-07T19:33:34","slug":"bjelica-mozda-se-moglo-ocekivati-da-ce-biti-i-slabijih-razdoblja-u-igri","status":"publish","type":"post","link":"https:\/\/radioljubuski.ba\/index.php\/2021\/11\/07\/bjelica-mozda-se-moglo-ocekivati-da-ce-biti-i-slabijih-razdoblja-u-igri\/","title":{"rendered":"Bjelica: Mo\u017eda se moglo o\u010dekivati da \u0107e biti i slabijih razdoblja u igri"},"content":{"rendered":"\n<p><strong>Trener Osijeka Nenad Bjelica bio je zadovoljan s 3:0 pobjedom protiv Istre 1961 u 15. kolu Prve HNL.<\/strong><\/p>\n\n\n\n<p>&#8211; \u010cestitao bih igra\u010dima na jo\u0161 jednoj dobroj utakmici, protivnik je do\u0161ao igrati, a ne se samo braniti. Pokazali su se kao mlada, poletna i kvalitetna mom\u010dad koja nije do danas pora\u017eena na \u010detiri gostovanja iako su igrali s ozbiljnim protivnicima. Mo\u017eda nismo zavrijedili ba\u0161 ovako uvjerljiv trijumf, ali smo sigurno zaslu\u017eeno pobjednici. Imali smo idealan po\u010detak, zabili brzo gol i onda jo\u0161 imali odli\u010dne prigode&nbsp;<strong>\u017dapera&nbsp;<\/strong>i u dva navrata&nbsp;<strong>Top\u010dagi\u0107a<\/strong>. No, u posljednjih petnaestak minuta prvog dijela smo malo pali, nismo dovoljno dobro radili pritisak, posebno na njihove bo\u010dne igra\u010de. To nam je znak da moramo i dalje jako naporno radili da bismo igrali na visokoj razini svih 90 minuta, rekao je Bjelica nakon utakmice.<br><br>Bila je to prva utakmica za Osje\u010dane nakon \u0161to je odgo\u0111ena pro\u0161lotjedni dvoboj s Rijekom zbog zaraze koronavirusom.<br><br>&#8211; Nismo igrali od Kupa s Rude\u0161om, mo\u017eda se moglo o\u010dekivati da \u0107e biti i slabijih razdoblja u igri. Mom\u010dad je drugo poluvrijeme iza\u0161la na teren kao \u0161to je krenula od po\u010detka susreta, ali je odr\u017eala cijelo poluvrijeme taj ritam. \u010cestitam i Istri na kvalitetnoj utakmici, imali su tri prave \u0161anse, to je malo koji protivnik stvorio na na\u0161em terenu, rekao je Bjelica te pohvalio i publiku koja je do\u0161la po ki\u0161ovitom vremenu:<br><br>&#8211; Imali smo pravu podr\u0161ku, igra\u010di su se tada podigli za dvadesetak posto, a drugi nam je gol dao odre\u0111enu mirno\u0107u. Mogli smo se tada malo povu\u0107i i prijetiti iz kontre, a onda je do\u0161ao i taj tre\u0107i pogodak preko&nbsp;<strong>Fioli\u0107a<\/strong>. Jako sam sretan zbog svih i cijele mom\u010dadi koja je zaista dala puno.<\/p>\n\n\n\n<p>Izvor:hrt.hr<\/p>\n","protected":false},"excerpt":{"rendered":"<p>Trener Osijeka Nenad Bjelica bio je zadovoljan s 3:0 pobjedom protiv Istre 1961 u 15. kolu Prve HNL. &#8211; \u010cestitao bih igra\u010dima na jo\u0161 jednoj dobroj utakmici, protivnik je do\u0161ao igrati, a ne se samo braniti. Pokazali su se kao mlada, poletna i kvalitetna mom\u010dad koja nije do danas pora\u017eena na \u010detiri gostovanja iako su [&hellip;]<\/p>\n","protected":false},"author":2,"featured_media":0,"comment_status":"closed","ping_status":"closed","sticky":false,"template":"","format":"standard","meta":{"h5ap_radio_sources":[],"footnotes":""},"categories":[7],"tags":[],"class_list":["post-86264","post","type-post","status-publish","format-standard","hentry","category-sport"],"yoast_head":"<!-- This site is optimized with the Yoast SEO plugin v27.5 - https:\/\/yoast.com\/product\/yoast-seo-wordpress\/ -->\n<title>Bjelica: Mo\u017eda se moglo o\u010dekivati da \u0107e biti i slabijih razdoblja u igri - RADIO LJUBU\u0160KI<\/title>\n<meta name=\"robots\" content=\"index, follow, max-snippet:-1, max-image-preview:large, max-video-preview:-1\" \/>\n<link rel=\"canonical\" href=\"https:\/\/radioljubuski.ba\/index.php\/2021\/11\/07\/bjelica-mozda-se-moglo-ocekivati-da-ce-biti-i-slabijih-razdoblja-u-igri\/\" \/>\n<meta property=\"og:locale\" content=\"hr_HR\" \/>\n<meta property=\"og:type\" content=\"article\" \/>\n<meta property=\"og:title\" content=\"Bjelica: Mo\u017eda se moglo o\u010dekivati da \u0107e biti i slabijih razdoblja u igri - RADIO LJUBU\u0160KI\" \/>\n<meta property=\"og:description\" content=\"Trener Osijeka Nenad Bjelica bio je zadovoljan s 3:0 pobjedom protiv Istre 1961 u 15. kolu Prve HNL. &#8211; \u010cestitao bih igra\u010dima na jo\u0161 jednoj dobroj utakmici, protivnik je do\u0161ao igrati, a ne se samo braniti. Pokazali su se kao mlada, poletna i kvalitetna mom\u010dad koja nije do danas pora\u017eena na \u010detiri gostovanja iako su [&hellip;]\" \/>\n<meta property=\"og:url\" content=\"https:\/\/radioljubuski.ba\/index.php\/2021\/11\/07\/bjelica-mozda-se-moglo-ocekivati-da-ce-biti-i-slabijih-razdoblja-u-igri\/\" \/>\n<meta property=\"og:site_name\" content=\"RADIO LJUBU\u0160KI\" \/>\n<meta property=\"article:publisher\" content=\"https:\/\/www.facebook.com\/Radiio-Ljubuski-1490835324566332\" \/>\n<meta property=\"article:published_time\" content=\"2021-11-07T19:33:33+00:00\" \/>\n<meta property=\"article:modified_time\" content=\"2021-11-07T19:33:34+00:00\" \/>\n<meta property=\"og:image\" content=\"https:\/\/radioljubuski.ba\/wp-content\/uploads\/2021\/10\/pxl-261021-90356501-20211026153304.jpg\" \/>\n\t<meta property=\"og:image:width\" content=\"1600\" \/>\n\t<meta property=\"og:image:height\" content=\"1093\" \/>\n\t<meta property=\"og:image:type\" content=\"image\/jpeg\" \/>\n<meta name=\"author\" content=\"Radio Ljubu\u0161ki\" \/>\n<meta name=\"twitter:card\" content=\"summary_large_image\" \/>\n<meta name=\"twitter:creator\" content=\"@radioljubuski\" \/>\n<meta name=\"twitter:site\" content=\"@radioljubuski\" \/>\n<meta name=\"twitter:label1\" content=\"Napisao\/la\" \/>\n\t<meta name=\"twitter:data1\" content=\"Radio Ljubu\u0161ki\" \/>\n\t<meta name=\"twitter:label2\" content=\"Procijenjeno vrijeme \u010ditanja\" \/>\n\t<meta name=\"twitter:data2\" content=\"2 minute\" \/>\n<script type=\"application\/ld+json\" class=\"yoast-schema-graph\">{\"@context\":\"https:\\\/\\\/schema.org\",\"@graph\":[{\"@type\":\"Article\",\"@id\":\"https:\\\/\\\/radioljubuski.ba\\\/index.php\\\/2021\\\/11\\\/07\\\/bjelica-mozda-se-moglo-ocekivati-da-ce-biti-i-slabijih-razdoblja-u-igri\\\/#article\",\"isPartOf\":{\"@id\":\"https:\\\/\\\/radioljubuski.ba\\\/index.php\\\/2021\\\/11\\\/07\\\/bjelica-mozda-se-moglo-ocekivati-da-ce-biti-i-slabijih-razdoblja-u-igri\\\/\"},\"author\":{\"name\":\"Radio Ljubu\u0161ki\",\"@id\":\"https:\\\/\\\/radioljubuski.ba\\\/#\\\/schema\\\/person\\\/19fc700381a780f69665d7956c469e3b\"},\"headline\":\"Bjelica: Mo\u017eda se moglo o\u010dekivati da \u0107e biti i slabijih razdoblja u igri\",\"datePublished\":\"2021-11-07T19:33:33+00:00\",\"dateModified\":\"2021-11-07T19:33:34+00:00\",\"mainEntityOfPage\":{\"@id\":\"https:\\\/\\\/radioljubuski.ba\\\/index.php\\\/2021\\\/11\\\/07\\\/bjelica-mozda-se-moglo-ocekivati-da-ce-biti-i-slabijih-razdoblja-u-igri\\\/\"},\"wordCount\":332,\"publisher\":{\"@id\":\"https:\\\/\\\/radioljubuski.ba\\\/#organization\"},\"articleSection\":[\"\u0160port\"],\"inLanguage\":\"hr\"},{\"@type\":\"WebPage\",\"@id\":\"https:\\\/\\\/radioljubuski.ba\\\/index.php\\\/2021\\\/11\\\/07\\\/bjelica-mozda-se-moglo-ocekivati-da-ce-biti-i-slabijih-razdoblja-u-igri\\\/\",\"url\":\"https:\\\/\\\/radioljubuski.ba\\\/index.php\\\/2021\\\/11\\\/07\\\/bjelica-mozda-se-moglo-ocekivati-da-ce-biti-i-slabijih-razdoblja-u-igri\\\/\",\"name\":\"Bjelica: Mo\u017eda se moglo o\u010dekivati da \u0107e biti i slabijih razdoblja u igri - RADIO LJUBU\u0160KI\",\"isPartOf\":{\"@id\":\"https:\\\/\\\/radioljubuski.ba\\\/#website\"},\"datePublished\":\"2021-11-07T19:33:33+00:00\",\"dateModified\":\"2021-11-07T19:33:34+00:00\",\"breadcrumb\":{\"@id\":\"https:\\\/\\\/radioljubuski.ba\\\/index.php\\\/2021\\\/11\\\/07\\\/bjelica-mozda-se-moglo-ocekivati-da-ce-biti-i-slabijih-razdoblja-u-igri\\\/#breadcrumb\"},\"inLanguage\":\"hr\",\"potentialAction\":[{\"@type\":\"ReadAction\",\"target\":[\"https:\\\/\\\/radioljubuski.ba\\\/index.php\\\/2021\\\/11\\\/07\\\/bjelica-mozda-se-moglo-ocekivati-da-ce-biti-i-slabijih-razdoblja-u-igri\\\/\"]}]},{\"@type\":\"BreadcrumbList\",\"@id\":\"https:\\\/\\\/radioljubuski.ba\\\/index.php\\\/2021\\\/11\\\/07\\\/bjelica-mozda-se-moglo-ocekivati-da-ce-biti-i-slabijih-razdoblja-u-igri\\\/#breadcrumb\",\"itemListElement\":[{\"@type\":\"ListItem\",\"position\":1,\"name\":\"Po\u010detna stranica\",\"item\":\"https:\\\/\\\/radioljubuski.ba\\\/\"},{\"@type\":\"ListItem\",\"position\":2,\"name\":\"Bjelica: Mo\u017eda se moglo o\u010dekivati da \u0107e biti i slabijih razdoblja u igri\"}]},{\"@type\":\"WebSite\",\"@id\":\"https:\\\/\\\/radioljubuski.ba\\\/#website\",\"url\":\"https:\\\/\\\/radioljubuski.ba\\\/\",\"name\":\"Radio Ljubu\u0161ki\",\"description\":\"Sun\u010dana frekvencija Hercegovine\",\"publisher\":{\"@id\":\"https:\\\/\\\/radioljubuski.ba\\\/#organization\"},\"potentialAction\":[{\"@type\":\"SearchAction\",\"target\":{\"@type\":\"EntryPoint\",\"urlTemplate\":\"https:\\\/\\\/radioljubuski.ba\\\/?s={search_term_string}\"},\"query-input\":{\"@type\":\"PropertyValueSpecification\",\"valueRequired\":true,\"valueName\":\"search_term_string\"}}],\"inLanguage\":\"hr\"},{\"@type\":\"Organization\",\"@id\":\"https:\\\/\\\/radioljubuski.ba\\\/#organization\",\"name\":\"Radio Ljubu\u0161ki\",\"url\":\"https:\\\/\\\/radioljubuski.ba\\\/\",\"logo\":{\"@type\":\"ImageObject\",\"inLanguage\":\"hr\",\"@id\":\"https:\\\/\\\/radioljubuski.ba\\\/#\\\/schema\\\/logo\\\/image\\\/\",\"url\":\"https:\\\/\\\/radioljubuski.ba\\\/wp-content\\\/uploads\\\/2021\\\/02\\\/cropped-Radio_Ljubuski_logo1.jpg\",\"contentUrl\":\"https:\\\/\\\/radioljubuski.ba\\\/wp-content\\\/uploads\\\/2021\\\/02\\\/cropped-Radio_Ljubuski_logo1.jpg\",\"width\":512,\"height\":512,\"caption\":\"Radio Ljubu\u0161ki\"},\"image\":{\"@id\":\"https:\\\/\\\/radioljubuski.ba\\\/#\\\/schema\\\/logo\\\/image\\\/\"},\"sameAs\":[\"https:\\\/\\\/www.facebook.com\\\/Radiio-Ljubuski-1490835324566332\",\"https:\\\/\\\/x.com\\\/radioljubuski\",\"https:\\\/\\\/hr.linkedin.com\\\/company\\\/radio-ljubuski\",\"https:\\\/\\\/www.youtube.com\\\/channel\\\/UCHYaeO_n0Db3tjNGudGpXyw\"]},{\"@type\":\"Person\",\"@id\":\"https:\\\/\\\/radioljubuski.ba\\\/#\\\/schema\\\/person\\\/19fc700381a780f69665d7956c469e3b\",\"name\":\"Radio Ljubu\u0161ki\"}]}<\/script>\n<!-- \/ Yoast SEO plugin. -->","yoast_head_json":{"title":"Bjelica: Mo\u017eda se moglo o\u010dekivati da \u0107e biti i slabijih razdoblja u igri - RADIO LJUBU\u0160KI","robots":{"index":"index","follow":"follow","max-snippet":"max-snippet:-1","max-image-preview":"max-image-preview:large","max-video-preview":"max-video-preview:-1"},"canonical":"https:\/\/radioljubuski.ba\/index.php\/2021\/11\/07\/bjelica-mozda-se-moglo-ocekivati-da-ce-biti-i-slabijih-razdoblja-u-igri\/","og_locale":"hr_HR","og_type":"article","og_title":"Bjelica: Mo\u017eda se moglo o\u010dekivati da \u0107e biti i slabijih razdoblja u igri - RADIO LJUBU\u0160KI","og_description":"Trener Osijeka Nenad Bjelica bio je zadovoljan s 3:0 pobjedom protiv Istre 1961 u 15. kolu Prve HNL. &#8211; \u010cestitao bih igra\u010dima na jo\u0161 jednoj dobroj utakmici, protivnik je do\u0161ao igrati, a ne se samo braniti. Pokazali su se kao mlada, poletna i kvalitetna mom\u010dad koja nije do danas pora\u017eena na \u010detiri gostovanja iako su [&hellip;]","og_url":"https:\/\/radioljubuski.ba\/index.php\/2021\/11\/07\/bjelica-mozda-se-moglo-ocekivati-da-ce-biti-i-slabijih-razdoblja-u-igri\/","og_site_name":"RADIO LJUBU\u0160KI","article_publisher":"https:\/\/www.facebook.com\/Radiio-Ljubuski-1490835324566332","article_published_time":"2021-11-07T19:33:33+00:00","article_modified_time":"2021-11-07T19:33:34+00:00","og_image":[{"width":1600,"height":1093,"url":"https:\/\/radioljubuski.ba\/wp-content\/uploads\/2021\/10\/pxl-261021-90356501-20211026153304.jpg","type":"image\/jpeg"}],"author":"Radio Ljubu\u0161ki","twitter_card":"summary_large_image","twitter_creator":"@radioljubuski","twitter_site":"@radioljubuski","twitter_misc":{"Napisao\/la":"Radio Ljubu\u0161ki","Procijenjeno vrijeme \u010ditanja":"2 minute"},"schema":{"@context":"https:\/\/schema.org","@graph":[{"@type":"Article","@id":"https:\/\/radioljubuski.ba\/index.php\/2021\/11\/07\/bjelica-mozda-se-moglo-ocekivati-da-ce-biti-i-slabijih-razdoblja-u-igri\/#article","isPartOf":{"@id":"https:\/\/radioljubuski.ba\/index.php\/2021\/11\/07\/bjelica-mozda-se-moglo-ocekivati-da-ce-biti-i-slabijih-razdoblja-u-igri\/"},"author":{"name":"Radio Ljubu\u0161ki","@id":"https:\/\/radioljubuski.ba\/#\/schema\/person\/19fc700381a780f69665d7956c469e3b"},"headline":"Bjelica: Mo\u017eda se moglo o\u010dekivati da \u0107e biti i slabijih razdoblja u igri","datePublished":"2021-11-07T19:33:33+00:00","dateModified":"2021-11-07T19:33:34+00:00","mainEntityOfPage":{"@id":"https:\/\/radioljubuski.ba\/index.php\/2021\/11\/07\/bjelica-mozda-se-moglo-ocekivati-da-ce-biti-i-slabijih-razdoblja-u-igri\/"},"wordCount":332,"publisher":{"@id":"https:\/\/radioljubuski.ba\/#organization"},"articleSection":["\u0160port"],"inLanguage":"hr"},{"@type":"WebPage","@id":"https:\/\/radioljubuski.ba\/index.php\/2021\/11\/07\/bjelica-mozda-se-moglo-ocekivati-da-ce-biti-i-slabijih-razdoblja-u-igri\/","url":"https:\/\/radioljubuski.ba\/index.php\/2021\/11\/07\/bjelica-mozda-se-moglo-ocekivati-da-ce-biti-i-slabijih-razdoblja-u-igri\/","name":"Bjelica: Mo\u017eda se moglo o\u010dekivati da \u0107e biti i slabijih razdoblja u igri - RADIO LJUBU\u0160KI","isPartOf":{"@id":"https:\/\/radioljubuski.ba\/#website"},"datePublished":"2021-11-07T19:33:33+00:00","dateModified":"2021-11-07T19:33:34+00:00","breadcrumb":{"@id":"https:\/\/radioljubuski.ba\/index.php\/2021\/11\/07\/bjelica-mozda-se-moglo-ocekivati-da-ce-biti-i-slabijih-razdoblja-u-igri\/#breadcrumb"},"inLanguage":"hr","potentialAction":[{"@type":"ReadAction","target":["https:\/\/radioljubuski.ba\/index.php\/2021\/11\/07\/bjelica-mozda-se-moglo-ocekivati-da-ce-biti-i-slabijih-razdoblja-u-igri\/"]}]},{"@type":"BreadcrumbList","@id":"https:\/\/radioljubuski.ba\/index.php\/2021\/11\/07\/bjelica-mozda-se-moglo-ocekivati-da-ce-biti-i-slabijih-razdoblja-u-igri\/#breadcrumb","itemListElement":[{"@type":"ListItem","position":1,"name":"Po\u010detna stranica","item":"https:\/\/radioljubuski.ba\/"},{"@type":"ListItem","position":2,"name":"Bjelica: Mo\u017eda se moglo o\u010dekivati da \u0107e biti i slabijih razdoblja u igri"}]},{"@type":"WebSite","@id":"https:\/\/radioljubuski.ba\/#website","url":"https:\/\/radioljubuski.ba\/","name":"Radio Ljubu\u0161ki","description":"Sun\u010dana frekvencija Hercegovine","publisher":{"@id":"https:\/\/radioljubuski.ba\/#organization"},"potentialAction":[{"@type":"SearchAction","target":{"@type":"EntryPoint","urlTemplate":"https:\/\/radioljubuski.ba\/?s={search_term_string}"},"query-input":{"@type":"PropertyValueSpecification","valueRequired":true,"valueName":"search_term_string"}}],"inLanguage":"hr"},{"@type":"Organization","@id":"https:\/\/radioljubuski.ba\/#organization","name":"Radio Ljubu\u0161ki","url":"https:\/\/radioljubuski.ba\/","logo":{"@type":"ImageObject","inLanguage":"hr","@id":"https:\/\/radioljubuski.ba\/#\/schema\/logo\/image\/","url":"https:\/\/radioljubuski.ba\/wp-content\/uploads\/2021\/02\/cropped-Radio_Ljubuski_logo1.jpg","contentUrl":"https:\/\/radioljubuski.ba\/wp-content\/uploads\/2021\/02\/cropped-Radio_Ljubuski_logo1.jpg","width":512,"height":512,"caption":"Radio Ljubu\u0161ki"},"image":{"@id":"https:\/\/radioljubuski.ba\/#\/schema\/logo\/image\/"},"sameAs":["https:\/\/www.facebook.com\/Radiio-Ljubuski-1490835324566332","https:\/\/x.com\/radioljubuski","https:\/\/hr.linkedin.com\/company\/radio-ljubuski","https:\/\/www.youtube.com\/channel\/UCHYaeO_n0Db3tjNGudGpXyw"]},{"@type":"Person","@id":"https:\/\/radioljubuski.ba\/#\/schema\/person\/19fc700381a780f69665d7956c469e3b","name":"Radio Ljubu\u0161ki"}]}},"_links":{"self":[{"href":"https:\/\/radioljubuski.ba\/index.php\/wp-json\/wp\/v2\/posts\/86264","targetHints":{"allow":["GET"]}}],"collection":[{"href":"https:\/\/radioljubuski.ba\/index.php\/wp-json\/wp\/v2\/posts"}],"about":[{"href":"https:\/\/radioljubuski.ba\/index.php\/wp-json\/wp\/v2\/types\/post"}],"author":[{"embeddable":true,"href":"https:\/\/radioljubuski.ba\/index.php\/wp-json\/wp\/v2\/users\/2"}],"replies":[{"embeddable":true,"href":"https:\/\/radioljubuski.ba\/index.php\/wp-json\/wp\/v2\/comments?post=86264"}],"version-history":[{"count":1,"href":"https:\/\/radioljubuski.ba\/index.php\/wp-json\/wp\/v2\/posts\/86264\/revisions"}],"predecessor-version":[{"id":86265,"href":"https:\/\/radioljubuski.ba\/index.php\/wp-json\/wp\/v2\/posts\/86264\/revisions\/86265"}],"wp:attachment":[{"href":"https:\/\/radioljubuski.ba\/index.php\/wp-json\/wp\/v2\/media?parent=86264"}],"wp:term":[{"taxonomy":"category","embeddable":true,"href":"https:\/\/radioljubuski.ba\/index.php\/wp-json\/wp\/v2\/categories?post=86264"},{"taxonomy":"post_tag","embeddable":true,"href":"https:\/\/radioljubuski.ba\/index.php\/wp-json\/wp\/v2\/tags?post=86264"}],"curies":[{"name":"wp","href":"https:\/\/api.w.org\/{rel}","templated":true}]}}