{"id":86269,"date":"2021-11-07T20:36:36","date_gmt":"2021-11-07T19:36:36","guid":{"rendered":"https:\/\/radioljubuski.ba\/?p=86269"},"modified":"2021-11-07T20:36:36","modified_gmt":"2021-11-07T19:36:36","slug":"lokomotiva-u-kranjcevicevoj-sokirala-dinamo","status":"publish","type":"post","link":"https:\/\/radioljubuski.ba\/index.php\/2021\/11\/07\/lokomotiva-u-kranjcevicevoj-sokirala-dinamo\/","title":{"rendered":"Lokomotiva u Kranj\u010devi\u0107evoj \u0161okirala Dinamo!"},"content":{"rendered":"\n<p><strong>U susretu 15. kola Prve HNL Lokomotiva je senzacionalno svladala Dinamo sa 1-0 (1-0). Jedini pogodak na utakmici postigao je Mateo Mari\u0107 ve\u0107 u 8. minuti susreta.<\/strong><\/p>\n\n\n\n<p>Mladi napada\u010d Lokomotive svoj je prvi pogodak u HNL-u u karijeri postigao nakon odli\u010dne kombinacije&nbsp;<strong>Dabra<\/strong>&nbsp;i&nbsp;<strong>Cipeti\u0107a<\/strong>&nbsp;na desnom krilu, nakon koje je Cipeti\u0107 uputio prizemni uba\u010daj to\u010dno na bijelu to\u010dku, gdje ga je do\u010dekao Mari\u0107 i sna\u017enim udarcem svladao&nbsp;<strong>Livakovi\u0107a<\/strong>.<\/p>\n\n\n\n<p>Lokomotiva je bila bolji suparnik u prvih pola sata kada je mogla i pove\u0107ati prednost, da bi zatim Dinamo preuzeo kontrolu igre. Najve\u0107u priliku za poravnanje aktualni prvak imao je nakon \u0161to je sudac<strong>&nbsp;Paja\u010d&nbsp;<\/strong>dosudio kazneni udarac zbog duela&nbsp;<strong>Cokaja<\/strong>&nbsp;i&nbsp;<strong>Andri\u0107a<\/strong>. Napada\u010d Dinama dao si je duga\u010dak for, brani\u010d Lokomotive je uklizao, ali nije dotaknuo ni loptu niti nogu suparni\u010dkog igra\u010da. Andri\u0107 je potom pao preko Cokaja, a Paja\u010du su trebale dobre dvije minute da na osnovu pregleda snimke ipak poka\u017ee na bijelu to\u010dku. No udarac Petkovi\u0107a u 38. minuti bravurozno je obranio&nbsp;<strong>Santini<\/strong>.<\/p>\n\n\n\n<p>U drugom poluvremenu igralo se samo na polovici terena koja pripada Lokomotivi, \u0161tovi\u0161e, doma\u0107i sastav u dugim razdobljima igre nije mogao niti iza\u0107i iz svog kaznenog prostora, ali Dinamo je propu\u0161tao priliku za prilikom.<\/p>\n\n\n\n<p>Po\u010detkom suda\u010dke nadoknade Peri\u0107 je uspio i ugurati loptu iza Santinija u mre\u017eu nakon ubacivanja&nbsp;<strong>Or\u0161i\u0107a<\/strong>, ali nakon \u0161to je VAR pregledao akciju ustanovljeno je kako jedan igra\u010d Dinama na njenom po\u010detku bio u zale\u0111u.<\/p>\n\n\n\n<p>Drugi Dinamo je tako ostao na 27 bodova, tri manje uz utakmicu manje od vode\u0107eg Osijeka, a s istim brojem bodova i utakmica kao tre\u0107a Rijeka, dok je Lokomotiva sko\u010dila na peto mjesto sa 21 bodom koliko ima i \u0161esta Gorica.<\/p>\n\n\n\n<p><strong>Lokomotiva &#8211; Dinamo 1:0<\/strong><\/p>\n\n\n\n<h4 class=\"wp-block-heading\">90+9&#8242; KRAJ!! PORAZ DINAMA!<\/h4>\n\n\n\n<h4 class=\"wp-block-heading\">90+3 NI\u0160TA OD IZJEDNA\u010cENJA, GOL DINAMA PONI\u0160TEN JE ZBOG ZALE\u0110A!<\/h4>\n\n\n\n<h4 class=\"wp-block-heading\">90+1&#8242; GOL DINAMA!!! STRIJELAC JE DINO PERI\u0106!<\/h4>\n\n\n\n<h4 class=\"wp-block-heading\">77&#8242; Dinamo tra\u017ei penal nakon \u0161to je lopta pogodila Cipeti\u0107a u ruku. Intervenira VAR i nakon nekoliko minuta pregledavanja snimke umjesto kaznenog udarca dosu\u0111eno je &#8211; zale\u0111e<\/h4>\n\n\n\n<h4 class=\"wp-block-heading\">75&#8242; &#8211; sad odli\u010dnu \u0161ansu u koju ga je izbacio Petkovi\u0107 ne koristi Ivanu\u0161ec! Puuuno proma\u0161enih prilika Modrih!<\/h4>\n\n\n\n<h4 class=\"wp-block-heading\">63&#8242; dobru priliku propu\u0161ta sad Or\u0161i\u0107<\/h4>\n\n\n\n<h4 class=\"wp-block-heading\">53&#8242; opet \u0161ansa Dinama, no ne koristi je \u0160piki\u0107<\/h4>\n\n\n\n<h4 class=\"wp-block-heading\">50&#8242; \u0160utira Mi\u0161i\u0107, ali nema gola<\/h4>\n\n\n\n<h4 class=\"wp-block-heading\">46&#8242; &#8211; po\u010delo je drugo poluvrijeme<\/h4>\n\n\n\n<h4 class=\"wp-block-heading\">KRAJ PRVOG DIJELA<\/h4>\n\n\n\n<h4 class=\"wp-block-heading\">38&#8242; Santini brani! Petkovi\u0107 prvi put nije zabio ove sezone s bijele to\u010dke<\/h4>\n\n\n\n<h4 class=\"wp-block-heading\">37&#8242; Nakon pregleda snimke, Paja\u010d je ipak pokazao na kazneni udarac za Dinamo! Uklizao je Cokaj, odnio i loptu i Andri\u0107a<\/h4>\n\n\n\n<h4 class=\"wp-block-heading\">35&#8242; Prvo je Lokomotiva nakon pada Dabre tra\u017eila kazneni udarac, a kasnije na drugoj strani pao je Andri\u0107. U oba slu\u010daja, Paja\u010d nije pokazao na bijelu to\u010dku<\/h4>\n\n\n\n<h4 class=\"wp-block-heading\">22&#8242; Velika prilika za Lokomotivu. Pivari\u0107 je o\u010di u o\u010di s vratarom Dinama, ali Livakovi\u0107 sjajno brani<\/h4>\n\n\n\n<h4 class=\"wp-block-heading\">20&#8242; Dinamo ima posjed lopte nakon primljenog gola, ali ne uspijeva probiti Lokose<\/h4>\n\n\n\n<h4 class=\"wp-block-heading\">8&#8242; GOOOL! Lokomotiva vodi pogotkom Matea Mari\u0107a. Sjajna akcija po desnoj strani, Dabro i Cipeti\u0107 su lijepo kombinirali, uba\u010daj u sredinu gdje je Mari\u0107 koji poga\u0111a s 10 metara<\/h4>\n\n\n\n<h4 class=\"wp-block-heading\">1&#8242; Po\u010dela je utakmica<\/h4>\n\n\n\n<p>SASTAVI<br><br>Lokomotiva: Santini &#8211; Cipeti\u0107, Soldo, De Haas, Mili\u0107evi\u0107 &#8211; Cokaj, Mari\u0107 &#8211; Aliyu, Ka\u010davenda, Pivari\u0107 &#8211; Dabro<br><br>Dinamo: Livakovi\u0107 &#8211; Ristovski, Peri\u0107, Theophile, Leovac &#8211; Mi\u0161i\u0107, Bulat &#8211; \u0160piki\u0107, Petkovi\u0107, Or\u0161i\u0107 &#8211; Andri\u0107<br><br>REZULTATI 15. KOLA,<br>Petak:<br>Slaven Belupo &#8211; Gorica 1-2 (Lau\u0161i\u0107 43 \/ Kalik 45, 62)<br>Subota:<br>Osijek &#8211; Istra 1961 3-0 (\u017daper 5, Top\u010dagi\u0107 59, Fioli\u0107 75)<br>Hajduk &#8211; Hrvatski dragovoljac 2-0 (Ljubi\u010di\u0107 29, Sahiti 67)<br>Nedjelja:<br>Lokomotiva &#8211; Dinamo (15 sati)<br>\u0160ibenik &#8211; Rijeka (17.30 sati)<br><br>TABLICA:<br>1. Osijek 14 9 3 2 21-10 30<br>2. Dinamo 12 8 3 1 31-10 27<br>3. Rijeka 13 8 3 2 31-20 27<br>4. Hajduk 14 7 3 4 20-14 24<br>5. Gorica 15 6 3 6 19-21 21<br>6. Lokomotiva 14 5 3 6 21-18 18<br>7. \u0160ibenik 14 4 3 7 19-22 15<br>8. Istra 1961 14 4 3 7 17-28 15<br>9. Slaven B. 15 2 4 9 12-24 10<br>10. H. dragovoljac 15 1 4 10 13-37 7izvor:hrt.hr<\/p>\n","protected":false},"excerpt":{"rendered":"<p>U susretu 15. kola Prve HNL Lokomotiva je senzacionalno svladala Dinamo sa 1-0 (1-0). Jedini pogodak na utakmici postigao je Mateo Mari\u0107 ve\u0107 u 8. minuti susreta. Mladi napada\u010d Lokomotive svoj je prvi pogodak u HNL-u u karijeri postigao nakon odli\u010dne kombinacije&nbsp;Dabra&nbsp;i&nbsp;Cipeti\u0107a&nbsp;na desnom krilu, nakon koje je Cipeti\u0107 uputio prizemni uba\u010daj to\u010dno na bijelu to\u010dku, [&hellip;]<\/p>\n","protected":false},"author":2,"featured_media":86270,"comment_status":"closed","ping_status":"closed","sticky":false,"template":"","format":"standard","meta":{"h5ap_radio_sources":[],"footnotes":""},"categories":[7],"tags":[],"class_list":["post-86269","post","type-post","status-publish","format-standard","has-post-thumbnail","hentry","category-sport"],"yoast_head":"<!-- This site is optimized with the Yoast SEO plugin v27.5 - https:\/\/yoast.com\/product\/yoast-seo-wordpress\/ -->\n<title>Lokomotiva u Kranj\u010devi\u0107evoj \u0161okirala Dinamo! - RADIO LJUBU\u0160KI<\/title>\n<meta name=\"robots\" content=\"index, follow, max-snippet:-1, max-image-preview:large, max-video-preview:-1\" \/>\n<link rel=\"canonical\" href=\"https:\/\/radioljubuski.ba\/index.php\/2021\/11\/07\/lokomotiva-u-kranjcevicevoj-sokirala-dinamo\/\" \/>\n<meta property=\"og:locale\" content=\"hr_HR\" \/>\n<meta property=\"og:type\" content=\"article\" \/>\n<meta property=\"og:title\" content=\"Lokomotiva u Kranj\u010devi\u0107evoj \u0161okirala Dinamo! - RADIO LJUBU\u0160KI\" \/>\n<meta property=\"og:description\" content=\"U susretu 15. kola Prve HNL Lokomotiva je senzacionalno svladala Dinamo sa 1-0 (1-0). Jedini pogodak na utakmici postigao je Mateo Mari\u0107 ve\u0107 u 8. minuti susreta. Mladi napada\u010d Lokomotive svoj je prvi pogodak u HNL-u u karijeri postigao nakon odli\u010dne kombinacije&nbsp;Dabra&nbsp;i&nbsp;Cipeti\u0107a&nbsp;na desnom krilu, nakon koje je Cipeti\u0107 uputio prizemni uba\u010daj to\u010dno na bijelu to\u010dku, [&hellip;]\" \/>\n<meta property=\"og:url\" content=\"https:\/\/radioljubuski.ba\/index.php\/2021\/11\/07\/lokomotiva-u-kranjcevicevoj-sokirala-dinamo\/\" \/>\n<meta property=\"og:site_name\" content=\"RADIO LJUBU\u0160KI\" \/>\n<meta property=\"article:publisher\" content=\"https:\/\/www.facebook.com\/Radiio-Ljubuski-1490835324566332\" \/>\n<meta property=\"article:published_time\" content=\"2021-11-07T19:36:36+00:00\" \/>\n<meta property=\"og:image\" content=\"https:\/\/radioljubuski.ba\/wp-content\/uploads\/2021\/11\/b8fd8d14b34544fa283d.jpeg\" \/>\n\t<meta property=\"og:image:width\" content=\"280\" \/>\n\t<meta property=\"og:image:height\" content=\"150\" \/>\n\t<meta property=\"og:image:type\" content=\"image\/jpeg\" \/>\n<meta name=\"author\" content=\"Radio Ljubu\u0161ki\" \/>\n<meta name=\"twitter:card\" content=\"summary_large_image\" \/>\n<meta name=\"twitter:creator\" content=\"@radioljubuski\" \/>\n<meta name=\"twitter:site\" content=\"@radioljubuski\" \/>\n<meta name=\"twitter:label1\" content=\"Napisao\/la\" \/>\n\t<meta name=\"twitter:data1\" content=\"Radio Ljubu\u0161ki\" \/>\n\t<meta name=\"twitter:label2\" content=\"Procijenjeno vrijeme \u010ditanja\" \/>\n\t<meta name=\"twitter:data2\" content=\"3 minute\" \/>\n<script type=\"application\/ld+json\" class=\"yoast-schema-graph\">{\"@context\":\"https:\\\/\\\/schema.org\",\"@graph\":[{\"@type\":\"Article\",\"@id\":\"https:\\\/\\\/radioljubuski.ba\\\/index.php\\\/2021\\\/11\\\/07\\\/lokomotiva-u-kranjcevicevoj-sokirala-dinamo\\\/#article\",\"isPartOf\":{\"@id\":\"https:\\\/\\\/radioljubuski.ba\\\/index.php\\\/2021\\\/11\\\/07\\\/lokomotiva-u-kranjcevicevoj-sokirala-dinamo\\\/\"},\"author\":{\"name\":\"Radio Ljubu\u0161ki\",\"@id\":\"https:\\\/\\\/radioljubuski.ba\\\/#\\\/schema\\\/person\\\/19fc700381a780f69665d7956c469e3b\"},\"headline\":\"Lokomotiva u Kranj\u010devi\u0107evoj \u0161okirala Dinamo!\",\"datePublished\":\"2021-11-07T19:36:36+00:00\",\"mainEntityOfPage\":{\"@id\":\"https:\\\/\\\/radioljubuski.ba\\\/index.php\\\/2021\\\/11\\\/07\\\/lokomotiva-u-kranjcevicevoj-sokirala-dinamo\\\/\"},\"wordCount\":654,\"publisher\":{\"@id\":\"https:\\\/\\\/radioljubuski.ba\\\/#organization\"},\"image\":{\"@id\":\"https:\\\/\\\/radioljubuski.ba\\\/index.php\\\/2021\\\/11\\\/07\\\/lokomotiva-u-kranjcevicevoj-sokirala-dinamo\\\/#primaryimage\"},\"thumbnailUrl\":\"https:\\\/\\\/radioljubuski.ba\\\/wp-content\\\/uploads\\\/2021\\\/11\\\/b8fd8d14b34544fa283d.jpeg\",\"articleSection\":[\"\u0160port\"],\"inLanguage\":\"hr\"},{\"@type\":\"WebPage\",\"@id\":\"https:\\\/\\\/radioljubuski.ba\\\/index.php\\\/2021\\\/11\\\/07\\\/lokomotiva-u-kranjcevicevoj-sokirala-dinamo\\\/\",\"url\":\"https:\\\/\\\/radioljubuski.ba\\\/index.php\\\/2021\\\/11\\\/07\\\/lokomotiva-u-kranjcevicevoj-sokirala-dinamo\\\/\",\"name\":\"Lokomotiva u Kranj\u010devi\u0107evoj \u0161okirala Dinamo! - RADIO LJUBU\u0160KI\",\"isPartOf\":{\"@id\":\"https:\\\/\\\/radioljubuski.ba\\\/#website\"},\"primaryImageOfPage\":{\"@id\":\"https:\\\/\\\/radioljubuski.ba\\\/index.php\\\/2021\\\/11\\\/07\\\/lokomotiva-u-kranjcevicevoj-sokirala-dinamo\\\/#primaryimage\"},\"image\":{\"@id\":\"https:\\\/\\\/radioljubuski.ba\\\/index.php\\\/2021\\\/11\\\/07\\\/lokomotiva-u-kranjcevicevoj-sokirala-dinamo\\\/#primaryimage\"},\"thumbnailUrl\":\"https:\\\/\\\/radioljubuski.ba\\\/wp-content\\\/uploads\\\/2021\\\/11\\\/b8fd8d14b34544fa283d.jpeg\",\"datePublished\":\"2021-11-07T19:36:36+00:00\",\"breadcrumb\":{\"@id\":\"https:\\\/\\\/radioljubuski.ba\\\/index.php\\\/2021\\\/11\\\/07\\\/lokomotiva-u-kranjcevicevoj-sokirala-dinamo\\\/#breadcrumb\"},\"inLanguage\":\"hr\",\"potentialAction\":[{\"@type\":\"ReadAction\",\"target\":[\"https:\\\/\\\/radioljubuski.ba\\\/index.php\\\/2021\\\/11\\\/07\\\/lokomotiva-u-kranjcevicevoj-sokirala-dinamo\\\/\"]}]},{\"@type\":\"ImageObject\",\"inLanguage\":\"hr\",\"@id\":\"https:\\\/\\\/radioljubuski.ba\\\/index.php\\\/2021\\\/11\\\/07\\\/lokomotiva-u-kranjcevicevoj-sokirala-dinamo\\\/#primaryimage\",\"url\":\"https:\\\/\\\/radioljubuski.ba\\\/wp-content\\\/uploads\\\/2021\\\/11\\\/b8fd8d14b34544fa283d.jpeg\",\"contentUrl\":\"https:\\\/\\\/radioljubuski.ba\\\/wp-content\\\/uploads\\\/2021\\\/11\\\/b8fd8d14b34544fa283d.jpeg\",\"width\":280,\"height\":150},{\"@type\":\"BreadcrumbList\",\"@id\":\"https:\\\/\\\/radioljubuski.ba\\\/index.php\\\/2021\\\/11\\\/07\\\/lokomotiva-u-kranjcevicevoj-sokirala-dinamo\\\/#breadcrumb\",\"itemListElement\":[{\"@type\":\"ListItem\",\"position\":1,\"name\":\"Po\u010detna stranica\",\"item\":\"https:\\\/\\\/radioljubuski.ba\\\/\"},{\"@type\":\"ListItem\",\"position\":2,\"name\":\"Lokomotiva u Kranj\u010devi\u0107evoj \u0161okirala Dinamo!\"}]},{\"@type\":\"WebSite\",\"@id\":\"https:\\\/\\\/radioljubuski.ba\\\/#website\",\"url\":\"https:\\\/\\\/radioljubuski.ba\\\/\",\"name\":\"Radio Ljubu\u0161ki\",\"description\":\"Sun\u010dana frekvencija Hercegovine\",\"publisher\":{\"@id\":\"https:\\\/\\\/radioljubuski.ba\\\/#organization\"},\"potentialAction\":[{\"@type\":\"SearchAction\",\"target\":{\"@type\":\"EntryPoint\",\"urlTemplate\":\"https:\\\/\\\/radioljubuski.ba\\\/?s={search_term_string}\"},\"query-input\":{\"@type\":\"PropertyValueSpecification\",\"valueRequired\":true,\"valueName\":\"search_term_string\"}}],\"inLanguage\":\"hr\"},{\"@type\":\"Organization\",\"@id\":\"https:\\\/\\\/radioljubuski.ba\\\/#organization\",\"name\":\"Radio Ljubu\u0161ki\",\"url\":\"https:\\\/\\\/radioljubuski.ba\\\/\",\"logo\":{\"@type\":\"ImageObject\",\"inLanguage\":\"hr\",\"@id\":\"https:\\\/\\\/radioljubuski.ba\\\/#\\\/schema\\\/logo\\\/image\\\/\",\"url\":\"https:\\\/\\\/radioljubuski.ba\\\/wp-content\\\/uploads\\\/2021\\\/02\\\/cropped-Radio_Ljubuski_logo1.jpg\",\"contentUrl\":\"https:\\\/\\\/radioljubuski.ba\\\/wp-content\\\/uploads\\\/2021\\\/02\\\/cropped-Radio_Ljubuski_logo1.jpg\",\"width\":512,\"height\":512,\"caption\":\"Radio Ljubu\u0161ki\"},\"image\":{\"@id\":\"https:\\\/\\\/radioljubuski.ba\\\/#\\\/schema\\\/logo\\\/image\\\/\"},\"sameAs\":[\"https:\\\/\\\/www.facebook.com\\\/Radiio-Ljubuski-1490835324566332\",\"https:\\\/\\\/x.com\\\/radioljubuski\",\"https:\\\/\\\/hr.linkedin.com\\\/company\\\/radio-ljubuski\",\"https:\\\/\\\/www.youtube.com\\\/channel\\\/UCHYaeO_n0Db3tjNGudGpXyw\"]},{\"@type\":\"Person\",\"@id\":\"https:\\\/\\\/radioljubuski.ba\\\/#\\\/schema\\\/person\\\/19fc700381a780f69665d7956c469e3b\",\"name\":\"Radio Ljubu\u0161ki\"}]}<\/script>\n<!-- \/ Yoast SEO plugin. -->","yoast_head_json":{"title":"Lokomotiva u Kranj\u010devi\u0107evoj \u0161okirala Dinamo! - RADIO LJUBU\u0160KI","robots":{"index":"index","follow":"follow","max-snippet":"max-snippet:-1","max-image-preview":"max-image-preview:large","max-video-preview":"max-video-preview:-1"},"canonical":"https:\/\/radioljubuski.ba\/index.php\/2021\/11\/07\/lokomotiva-u-kranjcevicevoj-sokirala-dinamo\/","og_locale":"hr_HR","og_type":"article","og_title":"Lokomotiva u Kranj\u010devi\u0107evoj \u0161okirala Dinamo! - RADIO LJUBU\u0160KI","og_description":"U susretu 15. kola Prve HNL Lokomotiva je senzacionalno svladala Dinamo sa 1-0 (1-0). Jedini pogodak na utakmici postigao je Mateo Mari\u0107 ve\u0107 u 8. minuti susreta. Mladi napada\u010d Lokomotive svoj je prvi pogodak u HNL-u u karijeri postigao nakon odli\u010dne kombinacije&nbsp;Dabra&nbsp;i&nbsp;Cipeti\u0107a&nbsp;na desnom krilu, nakon koje je Cipeti\u0107 uputio prizemni uba\u010daj to\u010dno na bijelu to\u010dku, [&hellip;]","og_url":"https:\/\/radioljubuski.ba\/index.php\/2021\/11\/07\/lokomotiva-u-kranjcevicevoj-sokirala-dinamo\/","og_site_name":"RADIO LJUBU\u0160KI","article_publisher":"https:\/\/www.facebook.com\/Radiio-Ljubuski-1490835324566332","article_published_time":"2021-11-07T19:36:36+00:00","og_image":[{"width":280,"height":150,"url":"https:\/\/radioljubuski.ba\/wp-content\/uploads\/2021\/11\/b8fd8d14b34544fa283d.jpeg","type":"image\/jpeg"}],"author":"Radio Ljubu\u0161ki","twitter_card":"summary_large_image","twitter_creator":"@radioljubuski","twitter_site":"@radioljubuski","twitter_misc":{"Napisao\/la":"Radio Ljubu\u0161ki","Procijenjeno vrijeme \u010ditanja":"3 minute"},"schema":{"@context":"https:\/\/schema.org","@graph":[{"@type":"Article","@id":"https:\/\/radioljubuski.ba\/index.php\/2021\/11\/07\/lokomotiva-u-kranjcevicevoj-sokirala-dinamo\/#article","isPartOf":{"@id":"https:\/\/radioljubuski.ba\/index.php\/2021\/11\/07\/lokomotiva-u-kranjcevicevoj-sokirala-dinamo\/"},"author":{"name":"Radio Ljubu\u0161ki","@id":"https:\/\/radioljubuski.ba\/#\/schema\/person\/19fc700381a780f69665d7956c469e3b"},"headline":"Lokomotiva u Kranj\u010devi\u0107evoj \u0161okirala Dinamo!","datePublished":"2021-11-07T19:36:36+00:00","mainEntityOfPage":{"@id":"https:\/\/radioljubuski.ba\/index.php\/2021\/11\/07\/lokomotiva-u-kranjcevicevoj-sokirala-dinamo\/"},"wordCount":654,"publisher":{"@id":"https:\/\/radioljubuski.ba\/#organization"},"image":{"@id":"https:\/\/radioljubuski.ba\/index.php\/2021\/11\/07\/lokomotiva-u-kranjcevicevoj-sokirala-dinamo\/#primaryimage"},"thumbnailUrl":"https:\/\/radioljubuski.ba\/wp-content\/uploads\/2021\/11\/b8fd8d14b34544fa283d.jpeg","articleSection":["\u0160port"],"inLanguage":"hr"},{"@type":"WebPage","@id":"https:\/\/radioljubuski.ba\/index.php\/2021\/11\/07\/lokomotiva-u-kranjcevicevoj-sokirala-dinamo\/","url":"https:\/\/radioljubuski.ba\/index.php\/2021\/11\/07\/lokomotiva-u-kranjcevicevoj-sokirala-dinamo\/","name":"Lokomotiva u Kranj\u010devi\u0107evoj \u0161okirala Dinamo! - RADIO LJUBU\u0160KI","isPartOf":{"@id":"https:\/\/radioljubuski.ba\/#website"},"primaryImageOfPage":{"@id":"https:\/\/radioljubuski.ba\/index.php\/2021\/11\/07\/lokomotiva-u-kranjcevicevoj-sokirala-dinamo\/#primaryimage"},"image":{"@id":"https:\/\/radioljubuski.ba\/index.php\/2021\/11\/07\/lokomotiva-u-kranjcevicevoj-sokirala-dinamo\/#primaryimage"},"thumbnailUrl":"https:\/\/radioljubuski.ba\/wp-content\/uploads\/2021\/11\/b8fd8d14b34544fa283d.jpeg","datePublished":"2021-11-07T19:36:36+00:00","breadcrumb":{"@id":"https:\/\/radioljubuski.ba\/index.php\/2021\/11\/07\/lokomotiva-u-kranjcevicevoj-sokirala-dinamo\/#breadcrumb"},"inLanguage":"hr","potentialAction":[{"@type":"ReadAction","target":["https:\/\/radioljubuski.ba\/index.php\/2021\/11\/07\/lokomotiva-u-kranjcevicevoj-sokirala-dinamo\/"]}]},{"@type":"ImageObject","inLanguage":"hr","@id":"https:\/\/radioljubuski.ba\/index.php\/2021\/11\/07\/lokomotiva-u-kranjcevicevoj-sokirala-dinamo\/#primaryimage","url":"https:\/\/radioljubuski.ba\/wp-content\/uploads\/2021\/11\/b8fd8d14b34544fa283d.jpeg","contentUrl":"https:\/\/radioljubuski.ba\/wp-content\/uploads\/2021\/11\/b8fd8d14b34544fa283d.jpeg","width":280,"height":150},{"@type":"BreadcrumbList","@id":"https:\/\/radioljubuski.ba\/index.php\/2021\/11\/07\/lokomotiva-u-kranjcevicevoj-sokirala-dinamo\/#breadcrumb","itemListElement":[{"@type":"ListItem","position":1,"name":"Po\u010detna stranica","item":"https:\/\/radioljubuski.ba\/"},{"@type":"ListItem","position":2,"name":"Lokomotiva u Kranj\u010devi\u0107evoj \u0161okirala Dinamo!"}]},{"@type":"WebSite","@id":"https:\/\/radioljubuski.ba\/#website","url":"https:\/\/radioljubuski.ba\/","name":"Radio Ljubu\u0161ki","description":"Sun\u010dana frekvencija Hercegovine","publisher":{"@id":"https:\/\/radioljubuski.ba\/#organization"},"potentialAction":[{"@type":"SearchAction","target":{"@type":"EntryPoint","urlTemplate":"https:\/\/radioljubuski.ba\/?s={search_term_string}"},"query-input":{"@type":"PropertyValueSpecification","valueRequired":true,"valueName":"search_term_string"}}],"inLanguage":"hr"},{"@type":"Organization","@id":"https:\/\/radioljubuski.ba\/#organization","name":"Radio Ljubu\u0161ki","url":"https:\/\/radioljubuski.ba\/","logo":{"@type":"ImageObject","inLanguage":"hr","@id":"https:\/\/radioljubuski.ba\/#\/schema\/logo\/image\/","url":"https:\/\/radioljubuski.ba\/wp-content\/uploads\/2021\/02\/cropped-Radio_Ljubuski_logo1.jpg","contentUrl":"https:\/\/radioljubuski.ba\/wp-content\/uploads\/2021\/02\/cropped-Radio_Ljubuski_logo1.jpg","width":512,"height":512,"caption":"Radio Ljubu\u0161ki"},"image":{"@id":"https:\/\/radioljubuski.ba\/#\/schema\/logo\/image\/"},"sameAs":["https:\/\/www.facebook.com\/Radiio-Ljubuski-1490835324566332","https:\/\/x.com\/radioljubuski","https:\/\/hr.linkedin.com\/company\/radio-ljubuski","https:\/\/www.youtube.com\/channel\/UCHYaeO_n0Db3tjNGudGpXyw"]},{"@type":"Person","@id":"https:\/\/radioljubuski.ba\/#\/schema\/person\/19fc700381a780f69665d7956c469e3b","name":"Radio Ljubu\u0161ki"}]}},"_links":{"self":[{"href":"https:\/\/radioljubuski.ba\/index.php\/wp-json\/wp\/v2\/posts\/86269","targetHints":{"allow":["GET"]}}],"collection":[{"href":"https:\/\/radioljubuski.ba\/index.php\/wp-json\/wp\/v2\/posts"}],"about":[{"href":"https:\/\/radioljubuski.ba\/index.php\/wp-json\/wp\/v2\/types\/post"}],"author":[{"embeddable":true,"href":"https:\/\/radioljubuski.ba\/index.php\/wp-json\/wp\/v2\/users\/2"}],"replies":[{"embeddable":true,"href":"https:\/\/radioljubuski.ba\/index.php\/wp-json\/wp\/v2\/comments?post=86269"}],"version-history":[{"count":1,"href":"https:\/\/radioljubuski.ba\/index.php\/wp-json\/wp\/v2\/posts\/86269\/revisions"}],"predecessor-version":[{"id":86271,"href":"https:\/\/radioljubuski.ba\/index.php\/wp-json\/wp\/v2\/posts\/86269\/revisions\/86271"}],"wp:featuredmedia":[{"embeddable":true,"href":"https:\/\/radioljubuski.ba\/index.php\/wp-json\/wp\/v2\/media\/86270"}],"wp:attachment":[{"href":"https:\/\/radioljubuski.ba\/index.php\/wp-json\/wp\/v2\/media?parent=86269"}],"wp:term":[{"taxonomy":"category","embeddable":true,"href":"https:\/\/radioljubuski.ba\/index.php\/wp-json\/wp\/v2\/categories?post=86269"},{"taxonomy":"post_tag","embeddable":true,"href":"https:\/\/radioljubuski.ba\/index.php\/wp-json\/wp\/v2\/tags?post=86269"}],"curies":[{"name":"wp","href":"https:\/\/api.w.org\/{rel}","templated":true}]}}