{"id":86287,"date":"2021-11-07T21:55:23","date_gmt":"2021-11-07T20:55:23","guid":{"rendered":"https:\/\/radioljubuski.ba\/?p=86287"},"modified":"2021-11-07T21:55:24","modified_gmt":"2021-11-07T20:55:24","slug":"senada-selo-sabic-sda-bot-iz-gracanice-na-proracunu-hrvatske","status":"publish","type":"post","link":"https:\/\/radioljubuski.ba\/index.php\/2021\/11\/07\/senada-selo-sabic-sda-bot-iz-gracanice-na-proracunu-hrvatske\/","title":{"rendered":"Senada \u0160elo \u0160abi\u0107: SDA bot iz Gra\u010danice na prora\u010dunu Hrvatske"},"content":{"rendered":"\n<p><strong>Za\u0161to Hrvati u BiH ne bi bili manjina?\u201c (Dejan Jovi\u0107)<\/strong><\/p>\n\n\n\n<p>U pro\u0161lom nastavku nizanke o susjednoj dr\u017eavi spomenuli smo \u010dudnovata izvje\u0161\u0107a Hrvatske izvje\u0161tajne novinske agencije, u kojima se \u017deljka Kom\u0161i\u0107a uporno predstavljalo kao hrvatskog \u010dlana Predsjedni\u0161tva BiH. \u010cini se da ta pojava u doma\u0107em medijskom prostoru nipo\u0161to nije usamljena. Me\u0111u najnovijim primjerima zbunjivanja javnosti isti\u010de Senada \u0161elo \u0160abi\u0107se slu\u010daj Senade \u0160elo \u0160abi\u0107, vi\u0161e znanstvene suradnice nekakvog instituta za me\u0111unarodne odnose u Zagrebu. U Senadinom razgovoru s novinarom Antom Srzi\u0107em jo\u0161 jednom smo saznali vrijedan podatak da je Kom\u0161i\u0107 \u201e\u010dlan Predsjedni\u0161tva BiH iz reda hrvatskog naroda\u201c. (tportal, 27.10.2021.)<\/p>\n\n\n\n<p><strong>Pi\u0161e: Dinko Pej\u010dinovi\u0107,&nbsp;<a href=\"http:\/\/www.hkv.hr\/izdvojeno\/vai-prilozi\/ostalo\/prilozi-graana\/38427-d-pejcinovic-bosna-i-hercegovina-na-prekretnici-5-dio.html\">Hkv.hr<\/a>&nbsp;(portal Hrvatskog kulturnog vije\u0107a)<\/strong><\/p>\n\n\n\n<p>Ali, to nije sve! Komentiraju\u0107i istovremeni sastanak Milanovi\u0107a i Dodika u Zagrebu, te Vu\u010di\u0107a i \u010covi\u0107a u Beogradu, vi\u0161a znanstvena suradnica nije mogla sakriti zabrinutost zbog \u201ekoordiniranog djelovanja\u201c Hrvatske i Srbije, \u201e\u0161to ostavlja previ\u0161e prostora za sumnju u konstruktivnost takve suradnje i je li ona zaista usmjerena stabilnosti i boljoj funkcionalnosti, demokrati\u010dnosti i ja\u010danju demokratskih institucija u Bosni i Hercegovini, osobito imaju\u0107i u vidu ulogu koju su Srbija i Hrvatska imale u devedesetima kada je u pitanju sukob u toj dr\u017eavi. S te strane potpuno je jasno da \u0107e kod ljudi koji osje\u0107aju nepovjerenje prema hrvatskoj i srpskoj politici ostaviti znak pitanja o \u010demu se to\u010dno radi i jesu li te politike dobronamjerne kada su u pitanju cjelovitost, stabilnost i funkcionalnost BiH, poru\u010dila je \u0160elo \u0160abi\u0107.\u201c Eto, tako zbori zaposlenica zagreba\u010dkog instituta koji se financira iz dr\u017eavnog prora\u010duna! Dodajmo ovome da Senada smatra kako Hrvatska \u201etreba razgovarati s Komsic_Izetbegovicizabranim du\u017enosnicima\u201c (poput \u017deljka Kom\u0161i\u0107a, op.a.), \u201ea ne s predstavnicima naroda kao da se radi o poglavicama nekakvih plemena koja nemaju demokratsku predstavljenost kroz svoje institucije\u201c. Isti rje\u010dnik koristi i \u017deljko Kom\u0161i\u0107, koji ka\u017ee: \u201eVu\u010di\u0107 nastupa s pozicije predsjednika Srbije, a Bakira Izetbegovi\u0107a zove kao neku vrstu poglavice naroda, \u0161to je potpuno pogre\u0161no\u2026 Oni nas nikako da po\u010dnu tretirati kao dr\u017eavu, ve\u0107 kao tri plemena koji imaju svoje poglavice\u2026 \u2013 poru\u010duje izme\u0111u ostalog Kom\u0161i\u0107 za Hayat.\u201c (\u201eDobro jutro BiH\u201c, 27.10.) \u010cudna koincidencija? Pogleda li se dosada\u0161nja Senadina biografija, \u010du\u0111enju nema mjesta!<\/p>\n\n\n\n<p>Kad su u pitanju trenutni sporovi oko izbornog zakona, na\u0161a Zagrep\u010danka smatra da Hrvatska \u201ena prvo mjesto treba stavljati odluke Europskog suda za ljudska prava\u201c. Pritom uop\u0107e ne spominje odluku Ustavnog suda BiH u predmetu \u201eLjubi\u0107\u201c (koja je za Hrvate sto puta va\u017enija od Sejdi\u0107a i Fincija), ali je ipak zaobilazno osu\u0111uje: \u201eInzistira se isklju\u010divo na konstitutivnosti tri naroda, a zanemaruju se druge manjine i svi ostali. To je \u010dista diskriminacija.\u201c \u2013 tvrdi Senada. Ukratko, vi\u0161a znanstvena suradnica podr\u017eava sve \u0161to ide u prilog bo\u0161nja\u010dkim unitaristima, a osu\u0111uje sve \u0161to im smeta. Dejan Jovi\u0107 napokon je dobio konkurenciju!<\/p>\n\n\n\n<p><strong>Nacionalna dalekovidnica<\/strong><\/p>\n\n\n\n<p>Kad se u javnosti govori o problemima s kojima se suo\u010davaju Hrvati u BiH, klju\u010dnu ulogu u izvje\u0161tavanju morala bi imati Hrvatska televizija, javna ustanova koja se financira od pretplate gra\u0111ana. Uzmemo li u obzir da, prema nekim istra\u017eivanjima, 41% stanovnika Hrvatske ima bliske veze sa susjednom dr\u017eavom, bilo bi za o\u010dekivati da \u0107e na HTV-u HRTsve frcati od priloga i zanimljivosti iz BiH. U stvarnosti o tome nema ni govora, a za podrobniju analizu slabe medijske pokrivenosti Hrvata u susjedstvu mogle bi poslu\u017eiti dvije \u201enizanke\u201c koje se ve\u0107 godinama vrte na Hrvatskoj televiziji.<\/p>\n\n\n\n<p><strong>Hrvatska za pet, Mustafa za jedan<\/strong><\/p>\n\n\n\n<p>U prvoj emisiji, pod nazivom \u201eHrvatska za 5\u201c, novinar Branimir Bili\u0107 razmjerno \u010desto daje prostora temama koje se ti\u010du Hrvata u BiH. U posljednjoj epizodi (pretencioznog naslova \u201eBudu\u0107nost katoli\u010dke crkve i hrvatskog naroda u BiH\u201c), Bili\u0107 je ugostio banjolu\u010dkog biskupa Franju Komaricu, koji se iznova osvrnuo na te\u0161ko stanje u svojoj biskupiji. Prema njegovim podacima, danas u srpskom entitetu \u017eivi manje Hrvata nego \u0161to ih je \u017eivjelo neposredno nakon rata, odnosno \u201enema nas ni 5% od predratnog broja\u201c, ka\u017ee biskup Komarica. Od nekada\u0161njih 144.000 Hrvata ostalo je svega nekoliko tisu\u0107a, mahom starijih osoba, za \u0161to je odgovorno, u prvom redu, srpsko etni\u010dko \u010di\u0161\u0107enje. Na ovom mjestu treba spomenuti da u susjednoj hrvatsko-muslimanskoj Federaciji \u201enedostaje\u201c barem dvjesto tisu\u0107a Hrvata, za \u0161to su odgovorni Muslimani-Bo\u0161njaci i me\u0111unarodna zajednica. Za\u0161to Bili\u0107 i o tome ne progovori? Za\u0161to, uz srpske bihseparatiste, ne prozove i muslimanske unitariste? Pred nekoliko mjeseci u Bili\u0107evoj emisiji (pod nazivom \u201e\u017dilavost velikosrpskog projekta u jugoisto\u010dnoj Europi\u201c) sudjelovao je i biv\u0161i poglavar Islamske zajednice u BiH, efendija Mustafa Ceri\u0107. Njegov nastup obilovao je drskim, ni\u010dim izazvanim napadima na Hrvatsku, \u0161to je uznemirilo \u010dak i Muslimanima naklonjenog voditelja! Da je Bili\u0107 upu\u0107eniji u temu o kojoj govori, takvi mu se propusti ne bi doga\u0111ali! O kakvom je sugovorniku rije\u010d pokazuje i nedavno Ceri\u0107evo otvoreno pismo Wolfgangu Petritschu, u kojem, po tko zna koji put, iznosi stajali\u0161te o \u201edvostrukoj agresiji\u201c Srbije i Hrvatske: \u201eOd po\u010detka agresije na bosansku dr\u017eavu Europa se hijenski pona\u0161ala prema Bosni, dopu\u0161taju\u0107i srpski genocid i udru\u017eeni hrvatski zlo\u010dina\u010dki poduhvat nad muslimanima Bo\u0161njacima.\u201c \u2013 lupeta Mustafa. (poskok, 25.9.) Sli\u010dnu optu\u017ebu u gornjem tekstu iznosi i Senada \u0160elo \u0160abi\u0107. Imamo li pravo o\u010dekivati da Bili\u0107 ubudu\u0107e opreznije bira svoje goste?<\/p>\n\n\n\n<p><strong>Pogled preko nacionalne granice<\/strong><\/p>\n\n\n\n<p>\u0160to se ti\u010de emisije HTV-a \u201ePogled preko granice\u201c, koja je u cijelosti posve\u0107ena Hrvatima u BiH, u posljednje vrijeme mogu se primijetiti i neki \u0161aljivi momenti, koji odudaraju od uobi\u010dajene sterilnosti i dosade kojom urednici zasipaju gledatelje. U epizodi koja je prikazana 28. listopada, voditeljica Tea Rapai\u0107 poku\u0161ala je saznati \u0161to se to zbiva \u201epreko granice\u201c od svoje sugovornice iz Sarajeva, politi\u010dke analiti\u010darke Ivane Mari\u0107. Izbor sugovornice nije se pokazao najsretnijim; \u010dini se da urednici HTV-a ni\u0161ta ne znaju o politi\u010dkim stavovima Ivane Mari\u0107, pa su, valjda na osnovi pukog imena i prezimena, pomislili kako \u0107e od doti\u010dne saznati ne\u0161to pametno o zbivanjima u BiH. Umjesto toga, dobili su multi-kulti naricaljku o nacionalnim strankama (SDA, SNSD, HDZ) koje su glavni krivci za trenutnu krizu, ali, sre\u0107om, \u201egube podr\u0161ku gra\u0111ana\u201c. Od Ivane Mari\u0107 saznali smo i da na idu\u0107im izborima postoji \u201eproblem sa kandidaturom \u017deljka Kom\u0161i\u0107a, koji je Dragan \u010covi\u0107 jako dobro iskoristio i natjerao Hrvate na homogenizaciju\u2026\u201c Na kraju razgovora zbunjena voditeljica zapitala je nabrijanu \u201egra\u0111anku\u201c \u0161to bi izbori idu\u0107e godine mogli donijeti Hrvatima u BiH, na \u0161to je Ivana opet po\u010dela mantrati o nekakvim gra\u0111anima, koji se \u017eele odmaknuti \u201eod ratnih i nacionalnih tema\u201c, i od onih \u201ekoji su ih zaustavili na putu prema Europskoj Uniji\u201c! Sre\u0107om za voditeljicu, vrijeme predvi\u0111eno za politiku kona\u010dno je isteklo, pa su prostor zauzele druge teme; uz jo\u0161 pet priloga o crkvenim blagdanima, popra\u0107enih umilnim glasom Miljenka Kara\u010di\u0107a, emisija je sretno privedena kraju. Imaju li Hrvati u BiH ikakve koristi od toga?<\/p>\n\n\n\n<p>\/HMS\/<\/p>\n","protected":false},"excerpt":{"rendered":"<p>Za\u0161to Hrvati u BiH ne bi bili manjina?\u201c (Dejan Jovi\u0107) U pro\u0161lom nastavku nizanke o susjednoj dr\u017eavi spomenuli smo \u010dudnovata izvje\u0161\u0107a Hrvatske izvje\u0161tajne novinske agencije, u kojima se \u017deljka Kom\u0161i\u0107a uporno predstavljalo kao hrvatskog \u010dlana Predsjedni\u0161tva BiH. \u010cini se da ta pojava u doma\u0107em medijskom prostoru nipo\u0161to nije usamljena. Me\u0111u najnovijim primjerima zbunjivanja javnosti isti\u010de [&hellip;]<\/p>\n","protected":false},"author":2,"featured_media":86288,"comment_status":"closed","ping_status":"closed","sticky":false,"template":"","format":"standard","meta":{"h5ap_radio_sources":[],"footnotes":""},"categories":[1],"tags":[],"class_list":["post-86287","post","type-post","status-publish","format-standard","has-post-thumbnail","hentry","category-bihiregija"],"yoast_head":"<!-- This site is optimized with the Yoast SEO plugin v27.5 - https:\/\/yoast.com\/product\/yoast-seo-wordpress\/ -->\n<title>Senada \u0160elo \u0160abi\u0107: SDA bot iz Gra\u010danice na prora\u010dunu Hrvatske - RADIO LJUBU\u0160KI<\/title>\n<meta name=\"robots\" content=\"index, follow, max-snippet:-1, max-image-preview:large, max-video-preview:-1\" \/>\n<link rel=\"canonical\" href=\"https:\/\/radioljubuski.ba\/index.php\/2021\/11\/07\/senada-selo-sabic-sda-bot-iz-gracanice-na-proracunu-hrvatske\/\" \/>\n<meta property=\"og:locale\" content=\"hr_HR\" \/>\n<meta property=\"og:type\" content=\"article\" \/>\n<meta property=\"og:title\" content=\"Senada \u0160elo \u0160abi\u0107: SDA bot iz Gra\u010danice na prora\u010dunu Hrvatske - RADIO LJUBU\u0160KI\" \/>\n<meta property=\"og:description\" content=\"Za\u0161to Hrvati u BiH ne bi bili manjina?\u201c (Dejan Jovi\u0107) U pro\u0161lom nastavku nizanke o susjednoj dr\u017eavi spomenuli smo \u010dudnovata izvje\u0161\u0107a Hrvatske izvje\u0161tajne novinske agencije, u kojima se \u017deljka Kom\u0161i\u0107a uporno predstavljalo kao hrvatskog \u010dlana Predsjedni\u0161tva BiH. \u010cini se da ta pojava u doma\u0107em medijskom prostoru nipo\u0161to nije usamljena. Me\u0111u najnovijim primjerima zbunjivanja javnosti isti\u010de [&hellip;]\" \/>\n<meta property=\"og:url\" content=\"https:\/\/radioljubuski.ba\/index.php\/2021\/11\/07\/senada-selo-sabic-sda-bot-iz-gracanice-na-proracunu-hrvatske\/\" \/>\n<meta property=\"og:site_name\" content=\"RADIO LJUBU\u0160KI\" \/>\n<meta property=\"article:publisher\" content=\"https:\/\/www.facebook.com\/Radiio-Ljubuski-1490835324566332\" \/>\n<meta property=\"article:published_time\" content=\"2021-11-07T20:55:23+00:00\" \/>\n<meta property=\"article:modified_time\" content=\"2021-11-07T20:55:24+00:00\" \/>\n<meta property=\"og:image\" content=\"https:\/\/radioljubuski.ba\/wp-content\/uploads\/2021\/11\/senada-selo-sabic-750x420-1.jpg\" \/>\n\t<meta property=\"og:image:width\" content=\"750\" \/>\n\t<meta property=\"og:image:height\" content=\"420\" \/>\n\t<meta property=\"og:image:type\" content=\"image\/jpeg\" \/>\n<meta name=\"author\" content=\"Radio Ljubu\u0161ki\" \/>\n<meta name=\"twitter:card\" content=\"summary_large_image\" \/>\n<meta name=\"twitter:creator\" content=\"@radioljubuski\" \/>\n<meta name=\"twitter:site\" content=\"@radioljubuski\" \/>\n<meta name=\"twitter:label1\" content=\"Napisao\/la\" \/>\n\t<meta name=\"twitter:data1\" content=\"Radio Ljubu\u0161ki\" \/>\n\t<meta name=\"twitter:label2\" content=\"Procijenjeno vrijeme \u010ditanja\" \/>\n\t<meta name=\"twitter:data2\" content=\"5 minuta\" \/>\n<script type=\"application\/ld+json\" class=\"yoast-schema-graph\">{\"@context\":\"https:\\\/\\\/schema.org\",\"@graph\":[{\"@type\":\"Article\",\"@id\":\"https:\\\/\\\/radioljubuski.ba\\\/index.php\\\/2021\\\/11\\\/07\\\/senada-selo-sabic-sda-bot-iz-gracanice-na-proracunu-hrvatske\\\/#article\",\"isPartOf\":{\"@id\":\"https:\\\/\\\/radioljubuski.ba\\\/index.php\\\/2021\\\/11\\\/07\\\/senada-selo-sabic-sda-bot-iz-gracanice-na-proracunu-hrvatske\\\/\"},\"author\":{\"name\":\"Radio Ljubu\u0161ki\",\"@id\":\"https:\\\/\\\/radioljubuski.ba\\\/#\\\/schema\\\/person\\\/19fc700381a780f69665d7956c469e3b\"},\"headline\":\"Senada \u0160elo \u0160abi\u0107: SDA bot iz Gra\u010danice na prora\u010dunu Hrvatske\",\"datePublished\":\"2021-11-07T20:55:23+00:00\",\"dateModified\":\"2021-11-07T20:55:24+00:00\",\"mainEntityOfPage\":{\"@id\":\"https:\\\/\\\/radioljubuski.ba\\\/index.php\\\/2021\\\/11\\\/07\\\/senada-selo-sabic-sda-bot-iz-gracanice-na-proracunu-hrvatske\\\/\"},\"wordCount\":1220,\"publisher\":{\"@id\":\"https:\\\/\\\/radioljubuski.ba\\\/#organization\"},\"image\":{\"@id\":\"https:\\\/\\\/radioljubuski.ba\\\/index.php\\\/2021\\\/11\\\/07\\\/senada-selo-sabic-sda-bot-iz-gracanice-na-proracunu-hrvatske\\\/#primaryimage\"},\"thumbnailUrl\":\"https:\\\/\\\/radioljubuski.ba\\\/wp-content\\\/uploads\\\/2021\\\/11\\\/senada-selo-sabic-750x420-1.jpg\",\"articleSection\":[\"BIH i regija\"],\"inLanguage\":\"hr\"},{\"@type\":\"WebPage\",\"@id\":\"https:\\\/\\\/radioljubuski.ba\\\/index.php\\\/2021\\\/11\\\/07\\\/senada-selo-sabic-sda-bot-iz-gracanice-na-proracunu-hrvatske\\\/\",\"url\":\"https:\\\/\\\/radioljubuski.ba\\\/index.php\\\/2021\\\/11\\\/07\\\/senada-selo-sabic-sda-bot-iz-gracanice-na-proracunu-hrvatske\\\/\",\"name\":\"Senada \u0160elo \u0160abi\u0107: SDA bot iz Gra\u010danice na prora\u010dunu Hrvatske - RADIO LJUBU\u0160KI\",\"isPartOf\":{\"@id\":\"https:\\\/\\\/radioljubuski.ba\\\/#website\"},\"primaryImageOfPage\":{\"@id\":\"https:\\\/\\\/radioljubuski.ba\\\/index.php\\\/2021\\\/11\\\/07\\\/senada-selo-sabic-sda-bot-iz-gracanice-na-proracunu-hrvatske\\\/#primaryimage\"},\"image\":{\"@id\":\"https:\\\/\\\/radioljubuski.ba\\\/index.php\\\/2021\\\/11\\\/07\\\/senada-selo-sabic-sda-bot-iz-gracanice-na-proracunu-hrvatske\\\/#primaryimage\"},\"thumbnailUrl\":\"https:\\\/\\\/radioljubuski.ba\\\/wp-content\\\/uploads\\\/2021\\\/11\\\/senada-selo-sabic-750x420-1.jpg\",\"datePublished\":\"2021-11-07T20:55:23+00:00\",\"dateModified\":\"2021-11-07T20:55:24+00:00\",\"breadcrumb\":{\"@id\":\"https:\\\/\\\/radioljubuski.ba\\\/index.php\\\/2021\\\/11\\\/07\\\/senada-selo-sabic-sda-bot-iz-gracanice-na-proracunu-hrvatske\\\/#breadcrumb\"},\"inLanguage\":\"hr\",\"potentialAction\":[{\"@type\":\"ReadAction\",\"target\":[\"https:\\\/\\\/radioljubuski.ba\\\/index.php\\\/2021\\\/11\\\/07\\\/senada-selo-sabic-sda-bot-iz-gracanice-na-proracunu-hrvatske\\\/\"]}]},{\"@type\":\"ImageObject\",\"inLanguage\":\"hr\",\"@id\":\"https:\\\/\\\/radioljubuski.ba\\\/index.php\\\/2021\\\/11\\\/07\\\/senada-selo-sabic-sda-bot-iz-gracanice-na-proracunu-hrvatske\\\/#primaryimage\",\"url\":\"https:\\\/\\\/radioljubuski.ba\\\/wp-content\\\/uploads\\\/2021\\\/11\\\/senada-selo-sabic-750x420-1.jpg\",\"contentUrl\":\"https:\\\/\\\/radioljubuski.ba\\\/wp-content\\\/uploads\\\/2021\\\/11\\\/senada-selo-sabic-750x420-1.jpg\",\"width\":750,\"height\":420},{\"@type\":\"BreadcrumbList\",\"@id\":\"https:\\\/\\\/radioljubuski.ba\\\/index.php\\\/2021\\\/11\\\/07\\\/senada-selo-sabic-sda-bot-iz-gracanice-na-proracunu-hrvatske\\\/#breadcrumb\",\"itemListElement\":[{\"@type\":\"ListItem\",\"position\":1,\"name\":\"Po\u010detna stranica\",\"item\":\"https:\\\/\\\/radioljubuski.ba\\\/\"},{\"@type\":\"ListItem\",\"position\":2,\"name\":\"Senada \u0160elo \u0160abi\u0107: SDA bot iz Gra\u010danice na prora\u010dunu Hrvatske\"}]},{\"@type\":\"WebSite\",\"@id\":\"https:\\\/\\\/radioljubuski.ba\\\/#website\",\"url\":\"https:\\\/\\\/radioljubuski.ba\\\/\",\"name\":\"Radio Ljubu\u0161ki\",\"description\":\"Sun\u010dana frekvencija Hercegovine\",\"publisher\":{\"@id\":\"https:\\\/\\\/radioljubuski.ba\\\/#organization\"},\"potentialAction\":[{\"@type\":\"SearchAction\",\"target\":{\"@type\":\"EntryPoint\",\"urlTemplate\":\"https:\\\/\\\/radioljubuski.ba\\\/?s={search_term_string}\"},\"query-input\":{\"@type\":\"PropertyValueSpecification\",\"valueRequired\":true,\"valueName\":\"search_term_string\"}}],\"inLanguage\":\"hr\"},{\"@type\":\"Organization\",\"@id\":\"https:\\\/\\\/radioljubuski.ba\\\/#organization\",\"name\":\"Radio Ljubu\u0161ki\",\"url\":\"https:\\\/\\\/radioljubuski.ba\\\/\",\"logo\":{\"@type\":\"ImageObject\",\"inLanguage\":\"hr\",\"@id\":\"https:\\\/\\\/radioljubuski.ba\\\/#\\\/schema\\\/logo\\\/image\\\/\",\"url\":\"https:\\\/\\\/radioljubuski.ba\\\/wp-content\\\/uploads\\\/2021\\\/02\\\/cropped-Radio_Ljubuski_logo1.jpg\",\"contentUrl\":\"https:\\\/\\\/radioljubuski.ba\\\/wp-content\\\/uploads\\\/2021\\\/02\\\/cropped-Radio_Ljubuski_logo1.jpg\",\"width\":512,\"height\":512,\"caption\":\"Radio Ljubu\u0161ki\"},\"image\":{\"@id\":\"https:\\\/\\\/radioljubuski.ba\\\/#\\\/schema\\\/logo\\\/image\\\/\"},\"sameAs\":[\"https:\\\/\\\/www.facebook.com\\\/Radiio-Ljubuski-1490835324566332\",\"https:\\\/\\\/x.com\\\/radioljubuski\",\"https:\\\/\\\/hr.linkedin.com\\\/company\\\/radio-ljubuski\",\"https:\\\/\\\/www.youtube.com\\\/channel\\\/UCHYaeO_n0Db3tjNGudGpXyw\"]},{\"@type\":\"Person\",\"@id\":\"https:\\\/\\\/radioljubuski.ba\\\/#\\\/schema\\\/person\\\/19fc700381a780f69665d7956c469e3b\",\"name\":\"Radio Ljubu\u0161ki\"}]}<\/script>\n<!-- \/ Yoast SEO plugin. -->","yoast_head_json":{"title":"Senada \u0160elo \u0160abi\u0107: SDA bot iz Gra\u010danice na prora\u010dunu Hrvatske - RADIO LJUBU\u0160KI","robots":{"index":"index","follow":"follow","max-snippet":"max-snippet:-1","max-image-preview":"max-image-preview:large","max-video-preview":"max-video-preview:-1"},"canonical":"https:\/\/radioljubuski.ba\/index.php\/2021\/11\/07\/senada-selo-sabic-sda-bot-iz-gracanice-na-proracunu-hrvatske\/","og_locale":"hr_HR","og_type":"article","og_title":"Senada \u0160elo \u0160abi\u0107: SDA bot iz Gra\u010danice na prora\u010dunu Hrvatske - RADIO LJUBU\u0160KI","og_description":"Za\u0161to Hrvati u BiH ne bi bili manjina?\u201c (Dejan Jovi\u0107) U pro\u0161lom nastavku nizanke o susjednoj dr\u017eavi spomenuli smo \u010dudnovata izvje\u0161\u0107a Hrvatske izvje\u0161tajne novinske agencije, u kojima se \u017deljka Kom\u0161i\u0107a uporno predstavljalo kao hrvatskog \u010dlana Predsjedni\u0161tva BiH. \u010cini se da ta pojava u doma\u0107em medijskom prostoru nipo\u0161to nije usamljena. Me\u0111u najnovijim primjerima zbunjivanja javnosti isti\u010de [&hellip;]","og_url":"https:\/\/radioljubuski.ba\/index.php\/2021\/11\/07\/senada-selo-sabic-sda-bot-iz-gracanice-na-proracunu-hrvatske\/","og_site_name":"RADIO LJUBU\u0160KI","article_publisher":"https:\/\/www.facebook.com\/Radiio-Ljubuski-1490835324566332","article_published_time":"2021-11-07T20:55:23+00:00","article_modified_time":"2021-11-07T20:55:24+00:00","og_image":[{"width":750,"height":420,"url":"https:\/\/radioljubuski.ba\/wp-content\/uploads\/2021\/11\/senada-selo-sabic-750x420-1.jpg","type":"image\/jpeg"}],"author":"Radio Ljubu\u0161ki","twitter_card":"summary_large_image","twitter_creator":"@radioljubuski","twitter_site":"@radioljubuski","twitter_misc":{"Napisao\/la":"Radio Ljubu\u0161ki","Procijenjeno vrijeme \u010ditanja":"5 minuta"},"schema":{"@context":"https:\/\/schema.org","@graph":[{"@type":"Article","@id":"https:\/\/radioljubuski.ba\/index.php\/2021\/11\/07\/senada-selo-sabic-sda-bot-iz-gracanice-na-proracunu-hrvatske\/#article","isPartOf":{"@id":"https:\/\/radioljubuski.ba\/index.php\/2021\/11\/07\/senada-selo-sabic-sda-bot-iz-gracanice-na-proracunu-hrvatske\/"},"author":{"name":"Radio Ljubu\u0161ki","@id":"https:\/\/radioljubuski.ba\/#\/schema\/person\/19fc700381a780f69665d7956c469e3b"},"headline":"Senada \u0160elo \u0160abi\u0107: SDA bot iz Gra\u010danice na prora\u010dunu Hrvatske","datePublished":"2021-11-07T20:55:23+00:00","dateModified":"2021-11-07T20:55:24+00:00","mainEntityOfPage":{"@id":"https:\/\/radioljubuski.ba\/index.php\/2021\/11\/07\/senada-selo-sabic-sda-bot-iz-gracanice-na-proracunu-hrvatske\/"},"wordCount":1220,"publisher":{"@id":"https:\/\/radioljubuski.ba\/#organization"},"image":{"@id":"https:\/\/radioljubuski.ba\/index.php\/2021\/11\/07\/senada-selo-sabic-sda-bot-iz-gracanice-na-proracunu-hrvatske\/#primaryimage"},"thumbnailUrl":"https:\/\/radioljubuski.ba\/wp-content\/uploads\/2021\/11\/senada-selo-sabic-750x420-1.jpg","articleSection":["BIH i regija"],"inLanguage":"hr"},{"@type":"WebPage","@id":"https:\/\/radioljubuski.ba\/index.php\/2021\/11\/07\/senada-selo-sabic-sda-bot-iz-gracanice-na-proracunu-hrvatske\/","url":"https:\/\/radioljubuski.ba\/index.php\/2021\/11\/07\/senada-selo-sabic-sda-bot-iz-gracanice-na-proracunu-hrvatske\/","name":"Senada \u0160elo \u0160abi\u0107: SDA bot iz Gra\u010danice na prora\u010dunu Hrvatske - RADIO LJUBU\u0160KI","isPartOf":{"@id":"https:\/\/radioljubuski.ba\/#website"},"primaryImageOfPage":{"@id":"https:\/\/radioljubuski.ba\/index.php\/2021\/11\/07\/senada-selo-sabic-sda-bot-iz-gracanice-na-proracunu-hrvatske\/#primaryimage"},"image":{"@id":"https:\/\/radioljubuski.ba\/index.php\/2021\/11\/07\/senada-selo-sabic-sda-bot-iz-gracanice-na-proracunu-hrvatske\/#primaryimage"},"thumbnailUrl":"https:\/\/radioljubuski.ba\/wp-content\/uploads\/2021\/11\/senada-selo-sabic-750x420-1.jpg","datePublished":"2021-11-07T20:55:23+00:00","dateModified":"2021-11-07T20:55:24+00:00","breadcrumb":{"@id":"https:\/\/radioljubuski.ba\/index.php\/2021\/11\/07\/senada-selo-sabic-sda-bot-iz-gracanice-na-proracunu-hrvatske\/#breadcrumb"},"inLanguage":"hr","potentialAction":[{"@type":"ReadAction","target":["https:\/\/radioljubuski.ba\/index.php\/2021\/11\/07\/senada-selo-sabic-sda-bot-iz-gracanice-na-proracunu-hrvatske\/"]}]},{"@type":"ImageObject","inLanguage":"hr","@id":"https:\/\/radioljubuski.ba\/index.php\/2021\/11\/07\/senada-selo-sabic-sda-bot-iz-gracanice-na-proracunu-hrvatske\/#primaryimage","url":"https:\/\/radioljubuski.ba\/wp-content\/uploads\/2021\/11\/senada-selo-sabic-750x420-1.jpg","contentUrl":"https:\/\/radioljubuski.ba\/wp-content\/uploads\/2021\/11\/senada-selo-sabic-750x420-1.jpg","width":750,"height":420},{"@type":"BreadcrumbList","@id":"https:\/\/radioljubuski.ba\/index.php\/2021\/11\/07\/senada-selo-sabic-sda-bot-iz-gracanice-na-proracunu-hrvatske\/#breadcrumb","itemListElement":[{"@type":"ListItem","position":1,"name":"Po\u010detna stranica","item":"https:\/\/radioljubuski.ba\/"},{"@type":"ListItem","position":2,"name":"Senada \u0160elo \u0160abi\u0107: SDA bot iz Gra\u010danice na prora\u010dunu Hrvatske"}]},{"@type":"WebSite","@id":"https:\/\/radioljubuski.ba\/#website","url":"https:\/\/radioljubuski.ba\/","name":"Radio Ljubu\u0161ki","description":"Sun\u010dana frekvencija Hercegovine","publisher":{"@id":"https:\/\/radioljubuski.ba\/#organization"},"potentialAction":[{"@type":"SearchAction","target":{"@type":"EntryPoint","urlTemplate":"https:\/\/radioljubuski.ba\/?s={search_term_string}"},"query-input":{"@type":"PropertyValueSpecification","valueRequired":true,"valueName":"search_term_string"}}],"inLanguage":"hr"},{"@type":"Organization","@id":"https:\/\/radioljubuski.ba\/#organization","name":"Radio Ljubu\u0161ki","url":"https:\/\/radioljubuski.ba\/","logo":{"@type":"ImageObject","inLanguage":"hr","@id":"https:\/\/radioljubuski.ba\/#\/schema\/logo\/image\/","url":"https:\/\/radioljubuski.ba\/wp-content\/uploads\/2021\/02\/cropped-Radio_Ljubuski_logo1.jpg","contentUrl":"https:\/\/radioljubuski.ba\/wp-content\/uploads\/2021\/02\/cropped-Radio_Ljubuski_logo1.jpg","width":512,"height":512,"caption":"Radio Ljubu\u0161ki"},"image":{"@id":"https:\/\/radioljubuski.ba\/#\/schema\/logo\/image\/"},"sameAs":["https:\/\/www.facebook.com\/Radiio-Ljubuski-1490835324566332","https:\/\/x.com\/radioljubuski","https:\/\/hr.linkedin.com\/company\/radio-ljubuski","https:\/\/www.youtube.com\/channel\/UCHYaeO_n0Db3tjNGudGpXyw"]},{"@type":"Person","@id":"https:\/\/radioljubuski.ba\/#\/schema\/person\/19fc700381a780f69665d7956c469e3b","name":"Radio Ljubu\u0161ki"}]}},"_links":{"self":[{"href":"https:\/\/radioljubuski.ba\/index.php\/wp-json\/wp\/v2\/posts\/86287","targetHints":{"allow":["GET"]}}],"collection":[{"href":"https:\/\/radioljubuski.ba\/index.php\/wp-json\/wp\/v2\/posts"}],"about":[{"href":"https:\/\/radioljubuski.ba\/index.php\/wp-json\/wp\/v2\/types\/post"}],"author":[{"embeddable":true,"href":"https:\/\/radioljubuski.ba\/index.php\/wp-json\/wp\/v2\/users\/2"}],"replies":[{"embeddable":true,"href":"https:\/\/radioljubuski.ba\/index.php\/wp-json\/wp\/v2\/comments?post=86287"}],"version-history":[{"count":1,"href":"https:\/\/radioljubuski.ba\/index.php\/wp-json\/wp\/v2\/posts\/86287\/revisions"}],"predecessor-version":[{"id":86289,"href":"https:\/\/radioljubuski.ba\/index.php\/wp-json\/wp\/v2\/posts\/86287\/revisions\/86289"}],"wp:featuredmedia":[{"embeddable":true,"href":"https:\/\/radioljubuski.ba\/index.php\/wp-json\/wp\/v2\/media\/86288"}],"wp:attachment":[{"href":"https:\/\/radioljubuski.ba\/index.php\/wp-json\/wp\/v2\/media?parent=86287"}],"wp:term":[{"taxonomy":"category","embeddable":true,"href":"https:\/\/radioljubuski.ba\/index.php\/wp-json\/wp\/v2\/categories?post=86287"},{"taxonomy":"post_tag","embeddable":true,"href":"https:\/\/radioljubuski.ba\/index.php\/wp-json\/wp\/v2\/tags?post=86287"}],"curies":[{"name":"wp","href":"https:\/\/api.w.org\/{rel}","templated":true}]}}