{"id":86293,"date":"2021-11-07T21:58:20","date_gmt":"2021-11-07T20:58:20","guid":{"rendered":"https:\/\/radioljubuski.ba\/?p=86293"},"modified":"2021-11-07T21:58:21","modified_gmt":"2021-11-07T20:58:21","slug":"bih-ce-se-raspasti-a-bosnjaci-ce-dobiti-svoju-drzavu","status":"publish","type":"post","link":"https:\/\/radioljubuski.ba\/index.php\/2021\/11\/07\/bih-ce-se-raspasti-a-bosnjaci-ce-dobiti-svoju-drzavu\/","title":{"rendered":"BiH \u0107e se raspasti, a Bo\u0161njaci \u0107e dobiti svoju dr\u017eavu!?"},"content":{"rendered":"\n<p><strong>Raspad Jugoslavije po\u010deo je onog trenutka kada je Slobodan Milo\u0161evi\u0107, pod sloganom \u201cjaka Srbija- jaka Jugoslavija\u201d po\u010deo zagovarati centralisti\u010dki koncept ure\u0111enja biv\u0161e zajedni\u010dke dr\u017eave. Dok se gorljivo borio za na\u010delo jedan \u010dovjek-jedan glas, \u010dija bi primjena osigurala dominaciju Srbije nad ostalim republikama i narodima u biv\u0161oj dr\u017eavi, Milo\u0161evi\u0107 je preko \u201cjogurt revolucije\u201d i \u201cdoga\u0111anja naroda\u201d preuzimao vlast u federalnim jedinicama, konstituentima SFRJ- Crnoj Gori, Vojvodini i Kosovu. Pozicije na saveznoj razini, u Predsjedni\u0161tvu SFRJ, iz Crne Gore, i dvije srpske autonomne pokrajine popunjavali su Milo\u0161evi\u0107u odani kadrovi, poput Sejde Bajramovi\u0107a s Kosova i Branka Kosti\u0107a iz Crne Gore. Na isti na\u010din Milo\u0161evi\u0107evi ljudi dobijali su mjesta u \u201cgornjem domu\u201d Skup\u0161tine SFRJ- Vije\u0107u republika i pokrajina- kojemu je u BiH pandan Dom naroda.<\/strong><\/p>\n\n\n\n<p><strong>Pi\u0161e: Milan \u0160utalo, Hrvatski Medijski Servis<\/strong><\/p>\n\n\n\n<p>Po zakonu spojenih posuda odgovor na Milo\u0161evi\u0107ev unitarizam bio je separatizam&nbsp; Slovenije i Hrvatske.<\/p>\n\n\n\n<p>Na vrhuncu krize, \u010detiri dana prije nego \u0161to \u0107e Slovenija i Hrvatska proglasiti neovisnost, 21. lipnja 1991. u Beograd je stigao ameri\u010dki dr\u017eavni tajnik James Baker, \u0161ef ameri\u010dke diplomacije u mandatu Georgea Busha. Nakon 10 sati dramati\u010dnih razgovora sa svim republi\u010dkim i saveznim du\u017enosnicima, Baker je tada izjavio kako Sjedinjene ameri\u010dke dr\u017eave podr\u017eavaju \u201cteritorijalni integritet i suverenitet Jugoslavije i protive se jednostranom progla\u0161enju odcepljenja Hrvatske i Slovenije\u201d. I Europska zajednica se uklju\u010dila u spa\u0161avanje Jugoslavije. Nudila je prekoredan prijam SFRJ u svoje \u010dlanstvo samo da se o\u010duva teritorijalna cjelovitost dr\u017eave. No, sve je bilo uzalud. Milo\u0161evi\u0107 je odlu\u010dio upotrijebiti silu, zajedni\u010dku vojsku JNA, kako bi zaustavio secesionisti\u010dke republike, a navodno mu je \u201czeleno svjetlo\u201d za to dao sam Baker.<\/p>\n\n\n\n<p>Ni godinu dana nakon toga ameri\u010dki predsjednik George Bush potpisao je 7. travnja 1992. u Bijeloj ku\u0107i dokument o priznanju Republike Hrvatske. Osim Hrvatske Amerika je priznala i Sloveniju i druge zemlje nastale raspadom Jugoslaviju.<\/p>\n\n\n\n<p>Trideset godina kasnije Sjedinjene ameri\u010dke dr\u017eave \u201csna\u017eno podr\u017eavaju suverenitet i teritorijalni integritet\u201d zemlje koju mnogi nazivaju \u201cmala Jugoslavija\u201d- Bosne i Hercegovine, ameri\u010dke i europske diplomate vode intezivne razgovore s politi\u010darima u BiH, kako bi se prona\u0161lo rje\u0161enje za \u201cnajve\u0107u krizu u BiH\u201d od zavr\u0161etka rata. I to ne \u0161efovi ameri\u010dke i europske diplomacije, ve\u0107 tre\u0107erazredni diplomati. Sve se to doga\u0111a dok najbrojniji narod u zajedni\u010dkoj dr\u017eavi name\u0107e, po tre\u0107i put, Sejdu Kom\u0161i\u0107a za hrvatskog \u010dlana Predsjedni\u0161tva BiH, a svoje Hrvate u federalni Dom naroda, kako bi malobrojnije Hrvate majorizirao i nametnuo im unitaristi\u010dki koncept, a druga federalna jedinica zajedni\u010dke dr\u017eave, Republika Srpska, najavljuje povla\u010denje iz zajedni\u010dkih dr\u017eavnih organa kao prvi korak ka odcjepljenju, kako ne bi do\u017eivjeli istu sudbinu.<\/p>\n\n\n\n<p>I kao \u0161to je Milo\u0161evi\u0107 prijetio silom 1989., onima koji bi da \u201crazbijaju Jugoslaviju\u201d (\u201cOpet smo pred bitkama i u bitkama. One nisu oru\u017eane, mada ni takve jo\u0161 nisu isklju\u010dene\u201d), tako danas lider Bo\u0161njaka, sarajevski Milo\u0161evi\u0107, Bakir Izetbegovi\u0107 majoriziranim Hrvatima, umjesto odustajanja od politike podjarmljivanja malobrojnijih, nudi politi\u010dku eliminaciju iz zajedni\u010dke federalne jedinice i onima koji bi da \u201cdijele Bosnu\u201d jo\u0161 otvorenije i izravnije od Milo\u0161evi\u0107a prijeti \u201ctenkovima, pu\u0161kama i dronovima\u201d i mobilizacijom 200 tisu\u0107a vojnika zajedni\u010dkih Oru\u017eanih snaga BiH.<\/p>\n\n\n\n<p>Onog trenutka kada je Milo\u0161evi\u0107, mimo odluke Predsjedni\u0161tva SFRJ, upotrijebio JNA da se obra\u010duna sa Hrvatskom i Slovenijom, Hrvatima i Slovencima, zajedni\u010dka dr\u017eava nepovratno se raspala, kao i zajedni\u010dka vojska. Isto to dogodit \u0107e se s Bosnom i Hercegovinom i njezinom vojskom onog trenutka kada bo\u0161nja\u010dko politi\u010dko vodstvo odlu\u010di upotrijebiti silu kako bi se sprije\u010dio izlazak RS iz zajedni\u010dkih dr\u017eavnih institucija i \u201cobranila Bosna\u201d. Kao \u0161to je Milo\u0161evi\u0107 poru\u010divao da nema mirnog razdru\u017eivanja Jugoslavije, tako sarajevski milo\u0161evi\u0107i danas poru\u010duju da nema mirne disolucije BiH.<\/p>\n\n\n\n<p>Kola su ve\u0107 odavno krenula nizbrdo. Je li ih mogu\u0107e bar zaustaviti, vratiti nazad? Te\u0161ko. Naime, kao \u0161to nije bilo mogu\u0107e preokrenuti glavne politi\u010dke tokove u biv\u0161oj zajedni\u010dkoj dr\u017eavi SFRJ unitarizam i separatizam, koji su se me\u0111usobno hranili i neminovno vodili raspadu zajedni\u010dke dr\u017eave Jugoslavije, tako, \u010dini se, nije mogu\u0107e, promijeniti identi\u010dne trendove koje vode raspadu \u201cmale Jugoslavije\u201d -Bosne i Hercegovine, \u010demu svjedo\u010dimo ve\u0107 godinama.<\/p>\n\n\n\n<p>I to, izgleda, ne\u0107e mo\u0107i zaustaviti i preokrenuti nikakvi strani diplomati; ni ameri\u010dki ni europski, nikakve sankcije, nikakvi \u201cnadle\u017enih dr\u017eavni organi\u201d od kojih se tra\u017ei da uhapse Dodika, kao \u0161to su Milo\u0161evi\u0107evi \u201cmitinga\u0161i\u201d prije 30-tak godina tra\u017eili hap\u0161enje Tu\u0111mana i Ku\u010dana.<\/p>\n\n\n\n<p>Ali re\u0107i \u0107e neki; Bosna i Hercegovina je, ipak, ameri\u010dki projekt, oni su 26 godina u taj projekt ulo\u017eili milijarde maraka i \u010dvrsto stoje iza teritorijalnog integriteta i suvereniteta BiH. To svakodnevno ponavljaju. \u2013 Ja, i?, da citiramo Bakira Izetbegovi\u0107a. I Afganistan je bio ameri\u010dki projekat u koji su Amerikanci ulo\u017eili bilijune dolara, pa kad su shvatili da je to uzaludno pro\u0107ardan novac i vrijeme, da se stvari nisu pomjerile s mrtve to\u010dke, jednostavno su se, preko no\u0107i, odlu\u010dili povu\u0107i. Pa zar Amerikanci isto tako nisu \u201c\u010dvrsto stajali\u201d iza teritorijalnog integriteta i suvereniteta Jugoslavije, pa se ta dr\u017eava svejedno raspala, a SAD vrlo brzo priznale novostvorene dr\u017eave.<\/p>\n\n\n\n<p>Jo\u0161 je jedna podudarnost izme\u0111u politike Beograda 90-tih i aktualne politike Sarajeva. Unitaristi\u010dkom politikama i sotonizacijom drugih naroda beogradski Milo\u0161evi\u0107ev re\u017eim poku\u0161ao je zagospodariti zajedni\u010dkom dr\u017eavom, \u0161to se pokazalo kao iluzija. Milo\u0161evi\u0107 je agresivnom hegemonisti\u010dkom politikom zapravo istjerao druge iz Jugoslavije i rasturio zajedni\u010dku dr\u017eavu. Htio je vladati Jugoslavijom, pa, kad mu to nije uspjelo, imati pod svojom \u010dizmom \u201ckrnju Jugoslaviju\u201d, pa kad ni to nije bilo mogu\u0107e onda makar u \u010deli\u010dnom zagrljaju zadr\u017eati \u201cdrugo oko u glavi\u201d \u2013 Crnu Goru. Na kraju mu je ostala Srbija, u\u017ea Srbija, bez Kosova.<\/p>\n\n\n\n<p>Istom unitaristi\u010dkom politikom Izetbegovi\u0107 i njegovi hegemonisti\u010dki politi\u010dki bliznaci, koji se hvale kako \u201cprobosanske snage\u201d ovladavaju zajedni\u010dkim dr\u017eavnim institucijama, ne uvi\u0111aju da zapravo rasturaju BiH. Rezultat te politike, prije ili kasnije, dovest \u0107e do toga da \u0107e Bo\u0161njaci, u kona\u010dnici, dobiti svoju dr\u017eavu- ali, kao i Milo\u0161evi\u0107, samo tamo gdje je ona realno mogu\u0107a, na dijelu teritorija gdje su ve\u0107ina, sada\u0161nje zajedni\u010dke nam dr\u017eave Bosne i Hercegovine.<\/p>\n\n\n\n<p>Da zaklju\u010dimo. Previ\u0161e je sli\u010dnosti izme\u0111u onog \u0161to se doga\u0111alo u Jugoslaviji i onog \u0161to se doga\u0111a u BiH da je te\u0161ko povjerovati da \u0107e Bosna i Hercegovina, \u201cmala Jugoslavija\u201d zavr\u0161iti druga\u010dije nego \u0161to je zavr\u0161ila (velika) Jugoslavija.<\/p>\n\n\n\n<p>\/HMS\/<\/p>\n","protected":false},"excerpt":{"rendered":"<p>Raspad Jugoslavije po\u010deo je onog trenutka kada je Slobodan Milo\u0161evi\u0107, pod sloganom \u201cjaka Srbija- jaka Jugoslavija\u201d po\u010deo zagovarati centralisti\u010dki koncept ure\u0111enja biv\u0161e zajedni\u010dke dr\u017eave. Dok se gorljivo borio za na\u010delo jedan \u010dovjek-jedan glas, \u010dija bi primjena osigurala dominaciju Srbije nad ostalim republikama i narodima u biv\u0161oj dr\u017eavi, Milo\u0161evi\u0107 je preko \u201cjogurt revolucije\u201d i \u201cdoga\u0111anja naroda\u201d [&hellip;]<\/p>\n","protected":false},"author":2,"featured_media":86294,"comment_status":"closed","ping_status":"closed","sticky":false,"template":"","format":"standard","meta":{"h5ap_radio_sources":[],"footnotes":""},"categories":[1],"tags":[],"class_list":["post-86293","post","type-post","status-publish","format-standard","has-post-thumbnail","hentry","category-bihiregija"],"yoast_head":"<!-- This site is optimized with the Yoast SEO plugin v27.5 - https:\/\/yoast.com\/product\/yoast-seo-wordpress\/ -->\n<title>BiH \u0107e se raspasti, a Bo\u0161njaci \u0107e dobiti svoju dr\u017eavu!? - RADIO LJUBU\u0160KI<\/title>\n<meta name=\"robots\" content=\"index, follow, max-snippet:-1, max-image-preview:large, max-video-preview:-1\" \/>\n<link rel=\"canonical\" href=\"https:\/\/radioljubuski.ba\/index.php\/2021\/11\/07\/bih-ce-se-raspasti-a-bosnjaci-ce-dobiti-svoju-drzavu\/\" \/>\n<meta property=\"og:locale\" content=\"hr_HR\" \/>\n<meta property=\"og:type\" content=\"article\" \/>\n<meta property=\"og:title\" content=\"BiH \u0107e se raspasti, a Bo\u0161njaci \u0107e dobiti svoju dr\u017eavu!? - RADIO LJUBU\u0160KI\" \/>\n<meta property=\"og:description\" content=\"Raspad Jugoslavije po\u010deo je onog trenutka kada je Slobodan Milo\u0161evi\u0107, pod sloganom \u201cjaka Srbija- jaka Jugoslavija\u201d po\u010deo zagovarati centralisti\u010dki koncept ure\u0111enja biv\u0161e zajedni\u010dke dr\u017eave. Dok se gorljivo borio za na\u010delo jedan \u010dovjek-jedan glas, \u010dija bi primjena osigurala dominaciju Srbije nad ostalim republikama i narodima u biv\u0161oj dr\u017eavi, Milo\u0161evi\u0107 je preko \u201cjogurt revolucije\u201d i \u201cdoga\u0111anja naroda\u201d [&hellip;]\" \/>\n<meta property=\"og:url\" content=\"https:\/\/radioljubuski.ba\/index.php\/2021\/11\/07\/bih-ce-se-raspasti-a-bosnjaci-ce-dobiti-svoju-drzavu\/\" \/>\n<meta property=\"og:site_name\" content=\"RADIO LJUBU\u0160KI\" \/>\n<meta property=\"article:publisher\" content=\"https:\/\/www.facebook.com\/Radiio-Ljubuski-1490835324566332\" \/>\n<meta property=\"article:published_time\" content=\"2021-11-07T20:58:20+00:00\" \/>\n<meta property=\"article:modified_time\" content=\"2021-11-07T20:58:21+00:00\" \/>\n<meta property=\"og:image\" content=\"https:\/\/radioljubuski.ba\/wp-content\/uploads\/2021\/11\/dodik-izetbegovic.jpg\" \/>\n\t<meta property=\"og:image:width\" content=\"741\" \/>\n\t<meta property=\"og:image:height\" content=\"486\" \/>\n\t<meta property=\"og:image:type\" content=\"image\/jpeg\" \/>\n<meta name=\"author\" content=\"Radio Ljubu\u0161ki\" \/>\n<meta name=\"twitter:card\" content=\"summary_large_image\" \/>\n<meta name=\"twitter:creator\" content=\"@radioljubuski\" \/>\n<meta name=\"twitter:site\" content=\"@radioljubuski\" \/>\n<meta name=\"twitter:label1\" content=\"Napisao\/la\" \/>\n\t<meta name=\"twitter:data1\" content=\"Radio Ljubu\u0161ki\" \/>\n\t<meta name=\"twitter:label2\" content=\"Procijenjeno vrijeme \u010ditanja\" \/>\n\t<meta name=\"twitter:data2\" content=\"5 minuta\" \/>\n<script type=\"application\/ld+json\" class=\"yoast-schema-graph\">{\"@context\":\"https:\\\/\\\/schema.org\",\"@graph\":[{\"@type\":\"Article\",\"@id\":\"https:\\\/\\\/radioljubuski.ba\\\/index.php\\\/2021\\\/11\\\/07\\\/bih-ce-se-raspasti-a-bosnjaci-ce-dobiti-svoju-drzavu\\\/#article\",\"isPartOf\":{\"@id\":\"https:\\\/\\\/radioljubuski.ba\\\/index.php\\\/2021\\\/11\\\/07\\\/bih-ce-se-raspasti-a-bosnjaci-ce-dobiti-svoju-drzavu\\\/\"},\"author\":{\"name\":\"Radio Ljubu\u0161ki\",\"@id\":\"https:\\\/\\\/radioljubuski.ba\\\/#\\\/schema\\\/person\\\/19fc700381a780f69665d7956c469e3b\"},\"headline\":\"BiH \u0107e se raspasti, a Bo\u0161njaci \u0107e dobiti svoju dr\u017eavu!?\",\"datePublished\":\"2021-11-07T20:58:20+00:00\",\"dateModified\":\"2021-11-07T20:58:21+00:00\",\"mainEntityOfPage\":{\"@id\":\"https:\\\/\\\/radioljubuski.ba\\\/index.php\\\/2021\\\/11\\\/07\\\/bih-ce-se-raspasti-a-bosnjaci-ce-dobiti-svoju-drzavu\\\/\"},\"wordCount\":1178,\"publisher\":{\"@id\":\"https:\\\/\\\/radioljubuski.ba\\\/#organization\"},\"image\":{\"@id\":\"https:\\\/\\\/radioljubuski.ba\\\/index.php\\\/2021\\\/11\\\/07\\\/bih-ce-se-raspasti-a-bosnjaci-ce-dobiti-svoju-drzavu\\\/#primaryimage\"},\"thumbnailUrl\":\"https:\\\/\\\/radioljubuski.ba\\\/wp-content\\\/uploads\\\/2021\\\/11\\\/dodik-izetbegovic.jpg\",\"articleSection\":[\"BIH i regija\"],\"inLanguage\":\"hr\"},{\"@type\":\"WebPage\",\"@id\":\"https:\\\/\\\/radioljubuski.ba\\\/index.php\\\/2021\\\/11\\\/07\\\/bih-ce-se-raspasti-a-bosnjaci-ce-dobiti-svoju-drzavu\\\/\",\"url\":\"https:\\\/\\\/radioljubuski.ba\\\/index.php\\\/2021\\\/11\\\/07\\\/bih-ce-se-raspasti-a-bosnjaci-ce-dobiti-svoju-drzavu\\\/\",\"name\":\"BiH \u0107e se raspasti, a Bo\u0161njaci \u0107e dobiti svoju dr\u017eavu!? - RADIO LJUBU\u0160KI\",\"isPartOf\":{\"@id\":\"https:\\\/\\\/radioljubuski.ba\\\/#website\"},\"primaryImageOfPage\":{\"@id\":\"https:\\\/\\\/radioljubuski.ba\\\/index.php\\\/2021\\\/11\\\/07\\\/bih-ce-se-raspasti-a-bosnjaci-ce-dobiti-svoju-drzavu\\\/#primaryimage\"},\"image\":{\"@id\":\"https:\\\/\\\/radioljubuski.ba\\\/index.php\\\/2021\\\/11\\\/07\\\/bih-ce-se-raspasti-a-bosnjaci-ce-dobiti-svoju-drzavu\\\/#primaryimage\"},\"thumbnailUrl\":\"https:\\\/\\\/radioljubuski.ba\\\/wp-content\\\/uploads\\\/2021\\\/11\\\/dodik-izetbegovic.jpg\",\"datePublished\":\"2021-11-07T20:58:20+00:00\",\"dateModified\":\"2021-11-07T20:58:21+00:00\",\"breadcrumb\":{\"@id\":\"https:\\\/\\\/radioljubuski.ba\\\/index.php\\\/2021\\\/11\\\/07\\\/bih-ce-se-raspasti-a-bosnjaci-ce-dobiti-svoju-drzavu\\\/#breadcrumb\"},\"inLanguage\":\"hr\",\"potentialAction\":[{\"@type\":\"ReadAction\",\"target\":[\"https:\\\/\\\/radioljubuski.ba\\\/index.php\\\/2021\\\/11\\\/07\\\/bih-ce-se-raspasti-a-bosnjaci-ce-dobiti-svoju-drzavu\\\/\"]}]},{\"@type\":\"ImageObject\",\"inLanguage\":\"hr\",\"@id\":\"https:\\\/\\\/radioljubuski.ba\\\/index.php\\\/2021\\\/11\\\/07\\\/bih-ce-se-raspasti-a-bosnjaci-ce-dobiti-svoju-drzavu\\\/#primaryimage\",\"url\":\"https:\\\/\\\/radioljubuski.ba\\\/wp-content\\\/uploads\\\/2021\\\/11\\\/dodik-izetbegovic.jpg\",\"contentUrl\":\"https:\\\/\\\/radioljubuski.ba\\\/wp-content\\\/uploads\\\/2021\\\/11\\\/dodik-izetbegovic.jpg\",\"width\":741,\"height\":486},{\"@type\":\"BreadcrumbList\",\"@id\":\"https:\\\/\\\/radioljubuski.ba\\\/index.php\\\/2021\\\/11\\\/07\\\/bih-ce-se-raspasti-a-bosnjaci-ce-dobiti-svoju-drzavu\\\/#breadcrumb\",\"itemListElement\":[{\"@type\":\"ListItem\",\"position\":1,\"name\":\"Po\u010detna stranica\",\"item\":\"https:\\\/\\\/radioljubuski.ba\\\/\"},{\"@type\":\"ListItem\",\"position\":2,\"name\":\"BiH \u0107e se raspasti, a Bo\u0161njaci \u0107e dobiti svoju dr\u017eavu!?\"}]},{\"@type\":\"WebSite\",\"@id\":\"https:\\\/\\\/radioljubuski.ba\\\/#website\",\"url\":\"https:\\\/\\\/radioljubuski.ba\\\/\",\"name\":\"Radio Ljubu\u0161ki\",\"description\":\"Sun\u010dana frekvencija Hercegovine\",\"publisher\":{\"@id\":\"https:\\\/\\\/radioljubuski.ba\\\/#organization\"},\"potentialAction\":[{\"@type\":\"SearchAction\",\"target\":{\"@type\":\"EntryPoint\",\"urlTemplate\":\"https:\\\/\\\/radioljubuski.ba\\\/?s={search_term_string}\"},\"query-input\":{\"@type\":\"PropertyValueSpecification\",\"valueRequired\":true,\"valueName\":\"search_term_string\"}}],\"inLanguage\":\"hr\"},{\"@type\":\"Organization\",\"@id\":\"https:\\\/\\\/radioljubuski.ba\\\/#organization\",\"name\":\"Radio Ljubu\u0161ki\",\"url\":\"https:\\\/\\\/radioljubuski.ba\\\/\",\"logo\":{\"@type\":\"ImageObject\",\"inLanguage\":\"hr\",\"@id\":\"https:\\\/\\\/radioljubuski.ba\\\/#\\\/schema\\\/logo\\\/image\\\/\",\"url\":\"https:\\\/\\\/radioljubuski.ba\\\/wp-content\\\/uploads\\\/2021\\\/02\\\/cropped-Radio_Ljubuski_logo1.jpg\",\"contentUrl\":\"https:\\\/\\\/radioljubuski.ba\\\/wp-content\\\/uploads\\\/2021\\\/02\\\/cropped-Radio_Ljubuski_logo1.jpg\",\"width\":512,\"height\":512,\"caption\":\"Radio Ljubu\u0161ki\"},\"image\":{\"@id\":\"https:\\\/\\\/radioljubuski.ba\\\/#\\\/schema\\\/logo\\\/image\\\/\"},\"sameAs\":[\"https:\\\/\\\/www.facebook.com\\\/Radiio-Ljubuski-1490835324566332\",\"https:\\\/\\\/x.com\\\/radioljubuski\",\"https:\\\/\\\/hr.linkedin.com\\\/company\\\/radio-ljubuski\",\"https:\\\/\\\/www.youtube.com\\\/channel\\\/UCHYaeO_n0Db3tjNGudGpXyw\"]},{\"@type\":\"Person\",\"@id\":\"https:\\\/\\\/radioljubuski.ba\\\/#\\\/schema\\\/person\\\/19fc700381a780f69665d7956c469e3b\",\"name\":\"Radio Ljubu\u0161ki\"}]}<\/script>\n<!-- \/ Yoast SEO plugin. -->","yoast_head_json":{"title":"BiH \u0107e se raspasti, a Bo\u0161njaci \u0107e dobiti svoju dr\u017eavu!? - RADIO LJUBU\u0160KI","robots":{"index":"index","follow":"follow","max-snippet":"max-snippet:-1","max-image-preview":"max-image-preview:large","max-video-preview":"max-video-preview:-1"},"canonical":"https:\/\/radioljubuski.ba\/index.php\/2021\/11\/07\/bih-ce-se-raspasti-a-bosnjaci-ce-dobiti-svoju-drzavu\/","og_locale":"hr_HR","og_type":"article","og_title":"BiH \u0107e se raspasti, a Bo\u0161njaci \u0107e dobiti svoju dr\u017eavu!? - RADIO LJUBU\u0160KI","og_description":"Raspad Jugoslavije po\u010deo je onog trenutka kada je Slobodan Milo\u0161evi\u0107, pod sloganom \u201cjaka Srbija- jaka Jugoslavija\u201d po\u010deo zagovarati centralisti\u010dki koncept ure\u0111enja biv\u0161e zajedni\u010dke dr\u017eave. Dok se gorljivo borio za na\u010delo jedan \u010dovjek-jedan glas, \u010dija bi primjena osigurala dominaciju Srbije nad ostalim republikama i narodima u biv\u0161oj dr\u017eavi, Milo\u0161evi\u0107 je preko \u201cjogurt revolucije\u201d i \u201cdoga\u0111anja naroda\u201d [&hellip;]","og_url":"https:\/\/radioljubuski.ba\/index.php\/2021\/11\/07\/bih-ce-se-raspasti-a-bosnjaci-ce-dobiti-svoju-drzavu\/","og_site_name":"RADIO LJUBU\u0160KI","article_publisher":"https:\/\/www.facebook.com\/Radiio-Ljubuski-1490835324566332","article_published_time":"2021-11-07T20:58:20+00:00","article_modified_time":"2021-11-07T20:58:21+00:00","og_image":[{"width":741,"height":486,"url":"https:\/\/radioljubuski.ba\/wp-content\/uploads\/2021\/11\/dodik-izetbegovic.jpg","type":"image\/jpeg"}],"author":"Radio Ljubu\u0161ki","twitter_card":"summary_large_image","twitter_creator":"@radioljubuski","twitter_site":"@radioljubuski","twitter_misc":{"Napisao\/la":"Radio Ljubu\u0161ki","Procijenjeno vrijeme \u010ditanja":"5 minuta"},"schema":{"@context":"https:\/\/schema.org","@graph":[{"@type":"Article","@id":"https:\/\/radioljubuski.ba\/index.php\/2021\/11\/07\/bih-ce-se-raspasti-a-bosnjaci-ce-dobiti-svoju-drzavu\/#article","isPartOf":{"@id":"https:\/\/radioljubuski.ba\/index.php\/2021\/11\/07\/bih-ce-se-raspasti-a-bosnjaci-ce-dobiti-svoju-drzavu\/"},"author":{"name":"Radio Ljubu\u0161ki","@id":"https:\/\/radioljubuski.ba\/#\/schema\/person\/19fc700381a780f69665d7956c469e3b"},"headline":"BiH \u0107e se raspasti, a Bo\u0161njaci \u0107e dobiti svoju dr\u017eavu!?","datePublished":"2021-11-07T20:58:20+00:00","dateModified":"2021-11-07T20:58:21+00:00","mainEntityOfPage":{"@id":"https:\/\/radioljubuski.ba\/index.php\/2021\/11\/07\/bih-ce-se-raspasti-a-bosnjaci-ce-dobiti-svoju-drzavu\/"},"wordCount":1178,"publisher":{"@id":"https:\/\/radioljubuski.ba\/#organization"},"image":{"@id":"https:\/\/radioljubuski.ba\/index.php\/2021\/11\/07\/bih-ce-se-raspasti-a-bosnjaci-ce-dobiti-svoju-drzavu\/#primaryimage"},"thumbnailUrl":"https:\/\/radioljubuski.ba\/wp-content\/uploads\/2021\/11\/dodik-izetbegovic.jpg","articleSection":["BIH i regija"],"inLanguage":"hr"},{"@type":"WebPage","@id":"https:\/\/radioljubuski.ba\/index.php\/2021\/11\/07\/bih-ce-se-raspasti-a-bosnjaci-ce-dobiti-svoju-drzavu\/","url":"https:\/\/radioljubuski.ba\/index.php\/2021\/11\/07\/bih-ce-se-raspasti-a-bosnjaci-ce-dobiti-svoju-drzavu\/","name":"BiH \u0107e se raspasti, a Bo\u0161njaci \u0107e dobiti svoju dr\u017eavu!? - RADIO LJUBU\u0160KI","isPartOf":{"@id":"https:\/\/radioljubuski.ba\/#website"},"primaryImageOfPage":{"@id":"https:\/\/radioljubuski.ba\/index.php\/2021\/11\/07\/bih-ce-se-raspasti-a-bosnjaci-ce-dobiti-svoju-drzavu\/#primaryimage"},"image":{"@id":"https:\/\/radioljubuski.ba\/index.php\/2021\/11\/07\/bih-ce-se-raspasti-a-bosnjaci-ce-dobiti-svoju-drzavu\/#primaryimage"},"thumbnailUrl":"https:\/\/radioljubuski.ba\/wp-content\/uploads\/2021\/11\/dodik-izetbegovic.jpg","datePublished":"2021-11-07T20:58:20+00:00","dateModified":"2021-11-07T20:58:21+00:00","breadcrumb":{"@id":"https:\/\/radioljubuski.ba\/index.php\/2021\/11\/07\/bih-ce-se-raspasti-a-bosnjaci-ce-dobiti-svoju-drzavu\/#breadcrumb"},"inLanguage":"hr","potentialAction":[{"@type":"ReadAction","target":["https:\/\/radioljubuski.ba\/index.php\/2021\/11\/07\/bih-ce-se-raspasti-a-bosnjaci-ce-dobiti-svoju-drzavu\/"]}]},{"@type":"ImageObject","inLanguage":"hr","@id":"https:\/\/radioljubuski.ba\/index.php\/2021\/11\/07\/bih-ce-se-raspasti-a-bosnjaci-ce-dobiti-svoju-drzavu\/#primaryimage","url":"https:\/\/radioljubuski.ba\/wp-content\/uploads\/2021\/11\/dodik-izetbegovic.jpg","contentUrl":"https:\/\/radioljubuski.ba\/wp-content\/uploads\/2021\/11\/dodik-izetbegovic.jpg","width":741,"height":486},{"@type":"BreadcrumbList","@id":"https:\/\/radioljubuski.ba\/index.php\/2021\/11\/07\/bih-ce-se-raspasti-a-bosnjaci-ce-dobiti-svoju-drzavu\/#breadcrumb","itemListElement":[{"@type":"ListItem","position":1,"name":"Po\u010detna stranica","item":"https:\/\/radioljubuski.ba\/"},{"@type":"ListItem","position":2,"name":"BiH \u0107e se raspasti, a Bo\u0161njaci \u0107e dobiti svoju dr\u017eavu!?"}]},{"@type":"WebSite","@id":"https:\/\/radioljubuski.ba\/#website","url":"https:\/\/radioljubuski.ba\/","name":"Radio Ljubu\u0161ki","description":"Sun\u010dana frekvencija Hercegovine","publisher":{"@id":"https:\/\/radioljubuski.ba\/#organization"},"potentialAction":[{"@type":"SearchAction","target":{"@type":"EntryPoint","urlTemplate":"https:\/\/radioljubuski.ba\/?s={search_term_string}"},"query-input":{"@type":"PropertyValueSpecification","valueRequired":true,"valueName":"search_term_string"}}],"inLanguage":"hr"},{"@type":"Organization","@id":"https:\/\/radioljubuski.ba\/#organization","name":"Radio Ljubu\u0161ki","url":"https:\/\/radioljubuski.ba\/","logo":{"@type":"ImageObject","inLanguage":"hr","@id":"https:\/\/radioljubuski.ba\/#\/schema\/logo\/image\/","url":"https:\/\/radioljubuski.ba\/wp-content\/uploads\/2021\/02\/cropped-Radio_Ljubuski_logo1.jpg","contentUrl":"https:\/\/radioljubuski.ba\/wp-content\/uploads\/2021\/02\/cropped-Radio_Ljubuski_logo1.jpg","width":512,"height":512,"caption":"Radio Ljubu\u0161ki"},"image":{"@id":"https:\/\/radioljubuski.ba\/#\/schema\/logo\/image\/"},"sameAs":["https:\/\/www.facebook.com\/Radiio-Ljubuski-1490835324566332","https:\/\/x.com\/radioljubuski","https:\/\/hr.linkedin.com\/company\/radio-ljubuski","https:\/\/www.youtube.com\/channel\/UCHYaeO_n0Db3tjNGudGpXyw"]},{"@type":"Person","@id":"https:\/\/radioljubuski.ba\/#\/schema\/person\/19fc700381a780f69665d7956c469e3b","name":"Radio Ljubu\u0161ki"}]}},"_links":{"self":[{"href":"https:\/\/radioljubuski.ba\/index.php\/wp-json\/wp\/v2\/posts\/86293","targetHints":{"allow":["GET"]}}],"collection":[{"href":"https:\/\/radioljubuski.ba\/index.php\/wp-json\/wp\/v2\/posts"}],"about":[{"href":"https:\/\/radioljubuski.ba\/index.php\/wp-json\/wp\/v2\/types\/post"}],"author":[{"embeddable":true,"href":"https:\/\/radioljubuski.ba\/index.php\/wp-json\/wp\/v2\/users\/2"}],"replies":[{"embeddable":true,"href":"https:\/\/radioljubuski.ba\/index.php\/wp-json\/wp\/v2\/comments?post=86293"}],"version-history":[{"count":1,"href":"https:\/\/radioljubuski.ba\/index.php\/wp-json\/wp\/v2\/posts\/86293\/revisions"}],"predecessor-version":[{"id":86295,"href":"https:\/\/radioljubuski.ba\/index.php\/wp-json\/wp\/v2\/posts\/86293\/revisions\/86295"}],"wp:featuredmedia":[{"embeddable":true,"href":"https:\/\/radioljubuski.ba\/index.php\/wp-json\/wp\/v2\/media\/86294"}],"wp:attachment":[{"href":"https:\/\/radioljubuski.ba\/index.php\/wp-json\/wp\/v2\/media?parent=86293"}],"wp:term":[{"taxonomy":"category","embeddable":true,"href":"https:\/\/radioljubuski.ba\/index.php\/wp-json\/wp\/v2\/categories?post=86293"},{"taxonomy":"post_tag","embeddable":true,"href":"https:\/\/radioljubuski.ba\/index.php\/wp-json\/wp\/v2\/tags?post=86293"}],"curies":[{"name":"wp","href":"https:\/\/api.w.org\/{rel}","templated":true}]}}