{"id":86296,"date":"2021-11-07T21:59:30","date_gmt":"2021-11-07T20:59:30","guid":{"rendered":"https:\/\/radioljubuski.ba\/?p=86296"},"modified":"2021-11-07T21:59:32","modified_gmt":"2021-11-07T20:59:32","slug":"komarica-hrvati-su-diskriminirani-oni-su-neka-vrsta-ljepila-za-srbe-i-bosnjake-pravoslavni-i-islamski-svijet","status":"publish","type":"post","link":"https:\/\/radioljubuski.ba\/index.php\/2021\/11\/07\/komarica-hrvati-su-diskriminirani-oni-su-neka-vrsta-ljepila-za-srbe-i-bosnjake-pravoslavni-i-islamski-svijet\/","title":{"rendered":"Komarica: Hrvati su diskriminirani; oni su neka vrsta ljepila za Srbe i Bo\u0161njake, pravoslavni i islamski svijet"},"content":{"rendered":"\n<p><strong>Biskup banjolu\u010dki mons. Franjo Komarica u nedavnom intervjuu za Aid to the Church in Need (ACN) govorio je o problemima katolika u Bosni i Hercegovini te kritizirao nedostatak djelovanja me\u0111unarodne zajednice.<\/strong><\/p>\n\n\n\n<p>Kako je objavljeno na slu\u017ebenoj stranici ACN-a, mons. Komarica upitan je za\u0161to je nedavno BiH nazvao \u201capsurdistanom\u201d, smije\u0161nom dr\u017eavom, prenosi&nbsp;<a href=\"https:\/\/www.nedjelja.ba\/hr\/ljudi-zivot-obicaji\/biskup-komarica-katolici-su-diskriminirani-u-svakom-pogledu\/22950\">Nedjelja.ba<\/a>.<\/p>\n\n\n\n<p>\u201eMe\u0111unarodna zajednica, posebice Europljani, tolerirali su proxy rat koji se ovdje vodio od 1992. do 1995. Bosna i Hercegovina ima privremeni sustav otkako je rat zavr\u0161io, tako da je sve stalo. Zemljom de facto upravlja me\u0111unarodni predstavnik koji nosi titulu visokog predstavnika. Iako je osmi du\u017enosnik od 1995. preuzeo du\u017enost, prisutnost predstavnika nije u\u010dinila zemlju ustavnom dr\u017eavom. Lokalni politi\u010dari niti ispunjavaju potrebne preduvjete niti imaju mo\u0107 transformacije Bosne i Hercegovine u funkcionalnu ustavnu dr\u017eavu.<\/p>\n\n\n\n<p>Dr\u017eavu Bosnu i Hercegovinu \u010dine tri konstitutivna naroda i dva entiteta. Dok Republika Srpska odr\u017eava \u010dvrste veze s Rusijom, Federacija je pod jakim utjecajem Turske i islamskog svijeta. Tre\u0107i narod, Hrvati, propada. Jednostavno ne postoji mjesto koje mo\u017eemo nazvati domom\u201c, odgovorio je biskup.<\/p>\n\n\n\n<p>O diskriminaciji katolika i njihovom iseljavanju iz BiH, banjolu\u010dki biskup je kazao:<\/p>\n\n\n\n<p>\u201eDiskriminacija je u svakom pogledu: politi\u010dkom, dru\u0161tvenom i ekonomskom. Katolici \u010desto imaju problema kada imaju hrvatska imena. Te\u0161ko im je na\u0107i posao. Postoji jedan dio zemlje, Zapadna Hercegovina, gdje se manje-vi\u0161e mo\u017ee mirno \u017eivjeti. Me\u0111utim, katolici i tamo napu\u0161taju zemlju.<\/p>\n\n\n\n<p>Hrvati katolici djeluju kao neka vrsta \u2018ljepila\u2019 za Srbe i Bo\u0161njake. Ako ovo ljepilo nestane, tada \u0107e se ova dva svijeta \u2013 islamski i pravoslavni \u2013 sve vi\u0161e udaljavati. To \u0107e izazvati jo\u0161 ve\u0107e nemire.<\/p>\n\n\n\n<p>Aneks 7 Daytonskog sporazuma, koji je trebao nadzirati povratak svih izbjeglica i raseljenih osoba, nikada nije proveden. Sporazumom je tako\u0111er bilo predvi\u0111eno da Bosna i Hercegovina i me\u0111unarodna zajednica pru\u017ee politi\u010dku, pravnu i materijalnu podr\u0161ku onima koji su se vratili. To se u slu\u010daju Hrvata nije dogodilo. U ruci sam dr\u017eao dokumente na kojima je pisalo: \u2018Toliko milijuna se izdvaja za prognane Srbe, toliko i toliko za povratak Bo\u0161njaka\u2019. Nakon toga slijedila je jedna re\u010denica \u2018Nema povratka bosanskih Hrvata\u2019. To zna\u010di da od njih ne primamo ni\u0161ta\u201c, naglasio je, uz ostalo biskup Komarica.<\/p>\n\n\n\n<p>Kako su na kraju naveli iz Papinske zaklade Pomo\u0107 Crkvi u nevolji, koja je na hrvatskom govornom podru\u010dju prepoznata pod njema\u010dkim nazivom Kirche in Not, Bosna i Hercegovina \u0107e i dalje ostati prioritetna zemlja za ACN u jugoisto\u010dnoj Europi. \u201cPrimarni fokus nam je na omogu\u0107avanju potrebnih obnova crkava, samostana i konvikata, kao i \u017eupnih ku\u0107a. Kontinuitet pastoralne slu\u017ebe osiguravamo opremanjem sve\u0107enika vozilima koja su im potrebna za opslu\u017eivanje svojih \u017eupa\u201d, istaknuli su iz ACN-a dodaju\u0107i kako redovito financiraju i duhovnu formaciju sjemeni\u0161taraca i novaka te su samo u 2021. podr\u017eali 48 projekata, podijeliv\u0161i 738 644,29 eura financijske pomo\u0107i.<\/p>\n\n\n\n<p>\/HMS\/<\/p>\n","protected":false},"excerpt":{"rendered":"<p>Biskup banjolu\u010dki mons. Franjo Komarica u nedavnom intervjuu za Aid to the Church in Need (ACN) govorio je o problemima katolika u Bosni i Hercegovini te kritizirao nedostatak djelovanja me\u0111unarodne zajednice. Kako je objavljeno na slu\u017ebenoj stranici ACN-a, mons. Komarica upitan je za\u0161to je nedavno BiH nazvao \u201capsurdistanom\u201d, smije\u0161nom dr\u017eavom, prenosi&nbsp;Nedjelja.ba. \u201eMe\u0111unarodna zajednica, posebice Europljani, [&hellip;]<\/p>\n","protected":false},"author":2,"featured_media":86297,"comment_status":"closed","ping_status":"closed","sticky":false,"template":"","format":"standard","meta":{"h5ap_radio_sources":[],"footnotes":""},"categories":[1],"tags":[],"class_list":["post-86296","post","type-post","status-publish","format-standard","has-post-thumbnail","hentry","category-bihiregija"],"yoast_head":"<!-- This site is optimized with the Yoast SEO plugin v27.5 - https:\/\/yoast.com\/product\/yoast-seo-wordpress\/ -->\n<title>Komarica: Hrvati su diskriminirani; oni su neka vrsta ljepila za Srbe i Bo\u0161njake, pravoslavni i islamski svijet - RADIO LJUBU\u0160KI<\/title>\n<meta name=\"robots\" content=\"index, follow, max-snippet:-1, max-image-preview:large, max-video-preview:-1\" \/>\n<link rel=\"canonical\" href=\"https:\/\/radioljubuski.ba\/index.php\/2021\/11\/07\/komarica-hrvati-su-diskriminirani-oni-su-neka-vrsta-ljepila-za-srbe-i-bosnjake-pravoslavni-i-islamski-svijet\/\" \/>\n<meta property=\"og:locale\" content=\"hr_HR\" \/>\n<meta property=\"og:type\" content=\"article\" \/>\n<meta property=\"og:title\" content=\"Komarica: Hrvati su diskriminirani; oni su neka vrsta ljepila za Srbe i Bo\u0161njake, pravoslavni i islamski svijet - RADIO LJUBU\u0160KI\" \/>\n<meta property=\"og:description\" content=\"Biskup banjolu\u010dki mons. Franjo Komarica u nedavnom intervjuu za Aid to the Church in Need (ACN) govorio je o problemima katolika u Bosni i Hercegovini te kritizirao nedostatak djelovanja me\u0111unarodne zajednice. Kako je objavljeno na slu\u017ebenoj stranici ACN-a, mons. Komarica upitan je za\u0161to je nedavno BiH nazvao \u201capsurdistanom\u201d, smije\u0161nom dr\u017eavom, prenosi&nbsp;Nedjelja.ba. \u201eMe\u0111unarodna zajednica, posebice Europljani, [&hellip;]\" \/>\n<meta property=\"og:url\" content=\"https:\/\/radioljubuski.ba\/index.php\/2021\/11\/07\/komarica-hrvati-su-diskriminirani-oni-su-neka-vrsta-ljepila-za-srbe-i-bosnjake-pravoslavni-i-islamski-svijet\/\" \/>\n<meta property=\"og:site_name\" content=\"RADIO LJUBU\u0160KI\" \/>\n<meta property=\"article:publisher\" content=\"https:\/\/www.facebook.com\/Radiio-Ljubuski-1490835324566332\" \/>\n<meta property=\"article:published_time\" content=\"2021-11-07T20:59:30+00:00\" \/>\n<meta property=\"article:modified_time\" content=\"2021-11-07T20:59:32+00:00\" \/>\n<meta property=\"og:image\" content=\"https:\/\/radioljubuski.ba\/wp-content\/uploads\/2021\/11\/komarica.jpg\" \/>\n\t<meta property=\"og:image:width\" content=\"1024\" \/>\n\t<meta property=\"og:image:height\" content=\"759\" \/>\n\t<meta property=\"og:image:type\" content=\"image\/jpeg\" \/>\n<meta name=\"author\" content=\"Radio Ljubu\u0161ki\" \/>\n<meta name=\"twitter:card\" content=\"summary_large_image\" \/>\n<meta name=\"twitter:creator\" content=\"@radioljubuski\" \/>\n<meta name=\"twitter:site\" content=\"@radioljubuski\" \/>\n<meta name=\"twitter:label1\" content=\"Napisao\/la\" \/>\n\t<meta name=\"twitter:data1\" content=\"Radio Ljubu\u0161ki\" \/>\n\t<meta name=\"twitter:label2\" content=\"Procijenjeno vrijeme \u010ditanja\" \/>\n\t<meta name=\"twitter:data2\" content=\"2 minute\" \/>\n<script type=\"application\/ld+json\" class=\"yoast-schema-graph\">{\"@context\":\"https:\\\/\\\/schema.org\",\"@graph\":[{\"@type\":\"Article\",\"@id\":\"https:\\\/\\\/radioljubuski.ba\\\/index.php\\\/2021\\\/11\\\/07\\\/komarica-hrvati-su-diskriminirani-oni-su-neka-vrsta-ljepila-za-srbe-i-bosnjake-pravoslavni-i-islamski-svijet\\\/#article\",\"isPartOf\":{\"@id\":\"https:\\\/\\\/radioljubuski.ba\\\/index.php\\\/2021\\\/11\\\/07\\\/komarica-hrvati-su-diskriminirani-oni-su-neka-vrsta-ljepila-za-srbe-i-bosnjake-pravoslavni-i-islamski-svijet\\\/\"},\"author\":{\"name\":\"Radio Ljubu\u0161ki\",\"@id\":\"https:\\\/\\\/radioljubuski.ba\\\/#\\\/schema\\\/person\\\/19fc700381a780f69665d7956c469e3b\"},\"headline\":\"Komarica: Hrvati su diskriminirani; oni su neka vrsta ljepila za Srbe i Bo\u0161njake, pravoslavni i islamski svijet\",\"datePublished\":\"2021-11-07T20:59:30+00:00\",\"dateModified\":\"2021-11-07T20:59:32+00:00\",\"mainEntityOfPage\":{\"@id\":\"https:\\\/\\\/radioljubuski.ba\\\/index.php\\\/2021\\\/11\\\/07\\\/komarica-hrvati-su-diskriminirani-oni-su-neka-vrsta-ljepila-za-srbe-i-bosnjake-pravoslavni-i-islamski-svijet\\\/\"},\"wordCount\":514,\"publisher\":{\"@id\":\"https:\\\/\\\/radioljubuski.ba\\\/#organization\"},\"image\":{\"@id\":\"https:\\\/\\\/radioljubuski.ba\\\/index.php\\\/2021\\\/11\\\/07\\\/komarica-hrvati-su-diskriminirani-oni-su-neka-vrsta-ljepila-za-srbe-i-bosnjake-pravoslavni-i-islamski-svijet\\\/#primaryimage\"},\"thumbnailUrl\":\"https:\\\/\\\/radioljubuski.ba\\\/wp-content\\\/uploads\\\/2021\\\/11\\\/komarica.jpg\",\"articleSection\":[\"BIH i regija\"],\"inLanguage\":\"hr\"},{\"@type\":\"WebPage\",\"@id\":\"https:\\\/\\\/radioljubuski.ba\\\/index.php\\\/2021\\\/11\\\/07\\\/komarica-hrvati-su-diskriminirani-oni-su-neka-vrsta-ljepila-za-srbe-i-bosnjake-pravoslavni-i-islamski-svijet\\\/\",\"url\":\"https:\\\/\\\/radioljubuski.ba\\\/index.php\\\/2021\\\/11\\\/07\\\/komarica-hrvati-su-diskriminirani-oni-su-neka-vrsta-ljepila-za-srbe-i-bosnjake-pravoslavni-i-islamski-svijet\\\/\",\"name\":\"Komarica: Hrvati su diskriminirani; oni su neka vrsta ljepila za Srbe i Bo\u0161njake, pravoslavni i islamski svijet - RADIO LJUBU\u0160KI\",\"isPartOf\":{\"@id\":\"https:\\\/\\\/radioljubuski.ba\\\/#website\"},\"primaryImageOfPage\":{\"@id\":\"https:\\\/\\\/radioljubuski.ba\\\/index.php\\\/2021\\\/11\\\/07\\\/komarica-hrvati-su-diskriminirani-oni-su-neka-vrsta-ljepila-za-srbe-i-bosnjake-pravoslavni-i-islamski-svijet\\\/#primaryimage\"},\"image\":{\"@id\":\"https:\\\/\\\/radioljubuski.ba\\\/index.php\\\/2021\\\/11\\\/07\\\/komarica-hrvati-su-diskriminirani-oni-su-neka-vrsta-ljepila-za-srbe-i-bosnjake-pravoslavni-i-islamski-svijet\\\/#primaryimage\"},\"thumbnailUrl\":\"https:\\\/\\\/radioljubuski.ba\\\/wp-content\\\/uploads\\\/2021\\\/11\\\/komarica.jpg\",\"datePublished\":\"2021-11-07T20:59:30+00:00\",\"dateModified\":\"2021-11-07T20:59:32+00:00\",\"breadcrumb\":{\"@id\":\"https:\\\/\\\/radioljubuski.ba\\\/index.php\\\/2021\\\/11\\\/07\\\/komarica-hrvati-su-diskriminirani-oni-su-neka-vrsta-ljepila-za-srbe-i-bosnjake-pravoslavni-i-islamski-svijet\\\/#breadcrumb\"},\"inLanguage\":\"hr\",\"potentialAction\":[{\"@type\":\"ReadAction\",\"target\":[\"https:\\\/\\\/radioljubuski.ba\\\/index.php\\\/2021\\\/11\\\/07\\\/komarica-hrvati-su-diskriminirani-oni-su-neka-vrsta-ljepila-za-srbe-i-bosnjake-pravoslavni-i-islamski-svijet\\\/\"]}]},{\"@type\":\"ImageObject\",\"inLanguage\":\"hr\",\"@id\":\"https:\\\/\\\/radioljubuski.ba\\\/index.php\\\/2021\\\/11\\\/07\\\/komarica-hrvati-su-diskriminirani-oni-su-neka-vrsta-ljepila-za-srbe-i-bosnjake-pravoslavni-i-islamski-svijet\\\/#primaryimage\",\"url\":\"https:\\\/\\\/radioljubuski.ba\\\/wp-content\\\/uploads\\\/2021\\\/11\\\/komarica.jpg\",\"contentUrl\":\"https:\\\/\\\/radioljubuski.ba\\\/wp-content\\\/uploads\\\/2021\\\/11\\\/komarica.jpg\",\"width\":1024,\"height\":759},{\"@type\":\"BreadcrumbList\",\"@id\":\"https:\\\/\\\/radioljubuski.ba\\\/index.php\\\/2021\\\/11\\\/07\\\/komarica-hrvati-su-diskriminirani-oni-su-neka-vrsta-ljepila-za-srbe-i-bosnjake-pravoslavni-i-islamski-svijet\\\/#breadcrumb\",\"itemListElement\":[{\"@type\":\"ListItem\",\"position\":1,\"name\":\"Po\u010detna stranica\",\"item\":\"https:\\\/\\\/radioljubuski.ba\\\/\"},{\"@type\":\"ListItem\",\"position\":2,\"name\":\"Komarica: Hrvati su diskriminirani; oni su neka vrsta ljepila za Srbe i Bo\u0161njake, pravoslavni i islamski svijet\"}]},{\"@type\":\"WebSite\",\"@id\":\"https:\\\/\\\/radioljubuski.ba\\\/#website\",\"url\":\"https:\\\/\\\/radioljubuski.ba\\\/\",\"name\":\"Radio Ljubu\u0161ki\",\"description\":\"Sun\u010dana frekvencija Hercegovine\",\"publisher\":{\"@id\":\"https:\\\/\\\/radioljubuski.ba\\\/#organization\"},\"potentialAction\":[{\"@type\":\"SearchAction\",\"target\":{\"@type\":\"EntryPoint\",\"urlTemplate\":\"https:\\\/\\\/radioljubuski.ba\\\/?s={search_term_string}\"},\"query-input\":{\"@type\":\"PropertyValueSpecification\",\"valueRequired\":true,\"valueName\":\"search_term_string\"}}],\"inLanguage\":\"hr\"},{\"@type\":\"Organization\",\"@id\":\"https:\\\/\\\/radioljubuski.ba\\\/#organization\",\"name\":\"Radio Ljubu\u0161ki\",\"url\":\"https:\\\/\\\/radioljubuski.ba\\\/\",\"logo\":{\"@type\":\"ImageObject\",\"inLanguage\":\"hr\",\"@id\":\"https:\\\/\\\/radioljubuski.ba\\\/#\\\/schema\\\/logo\\\/image\\\/\",\"url\":\"https:\\\/\\\/radioljubuski.ba\\\/wp-content\\\/uploads\\\/2021\\\/02\\\/cropped-Radio_Ljubuski_logo1.jpg\",\"contentUrl\":\"https:\\\/\\\/radioljubuski.ba\\\/wp-content\\\/uploads\\\/2021\\\/02\\\/cropped-Radio_Ljubuski_logo1.jpg\",\"width\":512,\"height\":512,\"caption\":\"Radio Ljubu\u0161ki\"},\"image\":{\"@id\":\"https:\\\/\\\/radioljubuski.ba\\\/#\\\/schema\\\/logo\\\/image\\\/\"},\"sameAs\":[\"https:\\\/\\\/www.facebook.com\\\/Radiio-Ljubuski-1490835324566332\",\"https:\\\/\\\/x.com\\\/radioljubuski\",\"https:\\\/\\\/hr.linkedin.com\\\/company\\\/radio-ljubuski\",\"https:\\\/\\\/www.youtube.com\\\/channel\\\/UCHYaeO_n0Db3tjNGudGpXyw\"]},{\"@type\":\"Person\",\"@id\":\"https:\\\/\\\/radioljubuski.ba\\\/#\\\/schema\\\/person\\\/19fc700381a780f69665d7956c469e3b\",\"name\":\"Radio Ljubu\u0161ki\"}]}<\/script>\n<!-- \/ Yoast SEO plugin. -->","yoast_head_json":{"title":"Komarica: Hrvati su diskriminirani; oni su neka vrsta ljepila za Srbe i Bo\u0161njake, pravoslavni i islamski svijet - RADIO LJUBU\u0160KI","robots":{"index":"index","follow":"follow","max-snippet":"max-snippet:-1","max-image-preview":"max-image-preview:large","max-video-preview":"max-video-preview:-1"},"canonical":"https:\/\/radioljubuski.ba\/index.php\/2021\/11\/07\/komarica-hrvati-su-diskriminirani-oni-su-neka-vrsta-ljepila-za-srbe-i-bosnjake-pravoslavni-i-islamski-svijet\/","og_locale":"hr_HR","og_type":"article","og_title":"Komarica: Hrvati su diskriminirani; oni su neka vrsta ljepila za Srbe i Bo\u0161njake, pravoslavni i islamski svijet - RADIO LJUBU\u0160KI","og_description":"Biskup banjolu\u010dki mons. Franjo Komarica u nedavnom intervjuu za Aid to the Church in Need (ACN) govorio je o problemima katolika u Bosni i Hercegovini te kritizirao nedostatak djelovanja me\u0111unarodne zajednice. Kako je objavljeno na slu\u017ebenoj stranici ACN-a, mons. Komarica upitan je za\u0161to je nedavno BiH nazvao \u201capsurdistanom\u201d, smije\u0161nom dr\u017eavom, prenosi&nbsp;Nedjelja.ba. \u201eMe\u0111unarodna zajednica, posebice Europljani, [&hellip;]","og_url":"https:\/\/radioljubuski.ba\/index.php\/2021\/11\/07\/komarica-hrvati-su-diskriminirani-oni-su-neka-vrsta-ljepila-za-srbe-i-bosnjake-pravoslavni-i-islamski-svijet\/","og_site_name":"RADIO LJUBU\u0160KI","article_publisher":"https:\/\/www.facebook.com\/Radiio-Ljubuski-1490835324566332","article_published_time":"2021-11-07T20:59:30+00:00","article_modified_time":"2021-11-07T20:59:32+00:00","og_image":[{"width":1024,"height":759,"url":"https:\/\/radioljubuski.ba\/wp-content\/uploads\/2021\/11\/komarica.jpg","type":"image\/jpeg"}],"author":"Radio Ljubu\u0161ki","twitter_card":"summary_large_image","twitter_creator":"@radioljubuski","twitter_site":"@radioljubuski","twitter_misc":{"Napisao\/la":"Radio Ljubu\u0161ki","Procijenjeno vrijeme \u010ditanja":"2 minute"},"schema":{"@context":"https:\/\/schema.org","@graph":[{"@type":"Article","@id":"https:\/\/radioljubuski.ba\/index.php\/2021\/11\/07\/komarica-hrvati-su-diskriminirani-oni-su-neka-vrsta-ljepila-za-srbe-i-bosnjake-pravoslavni-i-islamski-svijet\/#article","isPartOf":{"@id":"https:\/\/radioljubuski.ba\/index.php\/2021\/11\/07\/komarica-hrvati-su-diskriminirani-oni-su-neka-vrsta-ljepila-za-srbe-i-bosnjake-pravoslavni-i-islamski-svijet\/"},"author":{"name":"Radio Ljubu\u0161ki","@id":"https:\/\/radioljubuski.ba\/#\/schema\/person\/19fc700381a780f69665d7956c469e3b"},"headline":"Komarica: Hrvati su diskriminirani; oni su neka vrsta ljepila za Srbe i Bo\u0161njake, pravoslavni i islamski svijet","datePublished":"2021-11-07T20:59:30+00:00","dateModified":"2021-11-07T20:59:32+00:00","mainEntityOfPage":{"@id":"https:\/\/radioljubuski.ba\/index.php\/2021\/11\/07\/komarica-hrvati-su-diskriminirani-oni-su-neka-vrsta-ljepila-za-srbe-i-bosnjake-pravoslavni-i-islamski-svijet\/"},"wordCount":514,"publisher":{"@id":"https:\/\/radioljubuski.ba\/#organization"},"image":{"@id":"https:\/\/radioljubuski.ba\/index.php\/2021\/11\/07\/komarica-hrvati-su-diskriminirani-oni-su-neka-vrsta-ljepila-za-srbe-i-bosnjake-pravoslavni-i-islamski-svijet\/#primaryimage"},"thumbnailUrl":"https:\/\/radioljubuski.ba\/wp-content\/uploads\/2021\/11\/komarica.jpg","articleSection":["BIH i regija"],"inLanguage":"hr"},{"@type":"WebPage","@id":"https:\/\/radioljubuski.ba\/index.php\/2021\/11\/07\/komarica-hrvati-su-diskriminirani-oni-su-neka-vrsta-ljepila-za-srbe-i-bosnjake-pravoslavni-i-islamski-svijet\/","url":"https:\/\/radioljubuski.ba\/index.php\/2021\/11\/07\/komarica-hrvati-su-diskriminirani-oni-su-neka-vrsta-ljepila-za-srbe-i-bosnjake-pravoslavni-i-islamski-svijet\/","name":"Komarica: Hrvati su diskriminirani; oni su neka vrsta ljepila za Srbe i Bo\u0161njake, pravoslavni i islamski svijet - RADIO LJUBU\u0160KI","isPartOf":{"@id":"https:\/\/radioljubuski.ba\/#website"},"primaryImageOfPage":{"@id":"https:\/\/radioljubuski.ba\/index.php\/2021\/11\/07\/komarica-hrvati-su-diskriminirani-oni-su-neka-vrsta-ljepila-za-srbe-i-bosnjake-pravoslavni-i-islamski-svijet\/#primaryimage"},"image":{"@id":"https:\/\/radioljubuski.ba\/index.php\/2021\/11\/07\/komarica-hrvati-su-diskriminirani-oni-su-neka-vrsta-ljepila-za-srbe-i-bosnjake-pravoslavni-i-islamski-svijet\/#primaryimage"},"thumbnailUrl":"https:\/\/radioljubuski.ba\/wp-content\/uploads\/2021\/11\/komarica.jpg","datePublished":"2021-11-07T20:59:30+00:00","dateModified":"2021-11-07T20:59:32+00:00","breadcrumb":{"@id":"https:\/\/radioljubuski.ba\/index.php\/2021\/11\/07\/komarica-hrvati-su-diskriminirani-oni-su-neka-vrsta-ljepila-za-srbe-i-bosnjake-pravoslavni-i-islamski-svijet\/#breadcrumb"},"inLanguage":"hr","potentialAction":[{"@type":"ReadAction","target":["https:\/\/radioljubuski.ba\/index.php\/2021\/11\/07\/komarica-hrvati-su-diskriminirani-oni-su-neka-vrsta-ljepila-za-srbe-i-bosnjake-pravoslavni-i-islamski-svijet\/"]}]},{"@type":"ImageObject","inLanguage":"hr","@id":"https:\/\/radioljubuski.ba\/index.php\/2021\/11\/07\/komarica-hrvati-su-diskriminirani-oni-su-neka-vrsta-ljepila-za-srbe-i-bosnjake-pravoslavni-i-islamski-svijet\/#primaryimage","url":"https:\/\/radioljubuski.ba\/wp-content\/uploads\/2021\/11\/komarica.jpg","contentUrl":"https:\/\/radioljubuski.ba\/wp-content\/uploads\/2021\/11\/komarica.jpg","width":1024,"height":759},{"@type":"BreadcrumbList","@id":"https:\/\/radioljubuski.ba\/index.php\/2021\/11\/07\/komarica-hrvati-su-diskriminirani-oni-su-neka-vrsta-ljepila-za-srbe-i-bosnjake-pravoslavni-i-islamski-svijet\/#breadcrumb","itemListElement":[{"@type":"ListItem","position":1,"name":"Po\u010detna stranica","item":"https:\/\/radioljubuski.ba\/"},{"@type":"ListItem","position":2,"name":"Komarica: Hrvati su diskriminirani; oni su neka vrsta ljepila za Srbe i Bo\u0161njake, pravoslavni i islamski svijet"}]},{"@type":"WebSite","@id":"https:\/\/radioljubuski.ba\/#website","url":"https:\/\/radioljubuski.ba\/","name":"Radio Ljubu\u0161ki","description":"Sun\u010dana frekvencija Hercegovine","publisher":{"@id":"https:\/\/radioljubuski.ba\/#organization"},"potentialAction":[{"@type":"SearchAction","target":{"@type":"EntryPoint","urlTemplate":"https:\/\/radioljubuski.ba\/?s={search_term_string}"},"query-input":{"@type":"PropertyValueSpecification","valueRequired":true,"valueName":"search_term_string"}}],"inLanguage":"hr"},{"@type":"Organization","@id":"https:\/\/radioljubuski.ba\/#organization","name":"Radio Ljubu\u0161ki","url":"https:\/\/radioljubuski.ba\/","logo":{"@type":"ImageObject","inLanguage":"hr","@id":"https:\/\/radioljubuski.ba\/#\/schema\/logo\/image\/","url":"https:\/\/radioljubuski.ba\/wp-content\/uploads\/2021\/02\/cropped-Radio_Ljubuski_logo1.jpg","contentUrl":"https:\/\/radioljubuski.ba\/wp-content\/uploads\/2021\/02\/cropped-Radio_Ljubuski_logo1.jpg","width":512,"height":512,"caption":"Radio Ljubu\u0161ki"},"image":{"@id":"https:\/\/radioljubuski.ba\/#\/schema\/logo\/image\/"},"sameAs":["https:\/\/www.facebook.com\/Radiio-Ljubuski-1490835324566332","https:\/\/x.com\/radioljubuski","https:\/\/hr.linkedin.com\/company\/radio-ljubuski","https:\/\/www.youtube.com\/channel\/UCHYaeO_n0Db3tjNGudGpXyw"]},{"@type":"Person","@id":"https:\/\/radioljubuski.ba\/#\/schema\/person\/19fc700381a780f69665d7956c469e3b","name":"Radio Ljubu\u0161ki"}]}},"_links":{"self":[{"href":"https:\/\/radioljubuski.ba\/index.php\/wp-json\/wp\/v2\/posts\/86296","targetHints":{"allow":["GET"]}}],"collection":[{"href":"https:\/\/radioljubuski.ba\/index.php\/wp-json\/wp\/v2\/posts"}],"about":[{"href":"https:\/\/radioljubuski.ba\/index.php\/wp-json\/wp\/v2\/types\/post"}],"author":[{"embeddable":true,"href":"https:\/\/radioljubuski.ba\/index.php\/wp-json\/wp\/v2\/users\/2"}],"replies":[{"embeddable":true,"href":"https:\/\/radioljubuski.ba\/index.php\/wp-json\/wp\/v2\/comments?post=86296"}],"version-history":[{"count":1,"href":"https:\/\/radioljubuski.ba\/index.php\/wp-json\/wp\/v2\/posts\/86296\/revisions"}],"predecessor-version":[{"id":86298,"href":"https:\/\/radioljubuski.ba\/index.php\/wp-json\/wp\/v2\/posts\/86296\/revisions\/86298"}],"wp:featuredmedia":[{"embeddable":true,"href":"https:\/\/radioljubuski.ba\/index.php\/wp-json\/wp\/v2\/media\/86297"}],"wp:attachment":[{"href":"https:\/\/radioljubuski.ba\/index.php\/wp-json\/wp\/v2\/media?parent=86296"}],"wp:term":[{"taxonomy":"category","embeddable":true,"href":"https:\/\/radioljubuski.ba\/index.php\/wp-json\/wp\/v2\/categories?post=86296"},{"taxonomy":"post_tag","embeddable":true,"href":"https:\/\/radioljubuski.ba\/index.php\/wp-json\/wp\/v2\/tags?post=86296"}],"curies":[{"name":"wp","href":"https:\/\/api.w.org\/{rel}","templated":true}]}}