{"id":86308,"date":"2021-11-07T22:04:06","date_gmt":"2021-11-07T21:04:06","guid":{"rendered":"https:\/\/radioljubuski.ba\/?p=86308"},"modified":"2021-11-07T22:04:08","modified_gmt":"2021-11-07T21:04:08","slug":"probijen-zadnji-tunel-na-pristupnim-cestama-peljeskom-mostu","status":"publish","type":"post","link":"https:\/\/radioljubuski.ba\/index.php\/2021\/11\/07\/probijen-zadnji-tunel-na-pristupnim-cestama-peljeskom-mostu\/","title":{"rendered":"Probijen zadnji tunel na pristupnim cestama Pelje\u0161kom mostu"},"content":{"rendered":"\n<p><strong>Na pristupnim cestama Pelje\u0161kom mostu probijen je \u010detvrti, posljednji tunel. Radi se o tunelu Supava dugom 1290 metara, koji se nalazi na dionici pristupnih cesta koje gradi gr\u010dki Avax, pi\u0161e u nedjelju Ve\u010dernji list.<\/strong><\/p>\n\n\n\n<p>Tunel Supava \u010dini jedan od najzahtjevnijih dijelova cjelokupnog projekta cestovnog povezivanja ju\u017ene Dalmacije i pristupnih cesta Pelje\u0161kom mostu s obzirom na to da je izme\u0111u njega i drugog tunela na toj dionici \u2013 Polakovice \u2013 most Ston dug 485 metara, odnosno iz jednog tunela se izravno ide na most, a zatim s mosta opet izravno u drugi tunel.<\/p>\n\n\n\n<p>Tunel Polakovica, dug 1242 metra, probijen je u srpnju. U Hrvatskim cestama ka\u017eu da je na mostu Ston sve spremno za prihvat i monta\u017eu segmenta koji su proizvedeni u Brodosplitu.<\/p>\n\n\n\n<p>Na dionici pristupnih cesta koje gradi austrijski Strabag tako\u0111er su dva tunela \u2013 Debeli brijeg dug 2467 metara te tunel Kamenice dug 499 metara. Debeli brijeg je probijen krajem pro\u0161le godine, i to 74 dana prije planiranog roka, a tunel Kamenice probijen je potkraj travnja ove godine.<\/p>\n\n\n\n<iframe loading=\"lazy\" title=\"Cestovna povezanost s Ju\u017enom Dalmacijom - vijadukt i \u010dvor Prapratno, tunel Polakovica i most Ston\" width=\"640\" height=\"360\" src=\"https:\/\/www.youtube.com\/embed\/9cY0TTYJ3P8?feature=oembed\" frameborder=\"0\" allow=\"accelerometer; autoplay; clipboard-write; encrypted-media; gyroscope; picture-in-picture; web-share\" referrerpolicy=\"strict-origin-when-cross-origin\" allowfullscreen><\/iframe>\n\n\n\n<p>Pristupne ceste Pelje\u0161kom mostu, ukupne du\u017eine 30 kilometara, vrlo su zahtjevan projekt kao i sam most zbog brojnih objekata i nepristupa\u010dnog terena na trasi.<\/p>\n\n\n\n<p>Ugovor za gradnju stonske obilaznice, poddionice Sparagovi\u0107i\/ Zarade\u017ee \u2013 Prapratno i Prapratno \u2013 Doli, sklopljen je 9. listopada 2019., a izvo\u0111a\u010d radova Avax uveden je u posao 5. prosinca te godine.<\/p>\n\n\n\n<p>Na toj dionici jedan od objekata je i vijadukt Prapratno dug 212 metara, na kojem je zavr\u0161ena monta\u017ea \u010deli\u010dne konstrukcije. Vrijednost gradnje te dionice je 511,5 milijuna kuna.<\/p>\n\n\n\n<p>Ugovor za gradnju dionice Duboka \u2013 Sparagovi\u0107i\/Zarade\u017ee sklopljen je 9. listopada 2019., a radovi su po\u010deli 13. studenoga te godine, kada je izvo\u0111a\u010d slu\u017ebeno uveden u posao. Strabag je taj posao ugovorio za 478,3 milijuna kuna.<\/p>\n\n\n\n<p>Na toj dionici su uz tunel Debeli brijeg i Kamenice jo\u0161 su i objekti vijadukt Doli duljine 156 metara te mostovi Dumanja jaruga I duljine 488 metara i Dumanja jaruga II duljine 80 metara, donosi Ve\u010dernji list.<\/p>\n\n\n\n<p>\/HMS\/<\/p>\n","protected":false},"excerpt":{"rendered":"<p>Na pristupnim cestama Pelje\u0161kom mostu probijen je \u010detvrti, posljednji tunel. Radi se o tunelu Supava dugom 1290 metara, koji se nalazi na dionici pristupnih cesta koje gradi gr\u010dki Avax, pi\u0161e u nedjelju Ve\u010dernji list. Tunel Supava \u010dini jedan od najzahtjevnijih dijelova cjelokupnog projekta cestovnog povezivanja ju\u017ene Dalmacije i pristupnih cesta Pelje\u0161kom mostu s obzirom na [&hellip;]<\/p>\n","protected":false},"author":2,"featured_media":86309,"comment_status":"closed","ping_status":"closed","sticky":false,"template":"","format":"standard","meta":{"h5ap_radio_sources":[],"footnotes":""},"categories":[1],"tags":[],"class_list":["post-86308","post","type-post","status-publish","format-standard","has-post-thumbnail","hentry","category-bihiregija"],"yoast_head":"<!-- This site is optimized with the Yoast SEO plugin v27.5 - https:\/\/yoast.com\/product\/yoast-seo-wordpress\/ -->\n<title>Probijen zadnji tunel na pristupnim cestama Pelje\u0161kom mostu - RADIO LJUBU\u0160KI<\/title>\n<meta name=\"robots\" content=\"index, follow, max-snippet:-1, max-image-preview:large, max-video-preview:-1\" \/>\n<link rel=\"canonical\" href=\"https:\/\/radioljubuski.ba\/index.php\/2021\/11\/07\/probijen-zadnji-tunel-na-pristupnim-cestama-peljeskom-mostu\/\" \/>\n<meta property=\"og:locale\" content=\"hr_HR\" \/>\n<meta property=\"og:type\" content=\"article\" \/>\n<meta property=\"og:title\" content=\"Probijen zadnji tunel na pristupnim cestama Pelje\u0161kom mostu - RADIO LJUBU\u0160KI\" \/>\n<meta property=\"og:description\" content=\"Na pristupnim cestama Pelje\u0161kom mostu probijen je \u010detvrti, posljednji tunel. Radi se o tunelu Supava dugom 1290 metara, koji se nalazi na dionici pristupnih cesta koje gradi gr\u010dki Avax, pi\u0161e u nedjelju Ve\u010dernji list. Tunel Supava \u010dini jedan od najzahtjevnijih dijelova cjelokupnog projekta cestovnog povezivanja ju\u017ene Dalmacije i pristupnih cesta Pelje\u0161kom mostu s obzirom na [&hellip;]\" \/>\n<meta property=\"og:url\" content=\"https:\/\/radioljubuski.ba\/index.php\/2021\/11\/07\/probijen-zadnji-tunel-na-pristupnim-cestama-peljeskom-mostu\/\" \/>\n<meta property=\"og:site_name\" content=\"RADIO LJUBU\u0160KI\" \/>\n<meta property=\"article:publisher\" content=\"https:\/\/www.facebook.com\/Radiio-Ljubuski-1490835324566332\" \/>\n<meta property=\"article:published_time\" content=\"2021-11-07T21:04:06+00:00\" \/>\n<meta property=\"article:modified_time\" content=\"2021-11-07T21:04:08+00:00\" \/>\n<meta property=\"og:image\" content=\"https:\/\/radioljubuski.ba\/wp-content\/uploads\/2021\/11\/0C32ADD1-DA9C-47E6-9823-19F0A84CB177.jpeg\" \/>\n\t<meta property=\"og:image:width\" content=\"640\" \/>\n\t<meta property=\"og:image:height\" content=\"396\" \/>\n\t<meta property=\"og:image:type\" content=\"image\/jpeg\" \/>\n<meta name=\"author\" content=\"Radio Ljubu\u0161ki\" \/>\n<meta name=\"twitter:card\" content=\"summary_large_image\" \/>\n<meta name=\"twitter:creator\" content=\"@radioljubuski\" \/>\n<meta name=\"twitter:site\" content=\"@radioljubuski\" \/>\n<meta name=\"twitter:label1\" content=\"Napisao\/la\" \/>\n\t<meta name=\"twitter:data1\" content=\"Radio Ljubu\u0161ki\" \/>\n\t<meta name=\"twitter:label2\" content=\"Procijenjeno vrijeme \u010ditanja\" \/>\n\t<meta name=\"twitter:data2\" content=\"2 minute\" \/>\n<script type=\"application\/ld+json\" class=\"yoast-schema-graph\">{\"@context\":\"https:\\\/\\\/schema.org\",\"@graph\":[{\"@type\":\"Article\",\"@id\":\"https:\\\/\\\/radioljubuski.ba\\\/index.php\\\/2021\\\/11\\\/07\\\/probijen-zadnji-tunel-na-pristupnim-cestama-peljeskom-mostu\\\/#article\",\"isPartOf\":{\"@id\":\"https:\\\/\\\/radioljubuski.ba\\\/index.php\\\/2021\\\/11\\\/07\\\/probijen-zadnji-tunel-na-pristupnim-cestama-peljeskom-mostu\\\/\"},\"author\":{\"name\":\"Radio Ljubu\u0161ki\",\"@id\":\"https:\\\/\\\/radioljubuski.ba\\\/#\\\/schema\\\/person\\\/19fc700381a780f69665d7956c469e3b\"},\"headline\":\"Probijen zadnji tunel na pristupnim cestama Pelje\u0161kom mostu\",\"datePublished\":\"2021-11-07T21:04:06+00:00\",\"dateModified\":\"2021-11-07T21:04:08+00:00\",\"mainEntityOfPage\":{\"@id\":\"https:\\\/\\\/radioljubuski.ba\\\/index.php\\\/2021\\\/11\\\/07\\\/probijen-zadnji-tunel-na-pristupnim-cestama-peljeskom-mostu\\\/\"},\"wordCount\":346,\"publisher\":{\"@id\":\"https:\\\/\\\/radioljubuski.ba\\\/#organization\"},\"image\":{\"@id\":\"https:\\\/\\\/radioljubuski.ba\\\/index.php\\\/2021\\\/11\\\/07\\\/probijen-zadnji-tunel-na-pristupnim-cestama-peljeskom-mostu\\\/#primaryimage\"},\"thumbnailUrl\":\"https:\\\/\\\/radioljubuski.ba\\\/wp-content\\\/uploads\\\/2021\\\/11\\\/0C32ADD1-DA9C-47E6-9823-19F0A84CB177.jpeg\",\"articleSection\":[\"BIH i regija\"],\"inLanguage\":\"hr\"},{\"@type\":\"WebPage\",\"@id\":\"https:\\\/\\\/radioljubuski.ba\\\/index.php\\\/2021\\\/11\\\/07\\\/probijen-zadnji-tunel-na-pristupnim-cestama-peljeskom-mostu\\\/\",\"url\":\"https:\\\/\\\/radioljubuski.ba\\\/index.php\\\/2021\\\/11\\\/07\\\/probijen-zadnji-tunel-na-pristupnim-cestama-peljeskom-mostu\\\/\",\"name\":\"Probijen zadnji tunel na pristupnim cestama Pelje\u0161kom mostu - RADIO LJUBU\u0160KI\",\"isPartOf\":{\"@id\":\"https:\\\/\\\/radioljubuski.ba\\\/#website\"},\"primaryImageOfPage\":{\"@id\":\"https:\\\/\\\/radioljubuski.ba\\\/index.php\\\/2021\\\/11\\\/07\\\/probijen-zadnji-tunel-na-pristupnim-cestama-peljeskom-mostu\\\/#primaryimage\"},\"image\":{\"@id\":\"https:\\\/\\\/radioljubuski.ba\\\/index.php\\\/2021\\\/11\\\/07\\\/probijen-zadnji-tunel-na-pristupnim-cestama-peljeskom-mostu\\\/#primaryimage\"},\"thumbnailUrl\":\"https:\\\/\\\/radioljubuski.ba\\\/wp-content\\\/uploads\\\/2021\\\/11\\\/0C32ADD1-DA9C-47E6-9823-19F0A84CB177.jpeg\",\"datePublished\":\"2021-11-07T21:04:06+00:00\",\"dateModified\":\"2021-11-07T21:04:08+00:00\",\"breadcrumb\":{\"@id\":\"https:\\\/\\\/radioljubuski.ba\\\/index.php\\\/2021\\\/11\\\/07\\\/probijen-zadnji-tunel-na-pristupnim-cestama-peljeskom-mostu\\\/#breadcrumb\"},\"inLanguage\":\"hr\",\"potentialAction\":[{\"@type\":\"ReadAction\",\"target\":[\"https:\\\/\\\/radioljubuski.ba\\\/index.php\\\/2021\\\/11\\\/07\\\/probijen-zadnji-tunel-na-pristupnim-cestama-peljeskom-mostu\\\/\"]}]},{\"@type\":\"ImageObject\",\"inLanguage\":\"hr\",\"@id\":\"https:\\\/\\\/radioljubuski.ba\\\/index.php\\\/2021\\\/11\\\/07\\\/probijen-zadnji-tunel-na-pristupnim-cestama-peljeskom-mostu\\\/#primaryimage\",\"url\":\"https:\\\/\\\/radioljubuski.ba\\\/wp-content\\\/uploads\\\/2021\\\/11\\\/0C32ADD1-DA9C-47E6-9823-19F0A84CB177.jpeg\",\"contentUrl\":\"https:\\\/\\\/radioljubuski.ba\\\/wp-content\\\/uploads\\\/2021\\\/11\\\/0C32ADD1-DA9C-47E6-9823-19F0A84CB177.jpeg\",\"width\":640,\"height\":396},{\"@type\":\"BreadcrumbList\",\"@id\":\"https:\\\/\\\/radioljubuski.ba\\\/index.php\\\/2021\\\/11\\\/07\\\/probijen-zadnji-tunel-na-pristupnim-cestama-peljeskom-mostu\\\/#breadcrumb\",\"itemListElement\":[{\"@type\":\"ListItem\",\"position\":1,\"name\":\"Po\u010detna stranica\",\"item\":\"https:\\\/\\\/radioljubuski.ba\\\/\"},{\"@type\":\"ListItem\",\"position\":2,\"name\":\"Probijen zadnji tunel na pristupnim cestama Pelje\u0161kom mostu\"}]},{\"@type\":\"WebSite\",\"@id\":\"https:\\\/\\\/radioljubuski.ba\\\/#website\",\"url\":\"https:\\\/\\\/radioljubuski.ba\\\/\",\"name\":\"Radio Ljubu\u0161ki\",\"description\":\"Sun\u010dana frekvencija Hercegovine\",\"publisher\":{\"@id\":\"https:\\\/\\\/radioljubuski.ba\\\/#organization\"},\"potentialAction\":[{\"@type\":\"SearchAction\",\"target\":{\"@type\":\"EntryPoint\",\"urlTemplate\":\"https:\\\/\\\/radioljubuski.ba\\\/?s={search_term_string}\"},\"query-input\":{\"@type\":\"PropertyValueSpecification\",\"valueRequired\":true,\"valueName\":\"search_term_string\"}}],\"inLanguage\":\"hr\"},{\"@type\":\"Organization\",\"@id\":\"https:\\\/\\\/radioljubuski.ba\\\/#organization\",\"name\":\"Radio Ljubu\u0161ki\",\"url\":\"https:\\\/\\\/radioljubuski.ba\\\/\",\"logo\":{\"@type\":\"ImageObject\",\"inLanguage\":\"hr\",\"@id\":\"https:\\\/\\\/radioljubuski.ba\\\/#\\\/schema\\\/logo\\\/image\\\/\",\"url\":\"https:\\\/\\\/radioljubuski.ba\\\/wp-content\\\/uploads\\\/2021\\\/02\\\/cropped-Radio_Ljubuski_logo1.jpg\",\"contentUrl\":\"https:\\\/\\\/radioljubuski.ba\\\/wp-content\\\/uploads\\\/2021\\\/02\\\/cropped-Radio_Ljubuski_logo1.jpg\",\"width\":512,\"height\":512,\"caption\":\"Radio Ljubu\u0161ki\"},\"image\":{\"@id\":\"https:\\\/\\\/radioljubuski.ba\\\/#\\\/schema\\\/logo\\\/image\\\/\"},\"sameAs\":[\"https:\\\/\\\/www.facebook.com\\\/Radiio-Ljubuski-1490835324566332\",\"https:\\\/\\\/x.com\\\/radioljubuski\",\"https:\\\/\\\/hr.linkedin.com\\\/company\\\/radio-ljubuski\",\"https:\\\/\\\/www.youtube.com\\\/channel\\\/UCHYaeO_n0Db3tjNGudGpXyw\"]},{\"@type\":\"Person\",\"@id\":\"https:\\\/\\\/radioljubuski.ba\\\/#\\\/schema\\\/person\\\/19fc700381a780f69665d7956c469e3b\",\"name\":\"Radio Ljubu\u0161ki\"}]}<\/script>\n<!-- \/ Yoast SEO plugin. -->","yoast_head_json":{"title":"Probijen zadnji tunel na pristupnim cestama Pelje\u0161kom mostu - RADIO LJUBU\u0160KI","robots":{"index":"index","follow":"follow","max-snippet":"max-snippet:-1","max-image-preview":"max-image-preview:large","max-video-preview":"max-video-preview:-1"},"canonical":"https:\/\/radioljubuski.ba\/index.php\/2021\/11\/07\/probijen-zadnji-tunel-na-pristupnim-cestama-peljeskom-mostu\/","og_locale":"hr_HR","og_type":"article","og_title":"Probijen zadnji tunel na pristupnim cestama Pelje\u0161kom mostu - RADIO LJUBU\u0160KI","og_description":"Na pristupnim cestama Pelje\u0161kom mostu probijen je \u010detvrti, posljednji tunel. Radi se o tunelu Supava dugom 1290 metara, koji se nalazi na dionici pristupnih cesta koje gradi gr\u010dki Avax, pi\u0161e u nedjelju Ve\u010dernji list. Tunel Supava \u010dini jedan od najzahtjevnijih dijelova cjelokupnog projekta cestovnog povezivanja ju\u017ene Dalmacije i pristupnih cesta Pelje\u0161kom mostu s obzirom na [&hellip;]","og_url":"https:\/\/radioljubuski.ba\/index.php\/2021\/11\/07\/probijen-zadnji-tunel-na-pristupnim-cestama-peljeskom-mostu\/","og_site_name":"RADIO LJUBU\u0160KI","article_publisher":"https:\/\/www.facebook.com\/Radiio-Ljubuski-1490835324566332","article_published_time":"2021-11-07T21:04:06+00:00","article_modified_time":"2021-11-07T21:04:08+00:00","og_image":[{"width":640,"height":396,"url":"https:\/\/radioljubuski.ba\/wp-content\/uploads\/2021\/11\/0C32ADD1-DA9C-47E6-9823-19F0A84CB177.jpeg","type":"image\/jpeg"}],"author":"Radio Ljubu\u0161ki","twitter_card":"summary_large_image","twitter_creator":"@radioljubuski","twitter_site":"@radioljubuski","twitter_misc":{"Napisao\/la":"Radio Ljubu\u0161ki","Procijenjeno vrijeme \u010ditanja":"2 minute"},"schema":{"@context":"https:\/\/schema.org","@graph":[{"@type":"Article","@id":"https:\/\/radioljubuski.ba\/index.php\/2021\/11\/07\/probijen-zadnji-tunel-na-pristupnim-cestama-peljeskom-mostu\/#article","isPartOf":{"@id":"https:\/\/radioljubuski.ba\/index.php\/2021\/11\/07\/probijen-zadnji-tunel-na-pristupnim-cestama-peljeskom-mostu\/"},"author":{"name":"Radio Ljubu\u0161ki","@id":"https:\/\/radioljubuski.ba\/#\/schema\/person\/19fc700381a780f69665d7956c469e3b"},"headline":"Probijen zadnji tunel na pristupnim cestama Pelje\u0161kom mostu","datePublished":"2021-11-07T21:04:06+00:00","dateModified":"2021-11-07T21:04:08+00:00","mainEntityOfPage":{"@id":"https:\/\/radioljubuski.ba\/index.php\/2021\/11\/07\/probijen-zadnji-tunel-na-pristupnim-cestama-peljeskom-mostu\/"},"wordCount":346,"publisher":{"@id":"https:\/\/radioljubuski.ba\/#organization"},"image":{"@id":"https:\/\/radioljubuski.ba\/index.php\/2021\/11\/07\/probijen-zadnji-tunel-na-pristupnim-cestama-peljeskom-mostu\/#primaryimage"},"thumbnailUrl":"https:\/\/radioljubuski.ba\/wp-content\/uploads\/2021\/11\/0C32ADD1-DA9C-47E6-9823-19F0A84CB177.jpeg","articleSection":["BIH i regija"],"inLanguage":"hr"},{"@type":"WebPage","@id":"https:\/\/radioljubuski.ba\/index.php\/2021\/11\/07\/probijen-zadnji-tunel-na-pristupnim-cestama-peljeskom-mostu\/","url":"https:\/\/radioljubuski.ba\/index.php\/2021\/11\/07\/probijen-zadnji-tunel-na-pristupnim-cestama-peljeskom-mostu\/","name":"Probijen zadnji tunel na pristupnim cestama Pelje\u0161kom mostu - RADIO LJUBU\u0160KI","isPartOf":{"@id":"https:\/\/radioljubuski.ba\/#website"},"primaryImageOfPage":{"@id":"https:\/\/radioljubuski.ba\/index.php\/2021\/11\/07\/probijen-zadnji-tunel-na-pristupnim-cestama-peljeskom-mostu\/#primaryimage"},"image":{"@id":"https:\/\/radioljubuski.ba\/index.php\/2021\/11\/07\/probijen-zadnji-tunel-na-pristupnim-cestama-peljeskom-mostu\/#primaryimage"},"thumbnailUrl":"https:\/\/radioljubuski.ba\/wp-content\/uploads\/2021\/11\/0C32ADD1-DA9C-47E6-9823-19F0A84CB177.jpeg","datePublished":"2021-11-07T21:04:06+00:00","dateModified":"2021-11-07T21:04:08+00:00","breadcrumb":{"@id":"https:\/\/radioljubuski.ba\/index.php\/2021\/11\/07\/probijen-zadnji-tunel-na-pristupnim-cestama-peljeskom-mostu\/#breadcrumb"},"inLanguage":"hr","potentialAction":[{"@type":"ReadAction","target":["https:\/\/radioljubuski.ba\/index.php\/2021\/11\/07\/probijen-zadnji-tunel-na-pristupnim-cestama-peljeskom-mostu\/"]}]},{"@type":"ImageObject","inLanguage":"hr","@id":"https:\/\/radioljubuski.ba\/index.php\/2021\/11\/07\/probijen-zadnji-tunel-na-pristupnim-cestama-peljeskom-mostu\/#primaryimage","url":"https:\/\/radioljubuski.ba\/wp-content\/uploads\/2021\/11\/0C32ADD1-DA9C-47E6-9823-19F0A84CB177.jpeg","contentUrl":"https:\/\/radioljubuski.ba\/wp-content\/uploads\/2021\/11\/0C32ADD1-DA9C-47E6-9823-19F0A84CB177.jpeg","width":640,"height":396},{"@type":"BreadcrumbList","@id":"https:\/\/radioljubuski.ba\/index.php\/2021\/11\/07\/probijen-zadnji-tunel-na-pristupnim-cestama-peljeskom-mostu\/#breadcrumb","itemListElement":[{"@type":"ListItem","position":1,"name":"Po\u010detna stranica","item":"https:\/\/radioljubuski.ba\/"},{"@type":"ListItem","position":2,"name":"Probijen zadnji tunel na pristupnim cestama Pelje\u0161kom mostu"}]},{"@type":"WebSite","@id":"https:\/\/radioljubuski.ba\/#website","url":"https:\/\/radioljubuski.ba\/","name":"Radio Ljubu\u0161ki","description":"Sun\u010dana frekvencija Hercegovine","publisher":{"@id":"https:\/\/radioljubuski.ba\/#organization"},"potentialAction":[{"@type":"SearchAction","target":{"@type":"EntryPoint","urlTemplate":"https:\/\/radioljubuski.ba\/?s={search_term_string}"},"query-input":{"@type":"PropertyValueSpecification","valueRequired":true,"valueName":"search_term_string"}}],"inLanguage":"hr"},{"@type":"Organization","@id":"https:\/\/radioljubuski.ba\/#organization","name":"Radio Ljubu\u0161ki","url":"https:\/\/radioljubuski.ba\/","logo":{"@type":"ImageObject","inLanguage":"hr","@id":"https:\/\/radioljubuski.ba\/#\/schema\/logo\/image\/","url":"https:\/\/radioljubuski.ba\/wp-content\/uploads\/2021\/02\/cropped-Radio_Ljubuski_logo1.jpg","contentUrl":"https:\/\/radioljubuski.ba\/wp-content\/uploads\/2021\/02\/cropped-Radio_Ljubuski_logo1.jpg","width":512,"height":512,"caption":"Radio Ljubu\u0161ki"},"image":{"@id":"https:\/\/radioljubuski.ba\/#\/schema\/logo\/image\/"},"sameAs":["https:\/\/www.facebook.com\/Radiio-Ljubuski-1490835324566332","https:\/\/x.com\/radioljubuski","https:\/\/hr.linkedin.com\/company\/radio-ljubuski","https:\/\/www.youtube.com\/channel\/UCHYaeO_n0Db3tjNGudGpXyw"]},{"@type":"Person","@id":"https:\/\/radioljubuski.ba\/#\/schema\/person\/19fc700381a780f69665d7956c469e3b","name":"Radio Ljubu\u0161ki"}]}},"_links":{"self":[{"href":"https:\/\/radioljubuski.ba\/index.php\/wp-json\/wp\/v2\/posts\/86308","targetHints":{"allow":["GET"]}}],"collection":[{"href":"https:\/\/radioljubuski.ba\/index.php\/wp-json\/wp\/v2\/posts"}],"about":[{"href":"https:\/\/radioljubuski.ba\/index.php\/wp-json\/wp\/v2\/types\/post"}],"author":[{"embeddable":true,"href":"https:\/\/radioljubuski.ba\/index.php\/wp-json\/wp\/v2\/users\/2"}],"replies":[{"embeddable":true,"href":"https:\/\/radioljubuski.ba\/index.php\/wp-json\/wp\/v2\/comments?post=86308"}],"version-history":[{"count":1,"href":"https:\/\/radioljubuski.ba\/index.php\/wp-json\/wp\/v2\/posts\/86308\/revisions"}],"predecessor-version":[{"id":86310,"href":"https:\/\/radioljubuski.ba\/index.php\/wp-json\/wp\/v2\/posts\/86308\/revisions\/86310"}],"wp:featuredmedia":[{"embeddable":true,"href":"https:\/\/radioljubuski.ba\/index.php\/wp-json\/wp\/v2\/media\/86309"}],"wp:attachment":[{"href":"https:\/\/radioljubuski.ba\/index.php\/wp-json\/wp\/v2\/media?parent=86308"}],"wp:term":[{"taxonomy":"category","embeddable":true,"href":"https:\/\/radioljubuski.ba\/index.php\/wp-json\/wp\/v2\/categories?post=86308"},{"taxonomy":"post_tag","embeddable":true,"href":"https:\/\/radioljubuski.ba\/index.php\/wp-json\/wp\/v2\/tags?post=86308"}],"curies":[{"name":"wp","href":"https:\/\/api.w.org\/{rel}","templated":true}]}}