{"id":86311,"date":"2021-11-07T22:05:24","date_gmt":"2021-11-07T21:05:24","guid":{"rendered":"https:\/\/radioljubuski.ba\/?p=86311"},"modified":"2021-11-07T22:05:25","modified_gmt":"2021-11-07T21:05:25","slug":"izrael-sest-palestinskih-nevladinih-organizacija-proglasio-nelegalnima","status":"publish","type":"post","link":"https:\/\/radioljubuski.ba\/index.php\/2021\/11\/07\/izrael-sest-palestinskih-nevladinih-organizacija-proglasio-nelegalnima\/","title":{"rendered":"Izrael \u0161est palestinskih nevladinih organizacija proglasio nelegalnima"},"content":{"rendered":"\n<p><strong>Izraelska vojska potpisala je u nedjelju niz uredbi kojima je nelegalnima proglasila \u0161est palestinskih nevladinih organizacija nedavno stavljenih na popis teroristi\u010dkih skupina i ta mjera bi trebala dodatno zakomplicirati njihov rad.<\/strong><\/p>\n\n\n\n<p>Ministarstvo obrane je 22. listopada objavilo da je stavilo \u0161est palestinskih NGO-a na svoj crni popis radi navodnih veza s Narodnim frontom za oslobo\u0111enje Palestine (FPLP), marksisti\u010dkom skupinom koju Sjedinjene Dr\u017eave i Europa smatraju \u201cteroristi\u010dkom\u201d.<\/p>\n\n\n\n<p>Amnesty International, Human Rights Watch i brojne izraelske organizacije odmah su osudile taj potez koji bi mogao dovesti do prekida financiranja tih NGO-a, od kojih neke primaju europske fondove, a prijeti i uvo\u0111enje ograni\u010denja kretanja njihovih \u010dlanova.<\/p>\n\n\n\n<p>U nedjelju je zapovjednik Yehuda Fox, \u0161ef izraelske vojske za Zapadnu obalu, palestinski teritorij koji je okupirao Izrael, proveo tu mjeru uredbama koje te organizacije progla\u0161avaju \u201cnelegalnima\u201d jer su \u201cdio FPLP-a i dovode u opasnost sigurnost Izraela\u201d.<\/p>\n\n\n\n<p>\u0160est NGO-a imaju rok od 14 dana za \u017ealbu na tu odluku.<\/p>\n\n\n\n<p>Izraelska tajna slu\u017eba Shin Beth optu\u017eila je u svibnju te organizacije da su pronevjerile sredstva iz nekoliko europskih zemalja u korist FPLP-a, a jedan izraelski izvor je naveo da su deseci milijuna dolara preba\u010deni i da niti jedna vlada ne zna kome.<\/p>\n\n\n\n<p>Izvje\u0161\u0107e Shin Betha na 74 stranice o toj aferi sadr\u017ei malo elemenata o odnosima izme\u0111u FPLP-a i nevladinih organizacija.<\/p>\n\n\n\n<p>\/HMS\/<\/p>\n","protected":false},"excerpt":{"rendered":"<p>Izraelska vojska potpisala je u nedjelju niz uredbi kojima je nelegalnima proglasila \u0161est palestinskih nevladinih organizacija nedavno stavljenih na popis teroristi\u010dkih skupina i ta mjera bi trebala dodatno zakomplicirati njihov rad. Ministarstvo obrane je 22. listopada objavilo da je stavilo \u0161est palestinskih NGO-a na svoj crni popis radi navodnih veza s Narodnim frontom za oslobo\u0111enje [&hellip;]<\/p>\n","protected":false},"author":2,"featured_media":86312,"comment_status":"closed","ping_status":"closed","sticky":false,"template":"","format":"standard","meta":{"h5ap_radio_sources":[],"footnotes":""},"categories":[1],"tags":[],"class_list":["post-86311","post","type-post","status-publish","format-standard","has-post-thumbnail","hentry","category-bihiregija"],"yoast_head":"<!-- This site is optimized with the Yoast SEO plugin v27.5 - https:\/\/yoast.com\/product\/yoast-seo-wordpress\/ -->\n<title>Izrael \u0161est palestinskih nevladinih organizacija proglasio nelegalnima - RADIO LJUBU\u0160KI<\/title>\n<meta name=\"robots\" content=\"index, follow, max-snippet:-1, max-image-preview:large, max-video-preview:-1\" \/>\n<link rel=\"canonical\" href=\"https:\/\/radioljubuski.ba\/index.php\/2021\/11\/07\/izrael-sest-palestinskih-nevladinih-organizacija-proglasio-nelegalnima\/\" \/>\n<meta property=\"og:locale\" content=\"hr_HR\" \/>\n<meta property=\"og:type\" content=\"article\" \/>\n<meta property=\"og:title\" content=\"Izrael \u0161est palestinskih nevladinih organizacija proglasio nelegalnima - RADIO LJUBU\u0160KI\" \/>\n<meta property=\"og:description\" content=\"Izraelska vojska potpisala je u nedjelju niz uredbi kojima je nelegalnima proglasila \u0161est palestinskih nevladinih organizacija nedavno stavljenih na popis teroristi\u010dkih skupina i ta mjera bi trebala dodatno zakomplicirati njihov rad. Ministarstvo obrane je 22. listopada objavilo da je stavilo \u0161est palestinskih NGO-a na svoj crni popis radi navodnih veza s Narodnim frontom za oslobo\u0111enje [&hellip;]\" \/>\n<meta property=\"og:url\" content=\"https:\/\/radioljubuski.ba\/index.php\/2021\/11\/07\/izrael-sest-palestinskih-nevladinih-organizacija-proglasio-nelegalnima\/\" \/>\n<meta property=\"og:site_name\" content=\"RADIO LJUBU\u0160KI\" \/>\n<meta property=\"article:publisher\" content=\"https:\/\/www.facebook.com\/Radiio-Ljubuski-1490835324566332\" \/>\n<meta property=\"article:published_time\" content=\"2021-11-07T21:05:24+00:00\" \/>\n<meta property=\"article:modified_time\" content=\"2021-11-07T21:05:25+00:00\" \/>\n<meta property=\"og:image\" content=\"https:\/\/radioljubuski.ba\/wp-content\/uploads\/2021\/11\/c077ddaf-ac34-41a2-9ee4-37c960f16fee.jpg\" \/>\n\t<meta property=\"og:image:width\" content=\"765\" \/>\n\t<meta property=\"og:image:height\" content=\"439\" \/>\n\t<meta property=\"og:image:type\" content=\"image\/jpeg\" \/>\n<meta name=\"author\" content=\"Radio Ljubu\u0161ki\" \/>\n<meta name=\"twitter:card\" content=\"summary_large_image\" \/>\n<meta name=\"twitter:creator\" content=\"@radioljubuski\" \/>\n<meta name=\"twitter:site\" content=\"@radioljubuski\" \/>\n<meta name=\"twitter:label1\" content=\"Napisao\/la\" \/>\n\t<meta name=\"twitter:data1\" content=\"Radio Ljubu\u0161ki\" \/>\n\t<meta name=\"twitter:label2\" content=\"Procijenjeno vrijeme \u010ditanja\" \/>\n\t<meta name=\"twitter:data2\" content=\"1 minuta\" \/>\n<script type=\"application\/ld+json\" class=\"yoast-schema-graph\">{\"@context\":\"https:\\\/\\\/schema.org\",\"@graph\":[{\"@type\":\"Article\",\"@id\":\"https:\\\/\\\/radioljubuski.ba\\\/index.php\\\/2021\\\/11\\\/07\\\/izrael-sest-palestinskih-nevladinih-organizacija-proglasio-nelegalnima\\\/#article\",\"isPartOf\":{\"@id\":\"https:\\\/\\\/radioljubuski.ba\\\/index.php\\\/2021\\\/11\\\/07\\\/izrael-sest-palestinskih-nevladinih-organizacija-proglasio-nelegalnima\\\/\"},\"author\":{\"name\":\"Radio Ljubu\u0161ki\",\"@id\":\"https:\\\/\\\/radioljubuski.ba\\\/#\\\/schema\\\/person\\\/19fc700381a780f69665d7956c469e3b\"},\"headline\":\"Izrael \u0161est palestinskih nevladinih organizacija proglasio nelegalnima\",\"datePublished\":\"2021-11-07T21:05:24+00:00\",\"dateModified\":\"2021-11-07T21:05:25+00:00\",\"mainEntityOfPage\":{\"@id\":\"https:\\\/\\\/radioljubuski.ba\\\/index.php\\\/2021\\\/11\\\/07\\\/izrael-sest-palestinskih-nevladinih-organizacija-proglasio-nelegalnima\\\/\"},\"wordCount\":232,\"publisher\":{\"@id\":\"https:\\\/\\\/radioljubuski.ba\\\/#organization\"},\"image\":{\"@id\":\"https:\\\/\\\/radioljubuski.ba\\\/index.php\\\/2021\\\/11\\\/07\\\/izrael-sest-palestinskih-nevladinih-organizacija-proglasio-nelegalnima\\\/#primaryimage\"},\"thumbnailUrl\":\"https:\\\/\\\/radioljubuski.ba\\\/wp-content\\\/uploads\\\/2021\\\/11\\\/c077ddaf-ac34-41a2-9ee4-37c960f16fee.jpg\",\"articleSection\":[\"BIH i regija\"],\"inLanguage\":\"hr\"},{\"@type\":\"WebPage\",\"@id\":\"https:\\\/\\\/radioljubuski.ba\\\/index.php\\\/2021\\\/11\\\/07\\\/izrael-sest-palestinskih-nevladinih-organizacija-proglasio-nelegalnima\\\/\",\"url\":\"https:\\\/\\\/radioljubuski.ba\\\/index.php\\\/2021\\\/11\\\/07\\\/izrael-sest-palestinskih-nevladinih-organizacija-proglasio-nelegalnima\\\/\",\"name\":\"Izrael \u0161est palestinskih nevladinih organizacija proglasio nelegalnima - RADIO LJUBU\u0160KI\",\"isPartOf\":{\"@id\":\"https:\\\/\\\/radioljubuski.ba\\\/#website\"},\"primaryImageOfPage\":{\"@id\":\"https:\\\/\\\/radioljubuski.ba\\\/index.php\\\/2021\\\/11\\\/07\\\/izrael-sest-palestinskih-nevladinih-organizacija-proglasio-nelegalnima\\\/#primaryimage\"},\"image\":{\"@id\":\"https:\\\/\\\/radioljubuski.ba\\\/index.php\\\/2021\\\/11\\\/07\\\/izrael-sest-palestinskih-nevladinih-organizacija-proglasio-nelegalnima\\\/#primaryimage\"},\"thumbnailUrl\":\"https:\\\/\\\/radioljubuski.ba\\\/wp-content\\\/uploads\\\/2021\\\/11\\\/c077ddaf-ac34-41a2-9ee4-37c960f16fee.jpg\",\"datePublished\":\"2021-11-07T21:05:24+00:00\",\"dateModified\":\"2021-11-07T21:05:25+00:00\",\"breadcrumb\":{\"@id\":\"https:\\\/\\\/radioljubuski.ba\\\/index.php\\\/2021\\\/11\\\/07\\\/izrael-sest-palestinskih-nevladinih-organizacija-proglasio-nelegalnima\\\/#breadcrumb\"},\"inLanguage\":\"hr\",\"potentialAction\":[{\"@type\":\"ReadAction\",\"target\":[\"https:\\\/\\\/radioljubuski.ba\\\/index.php\\\/2021\\\/11\\\/07\\\/izrael-sest-palestinskih-nevladinih-organizacija-proglasio-nelegalnima\\\/\"]}]},{\"@type\":\"ImageObject\",\"inLanguage\":\"hr\",\"@id\":\"https:\\\/\\\/radioljubuski.ba\\\/index.php\\\/2021\\\/11\\\/07\\\/izrael-sest-palestinskih-nevladinih-organizacija-proglasio-nelegalnima\\\/#primaryimage\",\"url\":\"https:\\\/\\\/radioljubuski.ba\\\/wp-content\\\/uploads\\\/2021\\\/11\\\/c077ddaf-ac34-41a2-9ee4-37c960f16fee.jpg\",\"contentUrl\":\"https:\\\/\\\/radioljubuski.ba\\\/wp-content\\\/uploads\\\/2021\\\/11\\\/c077ddaf-ac34-41a2-9ee4-37c960f16fee.jpg\",\"width\":765,\"height\":439},{\"@type\":\"BreadcrumbList\",\"@id\":\"https:\\\/\\\/radioljubuski.ba\\\/index.php\\\/2021\\\/11\\\/07\\\/izrael-sest-palestinskih-nevladinih-organizacija-proglasio-nelegalnima\\\/#breadcrumb\",\"itemListElement\":[{\"@type\":\"ListItem\",\"position\":1,\"name\":\"Po\u010detna stranica\",\"item\":\"https:\\\/\\\/radioljubuski.ba\\\/\"},{\"@type\":\"ListItem\",\"position\":2,\"name\":\"Izrael \u0161est palestinskih nevladinih organizacija proglasio nelegalnima\"}]},{\"@type\":\"WebSite\",\"@id\":\"https:\\\/\\\/radioljubuski.ba\\\/#website\",\"url\":\"https:\\\/\\\/radioljubuski.ba\\\/\",\"name\":\"Radio Ljubu\u0161ki\",\"description\":\"Sun\u010dana frekvencija Hercegovine\",\"publisher\":{\"@id\":\"https:\\\/\\\/radioljubuski.ba\\\/#organization\"},\"potentialAction\":[{\"@type\":\"SearchAction\",\"target\":{\"@type\":\"EntryPoint\",\"urlTemplate\":\"https:\\\/\\\/radioljubuski.ba\\\/?s={search_term_string}\"},\"query-input\":{\"@type\":\"PropertyValueSpecification\",\"valueRequired\":true,\"valueName\":\"search_term_string\"}}],\"inLanguage\":\"hr\"},{\"@type\":\"Organization\",\"@id\":\"https:\\\/\\\/radioljubuski.ba\\\/#organization\",\"name\":\"Radio Ljubu\u0161ki\",\"url\":\"https:\\\/\\\/radioljubuski.ba\\\/\",\"logo\":{\"@type\":\"ImageObject\",\"inLanguage\":\"hr\",\"@id\":\"https:\\\/\\\/radioljubuski.ba\\\/#\\\/schema\\\/logo\\\/image\\\/\",\"url\":\"https:\\\/\\\/radioljubuski.ba\\\/wp-content\\\/uploads\\\/2021\\\/02\\\/cropped-Radio_Ljubuski_logo1.jpg\",\"contentUrl\":\"https:\\\/\\\/radioljubuski.ba\\\/wp-content\\\/uploads\\\/2021\\\/02\\\/cropped-Radio_Ljubuski_logo1.jpg\",\"width\":512,\"height\":512,\"caption\":\"Radio Ljubu\u0161ki\"},\"image\":{\"@id\":\"https:\\\/\\\/radioljubuski.ba\\\/#\\\/schema\\\/logo\\\/image\\\/\"},\"sameAs\":[\"https:\\\/\\\/www.facebook.com\\\/Radiio-Ljubuski-1490835324566332\",\"https:\\\/\\\/x.com\\\/radioljubuski\",\"https:\\\/\\\/hr.linkedin.com\\\/company\\\/radio-ljubuski\",\"https:\\\/\\\/www.youtube.com\\\/channel\\\/UCHYaeO_n0Db3tjNGudGpXyw\"]},{\"@type\":\"Person\",\"@id\":\"https:\\\/\\\/radioljubuski.ba\\\/#\\\/schema\\\/person\\\/19fc700381a780f69665d7956c469e3b\",\"name\":\"Radio Ljubu\u0161ki\"}]}<\/script>\n<!-- \/ Yoast SEO plugin. -->","yoast_head_json":{"title":"Izrael \u0161est palestinskih nevladinih organizacija proglasio nelegalnima - RADIO LJUBU\u0160KI","robots":{"index":"index","follow":"follow","max-snippet":"max-snippet:-1","max-image-preview":"max-image-preview:large","max-video-preview":"max-video-preview:-1"},"canonical":"https:\/\/radioljubuski.ba\/index.php\/2021\/11\/07\/izrael-sest-palestinskih-nevladinih-organizacija-proglasio-nelegalnima\/","og_locale":"hr_HR","og_type":"article","og_title":"Izrael \u0161est palestinskih nevladinih organizacija proglasio nelegalnima - RADIO LJUBU\u0160KI","og_description":"Izraelska vojska potpisala je u nedjelju niz uredbi kojima je nelegalnima proglasila \u0161est palestinskih nevladinih organizacija nedavno stavljenih na popis teroristi\u010dkih skupina i ta mjera bi trebala dodatno zakomplicirati njihov rad. Ministarstvo obrane je 22. listopada objavilo da je stavilo \u0161est palestinskih NGO-a na svoj crni popis radi navodnih veza s Narodnim frontom za oslobo\u0111enje [&hellip;]","og_url":"https:\/\/radioljubuski.ba\/index.php\/2021\/11\/07\/izrael-sest-palestinskih-nevladinih-organizacija-proglasio-nelegalnima\/","og_site_name":"RADIO LJUBU\u0160KI","article_publisher":"https:\/\/www.facebook.com\/Radiio-Ljubuski-1490835324566332","article_published_time":"2021-11-07T21:05:24+00:00","article_modified_time":"2021-11-07T21:05:25+00:00","og_image":[{"width":765,"height":439,"url":"https:\/\/radioljubuski.ba\/wp-content\/uploads\/2021\/11\/c077ddaf-ac34-41a2-9ee4-37c960f16fee.jpg","type":"image\/jpeg"}],"author":"Radio Ljubu\u0161ki","twitter_card":"summary_large_image","twitter_creator":"@radioljubuski","twitter_site":"@radioljubuski","twitter_misc":{"Napisao\/la":"Radio Ljubu\u0161ki","Procijenjeno vrijeme \u010ditanja":"1 minuta"},"schema":{"@context":"https:\/\/schema.org","@graph":[{"@type":"Article","@id":"https:\/\/radioljubuski.ba\/index.php\/2021\/11\/07\/izrael-sest-palestinskih-nevladinih-organizacija-proglasio-nelegalnima\/#article","isPartOf":{"@id":"https:\/\/radioljubuski.ba\/index.php\/2021\/11\/07\/izrael-sest-palestinskih-nevladinih-organizacija-proglasio-nelegalnima\/"},"author":{"name":"Radio Ljubu\u0161ki","@id":"https:\/\/radioljubuski.ba\/#\/schema\/person\/19fc700381a780f69665d7956c469e3b"},"headline":"Izrael \u0161est palestinskih nevladinih organizacija proglasio nelegalnima","datePublished":"2021-11-07T21:05:24+00:00","dateModified":"2021-11-07T21:05:25+00:00","mainEntityOfPage":{"@id":"https:\/\/radioljubuski.ba\/index.php\/2021\/11\/07\/izrael-sest-palestinskih-nevladinih-organizacija-proglasio-nelegalnima\/"},"wordCount":232,"publisher":{"@id":"https:\/\/radioljubuski.ba\/#organization"},"image":{"@id":"https:\/\/radioljubuski.ba\/index.php\/2021\/11\/07\/izrael-sest-palestinskih-nevladinih-organizacija-proglasio-nelegalnima\/#primaryimage"},"thumbnailUrl":"https:\/\/radioljubuski.ba\/wp-content\/uploads\/2021\/11\/c077ddaf-ac34-41a2-9ee4-37c960f16fee.jpg","articleSection":["BIH i regija"],"inLanguage":"hr"},{"@type":"WebPage","@id":"https:\/\/radioljubuski.ba\/index.php\/2021\/11\/07\/izrael-sest-palestinskih-nevladinih-organizacija-proglasio-nelegalnima\/","url":"https:\/\/radioljubuski.ba\/index.php\/2021\/11\/07\/izrael-sest-palestinskih-nevladinih-organizacija-proglasio-nelegalnima\/","name":"Izrael \u0161est palestinskih nevladinih organizacija proglasio nelegalnima - RADIO LJUBU\u0160KI","isPartOf":{"@id":"https:\/\/radioljubuski.ba\/#website"},"primaryImageOfPage":{"@id":"https:\/\/radioljubuski.ba\/index.php\/2021\/11\/07\/izrael-sest-palestinskih-nevladinih-organizacija-proglasio-nelegalnima\/#primaryimage"},"image":{"@id":"https:\/\/radioljubuski.ba\/index.php\/2021\/11\/07\/izrael-sest-palestinskih-nevladinih-organizacija-proglasio-nelegalnima\/#primaryimage"},"thumbnailUrl":"https:\/\/radioljubuski.ba\/wp-content\/uploads\/2021\/11\/c077ddaf-ac34-41a2-9ee4-37c960f16fee.jpg","datePublished":"2021-11-07T21:05:24+00:00","dateModified":"2021-11-07T21:05:25+00:00","breadcrumb":{"@id":"https:\/\/radioljubuski.ba\/index.php\/2021\/11\/07\/izrael-sest-palestinskih-nevladinih-organizacija-proglasio-nelegalnima\/#breadcrumb"},"inLanguage":"hr","potentialAction":[{"@type":"ReadAction","target":["https:\/\/radioljubuski.ba\/index.php\/2021\/11\/07\/izrael-sest-palestinskih-nevladinih-organizacija-proglasio-nelegalnima\/"]}]},{"@type":"ImageObject","inLanguage":"hr","@id":"https:\/\/radioljubuski.ba\/index.php\/2021\/11\/07\/izrael-sest-palestinskih-nevladinih-organizacija-proglasio-nelegalnima\/#primaryimage","url":"https:\/\/radioljubuski.ba\/wp-content\/uploads\/2021\/11\/c077ddaf-ac34-41a2-9ee4-37c960f16fee.jpg","contentUrl":"https:\/\/radioljubuski.ba\/wp-content\/uploads\/2021\/11\/c077ddaf-ac34-41a2-9ee4-37c960f16fee.jpg","width":765,"height":439},{"@type":"BreadcrumbList","@id":"https:\/\/radioljubuski.ba\/index.php\/2021\/11\/07\/izrael-sest-palestinskih-nevladinih-organizacija-proglasio-nelegalnima\/#breadcrumb","itemListElement":[{"@type":"ListItem","position":1,"name":"Po\u010detna stranica","item":"https:\/\/radioljubuski.ba\/"},{"@type":"ListItem","position":2,"name":"Izrael \u0161est palestinskih nevladinih organizacija proglasio nelegalnima"}]},{"@type":"WebSite","@id":"https:\/\/radioljubuski.ba\/#website","url":"https:\/\/radioljubuski.ba\/","name":"Radio Ljubu\u0161ki","description":"Sun\u010dana frekvencija Hercegovine","publisher":{"@id":"https:\/\/radioljubuski.ba\/#organization"},"potentialAction":[{"@type":"SearchAction","target":{"@type":"EntryPoint","urlTemplate":"https:\/\/radioljubuski.ba\/?s={search_term_string}"},"query-input":{"@type":"PropertyValueSpecification","valueRequired":true,"valueName":"search_term_string"}}],"inLanguage":"hr"},{"@type":"Organization","@id":"https:\/\/radioljubuski.ba\/#organization","name":"Radio Ljubu\u0161ki","url":"https:\/\/radioljubuski.ba\/","logo":{"@type":"ImageObject","inLanguage":"hr","@id":"https:\/\/radioljubuski.ba\/#\/schema\/logo\/image\/","url":"https:\/\/radioljubuski.ba\/wp-content\/uploads\/2021\/02\/cropped-Radio_Ljubuski_logo1.jpg","contentUrl":"https:\/\/radioljubuski.ba\/wp-content\/uploads\/2021\/02\/cropped-Radio_Ljubuski_logo1.jpg","width":512,"height":512,"caption":"Radio Ljubu\u0161ki"},"image":{"@id":"https:\/\/radioljubuski.ba\/#\/schema\/logo\/image\/"},"sameAs":["https:\/\/www.facebook.com\/Radiio-Ljubuski-1490835324566332","https:\/\/x.com\/radioljubuski","https:\/\/hr.linkedin.com\/company\/radio-ljubuski","https:\/\/www.youtube.com\/channel\/UCHYaeO_n0Db3tjNGudGpXyw"]},{"@type":"Person","@id":"https:\/\/radioljubuski.ba\/#\/schema\/person\/19fc700381a780f69665d7956c469e3b","name":"Radio Ljubu\u0161ki"}]}},"_links":{"self":[{"href":"https:\/\/radioljubuski.ba\/index.php\/wp-json\/wp\/v2\/posts\/86311","targetHints":{"allow":["GET"]}}],"collection":[{"href":"https:\/\/radioljubuski.ba\/index.php\/wp-json\/wp\/v2\/posts"}],"about":[{"href":"https:\/\/radioljubuski.ba\/index.php\/wp-json\/wp\/v2\/types\/post"}],"author":[{"embeddable":true,"href":"https:\/\/radioljubuski.ba\/index.php\/wp-json\/wp\/v2\/users\/2"}],"replies":[{"embeddable":true,"href":"https:\/\/radioljubuski.ba\/index.php\/wp-json\/wp\/v2\/comments?post=86311"}],"version-history":[{"count":1,"href":"https:\/\/radioljubuski.ba\/index.php\/wp-json\/wp\/v2\/posts\/86311\/revisions"}],"predecessor-version":[{"id":86313,"href":"https:\/\/radioljubuski.ba\/index.php\/wp-json\/wp\/v2\/posts\/86311\/revisions\/86313"}],"wp:featuredmedia":[{"embeddable":true,"href":"https:\/\/radioljubuski.ba\/index.php\/wp-json\/wp\/v2\/media\/86312"}],"wp:attachment":[{"href":"https:\/\/radioljubuski.ba\/index.php\/wp-json\/wp\/v2\/media?parent=86311"}],"wp:term":[{"taxonomy":"category","embeddable":true,"href":"https:\/\/radioljubuski.ba\/index.php\/wp-json\/wp\/v2\/categories?post=86311"},{"taxonomy":"post_tag","embeddable":true,"href":"https:\/\/radioljubuski.ba\/index.php\/wp-json\/wp\/v2\/tags?post=86311"}],"curies":[{"name":"wp","href":"https:\/\/api.w.org\/{rel}","templated":true}]}}