{"id":86325,"date":"2021-11-07T23:17:45","date_gmt":"2021-11-07T22:17:45","guid":{"rendered":"https:\/\/radioljubuski.ba\/?p=86325"},"modified":"2021-11-07T23:17:46","modified_gmt":"2021-11-07T22:17:46","slug":"musk-pita-pratitelje-na-twitteru-treba-li-prodati-dionice-tesle","status":"publish","type":"post","link":"https:\/\/radioljubuski.ba\/index.php\/2021\/11\/07\/musk-pita-pratitelje-na-twitteru-treba-li-prodati-dionice-tesle\/","title":{"rendered":"Musk pita pratitelje na Twitteru treba li prodati dionice Tesle"},"content":{"rendered":"\n<p>Elon Musk, izvr\u0161ni direktor Tesle, na Twitteru je zamolio svojih 62,5 milijuna pratitelja da mu odgovore na pitanje treba li prodati 10 posto svog udjela u Tesli. &nbsp;<\/p>\n\n\n\n<p>Najbogatiji \u010dovjek na svijetu je ranije kritizirao najavljeni porez demokrata na milijardere, napisav\u0161i na Twitteru: &#8220;Na kraju im ponestane novca drugih ljudi i onda do\u0111u po vas.&#8221;<\/p>\n\n\n\n<p>&#8220;Imajte na umu da nigdje ne uzimam gotovinsku pla\u0107u ili bonus. Imam samo dionice, pa je jedini na\u010din da platim porez da prodam te dionice&#8221;, naveo je Musk na Twitteru.<\/p>\n\n\n\n<p>Muskovi komentari dolaze nakon prijedloga u ameri\u010dkom Kongresu o oporezivanju imovine milijardera kako bi se financirao socijalni i klimatski program predsjednika Joea Bidena.<\/p>\n\n\n\n<p>&#8220;U posljednje vrijeme puno se govori o neostvarenoj dobiti kao sredstvu za utaju poreza, pa predla\u017eem prodaju 10 posto svoji dionica Tesle&#8217;, napisao je Musk u tweetu.<\/p>\n\n\n\n<p>Dodao je da \u0107e prihvatiti rezultate ankete kakvi god bili.<\/p>\n\n\n\n<blockquote class=\"twitter-tweet\"><p lang=\"en\" dir=\"ltr\">Much is made lately of unrealized gains being a means of tax avoidance, so I propose selling 10% of my Tesla stock.<br><br>Do you support this?<\/p>&mdash; Elon Musk (@elonmusk) <a href=\"https:\/\/twitter.com\/elonmusk\/status\/1457064697782489088?ref_src=twsrc%5Etfw\">November 6, 2021<\/a><\/blockquote> <script async src=\"https:\/\/platform.twitter.com\/widgets.js\" charset=\"utf-8\"><\/script>\n\n\n\n<p>U sedam sati je stiglo gotovo dva milijuna odgovora, a 57 posto podr\u017eava prodaju dionica. Anketa zavr\u0161ava kasnije u nedjelju.<\/p>\n\n\n\n<p>Izvr\u0161ni direktor Tesle posjeduje udio u tvrtki vrijedan vi\u0161e od 200 milijardi dolara, a kada idu\u0107e godine iskoristi pravo na kupnju povla\u0161tenih dionica, bogatstvo \u0107e mu se jo\u0161 uve\u0107ati, ali i ostaviti mu golemi porezni ra\u010dun.&nbsp;<\/p>\n\n\n\n<p>Musk ima mogu\u0107nost da do kolovoza 2022. kupi 22.86 milijuna dionica Tesle po cijeni od 6,24 dolara, \u0161to je djeli\u0107 u odnosu na 1222 dolara koliko je vrijedila dionica Tesle na zatvaranju burze u petak.<\/p>\n\n\n\n<p>Musk ustrajno kritizira prijedlog porezne reforme demokrata koji \u0107e pogoditi 700 milijardera uvo\u0111enjem poreza na dugoro\u010dnu kapitalnu dobit.<\/p>\n\n\n\n<p>Reformom bi se uveo porez na kapitalnu dobit od 23,8 posto na imovinu kao \u0161to su dionice i obveznice kako bi se natjeralo milijardere da pla\u0107aju godi\u0161nje poreze na dobit, bez obzira na to prodaju li svoju imovinu ili ne.<\/p>\n\n\n\n<p>Musk je nedavno odgovorio na komentare Davida Beasleyja, direktora Svjetskog programa za hranu UN-a, koji je ponovio apel najbogatijim ljudima na svijetu da iskoriste dio svog bogatstva i prisko\u010de u pomo\u0107.<\/p>\n\n\n\n<p>Beasley je uz Jeffa Bezosa, osniva\u010da Amazona, spomenuo i Muska rekav\u0161i da bi samo dva posto njegova procijenjenog bogatstva ili \u0161est milijardi dolara moglo sprije\u010diti da 42 milijuna ljudi umre od gladi.<\/p>\n\n\n\n<p>&#8220;Ako mi Svjetski program za hranu mo\u017ee objasniti kako \u0107e to\u010dno \u0161est milijardi dolara rije\u0161iti problem gladi u svijetu, odmah \u0107u prodati svoje udjele u Tesli&#8221;, napisao je Musk na Twitteru.<\/p>\n\n\n\n<p>Tako\u0111er je rekao da je UN-ov program za hranu u 2020. skupio 8.4 milijarde dolara, pa se pita kako taj iznos nije uspio rije\u0161itit gladi, a njegovih bi \u0161est milijardi moglo.<\/p>\n\n\n\n<p>Izvor:pogled.ba<\/p>\n","protected":false},"excerpt":{"rendered":"<p>Elon Musk, izvr\u0161ni direktor Tesle, na Twitteru je zamolio svojih 62,5 milijuna pratitelja da mu odgovore na pitanje treba li prodati 10 posto svog udjela u Tesli. &nbsp; Najbogatiji \u010dovjek na svijetu je ranije kritizirao najavljeni porez demokrata na milijardere, napisav\u0161i na Twitteru: &#8220;Na kraju im ponestane novca drugih ljudi i onda do\u0111u po vas.&#8221; [&hellip;]<\/p>\n","protected":false},"author":2,"featured_media":86326,"comment_status":"closed","ping_status":"closed","sticky":false,"template":"","format":"standard","meta":{"h5ap_radio_sources":[],"footnotes":""},"categories":[1],"tags":[],"class_list":["post-86325","post","type-post","status-publish","format-standard","has-post-thumbnail","hentry","category-bihiregija"],"yoast_head":"<!-- This site is optimized with the Yoast SEO plugin v27.5 - https:\/\/yoast.com\/product\/yoast-seo-wordpress\/ -->\n<title>Musk pita pratitelje na Twitteru treba li prodati dionice Tesle - RADIO LJUBU\u0160KI<\/title>\n<meta name=\"robots\" content=\"index, follow, max-snippet:-1, max-image-preview:large, max-video-preview:-1\" \/>\n<link rel=\"canonical\" href=\"https:\/\/radioljubuski.ba\/index.php\/2021\/11\/07\/musk-pita-pratitelje-na-twitteru-treba-li-prodati-dionice-tesle\/\" \/>\n<meta property=\"og:locale\" content=\"hr_HR\" \/>\n<meta property=\"og:type\" content=\"article\" \/>\n<meta property=\"og:title\" content=\"Musk pita pratitelje na Twitteru treba li prodati dionice Tesle - RADIO LJUBU\u0160KI\" \/>\n<meta property=\"og:description\" content=\"Elon Musk, izvr\u0161ni direktor Tesle, na Twitteru je zamolio svojih 62,5 milijuna pratitelja da mu odgovore na pitanje treba li prodati 10 posto svog udjela u Tesli. &nbsp; Najbogatiji \u010dovjek na svijetu je ranije kritizirao najavljeni porez demokrata na milijardere, napisav\u0161i na Twitteru: &#8220;Na kraju im ponestane novca drugih ljudi i onda do\u0111u po vas.&#8221; [&hellip;]\" \/>\n<meta property=\"og:url\" content=\"https:\/\/radioljubuski.ba\/index.php\/2021\/11\/07\/musk-pita-pratitelje-na-twitteru-treba-li-prodati-dionice-tesle\/\" \/>\n<meta property=\"og:site_name\" content=\"RADIO LJUBU\u0160KI\" \/>\n<meta property=\"article:publisher\" content=\"https:\/\/www.facebook.com\/Radiio-Ljubuski-1490835324566332\" \/>\n<meta property=\"article:published_time\" content=\"2021-11-07T22:17:45+00:00\" \/>\n<meta property=\"article:modified_time\" content=\"2021-11-07T22:17:46+00:00\" \/>\n<meta property=\"og:image\" content=\"https:\/\/radioljubuski.ba\/wp-content\/uploads\/2021\/11\/musk.jpg\" \/>\n\t<meta property=\"og:image:width\" content=\"1000\" \/>\n\t<meta property=\"og:image:height\" content=\"625\" \/>\n\t<meta property=\"og:image:type\" content=\"image\/jpeg\" \/>\n<meta name=\"author\" content=\"Radio Ljubu\u0161ki\" \/>\n<meta name=\"twitter:card\" content=\"summary_large_image\" \/>\n<meta name=\"twitter:creator\" content=\"@radioljubuski\" \/>\n<meta name=\"twitter:site\" content=\"@radioljubuski\" \/>\n<meta name=\"twitter:label1\" content=\"Napisao\/la\" \/>\n\t<meta name=\"twitter:data1\" content=\"Radio Ljubu\u0161ki\" \/>\n\t<meta name=\"twitter:label2\" content=\"Procijenjeno vrijeme \u010ditanja\" \/>\n\t<meta name=\"twitter:data2\" content=\"2 minute\" \/>\n<script type=\"application\/ld+json\" class=\"yoast-schema-graph\">{\"@context\":\"https:\\\/\\\/schema.org\",\"@graph\":[{\"@type\":\"Article\",\"@id\":\"https:\\\/\\\/radioljubuski.ba\\\/index.php\\\/2021\\\/11\\\/07\\\/musk-pita-pratitelje-na-twitteru-treba-li-prodati-dionice-tesle\\\/#article\",\"isPartOf\":{\"@id\":\"https:\\\/\\\/radioljubuski.ba\\\/index.php\\\/2021\\\/11\\\/07\\\/musk-pita-pratitelje-na-twitteru-treba-li-prodati-dionice-tesle\\\/\"},\"author\":{\"name\":\"Radio Ljubu\u0161ki\",\"@id\":\"https:\\\/\\\/radioljubuski.ba\\\/#\\\/schema\\\/person\\\/19fc700381a780f69665d7956c469e3b\"},\"headline\":\"Musk pita pratitelje na Twitteru treba li prodati dionice Tesle\",\"datePublished\":\"2021-11-07T22:17:45+00:00\",\"dateModified\":\"2021-11-07T22:17:46+00:00\",\"mainEntityOfPage\":{\"@id\":\"https:\\\/\\\/radioljubuski.ba\\\/index.php\\\/2021\\\/11\\\/07\\\/musk-pita-pratitelje-na-twitteru-treba-li-prodati-dionice-tesle\\\/\"},\"wordCount\":478,\"publisher\":{\"@id\":\"https:\\\/\\\/radioljubuski.ba\\\/#organization\"},\"image\":{\"@id\":\"https:\\\/\\\/radioljubuski.ba\\\/index.php\\\/2021\\\/11\\\/07\\\/musk-pita-pratitelje-na-twitteru-treba-li-prodati-dionice-tesle\\\/#primaryimage\"},\"thumbnailUrl\":\"https:\\\/\\\/radioljubuski.ba\\\/wp-content\\\/uploads\\\/2021\\\/11\\\/musk.jpg\",\"articleSection\":[\"BIH i regija\"],\"inLanguage\":\"hr\"},{\"@type\":\"WebPage\",\"@id\":\"https:\\\/\\\/radioljubuski.ba\\\/index.php\\\/2021\\\/11\\\/07\\\/musk-pita-pratitelje-na-twitteru-treba-li-prodati-dionice-tesle\\\/\",\"url\":\"https:\\\/\\\/radioljubuski.ba\\\/index.php\\\/2021\\\/11\\\/07\\\/musk-pita-pratitelje-na-twitteru-treba-li-prodati-dionice-tesle\\\/\",\"name\":\"Musk pita pratitelje na Twitteru treba li prodati dionice Tesle - RADIO LJUBU\u0160KI\",\"isPartOf\":{\"@id\":\"https:\\\/\\\/radioljubuski.ba\\\/#website\"},\"primaryImageOfPage\":{\"@id\":\"https:\\\/\\\/radioljubuski.ba\\\/index.php\\\/2021\\\/11\\\/07\\\/musk-pita-pratitelje-na-twitteru-treba-li-prodati-dionice-tesle\\\/#primaryimage\"},\"image\":{\"@id\":\"https:\\\/\\\/radioljubuski.ba\\\/index.php\\\/2021\\\/11\\\/07\\\/musk-pita-pratitelje-na-twitteru-treba-li-prodati-dionice-tesle\\\/#primaryimage\"},\"thumbnailUrl\":\"https:\\\/\\\/radioljubuski.ba\\\/wp-content\\\/uploads\\\/2021\\\/11\\\/musk.jpg\",\"datePublished\":\"2021-11-07T22:17:45+00:00\",\"dateModified\":\"2021-11-07T22:17:46+00:00\",\"breadcrumb\":{\"@id\":\"https:\\\/\\\/radioljubuski.ba\\\/index.php\\\/2021\\\/11\\\/07\\\/musk-pita-pratitelje-na-twitteru-treba-li-prodati-dionice-tesle\\\/#breadcrumb\"},\"inLanguage\":\"hr\",\"potentialAction\":[{\"@type\":\"ReadAction\",\"target\":[\"https:\\\/\\\/radioljubuski.ba\\\/index.php\\\/2021\\\/11\\\/07\\\/musk-pita-pratitelje-na-twitteru-treba-li-prodati-dionice-tesle\\\/\"]}]},{\"@type\":\"ImageObject\",\"inLanguage\":\"hr\",\"@id\":\"https:\\\/\\\/radioljubuski.ba\\\/index.php\\\/2021\\\/11\\\/07\\\/musk-pita-pratitelje-na-twitteru-treba-li-prodati-dionice-tesle\\\/#primaryimage\",\"url\":\"https:\\\/\\\/radioljubuski.ba\\\/wp-content\\\/uploads\\\/2021\\\/11\\\/musk.jpg\",\"contentUrl\":\"https:\\\/\\\/radioljubuski.ba\\\/wp-content\\\/uploads\\\/2021\\\/11\\\/musk.jpg\",\"width\":1000,\"height\":625},{\"@type\":\"BreadcrumbList\",\"@id\":\"https:\\\/\\\/radioljubuski.ba\\\/index.php\\\/2021\\\/11\\\/07\\\/musk-pita-pratitelje-na-twitteru-treba-li-prodati-dionice-tesle\\\/#breadcrumb\",\"itemListElement\":[{\"@type\":\"ListItem\",\"position\":1,\"name\":\"Po\u010detna stranica\",\"item\":\"https:\\\/\\\/radioljubuski.ba\\\/\"},{\"@type\":\"ListItem\",\"position\":2,\"name\":\"Musk pita pratitelje na Twitteru treba li prodati dionice Tesle\"}]},{\"@type\":\"WebSite\",\"@id\":\"https:\\\/\\\/radioljubuski.ba\\\/#website\",\"url\":\"https:\\\/\\\/radioljubuski.ba\\\/\",\"name\":\"Radio Ljubu\u0161ki\",\"description\":\"Sun\u010dana frekvencija Hercegovine\",\"publisher\":{\"@id\":\"https:\\\/\\\/radioljubuski.ba\\\/#organization\"},\"potentialAction\":[{\"@type\":\"SearchAction\",\"target\":{\"@type\":\"EntryPoint\",\"urlTemplate\":\"https:\\\/\\\/radioljubuski.ba\\\/?s={search_term_string}\"},\"query-input\":{\"@type\":\"PropertyValueSpecification\",\"valueRequired\":true,\"valueName\":\"search_term_string\"}}],\"inLanguage\":\"hr\"},{\"@type\":\"Organization\",\"@id\":\"https:\\\/\\\/radioljubuski.ba\\\/#organization\",\"name\":\"Radio Ljubu\u0161ki\",\"url\":\"https:\\\/\\\/radioljubuski.ba\\\/\",\"logo\":{\"@type\":\"ImageObject\",\"inLanguage\":\"hr\",\"@id\":\"https:\\\/\\\/radioljubuski.ba\\\/#\\\/schema\\\/logo\\\/image\\\/\",\"url\":\"https:\\\/\\\/radioljubuski.ba\\\/wp-content\\\/uploads\\\/2021\\\/02\\\/cropped-Radio_Ljubuski_logo1.jpg\",\"contentUrl\":\"https:\\\/\\\/radioljubuski.ba\\\/wp-content\\\/uploads\\\/2021\\\/02\\\/cropped-Radio_Ljubuski_logo1.jpg\",\"width\":512,\"height\":512,\"caption\":\"Radio Ljubu\u0161ki\"},\"image\":{\"@id\":\"https:\\\/\\\/radioljubuski.ba\\\/#\\\/schema\\\/logo\\\/image\\\/\"},\"sameAs\":[\"https:\\\/\\\/www.facebook.com\\\/Radiio-Ljubuski-1490835324566332\",\"https:\\\/\\\/x.com\\\/radioljubuski\",\"https:\\\/\\\/hr.linkedin.com\\\/company\\\/radio-ljubuski\",\"https:\\\/\\\/www.youtube.com\\\/channel\\\/UCHYaeO_n0Db3tjNGudGpXyw\"]},{\"@type\":\"Person\",\"@id\":\"https:\\\/\\\/radioljubuski.ba\\\/#\\\/schema\\\/person\\\/19fc700381a780f69665d7956c469e3b\",\"name\":\"Radio Ljubu\u0161ki\"}]}<\/script>\n<!-- \/ Yoast SEO plugin. -->","yoast_head_json":{"title":"Musk pita pratitelje na Twitteru treba li prodati dionice Tesle - RADIO LJUBU\u0160KI","robots":{"index":"index","follow":"follow","max-snippet":"max-snippet:-1","max-image-preview":"max-image-preview:large","max-video-preview":"max-video-preview:-1"},"canonical":"https:\/\/radioljubuski.ba\/index.php\/2021\/11\/07\/musk-pita-pratitelje-na-twitteru-treba-li-prodati-dionice-tesle\/","og_locale":"hr_HR","og_type":"article","og_title":"Musk pita pratitelje na Twitteru treba li prodati dionice Tesle - RADIO LJUBU\u0160KI","og_description":"Elon Musk, izvr\u0161ni direktor Tesle, na Twitteru je zamolio svojih 62,5 milijuna pratitelja da mu odgovore na pitanje treba li prodati 10 posto svog udjela u Tesli. &nbsp; Najbogatiji \u010dovjek na svijetu je ranije kritizirao najavljeni porez demokrata na milijardere, napisav\u0161i na Twitteru: &#8220;Na kraju im ponestane novca drugih ljudi i onda do\u0111u po vas.&#8221; [&hellip;]","og_url":"https:\/\/radioljubuski.ba\/index.php\/2021\/11\/07\/musk-pita-pratitelje-na-twitteru-treba-li-prodati-dionice-tesle\/","og_site_name":"RADIO LJUBU\u0160KI","article_publisher":"https:\/\/www.facebook.com\/Radiio-Ljubuski-1490835324566332","article_published_time":"2021-11-07T22:17:45+00:00","article_modified_time":"2021-11-07T22:17:46+00:00","og_image":[{"width":1000,"height":625,"url":"https:\/\/radioljubuski.ba\/wp-content\/uploads\/2021\/11\/musk.jpg","type":"image\/jpeg"}],"author":"Radio Ljubu\u0161ki","twitter_card":"summary_large_image","twitter_creator":"@radioljubuski","twitter_site":"@radioljubuski","twitter_misc":{"Napisao\/la":"Radio Ljubu\u0161ki","Procijenjeno vrijeme \u010ditanja":"2 minute"},"schema":{"@context":"https:\/\/schema.org","@graph":[{"@type":"Article","@id":"https:\/\/radioljubuski.ba\/index.php\/2021\/11\/07\/musk-pita-pratitelje-na-twitteru-treba-li-prodati-dionice-tesle\/#article","isPartOf":{"@id":"https:\/\/radioljubuski.ba\/index.php\/2021\/11\/07\/musk-pita-pratitelje-na-twitteru-treba-li-prodati-dionice-tesle\/"},"author":{"name":"Radio Ljubu\u0161ki","@id":"https:\/\/radioljubuski.ba\/#\/schema\/person\/19fc700381a780f69665d7956c469e3b"},"headline":"Musk pita pratitelje na Twitteru treba li prodati dionice Tesle","datePublished":"2021-11-07T22:17:45+00:00","dateModified":"2021-11-07T22:17:46+00:00","mainEntityOfPage":{"@id":"https:\/\/radioljubuski.ba\/index.php\/2021\/11\/07\/musk-pita-pratitelje-na-twitteru-treba-li-prodati-dionice-tesle\/"},"wordCount":478,"publisher":{"@id":"https:\/\/radioljubuski.ba\/#organization"},"image":{"@id":"https:\/\/radioljubuski.ba\/index.php\/2021\/11\/07\/musk-pita-pratitelje-na-twitteru-treba-li-prodati-dionice-tesle\/#primaryimage"},"thumbnailUrl":"https:\/\/radioljubuski.ba\/wp-content\/uploads\/2021\/11\/musk.jpg","articleSection":["BIH i regija"],"inLanguage":"hr"},{"@type":"WebPage","@id":"https:\/\/radioljubuski.ba\/index.php\/2021\/11\/07\/musk-pita-pratitelje-na-twitteru-treba-li-prodati-dionice-tesle\/","url":"https:\/\/radioljubuski.ba\/index.php\/2021\/11\/07\/musk-pita-pratitelje-na-twitteru-treba-li-prodati-dionice-tesle\/","name":"Musk pita pratitelje na Twitteru treba li prodati dionice Tesle - RADIO LJUBU\u0160KI","isPartOf":{"@id":"https:\/\/radioljubuski.ba\/#website"},"primaryImageOfPage":{"@id":"https:\/\/radioljubuski.ba\/index.php\/2021\/11\/07\/musk-pita-pratitelje-na-twitteru-treba-li-prodati-dionice-tesle\/#primaryimage"},"image":{"@id":"https:\/\/radioljubuski.ba\/index.php\/2021\/11\/07\/musk-pita-pratitelje-na-twitteru-treba-li-prodati-dionice-tesle\/#primaryimage"},"thumbnailUrl":"https:\/\/radioljubuski.ba\/wp-content\/uploads\/2021\/11\/musk.jpg","datePublished":"2021-11-07T22:17:45+00:00","dateModified":"2021-11-07T22:17:46+00:00","breadcrumb":{"@id":"https:\/\/radioljubuski.ba\/index.php\/2021\/11\/07\/musk-pita-pratitelje-na-twitteru-treba-li-prodati-dionice-tesle\/#breadcrumb"},"inLanguage":"hr","potentialAction":[{"@type":"ReadAction","target":["https:\/\/radioljubuski.ba\/index.php\/2021\/11\/07\/musk-pita-pratitelje-na-twitteru-treba-li-prodati-dionice-tesle\/"]}]},{"@type":"ImageObject","inLanguage":"hr","@id":"https:\/\/radioljubuski.ba\/index.php\/2021\/11\/07\/musk-pita-pratitelje-na-twitteru-treba-li-prodati-dionice-tesle\/#primaryimage","url":"https:\/\/radioljubuski.ba\/wp-content\/uploads\/2021\/11\/musk.jpg","contentUrl":"https:\/\/radioljubuski.ba\/wp-content\/uploads\/2021\/11\/musk.jpg","width":1000,"height":625},{"@type":"BreadcrumbList","@id":"https:\/\/radioljubuski.ba\/index.php\/2021\/11\/07\/musk-pita-pratitelje-na-twitteru-treba-li-prodati-dionice-tesle\/#breadcrumb","itemListElement":[{"@type":"ListItem","position":1,"name":"Po\u010detna stranica","item":"https:\/\/radioljubuski.ba\/"},{"@type":"ListItem","position":2,"name":"Musk pita pratitelje na Twitteru treba li prodati dionice Tesle"}]},{"@type":"WebSite","@id":"https:\/\/radioljubuski.ba\/#website","url":"https:\/\/radioljubuski.ba\/","name":"Radio Ljubu\u0161ki","description":"Sun\u010dana frekvencija Hercegovine","publisher":{"@id":"https:\/\/radioljubuski.ba\/#organization"},"potentialAction":[{"@type":"SearchAction","target":{"@type":"EntryPoint","urlTemplate":"https:\/\/radioljubuski.ba\/?s={search_term_string}"},"query-input":{"@type":"PropertyValueSpecification","valueRequired":true,"valueName":"search_term_string"}}],"inLanguage":"hr"},{"@type":"Organization","@id":"https:\/\/radioljubuski.ba\/#organization","name":"Radio Ljubu\u0161ki","url":"https:\/\/radioljubuski.ba\/","logo":{"@type":"ImageObject","inLanguage":"hr","@id":"https:\/\/radioljubuski.ba\/#\/schema\/logo\/image\/","url":"https:\/\/radioljubuski.ba\/wp-content\/uploads\/2021\/02\/cropped-Radio_Ljubuski_logo1.jpg","contentUrl":"https:\/\/radioljubuski.ba\/wp-content\/uploads\/2021\/02\/cropped-Radio_Ljubuski_logo1.jpg","width":512,"height":512,"caption":"Radio Ljubu\u0161ki"},"image":{"@id":"https:\/\/radioljubuski.ba\/#\/schema\/logo\/image\/"},"sameAs":["https:\/\/www.facebook.com\/Radiio-Ljubuski-1490835324566332","https:\/\/x.com\/radioljubuski","https:\/\/hr.linkedin.com\/company\/radio-ljubuski","https:\/\/www.youtube.com\/channel\/UCHYaeO_n0Db3tjNGudGpXyw"]},{"@type":"Person","@id":"https:\/\/radioljubuski.ba\/#\/schema\/person\/19fc700381a780f69665d7956c469e3b","name":"Radio Ljubu\u0161ki"}]}},"_links":{"self":[{"href":"https:\/\/radioljubuski.ba\/index.php\/wp-json\/wp\/v2\/posts\/86325","targetHints":{"allow":["GET"]}}],"collection":[{"href":"https:\/\/radioljubuski.ba\/index.php\/wp-json\/wp\/v2\/posts"}],"about":[{"href":"https:\/\/radioljubuski.ba\/index.php\/wp-json\/wp\/v2\/types\/post"}],"author":[{"embeddable":true,"href":"https:\/\/radioljubuski.ba\/index.php\/wp-json\/wp\/v2\/users\/2"}],"replies":[{"embeddable":true,"href":"https:\/\/radioljubuski.ba\/index.php\/wp-json\/wp\/v2\/comments?post=86325"}],"version-history":[{"count":1,"href":"https:\/\/radioljubuski.ba\/index.php\/wp-json\/wp\/v2\/posts\/86325\/revisions"}],"predecessor-version":[{"id":86327,"href":"https:\/\/radioljubuski.ba\/index.php\/wp-json\/wp\/v2\/posts\/86325\/revisions\/86327"}],"wp:featuredmedia":[{"embeddable":true,"href":"https:\/\/radioljubuski.ba\/index.php\/wp-json\/wp\/v2\/media\/86326"}],"wp:attachment":[{"href":"https:\/\/radioljubuski.ba\/index.php\/wp-json\/wp\/v2\/media?parent=86325"}],"wp:term":[{"taxonomy":"category","embeddable":true,"href":"https:\/\/radioljubuski.ba\/index.php\/wp-json\/wp\/v2\/categories?post=86325"},{"taxonomy":"post_tag","embeddable":true,"href":"https:\/\/radioljubuski.ba\/index.php\/wp-json\/wp\/v2\/tags?post=86325"}],"curies":[{"name":"wp","href":"https:\/\/api.w.org\/{rel}","templated":true}]}}