{"id":86347,"date":"2021-11-07T23:29:31","date_gmt":"2021-11-07T22:29:31","guid":{"rendered":"https:\/\/radioljubuski.ba\/?p=86347"},"modified":"2021-11-07T23:29:32","modified_gmt":"2021-11-07T22:29:32","slug":"sevcenko-i-sluzbeno-preuzeo-genou","status":"publish","type":"post","link":"https:\/\/radioljubuski.ba\/index.php\/2021\/11\/07\/sevcenko-i-sluzbeno-preuzeo-genou\/","title":{"rendered":"\u0160ev\u010denko i slu\u017ebeno preuzeo Genou"},"content":{"rendered":"\n<p><strong>Legendarni ukrajinski napada\u010d Andrij \u0160ev\u010denko (45) od nedjelje je i slu\u017ebeno preuzeo du\u017enost trenera talijanskog nogometnog prvoliga\u0161a Genoe.<\/strong><\/p>\n\n\n\n<p>\u0160ev\u010denko, koji je ranije ove godine na EURU odveo Ukrajinu do \u010detvrtfinala, na klupi Genoe zamijenit \u0107e&nbsp;<strong>Davidea Ballardinija<\/strong>, kojega otkaza nije spasio niti bod osvojen u zavr\u0161nici utakmice na gostovanju kod Empolija u petak.<\/p>\n\n\n\n<p>U prvih 12 ovosezonskih kola Genoa je pod Ballardinijevim vodstvom ostvarila tek jednu pbojedu te se s devet bodova nalazi na 17. poziciji.<\/p>\n\n\n\n<p>&#8211; Zapo\u010dnimo zajedno novu pustolovinu kako bismo vratili Genou na njezinu povijesnu razinu, poru\u010dio je \u0160ev\u010denko.<\/p>\n\n\n\n<p>Genoa je osnovana 1893. godine te je najstariji talijanski nogometni klub, bila je prvi prvak 1898. godine, no zadnji od ukupno devet naslova je osvoila jo\u0161 1924. godine, odnosno prije formiranja Serie A.<\/p>\n\n\n\n<p>\u0160ev\u010denko \u0107e prvi put na klupi Genoe sjediti 21. studenoga kada \u0107e na Marassiju ugostiti Romu koju vodi Jose Mourinho.<\/p>\n\n\n\n<p>Izvor:hrt.hr<\/p>\n","protected":false},"excerpt":{"rendered":"<p>Legendarni ukrajinski napada\u010d Andrij \u0160ev\u010denko (45) od nedjelje je i slu\u017ebeno preuzeo du\u017enost trenera talijanskog nogometnog prvoliga\u0161a Genoe. \u0160ev\u010denko, koji je ranije ove godine na EURU odveo Ukrajinu do \u010detvrtfinala, na klupi Genoe zamijenit \u0107e&nbsp;Davidea Ballardinija, kojega otkaza nije spasio niti bod osvojen u zavr\u0161nici utakmice na gostovanju kod Empolija u petak. U prvih 12 [&hellip;]<\/p>\n","protected":false},"author":2,"featured_media":0,"comment_status":"closed","ping_status":"closed","sticky":false,"template":"","format":"standard","meta":{"h5ap_radio_sources":[],"footnotes":""},"categories":[7],"tags":[],"class_list":["post-86347","post","type-post","status-publish","format-standard","hentry","category-sport"],"yoast_head":"<!-- This site is optimized with the Yoast SEO plugin v27.5 - https:\/\/yoast.com\/product\/yoast-seo-wordpress\/ -->\n<title>\u0160ev\u010denko i slu\u017ebeno preuzeo Genou - RADIO LJUBU\u0160KI<\/title>\n<meta name=\"robots\" content=\"index, follow, max-snippet:-1, max-image-preview:large, max-video-preview:-1\" \/>\n<link rel=\"canonical\" href=\"https:\/\/radioljubuski.ba\/index.php\/2021\/11\/07\/sevcenko-i-sluzbeno-preuzeo-genou\/\" \/>\n<meta property=\"og:locale\" content=\"hr_HR\" \/>\n<meta property=\"og:type\" content=\"article\" \/>\n<meta property=\"og:title\" content=\"\u0160ev\u010denko i slu\u017ebeno preuzeo Genou - RADIO LJUBU\u0160KI\" \/>\n<meta property=\"og:description\" content=\"Legendarni ukrajinski napada\u010d Andrij \u0160ev\u010denko (45) od nedjelje je i slu\u017ebeno preuzeo du\u017enost trenera talijanskog nogometnog prvoliga\u0161a Genoe. \u0160ev\u010denko, koji je ranije ove godine na EURU odveo Ukrajinu do \u010detvrtfinala, na klupi Genoe zamijenit \u0107e&nbsp;Davidea Ballardinija, kojega otkaza nije spasio niti bod osvojen u zavr\u0161nici utakmice na gostovanju kod Empolija u petak. U prvih 12 [&hellip;]\" \/>\n<meta property=\"og:url\" content=\"https:\/\/radioljubuski.ba\/index.php\/2021\/11\/07\/sevcenko-i-sluzbeno-preuzeo-genou\/\" \/>\n<meta property=\"og:site_name\" content=\"RADIO LJUBU\u0160KI\" \/>\n<meta property=\"article:publisher\" content=\"https:\/\/www.facebook.com\/Radiio-Ljubuski-1490835324566332\" \/>\n<meta property=\"article:published_time\" content=\"2021-11-07T22:29:31+00:00\" \/>\n<meta property=\"article:modified_time\" content=\"2021-11-07T22:29:32+00:00\" \/>\n<meta property=\"og:image\" content=\"https:\/\/radioljubuski.ba\/wp-content\/uploads\/2021\/11\/shevchenko-2021-11-07t132347z-1456060840-rc2ppq90hl2t-rtrmadp-3-soccer-italy-gen-shevchenko-20211107151019.jpg\" \/>\n\t<meta property=\"og:image:width\" content=\"1600\" \/>\n\t<meta property=\"og:image:height\" content=\"973\" \/>\n\t<meta property=\"og:image:type\" content=\"image\/jpeg\" \/>\n<meta name=\"author\" content=\"Radio Ljubu\u0161ki\" \/>\n<meta name=\"twitter:card\" content=\"summary_large_image\" \/>\n<meta name=\"twitter:creator\" content=\"@radioljubuski\" \/>\n<meta name=\"twitter:site\" content=\"@radioljubuski\" \/>\n<meta name=\"twitter:label1\" content=\"Napisao\/la\" \/>\n\t<meta name=\"twitter:data1\" content=\"Radio Ljubu\u0161ki\" \/>\n\t<meta name=\"twitter:label2\" content=\"Procijenjeno vrijeme \u010ditanja\" \/>\n\t<meta name=\"twitter:data2\" content=\"1 minuta\" \/>\n<script type=\"application\/ld+json\" class=\"yoast-schema-graph\">{\"@context\":\"https:\\\/\\\/schema.org\",\"@graph\":[{\"@type\":\"Article\",\"@id\":\"https:\\\/\\\/radioljubuski.ba\\\/index.php\\\/2021\\\/11\\\/07\\\/sevcenko-i-sluzbeno-preuzeo-genou\\\/#article\",\"isPartOf\":{\"@id\":\"https:\\\/\\\/radioljubuski.ba\\\/index.php\\\/2021\\\/11\\\/07\\\/sevcenko-i-sluzbeno-preuzeo-genou\\\/\"},\"author\":{\"name\":\"Radio Ljubu\u0161ki\",\"@id\":\"https:\\\/\\\/radioljubuski.ba\\\/#\\\/schema\\\/person\\\/19fc700381a780f69665d7956c469e3b\"},\"headline\":\"\u0160ev\u010denko i slu\u017ebeno preuzeo Genou\",\"datePublished\":\"2021-11-07T22:29:31+00:00\",\"dateModified\":\"2021-11-07T22:29:32+00:00\",\"mainEntityOfPage\":{\"@id\":\"https:\\\/\\\/radioljubuski.ba\\\/index.php\\\/2021\\\/11\\\/07\\\/sevcenko-i-sluzbeno-preuzeo-genou\\\/\"},\"wordCount\":159,\"publisher\":{\"@id\":\"https:\\\/\\\/radioljubuski.ba\\\/#organization\"},\"articleSection\":[\"\u0160port\"],\"inLanguage\":\"hr\"},{\"@type\":\"WebPage\",\"@id\":\"https:\\\/\\\/radioljubuski.ba\\\/index.php\\\/2021\\\/11\\\/07\\\/sevcenko-i-sluzbeno-preuzeo-genou\\\/\",\"url\":\"https:\\\/\\\/radioljubuski.ba\\\/index.php\\\/2021\\\/11\\\/07\\\/sevcenko-i-sluzbeno-preuzeo-genou\\\/\",\"name\":\"\u0160ev\u010denko i slu\u017ebeno preuzeo Genou - RADIO LJUBU\u0160KI\",\"isPartOf\":{\"@id\":\"https:\\\/\\\/radioljubuski.ba\\\/#website\"},\"datePublished\":\"2021-11-07T22:29:31+00:00\",\"dateModified\":\"2021-11-07T22:29:32+00:00\",\"breadcrumb\":{\"@id\":\"https:\\\/\\\/radioljubuski.ba\\\/index.php\\\/2021\\\/11\\\/07\\\/sevcenko-i-sluzbeno-preuzeo-genou\\\/#breadcrumb\"},\"inLanguage\":\"hr\",\"potentialAction\":[{\"@type\":\"ReadAction\",\"target\":[\"https:\\\/\\\/radioljubuski.ba\\\/index.php\\\/2021\\\/11\\\/07\\\/sevcenko-i-sluzbeno-preuzeo-genou\\\/\"]}]},{\"@type\":\"BreadcrumbList\",\"@id\":\"https:\\\/\\\/radioljubuski.ba\\\/index.php\\\/2021\\\/11\\\/07\\\/sevcenko-i-sluzbeno-preuzeo-genou\\\/#breadcrumb\",\"itemListElement\":[{\"@type\":\"ListItem\",\"position\":1,\"name\":\"Po\u010detna stranica\",\"item\":\"https:\\\/\\\/radioljubuski.ba\\\/\"},{\"@type\":\"ListItem\",\"position\":2,\"name\":\"\u0160ev\u010denko i slu\u017ebeno preuzeo Genou\"}]},{\"@type\":\"WebSite\",\"@id\":\"https:\\\/\\\/radioljubuski.ba\\\/#website\",\"url\":\"https:\\\/\\\/radioljubuski.ba\\\/\",\"name\":\"Radio Ljubu\u0161ki\",\"description\":\"Sun\u010dana frekvencija Hercegovine\",\"publisher\":{\"@id\":\"https:\\\/\\\/radioljubuski.ba\\\/#organization\"},\"potentialAction\":[{\"@type\":\"SearchAction\",\"target\":{\"@type\":\"EntryPoint\",\"urlTemplate\":\"https:\\\/\\\/radioljubuski.ba\\\/?s={search_term_string}\"},\"query-input\":{\"@type\":\"PropertyValueSpecification\",\"valueRequired\":true,\"valueName\":\"search_term_string\"}}],\"inLanguage\":\"hr\"},{\"@type\":\"Organization\",\"@id\":\"https:\\\/\\\/radioljubuski.ba\\\/#organization\",\"name\":\"Radio Ljubu\u0161ki\",\"url\":\"https:\\\/\\\/radioljubuski.ba\\\/\",\"logo\":{\"@type\":\"ImageObject\",\"inLanguage\":\"hr\",\"@id\":\"https:\\\/\\\/radioljubuski.ba\\\/#\\\/schema\\\/logo\\\/image\\\/\",\"url\":\"https:\\\/\\\/radioljubuski.ba\\\/wp-content\\\/uploads\\\/2021\\\/02\\\/cropped-Radio_Ljubuski_logo1.jpg\",\"contentUrl\":\"https:\\\/\\\/radioljubuski.ba\\\/wp-content\\\/uploads\\\/2021\\\/02\\\/cropped-Radio_Ljubuski_logo1.jpg\",\"width\":512,\"height\":512,\"caption\":\"Radio Ljubu\u0161ki\"},\"image\":{\"@id\":\"https:\\\/\\\/radioljubuski.ba\\\/#\\\/schema\\\/logo\\\/image\\\/\"},\"sameAs\":[\"https:\\\/\\\/www.facebook.com\\\/Radiio-Ljubuski-1490835324566332\",\"https:\\\/\\\/x.com\\\/radioljubuski\",\"https:\\\/\\\/hr.linkedin.com\\\/company\\\/radio-ljubuski\",\"https:\\\/\\\/www.youtube.com\\\/channel\\\/UCHYaeO_n0Db3tjNGudGpXyw\"]},{\"@type\":\"Person\",\"@id\":\"https:\\\/\\\/radioljubuski.ba\\\/#\\\/schema\\\/person\\\/19fc700381a780f69665d7956c469e3b\",\"name\":\"Radio Ljubu\u0161ki\"}]}<\/script>\n<!-- \/ Yoast SEO plugin. -->","yoast_head_json":{"title":"\u0160ev\u010denko i slu\u017ebeno preuzeo Genou - RADIO LJUBU\u0160KI","robots":{"index":"index","follow":"follow","max-snippet":"max-snippet:-1","max-image-preview":"max-image-preview:large","max-video-preview":"max-video-preview:-1"},"canonical":"https:\/\/radioljubuski.ba\/index.php\/2021\/11\/07\/sevcenko-i-sluzbeno-preuzeo-genou\/","og_locale":"hr_HR","og_type":"article","og_title":"\u0160ev\u010denko i slu\u017ebeno preuzeo Genou - RADIO LJUBU\u0160KI","og_description":"Legendarni ukrajinski napada\u010d Andrij \u0160ev\u010denko (45) od nedjelje je i slu\u017ebeno preuzeo du\u017enost trenera talijanskog nogometnog prvoliga\u0161a Genoe. \u0160ev\u010denko, koji je ranije ove godine na EURU odveo Ukrajinu do \u010detvrtfinala, na klupi Genoe zamijenit \u0107e&nbsp;Davidea Ballardinija, kojega otkaza nije spasio niti bod osvojen u zavr\u0161nici utakmice na gostovanju kod Empolija u petak. U prvih 12 [&hellip;]","og_url":"https:\/\/radioljubuski.ba\/index.php\/2021\/11\/07\/sevcenko-i-sluzbeno-preuzeo-genou\/","og_site_name":"RADIO LJUBU\u0160KI","article_publisher":"https:\/\/www.facebook.com\/Radiio-Ljubuski-1490835324566332","article_published_time":"2021-11-07T22:29:31+00:00","article_modified_time":"2021-11-07T22:29:32+00:00","og_image":[{"width":1600,"height":973,"url":"https:\/\/radioljubuski.ba\/wp-content\/uploads\/2021\/11\/shevchenko-2021-11-07t132347z-1456060840-rc2ppq90hl2t-rtrmadp-3-soccer-italy-gen-shevchenko-20211107151019.jpg","type":"image\/jpeg"}],"author":"Radio Ljubu\u0161ki","twitter_card":"summary_large_image","twitter_creator":"@radioljubuski","twitter_site":"@radioljubuski","twitter_misc":{"Napisao\/la":"Radio Ljubu\u0161ki","Procijenjeno vrijeme \u010ditanja":"1 minuta"},"schema":{"@context":"https:\/\/schema.org","@graph":[{"@type":"Article","@id":"https:\/\/radioljubuski.ba\/index.php\/2021\/11\/07\/sevcenko-i-sluzbeno-preuzeo-genou\/#article","isPartOf":{"@id":"https:\/\/radioljubuski.ba\/index.php\/2021\/11\/07\/sevcenko-i-sluzbeno-preuzeo-genou\/"},"author":{"name":"Radio Ljubu\u0161ki","@id":"https:\/\/radioljubuski.ba\/#\/schema\/person\/19fc700381a780f69665d7956c469e3b"},"headline":"\u0160ev\u010denko i slu\u017ebeno preuzeo Genou","datePublished":"2021-11-07T22:29:31+00:00","dateModified":"2021-11-07T22:29:32+00:00","mainEntityOfPage":{"@id":"https:\/\/radioljubuski.ba\/index.php\/2021\/11\/07\/sevcenko-i-sluzbeno-preuzeo-genou\/"},"wordCount":159,"publisher":{"@id":"https:\/\/radioljubuski.ba\/#organization"},"articleSection":["\u0160port"],"inLanguage":"hr"},{"@type":"WebPage","@id":"https:\/\/radioljubuski.ba\/index.php\/2021\/11\/07\/sevcenko-i-sluzbeno-preuzeo-genou\/","url":"https:\/\/radioljubuski.ba\/index.php\/2021\/11\/07\/sevcenko-i-sluzbeno-preuzeo-genou\/","name":"\u0160ev\u010denko i slu\u017ebeno preuzeo Genou - RADIO LJUBU\u0160KI","isPartOf":{"@id":"https:\/\/radioljubuski.ba\/#website"},"datePublished":"2021-11-07T22:29:31+00:00","dateModified":"2021-11-07T22:29:32+00:00","breadcrumb":{"@id":"https:\/\/radioljubuski.ba\/index.php\/2021\/11\/07\/sevcenko-i-sluzbeno-preuzeo-genou\/#breadcrumb"},"inLanguage":"hr","potentialAction":[{"@type":"ReadAction","target":["https:\/\/radioljubuski.ba\/index.php\/2021\/11\/07\/sevcenko-i-sluzbeno-preuzeo-genou\/"]}]},{"@type":"BreadcrumbList","@id":"https:\/\/radioljubuski.ba\/index.php\/2021\/11\/07\/sevcenko-i-sluzbeno-preuzeo-genou\/#breadcrumb","itemListElement":[{"@type":"ListItem","position":1,"name":"Po\u010detna stranica","item":"https:\/\/radioljubuski.ba\/"},{"@type":"ListItem","position":2,"name":"\u0160ev\u010denko i slu\u017ebeno preuzeo Genou"}]},{"@type":"WebSite","@id":"https:\/\/radioljubuski.ba\/#website","url":"https:\/\/radioljubuski.ba\/","name":"Radio Ljubu\u0161ki","description":"Sun\u010dana frekvencija Hercegovine","publisher":{"@id":"https:\/\/radioljubuski.ba\/#organization"},"potentialAction":[{"@type":"SearchAction","target":{"@type":"EntryPoint","urlTemplate":"https:\/\/radioljubuski.ba\/?s={search_term_string}"},"query-input":{"@type":"PropertyValueSpecification","valueRequired":true,"valueName":"search_term_string"}}],"inLanguage":"hr"},{"@type":"Organization","@id":"https:\/\/radioljubuski.ba\/#organization","name":"Radio Ljubu\u0161ki","url":"https:\/\/radioljubuski.ba\/","logo":{"@type":"ImageObject","inLanguage":"hr","@id":"https:\/\/radioljubuski.ba\/#\/schema\/logo\/image\/","url":"https:\/\/radioljubuski.ba\/wp-content\/uploads\/2021\/02\/cropped-Radio_Ljubuski_logo1.jpg","contentUrl":"https:\/\/radioljubuski.ba\/wp-content\/uploads\/2021\/02\/cropped-Radio_Ljubuski_logo1.jpg","width":512,"height":512,"caption":"Radio Ljubu\u0161ki"},"image":{"@id":"https:\/\/radioljubuski.ba\/#\/schema\/logo\/image\/"},"sameAs":["https:\/\/www.facebook.com\/Radiio-Ljubuski-1490835324566332","https:\/\/x.com\/radioljubuski","https:\/\/hr.linkedin.com\/company\/radio-ljubuski","https:\/\/www.youtube.com\/channel\/UCHYaeO_n0Db3tjNGudGpXyw"]},{"@type":"Person","@id":"https:\/\/radioljubuski.ba\/#\/schema\/person\/19fc700381a780f69665d7956c469e3b","name":"Radio Ljubu\u0161ki"}]}},"_links":{"self":[{"href":"https:\/\/radioljubuski.ba\/index.php\/wp-json\/wp\/v2\/posts\/86347","targetHints":{"allow":["GET"]}}],"collection":[{"href":"https:\/\/radioljubuski.ba\/index.php\/wp-json\/wp\/v2\/posts"}],"about":[{"href":"https:\/\/radioljubuski.ba\/index.php\/wp-json\/wp\/v2\/types\/post"}],"author":[{"embeddable":true,"href":"https:\/\/radioljubuski.ba\/index.php\/wp-json\/wp\/v2\/users\/2"}],"replies":[{"embeddable":true,"href":"https:\/\/radioljubuski.ba\/index.php\/wp-json\/wp\/v2\/comments?post=86347"}],"version-history":[{"count":1,"href":"https:\/\/radioljubuski.ba\/index.php\/wp-json\/wp\/v2\/posts\/86347\/revisions"}],"predecessor-version":[{"id":86349,"href":"https:\/\/radioljubuski.ba\/index.php\/wp-json\/wp\/v2\/posts\/86347\/revisions\/86349"}],"wp:attachment":[{"href":"https:\/\/radioljubuski.ba\/index.php\/wp-json\/wp\/v2\/media?parent=86347"}],"wp:term":[{"taxonomy":"category","embeddable":true,"href":"https:\/\/radioljubuski.ba\/index.php\/wp-json\/wp\/v2\/categories?post=86347"},{"taxonomy":"post_tag","embeddable":true,"href":"https:\/\/radioljubuski.ba\/index.php\/wp-json\/wp\/v2\/tags?post=86347"}],"curies":[{"name":"wp","href":"https:\/\/api.w.org\/{rel}","templated":true}]}}