{"id":86364,"date":"2021-11-07T23:41:46","date_gmt":"2021-11-07T22:41:46","guid":{"rendered":"https:\/\/radioljubuski.ba\/?p=86364"},"modified":"2021-11-07T23:41:47","modified_gmt":"2021-11-07T22:41:47","slug":"gol-vrsaljka-u-remiju-atletica","status":"publish","type":"post","link":"https:\/\/radioljubuski.ba\/index.php\/2021\/11\/07\/gol-vrsaljka-u-remiju-atletica\/","title":{"rendered":"Gol Vrsaljka u remiju Atletica"},"content":{"rendered":"\n<p><strong>Madridski Atletico primio je dva gola u suda\u010dkoj nadoknadi za kona\u010dnih 3-3 u gostima kod Valencije u 13. kolu Primere, a gol je za prvaka postigao \u0160ime Vrsaljko.<\/strong><\/p>\n\n\n\n<p>Vrsaljko je zabio iz velike blizine za 3-1 u 62. minuti, a iako je izgledalo da je postigao gol&nbsp; rukom, nakon intervencije VAR-a pogodak je priznat. Zadranin je zadnji gol za Atletico zabio sredinom prosinca 2020. godine u Kupu Kralja protiv Cardasarra.<\/p>\n\n\n\n<p>Iako se \u010dinilo da \u0107e taj zgoditak biti dovoljan za pobjedu prvaka, napada\u010d Valencije&nbsp;<strong>Hugo Duro&nbsp;<\/strong>zabio je u ludoj zavr\u0161nici u 92. i 97. minuti za kona\u010dnih 3-3.<\/p>\n\n\n\n<p><strong>Luis Suarez<\/strong>&nbsp;(35) i&nbsp;<strong>Griezmann<\/strong>&nbsp;(58) bili su strijelci za Atletico prije Vrsaljka, a prvi gol za Valenciju bio je autogol<strong>&nbsp;Savi\u0107a<\/strong>&nbsp;(50).<\/p>\n\n\n\n<p>Vrsaljko je u\u0161ao u igru u osmoj minuti zbog ozljede<strong>&nbsp;Trippiera<\/strong>.<\/p>\n\n\n\n<p>Ranije je Villareal na svom stadionu svladao &#8220;fenjera\u0161a&#8221; Getafe s 1-0 golom<strong>&nbsp;Trigueirosa&nbsp;<\/strong>iz 10. minute.<\/p>\n\n\n\n<p>Vodi Real (27), Atletico je \u010detvrti s 23 boda, a Valencija je 10. sa 17 bodova.<\/p>\n\n\n\n<p>Ljestvica:<\/p>\n\n\n\n<p>1 Real Madrid 12 8 3 1 28 13 27<\/p>\n\n\n\n<p>2 Real Sociedad 12 7 4 1 17 10 25<\/p>\n\n\n\n<p>3 Sevilla 11 7 3 1 19 7 24<\/p>\n\n\n\n<p>4 Atl\u00e9tico 12 6 5 1 21 13 23<\/p>\n\n\n\n<p>&#8230;&#8230;&#8230;&#8230;&#8230;&#8230;&#8230;&#8230;&#8230;&#8230;&#8230;&#8230;&#8230;&#8230;.<\/p>\n\n\n\n<p>5 Betis 12 6 3 3 19 15 21<\/p>\n\n\n\n<p>&#8230;&#8230;&#8230;&#8230;&#8230;&#8230;&#8230;&#8230;&#8230;&#8230;&#8230;&#8230;&#8230;&#8230;.<\/p>\n\n\n\n<p>6 Vallecano 13 6 2 5 19 14 20<\/p>\n\n\n\n<p>&#8230;&#8230;&#8230;&#8230;&#8230;&#8230;&#8230;&#8230;&#8230;&#8230;&#8230;&#8230;&#8230;&#8230;.<\/p>\n\n\n\n<p>7 Osasuna 12 5 4 3 14 15 19<\/p>\n\n\n\n<p>&#8230;&#8230;&#8230;&#8230;&#8230;&#8230;&#8230;&#8230;&#8230;&#8230;&#8230;&#8230;&#8230;&#8230;.<\/p>\n\n\n\n<p>8 Athletic Club 12 4 6 2 11 8 18<\/p>\n\n\n\n<p>9 Barcelona 12 4 5 3 19 15 17<\/p>\n\n\n\n<p>10 Valencia 13 4 5 4 21 20 17<\/p>\n\n\n\n<p>11 Espanyol 13 4 5 4 14 13 17<\/p>\n\n\n\n<p>12 Villarreal 12 3 6 3 14 12 15<\/p>\n\n\n\n<p>13 Mallorca 12 3 5 4 11 17 14<\/p>\n\n\n\n<p>14 Alav\u00e9s 12 4 1 7 8 15 13<\/p>\n\n\n\n<p>15 Celta Vigo 13 3 3 7 13 17 12<\/p>\n\n\n\n<p>16 C\u00e1diz 13 2 6 5 12 19 12<\/p>\n\n\n\n<p>17 Granada 12 2 5 5 11 16 11<\/p>\n\n\n\n<p>18 Elche 12 2 4 6 9 15 10<\/p>\n\n\n\n<p>&#8230;&#8230;&#8230;&#8230;&#8230;&#8230;&#8230;&#8230;&#8230;&#8230;&#8230;&#8230;&#8230;&#8230;.<\/p>\n\n\n\n<p>19 Levante 13 0 6 7 12 25 6<\/p>\n\n\n\n<p>20 Getafe 13 1 3 9 6 19 6<\/p>\n\n\n\n<p>Izvor:hrt.hr<\/p>\n","protected":false},"excerpt":{"rendered":"<p>Madridski Atletico primio je dva gola u suda\u010dkoj nadoknadi za kona\u010dnih 3-3 u gostima kod Valencije u 13. kolu Primere, a gol je za prvaka postigao \u0160ime Vrsaljko. Vrsaljko je zabio iz velike blizine za 3-1 u 62. minuti, a iako je izgledalo da je postigao gol&nbsp; rukom, nakon intervencije VAR-a pogodak je priznat. Zadranin [&hellip;]<\/p>\n","protected":false},"author":2,"featured_media":86365,"comment_status":"closed","ping_status":"closed","sticky":false,"template":"","format":"standard","meta":{"h5ap_radio_sources":[],"footnotes":""},"categories":[7],"tags":[],"class_list":["post-86364","post","type-post","status-publish","format-standard","has-post-thumbnail","hentry","category-sport"],"yoast_head":"<!-- This site is optimized with the Yoast SEO plugin v27.5 - https:\/\/yoast.com\/product\/yoast-seo-wordpress\/ -->\n<title>Gol Vrsaljka u remiju Atletica - RADIO LJUBU\u0160KI<\/title>\n<meta name=\"robots\" content=\"index, follow, max-snippet:-1, max-image-preview:large, max-video-preview:-1\" \/>\n<link rel=\"canonical\" href=\"https:\/\/radioljubuski.ba\/index.php\/2021\/11\/07\/gol-vrsaljka-u-remiju-atletica\/\" \/>\n<meta property=\"og:locale\" content=\"hr_HR\" \/>\n<meta property=\"og:type\" content=\"article\" \/>\n<meta property=\"og:title\" content=\"Gol Vrsaljka u remiju Atletica - RADIO LJUBU\u0160KI\" \/>\n<meta property=\"og:description\" content=\"Madridski Atletico primio je dva gola u suda\u010dkoj nadoknadi za kona\u010dnih 3-3 u gostima kod Valencije u 13. kolu Primere, a gol je za prvaka postigao \u0160ime Vrsaljko. Vrsaljko je zabio iz velike blizine za 3-1 u 62. minuti, a iako je izgledalo da je postigao gol&nbsp; rukom, nakon intervencije VAR-a pogodak je priznat. Zadranin [&hellip;]\" \/>\n<meta property=\"og:url\" content=\"https:\/\/radioljubuski.ba\/index.php\/2021\/11\/07\/gol-vrsaljka-u-remiju-atletica\/\" \/>\n<meta property=\"og:site_name\" content=\"RADIO LJUBU\u0160KI\" \/>\n<meta property=\"article:publisher\" content=\"https:\/\/www.facebook.com\/Radiio-Ljubuski-1490835324566332\" \/>\n<meta property=\"article:published_time\" content=\"2021-11-07T22:41:46+00:00\" \/>\n<meta property=\"article:modified_time\" content=\"2021-11-07T22:41:47+00:00\" \/>\n<meta property=\"og:image\" content=\"https:\/\/radioljubuski.ba\/wp-content\/uploads\/2021\/11\/f9c1ebff-52eb-42e6-a19f-d830e6c2d429.jpg\" \/>\n\t<meta property=\"og:image:width\" content=\"765\" \/>\n\t<meta property=\"og:image:height\" content=\"421\" \/>\n\t<meta property=\"og:image:type\" content=\"image\/jpeg\" \/>\n<meta name=\"author\" content=\"Radio Ljubu\u0161ki\" \/>\n<meta name=\"twitter:card\" content=\"summary_large_image\" \/>\n<meta name=\"twitter:creator\" content=\"@radioljubuski\" \/>\n<meta name=\"twitter:site\" content=\"@radioljubuski\" \/>\n<meta name=\"twitter:label1\" content=\"Napisao\/la\" \/>\n\t<meta name=\"twitter:data1\" content=\"Radio Ljubu\u0161ki\" \/>\n\t<meta name=\"twitter:label2\" content=\"Procijenjeno vrijeme \u010ditanja\" \/>\n\t<meta name=\"twitter:data2\" content=\"2 minute\" \/>\n<script type=\"application\/ld+json\" class=\"yoast-schema-graph\">{\"@context\":\"https:\\\/\\\/schema.org\",\"@graph\":[{\"@type\":\"Article\",\"@id\":\"https:\\\/\\\/radioljubuski.ba\\\/index.php\\\/2021\\\/11\\\/07\\\/gol-vrsaljka-u-remiju-atletica\\\/#article\",\"isPartOf\":{\"@id\":\"https:\\\/\\\/radioljubuski.ba\\\/index.php\\\/2021\\\/11\\\/07\\\/gol-vrsaljka-u-remiju-atletica\\\/\"},\"author\":{\"name\":\"Radio Ljubu\u0161ki\",\"@id\":\"https:\\\/\\\/radioljubuski.ba\\\/#\\\/schema\\\/person\\\/19fc700381a780f69665d7956c469e3b\"},\"headline\":\"Gol Vrsaljka u remiju Atletica\",\"datePublished\":\"2021-11-07T22:41:46+00:00\",\"dateModified\":\"2021-11-07T22:41:47+00:00\",\"mainEntityOfPage\":{\"@id\":\"https:\\\/\\\/radioljubuski.ba\\\/index.php\\\/2021\\\/11\\\/07\\\/gol-vrsaljka-u-remiju-atletica\\\/\"},\"wordCount\":206,\"publisher\":{\"@id\":\"https:\\\/\\\/radioljubuski.ba\\\/#organization\"},\"image\":{\"@id\":\"https:\\\/\\\/radioljubuski.ba\\\/index.php\\\/2021\\\/11\\\/07\\\/gol-vrsaljka-u-remiju-atletica\\\/#primaryimage\"},\"thumbnailUrl\":\"https:\\\/\\\/radioljubuski.ba\\\/wp-content\\\/uploads\\\/2021\\\/11\\\/f9c1ebff-52eb-42e6-a19f-d830e6c2d429.jpg\",\"articleSection\":[\"\u0160port\"],\"inLanguage\":\"hr\"},{\"@type\":\"WebPage\",\"@id\":\"https:\\\/\\\/radioljubuski.ba\\\/index.php\\\/2021\\\/11\\\/07\\\/gol-vrsaljka-u-remiju-atletica\\\/\",\"url\":\"https:\\\/\\\/radioljubuski.ba\\\/index.php\\\/2021\\\/11\\\/07\\\/gol-vrsaljka-u-remiju-atletica\\\/\",\"name\":\"Gol Vrsaljka u remiju Atletica - RADIO LJUBU\u0160KI\",\"isPartOf\":{\"@id\":\"https:\\\/\\\/radioljubuski.ba\\\/#website\"},\"primaryImageOfPage\":{\"@id\":\"https:\\\/\\\/radioljubuski.ba\\\/index.php\\\/2021\\\/11\\\/07\\\/gol-vrsaljka-u-remiju-atletica\\\/#primaryimage\"},\"image\":{\"@id\":\"https:\\\/\\\/radioljubuski.ba\\\/index.php\\\/2021\\\/11\\\/07\\\/gol-vrsaljka-u-remiju-atletica\\\/#primaryimage\"},\"thumbnailUrl\":\"https:\\\/\\\/radioljubuski.ba\\\/wp-content\\\/uploads\\\/2021\\\/11\\\/f9c1ebff-52eb-42e6-a19f-d830e6c2d429.jpg\",\"datePublished\":\"2021-11-07T22:41:46+00:00\",\"dateModified\":\"2021-11-07T22:41:47+00:00\",\"breadcrumb\":{\"@id\":\"https:\\\/\\\/radioljubuski.ba\\\/index.php\\\/2021\\\/11\\\/07\\\/gol-vrsaljka-u-remiju-atletica\\\/#breadcrumb\"},\"inLanguage\":\"hr\",\"potentialAction\":[{\"@type\":\"ReadAction\",\"target\":[\"https:\\\/\\\/radioljubuski.ba\\\/index.php\\\/2021\\\/11\\\/07\\\/gol-vrsaljka-u-remiju-atletica\\\/\"]}]},{\"@type\":\"ImageObject\",\"inLanguage\":\"hr\",\"@id\":\"https:\\\/\\\/radioljubuski.ba\\\/index.php\\\/2021\\\/11\\\/07\\\/gol-vrsaljka-u-remiju-atletica\\\/#primaryimage\",\"url\":\"https:\\\/\\\/radioljubuski.ba\\\/wp-content\\\/uploads\\\/2021\\\/11\\\/f9c1ebff-52eb-42e6-a19f-d830e6c2d429.jpg\",\"contentUrl\":\"https:\\\/\\\/radioljubuski.ba\\\/wp-content\\\/uploads\\\/2021\\\/11\\\/f9c1ebff-52eb-42e6-a19f-d830e6c2d429.jpg\",\"width\":765,\"height\":421},{\"@type\":\"BreadcrumbList\",\"@id\":\"https:\\\/\\\/radioljubuski.ba\\\/index.php\\\/2021\\\/11\\\/07\\\/gol-vrsaljka-u-remiju-atletica\\\/#breadcrumb\",\"itemListElement\":[{\"@type\":\"ListItem\",\"position\":1,\"name\":\"Po\u010detna stranica\",\"item\":\"https:\\\/\\\/radioljubuski.ba\\\/\"},{\"@type\":\"ListItem\",\"position\":2,\"name\":\"Gol Vrsaljka u remiju Atletica\"}]},{\"@type\":\"WebSite\",\"@id\":\"https:\\\/\\\/radioljubuski.ba\\\/#website\",\"url\":\"https:\\\/\\\/radioljubuski.ba\\\/\",\"name\":\"Radio Ljubu\u0161ki\",\"description\":\"Sun\u010dana frekvencija Hercegovine\",\"publisher\":{\"@id\":\"https:\\\/\\\/radioljubuski.ba\\\/#organization\"},\"potentialAction\":[{\"@type\":\"SearchAction\",\"target\":{\"@type\":\"EntryPoint\",\"urlTemplate\":\"https:\\\/\\\/radioljubuski.ba\\\/?s={search_term_string}\"},\"query-input\":{\"@type\":\"PropertyValueSpecification\",\"valueRequired\":true,\"valueName\":\"search_term_string\"}}],\"inLanguage\":\"hr\"},{\"@type\":\"Organization\",\"@id\":\"https:\\\/\\\/radioljubuski.ba\\\/#organization\",\"name\":\"Radio Ljubu\u0161ki\",\"url\":\"https:\\\/\\\/radioljubuski.ba\\\/\",\"logo\":{\"@type\":\"ImageObject\",\"inLanguage\":\"hr\",\"@id\":\"https:\\\/\\\/radioljubuski.ba\\\/#\\\/schema\\\/logo\\\/image\\\/\",\"url\":\"https:\\\/\\\/radioljubuski.ba\\\/wp-content\\\/uploads\\\/2021\\\/02\\\/cropped-Radio_Ljubuski_logo1.jpg\",\"contentUrl\":\"https:\\\/\\\/radioljubuski.ba\\\/wp-content\\\/uploads\\\/2021\\\/02\\\/cropped-Radio_Ljubuski_logo1.jpg\",\"width\":512,\"height\":512,\"caption\":\"Radio Ljubu\u0161ki\"},\"image\":{\"@id\":\"https:\\\/\\\/radioljubuski.ba\\\/#\\\/schema\\\/logo\\\/image\\\/\"},\"sameAs\":[\"https:\\\/\\\/www.facebook.com\\\/Radiio-Ljubuski-1490835324566332\",\"https:\\\/\\\/x.com\\\/radioljubuski\",\"https:\\\/\\\/hr.linkedin.com\\\/company\\\/radio-ljubuski\",\"https:\\\/\\\/www.youtube.com\\\/channel\\\/UCHYaeO_n0Db3tjNGudGpXyw\"]},{\"@type\":\"Person\",\"@id\":\"https:\\\/\\\/radioljubuski.ba\\\/#\\\/schema\\\/person\\\/19fc700381a780f69665d7956c469e3b\",\"name\":\"Radio Ljubu\u0161ki\"}]}<\/script>\n<!-- \/ Yoast SEO plugin. -->","yoast_head_json":{"title":"Gol Vrsaljka u remiju Atletica - RADIO LJUBU\u0160KI","robots":{"index":"index","follow":"follow","max-snippet":"max-snippet:-1","max-image-preview":"max-image-preview:large","max-video-preview":"max-video-preview:-1"},"canonical":"https:\/\/radioljubuski.ba\/index.php\/2021\/11\/07\/gol-vrsaljka-u-remiju-atletica\/","og_locale":"hr_HR","og_type":"article","og_title":"Gol Vrsaljka u remiju Atletica - RADIO LJUBU\u0160KI","og_description":"Madridski Atletico primio je dva gola u suda\u010dkoj nadoknadi za kona\u010dnih 3-3 u gostima kod Valencije u 13. kolu Primere, a gol je za prvaka postigao \u0160ime Vrsaljko. Vrsaljko je zabio iz velike blizine za 3-1 u 62. minuti, a iako je izgledalo da je postigao gol&nbsp; rukom, nakon intervencije VAR-a pogodak je priznat. Zadranin [&hellip;]","og_url":"https:\/\/radioljubuski.ba\/index.php\/2021\/11\/07\/gol-vrsaljka-u-remiju-atletica\/","og_site_name":"RADIO LJUBU\u0160KI","article_publisher":"https:\/\/www.facebook.com\/Radiio-Ljubuski-1490835324566332","article_published_time":"2021-11-07T22:41:46+00:00","article_modified_time":"2021-11-07T22:41:47+00:00","og_image":[{"width":765,"height":421,"url":"https:\/\/radioljubuski.ba\/wp-content\/uploads\/2021\/11\/f9c1ebff-52eb-42e6-a19f-d830e6c2d429.jpg","type":"image\/jpeg"}],"author":"Radio Ljubu\u0161ki","twitter_card":"summary_large_image","twitter_creator":"@radioljubuski","twitter_site":"@radioljubuski","twitter_misc":{"Napisao\/la":"Radio Ljubu\u0161ki","Procijenjeno vrijeme \u010ditanja":"2 minute"},"schema":{"@context":"https:\/\/schema.org","@graph":[{"@type":"Article","@id":"https:\/\/radioljubuski.ba\/index.php\/2021\/11\/07\/gol-vrsaljka-u-remiju-atletica\/#article","isPartOf":{"@id":"https:\/\/radioljubuski.ba\/index.php\/2021\/11\/07\/gol-vrsaljka-u-remiju-atletica\/"},"author":{"name":"Radio Ljubu\u0161ki","@id":"https:\/\/radioljubuski.ba\/#\/schema\/person\/19fc700381a780f69665d7956c469e3b"},"headline":"Gol Vrsaljka u remiju Atletica","datePublished":"2021-11-07T22:41:46+00:00","dateModified":"2021-11-07T22:41:47+00:00","mainEntityOfPage":{"@id":"https:\/\/radioljubuski.ba\/index.php\/2021\/11\/07\/gol-vrsaljka-u-remiju-atletica\/"},"wordCount":206,"publisher":{"@id":"https:\/\/radioljubuski.ba\/#organization"},"image":{"@id":"https:\/\/radioljubuski.ba\/index.php\/2021\/11\/07\/gol-vrsaljka-u-remiju-atletica\/#primaryimage"},"thumbnailUrl":"https:\/\/radioljubuski.ba\/wp-content\/uploads\/2021\/11\/f9c1ebff-52eb-42e6-a19f-d830e6c2d429.jpg","articleSection":["\u0160port"],"inLanguage":"hr"},{"@type":"WebPage","@id":"https:\/\/radioljubuski.ba\/index.php\/2021\/11\/07\/gol-vrsaljka-u-remiju-atletica\/","url":"https:\/\/radioljubuski.ba\/index.php\/2021\/11\/07\/gol-vrsaljka-u-remiju-atletica\/","name":"Gol Vrsaljka u remiju Atletica - RADIO LJUBU\u0160KI","isPartOf":{"@id":"https:\/\/radioljubuski.ba\/#website"},"primaryImageOfPage":{"@id":"https:\/\/radioljubuski.ba\/index.php\/2021\/11\/07\/gol-vrsaljka-u-remiju-atletica\/#primaryimage"},"image":{"@id":"https:\/\/radioljubuski.ba\/index.php\/2021\/11\/07\/gol-vrsaljka-u-remiju-atletica\/#primaryimage"},"thumbnailUrl":"https:\/\/radioljubuski.ba\/wp-content\/uploads\/2021\/11\/f9c1ebff-52eb-42e6-a19f-d830e6c2d429.jpg","datePublished":"2021-11-07T22:41:46+00:00","dateModified":"2021-11-07T22:41:47+00:00","breadcrumb":{"@id":"https:\/\/radioljubuski.ba\/index.php\/2021\/11\/07\/gol-vrsaljka-u-remiju-atletica\/#breadcrumb"},"inLanguage":"hr","potentialAction":[{"@type":"ReadAction","target":["https:\/\/radioljubuski.ba\/index.php\/2021\/11\/07\/gol-vrsaljka-u-remiju-atletica\/"]}]},{"@type":"ImageObject","inLanguage":"hr","@id":"https:\/\/radioljubuski.ba\/index.php\/2021\/11\/07\/gol-vrsaljka-u-remiju-atletica\/#primaryimage","url":"https:\/\/radioljubuski.ba\/wp-content\/uploads\/2021\/11\/f9c1ebff-52eb-42e6-a19f-d830e6c2d429.jpg","contentUrl":"https:\/\/radioljubuski.ba\/wp-content\/uploads\/2021\/11\/f9c1ebff-52eb-42e6-a19f-d830e6c2d429.jpg","width":765,"height":421},{"@type":"BreadcrumbList","@id":"https:\/\/radioljubuski.ba\/index.php\/2021\/11\/07\/gol-vrsaljka-u-remiju-atletica\/#breadcrumb","itemListElement":[{"@type":"ListItem","position":1,"name":"Po\u010detna stranica","item":"https:\/\/radioljubuski.ba\/"},{"@type":"ListItem","position":2,"name":"Gol Vrsaljka u remiju Atletica"}]},{"@type":"WebSite","@id":"https:\/\/radioljubuski.ba\/#website","url":"https:\/\/radioljubuski.ba\/","name":"Radio Ljubu\u0161ki","description":"Sun\u010dana frekvencija Hercegovine","publisher":{"@id":"https:\/\/radioljubuski.ba\/#organization"},"potentialAction":[{"@type":"SearchAction","target":{"@type":"EntryPoint","urlTemplate":"https:\/\/radioljubuski.ba\/?s={search_term_string}"},"query-input":{"@type":"PropertyValueSpecification","valueRequired":true,"valueName":"search_term_string"}}],"inLanguage":"hr"},{"@type":"Organization","@id":"https:\/\/radioljubuski.ba\/#organization","name":"Radio Ljubu\u0161ki","url":"https:\/\/radioljubuski.ba\/","logo":{"@type":"ImageObject","inLanguage":"hr","@id":"https:\/\/radioljubuski.ba\/#\/schema\/logo\/image\/","url":"https:\/\/radioljubuski.ba\/wp-content\/uploads\/2021\/02\/cropped-Radio_Ljubuski_logo1.jpg","contentUrl":"https:\/\/radioljubuski.ba\/wp-content\/uploads\/2021\/02\/cropped-Radio_Ljubuski_logo1.jpg","width":512,"height":512,"caption":"Radio Ljubu\u0161ki"},"image":{"@id":"https:\/\/radioljubuski.ba\/#\/schema\/logo\/image\/"},"sameAs":["https:\/\/www.facebook.com\/Radiio-Ljubuski-1490835324566332","https:\/\/x.com\/radioljubuski","https:\/\/hr.linkedin.com\/company\/radio-ljubuski","https:\/\/www.youtube.com\/channel\/UCHYaeO_n0Db3tjNGudGpXyw"]},{"@type":"Person","@id":"https:\/\/radioljubuski.ba\/#\/schema\/person\/19fc700381a780f69665d7956c469e3b","name":"Radio Ljubu\u0161ki"}]}},"_links":{"self":[{"href":"https:\/\/radioljubuski.ba\/index.php\/wp-json\/wp\/v2\/posts\/86364","targetHints":{"allow":["GET"]}}],"collection":[{"href":"https:\/\/radioljubuski.ba\/index.php\/wp-json\/wp\/v2\/posts"}],"about":[{"href":"https:\/\/radioljubuski.ba\/index.php\/wp-json\/wp\/v2\/types\/post"}],"author":[{"embeddable":true,"href":"https:\/\/radioljubuski.ba\/index.php\/wp-json\/wp\/v2\/users\/2"}],"replies":[{"embeddable":true,"href":"https:\/\/radioljubuski.ba\/index.php\/wp-json\/wp\/v2\/comments?post=86364"}],"version-history":[{"count":1,"href":"https:\/\/radioljubuski.ba\/index.php\/wp-json\/wp\/v2\/posts\/86364\/revisions"}],"predecessor-version":[{"id":86366,"href":"https:\/\/radioljubuski.ba\/index.php\/wp-json\/wp\/v2\/posts\/86364\/revisions\/86366"}],"wp:featuredmedia":[{"embeddable":true,"href":"https:\/\/radioljubuski.ba\/index.php\/wp-json\/wp\/v2\/media\/86365"}],"wp:attachment":[{"href":"https:\/\/radioljubuski.ba\/index.php\/wp-json\/wp\/v2\/media?parent=86364"}],"wp:term":[{"taxonomy":"category","embeddable":true,"href":"https:\/\/radioljubuski.ba\/index.php\/wp-json\/wp\/v2\/categories?post=86364"},{"taxonomy":"post_tag","embeddable":true,"href":"https:\/\/radioljubuski.ba\/index.php\/wp-json\/wp\/v2\/tags?post=86364"}],"curies":[{"name":"wp","href":"https:\/\/api.w.org\/{rel}","templated":true}]}}