{"id":86380,"date":"2021-11-07T23:48:43","date_gmt":"2021-11-07T22:48:43","guid":{"rendered":"https:\/\/radioljubuski.ba\/?p=86380"},"modified":"2021-11-07T23:48:44","modified_gmt":"2021-11-07T22:48:44","slug":"sevilli-gradski-derbi-rakiticu-83-minute","status":"publish","type":"post","link":"https:\/\/radioljubuski.ba\/index.php\/2021\/11\/07\/sevilli-gradski-derbi-rakiticu-83-minute\/","title":{"rendered":"Sevilli gradski derbi, Rakiti\u0107u 83 minute"},"content":{"rendered":"\n<p><strong>Nogometa\u0161i Seville slavili su u gradskom derbiju na stadionu Betisa s 2-0 i priklju\u010dili se vrhu Primere.<\/strong><\/p>\n\n\n\n<p>Sevilla je zaslu\u017eeno dobila derbi, a klju\u010dni trenutak zbio se u 45. minuti kada je igra\u010d Betisa&nbsp;<strong>Fernandez<\/strong>&nbsp;dobio drugi \u017euti karton. U drugom dijelu su&nbsp;<strong>Acuna<\/strong>&nbsp;(55) i&nbsp;<strong>Bellerin<\/strong>&nbsp;(81-ag) donio veliku pobjedu Sevilli i onima u gradu koji navijaju za &#8220;bijelo-crvene&#8221;.<\/p>\n\n\n\n<p><strong>Ivan Rakiti\u0107<\/strong>&nbsp;je igrao do 83. minute.<\/p>\n\n\n\n<p>Ranije je Real Sociedad zasjeo na vrh pobjedom kod Osasune (0-2), za koju je&nbsp;<strong>Ante Budimir<\/strong>&nbsp;igrao posljednjih sedam minuta.<\/p>\n\n\n\n<p>Baski su prvi s 28 bodova, Real i Sevilla imaju po 27.<\/p>\n\n\n\n<p>Mallorca 2 Salva Sevilla (72pen), Maffeo (90+5)<\/p>\n\n\n\n<p>Elche 2 Boye (68, 75)<\/p>\n\n\n\n<p>Osasuna 0<\/p>\n\n\n\n<p>Real Sociedad 2 Merino (72), Januzaj (82pen)<\/p>\n\n\n\n<p>Betis 0<\/p>\n\n\n\n<p>Sevilla FC 2 Acuna (55), Beller\u00edn (81ag)<\/p>\n\n\n\n<p>1 Real Sociedad 13 8 4 1 19 10 28<\/p>\n\n\n\n<p>2 Real Madrid 12 8 3 1 28 13 27<\/p>\n\n\n\n<p>3 Sevilla 12 8 3 1 21 7 27<\/p>\n\n\n\n<p>4 Atl\u00e9tico 12 6 5 1 21 13 23<\/p>\n\n\n\n<p>&#8230;&#8230;&#8230;&#8230;&#8230;&#8230;&#8230;&#8230;&#8230;&#8230;&#8230;&#8230;&#8230;&#8230;.<\/p>\n\n\n\n<p>5 Betis 13 6 3 4 19 17 21<\/p>\n\n\n\n<p>&#8230;&#8230;&#8230;&#8230;&#8230;&#8230;&#8230;&#8230;&#8230;&#8230;&#8230;&#8230;&#8230;&#8230;.<\/p>\n\n\n\n<p>6 Vallecano 13 6 2 5 19 14 20<\/p>\n\n\n\n<p>&#8230;&#8230;&#8230;&#8230;&#8230;&#8230;&#8230;&#8230;&#8230;&#8230;&#8230;&#8230;&#8230;&#8230;.<\/p>\n\n\n\n<p>7 Osasuna 13 5 4 4 14 17 19<\/p>\n\n\n\n<p>&#8230;&#8230;&#8230;&#8230;&#8230;&#8230;&#8230;&#8230;&#8230;&#8230;&#8230;&#8230;&#8230;&#8230;.<\/p>\n\n\n\n<p>8 Athletic Club 12 4 6 2 11 8 18<\/p>\n\n\n\n<p>9 Barcelona 12 4 5 3 19 15 17<\/p>\n\n\n\n<p>10 Valencia 13 4 5 4 21 20 17<\/p>\n\n\n\n<p>11 Espanyol 13 4 5 4 14 13 17<\/p>\n\n\n\n<p>12 Villarreal 12 3 6 3 14 12 15<\/p>\n\n\n\n<p>13 Mallorca 13 3 6 4 13 19 15<\/p>\n\n\n\n<p>14 Alav\u00e9s 12 4 1 7 8 15 13<\/p>\n\n\n\n<p>15 Celta Vigo 13 3 3 7 13 17 12<\/p>\n\n\n\n<p>16 C\u00e1diz 13 2 6 5 12 19 12<\/p>\n\n\n\n<p>17 Granada 12 2 5 5 11 16 11<\/p>\n\n\n\n<p>18 Elche 13 2 5 6 11 17 11<\/p>\n\n\n\n<p>&#8230;&#8230;&#8230;&#8230;&#8230;&#8230;&#8230;&#8230;&#8230;&#8230;&#8230;&#8230;&#8230;&#8230;.<\/p>\n\n\n\n<p>19 Levante 13 0 6 7 12 25 6<\/p>\n\n\n\n<p>20 Getafe 13 1 3 9 6 19 6<\/p>\n\n\n\n<p>Izvor:hrt.hr<\/p>\n","protected":false},"excerpt":{"rendered":"<p>Nogometa\u0161i Seville slavili su u gradskom derbiju na stadionu Betisa s 2-0 i priklju\u010dili se vrhu Primere. Sevilla je zaslu\u017eeno dobila derbi, a klju\u010dni trenutak zbio se u 45. minuti kada je igra\u010d Betisa&nbsp;Fernandez&nbsp;dobio drugi \u017euti karton. U drugom dijelu su&nbsp;Acuna&nbsp;(55) i&nbsp;Bellerin&nbsp;(81-ag) donio veliku pobjedu Sevilli i onima u gradu koji navijaju za &#8220;bijelo-crvene&#8221;. Ivan [&hellip;]<\/p>\n","protected":false},"author":2,"featured_media":86381,"comment_status":"closed","ping_status":"closed","sticky":false,"template":"","format":"standard","meta":{"h5ap_radio_sources":[],"footnotes":""},"categories":[7],"tags":[],"class_list":["post-86380","post","type-post","status-publish","format-standard","has-post-thumbnail","hentry","category-sport"],"yoast_head":"<!-- This site is optimized with the Yoast SEO plugin v27.5 - https:\/\/yoast.com\/product\/yoast-seo-wordpress\/ -->\n<title>Sevilli gradski derbi, Rakiti\u0107u 83 minute - RADIO LJUBU\u0160KI<\/title>\n<meta name=\"robots\" content=\"index, follow, max-snippet:-1, max-image-preview:large, max-video-preview:-1\" \/>\n<link rel=\"canonical\" href=\"https:\/\/radioljubuski.ba\/index.php\/2021\/11\/07\/sevilli-gradski-derbi-rakiticu-83-minute\/\" \/>\n<meta property=\"og:locale\" content=\"hr_HR\" \/>\n<meta property=\"og:type\" content=\"article\" \/>\n<meta property=\"og:title\" content=\"Sevilli gradski derbi, Rakiti\u0107u 83 minute - RADIO LJUBU\u0160KI\" \/>\n<meta property=\"og:description\" content=\"Nogometa\u0161i Seville slavili su u gradskom derbiju na stadionu Betisa s 2-0 i priklju\u010dili se vrhu Primere. Sevilla je zaslu\u017eeno dobila derbi, a klju\u010dni trenutak zbio se u 45. minuti kada je igra\u010d Betisa&nbsp;Fernandez&nbsp;dobio drugi \u017euti karton. U drugom dijelu su&nbsp;Acuna&nbsp;(55) i&nbsp;Bellerin&nbsp;(81-ag) donio veliku pobjedu Sevilli i onima u gradu koji navijaju za &#8220;bijelo-crvene&#8221;. Ivan [&hellip;]\" \/>\n<meta property=\"og:url\" content=\"https:\/\/radioljubuski.ba\/index.php\/2021\/11\/07\/sevilli-gradski-derbi-rakiticu-83-minute\/\" \/>\n<meta property=\"og:site_name\" content=\"RADIO LJUBU\u0160KI\" \/>\n<meta property=\"article:publisher\" content=\"https:\/\/www.facebook.com\/Radiio-Ljubuski-1490835324566332\" \/>\n<meta property=\"article:published_time\" content=\"2021-11-07T22:48:43+00:00\" \/>\n<meta property=\"article:modified_time\" content=\"2021-11-07T22:48:44+00:00\" \/>\n<meta property=\"og:image\" content=\"https:\/\/radioljubuski.ba\/wp-content\/uploads\/2021\/11\/raketa-sevilla-20211107221659.jpg\" \/>\n\t<meta property=\"og:image:width\" content=\"1600\" \/>\n\t<meta property=\"og:image:height\" content=\"958\" \/>\n\t<meta property=\"og:image:type\" content=\"image\/jpeg\" \/>\n<meta name=\"author\" content=\"Radio Ljubu\u0161ki\" \/>\n<meta name=\"twitter:card\" content=\"summary_large_image\" \/>\n<meta name=\"twitter:creator\" content=\"@radioljubuski\" \/>\n<meta name=\"twitter:site\" content=\"@radioljubuski\" \/>\n<meta name=\"twitter:label1\" content=\"Napisao\/la\" \/>\n\t<meta name=\"twitter:data1\" content=\"Radio Ljubu\u0161ki\" \/>\n\t<meta name=\"twitter:label2\" content=\"Procijenjeno vrijeme \u010ditanja\" \/>\n\t<meta name=\"twitter:data2\" content=\"2 minute\" \/>\n<script type=\"application\/ld+json\" class=\"yoast-schema-graph\">{\"@context\":\"https:\\\/\\\/schema.org\",\"@graph\":[{\"@type\":\"Article\",\"@id\":\"https:\\\/\\\/radioljubuski.ba\\\/index.php\\\/2021\\\/11\\\/07\\\/sevilli-gradski-derbi-rakiticu-83-minute\\\/#article\",\"isPartOf\":{\"@id\":\"https:\\\/\\\/radioljubuski.ba\\\/index.php\\\/2021\\\/11\\\/07\\\/sevilli-gradski-derbi-rakiticu-83-minute\\\/\"},\"author\":{\"name\":\"Radio Ljubu\u0161ki\",\"@id\":\"https:\\\/\\\/radioljubuski.ba\\\/#\\\/schema\\\/person\\\/19fc700381a780f69665d7956c469e3b\"},\"headline\":\"Sevilli gradski derbi, Rakiti\u0107u 83 minute\",\"datePublished\":\"2021-11-07T22:48:43+00:00\",\"dateModified\":\"2021-11-07T22:48:44+00:00\",\"mainEntityOfPage\":{\"@id\":\"https:\\\/\\\/radioljubuski.ba\\\/index.php\\\/2021\\\/11\\\/07\\\/sevilli-gradski-derbi-rakiticu-83-minute\\\/\"},\"wordCount\":163,\"publisher\":{\"@id\":\"https:\\\/\\\/radioljubuski.ba\\\/#organization\"},\"image\":{\"@id\":\"https:\\\/\\\/radioljubuski.ba\\\/index.php\\\/2021\\\/11\\\/07\\\/sevilli-gradski-derbi-rakiticu-83-minute\\\/#primaryimage\"},\"thumbnailUrl\":\"https:\\\/\\\/radioljubuski.ba\\\/wp-content\\\/uploads\\\/2021\\\/11\\\/raketa-sevilla-20211107221659.jpg\",\"articleSection\":[\"\u0160port\"],\"inLanguage\":\"hr\"},{\"@type\":\"WebPage\",\"@id\":\"https:\\\/\\\/radioljubuski.ba\\\/index.php\\\/2021\\\/11\\\/07\\\/sevilli-gradski-derbi-rakiticu-83-minute\\\/\",\"url\":\"https:\\\/\\\/radioljubuski.ba\\\/index.php\\\/2021\\\/11\\\/07\\\/sevilli-gradski-derbi-rakiticu-83-minute\\\/\",\"name\":\"Sevilli gradski derbi, Rakiti\u0107u 83 minute - RADIO LJUBU\u0160KI\",\"isPartOf\":{\"@id\":\"https:\\\/\\\/radioljubuski.ba\\\/#website\"},\"primaryImageOfPage\":{\"@id\":\"https:\\\/\\\/radioljubuski.ba\\\/index.php\\\/2021\\\/11\\\/07\\\/sevilli-gradski-derbi-rakiticu-83-minute\\\/#primaryimage\"},\"image\":{\"@id\":\"https:\\\/\\\/radioljubuski.ba\\\/index.php\\\/2021\\\/11\\\/07\\\/sevilli-gradski-derbi-rakiticu-83-minute\\\/#primaryimage\"},\"thumbnailUrl\":\"https:\\\/\\\/radioljubuski.ba\\\/wp-content\\\/uploads\\\/2021\\\/11\\\/raketa-sevilla-20211107221659.jpg\",\"datePublished\":\"2021-11-07T22:48:43+00:00\",\"dateModified\":\"2021-11-07T22:48:44+00:00\",\"breadcrumb\":{\"@id\":\"https:\\\/\\\/radioljubuski.ba\\\/index.php\\\/2021\\\/11\\\/07\\\/sevilli-gradski-derbi-rakiticu-83-minute\\\/#breadcrumb\"},\"inLanguage\":\"hr\",\"potentialAction\":[{\"@type\":\"ReadAction\",\"target\":[\"https:\\\/\\\/radioljubuski.ba\\\/index.php\\\/2021\\\/11\\\/07\\\/sevilli-gradski-derbi-rakiticu-83-minute\\\/\"]}]},{\"@type\":\"ImageObject\",\"inLanguage\":\"hr\",\"@id\":\"https:\\\/\\\/radioljubuski.ba\\\/index.php\\\/2021\\\/11\\\/07\\\/sevilli-gradski-derbi-rakiticu-83-minute\\\/#primaryimage\",\"url\":\"https:\\\/\\\/radioljubuski.ba\\\/wp-content\\\/uploads\\\/2021\\\/11\\\/raketa-sevilla-20211107221659.jpg\",\"contentUrl\":\"https:\\\/\\\/radioljubuski.ba\\\/wp-content\\\/uploads\\\/2021\\\/11\\\/raketa-sevilla-20211107221659.jpg\",\"width\":1600,\"height\":958,\"caption\":\"(LR) coach Mark van Bommel (VfL Wolfsburg) and Ivan Rakitic (FC Sevilla) football UEFA Champions League, group stage group G, 2nd matchday, VfL Wolfsburg (WOB) - FC Sevilla (SEV) 1: 1, on 09\\\/29\\\/2021 in Wolfsburg \\\/ Germany.\"},{\"@type\":\"BreadcrumbList\",\"@id\":\"https:\\\/\\\/radioljubuski.ba\\\/index.php\\\/2021\\\/11\\\/07\\\/sevilli-gradski-derbi-rakiticu-83-minute\\\/#breadcrumb\",\"itemListElement\":[{\"@type\":\"ListItem\",\"position\":1,\"name\":\"Po\u010detna stranica\",\"item\":\"https:\\\/\\\/radioljubuski.ba\\\/\"},{\"@type\":\"ListItem\",\"position\":2,\"name\":\"Sevilli gradski derbi, Rakiti\u0107u 83 minute\"}]},{\"@type\":\"WebSite\",\"@id\":\"https:\\\/\\\/radioljubuski.ba\\\/#website\",\"url\":\"https:\\\/\\\/radioljubuski.ba\\\/\",\"name\":\"Radio Ljubu\u0161ki\",\"description\":\"Sun\u010dana frekvencija Hercegovine\",\"publisher\":{\"@id\":\"https:\\\/\\\/radioljubuski.ba\\\/#organization\"},\"potentialAction\":[{\"@type\":\"SearchAction\",\"target\":{\"@type\":\"EntryPoint\",\"urlTemplate\":\"https:\\\/\\\/radioljubuski.ba\\\/?s={search_term_string}\"},\"query-input\":{\"@type\":\"PropertyValueSpecification\",\"valueRequired\":true,\"valueName\":\"search_term_string\"}}],\"inLanguage\":\"hr\"},{\"@type\":\"Organization\",\"@id\":\"https:\\\/\\\/radioljubuski.ba\\\/#organization\",\"name\":\"Radio Ljubu\u0161ki\",\"url\":\"https:\\\/\\\/radioljubuski.ba\\\/\",\"logo\":{\"@type\":\"ImageObject\",\"inLanguage\":\"hr\",\"@id\":\"https:\\\/\\\/radioljubuski.ba\\\/#\\\/schema\\\/logo\\\/image\\\/\",\"url\":\"https:\\\/\\\/radioljubuski.ba\\\/wp-content\\\/uploads\\\/2021\\\/02\\\/cropped-Radio_Ljubuski_logo1.jpg\",\"contentUrl\":\"https:\\\/\\\/radioljubuski.ba\\\/wp-content\\\/uploads\\\/2021\\\/02\\\/cropped-Radio_Ljubuski_logo1.jpg\",\"width\":512,\"height\":512,\"caption\":\"Radio Ljubu\u0161ki\"},\"image\":{\"@id\":\"https:\\\/\\\/radioljubuski.ba\\\/#\\\/schema\\\/logo\\\/image\\\/\"},\"sameAs\":[\"https:\\\/\\\/www.facebook.com\\\/Radiio-Ljubuski-1490835324566332\",\"https:\\\/\\\/x.com\\\/radioljubuski\",\"https:\\\/\\\/hr.linkedin.com\\\/company\\\/radio-ljubuski\",\"https:\\\/\\\/www.youtube.com\\\/channel\\\/UCHYaeO_n0Db3tjNGudGpXyw\"]},{\"@type\":\"Person\",\"@id\":\"https:\\\/\\\/radioljubuski.ba\\\/#\\\/schema\\\/person\\\/19fc700381a780f69665d7956c469e3b\",\"name\":\"Radio Ljubu\u0161ki\"}]}<\/script>\n<!-- \/ Yoast SEO plugin. -->","yoast_head_json":{"title":"Sevilli gradski derbi, Rakiti\u0107u 83 minute - RADIO LJUBU\u0160KI","robots":{"index":"index","follow":"follow","max-snippet":"max-snippet:-1","max-image-preview":"max-image-preview:large","max-video-preview":"max-video-preview:-1"},"canonical":"https:\/\/radioljubuski.ba\/index.php\/2021\/11\/07\/sevilli-gradski-derbi-rakiticu-83-minute\/","og_locale":"hr_HR","og_type":"article","og_title":"Sevilli gradski derbi, Rakiti\u0107u 83 minute - RADIO LJUBU\u0160KI","og_description":"Nogometa\u0161i Seville slavili su u gradskom derbiju na stadionu Betisa s 2-0 i priklju\u010dili se vrhu Primere. Sevilla je zaslu\u017eeno dobila derbi, a klju\u010dni trenutak zbio se u 45. minuti kada je igra\u010d Betisa&nbsp;Fernandez&nbsp;dobio drugi \u017euti karton. U drugom dijelu su&nbsp;Acuna&nbsp;(55) i&nbsp;Bellerin&nbsp;(81-ag) donio veliku pobjedu Sevilli i onima u gradu koji navijaju za &#8220;bijelo-crvene&#8221;. Ivan [&hellip;]","og_url":"https:\/\/radioljubuski.ba\/index.php\/2021\/11\/07\/sevilli-gradski-derbi-rakiticu-83-minute\/","og_site_name":"RADIO LJUBU\u0160KI","article_publisher":"https:\/\/www.facebook.com\/Radiio-Ljubuski-1490835324566332","article_published_time":"2021-11-07T22:48:43+00:00","article_modified_time":"2021-11-07T22:48:44+00:00","og_image":[{"width":1600,"height":958,"url":"https:\/\/radioljubuski.ba\/wp-content\/uploads\/2021\/11\/raketa-sevilla-20211107221659.jpg","type":"image\/jpeg"}],"author":"Radio Ljubu\u0161ki","twitter_card":"summary_large_image","twitter_creator":"@radioljubuski","twitter_site":"@radioljubuski","twitter_misc":{"Napisao\/la":"Radio Ljubu\u0161ki","Procijenjeno vrijeme \u010ditanja":"2 minute"},"schema":{"@context":"https:\/\/schema.org","@graph":[{"@type":"Article","@id":"https:\/\/radioljubuski.ba\/index.php\/2021\/11\/07\/sevilli-gradski-derbi-rakiticu-83-minute\/#article","isPartOf":{"@id":"https:\/\/radioljubuski.ba\/index.php\/2021\/11\/07\/sevilli-gradski-derbi-rakiticu-83-minute\/"},"author":{"name":"Radio Ljubu\u0161ki","@id":"https:\/\/radioljubuski.ba\/#\/schema\/person\/19fc700381a780f69665d7956c469e3b"},"headline":"Sevilli gradski derbi, Rakiti\u0107u 83 minute","datePublished":"2021-11-07T22:48:43+00:00","dateModified":"2021-11-07T22:48:44+00:00","mainEntityOfPage":{"@id":"https:\/\/radioljubuski.ba\/index.php\/2021\/11\/07\/sevilli-gradski-derbi-rakiticu-83-minute\/"},"wordCount":163,"publisher":{"@id":"https:\/\/radioljubuski.ba\/#organization"},"image":{"@id":"https:\/\/radioljubuski.ba\/index.php\/2021\/11\/07\/sevilli-gradski-derbi-rakiticu-83-minute\/#primaryimage"},"thumbnailUrl":"https:\/\/radioljubuski.ba\/wp-content\/uploads\/2021\/11\/raketa-sevilla-20211107221659.jpg","articleSection":["\u0160port"],"inLanguage":"hr"},{"@type":"WebPage","@id":"https:\/\/radioljubuski.ba\/index.php\/2021\/11\/07\/sevilli-gradski-derbi-rakiticu-83-minute\/","url":"https:\/\/radioljubuski.ba\/index.php\/2021\/11\/07\/sevilli-gradski-derbi-rakiticu-83-minute\/","name":"Sevilli gradski derbi, Rakiti\u0107u 83 minute - RADIO LJUBU\u0160KI","isPartOf":{"@id":"https:\/\/radioljubuski.ba\/#website"},"primaryImageOfPage":{"@id":"https:\/\/radioljubuski.ba\/index.php\/2021\/11\/07\/sevilli-gradski-derbi-rakiticu-83-minute\/#primaryimage"},"image":{"@id":"https:\/\/radioljubuski.ba\/index.php\/2021\/11\/07\/sevilli-gradski-derbi-rakiticu-83-minute\/#primaryimage"},"thumbnailUrl":"https:\/\/radioljubuski.ba\/wp-content\/uploads\/2021\/11\/raketa-sevilla-20211107221659.jpg","datePublished":"2021-11-07T22:48:43+00:00","dateModified":"2021-11-07T22:48:44+00:00","breadcrumb":{"@id":"https:\/\/radioljubuski.ba\/index.php\/2021\/11\/07\/sevilli-gradski-derbi-rakiticu-83-minute\/#breadcrumb"},"inLanguage":"hr","potentialAction":[{"@type":"ReadAction","target":["https:\/\/radioljubuski.ba\/index.php\/2021\/11\/07\/sevilli-gradski-derbi-rakiticu-83-minute\/"]}]},{"@type":"ImageObject","inLanguage":"hr","@id":"https:\/\/radioljubuski.ba\/index.php\/2021\/11\/07\/sevilli-gradski-derbi-rakiticu-83-minute\/#primaryimage","url":"https:\/\/radioljubuski.ba\/wp-content\/uploads\/2021\/11\/raketa-sevilla-20211107221659.jpg","contentUrl":"https:\/\/radioljubuski.ba\/wp-content\/uploads\/2021\/11\/raketa-sevilla-20211107221659.jpg","width":1600,"height":958,"caption":"(LR) coach Mark van Bommel (VfL Wolfsburg) and Ivan Rakitic (FC Sevilla) football UEFA Champions League, group stage group G, 2nd matchday, VfL Wolfsburg (WOB) - FC Sevilla (SEV) 1: 1, on 09\/29\/2021 in Wolfsburg \/ Germany."},{"@type":"BreadcrumbList","@id":"https:\/\/radioljubuski.ba\/index.php\/2021\/11\/07\/sevilli-gradski-derbi-rakiticu-83-minute\/#breadcrumb","itemListElement":[{"@type":"ListItem","position":1,"name":"Po\u010detna stranica","item":"https:\/\/radioljubuski.ba\/"},{"@type":"ListItem","position":2,"name":"Sevilli gradski derbi, Rakiti\u0107u 83 minute"}]},{"@type":"WebSite","@id":"https:\/\/radioljubuski.ba\/#website","url":"https:\/\/radioljubuski.ba\/","name":"Radio Ljubu\u0161ki","description":"Sun\u010dana frekvencija Hercegovine","publisher":{"@id":"https:\/\/radioljubuski.ba\/#organization"},"potentialAction":[{"@type":"SearchAction","target":{"@type":"EntryPoint","urlTemplate":"https:\/\/radioljubuski.ba\/?s={search_term_string}"},"query-input":{"@type":"PropertyValueSpecification","valueRequired":true,"valueName":"search_term_string"}}],"inLanguage":"hr"},{"@type":"Organization","@id":"https:\/\/radioljubuski.ba\/#organization","name":"Radio Ljubu\u0161ki","url":"https:\/\/radioljubuski.ba\/","logo":{"@type":"ImageObject","inLanguage":"hr","@id":"https:\/\/radioljubuski.ba\/#\/schema\/logo\/image\/","url":"https:\/\/radioljubuski.ba\/wp-content\/uploads\/2021\/02\/cropped-Radio_Ljubuski_logo1.jpg","contentUrl":"https:\/\/radioljubuski.ba\/wp-content\/uploads\/2021\/02\/cropped-Radio_Ljubuski_logo1.jpg","width":512,"height":512,"caption":"Radio Ljubu\u0161ki"},"image":{"@id":"https:\/\/radioljubuski.ba\/#\/schema\/logo\/image\/"},"sameAs":["https:\/\/www.facebook.com\/Radiio-Ljubuski-1490835324566332","https:\/\/x.com\/radioljubuski","https:\/\/hr.linkedin.com\/company\/radio-ljubuski","https:\/\/www.youtube.com\/channel\/UCHYaeO_n0Db3tjNGudGpXyw"]},{"@type":"Person","@id":"https:\/\/radioljubuski.ba\/#\/schema\/person\/19fc700381a780f69665d7956c469e3b","name":"Radio Ljubu\u0161ki"}]}},"_links":{"self":[{"href":"https:\/\/radioljubuski.ba\/index.php\/wp-json\/wp\/v2\/posts\/86380","targetHints":{"allow":["GET"]}}],"collection":[{"href":"https:\/\/radioljubuski.ba\/index.php\/wp-json\/wp\/v2\/posts"}],"about":[{"href":"https:\/\/radioljubuski.ba\/index.php\/wp-json\/wp\/v2\/types\/post"}],"author":[{"embeddable":true,"href":"https:\/\/radioljubuski.ba\/index.php\/wp-json\/wp\/v2\/users\/2"}],"replies":[{"embeddable":true,"href":"https:\/\/radioljubuski.ba\/index.php\/wp-json\/wp\/v2\/comments?post=86380"}],"version-history":[{"count":1,"href":"https:\/\/radioljubuski.ba\/index.php\/wp-json\/wp\/v2\/posts\/86380\/revisions"}],"predecessor-version":[{"id":86382,"href":"https:\/\/radioljubuski.ba\/index.php\/wp-json\/wp\/v2\/posts\/86380\/revisions\/86382"}],"wp:featuredmedia":[{"embeddable":true,"href":"https:\/\/radioljubuski.ba\/index.php\/wp-json\/wp\/v2\/media\/86381"}],"wp:attachment":[{"href":"https:\/\/radioljubuski.ba\/index.php\/wp-json\/wp\/v2\/media?parent=86380"}],"wp:term":[{"taxonomy":"category","embeddable":true,"href":"https:\/\/radioljubuski.ba\/index.php\/wp-json\/wp\/v2\/categories?post=86380"},{"taxonomy":"post_tag","embeddable":true,"href":"https:\/\/radioljubuski.ba\/index.php\/wp-json\/wp\/v2\/tags?post=86380"}],"curies":[{"name":"wp","href":"https:\/\/api.w.org\/{rel}","templated":true}]}}