{"id":86386,"date":"2021-11-07T23:51:29","date_gmt":"2021-11-07T22:51:29","guid":{"rendered":"https:\/\/radioljubuski.ba\/?p=86386"},"modified":"2021-11-07T23:51:30","modified_gmt":"2021-11-07T22:51:30","slug":"zavrseno-30-ekipno-visebojsko-i-pojedinacno-ph","status":"publish","type":"post","link":"https:\/\/radioljubuski.ba\/index.php\/2021\/11\/07\/zavrseno-30-ekipno-visebojsko-i-pojedinacno-ph\/","title":{"rendered":"Zavr\u0161eno 30. ekipno, vi\u0161ebojsko i pojedina\u010dno PH"},"content":{"rendered":"\n<p><strong>Velikim finalom seniorki i juniorki u Vrsaru je zavr\u0161eno 30. ekipno, vi\u0161ebojsko i pojedina\u010dno Prvenstvo Hrvatske u A programu ritmi\u010dke gimnastike kojemu je doma\u0107in bila KREG Galatea.<\/strong><\/p>\n\n\n\n<p><strong>Tamara Arti\u0107<\/strong>&nbsp;seniorska je prvakinja Hrvatske u vi\u0161eboju (70.550), a svojoj GK Vindiji u Vara\u017edin nosi i dva pojedina\u010dna zlata, ono u vje\u017ebi s obru\u010dem (19.250) i loptom (18.900), srebro s \u010dunjevima i broncu s trakom. Dvije pojedina\u010dne pobjede ima i srebrna vi\u0161ebojka (70.000)<strong>&nbsp;Lana Sambol<\/strong>&nbsp;iz zagreba\u010dke GK Aure koja je pozlatila \u010dunjeve (20.050) i traku (15.700) te bila druga sa obru\u010dem i loptom. Njezina klupska kolegica<strong>&nbsp;Barbara \u0160elendi\u0107<\/strong>&nbsp;ukupno je bron\u010dana (60.760), a bila je i srebrna s trakom te bron\u010dana s obru\u010dem, loptom i \u010dunjevima. Sambol i \u0160elendi\u0107 Auri su donijeli i naslov ekipnih prvakinja Hrvatske, KRG Leda osvojila je srebro, a KR\u0160G Rondo ima bron\u010dani seniorski tim.<\/p>\n\n\n\n<p><strong>Iva Janji\u0107&nbsp;<\/strong>iz osje\u010dkog Ronda vi\u0161ebojska je prvakinja u juniorskoj konkurenciji (58.300) gdje je pojedina\u010dno bila zlatna s obru\u010dem (16.100) i loptom (17.300) te bron\u010dana s trakom. Viceprvakinja Hrvatske je&nbsp;<strong>Bianca Ema Gaj\u0161ak<\/strong>&nbsp;iz GK Maksimira (57.750) koja je slavila s \u010dunjevima (15.100) i trakom (13.050) te bila bron\u010dana s obru\u010dem, dok je vi\u0161ebojsku broncu kod juniorki sa 54.150 osvojila<strong>&nbsp;Petra Belevi\u0107<\/strong>&nbsp;(KRSG Pore\u010d), ujedno srebrna s loptom i trakom, a bron\u010dana s \u010dunjevima. Doma\u0107a djevojka&nbsp;<strong>Pia Kova\u010di\u0107<\/strong>&nbsp;(KREG Galatea) imala je najbolju vje\u017ebu s vija\u010dom (12.450), Lara Domislovi\u0107 (GK Vindija) je s ovim rekvizitom bila druga ba\u0161 kao i s \u010dunjevima, dok je do dvije pojedina\u010dne medalje uspjela do\u0107i i Aurina juniorka<strong>&nbsp;Lua Cizel<\/strong>, srebrna s obru\u010dem i bron\u010dana s loptom.<\/p>\n\n\n\n<p>GK Maksimir osvojio je ekipni juniorski naslov ispred srebrnog KRSG Pore\u010da i bron\u010dane Aure.<\/p>\n\n\n\n<p>Izvor:hrt.hr<\/p>\n","protected":false},"excerpt":{"rendered":"<p>Velikim finalom seniorki i juniorki u Vrsaru je zavr\u0161eno 30. ekipno, vi\u0161ebojsko i pojedina\u010dno Prvenstvo Hrvatske u A programu ritmi\u010dke gimnastike kojemu je doma\u0107in bila KREG Galatea. Tamara Arti\u0107&nbsp;seniorska je prvakinja Hrvatske u vi\u0161eboju (70.550), a svojoj GK Vindiji u Vara\u017edin nosi i dva pojedina\u010dna zlata, ono u vje\u017ebi s obru\u010dem (19.250) i loptom (18.900), [&hellip;]<\/p>\n","protected":false},"author":2,"featured_media":86387,"comment_status":"closed","ping_status":"closed","sticky":false,"template":"","format":"standard","meta":{"h5ap_radio_sources":[],"footnotes":""},"categories":[7],"tags":[],"class_list":["post-86386","post","type-post","status-publish","format-standard","has-post-thumbnail","hentry","category-sport"],"yoast_head":"<!-- This site is optimized with the Yoast SEO plugin v27.5 - https:\/\/yoast.com\/product\/yoast-seo-wordpress\/ -->\n<title>Zavr\u0161eno 30. ekipno, vi\u0161ebojsko i pojedina\u010dno PH - RADIO LJUBU\u0160KI<\/title>\n<meta name=\"robots\" content=\"index, follow, max-snippet:-1, max-image-preview:large, max-video-preview:-1\" \/>\n<link rel=\"canonical\" href=\"https:\/\/radioljubuski.ba\/index.php\/2021\/11\/07\/zavrseno-30-ekipno-visebojsko-i-pojedinacno-ph\/\" \/>\n<meta property=\"og:locale\" content=\"hr_HR\" \/>\n<meta property=\"og:type\" content=\"article\" \/>\n<meta property=\"og:title\" content=\"Zavr\u0161eno 30. ekipno, vi\u0161ebojsko i pojedina\u010dno PH - RADIO LJUBU\u0160KI\" \/>\n<meta property=\"og:description\" content=\"Velikim finalom seniorki i juniorki u Vrsaru je zavr\u0161eno 30. ekipno, vi\u0161ebojsko i pojedina\u010dno Prvenstvo Hrvatske u A programu ritmi\u010dke gimnastike kojemu je doma\u0107in bila KREG Galatea. Tamara Arti\u0107&nbsp;seniorska je prvakinja Hrvatske u vi\u0161eboju (70.550), a svojoj GK Vindiji u Vara\u017edin nosi i dva pojedina\u010dna zlata, ono u vje\u017ebi s obru\u010dem (19.250) i loptom (18.900), [&hellip;]\" \/>\n<meta property=\"og:url\" content=\"https:\/\/radioljubuski.ba\/index.php\/2021\/11\/07\/zavrseno-30-ekipno-visebojsko-i-pojedinacno-ph\/\" \/>\n<meta property=\"og:site_name\" content=\"RADIO LJUBU\u0160KI\" \/>\n<meta property=\"article:publisher\" content=\"https:\/\/www.facebook.com\/Radiio-Ljubuski-1490835324566332\" \/>\n<meta property=\"article:published_time\" content=\"2021-11-07T22:51:29+00:00\" \/>\n<meta property=\"article:modified_time\" content=\"2021-11-07T22:51:30+00:00\" \/>\n<meta property=\"og:image\" content=\"https:\/\/radioljubuski.ba\/wp-content\/uploads\/2021\/11\/visebojsko-postolje-seniorki-20211107211156.jpg\" \/>\n\t<meta property=\"og:image:width\" content=\"1535\" \/>\n\t<meta property=\"og:image:height\" content=\"1170\" \/>\n\t<meta property=\"og:image:type\" content=\"image\/jpeg\" \/>\n<meta name=\"author\" content=\"Radio Ljubu\u0161ki\" \/>\n<meta name=\"twitter:card\" content=\"summary_large_image\" \/>\n<meta name=\"twitter:creator\" content=\"@radioljubuski\" \/>\n<meta name=\"twitter:site\" content=\"@radioljubuski\" \/>\n<meta name=\"twitter:label1\" content=\"Napisao\/la\" \/>\n\t<meta name=\"twitter:data1\" content=\"Radio Ljubu\u0161ki\" \/>\n\t<meta name=\"twitter:label2\" content=\"Procijenjeno vrijeme \u010ditanja\" \/>\n\t<meta name=\"twitter:data2\" content=\"2 minute\" \/>\n<script type=\"application\/ld+json\" class=\"yoast-schema-graph\">{\"@context\":\"https:\\\/\\\/schema.org\",\"@graph\":[{\"@type\":\"Article\",\"@id\":\"https:\\\/\\\/radioljubuski.ba\\\/index.php\\\/2021\\\/11\\\/07\\\/zavrseno-30-ekipno-visebojsko-i-pojedinacno-ph\\\/#article\",\"isPartOf\":{\"@id\":\"https:\\\/\\\/radioljubuski.ba\\\/index.php\\\/2021\\\/11\\\/07\\\/zavrseno-30-ekipno-visebojsko-i-pojedinacno-ph\\\/\"},\"author\":{\"name\":\"Radio Ljubu\u0161ki\",\"@id\":\"https:\\\/\\\/radioljubuski.ba\\\/#\\\/schema\\\/person\\\/19fc700381a780f69665d7956c469e3b\"},\"headline\":\"Zavr\u0161eno 30. ekipno, vi\u0161ebojsko i pojedina\u010dno PH\",\"datePublished\":\"2021-11-07T22:51:29+00:00\",\"dateModified\":\"2021-11-07T22:51:30+00:00\",\"mainEntityOfPage\":{\"@id\":\"https:\\\/\\\/radioljubuski.ba\\\/index.php\\\/2021\\\/11\\\/07\\\/zavrseno-30-ekipno-visebojsko-i-pojedinacno-ph\\\/\"},\"wordCount\":322,\"publisher\":{\"@id\":\"https:\\\/\\\/radioljubuski.ba\\\/#organization\"},\"image\":{\"@id\":\"https:\\\/\\\/radioljubuski.ba\\\/index.php\\\/2021\\\/11\\\/07\\\/zavrseno-30-ekipno-visebojsko-i-pojedinacno-ph\\\/#primaryimage\"},\"thumbnailUrl\":\"https:\\\/\\\/radioljubuski.ba\\\/wp-content\\\/uploads\\\/2021\\\/11\\\/visebojsko-postolje-seniorki-20211107211156.jpg\",\"articleSection\":[\"\u0160port\"],\"inLanguage\":\"hr\"},{\"@type\":\"WebPage\",\"@id\":\"https:\\\/\\\/radioljubuski.ba\\\/index.php\\\/2021\\\/11\\\/07\\\/zavrseno-30-ekipno-visebojsko-i-pojedinacno-ph\\\/\",\"url\":\"https:\\\/\\\/radioljubuski.ba\\\/index.php\\\/2021\\\/11\\\/07\\\/zavrseno-30-ekipno-visebojsko-i-pojedinacno-ph\\\/\",\"name\":\"Zavr\u0161eno 30. ekipno, vi\u0161ebojsko i pojedina\u010dno PH - RADIO LJUBU\u0160KI\",\"isPartOf\":{\"@id\":\"https:\\\/\\\/radioljubuski.ba\\\/#website\"},\"primaryImageOfPage\":{\"@id\":\"https:\\\/\\\/radioljubuski.ba\\\/index.php\\\/2021\\\/11\\\/07\\\/zavrseno-30-ekipno-visebojsko-i-pojedinacno-ph\\\/#primaryimage\"},\"image\":{\"@id\":\"https:\\\/\\\/radioljubuski.ba\\\/index.php\\\/2021\\\/11\\\/07\\\/zavrseno-30-ekipno-visebojsko-i-pojedinacno-ph\\\/#primaryimage\"},\"thumbnailUrl\":\"https:\\\/\\\/radioljubuski.ba\\\/wp-content\\\/uploads\\\/2021\\\/11\\\/visebojsko-postolje-seniorki-20211107211156.jpg\",\"datePublished\":\"2021-11-07T22:51:29+00:00\",\"dateModified\":\"2021-11-07T22:51:30+00:00\",\"breadcrumb\":{\"@id\":\"https:\\\/\\\/radioljubuski.ba\\\/index.php\\\/2021\\\/11\\\/07\\\/zavrseno-30-ekipno-visebojsko-i-pojedinacno-ph\\\/#breadcrumb\"},\"inLanguage\":\"hr\",\"potentialAction\":[{\"@type\":\"ReadAction\",\"target\":[\"https:\\\/\\\/radioljubuski.ba\\\/index.php\\\/2021\\\/11\\\/07\\\/zavrseno-30-ekipno-visebojsko-i-pojedinacno-ph\\\/\"]}]},{\"@type\":\"ImageObject\",\"inLanguage\":\"hr\",\"@id\":\"https:\\\/\\\/radioljubuski.ba\\\/index.php\\\/2021\\\/11\\\/07\\\/zavrseno-30-ekipno-visebojsko-i-pojedinacno-ph\\\/#primaryimage\",\"url\":\"https:\\\/\\\/radioljubuski.ba\\\/wp-content\\\/uploads\\\/2021\\\/11\\\/visebojsko-postolje-seniorki-20211107211156.jpg\",\"contentUrl\":\"https:\\\/\\\/radioljubuski.ba\\\/wp-content\\\/uploads\\\/2021\\\/11\\\/visebojsko-postolje-seniorki-20211107211156.jpg\",\"width\":1535,\"height\":1170},{\"@type\":\"BreadcrumbList\",\"@id\":\"https:\\\/\\\/radioljubuski.ba\\\/index.php\\\/2021\\\/11\\\/07\\\/zavrseno-30-ekipno-visebojsko-i-pojedinacno-ph\\\/#breadcrumb\",\"itemListElement\":[{\"@type\":\"ListItem\",\"position\":1,\"name\":\"Po\u010detna stranica\",\"item\":\"https:\\\/\\\/radioljubuski.ba\\\/\"},{\"@type\":\"ListItem\",\"position\":2,\"name\":\"Zavr\u0161eno 30. ekipno, vi\u0161ebojsko i pojedina\u010dno PH\"}]},{\"@type\":\"WebSite\",\"@id\":\"https:\\\/\\\/radioljubuski.ba\\\/#website\",\"url\":\"https:\\\/\\\/radioljubuski.ba\\\/\",\"name\":\"Radio Ljubu\u0161ki\",\"description\":\"Sun\u010dana frekvencija Hercegovine\",\"publisher\":{\"@id\":\"https:\\\/\\\/radioljubuski.ba\\\/#organization\"},\"potentialAction\":[{\"@type\":\"SearchAction\",\"target\":{\"@type\":\"EntryPoint\",\"urlTemplate\":\"https:\\\/\\\/radioljubuski.ba\\\/?s={search_term_string}\"},\"query-input\":{\"@type\":\"PropertyValueSpecification\",\"valueRequired\":true,\"valueName\":\"search_term_string\"}}],\"inLanguage\":\"hr\"},{\"@type\":\"Organization\",\"@id\":\"https:\\\/\\\/radioljubuski.ba\\\/#organization\",\"name\":\"Radio Ljubu\u0161ki\",\"url\":\"https:\\\/\\\/radioljubuski.ba\\\/\",\"logo\":{\"@type\":\"ImageObject\",\"inLanguage\":\"hr\",\"@id\":\"https:\\\/\\\/radioljubuski.ba\\\/#\\\/schema\\\/logo\\\/image\\\/\",\"url\":\"https:\\\/\\\/radioljubuski.ba\\\/wp-content\\\/uploads\\\/2021\\\/02\\\/cropped-Radio_Ljubuski_logo1.jpg\",\"contentUrl\":\"https:\\\/\\\/radioljubuski.ba\\\/wp-content\\\/uploads\\\/2021\\\/02\\\/cropped-Radio_Ljubuski_logo1.jpg\",\"width\":512,\"height\":512,\"caption\":\"Radio Ljubu\u0161ki\"},\"image\":{\"@id\":\"https:\\\/\\\/radioljubuski.ba\\\/#\\\/schema\\\/logo\\\/image\\\/\"},\"sameAs\":[\"https:\\\/\\\/www.facebook.com\\\/Radiio-Ljubuski-1490835324566332\",\"https:\\\/\\\/x.com\\\/radioljubuski\",\"https:\\\/\\\/hr.linkedin.com\\\/company\\\/radio-ljubuski\",\"https:\\\/\\\/www.youtube.com\\\/channel\\\/UCHYaeO_n0Db3tjNGudGpXyw\"]},{\"@type\":\"Person\",\"@id\":\"https:\\\/\\\/radioljubuski.ba\\\/#\\\/schema\\\/person\\\/19fc700381a780f69665d7956c469e3b\",\"name\":\"Radio Ljubu\u0161ki\"}]}<\/script>\n<!-- \/ Yoast SEO plugin. -->","yoast_head_json":{"title":"Zavr\u0161eno 30. ekipno, vi\u0161ebojsko i pojedina\u010dno PH - RADIO LJUBU\u0160KI","robots":{"index":"index","follow":"follow","max-snippet":"max-snippet:-1","max-image-preview":"max-image-preview:large","max-video-preview":"max-video-preview:-1"},"canonical":"https:\/\/radioljubuski.ba\/index.php\/2021\/11\/07\/zavrseno-30-ekipno-visebojsko-i-pojedinacno-ph\/","og_locale":"hr_HR","og_type":"article","og_title":"Zavr\u0161eno 30. ekipno, vi\u0161ebojsko i pojedina\u010dno PH - RADIO LJUBU\u0160KI","og_description":"Velikim finalom seniorki i juniorki u Vrsaru je zavr\u0161eno 30. ekipno, vi\u0161ebojsko i pojedina\u010dno Prvenstvo Hrvatske u A programu ritmi\u010dke gimnastike kojemu je doma\u0107in bila KREG Galatea. Tamara Arti\u0107&nbsp;seniorska je prvakinja Hrvatske u vi\u0161eboju (70.550), a svojoj GK Vindiji u Vara\u017edin nosi i dva pojedina\u010dna zlata, ono u vje\u017ebi s obru\u010dem (19.250) i loptom (18.900), [&hellip;]","og_url":"https:\/\/radioljubuski.ba\/index.php\/2021\/11\/07\/zavrseno-30-ekipno-visebojsko-i-pojedinacno-ph\/","og_site_name":"RADIO LJUBU\u0160KI","article_publisher":"https:\/\/www.facebook.com\/Radiio-Ljubuski-1490835324566332","article_published_time":"2021-11-07T22:51:29+00:00","article_modified_time":"2021-11-07T22:51:30+00:00","og_image":[{"width":1535,"height":1170,"url":"https:\/\/radioljubuski.ba\/wp-content\/uploads\/2021\/11\/visebojsko-postolje-seniorki-20211107211156.jpg","type":"image\/jpeg"}],"author":"Radio Ljubu\u0161ki","twitter_card":"summary_large_image","twitter_creator":"@radioljubuski","twitter_site":"@radioljubuski","twitter_misc":{"Napisao\/la":"Radio Ljubu\u0161ki","Procijenjeno vrijeme \u010ditanja":"2 minute"},"schema":{"@context":"https:\/\/schema.org","@graph":[{"@type":"Article","@id":"https:\/\/radioljubuski.ba\/index.php\/2021\/11\/07\/zavrseno-30-ekipno-visebojsko-i-pojedinacno-ph\/#article","isPartOf":{"@id":"https:\/\/radioljubuski.ba\/index.php\/2021\/11\/07\/zavrseno-30-ekipno-visebojsko-i-pojedinacno-ph\/"},"author":{"name":"Radio Ljubu\u0161ki","@id":"https:\/\/radioljubuski.ba\/#\/schema\/person\/19fc700381a780f69665d7956c469e3b"},"headline":"Zavr\u0161eno 30. ekipno, vi\u0161ebojsko i pojedina\u010dno PH","datePublished":"2021-11-07T22:51:29+00:00","dateModified":"2021-11-07T22:51:30+00:00","mainEntityOfPage":{"@id":"https:\/\/radioljubuski.ba\/index.php\/2021\/11\/07\/zavrseno-30-ekipno-visebojsko-i-pojedinacno-ph\/"},"wordCount":322,"publisher":{"@id":"https:\/\/radioljubuski.ba\/#organization"},"image":{"@id":"https:\/\/radioljubuski.ba\/index.php\/2021\/11\/07\/zavrseno-30-ekipno-visebojsko-i-pojedinacno-ph\/#primaryimage"},"thumbnailUrl":"https:\/\/radioljubuski.ba\/wp-content\/uploads\/2021\/11\/visebojsko-postolje-seniorki-20211107211156.jpg","articleSection":["\u0160port"],"inLanguage":"hr"},{"@type":"WebPage","@id":"https:\/\/radioljubuski.ba\/index.php\/2021\/11\/07\/zavrseno-30-ekipno-visebojsko-i-pojedinacno-ph\/","url":"https:\/\/radioljubuski.ba\/index.php\/2021\/11\/07\/zavrseno-30-ekipno-visebojsko-i-pojedinacno-ph\/","name":"Zavr\u0161eno 30. ekipno, vi\u0161ebojsko i pojedina\u010dno PH - RADIO LJUBU\u0160KI","isPartOf":{"@id":"https:\/\/radioljubuski.ba\/#website"},"primaryImageOfPage":{"@id":"https:\/\/radioljubuski.ba\/index.php\/2021\/11\/07\/zavrseno-30-ekipno-visebojsko-i-pojedinacno-ph\/#primaryimage"},"image":{"@id":"https:\/\/radioljubuski.ba\/index.php\/2021\/11\/07\/zavrseno-30-ekipno-visebojsko-i-pojedinacno-ph\/#primaryimage"},"thumbnailUrl":"https:\/\/radioljubuski.ba\/wp-content\/uploads\/2021\/11\/visebojsko-postolje-seniorki-20211107211156.jpg","datePublished":"2021-11-07T22:51:29+00:00","dateModified":"2021-11-07T22:51:30+00:00","breadcrumb":{"@id":"https:\/\/radioljubuski.ba\/index.php\/2021\/11\/07\/zavrseno-30-ekipno-visebojsko-i-pojedinacno-ph\/#breadcrumb"},"inLanguage":"hr","potentialAction":[{"@type":"ReadAction","target":["https:\/\/radioljubuski.ba\/index.php\/2021\/11\/07\/zavrseno-30-ekipno-visebojsko-i-pojedinacno-ph\/"]}]},{"@type":"ImageObject","inLanguage":"hr","@id":"https:\/\/radioljubuski.ba\/index.php\/2021\/11\/07\/zavrseno-30-ekipno-visebojsko-i-pojedinacno-ph\/#primaryimage","url":"https:\/\/radioljubuski.ba\/wp-content\/uploads\/2021\/11\/visebojsko-postolje-seniorki-20211107211156.jpg","contentUrl":"https:\/\/radioljubuski.ba\/wp-content\/uploads\/2021\/11\/visebojsko-postolje-seniorki-20211107211156.jpg","width":1535,"height":1170},{"@type":"BreadcrumbList","@id":"https:\/\/radioljubuski.ba\/index.php\/2021\/11\/07\/zavrseno-30-ekipno-visebojsko-i-pojedinacno-ph\/#breadcrumb","itemListElement":[{"@type":"ListItem","position":1,"name":"Po\u010detna stranica","item":"https:\/\/radioljubuski.ba\/"},{"@type":"ListItem","position":2,"name":"Zavr\u0161eno 30. ekipno, vi\u0161ebojsko i pojedina\u010dno PH"}]},{"@type":"WebSite","@id":"https:\/\/radioljubuski.ba\/#website","url":"https:\/\/radioljubuski.ba\/","name":"Radio Ljubu\u0161ki","description":"Sun\u010dana frekvencija Hercegovine","publisher":{"@id":"https:\/\/radioljubuski.ba\/#organization"},"potentialAction":[{"@type":"SearchAction","target":{"@type":"EntryPoint","urlTemplate":"https:\/\/radioljubuski.ba\/?s={search_term_string}"},"query-input":{"@type":"PropertyValueSpecification","valueRequired":true,"valueName":"search_term_string"}}],"inLanguage":"hr"},{"@type":"Organization","@id":"https:\/\/radioljubuski.ba\/#organization","name":"Radio Ljubu\u0161ki","url":"https:\/\/radioljubuski.ba\/","logo":{"@type":"ImageObject","inLanguage":"hr","@id":"https:\/\/radioljubuski.ba\/#\/schema\/logo\/image\/","url":"https:\/\/radioljubuski.ba\/wp-content\/uploads\/2021\/02\/cropped-Radio_Ljubuski_logo1.jpg","contentUrl":"https:\/\/radioljubuski.ba\/wp-content\/uploads\/2021\/02\/cropped-Radio_Ljubuski_logo1.jpg","width":512,"height":512,"caption":"Radio Ljubu\u0161ki"},"image":{"@id":"https:\/\/radioljubuski.ba\/#\/schema\/logo\/image\/"},"sameAs":["https:\/\/www.facebook.com\/Radiio-Ljubuski-1490835324566332","https:\/\/x.com\/radioljubuski","https:\/\/hr.linkedin.com\/company\/radio-ljubuski","https:\/\/www.youtube.com\/channel\/UCHYaeO_n0Db3tjNGudGpXyw"]},{"@type":"Person","@id":"https:\/\/radioljubuski.ba\/#\/schema\/person\/19fc700381a780f69665d7956c469e3b","name":"Radio Ljubu\u0161ki"}]}},"_links":{"self":[{"href":"https:\/\/radioljubuski.ba\/index.php\/wp-json\/wp\/v2\/posts\/86386","targetHints":{"allow":["GET"]}}],"collection":[{"href":"https:\/\/radioljubuski.ba\/index.php\/wp-json\/wp\/v2\/posts"}],"about":[{"href":"https:\/\/radioljubuski.ba\/index.php\/wp-json\/wp\/v2\/types\/post"}],"author":[{"embeddable":true,"href":"https:\/\/radioljubuski.ba\/index.php\/wp-json\/wp\/v2\/users\/2"}],"replies":[{"embeddable":true,"href":"https:\/\/radioljubuski.ba\/index.php\/wp-json\/wp\/v2\/comments?post=86386"}],"version-history":[{"count":1,"href":"https:\/\/radioljubuski.ba\/index.php\/wp-json\/wp\/v2\/posts\/86386\/revisions"}],"predecessor-version":[{"id":86388,"href":"https:\/\/radioljubuski.ba\/index.php\/wp-json\/wp\/v2\/posts\/86386\/revisions\/86388"}],"wp:featuredmedia":[{"embeddable":true,"href":"https:\/\/radioljubuski.ba\/index.php\/wp-json\/wp\/v2\/media\/86387"}],"wp:attachment":[{"href":"https:\/\/radioljubuski.ba\/index.php\/wp-json\/wp\/v2\/media?parent=86386"}],"wp:term":[{"taxonomy":"category","embeddable":true,"href":"https:\/\/radioljubuski.ba\/index.php\/wp-json\/wp\/v2\/categories?post=86386"},{"taxonomy":"post_tag","embeddable":true,"href":"https:\/\/radioljubuski.ba\/index.php\/wp-json\/wp\/v2\/tags?post=86386"}],"curies":[{"name":"wp","href":"https:\/\/api.w.org\/{rel}","templated":true}]}}