{"id":86410,"date":"2021-11-08T00:06:15","date_gmt":"2021-11-07T23:06:15","guid":{"rendered":"https:\/\/radioljubuski.ba\/?p=86410"},"modified":"2021-11-08T00:06:17","modified_gmt":"2021-11-07T23:06:17","slug":"romic-nasi-ljudi-se-ponasaju-po-ustaljenoj-matrici-nece-valjda-mene","status":"publish","type":"post","link":"https:\/\/radioljubuski.ba\/index.php\/2021\/11\/08\/romic-nasi-ljudi-se-ponasaju-po-ustaljenoj-matrici-nece-valjda-mene\/","title":{"rendered":"Romi\u0107: Na\u0161i ljudi se pona\u0161aju po ustaljenoj matrici &#8220;ne\u0107e valjda mene&#8221;"},"content":{"rendered":"\n<p>BiH je u samom svjetskom vrhu po broju preminulih od posljedica COVID-19.<\/p>\n\n\n\n<p>Prema mi\u0161ljenu psihologa, prevelika opu\u0161tenost ljudi, mo\u017ee se donekle pripisati i tome da je ve\u0107ina umorna od pandemije koja traje skoro dvije godine, raznih mjera, ograni\u010denja&#8230;<\/p>\n\n\n\n<p>No, isti\u010du kako bi nas prevelika sloboda u na\u010dinu \u017eivota u ovom trenutku mogla skupo ko\u0161tati jer se nisu stekli uvjeti za takvo ne\u0161to, prije svega \u0161to BiH u ovom trenutku ima vrlo mali broj potpuno cijepljenih, ne\u0161to oko 25 posto, ali i zato \u0161to ulazimo u zimu kada se, kako to isti\u010du stru\u010dnjaci, o\u010dekuje pogor\u0161anje epidemiolo\u0161ke situacije.<\/p>\n\n\n\n<p>Psiholog Marko Romi\u0107 ka\u017ee kako je mentalitet na\u0161ih ljudi takav da oni zakone shva\u0107aju kao ne\u0161to \u0161to se uglavnom treba kr\u0161iti.<\/p>\n\n\n\n<p>&#8211; Mi smo podneblje u kojem odre\u0111ivanja pravila pona\u0161anja od nadle\u017enih institucija nikada nisu bila dobrodo\u0161la. Malo karikirano re\u010deno, ali tako se odnosimo prema onome \u0161to do\u017eivljavamo kao ne\u0161to \u0161to nam je na neki na\u010din odre\u0111eno, da ne ka\u017eem, nametnuto. Iako se ovdje radi o ozbiljnoj stvari jer su u pitanju zdravlje i \u017eivoti ljudi, kad su mnogi vidjeli da ova bolest ipak kod njih ne\u0107e ostaviti te\u017ee posljedice, i hvala Bogu da je tako, oni su se opustili, pona\u0161aju\u0107i se po principu &#8220;COVID-19 ne\u0107e mene, a za druge me ba\u0161 briga&#8221; \u2013 dodaje Romi\u0107 za&nbsp;<a href=\"https:\/\/faktor.ba\/vijest\/romic-nasi-ljudi-se-ponasaju-po-ustaljenoj-matrici-nece-valjda-mene-sve-dok-ih-zlo-ne-snade\/143324\" target=\"_blank\" rel=\"noreferrer noopener\">Faktor<\/a>.<\/p>\n\n\n\n<p>Ka\u017ee kako u cjelokupnoj situaciji ima krivice i nadle\u017enih institucija dr\u017eave koje nemaju prikladan i dovoljno efikasan na\u010din da sankcioniraju pona\u0161anja koja ne idu u pravcu kojem bi trebala.<\/p>\n\n\n\n<p>&#8211; Ako pogledamo zapadne zemlje, naro\u010dito zapad Europe i Skandinavije, vidjet \u0107emo da se tamo ljudi apsolutno druga\u010dije odnose prema mjerama koje im se odrede, odnosno koje im sugeriraju zdravstveni i dr\u017eavni autoriteti i ne treba ih \u0161tapom tjerati da ih se pridr\u017eavaju. Oni to \u010dine zato \u0161to znaju da na taj na\u010din \u0161tite sebe, svoje najbli\u017ee, a potom i \u0161iru okolinu \u2013 navodi Romi\u0107.<\/p>\n\n\n\n<p>Isti\u010de da je slab odziv ljudi na cijepljenje, sada kada ih ima dovoljno i razli\u010ditih vrsta, poseban problem.<\/p>\n\n\n\n<p>&#8211; Ako znamo da su u \u0160vedskoj i Norve\u0161koj brojevi imuniziranih oko 90 posto, zaista je, najbla\u017ee re\u010deno, \u010dudno za\u0161to se bh. gra\u0111ani ne \u017eele cijepiti sada kada to mogu. Proljetos nismo mogli jer nismo imali cjepiva, ali sada ih imamo. Ja razumijem da gra\u0111ani na\u0161e autoritete do\u017eivljavaju kao ne\u0161to \u0161to uglavnom radi protiv njihovih interesa. Dodu\u0161e, ako \u0107emo pravo, vlast se i potrudi da tako izgleda, odnosno da ih se tako percipira. U revoltu, ljudi to odbijaju. U svemu ovome va\u017ean faktor je farmaceutska industrija koja proizvodi i plasira te lijekove. No, ljudi su je po\u010deli do\u017eivljavati, ne kao industriju \u010dija je uloga na prvom mjestu za\u0161tita zdravlja, nego industriju za produkciju novca i mo\u0107i. I tu je, mislim, dio razloga za\u0161to ljudi odbijaju cjepiva. No, spomenuo bih jo\u0161 ne\u0161to kao mogu\u0107i razlog. Naime, ljudi prvi put imaju osje\u0107aj da upravo oni o ne\u010demu odlu\u010duju. Po\u0161to kod nas gra\u0111ani ni o \u010demu ne odlu\u010duju, sada im ovo pru\u017ea priliku da odlu\u010de o ne\u010demu va\u017enom. Me\u0111utim, ogroman broj njih izabrao je potpuno pogre\u0161an povod i vrijeme da zadovolje tu svoju potrebu da o ne\u010demu odlu\u010duju \u2013 ka\u017ee Romi\u0107.<\/p>\n\n\n\n<p>Boji se kako \u0107e posljedice svega toga biti puno ve\u0107e nego \u0161to gra\u0111ani misle.<\/p>\n\n\n\n<p>&#8211; Na\u0161i ljudi se jednostavno pona\u0161aju po onoj ustaljenoj matrici \u2013 &#8220;ne\u0107e valjda mene&#8221; sve dotle dok ih zlo ne sna\u0111e, a kad ih sna\u0111e, onda su im svi krivi osim njih samih. Mislim da bismo se trebali dozvati dok jo\u0161 ima vremena \u2013 zaklju\u010duje Romi\u0107.<\/p>\n\n\n\n<p>Izvor:faktor.ba<\/p>\n","protected":false},"excerpt":{"rendered":"<p>BiH je u samom svjetskom vrhu po broju preminulih od posljedica COVID-19. Prema mi\u0161ljenu psihologa, prevelika opu\u0161tenost ljudi, mo\u017ee se donekle pripisati i tome da je ve\u0107ina umorna od pandemije koja traje skoro dvije godine, raznih mjera, ograni\u010denja&#8230; No, isti\u010du kako bi nas prevelika sloboda u na\u010dinu \u017eivota u ovom trenutku mogla skupo ko\u0161tati jer [&hellip;]<\/p>\n","protected":false},"author":2,"featured_media":86411,"comment_status":"closed","ping_status":"closed","sticky":false,"template":"","format":"standard","meta":{"h5ap_radio_sources":[],"footnotes":""},"categories":[1],"tags":[],"class_list":["post-86410","post","type-post","status-publish","format-standard","has-post-thumbnail","hentry","category-bihiregija"],"yoast_head":"<!-- This site is optimized with the Yoast SEO plugin v27.5 - https:\/\/yoast.com\/product\/yoast-seo-wordpress\/ -->\n<title>Romi\u0107: Na\u0161i ljudi se pona\u0161aju po ustaljenoj matrici &quot;ne\u0107e valjda mene&quot; - RADIO LJUBU\u0160KI<\/title>\n<meta name=\"robots\" content=\"index, follow, max-snippet:-1, max-image-preview:large, max-video-preview:-1\" \/>\n<link rel=\"canonical\" href=\"https:\/\/radioljubuski.ba\/index.php\/2021\/11\/08\/romic-nasi-ljudi-se-ponasaju-po-ustaljenoj-matrici-nece-valjda-mene\/\" \/>\n<meta property=\"og:locale\" content=\"hr_HR\" \/>\n<meta property=\"og:type\" content=\"article\" \/>\n<meta property=\"og:title\" content=\"Romi\u0107: Na\u0161i ljudi se pona\u0161aju po ustaljenoj matrici &quot;ne\u0107e valjda mene&quot; - RADIO LJUBU\u0160KI\" \/>\n<meta property=\"og:description\" content=\"BiH je u samom svjetskom vrhu po broju preminulih od posljedica COVID-19. Prema mi\u0161ljenu psihologa, prevelika opu\u0161tenost ljudi, mo\u017ee se donekle pripisati i tome da je ve\u0107ina umorna od pandemije koja traje skoro dvije godine, raznih mjera, ograni\u010denja&#8230; No, isti\u010du kako bi nas prevelika sloboda u na\u010dinu \u017eivota u ovom trenutku mogla skupo ko\u0161tati jer [&hellip;]\" \/>\n<meta property=\"og:url\" content=\"https:\/\/radioljubuski.ba\/index.php\/2021\/11\/08\/romic-nasi-ljudi-se-ponasaju-po-ustaljenoj-matrici-nece-valjda-mene\/\" \/>\n<meta property=\"og:site_name\" content=\"RADIO LJUBU\u0160KI\" \/>\n<meta property=\"article:publisher\" content=\"https:\/\/www.facebook.com\/Radiio-Ljubuski-1490835324566332\" \/>\n<meta property=\"article:published_time\" content=\"2021-11-07T23:06:15+00:00\" \/>\n<meta property=\"article:modified_time\" content=\"2021-11-07T23:06:17+00:00\" \/>\n<meta property=\"og:image\" content=\"https:\/\/radioljubuski.ba\/wp-content\/uploads\/2021\/11\/8-2021-11-07-20-07-08-MARKO-ROMIC.jpg\" \/>\n\t<meta property=\"og:image:width\" content=\"1000\" \/>\n\t<meta property=\"og:image:height\" content=\"625\" \/>\n\t<meta property=\"og:image:type\" content=\"image\/jpeg\" \/>\n<meta name=\"author\" content=\"Radio Ljubu\u0161ki\" \/>\n<meta name=\"twitter:card\" content=\"summary_large_image\" \/>\n<meta name=\"twitter:creator\" content=\"@radioljubuski\" \/>\n<meta name=\"twitter:site\" content=\"@radioljubuski\" \/>\n<meta name=\"twitter:label1\" content=\"Napisao\/la\" \/>\n\t<meta name=\"twitter:data1\" content=\"Radio Ljubu\u0161ki\" \/>\n\t<meta name=\"twitter:label2\" content=\"Procijenjeno vrijeme \u010ditanja\" \/>\n\t<meta name=\"twitter:data2\" content=\"3 minute\" \/>\n<script type=\"application\/ld+json\" class=\"yoast-schema-graph\">{\"@context\":\"https:\\\/\\\/schema.org\",\"@graph\":[{\"@type\":\"Article\",\"@id\":\"https:\\\/\\\/radioljubuski.ba\\\/index.php\\\/2021\\\/11\\\/08\\\/romic-nasi-ljudi-se-ponasaju-po-ustaljenoj-matrici-nece-valjda-mene\\\/#article\",\"isPartOf\":{\"@id\":\"https:\\\/\\\/radioljubuski.ba\\\/index.php\\\/2021\\\/11\\\/08\\\/romic-nasi-ljudi-se-ponasaju-po-ustaljenoj-matrici-nece-valjda-mene\\\/\"},\"author\":{\"name\":\"Radio Ljubu\u0161ki\",\"@id\":\"https:\\\/\\\/radioljubuski.ba\\\/#\\\/schema\\\/person\\\/19fc700381a780f69665d7956c469e3b\"},\"headline\":\"Romi\u0107: Na\u0161i ljudi se pona\u0161aju po ustaljenoj matrici &#8220;ne\u0107e valjda mene&#8221;\",\"datePublished\":\"2021-11-07T23:06:15+00:00\",\"dateModified\":\"2021-11-07T23:06:17+00:00\",\"mainEntityOfPage\":{\"@id\":\"https:\\\/\\\/radioljubuski.ba\\\/index.php\\\/2021\\\/11\\\/08\\\/romic-nasi-ljudi-se-ponasaju-po-ustaljenoj-matrici-nece-valjda-mene\\\/\"},\"wordCount\":674,\"publisher\":{\"@id\":\"https:\\\/\\\/radioljubuski.ba\\\/#organization\"},\"image\":{\"@id\":\"https:\\\/\\\/radioljubuski.ba\\\/index.php\\\/2021\\\/11\\\/08\\\/romic-nasi-ljudi-se-ponasaju-po-ustaljenoj-matrici-nece-valjda-mene\\\/#primaryimage\"},\"thumbnailUrl\":\"https:\\\/\\\/radioljubuski.ba\\\/wp-content\\\/uploads\\\/2021\\\/11\\\/8-2021-11-07-20-07-08-MARKO-ROMIC.jpg\",\"articleSection\":[\"BIH i regija\"],\"inLanguage\":\"hr\"},{\"@type\":\"WebPage\",\"@id\":\"https:\\\/\\\/radioljubuski.ba\\\/index.php\\\/2021\\\/11\\\/08\\\/romic-nasi-ljudi-se-ponasaju-po-ustaljenoj-matrici-nece-valjda-mene\\\/\",\"url\":\"https:\\\/\\\/radioljubuski.ba\\\/index.php\\\/2021\\\/11\\\/08\\\/romic-nasi-ljudi-se-ponasaju-po-ustaljenoj-matrici-nece-valjda-mene\\\/\",\"name\":\"Romi\u0107: Na\u0161i ljudi se pona\u0161aju po ustaljenoj matrici \\\"ne\u0107e valjda mene\\\" - RADIO LJUBU\u0160KI\",\"isPartOf\":{\"@id\":\"https:\\\/\\\/radioljubuski.ba\\\/#website\"},\"primaryImageOfPage\":{\"@id\":\"https:\\\/\\\/radioljubuski.ba\\\/index.php\\\/2021\\\/11\\\/08\\\/romic-nasi-ljudi-se-ponasaju-po-ustaljenoj-matrici-nece-valjda-mene\\\/#primaryimage\"},\"image\":{\"@id\":\"https:\\\/\\\/radioljubuski.ba\\\/index.php\\\/2021\\\/11\\\/08\\\/romic-nasi-ljudi-se-ponasaju-po-ustaljenoj-matrici-nece-valjda-mene\\\/#primaryimage\"},\"thumbnailUrl\":\"https:\\\/\\\/radioljubuski.ba\\\/wp-content\\\/uploads\\\/2021\\\/11\\\/8-2021-11-07-20-07-08-MARKO-ROMIC.jpg\",\"datePublished\":\"2021-11-07T23:06:15+00:00\",\"dateModified\":\"2021-11-07T23:06:17+00:00\",\"breadcrumb\":{\"@id\":\"https:\\\/\\\/radioljubuski.ba\\\/index.php\\\/2021\\\/11\\\/08\\\/romic-nasi-ljudi-se-ponasaju-po-ustaljenoj-matrici-nece-valjda-mene\\\/#breadcrumb\"},\"inLanguage\":\"hr\",\"potentialAction\":[{\"@type\":\"ReadAction\",\"target\":[\"https:\\\/\\\/radioljubuski.ba\\\/index.php\\\/2021\\\/11\\\/08\\\/romic-nasi-ljudi-se-ponasaju-po-ustaljenoj-matrici-nece-valjda-mene\\\/\"]}]},{\"@type\":\"ImageObject\",\"inLanguage\":\"hr\",\"@id\":\"https:\\\/\\\/radioljubuski.ba\\\/index.php\\\/2021\\\/11\\\/08\\\/romic-nasi-ljudi-se-ponasaju-po-ustaljenoj-matrici-nece-valjda-mene\\\/#primaryimage\",\"url\":\"https:\\\/\\\/radioljubuski.ba\\\/wp-content\\\/uploads\\\/2021\\\/11\\\/8-2021-11-07-20-07-08-MARKO-ROMIC.jpg\",\"contentUrl\":\"https:\\\/\\\/radioljubuski.ba\\\/wp-content\\\/uploads\\\/2021\\\/11\\\/8-2021-11-07-20-07-08-MARKO-ROMIC.jpg\",\"width\":1000,\"height\":625},{\"@type\":\"BreadcrumbList\",\"@id\":\"https:\\\/\\\/radioljubuski.ba\\\/index.php\\\/2021\\\/11\\\/08\\\/romic-nasi-ljudi-se-ponasaju-po-ustaljenoj-matrici-nece-valjda-mene\\\/#breadcrumb\",\"itemListElement\":[{\"@type\":\"ListItem\",\"position\":1,\"name\":\"Po\u010detna stranica\",\"item\":\"https:\\\/\\\/radioljubuski.ba\\\/\"},{\"@type\":\"ListItem\",\"position\":2,\"name\":\"Romi\u0107: Na\u0161i ljudi se pona\u0161aju po ustaljenoj matrici &#8220;ne\u0107e valjda mene&#8221;\"}]},{\"@type\":\"WebSite\",\"@id\":\"https:\\\/\\\/radioljubuski.ba\\\/#website\",\"url\":\"https:\\\/\\\/radioljubuski.ba\\\/\",\"name\":\"Radio Ljubu\u0161ki\",\"description\":\"Sun\u010dana frekvencija Hercegovine\",\"publisher\":{\"@id\":\"https:\\\/\\\/radioljubuski.ba\\\/#organization\"},\"potentialAction\":[{\"@type\":\"SearchAction\",\"target\":{\"@type\":\"EntryPoint\",\"urlTemplate\":\"https:\\\/\\\/radioljubuski.ba\\\/?s={search_term_string}\"},\"query-input\":{\"@type\":\"PropertyValueSpecification\",\"valueRequired\":true,\"valueName\":\"search_term_string\"}}],\"inLanguage\":\"hr\"},{\"@type\":\"Organization\",\"@id\":\"https:\\\/\\\/radioljubuski.ba\\\/#organization\",\"name\":\"Radio Ljubu\u0161ki\",\"url\":\"https:\\\/\\\/radioljubuski.ba\\\/\",\"logo\":{\"@type\":\"ImageObject\",\"inLanguage\":\"hr\",\"@id\":\"https:\\\/\\\/radioljubuski.ba\\\/#\\\/schema\\\/logo\\\/image\\\/\",\"url\":\"https:\\\/\\\/radioljubuski.ba\\\/wp-content\\\/uploads\\\/2021\\\/02\\\/cropped-Radio_Ljubuski_logo1.jpg\",\"contentUrl\":\"https:\\\/\\\/radioljubuski.ba\\\/wp-content\\\/uploads\\\/2021\\\/02\\\/cropped-Radio_Ljubuski_logo1.jpg\",\"width\":512,\"height\":512,\"caption\":\"Radio Ljubu\u0161ki\"},\"image\":{\"@id\":\"https:\\\/\\\/radioljubuski.ba\\\/#\\\/schema\\\/logo\\\/image\\\/\"},\"sameAs\":[\"https:\\\/\\\/www.facebook.com\\\/Radiio-Ljubuski-1490835324566332\",\"https:\\\/\\\/x.com\\\/radioljubuski\",\"https:\\\/\\\/hr.linkedin.com\\\/company\\\/radio-ljubuski\",\"https:\\\/\\\/www.youtube.com\\\/channel\\\/UCHYaeO_n0Db3tjNGudGpXyw\"]},{\"@type\":\"Person\",\"@id\":\"https:\\\/\\\/radioljubuski.ba\\\/#\\\/schema\\\/person\\\/19fc700381a780f69665d7956c469e3b\",\"name\":\"Radio Ljubu\u0161ki\"}]}<\/script>\n<!-- \/ Yoast SEO plugin. -->","yoast_head_json":{"title":"Romi\u0107: Na\u0161i ljudi se pona\u0161aju po ustaljenoj matrici \"ne\u0107e valjda mene\" - RADIO LJUBU\u0160KI","robots":{"index":"index","follow":"follow","max-snippet":"max-snippet:-1","max-image-preview":"max-image-preview:large","max-video-preview":"max-video-preview:-1"},"canonical":"https:\/\/radioljubuski.ba\/index.php\/2021\/11\/08\/romic-nasi-ljudi-se-ponasaju-po-ustaljenoj-matrici-nece-valjda-mene\/","og_locale":"hr_HR","og_type":"article","og_title":"Romi\u0107: Na\u0161i ljudi se pona\u0161aju po ustaljenoj matrici \"ne\u0107e valjda mene\" - RADIO LJUBU\u0160KI","og_description":"BiH je u samom svjetskom vrhu po broju preminulih od posljedica COVID-19. Prema mi\u0161ljenu psihologa, prevelika opu\u0161tenost ljudi, mo\u017ee se donekle pripisati i tome da je ve\u0107ina umorna od pandemije koja traje skoro dvije godine, raznih mjera, ograni\u010denja&#8230; No, isti\u010du kako bi nas prevelika sloboda u na\u010dinu \u017eivota u ovom trenutku mogla skupo ko\u0161tati jer [&hellip;]","og_url":"https:\/\/radioljubuski.ba\/index.php\/2021\/11\/08\/romic-nasi-ljudi-se-ponasaju-po-ustaljenoj-matrici-nece-valjda-mene\/","og_site_name":"RADIO LJUBU\u0160KI","article_publisher":"https:\/\/www.facebook.com\/Radiio-Ljubuski-1490835324566332","article_published_time":"2021-11-07T23:06:15+00:00","article_modified_time":"2021-11-07T23:06:17+00:00","og_image":[{"width":1000,"height":625,"url":"https:\/\/radioljubuski.ba\/wp-content\/uploads\/2021\/11\/8-2021-11-07-20-07-08-MARKO-ROMIC.jpg","type":"image\/jpeg"}],"author":"Radio Ljubu\u0161ki","twitter_card":"summary_large_image","twitter_creator":"@radioljubuski","twitter_site":"@radioljubuski","twitter_misc":{"Napisao\/la":"Radio Ljubu\u0161ki","Procijenjeno vrijeme \u010ditanja":"3 minute"},"schema":{"@context":"https:\/\/schema.org","@graph":[{"@type":"Article","@id":"https:\/\/radioljubuski.ba\/index.php\/2021\/11\/08\/romic-nasi-ljudi-se-ponasaju-po-ustaljenoj-matrici-nece-valjda-mene\/#article","isPartOf":{"@id":"https:\/\/radioljubuski.ba\/index.php\/2021\/11\/08\/romic-nasi-ljudi-se-ponasaju-po-ustaljenoj-matrici-nece-valjda-mene\/"},"author":{"name":"Radio Ljubu\u0161ki","@id":"https:\/\/radioljubuski.ba\/#\/schema\/person\/19fc700381a780f69665d7956c469e3b"},"headline":"Romi\u0107: Na\u0161i ljudi se pona\u0161aju po ustaljenoj matrici &#8220;ne\u0107e valjda mene&#8221;","datePublished":"2021-11-07T23:06:15+00:00","dateModified":"2021-11-07T23:06:17+00:00","mainEntityOfPage":{"@id":"https:\/\/radioljubuski.ba\/index.php\/2021\/11\/08\/romic-nasi-ljudi-se-ponasaju-po-ustaljenoj-matrici-nece-valjda-mene\/"},"wordCount":674,"publisher":{"@id":"https:\/\/radioljubuski.ba\/#organization"},"image":{"@id":"https:\/\/radioljubuski.ba\/index.php\/2021\/11\/08\/romic-nasi-ljudi-se-ponasaju-po-ustaljenoj-matrici-nece-valjda-mene\/#primaryimage"},"thumbnailUrl":"https:\/\/radioljubuski.ba\/wp-content\/uploads\/2021\/11\/8-2021-11-07-20-07-08-MARKO-ROMIC.jpg","articleSection":["BIH i regija"],"inLanguage":"hr"},{"@type":"WebPage","@id":"https:\/\/radioljubuski.ba\/index.php\/2021\/11\/08\/romic-nasi-ljudi-se-ponasaju-po-ustaljenoj-matrici-nece-valjda-mene\/","url":"https:\/\/radioljubuski.ba\/index.php\/2021\/11\/08\/romic-nasi-ljudi-se-ponasaju-po-ustaljenoj-matrici-nece-valjda-mene\/","name":"Romi\u0107: Na\u0161i ljudi se pona\u0161aju po ustaljenoj matrici \"ne\u0107e valjda mene\" - RADIO LJUBU\u0160KI","isPartOf":{"@id":"https:\/\/radioljubuski.ba\/#website"},"primaryImageOfPage":{"@id":"https:\/\/radioljubuski.ba\/index.php\/2021\/11\/08\/romic-nasi-ljudi-se-ponasaju-po-ustaljenoj-matrici-nece-valjda-mene\/#primaryimage"},"image":{"@id":"https:\/\/radioljubuski.ba\/index.php\/2021\/11\/08\/romic-nasi-ljudi-se-ponasaju-po-ustaljenoj-matrici-nece-valjda-mene\/#primaryimage"},"thumbnailUrl":"https:\/\/radioljubuski.ba\/wp-content\/uploads\/2021\/11\/8-2021-11-07-20-07-08-MARKO-ROMIC.jpg","datePublished":"2021-11-07T23:06:15+00:00","dateModified":"2021-11-07T23:06:17+00:00","breadcrumb":{"@id":"https:\/\/radioljubuski.ba\/index.php\/2021\/11\/08\/romic-nasi-ljudi-se-ponasaju-po-ustaljenoj-matrici-nece-valjda-mene\/#breadcrumb"},"inLanguage":"hr","potentialAction":[{"@type":"ReadAction","target":["https:\/\/radioljubuski.ba\/index.php\/2021\/11\/08\/romic-nasi-ljudi-se-ponasaju-po-ustaljenoj-matrici-nece-valjda-mene\/"]}]},{"@type":"ImageObject","inLanguage":"hr","@id":"https:\/\/radioljubuski.ba\/index.php\/2021\/11\/08\/romic-nasi-ljudi-se-ponasaju-po-ustaljenoj-matrici-nece-valjda-mene\/#primaryimage","url":"https:\/\/radioljubuski.ba\/wp-content\/uploads\/2021\/11\/8-2021-11-07-20-07-08-MARKO-ROMIC.jpg","contentUrl":"https:\/\/radioljubuski.ba\/wp-content\/uploads\/2021\/11\/8-2021-11-07-20-07-08-MARKO-ROMIC.jpg","width":1000,"height":625},{"@type":"BreadcrumbList","@id":"https:\/\/radioljubuski.ba\/index.php\/2021\/11\/08\/romic-nasi-ljudi-se-ponasaju-po-ustaljenoj-matrici-nece-valjda-mene\/#breadcrumb","itemListElement":[{"@type":"ListItem","position":1,"name":"Po\u010detna stranica","item":"https:\/\/radioljubuski.ba\/"},{"@type":"ListItem","position":2,"name":"Romi\u0107: Na\u0161i ljudi se pona\u0161aju po ustaljenoj matrici &#8220;ne\u0107e valjda mene&#8221;"}]},{"@type":"WebSite","@id":"https:\/\/radioljubuski.ba\/#website","url":"https:\/\/radioljubuski.ba\/","name":"Radio Ljubu\u0161ki","description":"Sun\u010dana frekvencija Hercegovine","publisher":{"@id":"https:\/\/radioljubuski.ba\/#organization"},"potentialAction":[{"@type":"SearchAction","target":{"@type":"EntryPoint","urlTemplate":"https:\/\/radioljubuski.ba\/?s={search_term_string}"},"query-input":{"@type":"PropertyValueSpecification","valueRequired":true,"valueName":"search_term_string"}}],"inLanguage":"hr"},{"@type":"Organization","@id":"https:\/\/radioljubuski.ba\/#organization","name":"Radio Ljubu\u0161ki","url":"https:\/\/radioljubuski.ba\/","logo":{"@type":"ImageObject","inLanguage":"hr","@id":"https:\/\/radioljubuski.ba\/#\/schema\/logo\/image\/","url":"https:\/\/radioljubuski.ba\/wp-content\/uploads\/2021\/02\/cropped-Radio_Ljubuski_logo1.jpg","contentUrl":"https:\/\/radioljubuski.ba\/wp-content\/uploads\/2021\/02\/cropped-Radio_Ljubuski_logo1.jpg","width":512,"height":512,"caption":"Radio Ljubu\u0161ki"},"image":{"@id":"https:\/\/radioljubuski.ba\/#\/schema\/logo\/image\/"},"sameAs":["https:\/\/www.facebook.com\/Radiio-Ljubuski-1490835324566332","https:\/\/x.com\/radioljubuski","https:\/\/hr.linkedin.com\/company\/radio-ljubuski","https:\/\/www.youtube.com\/channel\/UCHYaeO_n0Db3tjNGudGpXyw"]},{"@type":"Person","@id":"https:\/\/radioljubuski.ba\/#\/schema\/person\/19fc700381a780f69665d7956c469e3b","name":"Radio Ljubu\u0161ki"}]}},"_links":{"self":[{"href":"https:\/\/radioljubuski.ba\/index.php\/wp-json\/wp\/v2\/posts\/86410","targetHints":{"allow":["GET"]}}],"collection":[{"href":"https:\/\/radioljubuski.ba\/index.php\/wp-json\/wp\/v2\/posts"}],"about":[{"href":"https:\/\/radioljubuski.ba\/index.php\/wp-json\/wp\/v2\/types\/post"}],"author":[{"embeddable":true,"href":"https:\/\/radioljubuski.ba\/index.php\/wp-json\/wp\/v2\/users\/2"}],"replies":[{"embeddable":true,"href":"https:\/\/radioljubuski.ba\/index.php\/wp-json\/wp\/v2\/comments?post=86410"}],"version-history":[{"count":1,"href":"https:\/\/radioljubuski.ba\/index.php\/wp-json\/wp\/v2\/posts\/86410\/revisions"}],"predecessor-version":[{"id":86412,"href":"https:\/\/radioljubuski.ba\/index.php\/wp-json\/wp\/v2\/posts\/86410\/revisions\/86412"}],"wp:featuredmedia":[{"embeddable":true,"href":"https:\/\/radioljubuski.ba\/index.php\/wp-json\/wp\/v2\/media\/86411"}],"wp:attachment":[{"href":"https:\/\/radioljubuski.ba\/index.php\/wp-json\/wp\/v2\/media?parent=86410"}],"wp:term":[{"taxonomy":"category","embeddable":true,"href":"https:\/\/radioljubuski.ba\/index.php\/wp-json\/wp\/v2\/categories?post=86410"},{"taxonomy":"post_tag","embeddable":true,"href":"https:\/\/radioljubuski.ba\/index.php\/wp-json\/wp\/v2\/tags?post=86410"}],"curies":[{"name":"wp","href":"https:\/\/api.w.org\/{rel}","templated":true}]}}