{"id":86413,"date":"2021-11-08T00:08:15","date_gmt":"2021-11-07T23:08:15","guid":{"rendered":"https:\/\/radioljubuski.ba\/?p=86413"},"modified":"2021-11-08T00:08:17","modified_gmt":"2021-11-07T23:08:17","slug":"biden-ugodno-cavrljao-s-camillom-pa-pustio-vjetar-bio-je-dug-i-glasan-bilo-ga-je-nemoguce-ignorirati-ona-ne-prestaje-pricati-o-tome","status":"publish","type":"post","link":"https:\/\/radioljubuski.ba\/index.php\/2021\/11\/08\/biden-ugodno-cavrljao-s-camillom-pa-pustio-vjetar-bio-je-dug-i-glasan-bilo-ga-je-nemoguce-ignorirati-ona-ne-prestaje-pricati-o-tome\/","title":{"rendered":"Biden ugodno \u010davrljao s Camillom, pa \u2018pustio vjetar\u2018: \u2018Bio je dug i glasan, bilo ga je nemogu\u0107e ignorirati. Ona ne prestaje pri\u010dati o tome\u2018"},"content":{"rendered":"\n<p>Ameri\u010dki predsjednik&nbsp;Joe Biden&nbsp;ispustio je &#8216;dug i glasan&#8217; vjetar tijekom razgovora s vojvotkinjom od Cornwalla na konferenciji o klimatskim promjenama UN-a (COP26).<\/p>\n\n\n\n<p>A \u010dini se da&nbsp;Camilla Parker Bowles&nbsp;ne mo\u017ee prestati pri\u010dati o tom glasnom doga\u0111aju, pi\u0161e&nbsp;<a href=\"https:\/\/nypost.com\/2021\/11\/07\/camilla-parker-bowles-keeps-talking-about-biden-fart-at-cop26\/\" target=\"_blank\" rel=\"noreferrer noopener\">New York Post.<\/a><\/p>\n\n\n\n<p>Njih su dvoje ugodno \u010davrljali tijekom summita u Glasgowu, a ameri\u010dki se predsjednik nije mogao suzdr\u017eati pa je u jednom trenutku ispustio vjetar.<\/p>\n\n\n\n<p>&#8220;Bio je dug i glasan te ga je bilo nemogu\u0107e ignorirati&#8221;, otkrio je izvor i dodao: &#8220;Camilla ne prestaje govoriti o tome.&#8221;<\/p>\n\n\n\n<p>Camilla Parker Bowles, koja je u braku s princem&nbsp;Charlesom&nbsp;od 2005. godine, ostala je zate\u010dena njegovim ispu\u0161tanjem vjetra, prenosi&nbsp;<a href=\"https:\/\/www.jutarnji.hr\/vijesti\/svijet\/biden-pustio-vjetar-pred-camillom-bio-je-dug-i-glasan-ona-ne-prestaje-pricati-o-tome-15117434\" target=\"_blank\" rel=\"noreferrer noopener\">Jutarnji.hr.<\/a><\/p>\n\n\n\n<p>No to nije jedini &#8216;gaf&#8217; ameri\u010dkog predsjednika na spomenutoj konferenciji.<\/p>\n\n\n\n<p>Najstariji ameri\u010dki predsjednik, koji \u0107e ovog mjeseca napuniti 79 godina, tako\u0111er je malo &#8216;ubio oko&#8217; tijekom uvodnih izlaganja, \u0161to su zabilje\u017eile prisutne kamere.<\/p>\n\n\n\n<p><strong>PI\u0160E&nbsp;<\/strong>PSD<\/p>\n","protected":false},"excerpt":{"rendered":"<p>Ameri\u010dki predsjednik&nbsp;Joe Biden&nbsp;ispustio je &#8216;dug i glasan&#8217; vjetar tijekom razgovora s vojvotkinjom od Cornwalla na konferenciji o klimatskim promjenama UN-a (COP26). A \u010dini se da&nbsp;Camilla Parker Bowles&nbsp;ne mo\u017ee prestati pri\u010dati o tom glasnom doga\u0111aju, pi\u0161e&nbsp;New York Post. Njih su dvoje ugodno \u010davrljali tijekom summita u Glasgowu, a ameri\u010dki se predsjednik nije mogao suzdr\u017eati pa je [&hellip;]<\/p>\n","protected":false},"author":2,"featured_media":86414,"comment_status":"closed","ping_status":"closed","sticky":false,"template":"","format":"standard","meta":{"h5ap_radio_sources":[],"footnotes":""},"categories":[1],"tags":[],"class_list":["post-86413","post","type-post","status-publish","format-standard","has-post-thumbnail","hentry","category-bihiregija"],"yoast_head":"<!-- This site is optimized with the Yoast SEO plugin v27.5 - https:\/\/yoast.com\/product\/yoast-seo-wordpress\/ -->\n<title>Biden ugodno \u010davrljao s Camillom, pa \u2018pustio vjetar\u2018: \u2018Bio je dug i glasan, bilo ga je nemogu\u0107e ignorirati. Ona ne prestaje pri\u010dati o tome\u2018 - RADIO LJUBU\u0160KI<\/title>\n<meta name=\"robots\" content=\"index, follow, max-snippet:-1, max-image-preview:large, max-video-preview:-1\" \/>\n<link rel=\"canonical\" href=\"https:\/\/radioljubuski.ba\/index.php\/2021\/11\/08\/biden-ugodno-cavrljao-s-camillom-pa-pustio-vjetar-bio-je-dug-i-glasan-bilo-ga-je-nemoguce-ignorirati-ona-ne-prestaje-pricati-o-tome\/\" \/>\n<meta property=\"og:locale\" content=\"hr_HR\" \/>\n<meta property=\"og:type\" content=\"article\" \/>\n<meta property=\"og:title\" content=\"Biden ugodno \u010davrljao s Camillom, pa \u2018pustio vjetar\u2018: \u2018Bio je dug i glasan, bilo ga je nemogu\u0107e ignorirati. Ona ne prestaje pri\u010dati o tome\u2018 - RADIO LJUBU\u0160KI\" \/>\n<meta property=\"og:description\" content=\"Ameri\u010dki predsjednik&nbsp;Joe Biden&nbsp;ispustio je &#8216;dug i glasan&#8217; vjetar tijekom razgovora s vojvotkinjom od Cornwalla na konferenciji o klimatskim promjenama UN-a (COP26). A \u010dini se da&nbsp;Camilla Parker Bowles&nbsp;ne mo\u017ee prestati pri\u010dati o tom glasnom doga\u0111aju, pi\u0161e&nbsp;New York Post. Njih su dvoje ugodno \u010davrljali tijekom summita u Glasgowu, a ameri\u010dki se predsjednik nije mogao suzdr\u017eati pa je [&hellip;]\" \/>\n<meta property=\"og:url\" content=\"https:\/\/radioljubuski.ba\/index.php\/2021\/11\/08\/biden-ugodno-cavrljao-s-camillom-pa-pustio-vjetar-bio-je-dug-i-glasan-bilo-ga-je-nemoguce-ignorirati-ona-ne-prestaje-pricati-o-tome\/\" \/>\n<meta property=\"og:site_name\" content=\"RADIO LJUBU\u0160KI\" \/>\n<meta property=\"article:publisher\" content=\"https:\/\/www.facebook.com\/Radiio-Ljubuski-1490835324566332\" \/>\n<meta property=\"article:published_time\" content=\"2021-11-07T23:08:15+00:00\" \/>\n<meta property=\"article:modified_time\" content=\"2021-11-07T23:08:17+00:00\" \/>\n<meta property=\"og:image\" content=\"https:\/\/radioljubuski.ba\/wp-content\/uploads\/2021\/11\/o_19934222_1024.jpg\" \/>\n\t<meta property=\"og:image:width\" content=\"1024\" \/>\n\t<meta property=\"og:image:height\" content=\"740\" \/>\n\t<meta property=\"og:image:type\" content=\"image\/jpeg\" \/>\n<meta name=\"author\" content=\"Radio Ljubu\u0161ki\" \/>\n<meta name=\"twitter:card\" content=\"summary_large_image\" \/>\n<meta name=\"twitter:creator\" content=\"@radioljubuski\" \/>\n<meta name=\"twitter:site\" content=\"@radioljubuski\" \/>\n<meta name=\"twitter:label1\" content=\"Napisao\/la\" \/>\n\t<meta name=\"twitter:data1\" content=\"Radio Ljubu\u0161ki\" \/>\n\t<meta name=\"twitter:label2\" content=\"Procijenjeno vrijeme \u010ditanja\" \/>\n\t<meta name=\"twitter:data2\" content=\"1 minuta\" \/>\n<script type=\"application\/ld+json\" class=\"yoast-schema-graph\">{\"@context\":\"https:\\\/\\\/schema.org\",\"@graph\":[{\"@type\":\"Article\",\"@id\":\"https:\\\/\\\/radioljubuski.ba\\\/index.php\\\/2021\\\/11\\\/08\\\/biden-ugodno-cavrljao-s-camillom-pa-pustio-vjetar-bio-je-dug-i-glasan-bilo-ga-je-nemoguce-ignorirati-ona-ne-prestaje-pricati-o-tome\\\/#article\",\"isPartOf\":{\"@id\":\"https:\\\/\\\/radioljubuski.ba\\\/index.php\\\/2021\\\/11\\\/08\\\/biden-ugodno-cavrljao-s-camillom-pa-pustio-vjetar-bio-je-dug-i-glasan-bilo-ga-je-nemoguce-ignorirati-ona-ne-prestaje-pricati-o-tome\\\/\"},\"author\":{\"name\":\"Radio Ljubu\u0161ki\",\"@id\":\"https:\\\/\\\/radioljubuski.ba\\\/#\\\/schema\\\/person\\\/19fc700381a780f69665d7956c469e3b\"},\"headline\":\"Biden ugodno \u010davrljao s Camillom, pa \u2018pustio vjetar\u2018: \u2018Bio je dug i glasan, bilo ga je nemogu\u0107e ignorirati. Ona ne prestaje pri\u010dati o tome\u2018\",\"datePublished\":\"2021-11-07T23:08:15+00:00\",\"dateModified\":\"2021-11-07T23:08:17+00:00\",\"mainEntityOfPage\":{\"@id\":\"https:\\\/\\\/radioljubuski.ba\\\/index.php\\\/2021\\\/11\\\/08\\\/biden-ugodno-cavrljao-s-camillom-pa-pustio-vjetar-bio-je-dug-i-glasan-bilo-ga-je-nemoguce-ignorirati-ona-ne-prestaje-pricati-o-tome\\\/\"},\"wordCount\":192,\"publisher\":{\"@id\":\"https:\\\/\\\/radioljubuski.ba\\\/#organization\"},\"image\":{\"@id\":\"https:\\\/\\\/radioljubuski.ba\\\/index.php\\\/2021\\\/11\\\/08\\\/biden-ugodno-cavrljao-s-camillom-pa-pustio-vjetar-bio-je-dug-i-glasan-bilo-ga-je-nemoguce-ignorirati-ona-ne-prestaje-pricati-o-tome\\\/#primaryimage\"},\"thumbnailUrl\":\"https:\\\/\\\/radioljubuski.ba\\\/wp-content\\\/uploads\\\/2021\\\/11\\\/o_19934222_1024.jpg\",\"articleSection\":[\"BIH i regija\"],\"inLanguage\":\"hr\"},{\"@type\":\"WebPage\",\"@id\":\"https:\\\/\\\/radioljubuski.ba\\\/index.php\\\/2021\\\/11\\\/08\\\/biden-ugodno-cavrljao-s-camillom-pa-pustio-vjetar-bio-je-dug-i-glasan-bilo-ga-je-nemoguce-ignorirati-ona-ne-prestaje-pricati-o-tome\\\/\",\"url\":\"https:\\\/\\\/radioljubuski.ba\\\/index.php\\\/2021\\\/11\\\/08\\\/biden-ugodno-cavrljao-s-camillom-pa-pustio-vjetar-bio-je-dug-i-glasan-bilo-ga-je-nemoguce-ignorirati-ona-ne-prestaje-pricati-o-tome\\\/\",\"name\":\"Biden ugodno \u010davrljao s Camillom, pa \u2018pustio vjetar\u2018: \u2018Bio je dug i glasan, bilo ga je nemogu\u0107e ignorirati. Ona ne prestaje pri\u010dati o tome\u2018 - RADIO LJUBU\u0160KI\",\"isPartOf\":{\"@id\":\"https:\\\/\\\/radioljubuski.ba\\\/#website\"},\"primaryImageOfPage\":{\"@id\":\"https:\\\/\\\/radioljubuski.ba\\\/index.php\\\/2021\\\/11\\\/08\\\/biden-ugodno-cavrljao-s-camillom-pa-pustio-vjetar-bio-je-dug-i-glasan-bilo-ga-je-nemoguce-ignorirati-ona-ne-prestaje-pricati-o-tome\\\/#primaryimage\"},\"image\":{\"@id\":\"https:\\\/\\\/radioljubuski.ba\\\/index.php\\\/2021\\\/11\\\/08\\\/biden-ugodno-cavrljao-s-camillom-pa-pustio-vjetar-bio-je-dug-i-glasan-bilo-ga-je-nemoguce-ignorirati-ona-ne-prestaje-pricati-o-tome\\\/#primaryimage\"},\"thumbnailUrl\":\"https:\\\/\\\/radioljubuski.ba\\\/wp-content\\\/uploads\\\/2021\\\/11\\\/o_19934222_1024.jpg\",\"datePublished\":\"2021-11-07T23:08:15+00:00\",\"dateModified\":\"2021-11-07T23:08:17+00:00\",\"breadcrumb\":{\"@id\":\"https:\\\/\\\/radioljubuski.ba\\\/index.php\\\/2021\\\/11\\\/08\\\/biden-ugodno-cavrljao-s-camillom-pa-pustio-vjetar-bio-je-dug-i-glasan-bilo-ga-je-nemoguce-ignorirati-ona-ne-prestaje-pricati-o-tome\\\/#breadcrumb\"},\"inLanguage\":\"hr\",\"potentialAction\":[{\"@type\":\"ReadAction\",\"target\":[\"https:\\\/\\\/radioljubuski.ba\\\/index.php\\\/2021\\\/11\\\/08\\\/biden-ugodno-cavrljao-s-camillom-pa-pustio-vjetar-bio-je-dug-i-glasan-bilo-ga-je-nemoguce-ignorirati-ona-ne-prestaje-pricati-o-tome\\\/\"]}]},{\"@type\":\"ImageObject\",\"inLanguage\":\"hr\",\"@id\":\"https:\\\/\\\/radioljubuski.ba\\\/index.php\\\/2021\\\/11\\\/08\\\/biden-ugodno-cavrljao-s-camillom-pa-pustio-vjetar-bio-je-dug-i-glasan-bilo-ga-je-nemoguce-ignorirati-ona-ne-prestaje-pricati-o-tome\\\/#primaryimage\",\"url\":\"https:\\\/\\\/radioljubuski.ba\\\/wp-content\\\/uploads\\\/2021\\\/11\\\/o_19934222_1024.jpg\",\"contentUrl\":\"https:\\\/\\\/radioljubuski.ba\\\/wp-content\\\/uploads\\\/2021\\\/11\\\/o_19934222_1024.jpg\",\"width\":1024,\"height\":740},{\"@type\":\"BreadcrumbList\",\"@id\":\"https:\\\/\\\/radioljubuski.ba\\\/index.php\\\/2021\\\/11\\\/08\\\/biden-ugodno-cavrljao-s-camillom-pa-pustio-vjetar-bio-je-dug-i-glasan-bilo-ga-je-nemoguce-ignorirati-ona-ne-prestaje-pricati-o-tome\\\/#breadcrumb\",\"itemListElement\":[{\"@type\":\"ListItem\",\"position\":1,\"name\":\"Po\u010detna stranica\",\"item\":\"https:\\\/\\\/radioljubuski.ba\\\/\"},{\"@type\":\"ListItem\",\"position\":2,\"name\":\"Biden ugodno \u010davrljao s Camillom, pa \u2018pustio vjetar\u2018: \u2018Bio je dug i glasan, bilo ga je nemogu\u0107e ignorirati. Ona ne prestaje pri\u010dati o tome\u2018\"}]},{\"@type\":\"WebSite\",\"@id\":\"https:\\\/\\\/radioljubuski.ba\\\/#website\",\"url\":\"https:\\\/\\\/radioljubuski.ba\\\/\",\"name\":\"Radio Ljubu\u0161ki\",\"description\":\"Sun\u010dana frekvencija Hercegovine\",\"publisher\":{\"@id\":\"https:\\\/\\\/radioljubuski.ba\\\/#organization\"},\"potentialAction\":[{\"@type\":\"SearchAction\",\"target\":{\"@type\":\"EntryPoint\",\"urlTemplate\":\"https:\\\/\\\/radioljubuski.ba\\\/?s={search_term_string}\"},\"query-input\":{\"@type\":\"PropertyValueSpecification\",\"valueRequired\":true,\"valueName\":\"search_term_string\"}}],\"inLanguage\":\"hr\"},{\"@type\":\"Organization\",\"@id\":\"https:\\\/\\\/radioljubuski.ba\\\/#organization\",\"name\":\"Radio Ljubu\u0161ki\",\"url\":\"https:\\\/\\\/radioljubuski.ba\\\/\",\"logo\":{\"@type\":\"ImageObject\",\"inLanguage\":\"hr\",\"@id\":\"https:\\\/\\\/radioljubuski.ba\\\/#\\\/schema\\\/logo\\\/image\\\/\",\"url\":\"https:\\\/\\\/radioljubuski.ba\\\/wp-content\\\/uploads\\\/2021\\\/02\\\/cropped-Radio_Ljubuski_logo1.jpg\",\"contentUrl\":\"https:\\\/\\\/radioljubuski.ba\\\/wp-content\\\/uploads\\\/2021\\\/02\\\/cropped-Radio_Ljubuski_logo1.jpg\",\"width\":512,\"height\":512,\"caption\":\"Radio Ljubu\u0161ki\"},\"image\":{\"@id\":\"https:\\\/\\\/radioljubuski.ba\\\/#\\\/schema\\\/logo\\\/image\\\/\"},\"sameAs\":[\"https:\\\/\\\/www.facebook.com\\\/Radiio-Ljubuski-1490835324566332\",\"https:\\\/\\\/x.com\\\/radioljubuski\",\"https:\\\/\\\/hr.linkedin.com\\\/company\\\/radio-ljubuski\",\"https:\\\/\\\/www.youtube.com\\\/channel\\\/UCHYaeO_n0Db3tjNGudGpXyw\"]},{\"@type\":\"Person\",\"@id\":\"https:\\\/\\\/radioljubuski.ba\\\/#\\\/schema\\\/person\\\/19fc700381a780f69665d7956c469e3b\",\"name\":\"Radio Ljubu\u0161ki\"}]}<\/script>\n<!-- \/ Yoast SEO plugin. -->","yoast_head_json":{"title":"Biden ugodno \u010davrljao s Camillom, pa \u2018pustio vjetar\u2018: \u2018Bio je dug i glasan, bilo ga je nemogu\u0107e ignorirati. Ona ne prestaje pri\u010dati o tome\u2018 - RADIO LJUBU\u0160KI","robots":{"index":"index","follow":"follow","max-snippet":"max-snippet:-1","max-image-preview":"max-image-preview:large","max-video-preview":"max-video-preview:-1"},"canonical":"https:\/\/radioljubuski.ba\/index.php\/2021\/11\/08\/biden-ugodno-cavrljao-s-camillom-pa-pustio-vjetar-bio-je-dug-i-glasan-bilo-ga-je-nemoguce-ignorirati-ona-ne-prestaje-pricati-o-tome\/","og_locale":"hr_HR","og_type":"article","og_title":"Biden ugodno \u010davrljao s Camillom, pa \u2018pustio vjetar\u2018: \u2018Bio je dug i glasan, bilo ga je nemogu\u0107e ignorirati. Ona ne prestaje pri\u010dati o tome\u2018 - RADIO LJUBU\u0160KI","og_description":"Ameri\u010dki predsjednik&nbsp;Joe Biden&nbsp;ispustio je &#8216;dug i glasan&#8217; vjetar tijekom razgovora s vojvotkinjom od Cornwalla na konferenciji o klimatskim promjenama UN-a (COP26). A \u010dini se da&nbsp;Camilla Parker Bowles&nbsp;ne mo\u017ee prestati pri\u010dati o tom glasnom doga\u0111aju, pi\u0161e&nbsp;New York Post. Njih su dvoje ugodno \u010davrljali tijekom summita u Glasgowu, a ameri\u010dki se predsjednik nije mogao suzdr\u017eati pa je [&hellip;]","og_url":"https:\/\/radioljubuski.ba\/index.php\/2021\/11\/08\/biden-ugodno-cavrljao-s-camillom-pa-pustio-vjetar-bio-je-dug-i-glasan-bilo-ga-je-nemoguce-ignorirati-ona-ne-prestaje-pricati-o-tome\/","og_site_name":"RADIO LJUBU\u0160KI","article_publisher":"https:\/\/www.facebook.com\/Radiio-Ljubuski-1490835324566332","article_published_time":"2021-11-07T23:08:15+00:00","article_modified_time":"2021-11-07T23:08:17+00:00","og_image":[{"width":1024,"height":740,"url":"https:\/\/radioljubuski.ba\/wp-content\/uploads\/2021\/11\/o_19934222_1024.jpg","type":"image\/jpeg"}],"author":"Radio Ljubu\u0161ki","twitter_card":"summary_large_image","twitter_creator":"@radioljubuski","twitter_site":"@radioljubuski","twitter_misc":{"Napisao\/la":"Radio Ljubu\u0161ki","Procijenjeno vrijeme \u010ditanja":"1 minuta"},"schema":{"@context":"https:\/\/schema.org","@graph":[{"@type":"Article","@id":"https:\/\/radioljubuski.ba\/index.php\/2021\/11\/08\/biden-ugodno-cavrljao-s-camillom-pa-pustio-vjetar-bio-je-dug-i-glasan-bilo-ga-je-nemoguce-ignorirati-ona-ne-prestaje-pricati-o-tome\/#article","isPartOf":{"@id":"https:\/\/radioljubuski.ba\/index.php\/2021\/11\/08\/biden-ugodno-cavrljao-s-camillom-pa-pustio-vjetar-bio-je-dug-i-glasan-bilo-ga-je-nemoguce-ignorirati-ona-ne-prestaje-pricati-o-tome\/"},"author":{"name":"Radio Ljubu\u0161ki","@id":"https:\/\/radioljubuski.ba\/#\/schema\/person\/19fc700381a780f69665d7956c469e3b"},"headline":"Biden ugodno \u010davrljao s Camillom, pa \u2018pustio vjetar\u2018: \u2018Bio je dug i glasan, bilo ga je nemogu\u0107e ignorirati. Ona ne prestaje pri\u010dati o tome\u2018","datePublished":"2021-11-07T23:08:15+00:00","dateModified":"2021-11-07T23:08:17+00:00","mainEntityOfPage":{"@id":"https:\/\/radioljubuski.ba\/index.php\/2021\/11\/08\/biden-ugodno-cavrljao-s-camillom-pa-pustio-vjetar-bio-je-dug-i-glasan-bilo-ga-je-nemoguce-ignorirati-ona-ne-prestaje-pricati-o-tome\/"},"wordCount":192,"publisher":{"@id":"https:\/\/radioljubuski.ba\/#organization"},"image":{"@id":"https:\/\/radioljubuski.ba\/index.php\/2021\/11\/08\/biden-ugodno-cavrljao-s-camillom-pa-pustio-vjetar-bio-je-dug-i-glasan-bilo-ga-je-nemoguce-ignorirati-ona-ne-prestaje-pricati-o-tome\/#primaryimage"},"thumbnailUrl":"https:\/\/radioljubuski.ba\/wp-content\/uploads\/2021\/11\/o_19934222_1024.jpg","articleSection":["BIH i regija"],"inLanguage":"hr"},{"@type":"WebPage","@id":"https:\/\/radioljubuski.ba\/index.php\/2021\/11\/08\/biden-ugodno-cavrljao-s-camillom-pa-pustio-vjetar-bio-je-dug-i-glasan-bilo-ga-je-nemoguce-ignorirati-ona-ne-prestaje-pricati-o-tome\/","url":"https:\/\/radioljubuski.ba\/index.php\/2021\/11\/08\/biden-ugodno-cavrljao-s-camillom-pa-pustio-vjetar-bio-je-dug-i-glasan-bilo-ga-je-nemoguce-ignorirati-ona-ne-prestaje-pricati-o-tome\/","name":"Biden ugodno \u010davrljao s Camillom, pa \u2018pustio vjetar\u2018: \u2018Bio je dug i glasan, bilo ga je nemogu\u0107e ignorirati. Ona ne prestaje pri\u010dati o tome\u2018 - RADIO LJUBU\u0160KI","isPartOf":{"@id":"https:\/\/radioljubuski.ba\/#website"},"primaryImageOfPage":{"@id":"https:\/\/radioljubuski.ba\/index.php\/2021\/11\/08\/biden-ugodno-cavrljao-s-camillom-pa-pustio-vjetar-bio-je-dug-i-glasan-bilo-ga-je-nemoguce-ignorirati-ona-ne-prestaje-pricati-o-tome\/#primaryimage"},"image":{"@id":"https:\/\/radioljubuski.ba\/index.php\/2021\/11\/08\/biden-ugodno-cavrljao-s-camillom-pa-pustio-vjetar-bio-je-dug-i-glasan-bilo-ga-je-nemoguce-ignorirati-ona-ne-prestaje-pricati-o-tome\/#primaryimage"},"thumbnailUrl":"https:\/\/radioljubuski.ba\/wp-content\/uploads\/2021\/11\/o_19934222_1024.jpg","datePublished":"2021-11-07T23:08:15+00:00","dateModified":"2021-11-07T23:08:17+00:00","breadcrumb":{"@id":"https:\/\/radioljubuski.ba\/index.php\/2021\/11\/08\/biden-ugodno-cavrljao-s-camillom-pa-pustio-vjetar-bio-je-dug-i-glasan-bilo-ga-je-nemoguce-ignorirati-ona-ne-prestaje-pricati-o-tome\/#breadcrumb"},"inLanguage":"hr","potentialAction":[{"@type":"ReadAction","target":["https:\/\/radioljubuski.ba\/index.php\/2021\/11\/08\/biden-ugodno-cavrljao-s-camillom-pa-pustio-vjetar-bio-je-dug-i-glasan-bilo-ga-je-nemoguce-ignorirati-ona-ne-prestaje-pricati-o-tome\/"]}]},{"@type":"ImageObject","inLanguage":"hr","@id":"https:\/\/radioljubuski.ba\/index.php\/2021\/11\/08\/biden-ugodno-cavrljao-s-camillom-pa-pustio-vjetar-bio-je-dug-i-glasan-bilo-ga-je-nemoguce-ignorirati-ona-ne-prestaje-pricati-o-tome\/#primaryimage","url":"https:\/\/radioljubuski.ba\/wp-content\/uploads\/2021\/11\/o_19934222_1024.jpg","contentUrl":"https:\/\/radioljubuski.ba\/wp-content\/uploads\/2021\/11\/o_19934222_1024.jpg","width":1024,"height":740},{"@type":"BreadcrumbList","@id":"https:\/\/radioljubuski.ba\/index.php\/2021\/11\/08\/biden-ugodno-cavrljao-s-camillom-pa-pustio-vjetar-bio-je-dug-i-glasan-bilo-ga-je-nemoguce-ignorirati-ona-ne-prestaje-pricati-o-tome\/#breadcrumb","itemListElement":[{"@type":"ListItem","position":1,"name":"Po\u010detna stranica","item":"https:\/\/radioljubuski.ba\/"},{"@type":"ListItem","position":2,"name":"Biden ugodno \u010davrljao s Camillom, pa \u2018pustio vjetar\u2018: \u2018Bio je dug i glasan, bilo ga je nemogu\u0107e ignorirati. Ona ne prestaje pri\u010dati o tome\u2018"}]},{"@type":"WebSite","@id":"https:\/\/radioljubuski.ba\/#website","url":"https:\/\/radioljubuski.ba\/","name":"Radio Ljubu\u0161ki","description":"Sun\u010dana frekvencija Hercegovine","publisher":{"@id":"https:\/\/radioljubuski.ba\/#organization"},"potentialAction":[{"@type":"SearchAction","target":{"@type":"EntryPoint","urlTemplate":"https:\/\/radioljubuski.ba\/?s={search_term_string}"},"query-input":{"@type":"PropertyValueSpecification","valueRequired":true,"valueName":"search_term_string"}}],"inLanguage":"hr"},{"@type":"Organization","@id":"https:\/\/radioljubuski.ba\/#organization","name":"Radio Ljubu\u0161ki","url":"https:\/\/radioljubuski.ba\/","logo":{"@type":"ImageObject","inLanguage":"hr","@id":"https:\/\/radioljubuski.ba\/#\/schema\/logo\/image\/","url":"https:\/\/radioljubuski.ba\/wp-content\/uploads\/2021\/02\/cropped-Radio_Ljubuski_logo1.jpg","contentUrl":"https:\/\/radioljubuski.ba\/wp-content\/uploads\/2021\/02\/cropped-Radio_Ljubuski_logo1.jpg","width":512,"height":512,"caption":"Radio Ljubu\u0161ki"},"image":{"@id":"https:\/\/radioljubuski.ba\/#\/schema\/logo\/image\/"},"sameAs":["https:\/\/www.facebook.com\/Radiio-Ljubuski-1490835324566332","https:\/\/x.com\/radioljubuski","https:\/\/hr.linkedin.com\/company\/radio-ljubuski","https:\/\/www.youtube.com\/channel\/UCHYaeO_n0Db3tjNGudGpXyw"]},{"@type":"Person","@id":"https:\/\/radioljubuski.ba\/#\/schema\/person\/19fc700381a780f69665d7956c469e3b","name":"Radio Ljubu\u0161ki"}]}},"_links":{"self":[{"href":"https:\/\/radioljubuski.ba\/index.php\/wp-json\/wp\/v2\/posts\/86413","targetHints":{"allow":["GET"]}}],"collection":[{"href":"https:\/\/radioljubuski.ba\/index.php\/wp-json\/wp\/v2\/posts"}],"about":[{"href":"https:\/\/radioljubuski.ba\/index.php\/wp-json\/wp\/v2\/types\/post"}],"author":[{"embeddable":true,"href":"https:\/\/radioljubuski.ba\/index.php\/wp-json\/wp\/v2\/users\/2"}],"replies":[{"embeddable":true,"href":"https:\/\/radioljubuski.ba\/index.php\/wp-json\/wp\/v2\/comments?post=86413"}],"version-history":[{"count":1,"href":"https:\/\/radioljubuski.ba\/index.php\/wp-json\/wp\/v2\/posts\/86413\/revisions"}],"predecessor-version":[{"id":86415,"href":"https:\/\/radioljubuski.ba\/index.php\/wp-json\/wp\/v2\/posts\/86413\/revisions\/86415"}],"wp:featuredmedia":[{"embeddable":true,"href":"https:\/\/radioljubuski.ba\/index.php\/wp-json\/wp\/v2\/media\/86414"}],"wp:attachment":[{"href":"https:\/\/radioljubuski.ba\/index.php\/wp-json\/wp\/v2\/media?parent=86413"}],"wp:term":[{"taxonomy":"category","embeddable":true,"href":"https:\/\/radioljubuski.ba\/index.php\/wp-json\/wp\/v2\/categories?post=86413"},{"taxonomy":"post_tag","embeddable":true,"href":"https:\/\/radioljubuski.ba\/index.php\/wp-json\/wp\/v2\/tags?post=86413"}],"curies":[{"name":"wp","href":"https:\/\/api.w.org\/{rel}","templated":true}]}}