{"id":86444,"date":"2021-11-08T00:31:07","date_gmt":"2021-11-07T23:31:07","guid":{"rendered":"https:\/\/radioljubuski.ba\/?p=86444"},"modified":"2021-11-08T00:31:09","modified_gmt":"2021-11-07T23:31:09","slug":"sinu-aleksandra-vucica-danilu-ukinuta-zabrana-ulaska-u-crnu-goru-a-medu-sigurnosno-interesantnim-osobama-nasao-se-zbog-druzenja-s-glavnim-srpskim-kriminalcima","status":"publish","type":"post","link":"https:\/\/radioljubuski.ba\/index.php\/2021\/11\/08\/sinu-aleksandra-vucica-danilu-ukinuta-zabrana-ulaska-u-crnu-goru-a-medu-sigurnosno-interesantnim-osobama-nasao-se-zbog-druzenja-s-glavnim-srpskim-kriminalcima\/","title":{"rendered":"Sinu Aleksandra Vu\u010di\u0107a, Danilu, ukinuta zabrana ulaska u Crnu Goru, a me\u0111u \u2018sigurnosno interesantnim osobama\u2018 na\u0161ao se zbog dru\u017eenja s glavnim srpskim kriminalcima"},"content":{"rendered":"\n<p>Sin predsjednika Srbije mo\u017ee ponovno u\u0107i u Crnu Goru, mo\u017ee posjetiti stari grad u Budvi, oti\u0107i na Lov\u0107en, u\u017eivati na Adi Bojani, vozi se \u010damcem po Skadarskom jezeru. Jedino mo\u017eda ne bi trebao oti\u0107i u Kotor.<\/p>\n\n\n\n<p>Iz Uprave crnogorske policije priop\u0107eno je da je revidirana lista stranaca kojima je zabranjen ulaz u tu zemlju, i da je s nje skinuto 18 osoba. Bez sumnje najzvu\u010dnije ime je&nbsp;<strong>Danilo Vu\u010di\u0107<\/strong>, sin predsjednika Republike Srbije&nbsp;<strong>Aleksandra Vu\u010di\u0107a<\/strong>, za kojega se nije ni znalo da ga crnogorski obavje\u0161tajci, koji sa\u010dinjavaju listu nepo\u017eeljnih, smatraju&nbsp;<strong>&#8220;sigurnosno interesantnom osobom&#8221;.<\/strong><\/p>\n\n\n\n<p>Taj izraz koji se upotrebljava u Crnoj Gori pandan je srpskom &#8220;kontroverznom biznismenu&#8221; \u2013 dakle, koristi se kada postoji jaka sumnja da je ta osoba \u010dlan neke kriminalne grupe ili bliska nekoj kriminalnoj grupi i bavi se sumnjivim poslovima (ali nema dovoljno dokaza da bi bila procesuirana na sudu), pi\u0161e&nbsp;<strong>Milo\u0161 \u017d. Lazi\u0107<\/strong>&nbsp;za&nbsp;<a href=\"https:\/\/nova.rs\/uncategorized\/da-li-je-zbog-ovoga-danilo-vucic-bio-persona-non-grata-u-crnoj-gori\/?ref=fbnova&amp;fbclid=IwAR3kg3b9MhSHuvt4Ks7fF8n7LGo2Hgf6MGnniqk5N3JB-u6ezzpK4u4h5dw\" target=\"_blank\" rel=\"noreferrer noopener\">Novu.rs<\/a>.<\/p>\n\n\n\n<p>Pa kako se onda Danilo Vu\u010di\u0107 na\u0161ao na crnogorskoj &#8220;crnoj listi nepo\u017eeljnih&#8221;? Na tom popisu na\u0161li su se i neki ljudi po politi\u010dkoj liniji, jer ih je prethodna crnogorska vlast smatrala opasnim upravo po politi\u010dkoj liniji, kao nositelje velikosrpske politike. Na\u017ealost, \u010dini se da se Danilo na toj listi nije na\u0161ao ni zbog politike, niti je to bila pakosna poruka njegovom ocu, predsjedniku Republike.<\/p>\n\n\n\n<p>&#8220;Danilo Vu\u010di\u0107 je progla\u0161en sigurnosno interesantnom osobom<strong>&nbsp;zbog bliskosti jednom kriminalno<\/strong>m klanu koji deluje i u Crnoj Gori i u Srbiji. U javnosti su se nekoliko puta pojavile slike gdje je Danilo Vu\u010di\u0107 u dru\u0161tvu nekih pripadnika tog klana i to nisu vidjeli samo gra\u0111ani, ve\u0107 i sigurnosne slu\u017ebe i zbog toga je odlu\u010deno da se Danilo Vu\u010di\u0107 stavi na listu sigurnosno interesantnih osoba kojima je iz opreza zabranjen ulaz u tu dr\u017eavu&#8221;, navodi dobro obavije\u0161teni izvor Nove.rs iz Crne Gore.<\/p>\n\n\n\n<p>Na\u017ealost, u pitanju nije politika. Prije \u0107e biti da je Danilovo skidanje s te liste stvar politike i dobre volje nove crnogorske vlade, jer su s liste skinuti i zastupnik&nbsp;<strong>Vladimir \u0110ukanovi\u0107, Milica \u0110ur\u0111evi\u0107<\/strong>&nbsp;iz stranke &#8220;Dveri&#8221;, pa i pjeva\u010d&nbsp;<strong>Vlado Georgijev<\/strong>. Srpska javnost nije znala da je Danilo Vu\u010di\u0107 progla\u0161en sigurnosno interesantnom osobom, a valjda je to jedini sin predsjednika neke europske zemlje kojeme je zabranjen ulaz u neku dr\u017eavu, iz \u010dega se vidi da nije u pitanju politi\u010dko prepucavanje.<\/p>\n\n\n\n<h2 class=\"wp-block-heading\">&nbsp;MIJENJAJU SE KLANOVI, &#8216;ACA RO\u0160AVI&#8217; OSTAJE<\/h2>\n\n\n\n<p>A budu\u0107i da fotografija govori vi\u0161e od tisu\u0107u rije\u010di, te\u0161ko je racionalno objasniti niz &#8220;slu\u010dajnih&#8221; susreta Danila Vu\u010di\u0107a s huliganima koji imaju podeblji policijski dosje, a neki su svojevremeno bili vrlo bliski ubijenom&nbsp;<strong>Aleksandru Stankovi\u0107u<\/strong>&nbsp;i uhi\u0107enima Veljku Belivuku i&nbsp;<strong>Marku Miljkovi\u0107u<\/strong>. Da sve bude jo\u0161 gore, na nekim fotografijama su s Danilom Vu\u010di\u0107em optu\u017eeni za otmice, mu\u010denje, saka\u0107enje i ubijanje ljudi u ku\u0107i strave u Ritopeku.<\/p>\n\n\n\n<p>Danilo Vu\u010di\u0107 je nekoliko puta fotografiran u dru\u0161tvu&nbsp;<strong>Aleksandra Vidojevi\u0107a<\/strong>, zvanog&nbsp;<strong>Aca Ro\u0161avi<\/strong>, navija\u010da Partizana koji je nekada zauzimao visoko mjesto u navija\u010dkoj grupi &#8220;Janji\u010dari&#8221; koju je vodio pokojni&nbsp;<strong>Aleksandar Stankovi\u0107<\/strong>&nbsp;zvani&nbsp;<strong>Sale Mutavi<\/strong>, poslije \u010dije smrti tu grupu preuzimaju Veljko Belivuk i Marko Miljkovi\u0107 i &#8220;rebrendiraju&#8221; je u ozlogla\u0161ene &#8220;Principe&#8221;. Vidojevi\u0107 je i tu pri vrhu piramide, pi\u0161e&nbsp;<a href=\"https:\/\/nova.rs\/uncategorized\/da-li-je-zbog-ovoga-danilo-vucic-bio-persona-non-grata-u-crnoj-gori\/?ref=fbnova&amp;fbclid=IwAR3kg3b9MhSHuvt4Ks7fF8n7LGo2Hgf6MGnniqk5N3JB-u6ezzpK4u4h5dw\" target=\"_blank\" rel=\"noreferrer noopener\">Nova.rs<\/a>.<\/p>\n\n\n\n<p>Ro\u0161avi je najpoznatijii po doga\u0111aju iz listopada 2018. godine, kada je predvodio kaznenu ekspediciju Principa koja je upala u kafi\u0107 &#8220;Kontrast&#8221; u Beton hali i pretukla osiguranje, konobare, goste. To su\u0111enje jo\u0161 traje, a o\u0161te\u0107ene u tom slu\u010daju pogodila je epidemija amnezije, pa se njihovi iskazi iz sudnice bitno razlikuju od izjave u policiji.<\/p>\n\n\n\n<figure class=\"wp-block-image\"><img decoding=\"async\" src=\"https:\/\/static.slobodnadalmacija.hr\/images\/slike\/2021\/11\/07\/19930122.png?1636294113\" alt=\"image\"\/><figcaption>Danilo Vu\u010di\u0107 nekoliko je puta fotografiran u dru\u0161tvu Aleksandra Vidojevi\u0107a, zvanog Aca Ro\u0161avi, navija\u010da Partizana koji je nekada zauzimao visoko mjesto u navija\u010dkoj grupi &#8216;Janji\u010dari&#8217;<\/figcaption><\/figure>\n\n\n\n<p>Pona\u0161anje o\u0161te\u0107enih i svjedoka ne \u010dudi, jer poslije objavljivanje slike Danila Vu\u010di\u0107a i Aleksandra Vidojevi\u0107a krenula je lavina izjava u kojima se to ozna\u010dava kao proganjanje Danila Vu\u010di\u0107a, dok je Aca Ro\u0161avi prekr\u0161ten u &#8220;nekog mladi\u0107a&#8221;.<\/p>\n\n\n\n<p>&#8220;Taj mladi\u0107 je navija\u010d Partizana. Oni su te ve\u010deri bili na dvije strane. Moj sin je navijao za Zvezdu. Gledali su u kafi\u0107u utakmicu. Ni\u0161ta nisu uradili. Taj mladi\u0107 nikada nije gonjen ni za kakvu drogu ni za bilo \u0161to. Nikada. Ni danas. Nikada. Gonjen je za tu\u010de, dva puta, nikada pravomo\u0107no osu\u0111ivan&#8221;, izjavio je tim povodom Danilov otac, Aleksandar Vu\u010di\u0107. Poslije te Vu\u010di\u0107eve izjave Ro\u0161avi \u0107e najvjerojatnije i ostati neosu\u0111ivan.<\/p>\n\n\n\n<p>Ali, predsjednik je malo pogrije\u0161io. Vidojevi\u0107 ima i te kakvu pretpovijest, jer je bio u prvoj ekipi Aleksandra Stankovi\u0107a, zvanog Sale Mutavi koja je osvojila tribinu uz pomo\u0107 pojedinaca iz policije..<\/p>\n\n\n\n<h2 class=\"wp-block-heading\">DANILO KAO MOGU\u0106A META SUPARNI\u010cKOG KLANA<\/h2>\n\n\n\n<p>Dok su Saletovi &#8220;Janji\u010dari&#8221; osvajali ju\u017enu tribinu i zavodili red me\u0111u navja\u010dima Partizana, upali su 2013. godine u kafi\u0107 &#8220;Holivud&#8221; na Karaburmi, koji je dr\u017eao&nbsp;<strong>Aleksandar Vavi\u0107<\/strong>, vo\u0111a &#8220;Alkatraza&#8221;, suparni\u010dke navija\u010dke frakcije. Bilo je oko 15 napada\u010da, me\u0111u njima mnoga sada poznata imena, Aleksandar Stankovi\u0107, Veljko Belivuk,&nbsp;<strong>Aleksandar Savkovi\u0107<\/strong>&nbsp;koji je ubijen ispred kluba &#8220;Nana&#8221;,&nbsp;<strong>Boris Karapand\u017ei\u0107<\/strong>&nbsp;i Aleksandar Vidojevi\u0107, koji je o\u010digledno bio zadu\u017een za preure\u0111ivanje interijera suparni\u010dkih lokala. Budu\u0107i da su sve izlomili bejzbol palicama, pobjegli su na \u010detiri razli\u010dite strane. Ipak, policija je u Bulevaru despota Stefana presrela automobil. Iz policije je priop\u0107eno da su Stankovi\u0107 i Vidojevi\u0107 nosili pancirke kao i da su prona\u0111ena dva pi\u0161tolja. Onda je uslijedio \u010dudan preokret, karakteristi\u010dan za tu grupu navija\u010da. Dok je do\u0161lo do suda, pancirke i pi\u0161tolji promijenili su vlasnike i za njihovo posjedovanje osu\u0111eni su drugi ljudi, a ne Stankovi\u0107 i Vidojevi\u0107, koje je imenovala policija.<\/p>\n\n\n\n<p>Najupe\u010datljivije su ipak fotografije sa Svjetskog prvenstva u nogometu 2018. godine na koje je oti\u0161ao i Danilo kao vatreni navja\u010d. U tome nema ni\u0161ta lo\u0161e, netko je snimio na\u0161e navija\u010de, a onda je po\u010delo prepoznavanje ljudi koji slave zajedno s Danilom Vu\u010di\u0107em i koji su navodno u Moskvu do\u0161li istim \u010darter letom kao i Danilo. Sa jedne strane bio je tu stari poznanik i prijatelj, neizbje\u017eni Aleksandar Vidojevi\u0107 zvani Aca Ro\u0161avi. Pored predsjednikovog sina je i Boris Karapand\u017ei\u0107, koji se nalazi trenutno u pritvoru jer je bio dio ekipe koja je otimala, mu\u010dila, sakatila i na zvjerski na\u010din ubijala ljude u Ritopeku.<\/p>\n\n\n\n<figure class=\"wp-block-image\"><img decoding=\"async\" src=\"https:\/\/static.slobodnadalmacija.hr\/images\/slike\/2021\/11\/07\/19930232.jpg?1636294113\" alt=\"image\"\/><figcaption>Danilu Vu\u010di\u0107u preporu\u010deno je da ne ide u Kotor, kojim drmaju kriminalni klanovi<\/figcaption><\/figure>\n\n\n\n<p>Tu je i&nbsp;<strong>Milan Krasi\u0107<\/strong>, svojevremeno jedan od vo\u0111a navija\u010dke grupe &#8220;Alkatraz&#8221; koji je bio osumnji\u010den za ubojstvo&nbsp;<strong>Ivana Perovi\u0107a<\/strong>, \u010dlana rivalske navija\u010dke grupe Partizana &#8220;Zabranjeni&#8221;: Krasi\u0107 nikada nije optu\u017een, premda me\u0111u navja\u010dima nema sumnje u to tko je ubio Perovi\u0107a. Jedna snimka, jedan predsjedni\u010dki sin i nekoliko ljudi osumnji\u010denih za ubojstva.<\/p>\n\n\n\n<p>U to vrijeme ve\u0107 uveliko bjesni rat izme\u0111u kava\u010dkog i \u0161kaljarskog klana, a &#8220;Principi&#8221; Velje Nevolje su u prvim redovima te borbe. Tih godina ubijeno je i nekoliko ljudi bliskih&nbsp;<strong>Luki Bojovi\u0107u<\/strong>, s kojima su Partizanovi huligani tako\u0111er u ratu, jer klan Bojovi\u0107 je saveznik \u0160kaljaraca. Samim tim \u0161to se na\u0161ao u dru\u0161tvu takvih likova, Danilo je dospio i u vidokrug crnogorske policije, jer se zabrana ulaska odnosi i na osobe koje su bliske jednom od dva zara\u0107ena kotorska klana. Osim toga, zbog svojih prijatelja s tribine, Danilo mo\u017ee u o\u010dima suparni\u010dkog klana postati legitimna meta. Pri svemu tome ne treba izgubiti iz vida da je srpska policija obilato logisti\u010dki, ali i na druge na\u010dine pomagala ekipu Velje Nevolje, koja je saveznik kava\u010dkog klana.<\/p>\n\n\n\n<p>I da se razjasni jedna stvar, Danilo Vu\u010di\u0107 mo\u017ee biti dijete samo za svog oca Aleksandra i normalno je da \u0107e mu zauvijek biti dijete, i kada bude imao 30 godina. Za ostale koji upotrebljavaju rije\u010d dijete za Danila, kratko obja\u0161njenje, formalno pravno dijetetom se smatra osoba do 14 godina, onda postaje maloljetnik do 18. godine i punoljetstva. Do 21 godine je mla\u0111i punoljetnik. Danilo Vu\u010di\u0107 ima 24 godine, odavno vi\u0161e nije ni dijete, ve\u0107 \u010dovjek, pi\u0161e&nbsp;<a href=\"https:\/\/nova.rs\/uncategorized\/da-li-je-zbog-ovoga-danilo-vucic-bio-persona-non-grata-u-crnoj-gori\/?ref=fbnova&amp;fbclid=IwAR3kg3b9MhSHuvt4Ks7fF8n7LGo2Hgf6MGnniqk5N3JB-u6ezzpK4u4h5dw\" target=\"_blank\" rel=\"noreferrer noopener\">Nova.rs<\/a>.<\/p>\n\n\n\n<p><strong>PI\u0160E&nbsp;<\/strong>PSD<\/p>\n","protected":false},"excerpt":{"rendered":"<p>Sin predsjednika Srbije mo\u017ee ponovno u\u0107i u Crnu Goru, mo\u017ee posjetiti stari grad u Budvi, oti\u0107i na Lov\u0107en, u\u017eivati na Adi Bojani, vozi se \u010damcem po Skadarskom jezeru. Jedino mo\u017eda ne bi trebao oti\u0107i u Kotor. Iz Uprave crnogorske policije priop\u0107eno je da je revidirana lista stranaca kojima je zabranjen ulaz u tu zemlju, i [&hellip;]<\/p>\n","protected":false},"author":2,"featured_media":86445,"comment_status":"closed","ping_status":"closed","sticky":false,"template":"","format":"standard","meta":{"h5ap_radio_sources":[],"footnotes":""},"categories":[1],"tags":[],"class_list":["post-86444","post","type-post","status-publish","format-standard","has-post-thumbnail","hentry","category-bihiregija"],"yoast_head":"<!-- This site is optimized with the Yoast SEO plugin v27.5 - https:\/\/yoast.com\/product\/yoast-seo-wordpress\/ -->\n<title>Sinu Aleksandra Vu\u010di\u0107a, Danilu, ukinuta zabrana ulaska u Crnu Goru, a me\u0111u \u2018sigurnosno interesantnim osobama\u2018 na\u0161ao se zbog dru\u017eenja s glavnim srpskim kriminalcima - RADIO LJUBU\u0160KI<\/title>\n<meta name=\"robots\" content=\"index, follow, max-snippet:-1, max-image-preview:large, max-video-preview:-1\" \/>\n<link rel=\"canonical\" href=\"https:\/\/radioljubuski.ba\/index.php\/2021\/11\/08\/sinu-aleksandra-vucica-danilu-ukinuta-zabrana-ulaska-u-crnu-goru-a-medu-sigurnosno-interesantnim-osobama-nasao-se-zbog-druzenja-s-glavnim-srpskim-kriminalcima\/\" \/>\n<meta property=\"og:locale\" content=\"hr_HR\" \/>\n<meta property=\"og:type\" content=\"article\" \/>\n<meta property=\"og:title\" content=\"Sinu Aleksandra Vu\u010di\u0107a, Danilu, ukinuta zabrana ulaska u Crnu Goru, a me\u0111u \u2018sigurnosno interesantnim osobama\u2018 na\u0161ao se zbog dru\u017eenja s glavnim srpskim kriminalcima - RADIO LJUBU\u0160KI\" \/>\n<meta property=\"og:description\" content=\"Sin predsjednika Srbije mo\u017ee ponovno u\u0107i u Crnu Goru, mo\u017ee posjetiti stari grad u Budvi, oti\u0107i na Lov\u0107en, u\u017eivati na Adi Bojani, vozi se \u010damcem po Skadarskom jezeru. Jedino mo\u017eda ne bi trebao oti\u0107i u Kotor. Iz Uprave crnogorske policije priop\u0107eno je da je revidirana lista stranaca kojima je zabranjen ulaz u tu zemlju, i [&hellip;]\" \/>\n<meta property=\"og:url\" content=\"https:\/\/radioljubuski.ba\/index.php\/2021\/11\/08\/sinu-aleksandra-vucica-danilu-ukinuta-zabrana-ulaska-u-crnu-goru-a-medu-sigurnosno-interesantnim-osobama-nasao-se-zbog-druzenja-s-glavnim-srpskim-kriminalcima\/\" \/>\n<meta property=\"og:site_name\" content=\"RADIO LJUBU\u0160KI\" \/>\n<meta property=\"article:publisher\" content=\"https:\/\/www.facebook.com\/Radiio-Ljubuski-1490835324566332\" \/>\n<meta property=\"article:published_time\" content=\"2021-11-07T23:31:07+00:00\" \/>\n<meta property=\"article:modified_time\" content=\"2021-11-07T23:31:09+00:00\" \/>\n<meta property=\"og:image\" content=\"https:\/\/radioljubuski.ba\/wp-content\/uploads\/2021\/11\/o_19930120_1024.png\" \/>\n\t<meta property=\"og:image:width\" content=\"1024\" \/>\n\t<meta property=\"og:image:height\" content=\"640\" \/>\n\t<meta property=\"og:image:type\" content=\"image\/png\" \/>\n<meta name=\"author\" content=\"Radio Ljubu\u0161ki\" \/>\n<meta name=\"twitter:card\" content=\"summary_large_image\" \/>\n<meta name=\"twitter:creator\" content=\"@radioljubuski\" \/>\n<meta name=\"twitter:site\" content=\"@radioljubuski\" \/>\n<meta name=\"twitter:label1\" content=\"Napisao\/la\" \/>\n\t<meta name=\"twitter:data1\" content=\"Radio Ljubu\u0161ki\" \/>\n\t<meta name=\"twitter:label2\" content=\"Procijenjeno vrijeme \u010ditanja\" \/>\n\t<meta name=\"twitter:data2\" content=\"6 minuta\" \/>\n<script type=\"application\/ld+json\" class=\"yoast-schema-graph\">{\"@context\":\"https:\\\/\\\/schema.org\",\"@graph\":[{\"@type\":\"Article\",\"@id\":\"https:\\\/\\\/radioljubuski.ba\\\/index.php\\\/2021\\\/11\\\/08\\\/sinu-aleksandra-vucica-danilu-ukinuta-zabrana-ulaska-u-crnu-goru-a-medu-sigurnosno-interesantnim-osobama-nasao-se-zbog-druzenja-s-glavnim-srpskim-kriminalcima\\\/#article\",\"isPartOf\":{\"@id\":\"https:\\\/\\\/radioljubuski.ba\\\/index.php\\\/2021\\\/11\\\/08\\\/sinu-aleksandra-vucica-danilu-ukinuta-zabrana-ulaska-u-crnu-goru-a-medu-sigurnosno-interesantnim-osobama-nasao-se-zbog-druzenja-s-glavnim-srpskim-kriminalcima\\\/\"},\"author\":{\"name\":\"Radio Ljubu\u0161ki\",\"@id\":\"https:\\\/\\\/radioljubuski.ba\\\/#\\\/schema\\\/person\\\/19fc700381a780f69665d7956c469e3b\"},\"headline\":\"Sinu Aleksandra Vu\u010di\u0107a, Danilu, ukinuta zabrana ulaska u Crnu Goru, a me\u0111u \u2018sigurnosno interesantnim osobama\u2018 na\u0161ao se zbog dru\u017eenja s glavnim srpskim kriminalcima\",\"datePublished\":\"2021-11-07T23:31:07+00:00\",\"dateModified\":\"2021-11-07T23:31:09+00:00\",\"mainEntityOfPage\":{\"@id\":\"https:\\\/\\\/radioljubuski.ba\\\/index.php\\\/2021\\\/11\\\/08\\\/sinu-aleksandra-vucica-danilu-ukinuta-zabrana-ulaska-u-crnu-goru-a-medu-sigurnosno-interesantnim-osobama-nasao-se-zbog-druzenja-s-glavnim-srpskim-kriminalcima\\\/\"},\"wordCount\":1482,\"publisher\":{\"@id\":\"https:\\\/\\\/radioljubuski.ba\\\/#organization\"},\"image\":{\"@id\":\"https:\\\/\\\/radioljubuski.ba\\\/index.php\\\/2021\\\/11\\\/08\\\/sinu-aleksandra-vucica-danilu-ukinuta-zabrana-ulaska-u-crnu-goru-a-medu-sigurnosno-interesantnim-osobama-nasao-se-zbog-druzenja-s-glavnim-srpskim-kriminalcima\\\/#primaryimage\"},\"thumbnailUrl\":\"https:\\\/\\\/radioljubuski.ba\\\/wp-content\\\/uploads\\\/2021\\\/11\\\/o_19930120_1024.png\",\"articleSection\":[\"BIH i regija\"],\"inLanguage\":\"hr\"},{\"@type\":\"WebPage\",\"@id\":\"https:\\\/\\\/radioljubuski.ba\\\/index.php\\\/2021\\\/11\\\/08\\\/sinu-aleksandra-vucica-danilu-ukinuta-zabrana-ulaska-u-crnu-goru-a-medu-sigurnosno-interesantnim-osobama-nasao-se-zbog-druzenja-s-glavnim-srpskim-kriminalcima\\\/\",\"url\":\"https:\\\/\\\/radioljubuski.ba\\\/index.php\\\/2021\\\/11\\\/08\\\/sinu-aleksandra-vucica-danilu-ukinuta-zabrana-ulaska-u-crnu-goru-a-medu-sigurnosno-interesantnim-osobama-nasao-se-zbog-druzenja-s-glavnim-srpskim-kriminalcima\\\/\",\"name\":\"Sinu Aleksandra Vu\u010di\u0107a, Danilu, ukinuta zabrana ulaska u Crnu Goru, a me\u0111u \u2018sigurnosno interesantnim osobama\u2018 na\u0161ao se zbog dru\u017eenja s glavnim srpskim kriminalcima - RADIO LJUBU\u0160KI\",\"isPartOf\":{\"@id\":\"https:\\\/\\\/radioljubuski.ba\\\/#website\"},\"primaryImageOfPage\":{\"@id\":\"https:\\\/\\\/radioljubuski.ba\\\/index.php\\\/2021\\\/11\\\/08\\\/sinu-aleksandra-vucica-danilu-ukinuta-zabrana-ulaska-u-crnu-goru-a-medu-sigurnosno-interesantnim-osobama-nasao-se-zbog-druzenja-s-glavnim-srpskim-kriminalcima\\\/#primaryimage\"},\"image\":{\"@id\":\"https:\\\/\\\/radioljubuski.ba\\\/index.php\\\/2021\\\/11\\\/08\\\/sinu-aleksandra-vucica-danilu-ukinuta-zabrana-ulaska-u-crnu-goru-a-medu-sigurnosno-interesantnim-osobama-nasao-se-zbog-druzenja-s-glavnim-srpskim-kriminalcima\\\/#primaryimage\"},\"thumbnailUrl\":\"https:\\\/\\\/radioljubuski.ba\\\/wp-content\\\/uploads\\\/2021\\\/11\\\/o_19930120_1024.png\",\"datePublished\":\"2021-11-07T23:31:07+00:00\",\"dateModified\":\"2021-11-07T23:31:09+00:00\",\"breadcrumb\":{\"@id\":\"https:\\\/\\\/radioljubuski.ba\\\/index.php\\\/2021\\\/11\\\/08\\\/sinu-aleksandra-vucica-danilu-ukinuta-zabrana-ulaska-u-crnu-goru-a-medu-sigurnosno-interesantnim-osobama-nasao-se-zbog-druzenja-s-glavnim-srpskim-kriminalcima\\\/#breadcrumb\"},\"inLanguage\":\"hr\",\"potentialAction\":[{\"@type\":\"ReadAction\",\"target\":[\"https:\\\/\\\/radioljubuski.ba\\\/index.php\\\/2021\\\/11\\\/08\\\/sinu-aleksandra-vucica-danilu-ukinuta-zabrana-ulaska-u-crnu-goru-a-medu-sigurnosno-interesantnim-osobama-nasao-se-zbog-druzenja-s-glavnim-srpskim-kriminalcima\\\/\"]}]},{\"@type\":\"ImageObject\",\"inLanguage\":\"hr\",\"@id\":\"https:\\\/\\\/radioljubuski.ba\\\/index.php\\\/2021\\\/11\\\/08\\\/sinu-aleksandra-vucica-danilu-ukinuta-zabrana-ulaska-u-crnu-goru-a-medu-sigurnosno-interesantnim-osobama-nasao-se-zbog-druzenja-s-glavnim-srpskim-kriminalcima\\\/#primaryimage\",\"url\":\"https:\\\/\\\/radioljubuski.ba\\\/wp-content\\\/uploads\\\/2021\\\/11\\\/o_19930120_1024.png\",\"contentUrl\":\"https:\\\/\\\/radioljubuski.ba\\\/wp-content\\\/uploads\\\/2021\\\/11\\\/o_19930120_1024.png\",\"width\":1024,\"height\":640},{\"@type\":\"BreadcrumbList\",\"@id\":\"https:\\\/\\\/radioljubuski.ba\\\/index.php\\\/2021\\\/11\\\/08\\\/sinu-aleksandra-vucica-danilu-ukinuta-zabrana-ulaska-u-crnu-goru-a-medu-sigurnosno-interesantnim-osobama-nasao-se-zbog-druzenja-s-glavnim-srpskim-kriminalcima\\\/#breadcrumb\",\"itemListElement\":[{\"@type\":\"ListItem\",\"position\":1,\"name\":\"Po\u010detna stranica\",\"item\":\"https:\\\/\\\/radioljubuski.ba\\\/\"},{\"@type\":\"ListItem\",\"position\":2,\"name\":\"Sinu Aleksandra Vu\u010di\u0107a, Danilu, ukinuta zabrana ulaska u Crnu Goru, a me\u0111u \u2018sigurnosno interesantnim osobama\u2018 na\u0161ao se zbog dru\u017eenja s glavnim srpskim kriminalcima\"}]},{\"@type\":\"WebSite\",\"@id\":\"https:\\\/\\\/radioljubuski.ba\\\/#website\",\"url\":\"https:\\\/\\\/radioljubuski.ba\\\/\",\"name\":\"Radio Ljubu\u0161ki\",\"description\":\"Sun\u010dana frekvencija Hercegovine\",\"publisher\":{\"@id\":\"https:\\\/\\\/radioljubuski.ba\\\/#organization\"},\"potentialAction\":[{\"@type\":\"SearchAction\",\"target\":{\"@type\":\"EntryPoint\",\"urlTemplate\":\"https:\\\/\\\/radioljubuski.ba\\\/?s={search_term_string}\"},\"query-input\":{\"@type\":\"PropertyValueSpecification\",\"valueRequired\":true,\"valueName\":\"search_term_string\"}}],\"inLanguage\":\"hr\"},{\"@type\":\"Organization\",\"@id\":\"https:\\\/\\\/radioljubuski.ba\\\/#organization\",\"name\":\"Radio Ljubu\u0161ki\",\"url\":\"https:\\\/\\\/radioljubuski.ba\\\/\",\"logo\":{\"@type\":\"ImageObject\",\"inLanguage\":\"hr\",\"@id\":\"https:\\\/\\\/radioljubuski.ba\\\/#\\\/schema\\\/logo\\\/image\\\/\",\"url\":\"https:\\\/\\\/radioljubuski.ba\\\/wp-content\\\/uploads\\\/2021\\\/02\\\/cropped-Radio_Ljubuski_logo1.jpg\",\"contentUrl\":\"https:\\\/\\\/radioljubuski.ba\\\/wp-content\\\/uploads\\\/2021\\\/02\\\/cropped-Radio_Ljubuski_logo1.jpg\",\"width\":512,\"height\":512,\"caption\":\"Radio Ljubu\u0161ki\"},\"image\":{\"@id\":\"https:\\\/\\\/radioljubuski.ba\\\/#\\\/schema\\\/logo\\\/image\\\/\"},\"sameAs\":[\"https:\\\/\\\/www.facebook.com\\\/Radiio-Ljubuski-1490835324566332\",\"https:\\\/\\\/x.com\\\/radioljubuski\",\"https:\\\/\\\/hr.linkedin.com\\\/company\\\/radio-ljubuski\",\"https:\\\/\\\/www.youtube.com\\\/channel\\\/UCHYaeO_n0Db3tjNGudGpXyw\"]},{\"@type\":\"Person\",\"@id\":\"https:\\\/\\\/radioljubuski.ba\\\/#\\\/schema\\\/person\\\/19fc700381a780f69665d7956c469e3b\",\"name\":\"Radio Ljubu\u0161ki\"}]}<\/script>\n<!-- \/ Yoast SEO plugin. -->","yoast_head_json":{"title":"Sinu Aleksandra Vu\u010di\u0107a, Danilu, ukinuta zabrana ulaska u Crnu Goru, a me\u0111u \u2018sigurnosno interesantnim osobama\u2018 na\u0161ao se zbog dru\u017eenja s glavnim srpskim kriminalcima - RADIO LJUBU\u0160KI","robots":{"index":"index","follow":"follow","max-snippet":"max-snippet:-1","max-image-preview":"max-image-preview:large","max-video-preview":"max-video-preview:-1"},"canonical":"https:\/\/radioljubuski.ba\/index.php\/2021\/11\/08\/sinu-aleksandra-vucica-danilu-ukinuta-zabrana-ulaska-u-crnu-goru-a-medu-sigurnosno-interesantnim-osobama-nasao-se-zbog-druzenja-s-glavnim-srpskim-kriminalcima\/","og_locale":"hr_HR","og_type":"article","og_title":"Sinu Aleksandra Vu\u010di\u0107a, Danilu, ukinuta zabrana ulaska u Crnu Goru, a me\u0111u \u2018sigurnosno interesantnim osobama\u2018 na\u0161ao se zbog dru\u017eenja s glavnim srpskim kriminalcima - RADIO LJUBU\u0160KI","og_description":"Sin predsjednika Srbije mo\u017ee ponovno u\u0107i u Crnu Goru, mo\u017ee posjetiti stari grad u Budvi, oti\u0107i na Lov\u0107en, u\u017eivati na Adi Bojani, vozi se \u010damcem po Skadarskom jezeru. Jedino mo\u017eda ne bi trebao oti\u0107i u Kotor. Iz Uprave crnogorske policije priop\u0107eno je da je revidirana lista stranaca kojima je zabranjen ulaz u tu zemlju, i [&hellip;]","og_url":"https:\/\/radioljubuski.ba\/index.php\/2021\/11\/08\/sinu-aleksandra-vucica-danilu-ukinuta-zabrana-ulaska-u-crnu-goru-a-medu-sigurnosno-interesantnim-osobama-nasao-se-zbog-druzenja-s-glavnim-srpskim-kriminalcima\/","og_site_name":"RADIO LJUBU\u0160KI","article_publisher":"https:\/\/www.facebook.com\/Radiio-Ljubuski-1490835324566332","article_published_time":"2021-11-07T23:31:07+00:00","article_modified_time":"2021-11-07T23:31:09+00:00","og_image":[{"width":1024,"height":640,"url":"https:\/\/radioljubuski.ba\/wp-content\/uploads\/2021\/11\/o_19930120_1024.png","type":"image\/png"}],"author":"Radio Ljubu\u0161ki","twitter_card":"summary_large_image","twitter_creator":"@radioljubuski","twitter_site":"@radioljubuski","twitter_misc":{"Napisao\/la":"Radio Ljubu\u0161ki","Procijenjeno vrijeme \u010ditanja":"6 minuta"},"schema":{"@context":"https:\/\/schema.org","@graph":[{"@type":"Article","@id":"https:\/\/radioljubuski.ba\/index.php\/2021\/11\/08\/sinu-aleksandra-vucica-danilu-ukinuta-zabrana-ulaska-u-crnu-goru-a-medu-sigurnosno-interesantnim-osobama-nasao-se-zbog-druzenja-s-glavnim-srpskim-kriminalcima\/#article","isPartOf":{"@id":"https:\/\/radioljubuski.ba\/index.php\/2021\/11\/08\/sinu-aleksandra-vucica-danilu-ukinuta-zabrana-ulaska-u-crnu-goru-a-medu-sigurnosno-interesantnim-osobama-nasao-se-zbog-druzenja-s-glavnim-srpskim-kriminalcima\/"},"author":{"name":"Radio Ljubu\u0161ki","@id":"https:\/\/radioljubuski.ba\/#\/schema\/person\/19fc700381a780f69665d7956c469e3b"},"headline":"Sinu Aleksandra Vu\u010di\u0107a, Danilu, ukinuta zabrana ulaska u Crnu Goru, a me\u0111u \u2018sigurnosno interesantnim osobama\u2018 na\u0161ao se zbog dru\u017eenja s glavnim srpskim kriminalcima","datePublished":"2021-11-07T23:31:07+00:00","dateModified":"2021-11-07T23:31:09+00:00","mainEntityOfPage":{"@id":"https:\/\/radioljubuski.ba\/index.php\/2021\/11\/08\/sinu-aleksandra-vucica-danilu-ukinuta-zabrana-ulaska-u-crnu-goru-a-medu-sigurnosno-interesantnim-osobama-nasao-se-zbog-druzenja-s-glavnim-srpskim-kriminalcima\/"},"wordCount":1482,"publisher":{"@id":"https:\/\/radioljubuski.ba\/#organization"},"image":{"@id":"https:\/\/radioljubuski.ba\/index.php\/2021\/11\/08\/sinu-aleksandra-vucica-danilu-ukinuta-zabrana-ulaska-u-crnu-goru-a-medu-sigurnosno-interesantnim-osobama-nasao-se-zbog-druzenja-s-glavnim-srpskim-kriminalcima\/#primaryimage"},"thumbnailUrl":"https:\/\/radioljubuski.ba\/wp-content\/uploads\/2021\/11\/o_19930120_1024.png","articleSection":["BIH i regija"],"inLanguage":"hr"},{"@type":"WebPage","@id":"https:\/\/radioljubuski.ba\/index.php\/2021\/11\/08\/sinu-aleksandra-vucica-danilu-ukinuta-zabrana-ulaska-u-crnu-goru-a-medu-sigurnosno-interesantnim-osobama-nasao-se-zbog-druzenja-s-glavnim-srpskim-kriminalcima\/","url":"https:\/\/radioljubuski.ba\/index.php\/2021\/11\/08\/sinu-aleksandra-vucica-danilu-ukinuta-zabrana-ulaska-u-crnu-goru-a-medu-sigurnosno-interesantnim-osobama-nasao-se-zbog-druzenja-s-glavnim-srpskim-kriminalcima\/","name":"Sinu Aleksandra Vu\u010di\u0107a, Danilu, ukinuta zabrana ulaska u Crnu Goru, a me\u0111u \u2018sigurnosno interesantnim osobama\u2018 na\u0161ao se zbog dru\u017eenja s glavnim srpskim kriminalcima - RADIO LJUBU\u0160KI","isPartOf":{"@id":"https:\/\/radioljubuski.ba\/#website"},"primaryImageOfPage":{"@id":"https:\/\/radioljubuski.ba\/index.php\/2021\/11\/08\/sinu-aleksandra-vucica-danilu-ukinuta-zabrana-ulaska-u-crnu-goru-a-medu-sigurnosno-interesantnim-osobama-nasao-se-zbog-druzenja-s-glavnim-srpskim-kriminalcima\/#primaryimage"},"image":{"@id":"https:\/\/radioljubuski.ba\/index.php\/2021\/11\/08\/sinu-aleksandra-vucica-danilu-ukinuta-zabrana-ulaska-u-crnu-goru-a-medu-sigurnosno-interesantnim-osobama-nasao-se-zbog-druzenja-s-glavnim-srpskim-kriminalcima\/#primaryimage"},"thumbnailUrl":"https:\/\/radioljubuski.ba\/wp-content\/uploads\/2021\/11\/o_19930120_1024.png","datePublished":"2021-11-07T23:31:07+00:00","dateModified":"2021-11-07T23:31:09+00:00","breadcrumb":{"@id":"https:\/\/radioljubuski.ba\/index.php\/2021\/11\/08\/sinu-aleksandra-vucica-danilu-ukinuta-zabrana-ulaska-u-crnu-goru-a-medu-sigurnosno-interesantnim-osobama-nasao-se-zbog-druzenja-s-glavnim-srpskim-kriminalcima\/#breadcrumb"},"inLanguage":"hr","potentialAction":[{"@type":"ReadAction","target":["https:\/\/radioljubuski.ba\/index.php\/2021\/11\/08\/sinu-aleksandra-vucica-danilu-ukinuta-zabrana-ulaska-u-crnu-goru-a-medu-sigurnosno-interesantnim-osobama-nasao-se-zbog-druzenja-s-glavnim-srpskim-kriminalcima\/"]}]},{"@type":"ImageObject","inLanguage":"hr","@id":"https:\/\/radioljubuski.ba\/index.php\/2021\/11\/08\/sinu-aleksandra-vucica-danilu-ukinuta-zabrana-ulaska-u-crnu-goru-a-medu-sigurnosno-interesantnim-osobama-nasao-se-zbog-druzenja-s-glavnim-srpskim-kriminalcima\/#primaryimage","url":"https:\/\/radioljubuski.ba\/wp-content\/uploads\/2021\/11\/o_19930120_1024.png","contentUrl":"https:\/\/radioljubuski.ba\/wp-content\/uploads\/2021\/11\/o_19930120_1024.png","width":1024,"height":640},{"@type":"BreadcrumbList","@id":"https:\/\/radioljubuski.ba\/index.php\/2021\/11\/08\/sinu-aleksandra-vucica-danilu-ukinuta-zabrana-ulaska-u-crnu-goru-a-medu-sigurnosno-interesantnim-osobama-nasao-se-zbog-druzenja-s-glavnim-srpskim-kriminalcima\/#breadcrumb","itemListElement":[{"@type":"ListItem","position":1,"name":"Po\u010detna stranica","item":"https:\/\/radioljubuski.ba\/"},{"@type":"ListItem","position":2,"name":"Sinu Aleksandra Vu\u010di\u0107a, Danilu, ukinuta zabrana ulaska u Crnu Goru, a me\u0111u \u2018sigurnosno interesantnim osobama\u2018 na\u0161ao se zbog dru\u017eenja s glavnim srpskim kriminalcima"}]},{"@type":"WebSite","@id":"https:\/\/radioljubuski.ba\/#website","url":"https:\/\/radioljubuski.ba\/","name":"Radio Ljubu\u0161ki","description":"Sun\u010dana frekvencija Hercegovine","publisher":{"@id":"https:\/\/radioljubuski.ba\/#organization"},"potentialAction":[{"@type":"SearchAction","target":{"@type":"EntryPoint","urlTemplate":"https:\/\/radioljubuski.ba\/?s={search_term_string}"},"query-input":{"@type":"PropertyValueSpecification","valueRequired":true,"valueName":"search_term_string"}}],"inLanguage":"hr"},{"@type":"Organization","@id":"https:\/\/radioljubuski.ba\/#organization","name":"Radio Ljubu\u0161ki","url":"https:\/\/radioljubuski.ba\/","logo":{"@type":"ImageObject","inLanguage":"hr","@id":"https:\/\/radioljubuski.ba\/#\/schema\/logo\/image\/","url":"https:\/\/radioljubuski.ba\/wp-content\/uploads\/2021\/02\/cropped-Radio_Ljubuski_logo1.jpg","contentUrl":"https:\/\/radioljubuski.ba\/wp-content\/uploads\/2021\/02\/cropped-Radio_Ljubuski_logo1.jpg","width":512,"height":512,"caption":"Radio Ljubu\u0161ki"},"image":{"@id":"https:\/\/radioljubuski.ba\/#\/schema\/logo\/image\/"},"sameAs":["https:\/\/www.facebook.com\/Radiio-Ljubuski-1490835324566332","https:\/\/x.com\/radioljubuski","https:\/\/hr.linkedin.com\/company\/radio-ljubuski","https:\/\/www.youtube.com\/channel\/UCHYaeO_n0Db3tjNGudGpXyw"]},{"@type":"Person","@id":"https:\/\/radioljubuski.ba\/#\/schema\/person\/19fc700381a780f69665d7956c469e3b","name":"Radio Ljubu\u0161ki"}]}},"_links":{"self":[{"href":"https:\/\/radioljubuski.ba\/index.php\/wp-json\/wp\/v2\/posts\/86444","targetHints":{"allow":["GET"]}}],"collection":[{"href":"https:\/\/radioljubuski.ba\/index.php\/wp-json\/wp\/v2\/posts"}],"about":[{"href":"https:\/\/radioljubuski.ba\/index.php\/wp-json\/wp\/v2\/types\/post"}],"author":[{"embeddable":true,"href":"https:\/\/radioljubuski.ba\/index.php\/wp-json\/wp\/v2\/users\/2"}],"replies":[{"embeddable":true,"href":"https:\/\/radioljubuski.ba\/index.php\/wp-json\/wp\/v2\/comments?post=86444"}],"version-history":[{"count":1,"href":"https:\/\/radioljubuski.ba\/index.php\/wp-json\/wp\/v2\/posts\/86444\/revisions"}],"predecessor-version":[{"id":86446,"href":"https:\/\/radioljubuski.ba\/index.php\/wp-json\/wp\/v2\/posts\/86444\/revisions\/86446"}],"wp:featuredmedia":[{"embeddable":true,"href":"https:\/\/radioljubuski.ba\/index.php\/wp-json\/wp\/v2\/media\/86445"}],"wp:attachment":[{"href":"https:\/\/radioljubuski.ba\/index.php\/wp-json\/wp\/v2\/media?parent=86444"}],"wp:term":[{"taxonomy":"category","embeddable":true,"href":"https:\/\/radioljubuski.ba\/index.php\/wp-json\/wp\/v2\/categories?post=86444"},{"taxonomy":"post_tag","embeddable":true,"href":"https:\/\/radioljubuski.ba\/index.php\/wp-json\/wp\/v2\/tags?post=86444"}],"curies":[{"name":"wp","href":"https:\/\/api.w.org\/{rel}","templated":true}]}}