{"id":86447,"date":"2021-11-08T00:36:20","date_gmt":"2021-11-07T23:36:20","guid":{"rendered":"https:\/\/radioljubuski.ba\/?p=86447"},"modified":"2021-11-08T00:36:20","modified_gmt":"2021-11-07T23:36:20","slug":"idealne-za-hladnije-dane-buhtle-s-komadicima-cokolade","status":"publish","type":"post","link":"https:\/\/radioljubuski.ba\/index.php\/2021\/11\/08\/idealne-za-hladnije-dane-buhtle-s-komadicima-cokolade\/","title":{"rendered":"Idealne za hladnije dane: Buhtle s komadi\u0107ima \u010dokolade!"},"content":{"rendered":"\n<p>Tko mo\u017ee odoljeti toplim i mirisnim pecivima s \u010dokoladom? Buhtle s komadi\u0107ima \u010dokolade idealne su za ove hladnije dane, a odli\u010dno pa\u0161u poslu\u017eene sa \u0161alicom mlijeka ili \u010daja.<\/p>\n\n\n\n<p><strong>Sastojci<\/strong><\/p>\n\n\n\n<p><strong>Sastojci za tijesto<\/strong><\/p>\n\n\n\n<ul class=\"wp-block-list\"><li>500 g glatkog bra\u0161na<\/li><li>\u00bd kockice svje\u017eeg kvasca<\/li><li>40 g \u0161e\u0107era<\/li><li>2 vanilin \u0161e\u0107era<\/li><li>prstohvat soli<\/li><li>1 jaje<\/li><li>50 g maslaca sobne temperature<\/li><li>300 ml mlakog mlijeka<\/li><li>100 g \u010dokoladnih kapljica<\/li><\/ul>\n\n\n\n<p><strong>Ostalo<\/strong><\/p>\n\n\n\n<ul class=\"wp-block-list\"><li>30 g maslaca<\/li><li>4 \u017elice mlijeka<\/li><\/ul>\n\n\n\n<p><strong>Priprema<\/strong><\/p>\n\n\n\n<p>Svje\u017ei kvasac razmrvite pa pomije\u0161ajte s 1 \u017elicom \u0161e\u0107era, 1 \u017elicom bra\u0161na i 100 ml mlakog mlijeka pa ostavite 15 minuta na toplom mjestu da se zapjeni. \u0160e\u0107er, bra\u0161no i mlijeko oduzmite od ukupne koli\u010dine navedenih sastojaka.<\/p>\n\n\n\n<p>U ve\u0107u zdjelu stavite bra\u0161no, \u0161e\u0107er, razmu\u0107eno jaje, mlijeko, maslac, sol i pripremljeni kvas pa spiralnim nastavcima za miksanje izradite tijesto. Na kraju dodajte \u010dokoladne kapljice pa rukama jo\u0161 kratko umijesite tijesto da se \u010dokolada ravnomjerno rasporedi. Zdjelu s tijestom prekrijte prozirnom folijom ili krpom te ostavite na toplom mjestu dok tijesto ne udvostru\u010di volumen.<\/p>\n\n\n\n<p>Kada tijesto dobije na volumenu, oblikujte 6 jednakih dijelova ako \u017eelite ovako ve\u0107e buhtle ili na 12 dijelova ako \u017eelite manje buhtle. Kuglice tijesta rasporedite u nama\u0161\u0107en i lagano pobra\u0161njen kalup. Ja sam koristila Zenker kalup&nbsp;koji je ina\u010de namijenjen za brownies kola\u010di\u0107e, ali za ove buhtle mi je bio idealne veli\u010dine. Kalup s tijestom pokrijte krpom i ostavite da se jo\u0161 15 minuta na toplom da dobije na volumenu.<\/p>\n\n\n\n<p>Za to vrijeme pe\u0107nicu zagrijte na 170\u00b0C. Kalup s tijestom stavite u toplu pe\u0107nicu. Buhtle pecite 20-25 minuta ovisno o ja\u010dini va\u0161e pe\u0107nice. Tek pe\u010dene buhtle prema\u017eite s otopljenim maslacem i mlijekom i ostavite ih da se malo ohlade. Buhtle poslu\u017eite mlake i potpuno ohla\u0111ene, u \u0161alicu mlijeka ili \u010daja.<\/p>\n\n\n\n<p><em>Izvor: narod.hr\/slatkisvijet.com<\/em><\/p>\n","protected":false},"excerpt":{"rendered":"<p>Tko mo\u017ee odoljeti toplim i mirisnim pecivima s \u010dokoladom? Buhtle s komadi\u0107ima \u010dokolade idealne su za ove hladnije dane, a odli\u010dno pa\u0161u poslu\u017eene sa \u0161alicom mlijeka ili \u010daja. Sastojci Sastojci za tijesto 500 g glatkog bra\u0161na \u00bd kockice svje\u017eeg kvasca 40 g \u0161e\u0107era 2 vanilin \u0161e\u0107era prstohvat soli 1 jaje 50 g maslaca sobne temperature [&hellip;]<\/p>\n","protected":false},"author":2,"featured_media":86448,"comment_status":"closed","ping_status":"closed","sticky":false,"template":"","format":"standard","meta":{"h5ap_radio_sources":[],"footnotes":""},"categories":[1],"tags":[],"class_list":["post-86447","post","type-post","status-publish","format-standard","has-post-thumbnail","hentry","category-bihiregija"],"yoast_head":"<!-- This site is optimized with the Yoast SEO plugin v27.4 - https:\/\/yoast.com\/product\/yoast-seo-wordpress\/ -->\n<title>Idealne za hladnije dane: Buhtle s komadi\u0107ima \u010dokolade! - RADIO LJUBU\u0160KI<\/title>\n<meta name=\"robots\" content=\"index, follow, max-snippet:-1, max-image-preview:large, max-video-preview:-1\" \/>\n<link rel=\"canonical\" href=\"https:\/\/radioljubuski.ba\/index.php\/2021\/11\/08\/idealne-za-hladnije-dane-buhtle-s-komadicima-cokolade\/\" \/>\n<meta property=\"og:locale\" content=\"hr_HR\" \/>\n<meta property=\"og:type\" content=\"article\" \/>\n<meta property=\"og:title\" content=\"Idealne za hladnije dane: Buhtle s komadi\u0107ima \u010dokolade! - RADIO LJUBU\u0160KI\" \/>\n<meta property=\"og:description\" content=\"Tko mo\u017ee odoljeti toplim i mirisnim pecivima s \u010dokoladom? Buhtle s komadi\u0107ima \u010dokolade idealne su za ove hladnije dane, a odli\u010dno pa\u0161u poslu\u017eene sa \u0161alicom mlijeka ili \u010daja. Sastojci Sastojci za tijesto 500 g glatkog bra\u0161na \u00bd kockice svje\u017eeg kvasca 40 g \u0161e\u0107era 2 vanilin \u0161e\u0107era prstohvat soli 1 jaje 50 g maslaca sobne temperature [&hellip;]\" \/>\n<meta property=\"og:url\" content=\"https:\/\/radioljubuski.ba\/index.php\/2021\/11\/08\/idealne-za-hladnije-dane-buhtle-s-komadicima-cokolade\/\" \/>\n<meta property=\"og:site_name\" content=\"RADIO LJUBU\u0160KI\" \/>\n<meta property=\"article:publisher\" content=\"https:\/\/www.facebook.com\/Radiio-Ljubuski-1490835324566332\" \/>\n<meta property=\"article:published_time\" content=\"2021-11-07T23:36:20+00:00\" \/>\n<meta property=\"og:image\" content=\"https:\/\/radioljubuski.ba\/wp-content\/uploads\/2021\/11\/buhtle-peciva-s-cokoladom-recept-2-9451774056.jpg\" \/>\n\t<meta property=\"og:image:width\" content=\"1000\" \/>\n\t<meta property=\"og:image:height\" content=\"595\" \/>\n\t<meta property=\"og:image:type\" content=\"image\/jpeg\" \/>\n<meta name=\"author\" content=\"Radio Ljubu\u0161ki\" \/>\n<meta name=\"twitter:card\" content=\"summary_large_image\" \/>\n<meta name=\"twitter:creator\" content=\"@radioljubuski\" \/>\n<meta name=\"twitter:site\" content=\"@radioljubuski\" \/>\n<meta name=\"twitter:label1\" content=\"Napisao\/la\" \/>\n\t<meta name=\"twitter:data1\" content=\"Radio Ljubu\u0161ki\" \/>\n\t<meta name=\"twitter:label2\" content=\"Procijenjeno vrijeme \u010ditanja\" \/>\n\t<meta name=\"twitter:data2\" content=\"2 minute\" \/>\n<script type=\"application\/ld+json\" class=\"yoast-schema-graph\">{\"@context\":\"https:\\\/\\\/schema.org\",\"@graph\":[{\"@type\":\"Article\",\"@id\":\"https:\\\/\\\/radioljubuski.ba\\\/index.php\\\/2021\\\/11\\\/08\\\/idealne-za-hladnije-dane-buhtle-s-komadicima-cokolade\\\/#article\",\"isPartOf\":{\"@id\":\"https:\\\/\\\/radioljubuski.ba\\\/index.php\\\/2021\\\/11\\\/08\\\/idealne-za-hladnije-dane-buhtle-s-komadicima-cokolade\\\/\"},\"author\":{\"name\":\"Radio Ljubu\u0161ki\",\"@id\":\"https:\\\/\\\/radioljubuski.ba\\\/#\\\/schema\\\/person\\\/19fc700381a780f69665d7956c469e3b\"},\"headline\":\"Idealne za hladnije dane: Buhtle s komadi\u0107ima \u010dokolade!\",\"datePublished\":\"2021-11-07T23:36:20+00:00\",\"mainEntityOfPage\":{\"@id\":\"https:\\\/\\\/radioljubuski.ba\\\/index.php\\\/2021\\\/11\\\/08\\\/idealne-za-hladnije-dane-buhtle-s-komadicima-cokolade\\\/\"},\"wordCount\":318,\"publisher\":{\"@id\":\"https:\\\/\\\/radioljubuski.ba\\\/#organization\"},\"image\":{\"@id\":\"https:\\\/\\\/radioljubuski.ba\\\/index.php\\\/2021\\\/11\\\/08\\\/idealne-za-hladnije-dane-buhtle-s-komadicima-cokolade\\\/#primaryimage\"},\"thumbnailUrl\":\"https:\\\/\\\/radioljubuski.ba\\\/wp-content\\\/uploads\\\/2021\\\/11\\\/buhtle-peciva-s-cokoladom-recept-2-9451774056.jpg\",\"articleSection\":[\"BIH i regija\"],\"inLanguage\":\"hr\"},{\"@type\":\"WebPage\",\"@id\":\"https:\\\/\\\/radioljubuski.ba\\\/index.php\\\/2021\\\/11\\\/08\\\/idealne-za-hladnije-dane-buhtle-s-komadicima-cokolade\\\/\",\"url\":\"https:\\\/\\\/radioljubuski.ba\\\/index.php\\\/2021\\\/11\\\/08\\\/idealne-za-hladnije-dane-buhtle-s-komadicima-cokolade\\\/\",\"name\":\"Idealne za hladnije dane: Buhtle s komadi\u0107ima \u010dokolade! - RADIO LJUBU\u0160KI\",\"isPartOf\":{\"@id\":\"https:\\\/\\\/radioljubuski.ba\\\/#website\"},\"primaryImageOfPage\":{\"@id\":\"https:\\\/\\\/radioljubuski.ba\\\/index.php\\\/2021\\\/11\\\/08\\\/idealne-za-hladnije-dane-buhtle-s-komadicima-cokolade\\\/#primaryimage\"},\"image\":{\"@id\":\"https:\\\/\\\/radioljubuski.ba\\\/index.php\\\/2021\\\/11\\\/08\\\/idealne-za-hladnije-dane-buhtle-s-komadicima-cokolade\\\/#primaryimage\"},\"thumbnailUrl\":\"https:\\\/\\\/radioljubuski.ba\\\/wp-content\\\/uploads\\\/2021\\\/11\\\/buhtle-peciva-s-cokoladom-recept-2-9451774056.jpg\",\"datePublished\":\"2021-11-07T23:36:20+00:00\",\"breadcrumb\":{\"@id\":\"https:\\\/\\\/radioljubuski.ba\\\/index.php\\\/2021\\\/11\\\/08\\\/idealne-za-hladnije-dane-buhtle-s-komadicima-cokolade\\\/#breadcrumb\"},\"inLanguage\":\"hr\",\"potentialAction\":[{\"@type\":\"ReadAction\",\"target\":[\"https:\\\/\\\/radioljubuski.ba\\\/index.php\\\/2021\\\/11\\\/08\\\/idealne-za-hladnije-dane-buhtle-s-komadicima-cokolade\\\/\"]}]},{\"@type\":\"ImageObject\",\"inLanguage\":\"hr\",\"@id\":\"https:\\\/\\\/radioljubuski.ba\\\/index.php\\\/2021\\\/11\\\/08\\\/idealne-za-hladnije-dane-buhtle-s-komadicima-cokolade\\\/#primaryimage\",\"url\":\"https:\\\/\\\/radioljubuski.ba\\\/wp-content\\\/uploads\\\/2021\\\/11\\\/buhtle-peciva-s-cokoladom-recept-2-9451774056.jpg\",\"contentUrl\":\"https:\\\/\\\/radioljubuski.ba\\\/wp-content\\\/uploads\\\/2021\\\/11\\\/buhtle-peciva-s-cokoladom-recept-2-9451774056.jpg\",\"width\":1000,\"height\":595},{\"@type\":\"BreadcrumbList\",\"@id\":\"https:\\\/\\\/radioljubuski.ba\\\/index.php\\\/2021\\\/11\\\/08\\\/idealne-za-hladnije-dane-buhtle-s-komadicima-cokolade\\\/#breadcrumb\",\"itemListElement\":[{\"@type\":\"ListItem\",\"position\":1,\"name\":\"Po\u010detna stranica\",\"item\":\"https:\\\/\\\/radioljubuski.ba\\\/\"},{\"@type\":\"ListItem\",\"position\":2,\"name\":\"Idealne za hladnije dane: Buhtle s komadi\u0107ima \u010dokolade!\"}]},{\"@type\":\"WebSite\",\"@id\":\"https:\\\/\\\/radioljubuski.ba\\\/#website\",\"url\":\"https:\\\/\\\/radioljubuski.ba\\\/\",\"name\":\"Radio Ljubu\u0161ki\",\"description\":\"Sun\u010dana frekvencija Hercegovine\",\"publisher\":{\"@id\":\"https:\\\/\\\/radioljubuski.ba\\\/#organization\"},\"potentialAction\":[{\"@type\":\"SearchAction\",\"target\":{\"@type\":\"EntryPoint\",\"urlTemplate\":\"https:\\\/\\\/radioljubuski.ba\\\/?s={search_term_string}\"},\"query-input\":{\"@type\":\"PropertyValueSpecification\",\"valueRequired\":true,\"valueName\":\"search_term_string\"}}],\"inLanguage\":\"hr\"},{\"@type\":\"Organization\",\"@id\":\"https:\\\/\\\/radioljubuski.ba\\\/#organization\",\"name\":\"Radio Ljubu\u0161ki\",\"url\":\"https:\\\/\\\/radioljubuski.ba\\\/\",\"logo\":{\"@type\":\"ImageObject\",\"inLanguage\":\"hr\",\"@id\":\"https:\\\/\\\/radioljubuski.ba\\\/#\\\/schema\\\/logo\\\/image\\\/\",\"url\":\"https:\\\/\\\/radioljubuski.ba\\\/wp-content\\\/uploads\\\/2021\\\/02\\\/cropped-Radio_Ljubuski_logo1.jpg\",\"contentUrl\":\"https:\\\/\\\/radioljubuski.ba\\\/wp-content\\\/uploads\\\/2021\\\/02\\\/cropped-Radio_Ljubuski_logo1.jpg\",\"width\":512,\"height\":512,\"caption\":\"Radio Ljubu\u0161ki\"},\"image\":{\"@id\":\"https:\\\/\\\/radioljubuski.ba\\\/#\\\/schema\\\/logo\\\/image\\\/\"},\"sameAs\":[\"https:\\\/\\\/www.facebook.com\\\/Radiio-Ljubuski-1490835324566332\",\"https:\\\/\\\/x.com\\\/radioljubuski\",\"https:\\\/\\\/hr.linkedin.com\\\/company\\\/radio-ljubuski\",\"https:\\\/\\\/www.youtube.com\\\/channel\\\/UCHYaeO_n0Db3tjNGudGpXyw\"]},{\"@type\":\"Person\",\"@id\":\"https:\\\/\\\/radioljubuski.ba\\\/#\\\/schema\\\/person\\\/19fc700381a780f69665d7956c469e3b\",\"name\":\"Radio Ljubu\u0161ki\"}]}<\/script>\n<!-- \/ Yoast SEO plugin. -->","yoast_head_json":{"title":"Idealne za hladnije dane: Buhtle s komadi\u0107ima \u010dokolade! - RADIO LJUBU\u0160KI","robots":{"index":"index","follow":"follow","max-snippet":"max-snippet:-1","max-image-preview":"max-image-preview:large","max-video-preview":"max-video-preview:-1"},"canonical":"https:\/\/radioljubuski.ba\/index.php\/2021\/11\/08\/idealne-za-hladnije-dane-buhtle-s-komadicima-cokolade\/","og_locale":"hr_HR","og_type":"article","og_title":"Idealne za hladnije dane: Buhtle s komadi\u0107ima \u010dokolade! - RADIO LJUBU\u0160KI","og_description":"Tko mo\u017ee odoljeti toplim i mirisnim pecivima s \u010dokoladom? Buhtle s komadi\u0107ima \u010dokolade idealne su za ove hladnije dane, a odli\u010dno pa\u0161u poslu\u017eene sa \u0161alicom mlijeka ili \u010daja. Sastojci Sastojci za tijesto 500 g glatkog bra\u0161na \u00bd kockice svje\u017eeg kvasca 40 g \u0161e\u0107era 2 vanilin \u0161e\u0107era prstohvat soli 1 jaje 50 g maslaca sobne temperature [&hellip;]","og_url":"https:\/\/radioljubuski.ba\/index.php\/2021\/11\/08\/idealne-za-hladnije-dane-buhtle-s-komadicima-cokolade\/","og_site_name":"RADIO LJUBU\u0160KI","article_publisher":"https:\/\/www.facebook.com\/Radiio-Ljubuski-1490835324566332","article_published_time":"2021-11-07T23:36:20+00:00","og_image":[{"width":1000,"height":595,"url":"https:\/\/radioljubuski.ba\/wp-content\/uploads\/2021\/11\/buhtle-peciva-s-cokoladom-recept-2-9451774056.jpg","type":"image\/jpeg"}],"author":"Radio Ljubu\u0161ki","twitter_card":"summary_large_image","twitter_creator":"@radioljubuski","twitter_site":"@radioljubuski","twitter_misc":{"Napisao\/la":"Radio Ljubu\u0161ki","Procijenjeno vrijeme \u010ditanja":"2 minute"},"schema":{"@context":"https:\/\/schema.org","@graph":[{"@type":"Article","@id":"https:\/\/radioljubuski.ba\/index.php\/2021\/11\/08\/idealne-za-hladnije-dane-buhtle-s-komadicima-cokolade\/#article","isPartOf":{"@id":"https:\/\/radioljubuski.ba\/index.php\/2021\/11\/08\/idealne-za-hladnije-dane-buhtle-s-komadicima-cokolade\/"},"author":{"name":"Radio Ljubu\u0161ki","@id":"https:\/\/radioljubuski.ba\/#\/schema\/person\/19fc700381a780f69665d7956c469e3b"},"headline":"Idealne za hladnije dane: Buhtle s komadi\u0107ima \u010dokolade!","datePublished":"2021-11-07T23:36:20+00:00","mainEntityOfPage":{"@id":"https:\/\/radioljubuski.ba\/index.php\/2021\/11\/08\/idealne-za-hladnije-dane-buhtle-s-komadicima-cokolade\/"},"wordCount":318,"publisher":{"@id":"https:\/\/radioljubuski.ba\/#organization"},"image":{"@id":"https:\/\/radioljubuski.ba\/index.php\/2021\/11\/08\/idealne-za-hladnije-dane-buhtle-s-komadicima-cokolade\/#primaryimage"},"thumbnailUrl":"https:\/\/radioljubuski.ba\/wp-content\/uploads\/2021\/11\/buhtle-peciva-s-cokoladom-recept-2-9451774056.jpg","articleSection":["BIH i regija"],"inLanguage":"hr"},{"@type":"WebPage","@id":"https:\/\/radioljubuski.ba\/index.php\/2021\/11\/08\/idealne-za-hladnije-dane-buhtle-s-komadicima-cokolade\/","url":"https:\/\/radioljubuski.ba\/index.php\/2021\/11\/08\/idealne-za-hladnije-dane-buhtle-s-komadicima-cokolade\/","name":"Idealne za hladnije dane: Buhtle s komadi\u0107ima \u010dokolade! - RADIO LJUBU\u0160KI","isPartOf":{"@id":"https:\/\/radioljubuski.ba\/#website"},"primaryImageOfPage":{"@id":"https:\/\/radioljubuski.ba\/index.php\/2021\/11\/08\/idealne-za-hladnije-dane-buhtle-s-komadicima-cokolade\/#primaryimage"},"image":{"@id":"https:\/\/radioljubuski.ba\/index.php\/2021\/11\/08\/idealne-za-hladnije-dane-buhtle-s-komadicima-cokolade\/#primaryimage"},"thumbnailUrl":"https:\/\/radioljubuski.ba\/wp-content\/uploads\/2021\/11\/buhtle-peciva-s-cokoladom-recept-2-9451774056.jpg","datePublished":"2021-11-07T23:36:20+00:00","breadcrumb":{"@id":"https:\/\/radioljubuski.ba\/index.php\/2021\/11\/08\/idealne-za-hladnije-dane-buhtle-s-komadicima-cokolade\/#breadcrumb"},"inLanguage":"hr","potentialAction":[{"@type":"ReadAction","target":["https:\/\/radioljubuski.ba\/index.php\/2021\/11\/08\/idealne-za-hladnije-dane-buhtle-s-komadicima-cokolade\/"]}]},{"@type":"ImageObject","inLanguage":"hr","@id":"https:\/\/radioljubuski.ba\/index.php\/2021\/11\/08\/idealne-za-hladnije-dane-buhtle-s-komadicima-cokolade\/#primaryimage","url":"https:\/\/radioljubuski.ba\/wp-content\/uploads\/2021\/11\/buhtle-peciva-s-cokoladom-recept-2-9451774056.jpg","contentUrl":"https:\/\/radioljubuski.ba\/wp-content\/uploads\/2021\/11\/buhtle-peciva-s-cokoladom-recept-2-9451774056.jpg","width":1000,"height":595},{"@type":"BreadcrumbList","@id":"https:\/\/radioljubuski.ba\/index.php\/2021\/11\/08\/idealne-za-hladnije-dane-buhtle-s-komadicima-cokolade\/#breadcrumb","itemListElement":[{"@type":"ListItem","position":1,"name":"Po\u010detna stranica","item":"https:\/\/radioljubuski.ba\/"},{"@type":"ListItem","position":2,"name":"Idealne za hladnije dane: Buhtle s komadi\u0107ima \u010dokolade!"}]},{"@type":"WebSite","@id":"https:\/\/radioljubuski.ba\/#website","url":"https:\/\/radioljubuski.ba\/","name":"Radio Ljubu\u0161ki","description":"Sun\u010dana frekvencija Hercegovine","publisher":{"@id":"https:\/\/radioljubuski.ba\/#organization"},"potentialAction":[{"@type":"SearchAction","target":{"@type":"EntryPoint","urlTemplate":"https:\/\/radioljubuski.ba\/?s={search_term_string}"},"query-input":{"@type":"PropertyValueSpecification","valueRequired":true,"valueName":"search_term_string"}}],"inLanguage":"hr"},{"@type":"Organization","@id":"https:\/\/radioljubuski.ba\/#organization","name":"Radio Ljubu\u0161ki","url":"https:\/\/radioljubuski.ba\/","logo":{"@type":"ImageObject","inLanguage":"hr","@id":"https:\/\/radioljubuski.ba\/#\/schema\/logo\/image\/","url":"https:\/\/radioljubuski.ba\/wp-content\/uploads\/2021\/02\/cropped-Radio_Ljubuski_logo1.jpg","contentUrl":"https:\/\/radioljubuski.ba\/wp-content\/uploads\/2021\/02\/cropped-Radio_Ljubuski_logo1.jpg","width":512,"height":512,"caption":"Radio Ljubu\u0161ki"},"image":{"@id":"https:\/\/radioljubuski.ba\/#\/schema\/logo\/image\/"},"sameAs":["https:\/\/www.facebook.com\/Radiio-Ljubuski-1490835324566332","https:\/\/x.com\/radioljubuski","https:\/\/hr.linkedin.com\/company\/radio-ljubuski","https:\/\/www.youtube.com\/channel\/UCHYaeO_n0Db3tjNGudGpXyw"]},{"@type":"Person","@id":"https:\/\/radioljubuski.ba\/#\/schema\/person\/19fc700381a780f69665d7956c469e3b","name":"Radio Ljubu\u0161ki"}]}},"_links":{"self":[{"href":"https:\/\/radioljubuski.ba\/index.php\/wp-json\/wp\/v2\/posts\/86447","targetHints":{"allow":["GET"]}}],"collection":[{"href":"https:\/\/radioljubuski.ba\/index.php\/wp-json\/wp\/v2\/posts"}],"about":[{"href":"https:\/\/radioljubuski.ba\/index.php\/wp-json\/wp\/v2\/types\/post"}],"author":[{"embeddable":true,"href":"https:\/\/radioljubuski.ba\/index.php\/wp-json\/wp\/v2\/users\/2"}],"replies":[{"embeddable":true,"href":"https:\/\/radioljubuski.ba\/index.php\/wp-json\/wp\/v2\/comments?post=86447"}],"version-history":[{"count":1,"href":"https:\/\/radioljubuski.ba\/index.php\/wp-json\/wp\/v2\/posts\/86447\/revisions"}],"predecessor-version":[{"id":86449,"href":"https:\/\/radioljubuski.ba\/index.php\/wp-json\/wp\/v2\/posts\/86447\/revisions\/86449"}],"wp:featuredmedia":[{"embeddable":true,"href":"https:\/\/radioljubuski.ba\/index.php\/wp-json\/wp\/v2\/media\/86448"}],"wp:attachment":[{"href":"https:\/\/radioljubuski.ba\/index.php\/wp-json\/wp\/v2\/media?parent=86447"}],"wp:term":[{"taxonomy":"category","embeddable":true,"href":"https:\/\/radioljubuski.ba\/index.php\/wp-json\/wp\/v2\/categories?post=86447"},{"taxonomy":"post_tag","embeddable":true,"href":"https:\/\/radioljubuski.ba\/index.php\/wp-json\/wp\/v2\/tags?post=86447"}],"curies":[{"name":"wp","href":"https:\/\/api.w.org\/{rel}","templated":true}]}}