{"id":86460,"date":"2021-11-08T08:01:05","date_gmt":"2021-11-08T07:01:05","guid":{"rendered":"https:\/\/radioljubuski.ba\/?p=86460"},"modified":"2021-11-08T08:01:07","modified_gmt":"2021-11-08T07:01:07","slug":"drinovacka-nevjesta-vozi-tramvaj-u-njemackoj","status":"publish","type":"post","link":"https:\/\/radioljubuski.ba\/index.php\/2021\/11\/08\/drinovacka-nevjesta-vozi-tramvaj-u-njemackoj\/","title":{"rendered":"Drinova\u010dka nevjesta vozi tramvaj u Njema\u010dkoj"},"content":{"rendered":"\n<h5 class=\"wp-block-heading\">Mnogima je i danas neobi\u010dno vidjeti \u017eenu da radi \u201dmu\u0161ke poslove\u201d. Primjerice, da vozi vilju\u0161kara ili tramvaj.<\/h5>\n\n\n\n<p>No, ne i<strong>&nbsp;Slavici Leventi\u0107<\/strong>&nbsp;(44) koja zna i jedno i drugo. Voza\u010dku za vilju\u0161kara zasad je ostavila po strani i prihvatila se tramvaja. I to u<strong>&nbsp;Stuttgartu<\/strong>.<\/p>\n\n\n\n<p>A kako je do\u0161la do toga da&nbsp;<strong><em>drinova\u010dka nevjesta<\/em><\/strong>&nbsp;vozi tramvaj ve\u0107 \u010detiri godine po ulicama Stuttgarta, ispri\u010dala je za Pogled.ba.<\/p>\n\n\n\n<p>Slavica je rodom iz jednog malog sela&nbsp;<strong>Donja Skakava<\/strong>&nbsp;(op\u0107ina Br\u010dko), odakle je u Njema\u010dku oti\u0161la jo\u0161 1992. godine. Tu je upoznala svog budu\u0107eg supruga<strong>&nbsp;Matu Leventi\u0107a<\/strong>&nbsp;iz&nbsp;<strong>Drinovaca<\/strong>&nbsp;(op\u0107ina Grude) i u Njema\u010dkoj je rodila svoje prvo dijete, sina Antu. Vratili su se u Drinovce 1997. godine, u me\u0111uvremenu dobili i k\u0107er Martinu, da bi ponovno oti\u0161li za Njema\u010dku<strong>&nbsp;2014. godine<\/strong>.<\/p>\n\n\n\n<p><em>Glavni razlog za\u0161to smo se opet vratili u Njema\u010dku bio je upravo&nbsp;<strong>sin Ante<\/strong>. \u017delio se \u0161kolovati za programera i po\u0161to kod nas tada nije bilo puno uvjeta za taj smjer, \u017eelio je probati u Njema\u010dkoj. Tako je sve krenulo.&nbsp;<strong>Uvijek su mi djeca na prvom mjestu<\/strong>&nbsp;i nije vi\u0161e igralo ulogu to \u0161to \u017eelimo mi, ve\u0107 da pru\u017eimo djeci najbolje \u0161to mo\u017eemo<\/em>, pri\u010da Slavica za Pogled.ba.<\/p>\n\n\n\n<p><strong>Dala je otkaz<\/strong>&nbsp;u Violeti gdje je radila deset godina i gdje joj je, ka\u017ee, rastanak jako te\u0161ko pao, i oti\u0161la za Stuttgart.<\/p>\n\n\n\n<p><em>Nisam uop\u0107e planirala voziti tramvaj. Kada sam tek do\u0161la,&nbsp;<strong>bilo mi je nebitno \u0161to \u0107u raditi<\/strong>, samo da se sna\u0111em i dovedem obitelj. Mu\u017e ispo\u010detka nije bio za to da se preselimo, ali na kraju je prihvatio. Sada radi kao&nbsp;<strong>profesionalni voza\u010d kamiona<\/strong>&nbsp;i prezadovoljan je poslom<\/em>.<\/p>\n\n\n\n<p>Slavica je tako prvo radila u&nbsp;<strong>cateringu<\/strong>, zatim u jednom<strong>&nbsp;hotelu<\/strong>&nbsp;gdje su joj uvjeti i pla\u0107a bili odli\u010dni. Ubrzo je prona\u0161la stan, a uz pomo\u0107 i podr\u0161ku supruga, i ostatak obitelji se doselio. Mu\u017e se zaposlio, djeca krenula u \u0161kolu\u2026E kad je sve to pro\u0161lo, Slavica si je, kako pri\u010da, postavila pitanje:&nbsp;<em>\u017delim li ja cijeli svoj \u017eivot provest u ugostiteljstvu?<\/em><\/p>\n\n\n\n<p>Naime, po\u0161to su je oduvijek zanimali strojevi, automehani\u010darski radovi i kako ka\u017ee \u201dmu\u0161ki poslovi\u201d, odlu\u010dila je&nbsp;<strong>prijaviti se za posao voza\u010dice tramvaja<\/strong>.<\/p>\n\n\n\n<p><em>Privukla me pomisao da vozim tramvaj. Druga\u010diji je od automobila, kamiona\u2026&nbsp;<strong>Nema volan, tu su tipke, \u0161ine<\/strong>\u2026. Zanimalo me kako funkcionira. Poslala sam \u017eivotopis i \u010dekala<\/em>.<\/p>\n\n\n\n<p><em>Prvi put sam dobila&nbsp;<strong>odbijenicu<\/strong>. U \u017eivotu sam imala puno uspona i padova tako da mi odbijenica nije bila prepreka da odustanem, nego me \u010dak vi\u0161e motivirala ka ostvarenju moje \u017eelje i cilja.<\/em><\/p>\n\n\n\n<p><em>Tu moju upornost je prepoznala i tvrtka za koju danas i radim jer puno ljudi odustane odmah nakon prve prepreke. Taj proces je trajao&nbsp;<strong>malo manje od dvije godine<\/strong>&nbsp;i onda sam napokon dobila pismo u kojem je, umjesto odbijenice, bio poziv za prvi krug (prijemni ispit).<\/em><img loading=\"lazy\" decoding=\"async\" src=\"https:\/\/www.jabuka.tv\/wp-content\/uploads\/2021\/11\/slavica-leventic-tramvaj-2.jpg\" alt=\"\" width=\"1000\" height=\"718\" srcset=\"https:\/\/www.jabuka.tv\/wp-content\/uploads\/2021\/11\/slavica-leventic-tramvaj-2.jpg 1000w, https:\/\/www.jabuka.tv\/wp-content\/uploads\/2021\/11\/slavica-leventic-tramvaj-2-300x215.jpg 300w, https:\/\/www.jabuka.tv\/wp-content\/uploads\/2021\/11\/slavica-leventic-tramvaj-2-768x551.jpg 768w, https:\/\/www.jabuka.tv\/wp-content\/uploads\/2021\/11\/slavica-leventic-tramvaj-2-810x582.jpg 810w\"><\/p>\n\n\n\n<p id=\"caption-attachment-507647\">Njezinu upornost prepoznala je i tvrtka te je zaposlila kao voza\u010dicu tramvaja (Foto: Pogled.ba)<\/p>\n\n\n\n<p>To je bio po\u010detak izazova koji je bio pred Slavicom.<\/p>\n\n\n\n<p><em>Radilo se o razdoblju od<strong>&nbsp;tri mjeseca obuke<\/strong>&nbsp;\u2013 teorijske i prakti\u010dne te same spremnosti da prihvati\u0161 posao i razna odricanja<\/em>.<\/p>\n\n\n\n<p>Nakon tri mjeseca obuka i uspje\u0161no zavr\u0161enih ispita, uslijedilo je&nbsp;<strong>deset dana vo\u017enje<\/strong>&nbsp;uz nadzornu osobu koja je pratila njezinu spremnost, pomagala tih prvih dana, upozoravala na detalje i sli\u010dno. To je bio i Slavi\u010dnin prvi susret s putnicima.<\/p>\n\n\n\n<p><em>Nakon tih deset dana napokon sam bila sama.&nbsp;<strong>Bila sam sretna jer sam uspjela<\/strong>, postigla sam svoj cilj. Prvih dana bilo mi je malo stresno. Dogodi se neki zastoj, a moram \u010dekati odluku kontrolora prometa koji ti radiovezom ka\u017ee \u0161to mora\u0161 u tom slu\u010daju \u010diniti. Minuta mi je bila kao godina<\/em>, smije se Slavica prisje\u0107aju\u0107i se svojih po\u010detaka u razgovoru za Pogled.ba.<\/p>\n\n\n\n<p><em>Danas sam puno&nbsp;<strong>mirnija i opu\u0161tenija<\/strong><\/em>.<\/p>\n\n\n\n<p>A neugodna iskustva?<\/p>\n\n\n\n<p><em>Pa jedan putnik me nazvao&nbsp;<strong>vje\u0161ticom<\/strong>&nbsp;jer sam mu zatvorila vrata. Jedna starija gospo\u0111a je<strong>&nbsp;vikala na mene<\/strong>, a od mlade djevojke sam dobila srednji prst. Na sve sam&nbsp;<strong>odgovorila s osmijehom<\/strong>. Na\u017ealost, ne mogu uvijek \u010dekati putnika, moram zatvoriti vrata i krenuti. Ako kasnim ja, kasne i drugi tramvaji i to je lan\u010dana reakcija. Uvijek se trudim pri\u010dekati, ali nekada je to neizvedivo<\/em>, isti\u010de Slavica.<\/p>\n\n\n\n<p>Kada se dogodi<strong>&nbsp;tu\u010dnjava ili naguravanje<\/strong>&nbsp;u tramvaju, Slavica zove policiju ili za\u0161titare. Jednostavno, to je jedino \u0161to mo\u017ee.<\/p>\n\n\n\n<p><em>To su ve\u0107inom no\u0107ne linije, i tada se zaista&nbsp;<strong>nagledam svega<\/strong>. Bude dosta pijanih, agresivnih, sijeku sjedi\u0161ta, pu\u0161e u tramvaju i sli\u010dno. No, nekih ve\u0107ih incidenata nisam imala. A da ih ima, ima. Nedavno je kod kolege u tramvaju osoba nasrnula na drugu osobu koja je sjedila nasuprot nje i pritom je te\u0161ko ozlijedila. Iz \u010dista mira<\/em>, pri\u010da Slavica.<\/p>\n\n\n\n<p>No, da ima i pozitivnih strana i da dobro radi svoj posao svjedo\u010de i&nbsp;<strong>geste putnika<\/strong>.<\/p>\n\n\n\n<p><em>Nekada mi do\u0111u i zahvale se na vo\u017enji, posebno starije osobe koje pri\u010dekam \u010desto puta jer ih vidim kako tr\u010de da uhvate tramvaj.<strong>&nbsp;Do\u0111u mi na prozor i zahvale<\/strong>. \u010cesto mi putnici ka\u017eu i da prekrasno vozim, donesu \u010dokolade, bombone, po\u017eele mi sretan put\u2026<\/em><\/p>\n\n\n\n<p>Tako\u0111er,<strong>&nbsp;pla\u0107a<\/strong>&nbsp;je, ka\u017ee,&nbsp;<strong>dobra<\/strong>, svake tri godine se po automatizmu<strong>&nbsp;pove\u0107ava<\/strong>.&nbsp;<em>Moja obitelj i ja imamo mjese\u010dnu kartu besplatno, s kojom se mo\u017eemo voziti s tramvajem i autobusom. Svaki praznik, prekovremeni\u2026 sve je dodatno pla\u0107eno.&nbsp;<strong>Bolovanje<\/strong>&nbsp;se dobije bez ikakvih problema i velikog opravdavanja, jer zdravstvena situacija zaposlenika je na prvom mjestu tvrtke<\/em>.<img loading=\"lazy\" decoding=\"async\" src=\"https:\/\/www.jabuka.tv\/wp-content\/uploads\/2021\/11\/slavica-leventic-tramvaj-3.jpg\" alt=\"\" width=\"650\" height=\"751\" srcset=\"https:\/\/www.jabuka.tv\/wp-content\/uploads\/2021\/11\/slavica-leventic-tramvaj-3.jpg 650w, https:\/\/www.jabuka.tv\/wp-content\/uploads\/2021\/11\/slavica-leventic-tramvaj-3-260x300.jpg 260w\"><\/p>\n\n\n\n<p id=\"caption-attachment-507648\">\u201dNajva\u017enije je ne zaboraviti tko si i odakle si\u201d, isti\u010de Slavica (Foto: Pogled.ba)<\/p>\n\n\n\n<p><em>Jednostavno, ima\u0161 prava kao radnik.<\/em><\/p>\n\n\n\n<p>Ipak, kao i svaki posao, pored pozitivnih ima i&nbsp;<strong>negativnih strana<\/strong>.<\/p>\n\n\n\n<p><em>Nekada se dogodi linija kada vozimo gotovo&nbsp;<strong>pet sati u komadu<\/strong>&nbsp;i kada vi\u0161e ne mo\u017ee\u0161 biti koncentriran, a mora\u0161. Ogromne su gu\u017eve po gradu. Ima dosta starih ljudi koji ne mogu brzo u\u0107i u tramvaj, ulaze pomo\u0107u invalidskih kolica, ima puno putnika poput male \u0161kolske djece i slijepih ljudi koji se voze bez pratnje\u2026<\/em><\/p>\n\n\n\n<p><em>A gu\u017eve su ponekad tolike da kada putnici nagrnu jedva zatvorimo vrata.&nbsp;<strong>Ljudi puno \u017eure<\/strong>&nbsp;na svoje termine ili posao, mnogi su zbog slu\u0161alica u u\u0161ima i mobitela u ruci preusmjereni, tako da ne obra\u0107aju pa\u017enju na situaciju oko sebe i promet, uklju\u010duju\u0107i i tramvaj. Stresno je nekada jako<\/em>, pri\u010da Slavica za Pogled.ba., koja ka\u017ee, da unato\u010d svemu, i dalje u\u017eiva u svom poslu.<\/p>\n\n\n\n<p>Ipak,&nbsp;<strong>srce je vu\u010de njenim Drinovcima<\/strong>.<\/p>\n\n\n\n<p><em>Da mogu&nbsp;<strong>tramvaj prevest u Hercegovinu<\/strong>, bila bih najsretnija<\/em>, \u0161ali se Slavica koja ka\u017ee da jedva \u010deka kada \u0107e se vratiti svojoj ku\u0107i.<\/p>\n\n\n\n<p><em>Sve je ovo dobro, no moja zemlja nije Njema\u010dka.&nbsp;<strong>Ja sam ovdje samo gost<\/strong>. Tijelom sam u Stuttgartu, a srcem i du\u0161om u Drinovcima. Tu sam stvorila svoju ku\u0107u, dom, svoju obitelj. To je za mene sveto mjesto. I zaista mi je drago kada vidim da mi i djeca jedva \u010dekaju da idu u Drinovce.&nbsp;<strong>Najva\u017enije je ne zaboraviti tko si i odakle si<\/strong>.<\/em><\/p>\n\n\n\n<p><em>Nikada nisam te\u017eila za pa\u017enjom, jer jedine osobe od koje \u017eelim pa\u017enju su moj mu\u017e i moja djeca. Nadam se samo da \u0107e ovaj \u010dlanak o<strong>tvoriti mnogim osobama o\u010di<\/strong>, pogotovo \u017eenama. U \u017eivotu ne smijemo zanemariti svoje \u017eelje i ciljeve, jer ni\u0161ta nije nemogu\u0107e. Nikad nije dosta truda i rada, a sve se jednog dana isplati<\/em>, zaklju\u010dila je Slavica.<\/p>\n\n\n\n<p><strong>Izvor: Jabuka.tv<\/strong><\/p>\n","protected":false},"excerpt":{"rendered":"<p>Mnogima je i danas neobi\u010dno vidjeti \u017eenu da radi \u201dmu\u0161ke poslove\u201d. Primjerice, da vozi vilju\u0161kara ili tramvaj. No, ne i&nbsp;Slavici Leventi\u0107&nbsp;(44) koja zna i jedno i drugo. Voza\u010dku za vilju\u0161kara zasad je ostavila po strani i prihvatila se tramvaja. I to u&nbsp;Stuttgartu. A kako je do\u0161la do toga da&nbsp;drinova\u010dka nevjesta&nbsp;vozi tramvaj ve\u0107 \u010detiri godine po [&hellip;]<\/p>\n","protected":false},"author":2,"featured_media":86461,"comment_status":"closed","ping_status":"closed","sticky":false,"template":"","format":"standard","meta":{"h5ap_radio_sources":[],"footnotes":""},"categories":[1],"tags":[],"class_list":["post-86460","post","type-post","status-publish","format-standard","has-post-thumbnail","hentry","category-bihiregija"],"yoast_head":"<!-- This site is optimized with the Yoast SEO plugin v27.5 - https:\/\/yoast.com\/product\/yoast-seo-wordpress\/ -->\n<title>Drinova\u010dka nevjesta vozi tramvaj u Njema\u010dkoj - RADIO LJUBU\u0160KI<\/title>\n<meta name=\"robots\" content=\"index, follow, max-snippet:-1, max-image-preview:large, max-video-preview:-1\" \/>\n<link rel=\"canonical\" href=\"https:\/\/radioljubuski.ba\/index.php\/2021\/11\/08\/drinovacka-nevjesta-vozi-tramvaj-u-njemackoj\/\" \/>\n<meta property=\"og:locale\" content=\"hr_HR\" \/>\n<meta property=\"og:type\" content=\"article\" \/>\n<meta property=\"og:title\" content=\"Drinova\u010dka nevjesta vozi tramvaj u Njema\u010dkoj - RADIO LJUBU\u0160KI\" \/>\n<meta property=\"og:description\" content=\"Mnogima je i danas neobi\u010dno vidjeti \u017eenu da radi \u201dmu\u0161ke poslove\u201d. Primjerice, da vozi vilju\u0161kara ili tramvaj. No, ne i&nbsp;Slavici Leventi\u0107&nbsp;(44) koja zna i jedno i drugo. Voza\u010dku za vilju\u0161kara zasad je ostavila po strani i prihvatila se tramvaja. I to u&nbsp;Stuttgartu. A kako je do\u0161la do toga da&nbsp;drinova\u010dka nevjesta&nbsp;vozi tramvaj ve\u0107 \u010detiri godine po [&hellip;]\" \/>\n<meta property=\"og:url\" content=\"https:\/\/radioljubuski.ba\/index.php\/2021\/11\/08\/drinovacka-nevjesta-vozi-tramvaj-u-njemackoj\/\" \/>\n<meta property=\"og:site_name\" content=\"RADIO LJUBU\u0160KI\" \/>\n<meta property=\"article:publisher\" content=\"https:\/\/www.facebook.com\/Radiio-Ljubuski-1490835324566332\" \/>\n<meta property=\"article:published_time\" content=\"2021-11-08T07:01:05+00:00\" \/>\n<meta property=\"article:modified_time\" content=\"2021-11-08T07:01:07+00:00\" \/>\n<meta property=\"og:image\" content=\"https:\/\/radioljubuski.ba\/wp-content\/uploads\/2021\/11\/slavica-leventic.jpg\" \/>\n\t<meta property=\"og:image:width\" content=\"1000\" \/>\n\t<meta property=\"og:image:height\" content=\"625\" \/>\n\t<meta property=\"og:image:type\" content=\"image\/jpeg\" \/>\n<meta name=\"author\" content=\"Radio Ljubu\u0161ki\" \/>\n<meta name=\"twitter:card\" content=\"summary_large_image\" \/>\n<meta name=\"twitter:creator\" content=\"@radioljubuski\" \/>\n<meta name=\"twitter:site\" content=\"@radioljubuski\" \/>\n<meta name=\"twitter:label1\" content=\"Napisao\/la\" \/>\n\t<meta name=\"twitter:data1\" content=\"Radio Ljubu\u0161ki\" \/>\n\t<meta name=\"twitter:label2\" content=\"Procijenjeno vrijeme \u010ditanja\" \/>\n\t<meta name=\"twitter:data2\" content=\"6 minuta\" \/>\n<script type=\"application\/ld+json\" class=\"yoast-schema-graph\">{\"@context\":\"https:\\\/\\\/schema.org\",\"@graph\":[{\"@type\":\"Article\",\"@id\":\"https:\\\/\\\/radioljubuski.ba\\\/index.php\\\/2021\\\/11\\\/08\\\/drinovacka-nevjesta-vozi-tramvaj-u-njemackoj\\\/#article\",\"isPartOf\":{\"@id\":\"https:\\\/\\\/radioljubuski.ba\\\/index.php\\\/2021\\\/11\\\/08\\\/drinovacka-nevjesta-vozi-tramvaj-u-njemackoj\\\/\"},\"author\":{\"name\":\"Radio Ljubu\u0161ki\",\"@id\":\"https:\\\/\\\/radioljubuski.ba\\\/#\\\/schema\\\/person\\\/19fc700381a780f69665d7956c469e3b\"},\"headline\":\"Drinova\u010dka nevjesta vozi tramvaj u Njema\u010dkoj\",\"datePublished\":\"2021-11-08T07:01:05+00:00\",\"dateModified\":\"2021-11-08T07:01:07+00:00\",\"mainEntityOfPage\":{\"@id\":\"https:\\\/\\\/radioljubuski.ba\\\/index.php\\\/2021\\\/11\\\/08\\\/drinovacka-nevjesta-vozi-tramvaj-u-njemackoj\\\/\"},\"wordCount\":1366,\"publisher\":{\"@id\":\"https:\\\/\\\/radioljubuski.ba\\\/#organization\"},\"image\":{\"@id\":\"https:\\\/\\\/radioljubuski.ba\\\/index.php\\\/2021\\\/11\\\/08\\\/drinovacka-nevjesta-vozi-tramvaj-u-njemackoj\\\/#primaryimage\"},\"thumbnailUrl\":\"https:\\\/\\\/radioljubuski.ba\\\/wp-content\\\/uploads\\\/2021\\\/11\\\/slavica-leventic.jpg\",\"articleSection\":[\"BIH i regija\"],\"inLanguage\":\"hr\"},{\"@type\":\"WebPage\",\"@id\":\"https:\\\/\\\/radioljubuski.ba\\\/index.php\\\/2021\\\/11\\\/08\\\/drinovacka-nevjesta-vozi-tramvaj-u-njemackoj\\\/\",\"url\":\"https:\\\/\\\/radioljubuski.ba\\\/index.php\\\/2021\\\/11\\\/08\\\/drinovacka-nevjesta-vozi-tramvaj-u-njemackoj\\\/\",\"name\":\"Drinova\u010dka nevjesta vozi tramvaj u Njema\u010dkoj - RADIO LJUBU\u0160KI\",\"isPartOf\":{\"@id\":\"https:\\\/\\\/radioljubuski.ba\\\/#website\"},\"primaryImageOfPage\":{\"@id\":\"https:\\\/\\\/radioljubuski.ba\\\/index.php\\\/2021\\\/11\\\/08\\\/drinovacka-nevjesta-vozi-tramvaj-u-njemackoj\\\/#primaryimage\"},\"image\":{\"@id\":\"https:\\\/\\\/radioljubuski.ba\\\/index.php\\\/2021\\\/11\\\/08\\\/drinovacka-nevjesta-vozi-tramvaj-u-njemackoj\\\/#primaryimage\"},\"thumbnailUrl\":\"https:\\\/\\\/radioljubuski.ba\\\/wp-content\\\/uploads\\\/2021\\\/11\\\/slavica-leventic.jpg\",\"datePublished\":\"2021-11-08T07:01:05+00:00\",\"dateModified\":\"2021-11-08T07:01:07+00:00\",\"breadcrumb\":{\"@id\":\"https:\\\/\\\/radioljubuski.ba\\\/index.php\\\/2021\\\/11\\\/08\\\/drinovacka-nevjesta-vozi-tramvaj-u-njemackoj\\\/#breadcrumb\"},\"inLanguage\":\"hr\",\"potentialAction\":[{\"@type\":\"ReadAction\",\"target\":[\"https:\\\/\\\/radioljubuski.ba\\\/index.php\\\/2021\\\/11\\\/08\\\/drinovacka-nevjesta-vozi-tramvaj-u-njemackoj\\\/\"]}]},{\"@type\":\"ImageObject\",\"inLanguage\":\"hr\",\"@id\":\"https:\\\/\\\/radioljubuski.ba\\\/index.php\\\/2021\\\/11\\\/08\\\/drinovacka-nevjesta-vozi-tramvaj-u-njemackoj\\\/#primaryimage\",\"url\":\"https:\\\/\\\/radioljubuski.ba\\\/wp-content\\\/uploads\\\/2021\\\/11\\\/slavica-leventic.jpg\",\"contentUrl\":\"https:\\\/\\\/radioljubuski.ba\\\/wp-content\\\/uploads\\\/2021\\\/11\\\/slavica-leventic.jpg\",\"width\":1000,\"height\":625},{\"@type\":\"BreadcrumbList\",\"@id\":\"https:\\\/\\\/radioljubuski.ba\\\/index.php\\\/2021\\\/11\\\/08\\\/drinovacka-nevjesta-vozi-tramvaj-u-njemackoj\\\/#breadcrumb\",\"itemListElement\":[{\"@type\":\"ListItem\",\"position\":1,\"name\":\"Po\u010detna stranica\",\"item\":\"https:\\\/\\\/radioljubuski.ba\\\/\"},{\"@type\":\"ListItem\",\"position\":2,\"name\":\"Drinova\u010dka nevjesta vozi tramvaj u Njema\u010dkoj\"}]},{\"@type\":\"WebSite\",\"@id\":\"https:\\\/\\\/radioljubuski.ba\\\/#website\",\"url\":\"https:\\\/\\\/radioljubuski.ba\\\/\",\"name\":\"Radio Ljubu\u0161ki\",\"description\":\"Sun\u010dana frekvencija Hercegovine\",\"publisher\":{\"@id\":\"https:\\\/\\\/radioljubuski.ba\\\/#organization\"},\"potentialAction\":[{\"@type\":\"SearchAction\",\"target\":{\"@type\":\"EntryPoint\",\"urlTemplate\":\"https:\\\/\\\/radioljubuski.ba\\\/?s={search_term_string}\"},\"query-input\":{\"@type\":\"PropertyValueSpecification\",\"valueRequired\":true,\"valueName\":\"search_term_string\"}}],\"inLanguage\":\"hr\"},{\"@type\":\"Organization\",\"@id\":\"https:\\\/\\\/radioljubuski.ba\\\/#organization\",\"name\":\"Radio Ljubu\u0161ki\",\"url\":\"https:\\\/\\\/radioljubuski.ba\\\/\",\"logo\":{\"@type\":\"ImageObject\",\"inLanguage\":\"hr\",\"@id\":\"https:\\\/\\\/radioljubuski.ba\\\/#\\\/schema\\\/logo\\\/image\\\/\",\"url\":\"https:\\\/\\\/radioljubuski.ba\\\/wp-content\\\/uploads\\\/2021\\\/02\\\/cropped-Radio_Ljubuski_logo1.jpg\",\"contentUrl\":\"https:\\\/\\\/radioljubuski.ba\\\/wp-content\\\/uploads\\\/2021\\\/02\\\/cropped-Radio_Ljubuski_logo1.jpg\",\"width\":512,\"height\":512,\"caption\":\"Radio Ljubu\u0161ki\"},\"image\":{\"@id\":\"https:\\\/\\\/radioljubuski.ba\\\/#\\\/schema\\\/logo\\\/image\\\/\"},\"sameAs\":[\"https:\\\/\\\/www.facebook.com\\\/Radiio-Ljubuski-1490835324566332\",\"https:\\\/\\\/x.com\\\/radioljubuski\",\"https:\\\/\\\/hr.linkedin.com\\\/company\\\/radio-ljubuski\",\"https:\\\/\\\/www.youtube.com\\\/channel\\\/UCHYaeO_n0Db3tjNGudGpXyw\"]},{\"@type\":\"Person\",\"@id\":\"https:\\\/\\\/radioljubuski.ba\\\/#\\\/schema\\\/person\\\/19fc700381a780f69665d7956c469e3b\",\"name\":\"Radio Ljubu\u0161ki\"}]}<\/script>\n<!-- \/ Yoast SEO plugin. -->","yoast_head_json":{"title":"Drinova\u010dka nevjesta vozi tramvaj u Njema\u010dkoj - RADIO LJUBU\u0160KI","robots":{"index":"index","follow":"follow","max-snippet":"max-snippet:-1","max-image-preview":"max-image-preview:large","max-video-preview":"max-video-preview:-1"},"canonical":"https:\/\/radioljubuski.ba\/index.php\/2021\/11\/08\/drinovacka-nevjesta-vozi-tramvaj-u-njemackoj\/","og_locale":"hr_HR","og_type":"article","og_title":"Drinova\u010dka nevjesta vozi tramvaj u Njema\u010dkoj - RADIO LJUBU\u0160KI","og_description":"Mnogima je i danas neobi\u010dno vidjeti \u017eenu da radi \u201dmu\u0161ke poslove\u201d. Primjerice, da vozi vilju\u0161kara ili tramvaj. No, ne i&nbsp;Slavici Leventi\u0107&nbsp;(44) koja zna i jedno i drugo. Voza\u010dku za vilju\u0161kara zasad je ostavila po strani i prihvatila se tramvaja. I to u&nbsp;Stuttgartu. A kako je do\u0161la do toga da&nbsp;drinova\u010dka nevjesta&nbsp;vozi tramvaj ve\u0107 \u010detiri godine po [&hellip;]","og_url":"https:\/\/radioljubuski.ba\/index.php\/2021\/11\/08\/drinovacka-nevjesta-vozi-tramvaj-u-njemackoj\/","og_site_name":"RADIO LJUBU\u0160KI","article_publisher":"https:\/\/www.facebook.com\/Radiio-Ljubuski-1490835324566332","article_published_time":"2021-11-08T07:01:05+00:00","article_modified_time":"2021-11-08T07:01:07+00:00","og_image":[{"width":1000,"height":625,"url":"https:\/\/radioljubuski.ba\/wp-content\/uploads\/2021\/11\/slavica-leventic.jpg","type":"image\/jpeg"}],"author":"Radio Ljubu\u0161ki","twitter_card":"summary_large_image","twitter_creator":"@radioljubuski","twitter_site":"@radioljubuski","twitter_misc":{"Napisao\/la":"Radio Ljubu\u0161ki","Procijenjeno vrijeme \u010ditanja":"6 minuta"},"schema":{"@context":"https:\/\/schema.org","@graph":[{"@type":"Article","@id":"https:\/\/radioljubuski.ba\/index.php\/2021\/11\/08\/drinovacka-nevjesta-vozi-tramvaj-u-njemackoj\/#article","isPartOf":{"@id":"https:\/\/radioljubuski.ba\/index.php\/2021\/11\/08\/drinovacka-nevjesta-vozi-tramvaj-u-njemackoj\/"},"author":{"name":"Radio Ljubu\u0161ki","@id":"https:\/\/radioljubuski.ba\/#\/schema\/person\/19fc700381a780f69665d7956c469e3b"},"headline":"Drinova\u010dka nevjesta vozi tramvaj u Njema\u010dkoj","datePublished":"2021-11-08T07:01:05+00:00","dateModified":"2021-11-08T07:01:07+00:00","mainEntityOfPage":{"@id":"https:\/\/radioljubuski.ba\/index.php\/2021\/11\/08\/drinovacka-nevjesta-vozi-tramvaj-u-njemackoj\/"},"wordCount":1366,"publisher":{"@id":"https:\/\/radioljubuski.ba\/#organization"},"image":{"@id":"https:\/\/radioljubuski.ba\/index.php\/2021\/11\/08\/drinovacka-nevjesta-vozi-tramvaj-u-njemackoj\/#primaryimage"},"thumbnailUrl":"https:\/\/radioljubuski.ba\/wp-content\/uploads\/2021\/11\/slavica-leventic.jpg","articleSection":["BIH i regija"],"inLanguage":"hr"},{"@type":"WebPage","@id":"https:\/\/radioljubuski.ba\/index.php\/2021\/11\/08\/drinovacka-nevjesta-vozi-tramvaj-u-njemackoj\/","url":"https:\/\/radioljubuski.ba\/index.php\/2021\/11\/08\/drinovacka-nevjesta-vozi-tramvaj-u-njemackoj\/","name":"Drinova\u010dka nevjesta vozi tramvaj u Njema\u010dkoj - RADIO LJUBU\u0160KI","isPartOf":{"@id":"https:\/\/radioljubuski.ba\/#website"},"primaryImageOfPage":{"@id":"https:\/\/radioljubuski.ba\/index.php\/2021\/11\/08\/drinovacka-nevjesta-vozi-tramvaj-u-njemackoj\/#primaryimage"},"image":{"@id":"https:\/\/radioljubuski.ba\/index.php\/2021\/11\/08\/drinovacka-nevjesta-vozi-tramvaj-u-njemackoj\/#primaryimage"},"thumbnailUrl":"https:\/\/radioljubuski.ba\/wp-content\/uploads\/2021\/11\/slavica-leventic.jpg","datePublished":"2021-11-08T07:01:05+00:00","dateModified":"2021-11-08T07:01:07+00:00","breadcrumb":{"@id":"https:\/\/radioljubuski.ba\/index.php\/2021\/11\/08\/drinovacka-nevjesta-vozi-tramvaj-u-njemackoj\/#breadcrumb"},"inLanguage":"hr","potentialAction":[{"@type":"ReadAction","target":["https:\/\/radioljubuski.ba\/index.php\/2021\/11\/08\/drinovacka-nevjesta-vozi-tramvaj-u-njemackoj\/"]}]},{"@type":"ImageObject","inLanguage":"hr","@id":"https:\/\/radioljubuski.ba\/index.php\/2021\/11\/08\/drinovacka-nevjesta-vozi-tramvaj-u-njemackoj\/#primaryimage","url":"https:\/\/radioljubuski.ba\/wp-content\/uploads\/2021\/11\/slavica-leventic.jpg","contentUrl":"https:\/\/radioljubuski.ba\/wp-content\/uploads\/2021\/11\/slavica-leventic.jpg","width":1000,"height":625},{"@type":"BreadcrumbList","@id":"https:\/\/radioljubuski.ba\/index.php\/2021\/11\/08\/drinovacka-nevjesta-vozi-tramvaj-u-njemackoj\/#breadcrumb","itemListElement":[{"@type":"ListItem","position":1,"name":"Po\u010detna stranica","item":"https:\/\/radioljubuski.ba\/"},{"@type":"ListItem","position":2,"name":"Drinova\u010dka nevjesta vozi tramvaj u Njema\u010dkoj"}]},{"@type":"WebSite","@id":"https:\/\/radioljubuski.ba\/#website","url":"https:\/\/radioljubuski.ba\/","name":"Radio Ljubu\u0161ki","description":"Sun\u010dana frekvencija Hercegovine","publisher":{"@id":"https:\/\/radioljubuski.ba\/#organization"},"potentialAction":[{"@type":"SearchAction","target":{"@type":"EntryPoint","urlTemplate":"https:\/\/radioljubuski.ba\/?s={search_term_string}"},"query-input":{"@type":"PropertyValueSpecification","valueRequired":true,"valueName":"search_term_string"}}],"inLanguage":"hr"},{"@type":"Organization","@id":"https:\/\/radioljubuski.ba\/#organization","name":"Radio Ljubu\u0161ki","url":"https:\/\/radioljubuski.ba\/","logo":{"@type":"ImageObject","inLanguage":"hr","@id":"https:\/\/radioljubuski.ba\/#\/schema\/logo\/image\/","url":"https:\/\/radioljubuski.ba\/wp-content\/uploads\/2021\/02\/cropped-Radio_Ljubuski_logo1.jpg","contentUrl":"https:\/\/radioljubuski.ba\/wp-content\/uploads\/2021\/02\/cropped-Radio_Ljubuski_logo1.jpg","width":512,"height":512,"caption":"Radio Ljubu\u0161ki"},"image":{"@id":"https:\/\/radioljubuski.ba\/#\/schema\/logo\/image\/"},"sameAs":["https:\/\/www.facebook.com\/Radiio-Ljubuski-1490835324566332","https:\/\/x.com\/radioljubuski","https:\/\/hr.linkedin.com\/company\/radio-ljubuski","https:\/\/www.youtube.com\/channel\/UCHYaeO_n0Db3tjNGudGpXyw"]},{"@type":"Person","@id":"https:\/\/radioljubuski.ba\/#\/schema\/person\/19fc700381a780f69665d7956c469e3b","name":"Radio Ljubu\u0161ki"}]}},"_links":{"self":[{"href":"https:\/\/radioljubuski.ba\/index.php\/wp-json\/wp\/v2\/posts\/86460","targetHints":{"allow":["GET"]}}],"collection":[{"href":"https:\/\/radioljubuski.ba\/index.php\/wp-json\/wp\/v2\/posts"}],"about":[{"href":"https:\/\/radioljubuski.ba\/index.php\/wp-json\/wp\/v2\/types\/post"}],"author":[{"embeddable":true,"href":"https:\/\/radioljubuski.ba\/index.php\/wp-json\/wp\/v2\/users\/2"}],"replies":[{"embeddable":true,"href":"https:\/\/radioljubuski.ba\/index.php\/wp-json\/wp\/v2\/comments?post=86460"}],"version-history":[{"count":1,"href":"https:\/\/radioljubuski.ba\/index.php\/wp-json\/wp\/v2\/posts\/86460\/revisions"}],"predecessor-version":[{"id":86462,"href":"https:\/\/radioljubuski.ba\/index.php\/wp-json\/wp\/v2\/posts\/86460\/revisions\/86462"}],"wp:featuredmedia":[{"embeddable":true,"href":"https:\/\/radioljubuski.ba\/index.php\/wp-json\/wp\/v2\/media\/86461"}],"wp:attachment":[{"href":"https:\/\/radioljubuski.ba\/index.php\/wp-json\/wp\/v2\/media?parent=86460"}],"wp:term":[{"taxonomy":"category","embeddable":true,"href":"https:\/\/radioljubuski.ba\/index.php\/wp-json\/wp\/v2\/categories?post=86460"},{"taxonomy":"post_tag","embeddable":true,"href":"https:\/\/radioljubuski.ba\/index.php\/wp-json\/wp\/v2\/tags?post=86460"}],"curies":[{"name":"wp","href":"https:\/\/api.w.org\/{rel}","templated":true}]}}